{"id":2150,"date":"2012-10-10T14:23:23","date_gmt":"2012-10-10T14:23:23","guid":{"rendered":"https:\/\/www.retaildetail.be\/food\/ouverture-de-la-quatrieme-boutique-belge-nespresso-a-gand\/"},"modified":"2012-10-10T14:23:23","modified_gmt":"2012-10-10T14:23:23","slug":"ouverture-de-la-quatrieme-boutique-belge-nespresso-a-gand","status":"publish","type":"post","link":"https:\/\/www.retaildetail.be\/fr\/news\/food\/ouverture-de-la-quatrieme-boutique-belge-nespresso-a-gand\/","title":{"rendered":"Ouverture de la quatri\u00e8me boutique belge Nespresso \u00e0 Gand"},"content":{"rendered":"<h2>Au c\u0153ur\u00a0 de la ville<\/h2>\n<p>L\u2019\u00e9l\u00e9gante boutique de 150 m\u00b2 se trouve pr\u00e8s de la Veldstraat, la rue commer\u00e7ante gantoise par excellence. Un choix d\u00e9lib\u00e9r\u00e9, selon le directeur g\u00e9n\u00e9ral\u00a0 Alexander Schoenegger : \u00ab Les fans pourront ainsi combiner parfaitement une journ\u00e9e de shopping avec une visite \u00e0 la Boutique. \u00bb<\/p>\n<p>Les amateurs de caf\u00e9 y trouveront une gamme de seize ar\u00f4mes diff\u00e9rents, accompagn\u00e9s \u00e0 chaque fois d\u2019un explicatif et d\u2019un score sur l\u2019\u00e9chelle d\u2019intensit\u00e9. Chaque ar\u00f4me est associ\u00e9 \u00e0 un chocolat qui se marie parfaitement au caf\u00e9 en question, \u00ab accoupl\u00e9s par un sommelier \u00bb, accentuant ainsi le c\u00f4t\u00e9 haut de gamme de la marque.<\/p>\n<h2>\n<br \/>Point de vente, d\u2019enl\u00e8vement et de collecte<\/h2>\n<p>La boutique propose bien entendu les capsules de caf\u00e9, mais \u00e9galement des accessoires, notamment des tasses et des petites cuillers, et m\u00eame les machines \u00e0 caf\u00e9 Nespresso. Pour les acheteurs trop z\u00e9l\u00e9s \u2013 le magasin est difficilement accessible en voiture \u2013 les colis peuvent \u00eatre livr\u00e9s \u00e0 domicile.<\/p>\n<p>La Boutique est avant tout un point de vente, mais fait \u00e9galement office de point d\u2019enl\u00e8vement pour les commandes effectu\u00e9es online ou par t\u00e9l\u00e9phone et \u00e9galement comme point de collecte de capsules usag\u00e9es, qui sont ensuite envoy\u00e9es dans un centre de recyclage aux Pays-Bas.<\/p>\n<h2>\n<br \/>A consommer chez soi<\/h2>\n<p>M\u00eame si la boutique dispose d\u2019un comptoir de d\u00e9gustation, la surface disponible n\u2019a pas permis d\u2019y installer un coin salon o\u00f9 siroter tranquillement sa tasse de caf\u00e9.\u00a0 \u00ab Le magasin est trop petit pour cela. Nous sommes si exigeants au niveau du lieu d\u2019implantation, qu\u2019il serait impossible de trouver en plus de grands espaces. \u00bb, nous explique-t-on.<\/p>\n<p>Nespresso a bel et bien le vent en poupe. Cette ann\u00e9e l\u2019enseigne a ouvert\u00a0 quatre\u00a0 boutiques\u00a0 en Belgique : <a target=\"_blank\" href=\"nl\/f-belgique\/bgq-alimentation\/item\/13876-nouvelle-boutique-nespresso-%C3%A0-anvers-avec-visite-virtuelle-en-prime\" rel=\"noopener\">Anvers (f\u00e9vrier)<\/a>, Li\u00e8ge (avril), Bruxelles (mai) et \u00e0 pr\u00e9sent Gand. Pour l\u2019instant la marque ne pr\u00e9voit pas d\u2019autres ouvertures en Belgique. Par contre aux Pays-Bas une septi\u00e8me boutique ouvrira ses portes avant les f\u00eates de fin d\u2019ann\u00e9e, \u00e0 Amstelveen. Ainsi la cha\u00eene se rapproche de plus en plus du cap des 300 magasins au niveau mondial.<\/p>\n<p>\u00a0<\/p>\n<p>\u00a0<\/p>\n<p><em>Traduction : Marie-No\u00eblle Masure<\/em><\/p>\n","protected":false},"excerpt":{"rendered":"<p>Au c\u0153ur\u00a0 de la ville L\u2019\u00e9l\u00e9gante boutique de 150 m\u00b2 se trouve pr\u00e8s de la Veldstraat, la rue commer\u00e7ante gantoise par excellence. Un choix d\u00e9lib\u00e9r\u00e9, selon le directeur g\u00e9n\u00e9ral\u00a0 Alexander Schoenegger : \u00ab Les fans pourront ainsi combiner parfaitement une journ\u00e9e de shopping avec une visite \u00e0 la Boutique. \u00bb Les amateurs de caf\u00e9 y [&hellip;]<\/p>\n","protected":false},"author":1,"featured_media":84,"comment_status":"closed","ping_status":"closed","sticky":false,"template":"","format":"standard","meta":{"_acf_changed":false,"inline_featured_image":false,"_jetpack_memberships_contains_paid_content":false,"footnotes":""},"categories":[24],"tags":[],"people":[],"extra":[],"company":[],"topic":[],"region":[],"class_list":["post-2150","post","type-post","status-publish","format-standard","has-post-thumbnail","hentry","category-food"],"acf":[],"yoast_head":"<!-- This site is optimized with the Yoast SEO plugin v27.3 - https:\/\/yoast.com\/product\/yoast-seo-wordpress\/ -->\n<title>Ouverture de la quatri\u00e8me boutique belge Nespresso \u00e0 Gand - RetailDetail BE<\/title>\n<meta name=\"robots\" content=\"index, follow, max-snippet:-1, max-image-preview:large, max-video-preview:-1\" \/>\n<link rel=\"canonical\" href=\"https:\/\/www.retaildetail.be\/fr\/news\/food\/ouverture-de-la-quatrieme-boutique-belge-nespresso-a-gand\/\" \/>\n<meta property=\"og:locale\" content=\"fr_FR\" \/>\n<meta property=\"og:type\" content=\"article\" \/>\n<meta property=\"og:title\" content=\"Ouverture de la quatri\u00e8me boutique belge Nespresso \u00e0 Gand - RetailDetail BE\" \/>\n<meta property=\"og:description\" content=\"Au c\u0153ur\u00a0 de la ville L\u2019\u00e9l\u00e9gante boutique de 150 m\u00b2 se trouve pr\u00e8s de la Veldstraat, la rue commer\u00e7ante gantoise par excellence. Un choix d\u00e9lib\u00e9r\u00e9, selon le directeur g\u00e9n\u00e9ral\u00a0 Alexander Schoenegger : \u00ab Les fans pourront ainsi combiner parfaitement une journ\u00e9e de shopping avec une visite \u00e0 la Boutique. \u00bb Les amateurs de caf\u00e9 y [&hellip;]\" \/>\n<meta property=\"og:url\" content=\"https:\/\/www.retaildetail.be\/fr\/news\/food\/ouverture-de-la-quatrieme-boutique-belge-nespresso-a-gand\/\" \/>\n<meta property=\"og:site_name\" content=\"RetailDetail BE\" \/>\n<meta property=\"article:published_time\" content=\"2012-10-10T14:23:23+00:00\" \/>\n<meta property=\"og:image\" content=\"https:\/\/i0.wp.com\/www.retaildetail.be\/wp-content\/uploads\/2022\/04\/logo.png?fit=281%2C147&quality=100&strip=all&ssl=1\" \/>\n\t<meta property=\"og:image:width\" content=\"281\" \/>\n\t<meta property=\"og:image:height\" content=\"147\" \/>\n\t<meta property=\"og:image:type\" content=\"image\/png\" \/>\n<meta name=\"author\" content=\"dev@grandiz.com\" \/>\n<meta name=\"twitter:card\" content=\"summary_large_image\" \/>\n<meta name=\"twitter:label1\" content=\"\u00c9crit par\" \/>\n\t<meta name=\"twitter:data1\" content=\"dev@grandiz.com\" \/>\n\t<meta name=\"twitter:label2\" content=\"Dur\u00e9e de lecture estim\u00e9e\" \/>\n\t<meta name=\"twitter:data2\" content=\"2 minutes\" \/>\n<script type=\"application\/ld+json\" class=\"yoast-schema-graph\">{\"@context\":\"https:\\\/\\\/schema.org\",\"@graph\":[{\"@type\":\"NewsArticle\",\"@id\":\"https:\\\/\\\/www.retaildetail.be\\\/fr\\\/news\\\/food\\\/ouverture-de-la-quatrieme-boutique-belge-nespresso-a-gand\\\/#article\",\"isPartOf\":{\"@id\":\"https:\\\/\\\/www.retaildetail.be\\\/fr\\\/news\\\/food\\\/ouverture-de-la-quatrieme-boutique-belge-nespresso-a-gand\\\/\"},\"author\":{\"name\":\"dev@grandiz.com\",\"@id\":\"https:\\\/\\\/www.retaildetail.be\\\/nl\\\/#\\\/schema\\\/person\\\/ba2d383452a753a3a1ce8cdb349b5fc9\"},\"headline\":\"Ouverture de la quatri\u00e8me boutique belge Nespresso \u00e0 Gand\",\"datePublished\":\"2012-10-10T14:23:23+00:00\",\"mainEntityOfPage\":{\"@id\":\"https:\\\/\\\/www.retaildetail.be\\\/fr\\\/news\\\/food\\\/ouverture-de-la-quatrieme-boutique-belge-nespresso-a-gand\\\/\"},\"wordCount\":387,\"publisher\":{\"@id\":\"https:\\\/\\\/www.retaildetail.be\\\/nl\\\/#organization\"},\"image\":{\"@id\":\"https:\\\/\\\/www.retaildetail.be\\\/fr\\\/news\\\/food\\\/ouverture-de-la-quatrieme-boutique-belge-nespresso-a-gand\\\/#primaryimage\"},\"thumbnailUrl\":\"https:\\\/\\\/www.retaildetail.be\\\/wp-content\\\/uploads\\\/2022\\\/04\\\/logo.png\",\"articleSection\":[\"Food\"],\"inLanguage\":\"fr-FR\",\"copyrightYear\":\"2012\",\"copyrightHolder\":{\"@id\":\"https:\\\/\\\/www.retaildetail.be\\\/#organization\"}},{\"@type\":\"WebPage\",\"@id\":\"https:\\\/\\\/www.retaildetail.be\\\/fr\\\/news\\\/food\\\/ouverture-de-la-quatrieme-boutique-belge-nespresso-a-gand\\\/\",\"url\":\"https:\\\/\\\/www.retaildetail.be\\\/fr\\\/news\\\/food\\\/ouverture-de-la-quatrieme-boutique-belge-nespresso-a-gand\\\/\",\"name\":\"Ouverture de la quatri\u00e8me boutique belge Nespresso \u00e0 Gand - RetailDetail BE\",\"isPartOf\":{\"@id\":\"https:\\\/\\\/www.retaildetail.be\\\/nl\\\/#website\"},\"primaryImageOfPage\":{\"@id\":\"https:\\\/\\\/www.retaildetail.be\\\/fr\\\/news\\\/food\\\/ouverture-de-la-quatrieme-boutique-belge-nespresso-a-gand\\\/#primaryimage\"},\"image\":{\"@id\":\"https:\\\/\\\/www.retaildetail.be\\\/fr\\\/news\\\/food\\\/ouverture-de-la-quatrieme-boutique-belge-nespresso-a-gand\\\/#primaryimage\"},\"thumbnailUrl\":\"https:\\\/\\\/www.retaildetail.be\\\/wp-content\\\/uploads\\\/2022\\\/04\\\/logo.png\",\"datePublished\":\"2012-10-10T14:23:23+00:00\",\"breadcrumb\":{\"@id\":\"https:\\\/\\\/www.retaildetail.be\\\/fr\\\/news\\\/food\\\/ouverture-de-la-quatrieme-boutique-belge-nespresso-a-gand\\\/#breadcrumb\"},\"inLanguage\":\"fr-FR\",\"potentialAction\":[{\"@type\":\"ReadAction\",\"target\":[\"https:\\\/\\\/www.retaildetail.be\\\/fr\\\/news\\\/food\\\/ouverture-de-la-quatrieme-boutique-belge-nespresso-a-gand\\\/\"]}]},{\"@type\":\"ImageObject\",\"inLanguage\":\"fr-FR\",\"@id\":\"https:\\\/\\\/www.retaildetail.be\\\/fr\\\/news\\\/food\\\/ouverture-de-la-quatrieme-boutique-belge-nespresso-a-gand\\\/#primaryimage\",\"url\":\"https:\\\/\\\/www.retaildetail.be\\\/wp-content\\\/uploads\\\/2022\\\/04\\\/logo.png\",\"contentUrl\":\"https:\\\/\\\/www.retaildetail.be\\\/wp-content\\\/uploads\\\/2022\\\/04\\\/logo.png\",\"width\":281,\"height\":147},{\"@type\":\"BreadcrumbList\",\"@id\":\"https:\\\/\\\/www.retaildetail.be\\\/fr\\\/news\\\/food\\\/ouverture-de-la-quatrieme-boutique-belge-nespresso-a-gand\\\/#breadcrumb\",\"itemListElement\":[{\"@type\":\"ListItem\",\"position\":1,\"name\":\"Home\",\"item\":\"https:\\\/\\\/www.retaildetail.be\\\/fr\\\/\"},{\"@type\":\"ListItem\",\"position\":2,\"name\":\"Ouverture de la quatri\u00e8me boutique belge Nespresso \u00e0 Gand\"}]},{\"@type\":\"WebSite\",\"@id\":\"https:\\\/\\\/www.retaildetail.be\\\/nl\\\/#website\",\"url\":\"https:\\\/\\\/www.retaildetail.be\\\/nl\\\/\",\"name\":\"RetailDetail BE\",\"description\":\"News\",\"publisher\":{\"@id\":\"https:\\\/\\\/www.retaildetail.be\\\/nl\\\/#organization\"},\"potentialAction\":[{\"@type\":\"SearchAction\",\"target\":{\"@type\":\"EntryPoint\",\"urlTemplate\":\"https:\\\/\\\/www.retaildetail.be\\\/nl\\\/?s={search_term_string}\"},\"query-input\":{\"@type\":\"PropertyValueSpecification\",\"valueRequired\":true,\"valueName\":\"search_term_string\"}}],\"inLanguage\":\"fr-FR\"},{\"@type\":\"Organization\",\"@id\":\"https:\\\/\\\/www.retaildetail.be\\\/nl\\\/#organization\",\"name\":\"RetailDetail BE\",\"url\":\"https:\\\/\\\/www.retaildetail.be\\\/nl\\\/\",\"logo\":{\"@type\":\"ImageObject\",\"inLanguage\":\"fr-FR\",\"@id\":\"https:\\\/\\\/www.retaildetail.be\\\/nl\\\/#\\\/schema\\\/logo\\\/image\\\/\",\"url\":\"https:\\\/\\\/www.retaildetail.be\\\/wp-content\\\/uploads\\\/2022\\\/04\\\/logo.svg\",\"contentUrl\":\"https:\\\/\\\/www.retaildetail.be\\\/wp-content\\\/uploads\\\/2022\\\/04\\\/logo.svg\",\"width\":131,\"height\":70,\"caption\":\"RetailDetail BE\"},\"image\":{\"@id\":\"https:\\\/\\\/www.retaildetail.be\\\/nl\\\/#\\\/schema\\\/logo\\\/image\\\/\"}},{\"@type\":\"Person\",\"@id\":\"https:\\\/\\\/www.retaildetail.be\\\/nl\\\/#\\\/schema\\\/person\\\/ba2d383452a753a3a1ce8cdb349b5fc9\",\"name\":\"dev@grandiz.com\",\"image\":{\"@type\":\"ImageObject\",\"inLanguage\":\"fr-FR\",\"@id\":\"https:\\\/\\\/secure.gravatar.com\\\/avatar\\\/5f53ce9fb6eed4a60e5aaaa712be8773880fa9459d9cac9bc4aa4fdbce3f447f?s=96&d=mm&r=g\",\"url\":\"https:\\\/\\\/secure.gravatar.com\\\/avatar\\\/5f53ce9fb6eed4a60e5aaaa712be8773880fa9459d9cac9bc4aa4fdbce3f447f?s=96&d=mm&r=g\",\"contentUrl\":\"https:\\\/\\\/secure.gravatar.com\\\/avatar\\\/5f53ce9fb6eed4a60e5aaaa712be8773880fa9459d9cac9bc4aa4fdbce3f447f?s=96&d=mm&r=g\",\"caption\":\"dev@grandiz.com\"},\"sameAs\":[\"http:\\\/\\\/preprod.retaildetail.be\"],\"url\":\"https:\\\/\\\/www.retaildetail.be\\\/fr\\\/author\\\/devgrandiz-com\\\/\"}]}<\/script>\n<!-- \/ Yoast SEO plugin. -->","yoast_head_json":{"title":"Ouverture de la quatri\u00e8me boutique belge Nespresso \u00e0 Gand - RetailDetail BE","robots":{"index":"index","follow":"follow","max-snippet":"max-snippet:-1","max-image-preview":"max-image-preview:large","max-video-preview":"max-video-preview:-1"},"canonical":"https:\/\/www.retaildetail.be\/fr\/news\/food\/ouverture-de-la-quatrieme-boutique-belge-nespresso-a-gand\/","og_locale":"fr_FR","og_type":"article","og_title":"Ouverture de la quatri\u00e8me boutique belge Nespresso \u00e0 Gand - RetailDetail BE","og_description":"Au c\u0153ur\u00a0 de la ville L\u2019\u00e9l\u00e9gante boutique de 150 m\u00b2 se trouve pr\u00e8s de la Veldstraat, la rue commer\u00e7ante gantoise par excellence. Un choix d\u00e9lib\u00e9r\u00e9, selon le directeur g\u00e9n\u00e9ral\u00a0 Alexander Schoenegger : \u00ab Les fans pourront ainsi combiner parfaitement une journ\u00e9e de shopping avec une visite \u00e0 la Boutique. \u00bb Les amateurs de caf\u00e9 y [&hellip;]","og_url":"https:\/\/www.retaildetail.be\/fr\/news\/food\/ouverture-de-la-quatrieme-boutique-belge-nespresso-a-gand\/","og_site_name":"RetailDetail BE","article_published_time":"2012-10-10T14:23:23+00:00","og_image":[{"width":281,"height":147,"url":"https:\/\/i0.wp.com\/www.retaildetail.be\/wp-content\/uploads\/2022\/04\/logo.png?fit=281%2C147&quality=100&strip=all&ssl=1","type":"image\/png"}],"author":"dev@grandiz.com","twitter_card":"summary_large_image","twitter_misc":{"\u00c9crit par":"dev@grandiz.com","Dur\u00e9e de lecture estim\u00e9e":"2 minutes"},"schema":{"@context":"https:\/\/schema.org","@graph":[{"@type":"NewsArticle","@id":"https:\/\/www.retaildetail.be\/fr\/news\/food\/ouverture-de-la-quatrieme-boutique-belge-nespresso-a-gand\/#article","isPartOf":{"@id":"https:\/\/www.retaildetail.be\/fr\/news\/food\/ouverture-de-la-quatrieme-boutique-belge-nespresso-a-gand\/"},"author":{"name":"dev@grandiz.com","@id":"https:\/\/www.retaildetail.be\/nl\/#\/schema\/person\/ba2d383452a753a3a1ce8cdb349b5fc9"},"headline":"Ouverture de la quatri\u00e8me boutique belge Nespresso \u00e0 Gand","datePublished":"2012-10-10T14:23:23+00:00","mainEntityOfPage":{"@id":"https:\/\/www.retaildetail.be\/fr\/news\/food\/ouverture-de-la-quatrieme-boutique-belge-nespresso-a-gand\/"},"wordCount":387,"publisher":{"@id":"https:\/\/www.retaildetail.be\/nl\/#organization"},"image":{"@id":"https:\/\/www.retaildetail.be\/fr\/news\/food\/ouverture-de-la-quatrieme-boutique-belge-nespresso-a-gand\/#primaryimage"},"thumbnailUrl":"https:\/\/www.retaildetail.be\/wp-content\/uploads\/2022\/04\/logo.png","articleSection":["Food"],"inLanguage":"fr-FR","copyrightYear":"2012","copyrightHolder":{"@id":"https:\/\/www.retaildetail.be\/#organization"}},{"@type":"WebPage","@id":"https:\/\/www.retaildetail.be\/fr\/news\/food\/ouverture-de-la-quatrieme-boutique-belge-nespresso-a-gand\/","url":"https:\/\/www.retaildetail.be\/fr\/news\/food\/ouverture-de-la-quatrieme-boutique-belge-nespresso-a-gand\/","name":"Ouverture de la quatri\u00e8me boutique belge Nespresso \u00e0 Gand - RetailDetail BE","isPartOf":{"@id":"https:\/\/www.retaildetail.be\/nl\/#website"},"primaryImageOfPage":{"@id":"https:\/\/www.retaildetail.be\/fr\/news\/food\/ouverture-de-la-quatrieme-boutique-belge-nespresso-a-gand\/#primaryimage"},"image":{"@id":"https:\/\/www.retaildetail.be\/fr\/news\/food\/ouverture-de-la-quatrieme-boutique-belge-nespresso-a-gand\/#primaryimage"},"thumbnailUrl":"https:\/\/www.retaildetail.be\/wp-content\/uploads\/2022\/04\/logo.png","datePublished":"2012-10-10T14:23:23+00:00","breadcrumb":{"@id":"https:\/\/www.retaildetail.be\/fr\/news\/food\/ouverture-de-la-quatrieme-boutique-belge-nespresso-a-gand\/#breadcrumb"},"inLanguage":"fr-FR","potentialAction":[{"@type":"ReadAction","target":["https:\/\/www.retaildetail.be\/fr\/news\/food\/ouverture-de-la-quatrieme-boutique-belge-nespresso-a-gand\/"]}]},{"@type":"ImageObject","inLanguage":"fr-FR","@id":"https:\/\/www.retaildetail.be\/fr\/news\/food\/ouverture-de-la-quatrieme-boutique-belge-nespresso-a-gand\/#primaryimage","url":"https:\/\/www.retaildetail.be\/wp-content\/uploads\/2022\/04\/logo.png","contentUrl":"https:\/\/www.retaildetail.be\/wp-content\/uploads\/2022\/04\/logo.png","width":281,"height":147},{"@type":"BreadcrumbList","@id":"https:\/\/www.retaildetail.be\/fr\/news\/food\/ouverture-de-la-quatrieme-boutique-belge-nespresso-a-gand\/#breadcrumb","itemListElement":[{"@type":"ListItem","position":1,"name":"Home","item":"https:\/\/www.retaildetail.be\/fr\/"},{"@type":"ListItem","position":2,"name":"Ouverture de la quatri\u00e8me boutique belge Nespresso \u00e0 Gand"}]},{"@type":"WebSite","@id":"https:\/\/www.retaildetail.be\/nl\/#website","url":"https:\/\/www.retaildetail.be\/nl\/","name":"RetailDetail BE","description":"News","publisher":{"@id":"https:\/\/www.retaildetail.be\/nl\/#organization"},"potentialAction":[{"@type":"SearchAction","target":{"@type":"EntryPoint","urlTemplate":"https:\/\/www.retaildetail.be\/nl\/?s={search_term_string}"},"query-input":{"@type":"PropertyValueSpecification","valueRequired":true,"valueName":"search_term_string"}}],"inLanguage":"fr-FR"},{"@type":"Organization","@id":"https:\/\/www.retaildetail.be\/nl\/#organization","name":"RetailDetail BE","url":"https:\/\/www.retaildetail.be\/nl\/","logo":{"@type":"ImageObject","inLanguage":"fr-FR","@id":"https:\/\/www.retaildetail.be\/nl\/#\/schema\/logo\/image\/","url":"https:\/\/www.retaildetail.be\/wp-content\/uploads\/2022\/04\/logo.svg","contentUrl":"https:\/\/www.retaildetail.be\/wp-content\/uploads\/2022\/04\/logo.svg","width":131,"height":70,"caption":"RetailDetail BE"},"image":{"@id":"https:\/\/www.retaildetail.be\/nl\/#\/schema\/logo\/image\/"}},{"@type":"Person","@id":"https:\/\/www.retaildetail.be\/nl\/#\/schema\/person\/ba2d383452a753a3a1ce8cdb349b5fc9","name":"dev@grandiz.com","image":{"@type":"ImageObject","inLanguage":"fr-FR","@id":"https:\/\/secure.gravatar.com\/avatar\/5f53ce9fb6eed4a60e5aaaa712be8773880fa9459d9cac9bc4aa4fdbce3f447f?s=96&d=mm&r=g","url":"https:\/\/secure.gravatar.com\/avatar\/5f53ce9fb6eed4a60e5aaaa712be8773880fa9459d9cac9bc4aa4fdbce3f447f?s=96&d=mm&r=g","contentUrl":"https:\/\/secure.gravatar.com\/avatar\/5f53ce9fb6eed4a60e5aaaa712be8773880fa9459d9cac9bc4aa4fdbce3f447f?s=96&d=mm&r=g","caption":"dev@grandiz.com"},"sameAs":["http:\/\/preprod.retaildetail.be"],"url":"https:\/\/www.retaildetail.be\/fr\/author\/devgrandiz-com\/"}]}},"jetpack_featured_media_url":"https:\/\/www.retaildetail.be\/wp-content\/uploads\/2022\/04\/logo.png","jetpack_sharing_enabled":true,"_links":{"self":[{"href":"https:\/\/www.retaildetail.be\/fr\/wp-json\/wp\/v2\/posts\/2150","targetHints":{"allow":["GET"]}}],"collection":[{"href":"https:\/\/www.retaildetail.be\/fr\/wp-json\/wp\/v2\/posts"}],"about":[{"href":"https:\/\/www.retaildetail.be\/fr\/wp-json\/wp\/v2\/types\/post"}],"author":[{"embeddable":true,"href":"https:\/\/www.retaildetail.be\/fr\/wp-json\/wp\/v2\/users\/1"}],"replies":[{"embeddable":true,"href":"https:\/\/www.retaildetail.be\/fr\/wp-json\/wp\/v2\/comments?post=2150"}],"version-history":[{"count":0,"href":"https:\/\/www.retaildetail.be\/fr\/wp-json\/wp\/v2\/posts\/2150\/revisions"}],"wp:featuredmedia":[{"embeddable":true,"href":"https:\/\/www.retaildetail.be\/fr\/wp-json\/wp\/v2\/media\/84"}],"wp:attachment":[{"href":"https:\/\/www.retaildetail.be\/fr\/wp-json\/wp\/v2\/media?parent=2150"}],"wp:term":[{"taxonomy":"category","embeddable":true,"href":"https:\/\/www.retaildetail.be\/fr\/wp-json\/wp\/v2\/categories?post=2150"},{"taxonomy":"post_tag","embeddable":true,"href":"https:\/\/www.retaildetail.be\/fr\/wp-json\/wp\/v2\/tags?post=2150"},{"taxonomy":"people","embeddable":true,"href":"https:\/\/www.retaildetail.be\/fr\/wp-json\/wp\/v2\/people?post=2150"},{"taxonomy":"extra","embeddable":true,"href":"https:\/\/www.retaildetail.be\/fr\/wp-json\/wp\/v2\/extra?post=2150"},{"taxonomy":"company","embeddable":true,"href":"https:\/\/www.retaildetail.be\/fr\/wp-json\/wp\/v2\/company?post=2150"},{"taxonomy":"topic","embeddable":true,"href":"https:\/\/www.retaildetail.be\/fr\/wp-json\/wp\/v2\/topic?post=2150"},{"taxonomy":"region","embeddable":true,"href":"https:\/\/www.retaildetail.be\/fr\/wp-json\/wp\/v2\/region?post=2150"}],"curies":[{"name":"wp","href":"https:\/\/api.w.org\/{rel}","templated":true}]}}