{"id":2182,"date":"2012-10-18T11:17:54","date_gmt":"2012-10-18T11:17:54","guid":{"rendered":"https:\/\/www.retaildetail.be\/food\/le-brabant-flamand-promeut-la-vente-en-direct-des-produits-regionaux\/"},"modified":"2012-10-18T11:17:54","modified_gmt":"2012-10-18T11:17:54","slug":"le-brabant-flamand-promeut-la-vente-en-direct-des-produits-regionaux","status":"publish","type":"post","link":"https:\/\/www.retaildetail.be\/fr\/news\/food\/le-brabant-flamand-promeut-la-vente-en-direct-des-produits-regionaux\/","title":{"rendered":"Le Brabant flamand promeut la vente en direct des produits r\u00e9gionaux"},"content":{"rendered":"<h2>La demande existe, \u2026<\/h2>\n<p>Une enqu\u00eate \u00e0 grande \u00e9chelle men\u00e9e aupr\u00e8s des habitants du Hageland en 2010\u00a0 a d\u00e9montr\u00e9 que <strong>seuls 17% des personnes interrog\u00e9es n\u2019ach\u00e8tent\u00a0 jamais de produits fermiers et r\u00e9gionaux,<\/strong> plus de 80% en ach\u00e8tent r\u00e9guli\u00e8rement et 12% m\u00eame une \u00e0 plusieurs fois par semaine.<\/p>\n<p>A noter que 64% d\u2019entre eux pr\u00e9f\u00e8rent acheter leurs produits r\u00e9gionaux en direct chez l\u2019agriculteur ou l\u2019horticulteur. Plus de 90% ach\u00e8tent ces produits locaux en raison de leur qualit\u00e9 et de leur go\u00fbt.<\/p>\n<h2>\n<br \/>&#8230; mais l\u2019offre ne suit pas (encore)<\/h2>\n<p>Malgr\u00e9 tout la province du Brabant flamand estime que <strong>la vente en direct dans les entreprises agricoles et horticoles du Hageland est encore trop restreinte.<\/strong> Pourtant\u00a0 ceci offrirait aux agriculteurs et aux horticulteurs de r\u00e9elles opportunit\u00e9s de diversifier leurs sources de revenus et de promouvoir la r\u00e9gion dans la m\u00eame foul\u00e9e. C\u2019est pourquoi la province lance la brochure \u00ab De verkoop van Hagelandse hoeveproducten \u00bb (Vente des produits fermiers du Hageland) pour inciter les producteurs \u00e0 faire le pas.<\/p>\n<p>Cette initiative s\u2019int\u00e8gre dans le projet \u00ab Regional Branding Hageland \u00bb, qui vise \u00e0 promouvoir la r\u00e9gion.\u00a0 \u00ab A travers ce projet nous voulons <strong>mettre en lumi\u00e8re les caract\u00e9ristiques r\u00e9gionales du Hageland et am\u00e9liorer l\u2019image et la notori\u00e9t\u00e9 de la r\u00e9gion<\/strong> \u00bb, souligne Monique Swinnen, d\u00e9put\u00e9e provinciale.<\/p>\n<p>\u00a0<\/p>\n<p>\u00a0<\/p>\n<p><em>Traduction : Marie-No\u00eblle Masure<\/em><\/p>\n","protected":false},"excerpt":{"rendered":"<p>La demande existe, \u2026 Une enqu\u00eate \u00e0 grande \u00e9chelle men\u00e9e aupr\u00e8s des habitants du Hageland en 2010\u00a0 a d\u00e9montr\u00e9 que seuls 17% des personnes interrog\u00e9es n\u2019ach\u00e8tent\u00a0 jamais de produits fermiers et r\u00e9gionaux, plus de 80% en ach\u00e8tent r\u00e9guli\u00e8rement et 12% m\u00eame une \u00e0 plusieurs fois par semaine. A noter que 64% d\u2019entre eux pr\u00e9f\u00e8rent acheter [&hellip;]<\/p>\n","protected":false},"author":1,"featured_media":84,"comment_status":"closed","ping_status":"closed","sticky":false,"template":"","format":"standard","meta":{"_acf_changed":false,"inline_featured_image":false,"_jetpack_memberships_contains_paid_content":false,"footnotes":""},"categories":[24],"tags":[],"people":[],"extra":[],"company":[],"topic":[],"region":[],"class_list":["post-2182","post","type-post","status-publish","format-standard","has-post-thumbnail","hentry","category-food"],"acf":[],"yoast_head":"<!-- This site is optimized with the Yoast SEO plugin v27.3 - https:\/\/yoast.com\/product\/yoast-seo-wordpress\/ -->\n<title>Le Brabant flamand promeut la vente en direct des produits r\u00e9gionaux - RetailDetail BE<\/title>\n<meta name=\"robots\" content=\"index, follow, max-snippet:-1, max-image-preview:large, max-video-preview:-1\" \/>\n<link rel=\"canonical\" href=\"https:\/\/www.retaildetail.be\/fr\/news\/food\/le-brabant-flamand-promeut-la-vente-en-direct-des-produits-regionaux\/\" \/>\n<meta property=\"og:locale\" content=\"fr_FR\" \/>\n<meta property=\"og:type\" content=\"article\" \/>\n<meta property=\"og:title\" content=\"Le Brabant flamand promeut la vente en direct des produits r\u00e9gionaux - RetailDetail BE\" \/>\n<meta property=\"og:description\" content=\"La demande existe, \u2026 Une enqu\u00eate \u00e0 grande \u00e9chelle men\u00e9e aupr\u00e8s des habitants du Hageland en 2010\u00a0 a d\u00e9montr\u00e9 que seuls 17% des personnes interrog\u00e9es n\u2019ach\u00e8tent\u00a0 jamais de produits fermiers et r\u00e9gionaux, plus de 80% en ach\u00e8tent r\u00e9guli\u00e8rement et 12% m\u00eame une \u00e0 plusieurs fois par semaine. A noter que 64% d\u2019entre eux pr\u00e9f\u00e8rent acheter [&hellip;]\" \/>\n<meta property=\"og:url\" content=\"https:\/\/www.retaildetail.be\/fr\/news\/food\/le-brabant-flamand-promeut-la-vente-en-direct-des-produits-regionaux\/\" \/>\n<meta property=\"og:site_name\" content=\"RetailDetail BE\" \/>\n<meta property=\"article:published_time\" content=\"2012-10-18T11:17:54+00:00\" \/>\n<meta property=\"og:image\" content=\"https:\/\/i0.wp.com\/www.retaildetail.be\/wp-content\/uploads\/2022\/04\/logo.png?fit=281%2C147&quality=100&strip=all&ssl=1\" \/>\n\t<meta property=\"og:image:width\" content=\"281\" \/>\n\t<meta property=\"og:image:height\" content=\"147\" \/>\n\t<meta property=\"og:image:type\" content=\"image\/png\" \/>\n<meta name=\"author\" content=\"dev@grandiz.com\" \/>\n<meta name=\"twitter:card\" content=\"summary_large_image\" \/>\n<meta name=\"twitter:label1\" content=\"\u00c9crit par\" \/>\n\t<meta name=\"twitter:data1\" content=\"dev@grandiz.com\" \/>\n\t<meta name=\"twitter:label2\" content=\"Dur\u00e9e de lecture estim\u00e9e\" \/>\n\t<meta name=\"twitter:data2\" content=\"1 minute\" \/>\n<script type=\"application\/ld+json\" class=\"yoast-schema-graph\">{\"@context\":\"https:\\\/\\\/schema.org\",\"@graph\":[{\"@type\":\"NewsArticle\",\"@id\":\"https:\\\/\\\/www.retaildetail.be\\\/fr\\\/news\\\/food\\\/le-brabant-flamand-promeut-la-vente-en-direct-des-produits-regionaux\\\/#article\",\"isPartOf\":{\"@id\":\"https:\\\/\\\/www.retaildetail.be\\\/fr\\\/news\\\/food\\\/le-brabant-flamand-promeut-la-vente-en-direct-des-produits-regionaux\\\/\"},\"author\":{\"name\":\"dev@grandiz.com\",\"@id\":\"https:\\\/\\\/www.retaildetail.be\\\/nl\\\/#\\\/schema\\\/person\\\/ba2d383452a753a3a1ce8cdb349b5fc9\"},\"headline\":\"Le Brabant flamand promeut la vente en direct des produits r\u00e9gionaux\",\"datePublished\":\"2012-10-18T11:17:54+00:00\",\"mainEntityOfPage\":{\"@id\":\"https:\\\/\\\/www.retaildetail.be\\\/fr\\\/news\\\/food\\\/le-brabant-flamand-promeut-la-vente-en-direct-des-produits-regionaux\\\/\"},\"wordCount\":250,\"publisher\":{\"@id\":\"https:\\\/\\\/www.retaildetail.be\\\/nl\\\/#organization\"},\"image\":{\"@id\":\"https:\\\/\\\/www.retaildetail.be\\\/fr\\\/news\\\/food\\\/le-brabant-flamand-promeut-la-vente-en-direct-des-produits-regionaux\\\/#primaryimage\"},\"thumbnailUrl\":\"https:\\\/\\\/www.retaildetail.be\\\/wp-content\\\/uploads\\\/2022\\\/04\\\/logo.png\",\"articleSection\":[\"Food\"],\"inLanguage\":\"fr-FR\",\"copyrightYear\":\"2012\",\"copyrightHolder\":{\"@id\":\"https:\\\/\\\/www.retaildetail.be\\\/#organization\"}},{\"@type\":\"WebPage\",\"@id\":\"https:\\\/\\\/www.retaildetail.be\\\/fr\\\/news\\\/food\\\/le-brabant-flamand-promeut-la-vente-en-direct-des-produits-regionaux\\\/\",\"url\":\"https:\\\/\\\/www.retaildetail.be\\\/fr\\\/news\\\/food\\\/le-brabant-flamand-promeut-la-vente-en-direct-des-produits-regionaux\\\/\",\"name\":\"Le Brabant flamand promeut la vente en direct des produits r\u00e9gionaux - RetailDetail BE\",\"isPartOf\":{\"@id\":\"https:\\\/\\\/www.retaildetail.be\\\/nl\\\/#website\"},\"primaryImageOfPage\":{\"@id\":\"https:\\\/\\\/www.retaildetail.be\\\/fr\\\/news\\\/food\\\/le-brabant-flamand-promeut-la-vente-en-direct-des-produits-regionaux\\\/#primaryimage\"},\"image\":{\"@id\":\"https:\\\/\\\/www.retaildetail.be\\\/fr\\\/news\\\/food\\\/le-brabant-flamand-promeut-la-vente-en-direct-des-produits-regionaux\\\/#primaryimage\"},\"thumbnailUrl\":\"https:\\\/\\\/www.retaildetail.be\\\/wp-content\\\/uploads\\\/2022\\\/04\\\/logo.png\",\"datePublished\":\"2012-10-18T11:17:54+00:00\",\"breadcrumb\":{\"@id\":\"https:\\\/\\\/www.retaildetail.be\\\/fr\\\/news\\\/food\\\/le-brabant-flamand-promeut-la-vente-en-direct-des-produits-regionaux\\\/#breadcrumb\"},\"inLanguage\":\"fr-FR\",\"potentialAction\":[{\"@type\":\"ReadAction\",\"target\":[\"https:\\\/\\\/www.retaildetail.be\\\/fr\\\/news\\\/food\\\/le-brabant-flamand-promeut-la-vente-en-direct-des-produits-regionaux\\\/\"]}]},{\"@type\":\"ImageObject\",\"inLanguage\":\"fr-FR\",\"@id\":\"https:\\\/\\\/www.retaildetail.be\\\/fr\\\/news\\\/food\\\/le-brabant-flamand-promeut-la-vente-en-direct-des-produits-regionaux\\\/#primaryimage\",\"url\":\"https:\\\/\\\/www.retaildetail.be\\\/wp-content\\\/uploads\\\/2022\\\/04\\\/logo.png\",\"contentUrl\":\"https:\\\/\\\/www.retaildetail.be\\\/wp-content\\\/uploads\\\/2022\\\/04\\\/logo.png\",\"width\":281,\"height\":147},{\"@type\":\"BreadcrumbList\",\"@id\":\"https:\\\/\\\/www.retaildetail.be\\\/fr\\\/news\\\/food\\\/le-brabant-flamand-promeut-la-vente-en-direct-des-produits-regionaux\\\/#breadcrumb\",\"itemListElement\":[{\"@type\":\"ListItem\",\"position\":1,\"name\":\"Home\",\"item\":\"https:\\\/\\\/www.retaildetail.be\\\/fr\\\/\"},{\"@type\":\"ListItem\",\"position\":2,\"name\":\"Le Brabant flamand promeut la vente en direct des produits r\u00e9gionaux\"}]},{\"@type\":\"WebSite\",\"@id\":\"https:\\\/\\\/www.retaildetail.be\\\/nl\\\/#website\",\"url\":\"https:\\\/\\\/www.retaildetail.be\\\/nl\\\/\",\"name\":\"RetailDetail BE\",\"description\":\"News\",\"publisher\":{\"@id\":\"https:\\\/\\\/www.retaildetail.be\\\/nl\\\/#organization\"},\"potentialAction\":[{\"@type\":\"SearchAction\",\"target\":{\"@type\":\"EntryPoint\",\"urlTemplate\":\"https:\\\/\\\/www.retaildetail.be\\\/nl\\\/?s={search_term_string}\"},\"query-input\":{\"@type\":\"PropertyValueSpecification\",\"valueRequired\":true,\"valueName\":\"search_term_string\"}}],\"inLanguage\":\"fr-FR\"},{\"@type\":\"Organization\",\"@id\":\"https:\\\/\\\/www.retaildetail.be\\\/nl\\\/#organization\",\"name\":\"RetailDetail BE\",\"url\":\"https:\\\/\\\/www.retaildetail.be\\\/nl\\\/\",\"logo\":{\"@type\":\"ImageObject\",\"inLanguage\":\"fr-FR\",\"@id\":\"https:\\\/\\\/www.retaildetail.be\\\/nl\\\/#\\\/schema\\\/logo\\\/image\\\/\",\"url\":\"https:\\\/\\\/www.retaildetail.be\\\/wp-content\\\/uploads\\\/2022\\\/04\\\/logo.svg\",\"contentUrl\":\"https:\\\/\\\/www.retaildetail.be\\\/wp-content\\\/uploads\\\/2022\\\/04\\\/logo.svg\",\"width\":131,\"height\":70,\"caption\":\"RetailDetail BE\"},\"image\":{\"@id\":\"https:\\\/\\\/www.retaildetail.be\\\/nl\\\/#\\\/schema\\\/logo\\\/image\\\/\"}},{\"@type\":\"Person\",\"@id\":\"https:\\\/\\\/www.retaildetail.be\\\/nl\\\/#\\\/schema\\\/person\\\/ba2d383452a753a3a1ce8cdb349b5fc9\",\"name\":\"dev@grandiz.com\",\"image\":{\"@type\":\"ImageObject\",\"inLanguage\":\"fr-FR\",\"@id\":\"https:\\\/\\\/secure.gravatar.com\\\/avatar\\\/5f53ce9fb6eed4a60e5aaaa712be8773880fa9459d9cac9bc4aa4fdbce3f447f?s=96&d=mm&r=g\",\"url\":\"https:\\\/\\\/secure.gravatar.com\\\/avatar\\\/5f53ce9fb6eed4a60e5aaaa712be8773880fa9459d9cac9bc4aa4fdbce3f447f?s=96&d=mm&r=g\",\"contentUrl\":\"https:\\\/\\\/secure.gravatar.com\\\/avatar\\\/5f53ce9fb6eed4a60e5aaaa712be8773880fa9459d9cac9bc4aa4fdbce3f447f?s=96&d=mm&r=g\",\"caption\":\"dev@grandiz.com\"},\"sameAs\":[\"http:\\\/\\\/preprod.retaildetail.be\"],\"url\":\"https:\\\/\\\/www.retaildetail.be\\\/fr\\\/author\\\/devgrandiz-com\\\/\"}]}<\/script>\n<!-- \/ Yoast SEO plugin. -->","yoast_head_json":{"title":"Le Brabant flamand promeut la vente en direct des produits r\u00e9gionaux - RetailDetail BE","robots":{"index":"index","follow":"follow","max-snippet":"max-snippet:-1","max-image-preview":"max-image-preview:large","max-video-preview":"max-video-preview:-1"},"canonical":"https:\/\/www.retaildetail.be\/fr\/news\/food\/le-brabant-flamand-promeut-la-vente-en-direct-des-produits-regionaux\/","og_locale":"fr_FR","og_type":"article","og_title":"Le Brabant flamand promeut la vente en direct des produits r\u00e9gionaux - RetailDetail BE","og_description":"La demande existe, \u2026 Une enqu\u00eate \u00e0 grande \u00e9chelle men\u00e9e aupr\u00e8s des habitants du Hageland en 2010\u00a0 a d\u00e9montr\u00e9 que seuls 17% des personnes interrog\u00e9es n\u2019ach\u00e8tent\u00a0 jamais de produits fermiers et r\u00e9gionaux, plus de 80% en ach\u00e8tent r\u00e9guli\u00e8rement et 12% m\u00eame une \u00e0 plusieurs fois par semaine. A noter que 64% d\u2019entre eux pr\u00e9f\u00e8rent acheter [&hellip;]","og_url":"https:\/\/www.retaildetail.be\/fr\/news\/food\/le-brabant-flamand-promeut-la-vente-en-direct-des-produits-regionaux\/","og_site_name":"RetailDetail BE","article_published_time":"2012-10-18T11:17:54+00:00","og_image":[{"width":281,"height":147,"url":"https:\/\/i0.wp.com\/www.retaildetail.be\/wp-content\/uploads\/2022\/04\/logo.png?fit=281%2C147&quality=100&strip=all&ssl=1","type":"image\/png"}],"author":"dev@grandiz.com","twitter_card":"summary_large_image","twitter_misc":{"\u00c9crit par":"dev@grandiz.com","Dur\u00e9e de lecture estim\u00e9e":"1 minute"},"schema":{"@context":"https:\/\/schema.org","@graph":[{"@type":"NewsArticle","@id":"https:\/\/www.retaildetail.be\/fr\/news\/food\/le-brabant-flamand-promeut-la-vente-en-direct-des-produits-regionaux\/#article","isPartOf":{"@id":"https:\/\/www.retaildetail.be\/fr\/news\/food\/le-brabant-flamand-promeut-la-vente-en-direct-des-produits-regionaux\/"},"author":{"name":"dev@grandiz.com","@id":"https:\/\/www.retaildetail.be\/nl\/#\/schema\/person\/ba2d383452a753a3a1ce8cdb349b5fc9"},"headline":"Le Brabant flamand promeut la vente en direct des produits r\u00e9gionaux","datePublished":"2012-10-18T11:17:54+00:00","mainEntityOfPage":{"@id":"https:\/\/www.retaildetail.be\/fr\/news\/food\/le-brabant-flamand-promeut-la-vente-en-direct-des-produits-regionaux\/"},"wordCount":250,"publisher":{"@id":"https:\/\/www.retaildetail.be\/nl\/#organization"},"image":{"@id":"https:\/\/www.retaildetail.be\/fr\/news\/food\/le-brabant-flamand-promeut-la-vente-en-direct-des-produits-regionaux\/#primaryimage"},"thumbnailUrl":"https:\/\/www.retaildetail.be\/wp-content\/uploads\/2022\/04\/logo.png","articleSection":["Food"],"inLanguage":"fr-FR","copyrightYear":"2012","copyrightHolder":{"@id":"https:\/\/www.retaildetail.be\/#organization"}},{"@type":"WebPage","@id":"https:\/\/www.retaildetail.be\/fr\/news\/food\/le-brabant-flamand-promeut-la-vente-en-direct-des-produits-regionaux\/","url":"https:\/\/www.retaildetail.be\/fr\/news\/food\/le-brabant-flamand-promeut-la-vente-en-direct-des-produits-regionaux\/","name":"Le Brabant flamand promeut la vente en direct des produits r\u00e9gionaux - RetailDetail BE","isPartOf":{"@id":"https:\/\/www.retaildetail.be\/nl\/#website"},"primaryImageOfPage":{"@id":"https:\/\/www.retaildetail.be\/fr\/news\/food\/le-brabant-flamand-promeut-la-vente-en-direct-des-produits-regionaux\/#primaryimage"},"image":{"@id":"https:\/\/www.retaildetail.be\/fr\/news\/food\/le-brabant-flamand-promeut-la-vente-en-direct-des-produits-regionaux\/#primaryimage"},"thumbnailUrl":"https:\/\/www.retaildetail.be\/wp-content\/uploads\/2022\/04\/logo.png","datePublished":"2012-10-18T11:17:54+00:00","breadcrumb":{"@id":"https:\/\/www.retaildetail.be\/fr\/news\/food\/le-brabant-flamand-promeut-la-vente-en-direct-des-produits-regionaux\/#breadcrumb"},"inLanguage":"fr-FR","potentialAction":[{"@type":"ReadAction","target":["https:\/\/www.retaildetail.be\/fr\/news\/food\/le-brabant-flamand-promeut-la-vente-en-direct-des-produits-regionaux\/"]}]},{"@type":"ImageObject","inLanguage":"fr-FR","@id":"https:\/\/www.retaildetail.be\/fr\/news\/food\/le-brabant-flamand-promeut-la-vente-en-direct-des-produits-regionaux\/#primaryimage","url":"https:\/\/www.retaildetail.be\/wp-content\/uploads\/2022\/04\/logo.png","contentUrl":"https:\/\/www.retaildetail.be\/wp-content\/uploads\/2022\/04\/logo.png","width":281,"height":147},{"@type":"BreadcrumbList","@id":"https:\/\/www.retaildetail.be\/fr\/news\/food\/le-brabant-flamand-promeut-la-vente-en-direct-des-produits-regionaux\/#breadcrumb","itemListElement":[{"@type":"ListItem","position":1,"name":"Home","item":"https:\/\/www.retaildetail.be\/fr\/"},{"@type":"ListItem","position":2,"name":"Le Brabant flamand promeut la vente en direct des produits r\u00e9gionaux"}]},{"@type":"WebSite","@id":"https:\/\/www.retaildetail.be\/nl\/#website","url":"https:\/\/www.retaildetail.be\/nl\/","name":"RetailDetail BE","description":"News","publisher":{"@id":"https:\/\/www.retaildetail.be\/nl\/#organization"},"potentialAction":[{"@type":"SearchAction","target":{"@type":"EntryPoint","urlTemplate":"https:\/\/www.retaildetail.be\/nl\/?s={search_term_string}"},"query-input":{"@type":"PropertyValueSpecification","valueRequired":true,"valueName":"search_term_string"}}],"inLanguage":"fr-FR"},{"@type":"Organization","@id":"https:\/\/www.retaildetail.be\/nl\/#organization","name":"RetailDetail BE","url":"https:\/\/www.retaildetail.be\/nl\/","logo":{"@type":"ImageObject","inLanguage":"fr-FR","@id":"https:\/\/www.retaildetail.be\/nl\/#\/schema\/logo\/image\/","url":"https:\/\/www.retaildetail.be\/wp-content\/uploads\/2022\/04\/logo.svg","contentUrl":"https:\/\/www.retaildetail.be\/wp-content\/uploads\/2022\/04\/logo.svg","width":131,"height":70,"caption":"RetailDetail BE"},"image":{"@id":"https:\/\/www.retaildetail.be\/nl\/#\/schema\/logo\/image\/"}},{"@type":"Person","@id":"https:\/\/www.retaildetail.be\/nl\/#\/schema\/person\/ba2d383452a753a3a1ce8cdb349b5fc9","name":"dev@grandiz.com","image":{"@type":"ImageObject","inLanguage":"fr-FR","@id":"https:\/\/secure.gravatar.com\/avatar\/5f53ce9fb6eed4a60e5aaaa712be8773880fa9459d9cac9bc4aa4fdbce3f447f?s=96&d=mm&r=g","url":"https:\/\/secure.gravatar.com\/avatar\/5f53ce9fb6eed4a60e5aaaa712be8773880fa9459d9cac9bc4aa4fdbce3f447f?s=96&d=mm&r=g","contentUrl":"https:\/\/secure.gravatar.com\/avatar\/5f53ce9fb6eed4a60e5aaaa712be8773880fa9459d9cac9bc4aa4fdbce3f447f?s=96&d=mm&r=g","caption":"dev@grandiz.com"},"sameAs":["http:\/\/preprod.retaildetail.be"],"url":"https:\/\/www.retaildetail.be\/fr\/author\/devgrandiz-com\/"}]}},"jetpack_featured_media_url":"https:\/\/www.retaildetail.be\/wp-content\/uploads\/2022\/04\/logo.png","jetpack_sharing_enabled":true,"_links":{"self":[{"href":"https:\/\/www.retaildetail.be\/fr\/wp-json\/wp\/v2\/posts\/2182","targetHints":{"allow":["GET"]}}],"collection":[{"href":"https:\/\/www.retaildetail.be\/fr\/wp-json\/wp\/v2\/posts"}],"about":[{"href":"https:\/\/www.retaildetail.be\/fr\/wp-json\/wp\/v2\/types\/post"}],"author":[{"embeddable":true,"href":"https:\/\/www.retaildetail.be\/fr\/wp-json\/wp\/v2\/users\/1"}],"replies":[{"embeddable":true,"href":"https:\/\/www.retaildetail.be\/fr\/wp-json\/wp\/v2\/comments?post=2182"}],"version-history":[{"count":0,"href":"https:\/\/www.retaildetail.be\/fr\/wp-json\/wp\/v2\/posts\/2182\/revisions"}],"wp:featuredmedia":[{"embeddable":true,"href":"https:\/\/www.retaildetail.be\/fr\/wp-json\/wp\/v2\/media\/84"}],"wp:attachment":[{"href":"https:\/\/www.retaildetail.be\/fr\/wp-json\/wp\/v2\/media?parent=2182"}],"wp:term":[{"taxonomy":"category","embeddable":true,"href":"https:\/\/www.retaildetail.be\/fr\/wp-json\/wp\/v2\/categories?post=2182"},{"taxonomy":"post_tag","embeddable":true,"href":"https:\/\/www.retaildetail.be\/fr\/wp-json\/wp\/v2\/tags?post=2182"},{"taxonomy":"people","embeddable":true,"href":"https:\/\/www.retaildetail.be\/fr\/wp-json\/wp\/v2\/people?post=2182"},{"taxonomy":"extra","embeddable":true,"href":"https:\/\/www.retaildetail.be\/fr\/wp-json\/wp\/v2\/extra?post=2182"},{"taxonomy":"company","embeddable":true,"href":"https:\/\/www.retaildetail.be\/fr\/wp-json\/wp\/v2\/company?post=2182"},{"taxonomy":"topic","embeddable":true,"href":"https:\/\/www.retaildetail.be\/fr\/wp-json\/wp\/v2\/topic?post=2182"},{"taxonomy":"region","embeddable":true,"href":"https:\/\/www.retaildetail.be\/fr\/wp-json\/wp\/v2\/region?post=2182"}],"curies":[{"name":"wp","href":"https:\/\/api.w.org\/{rel}","templated":true}]}}