{"id":2184,"date":"2012-10-18T13:01:39","date_gmt":"2012-10-18T13:01:39","guid":{"rendered":"https:\/\/www.retaildetail.be\/food\/les-directeurs-delhaize-et-max-havelaar-sechangent-leur-job\/"},"modified":"2012-10-18T13:01:39","modified_gmt":"2012-10-18T13:01:39","slug":"les-directeurs-delhaize-et-max-havelaar-sechangent-leur-job","status":"publish","type":"post","link":"https:\/\/www.retaildetail.be\/fr\/news\/food\/les-directeurs-delhaize-et-max-havelaar-sechangent-leur-job\/","title":{"rendered":"Les directeurs Delhaize et Max Havelaar s\u2019\u00e9changent leur job"},"content":{"rendered":"<h2>\u00ab Cr\u00e9er un climat de confiance entre les entreprises et les ONG \u00bb<\/h2>\n<p>Cet \u00e9change de job est \u00ab une belle illustration de l\u2019objectif vis\u00e9 par KAURI : <strong>cr\u00e9er un climat de confiance et d\u2019inspiration entre les entreprises et les ONG<\/strong> \u00bb, commente David Leyssens, directeur de KAURI. \u00ab Nous sommes convaincus que par l\u2019\u00e9change les organisations apprendront \u00e0 mieux conna\u00eetre leur travail respectif et de ce fait \u00e0 mieux appr\u00e9cier les points de vue de chacun. La confiance g\u00e9n\u00e9r\u00e9e par de tels \u00e9changes, contribuera \u2013 nous l\u2019esp\u00e9rons \u2013 \u00e0 une collaboration pour atteindre des objectifs communes. \u00bb<\/p>\n<p>Ainsi aujourd\u2019hui le CEO de Delhaize s\u2019entretiendra avec un producteur du sud, alors que la directrice de Max Havelaar visitera un point de vente Delhaize et assistera ensuite \u00e0 diverses r\u00e9unions au si\u00e8ge central. Cette visite derri\u00e8re les coulisses devrait leur donner<strong> une id\u00e9e plus pr\u00e9cise quant au processus d\u00e9cisionnels de chacune des deux entreprises.<\/strong> D\u00e9but novembre les deux dirigeants se rencontreront afin de partager leurs exp\u00e9riences et d\u2019arriver ainsi \u00e0 une meilleure compr\u00e9hension et collaboration.<\/p>\n<h2>\n<br \/>\u00ab Partage de connaissances \u00bb<\/h2>\n<p>KAURI est un <a target=\"_blank\" href=\"http:\/\/www.kauri.be\/kauri\/270-members_246.aspx\" rel=\"noopener\">\u00ab r\u00e9seau multi-acteurs \u00bb<\/a>, comptant 270 membres, dont des entreprises commerciales et des PME, des mouvements environnementaux, des OGN, des acteurs sociaux, des institutions \u00e9ducatives et des autorit\u00e9s. Cette ann\u00e9e l\u2019organisation <strong>existe depuis 15 ans<\/strong> et f\u00eate cet anniversaire \u00e0 travers des actions comme celle-ci.<\/p>\n<p>\u00ab Nos membres ont un point d\u2019int\u00e9r\u00eat commun qui est de <strong>partager\u00a0 leurs connaissances en mati\u00e8re de durabilit\u00e9<\/strong> \u00bb, explique David Leyssens. Chaque ann\u00e9e KAURI organise une s\u00e9rie d\u2019activit\u00e9s pour ses membres, visant \u00e0 faciliter les concertations et\u00a0 \u00e0 stimuler la collaboration dans le cadre d\u2019objectifs durables communs.<\/p>\n<p>\u00a0<\/p>\n<p>\u00a0<\/p>\n<p><em>Traduction : Marie-No\u00eblle Masure<\/em><\/p>\n","protected":false},"excerpt":{"rendered":"<p>\u00ab Cr\u00e9er un climat de confiance entre les entreprises et les ONG \u00bb Cet \u00e9change de job est \u00ab une belle illustration de l\u2019objectif vis\u00e9 par KAURI : cr\u00e9er un climat de confiance et d\u2019inspiration entre les entreprises et les ONG \u00bb, commente David Leyssens, directeur de KAURI. \u00ab Nous sommes convaincus que par l\u2019\u00e9change [&hellip;]<\/p>\n","protected":false},"author":1,"featured_media":84,"comment_status":"closed","ping_status":"closed","sticky":false,"template":"","format":"standard","meta":{"_acf_changed":false,"inline_featured_image":false,"_jetpack_memberships_contains_paid_content":false,"footnotes":""},"categories":[24],"tags":[],"people":[],"extra":[],"company":[],"topic":[],"region":[],"class_list":["post-2184","post","type-post","status-publish","format-standard","has-post-thumbnail","hentry","category-food"],"acf":[],"yoast_head":"<!-- This site is optimized with the Yoast SEO plugin v27.3 - https:\/\/yoast.com\/product\/yoast-seo-wordpress\/ -->\n<title>Les directeurs Delhaize et Max Havelaar s\u2019\u00e9changent leur job - RetailDetail BE<\/title>\n<meta name=\"robots\" content=\"index, follow, max-snippet:-1, max-image-preview:large, max-video-preview:-1\" \/>\n<link rel=\"canonical\" href=\"https:\/\/www.retaildetail.be\/fr\/news\/food\/les-directeurs-delhaize-et-max-havelaar-sechangent-leur-job\/\" \/>\n<meta property=\"og:locale\" content=\"fr_FR\" \/>\n<meta property=\"og:type\" content=\"article\" \/>\n<meta property=\"og:title\" content=\"Les directeurs Delhaize et Max Havelaar s\u2019\u00e9changent leur job - RetailDetail BE\" \/>\n<meta property=\"og:description\" content=\"\u00ab Cr\u00e9er un climat de confiance entre les entreprises et les ONG \u00bb Cet \u00e9change de job est \u00ab une belle illustration de l\u2019objectif vis\u00e9 par KAURI : cr\u00e9er un climat de confiance et d\u2019inspiration entre les entreprises et les ONG \u00bb, commente David Leyssens, directeur de KAURI. \u00ab Nous sommes convaincus que par l\u2019\u00e9change [&hellip;]\" \/>\n<meta property=\"og:url\" content=\"https:\/\/www.retaildetail.be\/fr\/news\/food\/les-directeurs-delhaize-et-max-havelaar-sechangent-leur-job\/\" \/>\n<meta property=\"og:site_name\" content=\"RetailDetail BE\" \/>\n<meta property=\"article:published_time\" content=\"2012-10-18T13:01:39+00:00\" \/>\n<meta property=\"og:image\" content=\"https:\/\/i0.wp.com\/www.retaildetail.be\/wp-content\/uploads\/2022\/04\/logo.png?fit=281%2C147&quality=100&strip=all&ssl=1\" \/>\n\t<meta property=\"og:image:width\" content=\"281\" \/>\n\t<meta property=\"og:image:height\" content=\"147\" \/>\n\t<meta property=\"og:image:type\" content=\"image\/png\" \/>\n<meta name=\"author\" content=\"dev@grandiz.com\" \/>\n<meta name=\"twitter:card\" content=\"summary_large_image\" \/>\n<meta name=\"twitter:label1\" content=\"\u00c9crit par\" \/>\n\t<meta name=\"twitter:data1\" content=\"dev@grandiz.com\" \/>\n\t<meta name=\"twitter:label2\" content=\"Dur\u00e9e de lecture estim\u00e9e\" \/>\n\t<meta name=\"twitter:data2\" content=\"1 minute\" \/>\n<script type=\"application\/ld+json\" class=\"yoast-schema-graph\">{\"@context\":\"https:\\\/\\\/schema.org\",\"@graph\":[{\"@type\":\"NewsArticle\",\"@id\":\"https:\\\/\\\/www.retaildetail.be\\\/fr\\\/news\\\/food\\\/les-directeurs-delhaize-et-max-havelaar-sechangent-leur-job\\\/#article\",\"isPartOf\":{\"@id\":\"https:\\\/\\\/www.retaildetail.be\\\/fr\\\/news\\\/food\\\/les-directeurs-delhaize-et-max-havelaar-sechangent-leur-job\\\/\"},\"author\":{\"name\":\"dev@grandiz.com\",\"@id\":\"https:\\\/\\\/www.retaildetail.be\\\/nl\\\/#\\\/schema\\\/person\\\/ba2d383452a753a3a1ce8cdb349b5fc9\"},\"headline\":\"Les directeurs Delhaize et Max Havelaar s\u2019\u00e9changent leur job\",\"datePublished\":\"2012-10-18T13:01:39+00:00\",\"mainEntityOfPage\":{\"@id\":\"https:\\\/\\\/www.retaildetail.be\\\/fr\\\/news\\\/food\\\/les-directeurs-delhaize-et-max-havelaar-sechangent-leur-job\\\/\"},\"wordCount\":302,\"publisher\":{\"@id\":\"https:\\\/\\\/www.retaildetail.be\\\/nl\\\/#organization\"},\"image\":{\"@id\":\"https:\\\/\\\/www.retaildetail.be\\\/fr\\\/news\\\/food\\\/les-directeurs-delhaize-et-max-havelaar-sechangent-leur-job\\\/#primaryimage\"},\"thumbnailUrl\":\"https:\\\/\\\/www.retaildetail.be\\\/wp-content\\\/uploads\\\/2022\\\/04\\\/logo.png\",\"articleSection\":[\"Food\"],\"inLanguage\":\"fr-FR\",\"copyrightYear\":\"2012\",\"copyrightHolder\":{\"@id\":\"https:\\\/\\\/www.retaildetail.be\\\/#organization\"}},{\"@type\":\"WebPage\",\"@id\":\"https:\\\/\\\/www.retaildetail.be\\\/fr\\\/news\\\/food\\\/les-directeurs-delhaize-et-max-havelaar-sechangent-leur-job\\\/\",\"url\":\"https:\\\/\\\/www.retaildetail.be\\\/fr\\\/news\\\/food\\\/les-directeurs-delhaize-et-max-havelaar-sechangent-leur-job\\\/\",\"name\":\"Les directeurs Delhaize et Max Havelaar s\u2019\u00e9changent leur job - RetailDetail BE\",\"isPartOf\":{\"@id\":\"https:\\\/\\\/www.retaildetail.be\\\/nl\\\/#website\"},\"primaryImageOfPage\":{\"@id\":\"https:\\\/\\\/www.retaildetail.be\\\/fr\\\/news\\\/food\\\/les-directeurs-delhaize-et-max-havelaar-sechangent-leur-job\\\/#primaryimage\"},\"image\":{\"@id\":\"https:\\\/\\\/www.retaildetail.be\\\/fr\\\/news\\\/food\\\/les-directeurs-delhaize-et-max-havelaar-sechangent-leur-job\\\/#primaryimage\"},\"thumbnailUrl\":\"https:\\\/\\\/www.retaildetail.be\\\/wp-content\\\/uploads\\\/2022\\\/04\\\/logo.png\",\"datePublished\":\"2012-10-18T13:01:39+00:00\",\"breadcrumb\":{\"@id\":\"https:\\\/\\\/www.retaildetail.be\\\/fr\\\/news\\\/food\\\/les-directeurs-delhaize-et-max-havelaar-sechangent-leur-job\\\/#breadcrumb\"},\"inLanguage\":\"fr-FR\",\"potentialAction\":[{\"@type\":\"ReadAction\",\"target\":[\"https:\\\/\\\/www.retaildetail.be\\\/fr\\\/news\\\/food\\\/les-directeurs-delhaize-et-max-havelaar-sechangent-leur-job\\\/\"]}]},{\"@type\":\"ImageObject\",\"inLanguage\":\"fr-FR\",\"@id\":\"https:\\\/\\\/www.retaildetail.be\\\/fr\\\/news\\\/food\\\/les-directeurs-delhaize-et-max-havelaar-sechangent-leur-job\\\/#primaryimage\",\"url\":\"https:\\\/\\\/www.retaildetail.be\\\/wp-content\\\/uploads\\\/2022\\\/04\\\/logo.png\",\"contentUrl\":\"https:\\\/\\\/www.retaildetail.be\\\/wp-content\\\/uploads\\\/2022\\\/04\\\/logo.png\",\"width\":281,\"height\":147},{\"@type\":\"BreadcrumbList\",\"@id\":\"https:\\\/\\\/www.retaildetail.be\\\/fr\\\/news\\\/food\\\/les-directeurs-delhaize-et-max-havelaar-sechangent-leur-job\\\/#breadcrumb\",\"itemListElement\":[{\"@type\":\"ListItem\",\"position\":1,\"name\":\"Home\",\"item\":\"https:\\\/\\\/www.retaildetail.be\\\/fr\\\/\"},{\"@type\":\"ListItem\",\"position\":2,\"name\":\"Les directeurs Delhaize et Max Havelaar s\u2019\u00e9changent leur job\"}]},{\"@type\":\"WebSite\",\"@id\":\"https:\\\/\\\/www.retaildetail.be\\\/nl\\\/#website\",\"url\":\"https:\\\/\\\/www.retaildetail.be\\\/nl\\\/\",\"name\":\"RetailDetail BE\",\"description\":\"News\",\"publisher\":{\"@id\":\"https:\\\/\\\/www.retaildetail.be\\\/nl\\\/#organization\"},\"potentialAction\":[{\"@type\":\"SearchAction\",\"target\":{\"@type\":\"EntryPoint\",\"urlTemplate\":\"https:\\\/\\\/www.retaildetail.be\\\/nl\\\/?s={search_term_string}\"},\"query-input\":{\"@type\":\"PropertyValueSpecification\",\"valueRequired\":true,\"valueName\":\"search_term_string\"}}],\"inLanguage\":\"fr-FR\"},{\"@type\":\"Organization\",\"@id\":\"https:\\\/\\\/www.retaildetail.be\\\/nl\\\/#organization\",\"name\":\"RetailDetail BE\",\"url\":\"https:\\\/\\\/www.retaildetail.be\\\/nl\\\/\",\"logo\":{\"@type\":\"ImageObject\",\"inLanguage\":\"fr-FR\",\"@id\":\"https:\\\/\\\/www.retaildetail.be\\\/nl\\\/#\\\/schema\\\/logo\\\/image\\\/\",\"url\":\"https:\\\/\\\/www.retaildetail.be\\\/wp-content\\\/uploads\\\/2022\\\/04\\\/logo.svg\",\"contentUrl\":\"https:\\\/\\\/www.retaildetail.be\\\/wp-content\\\/uploads\\\/2022\\\/04\\\/logo.svg\",\"width\":131,\"height\":70,\"caption\":\"RetailDetail BE\"},\"image\":{\"@id\":\"https:\\\/\\\/www.retaildetail.be\\\/nl\\\/#\\\/schema\\\/logo\\\/image\\\/\"}},{\"@type\":\"Person\",\"@id\":\"https:\\\/\\\/www.retaildetail.be\\\/nl\\\/#\\\/schema\\\/person\\\/ba2d383452a753a3a1ce8cdb349b5fc9\",\"name\":\"dev@grandiz.com\",\"image\":{\"@type\":\"ImageObject\",\"inLanguage\":\"fr-FR\",\"@id\":\"https:\\\/\\\/secure.gravatar.com\\\/avatar\\\/5f53ce9fb6eed4a60e5aaaa712be8773880fa9459d9cac9bc4aa4fdbce3f447f?s=96&d=mm&r=g\",\"url\":\"https:\\\/\\\/secure.gravatar.com\\\/avatar\\\/5f53ce9fb6eed4a60e5aaaa712be8773880fa9459d9cac9bc4aa4fdbce3f447f?s=96&d=mm&r=g\",\"contentUrl\":\"https:\\\/\\\/secure.gravatar.com\\\/avatar\\\/5f53ce9fb6eed4a60e5aaaa712be8773880fa9459d9cac9bc4aa4fdbce3f447f?s=96&d=mm&r=g\",\"caption\":\"dev@grandiz.com\"},\"sameAs\":[\"http:\\\/\\\/preprod.retaildetail.be\"],\"url\":\"https:\\\/\\\/www.retaildetail.be\\\/fr\\\/author\\\/devgrandiz-com\\\/\"}]}<\/script>\n<!-- \/ Yoast SEO plugin. -->","yoast_head_json":{"title":"Les directeurs Delhaize et Max Havelaar s\u2019\u00e9changent leur job - RetailDetail BE","robots":{"index":"index","follow":"follow","max-snippet":"max-snippet:-1","max-image-preview":"max-image-preview:large","max-video-preview":"max-video-preview:-1"},"canonical":"https:\/\/www.retaildetail.be\/fr\/news\/food\/les-directeurs-delhaize-et-max-havelaar-sechangent-leur-job\/","og_locale":"fr_FR","og_type":"article","og_title":"Les directeurs Delhaize et Max Havelaar s\u2019\u00e9changent leur job - RetailDetail BE","og_description":"\u00ab Cr\u00e9er un climat de confiance entre les entreprises et les ONG \u00bb Cet \u00e9change de job est \u00ab une belle illustration de l\u2019objectif vis\u00e9 par KAURI : cr\u00e9er un climat de confiance et d\u2019inspiration entre les entreprises et les ONG \u00bb, commente David Leyssens, directeur de KAURI. \u00ab Nous sommes convaincus que par l\u2019\u00e9change [&hellip;]","og_url":"https:\/\/www.retaildetail.be\/fr\/news\/food\/les-directeurs-delhaize-et-max-havelaar-sechangent-leur-job\/","og_site_name":"RetailDetail BE","article_published_time":"2012-10-18T13:01:39+00:00","og_image":[{"width":281,"height":147,"url":"https:\/\/i0.wp.com\/www.retaildetail.be\/wp-content\/uploads\/2022\/04\/logo.png?fit=281%2C147&quality=100&strip=all&ssl=1","type":"image\/png"}],"author":"dev@grandiz.com","twitter_card":"summary_large_image","twitter_misc":{"\u00c9crit par":"dev@grandiz.com","Dur\u00e9e de lecture estim\u00e9e":"1 minute"},"schema":{"@context":"https:\/\/schema.org","@graph":[{"@type":"NewsArticle","@id":"https:\/\/www.retaildetail.be\/fr\/news\/food\/les-directeurs-delhaize-et-max-havelaar-sechangent-leur-job\/#article","isPartOf":{"@id":"https:\/\/www.retaildetail.be\/fr\/news\/food\/les-directeurs-delhaize-et-max-havelaar-sechangent-leur-job\/"},"author":{"name":"dev@grandiz.com","@id":"https:\/\/www.retaildetail.be\/nl\/#\/schema\/person\/ba2d383452a753a3a1ce8cdb349b5fc9"},"headline":"Les directeurs Delhaize et Max Havelaar s\u2019\u00e9changent leur job","datePublished":"2012-10-18T13:01:39+00:00","mainEntityOfPage":{"@id":"https:\/\/www.retaildetail.be\/fr\/news\/food\/les-directeurs-delhaize-et-max-havelaar-sechangent-leur-job\/"},"wordCount":302,"publisher":{"@id":"https:\/\/www.retaildetail.be\/nl\/#organization"},"image":{"@id":"https:\/\/www.retaildetail.be\/fr\/news\/food\/les-directeurs-delhaize-et-max-havelaar-sechangent-leur-job\/#primaryimage"},"thumbnailUrl":"https:\/\/www.retaildetail.be\/wp-content\/uploads\/2022\/04\/logo.png","articleSection":["Food"],"inLanguage":"fr-FR","copyrightYear":"2012","copyrightHolder":{"@id":"https:\/\/www.retaildetail.be\/#organization"}},{"@type":"WebPage","@id":"https:\/\/www.retaildetail.be\/fr\/news\/food\/les-directeurs-delhaize-et-max-havelaar-sechangent-leur-job\/","url":"https:\/\/www.retaildetail.be\/fr\/news\/food\/les-directeurs-delhaize-et-max-havelaar-sechangent-leur-job\/","name":"Les directeurs Delhaize et Max Havelaar s\u2019\u00e9changent leur job - RetailDetail BE","isPartOf":{"@id":"https:\/\/www.retaildetail.be\/nl\/#website"},"primaryImageOfPage":{"@id":"https:\/\/www.retaildetail.be\/fr\/news\/food\/les-directeurs-delhaize-et-max-havelaar-sechangent-leur-job\/#primaryimage"},"image":{"@id":"https:\/\/www.retaildetail.be\/fr\/news\/food\/les-directeurs-delhaize-et-max-havelaar-sechangent-leur-job\/#primaryimage"},"thumbnailUrl":"https:\/\/www.retaildetail.be\/wp-content\/uploads\/2022\/04\/logo.png","datePublished":"2012-10-18T13:01:39+00:00","breadcrumb":{"@id":"https:\/\/www.retaildetail.be\/fr\/news\/food\/les-directeurs-delhaize-et-max-havelaar-sechangent-leur-job\/#breadcrumb"},"inLanguage":"fr-FR","potentialAction":[{"@type":"ReadAction","target":["https:\/\/www.retaildetail.be\/fr\/news\/food\/les-directeurs-delhaize-et-max-havelaar-sechangent-leur-job\/"]}]},{"@type":"ImageObject","inLanguage":"fr-FR","@id":"https:\/\/www.retaildetail.be\/fr\/news\/food\/les-directeurs-delhaize-et-max-havelaar-sechangent-leur-job\/#primaryimage","url":"https:\/\/www.retaildetail.be\/wp-content\/uploads\/2022\/04\/logo.png","contentUrl":"https:\/\/www.retaildetail.be\/wp-content\/uploads\/2022\/04\/logo.png","width":281,"height":147},{"@type":"BreadcrumbList","@id":"https:\/\/www.retaildetail.be\/fr\/news\/food\/les-directeurs-delhaize-et-max-havelaar-sechangent-leur-job\/#breadcrumb","itemListElement":[{"@type":"ListItem","position":1,"name":"Home","item":"https:\/\/www.retaildetail.be\/fr\/"},{"@type":"ListItem","position":2,"name":"Les directeurs Delhaize et Max Havelaar s\u2019\u00e9changent leur job"}]},{"@type":"WebSite","@id":"https:\/\/www.retaildetail.be\/nl\/#website","url":"https:\/\/www.retaildetail.be\/nl\/","name":"RetailDetail BE","description":"News","publisher":{"@id":"https:\/\/www.retaildetail.be\/nl\/#organization"},"potentialAction":[{"@type":"SearchAction","target":{"@type":"EntryPoint","urlTemplate":"https:\/\/www.retaildetail.be\/nl\/?s={search_term_string}"},"query-input":{"@type":"PropertyValueSpecification","valueRequired":true,"valueName":"search_term_string"}}],"inLanguage":"fr-FR"},{"@type":"Organization","@id":"https:\/\/www.retaildetail.be\/nl\/#organization","name":"RetailDetail BE","url":"https:\/\/www.retaildetail.be\/nl\/","logo":{"@type":"ImageObject","inLanguage":"fr-FR","@id":"https:\/\/www.retaildetail.be\/nl\/#\/schema\/logo\/image\/","url":"https:\/\/www.retaildetail.be\/wp-content\/uploads\/2022\/04\/logo.svg","contentUrl":"https:\/\/www.retaildetail.be\/wp-content\/uploads\/2022\/04\/logo.svg","width":131,"height":70,"caption":"RetailDetail BE"},"image":{"@id":"https:\/\/www.retaildetail.be\/nl\/#\/schema\/logo\/image\/"}},{"@type":"Person","@id":"https:\/\/www.retaildetail.be\/nl\/#\/schema\/person\/ba2d383452a753a3a1ce8cdb349b5fc9","name":"dev@grandiz.com","image":{"@type":"ImageObject","inLanguage":"fr-FR","@id":"https:\/\/secure.gravatar.com\/avatar\/5f53ce9fb6eed4a60e5aaaa712be8773880fa9459d9cac9bc4aa4fdbce3f447f?s=96&d=mm&r=g","url":"https:\/\/secure.gravatar.com\/avatar\/5f53ce9fb6eed4a60e5aaaa712be8773880fa9459d9cac9bc4aa4fdbce3f447f?s=96&d=mm&r=g","contentUrl":"https:\/\/secure.gravatar.com\/avatar\/5f53ce9fb6eed4a60e5aaaa712be8773880fa9459d9cac9bc4aa4fdbce3f447f?s=96&d=mm&r=g","caption":"dev@grandiz.com"},"sameAs":["http:\/\/preprod.retaildetail.be"],"url":"https:\/\/www.retaildetail.be\/fr\/author\/devgrandiz-com\/"}]}},"jetpack_featured_media_url":"https:\/\/www.retaildetail.be\/wp-content\/uploads\/2022\/04\/logo.png","jetpack_sharing_enabled":true,"_links":{"self":[{"href":"https:\/\/www.retaildetail.be\/fr\/wp-json\/wp\/v2\/posts\/2184","targetHints":{"allow":["GET"]}}],"collection":[{"href":"https:\/\/www.retaildetail.be\/fr\/wp-json\/wp\/v2\/posts"}],"about":[{"href":"https:\/\/www.retaildetail.be\/fr\/wp-json\/wp\/v2\/types\/post"}],"author":[{"embeddable":true,"href":"https:\/\/www.retaildetail.be\/fr\/wp-json\/wp\/v2\/users\/1"}],"replies":[{"embeddable":true,"href":"https:\/\/www.retaildetail.be\/fr\/wp-json\/wp\/v2\/comments?post=2184"}],"version-history":[{"count":0,"href":"https:\/\/www.retaildetail.be\/fr\/wp-json\/wp\/v2\/posts\/2184\/revisions"}],"wp:featuredmedia":[{"embeddable":true,"href":"https:\/\/www.retaildetail.be\/fr\/wp-json\/wp\/v2\/media\/84"}],"wp:attachment":[{"href":"https:\/\/www.retaildetail.be\/fr\/wp-json\/wp\/v2\/media?parent=2184"}],"wp:term":[{"taxonomy":"category","embeddable":true,"href":"https:\/\/www.retaildetail.be\/fr\/wp-json\/wp\/v2\/categories?post=2184"},{"taxonomy":"post_tag","embeddable":true,"href":"https:\/\/www.retaildetail.be\/fr\/wp-json\/wp\/v2\/tags?post=2184"},{"taxonomy":"people","embeddable":true,"href":"https:\/\/www.retaildetail.be\/fr\/wp-json\/wp\/v2\/people?post=2184"},{"taxonomy":"extra","embeddable":true,"href":"https:\/\/www.retaildetail.be\/fr\/wp-json\/wp\/v2\/extra?post=2184"},{"taxonomy":"company","embeddable":true,"href":"https:\/\/www.retaildetail.be\/fr\/wp-json\/wp\/v2\/company?post=2184"},{"taxonomy":"topic","embeddable":true,"href":"https:\/\/www.retaildetail.be\/fr\/wp-json\/wp\/v2\/topic?post=2184"},{"taxonomy":"region","embeddable":true,"href":"https:\/\/www.retaildetail.be\/fr\/wp-json\/wp\/v2\/region?post=2184"}],"curies":[{"name":"wp","href":"https:\/\/api.w.org\/{rel}","templated":true}]}}