{"id":2204,"date":"2012-10-23T14:05:58","date_gmt":"2012-10-23T14:05:58","guid":{"rendered":"https:\/\/www.retaildetail.be\/food\/les-moules-bio-chez-carrefour-suscitent-la-colere-des-eleveurs-zelandais\/"},"modified":"2012-10-23T14:05:58","modified_gmt":"2012-10-23T14:05:58","slug":"les-moules-bio-chez-carrefour-suscitent-la-colere-des-eleveurs-zelandais","status":"publish","type":"post","link":"https:\/\/www.retaildetail.be\/fr\/news\/food\/les-moules-bio-chez-carrefour-suscitent-la-colere-des-eleveurs-zelandais\/","title":{"rendered":"Les moules bio chez Carrefour suscitent la col\u00e8re des \u00e9leveurs z\u00e9landais"},"content":{"rendered":"<h2>\u00ab Moules Bio Premium \u00bb<\/h2>\n<p>Hier Carrefour lan\u00e7ait la vente de Moules Bio Premium, selon ses propres dires \u00ab les seules moules d\u2019\u00e9levage \u00e0 plat biologiques, cultiv\u00e9es dans des eaux limpides le long des c\u00f4tes irlandaises. Pour obtenir ce label, l\u2019\u00e9leveur doit respecter un cahier des charges tr\u00e8s strict et d\u00e9montrer notamment que les mollusques\u00a0 ont \u00e9t\u00e9 \u00e9lev\u00e9s et cultiv\u00e9s dans le plus grand respect de la nature \u00e0 chaque phase de la production \u00bb, commente Caroline Hanssens, Group Manager Sea Products chez Carrefour.<\/p>\n<p>Ainsi les \u00e9leveurs doivent pouvoir prouver non seulement qu\u2019ils limitent au minimum l\u2019impact \u00e9cologique de la mytiliculture, mais \u00e9galement que leur processus de production durable offre le maximum de garanties d\u2019exploitation pour les g\u00e9n\u00e9rations futures. \u00ab En ne perturbant pas l\u2019\u00e9quilibre naturel, en renouvelant les parcs en permanence et en utilisant des navires et des emballages non polluants \u00bb, explique Carrefour.<\/p>\n<h2>\n<br \/>\u00ab Des moules bio ? Quelle absurdit\u00e9 ! \u00bb<\/h2>\n<p>Tout ceci suscite la col\u00e8re\u00a0 des \u00e9leveurs de moules z\u00e9landais. \u00ab Une moule bio ? Quelle absurdit\u00e9 !\u201d s\u2019exclame Jos van Damme, \u00e9leveur de moules, dans le journal Het Nieuwsblad. \u00ab Toutes les moules sont bio ? Elles proviennent de la nature et on les vend. Point \u00e0 la ligne. A pr\u00e9sent ils ont l\u2019air d\u2019insinuer que nos moules ne seraient pas \u00e9cologiques, alors que nous les cultivons exactement de la m\u00eame mani\u00e8re. Les bateaux qu\u2019ils utilisent l\u00e0-bas sont les m\u00eames qu\u2019ici, tout comme les emballages. C\u2019est une tactique de vente, ni plus ni moins. \u00bb<\/p>\n<p>Hans van Geesbergen de la f\u00e9d\u00e9ration des mytiliculteurs n\u00e9erlandais indique que les moules z\u00e9landaises ont obtenu l\u2019ann\u00e9e derni\u00e8re le label international MSC de p\u00eache durable : \u00ab Cela me semble tout de m\u00eame la meilleure preuve que nous agissons de mani\u00e8re \u00e9cologique. Tout le monde a le droit de vendre son produit de mani\u00e8re originale, mais pas au d\u00e9triment des autres. \u00bb<\/p>\n<h2>\n<br \/>Une temp\u00eate dans un verre d\u2019eau (de mer)<\/h2>\n<p>Krijn Verwijs, l\u2019entreprise n\u00e9erlandaise qui livre les moules bio \u00e0 Carrefour, indique qu\u2019il n\u2019est\u00a0 nullement question de nuire \u00e0 l\u2019image des moules z\u00e9landaises. \u00ab Ce label ne signifie pas que les moules irlandaises sont meilleures \u00bb, explique Danielle Westerweel. \u00ab Nous vendons aussi des moules z\u00e9landaises, cela jouerait en notre d\u00e9savantage. Nous voulons tout simplement mettre en avant le proc\u00e9d\u00e9 \u00e9cologique et celui-ci est en partie diff\u00e9rent du proc\u00e9d\u00e9 n\u00e9erlandais. \u00bb<\/p>\n<p>\u00a0<\/p>\n<p>\u00a0<\/p>\n<p><em>Traduction : Marie-No\u00eblle Masure<\/em><\/p>\n","protected":false},"excerpt":{"rendered":"<p>\u00ab Moules Bio Premium \u00bb Hier Carrefour lan\u00e7ait la vente de Moules Bio Premium, selon ses propres dires \u00ab les seules moules d\u2019\u00e9levage \u00e0 plat biologiques, cultiv\u00e9es dans des eaux limpides le long des c\u00f4tes irlandaises. Pour obtenir ce label, l\u2019\u00e9leveur doit respecter un cahier des charges tr\u00e8s strict et d\u00e9montrer notamment que les mollusques\u00a0 [&hellip;]<\/p>\n","protected":false},"author":1,"featured_media":84,"comment_status":"closed","ping_status":"closed","sticky":false,"template":"","format":"standard","meta":{"_acf_changed":false,"inline_featured_image":false,"_jetpack_memberships_contains_paid_content":false,"footnotes":""},"categories":[24],"tags":[],"people":[],"extra":[],"company":[],"topic":[],"region":[],"class_list":["post-2204","post","type-post","status-publish","format-standard","has-post-thumbnail","hentry","category-food"],"acf":[],"yoast_head":"<!-- This site is optimized with the Yoast SEO plugin v27.3 - https:\/\/yoast.com\/product\/yoast-seo-wordpress\/ -->\n<title>Les moules bio chez Carrefour suscitent la col\u00e8re des \u00e9leveurs z\u00e9landais - RetailDetail BE<\/title>\n<meta name=\"robots\" content=\"index, follow, max-snippet:-1, max-image-preview:large, max-video-preview:-1\" \/>\n<link rel=\"canonical\" href=\"https:\/\/www.retaildetail.be\/fr\/news\/food\/les-moules-bio-chez-carrefour-suscitent-la-colere-des-eleveurs-zelandais\/\" \/>\n<meta property=\"og:locale\" content=\"fr_FR\" \/>\n<meta property=\"og:type\" content=\"article\" \/>\n<meta property=\"og:title\" content=\"Les moules bio chez Carrefour suscitent la col\u00e8re des \u00e9leveurs z\u00e9landais - RetailDetail BE\" \/>\n<meta property=\"og:description\" content=\"\u00ab Moules Bio Premium \u00bb Hier Carrefour lan\u00e7ait la vente de Moules Bio Premium, selon ses propres dires \u00ab les seules moules d\u2019\u00e9levage \u00e0 plat biologiques, cultiv\u00e9es dans des eaux limpides le long des c\u00f4tes irlandaises. Pour obtenir ce label, l\u2019\u00e9leveur doit respecter un cahier des charges tr\u00e8s strict et d\u00e9montrer notamment que les mollusques\u00a0 [&hellip;]\" \/>\n<meta property=\"og:url\" content=\"https:\/\/www.retaildetail.be\/fr\/news\/food\/les-moules-bio-chez-carrefour-suscitent-la-colere-des-eleveurs-zelandais\/\" \/>\n<meta property=\"og:site_name\" content=\"RetailDetail BE\" \/>\n<meta property=\"article:published_time\" content=\"2012-10-23T14:05:58+00:00\" \/>\n<meta property=\"og:image\" content=\"https:\/\/i0.wp.com\/www.retaildetail.be\/wp-content\/uploads\/2022\/04\/logo.png?fit=281%2C147&quality=100&strip=all&ssl=1\" \/>\n\t<meta property=\"og:image:width\" content=\"281\" \/>\n\t<meta property=\"og:image:height\" content=\"147\" \/>\n\t<meta property=\"og:image:type\" content=\"image\/png\" \/>\n<meta name=\"author\" content=\"dev@grandiz.com\" \/>\n<meta name=\"twitter:card\" content=\"summary_large_image\" \/>\n<meta name=\"twitter:label1\" content=\"\u00c9crit par\" \/>\n\t<meta name=\"twitter:data1\" content=\"dev@grandiz.com\" \/>\n\t<meta name=\"twitter:label2\" content=\"Dur\u00e9e de lecture estim\u00e9e\" \/>\n\t<meta name=\"twitter:data2\" content=\"2 minutes\" \/>\n<script type=\"application\/ld+json\" class=\"yoast-schema-graph\">{\"@context\":\"https:\\\/\\\/schema.org\",\"@graph\":[{\"@type\":\"NewsArticle\",\"@id\":\"https:\\\/\\\/www.retaildetail.be\\\/fr\\\/news\\\/food\\\/les-moules-bio-chez-carrefour-suscitent-la-colere-des-eleveurs-zelandais\\\/#article\",\"isPartOf\":{\"@id\":\"https:\\\/\\\/www.retaildetail.be\\\/fr\\\/news\\\/food\\\/les-moules-bio-chez-carrefour-suscitent-la-colere-des-eleveurs-zelandais\\\/\"},\"author\":{\"name\":\"dev@grandiz.com\",\"@id\":\"https:\\\/\\\/www.retaildetail.be\\\/nl\\\/#\\\/schema\\\/person\\\/ba2d383452a753a3a1ce8cdb349b5fc9\"},\"headline\":\"Les moules bio chez Carrefour suscitent la col\u00e8re des \u00e9leveurs z\u00e9landais\",\"datePublished\":\"2012-10-23T14:05:58+00:00\",\"mainEntityOfPage\":{\"@id\":\"https:\\\/\\\/www.retaildetail.be\\\/fr\\\/news\\\/food\\\/les-moules-bio-chez-carrefour-suscitent-la-colere-des-eleveurs-zelandais\\\/\"},\"wordCount\":434,\"publisher\":{\"@id\":\"https:\\\/\\\/www.retaildetail.be\\\/nl\\\/#organization\"},\"image\":{\"@id\":\"https:\\\/\\\/www.retaildetail.be\\\/fr\\\/news\\\/food\\\/les-moules-bio-chez-carrefour-suscitent-la-colere-des-eleveurs-zelandais\\\/#primaryimage\"},\"thumbnailUrl\":\"https:\\\/\\\/www.retaildetail.be\\\/wp-content\\\/uploads\\\/2022\\\/04\\\/logo.png\",\"articleSection\":[\"Food\"],\"inLanguage\":\"fr-FR\",\"copyrightYear\":\"2012\",\"copyrightHolder\":{\"@id\":\"https:\\\/\\\/www.retaildetail.be\\\/#organization\"}},{\"@type\":\"WebPage\",\"@id\":\"https:\\\/\\\/www.retaildetail.be\\\/fr\\\/news\\\/food\\\/les-moules-bio-chez-carrefour-suscitent-la-colere-des-eleveurs-zelandais\\\/\",\"url\":\"https:\\\/\\\/www.retaildetail.be\\\/fr\\\/news\\\/food\\\/les-moules-bio-chez-carrefour-suscitent-la-colere-des-eleveurs-zelandais\\\/\",\"name\":\"Les moules bio chez Carrefour suscitent la col\u00e8re des \u00e9leveurs z\u00e9landais - RetailDetail BE\",\"isPartOf\":{\"@id\":\"https:\\\/\\\/www.retaildetail.be\\\/nl\\\/#website\"},\"primaryImageOfPage\":{\"@id\":\"https:\\\/\\\/www.retaildetail.be\\\/fr\\\/news\\\/food\\\/les-moules-bio-chez-carrefour-suscitent-la-colere-des-eleveurs-zelandais\\\/#primaryimage\"},\"image\":{\"@id\":\"https:\\\/\\\/www.retaildetail.be\\\/fr\\\/news\\\/food\\\/les-moules-bio-chez-carrefour-suscitent-la-colere-des-eleveurs-zelandais\\\/#primaryimage\"},\"thumbnailUrl\":\"https:\\\/\\\/www.retaildetail.be\\\/wp-content\\\/uploads\\\/2022\\\/04\\\/logo.png\",\"datePublished\":\"2012-10-23T14:05:58+00:00\",\"breadcrumb\":{\"@id\":\"https:\\\/\\\/www.retaildetail.be\\\/fr\\\/news\\\/food\\\/les-moules-bio-chez-carrefour-suscitent-la-colere-des-eleveurs-zelandais\\\/#breadcrumb\"},\"inLanguage\":\"fr-FR\",\"potentialAction\":[{\"@type\":\"ReadAction\",\"target\":[\"https:\\\/\\\/www.retaildetail.be\\\/fr\\\/news\\\/food\\\/les-moules-bio-chez-carrefour-suscitent-la-colere-des-eleveurs-zelandais\\\/\"]}]},{\"@type\":\"ImageObject\",\"inLanguage\":\"fr-FR\",\"@id\":\"https:\\\/\\\/www.retaildetail.be\\\/fr\\\/news\\\/food\\\/les-moules-bio-chez-carrefour-suscitent-la-colere-des-eleveurs-zelandais\\\/#primaryimage\",\"url\":\"https:\\\/\\\/www.retaildetail.be\\\/wp-content\\\/uploads\\\/2022\\\/04\\\/logo.png\",\"contentUrl\":\"https:\\\/\\\/www.retaildetail.be\\\/wp-content\\\/uploads\\\/2022\\\/04\\\/logo.png\",\"width\":281,\"height\":147},{\"@type\":\"BreadcrumbList\",\"@id\":\"https:\\\/\\\/www.retaildetail.be\\\/fr\\\/news\\\/food\\\/les-moules-bio-chez-carrefour-suscitent-la-colere-des-eleveurs-zelandais\\\/#breadcrumb\",\"itemListElement\":[{\"@type\":\"ListItem\",\"position\":1,\"name\":\"Home\",\"item\":\"https:\\\/\\\/www.retaildetail.be\\\/fr\\\/\"},{\"@type\":\"ListItem\",\"position\":2,\"name\":\"Les moules bio chez Carrefour suscitent la col\u00e8re des \u00e9leveurs z\u00e9landais\"}]},{\"@type\":\"WebSite\",\"@id\":\"https:\\\/\\\/www.retaildetail.be\\\/nl\\\/#website\",\"url\":\"https:\\\/\\\/www.retaildetail.be\\\/nl\\\/\",\"name\":\"RetailDetail BE\",\"description\":\"News\",\"publisher\":{\"@id\":\"https:\\\/\\\/www.retaildetail.be\\\/nl\\\/#organization\"},\"potentialAction\":[{\"@type\":\"SearchAction\",\"target\":{\"@type\":\"EntryPoint\",\"urlTemplate\":\"https:\\\/\\\/www.retaildetail.be\\\/nl\\\/?s={search_term_string}\"},\"query-input\":{\"@type\":\"PropertyValueSpecification\",\"valueRequired\":true,\"valueName\":\"search_term_string\"}}],\"inLanguage\":\"fr-FR\"},{\"@type\":\"Organization\",\"@id\":\"https:\\\/\\\/www.retaildetail.be\\\/nl\\\/#organization\",\"name\":\"RetailDetail BE\",\"url\":\"https:\\\/\\\/www.retaildetail.be\\\/nl\\\/\",\"logo\":{\"@type\":\"ImageObject\",\"inLanguage\":\"fr-FR\",\"@id\":\"https:\\\/\\\/www.retaildetail.be\\\/nl\\\/#\\\/schema\\\/logo\\\/image\\\/\",\"url\":\"https:\\\/\\\/www.retaildetail.be\\\/wp-content\\\/uploads\\\/2022\\\/04\\\/logo.svg\",\"contentUrl\":\"https:\\\/\\\/www.retaildetail.be\\\/wp-content\\\/uploads\\\/2022\\\/04\\\/logo.svg\",\"width\":131,\"height\":70,\"caption\":\"RetailDetail BE\"},\"image\":{\"@id\":\"https:\\\/\\\/www.retaildetail.be\\\/nl\\\/#\\\/schema\\\/logo\\\/image\\\/\"}},{\"@type\":\"Person\",\"@id\":\"https:\\\/\\\/www.retaildetail.be\\\/nl\\\/#\\\/schema\\\/person\\\/ba2d383452a753a3a1ce8cdb349b5fc9\",\"name\":\"dev@grandiz.com\",\"image\":{\"@type\":\"ImageObject\",\"inLanguage\":\"fr-FR\",\"@id\":\"https:\\\/\\\/secure.gravatar.com\\\/avatar\\\/5f53ce9fb6eed4a60e5aaaa712be8773880fa9459d9cac9bc4aa4fdbce3f447f?s=96&d=mm&r=g\",\"url\":\"https:\\\/\\\/secure.gravatar.com\\\/avatar\\\/5f53ce9fb6eed4a60e5aaaa712be8773880fa9459d9cac9bc4aa4fdbce3f447f?s=96&d=mm&r=g\",\"contentUrl\":\"https:\\\/\\\/secure.gravatar.com\\\/avatar\\\/5f53ce9fb6eed4a60e5aaaa712be8773880fa9459d9cac9bc4aa4fdbce3f447f?s=96&d=mm&r=g\",\"caption\":\"dev@grandiz.com\"},\"sameAs\":[\"http:\\\/\\\/preprod.retaildetail.be\"],\"url\":\"https:\\\/\\\/www.retaildetail.be\\\/fr\\\/author\\\/devgrandiz-com\\\/\"}]}<\/script>\n<!-- \/ Yoast SEO plugin. -->","yoast_head_json":{"title":"Les moules bio chez Carrefour suscitent la col\u00e8re des \u00e9leveurs z\u00e9landais - RetailDetail BE","robots":{"index":"index","follow":"follow","max-snippet":"max-snippet:-1","max-image-preview":"max-image-preview:large","max-video-preview":"max-video-preview:-1"},"canonical":"https:\/\/www.retaildetail.be\/fr\/news\/food\/les-moules-bio-chez-carrefour-suscitent-la-colere-des-eleveurs-zelandais\/","og_locale":"fr_FR","og_type":"article","og_title":"Les moules bio chez Carrefour suscitent la col\u00e8re des \u00e9leveurs z\u00e9landais - RetailDetail BE","og_description":"\u00ab Moules Bio Premium \u00bb Hier Carrefour lan\u00e7ait la vente de Moules Bio Premium, selon ses propres dires \u00ab les seules moules d\u2019\u00e9levage \u00e0 plat biologiques, cultiv\u00e9es dans des eaux limpides le long des c\u00f4tes irlandaises. Pour obtenir ce label, l\u2019\u00e9leveur doit respecter un cahier des charges tr\u00e8s strict et d\u00e9montrer notamment que les mollusques\u00a0 [&hellip;]","og_url":"https:\/\/www.retaildetail.be\/fr\/news\/food\/les-moules-bio-chez-carrefour-suscitent-la-colere-des-eleveurs-zelandais\/","og_site_name":"RetailDetail BE","article_published_time":"2012-10-23T14:05:58+00:00","og_image":[{"width":281,"height":147,"url":"https:\/\/i0.wp.com\/www.retaildetail.be\/wp-content\/uploads\/2022\/04\/logo.png?fit=281%2C147&quality=100&strip=all&ssl=1","type":"image\/png"}],"author":"dev@grandiz.com","twitter_card":"summary_large_image","twitter_misc":{"\u00c9crit par":"dev@grandiz.com","Dur\u00e9e de lecture estim\u00e9e":"2 minutes"},"schema":{"@context":"https:\/\/schema.org","@graph":[{"@type":"NewsArticle","@id":"https:\/\/www.retaildetail.be\/fr\/news\/food\/les-moules-bio-chez-carrefour-suscitent-la-colere-des-eleveurs-zelandais\/#article","isPartOf":{"@id":"https:\/\/www.retaildetail.be\/fr\/news\/food\/les-moules-bio-chez-carrefour-suscitent-la-colere-des-eleveurs-zelandais\/"},"author":{"name":"dev@grandiz.com","@id":"https:\/\/www.retaildetail.be\/nl\/#\/schema\/person\/ba2d383452a753a3a1ce8cdb349b5fc9"},"headline":"Les moules bio chez Carrefour suscitent la col\u00e8re des \u00e9leveurs z\u00e9landais","datePublished":"2012-10-23T14:05:58+00:00","mainEntityOfPage":{"@id":"https:\/\/www.retaildetail.be\/fr\/news\/food\/les-moules-bio-chez-carrefour-suscitent-la-colere-des-eleveurs-zelandais\/"},"wordCount":434,"publisher":{"@id":"https:\/\/www.retaildetail.be\/nl\/#organization"},"image":{"@id":"https:\/\/www.retaildetail.be\/fr\/news\/food\/les-moules-bio-chez-carrefour-suscitent-la-colere-des-eleveurs-zelandais\/#primaryimage"},"thumbnailUrl":"https:\/\/www.retaildetail.be\/wp-content\/uploads\/2022\/04\/logo.png","articleSection":["Food"],"inLanguage":"fr-FR","copyrightYear":"2012","copyrightHolder":{"@id":"https:\/\/www.retaildetail.be\/#organization"}},{"@type":"WebPage","@id":"https:\/\/www.retaildetail.be\/fr\/news\/food\/les-moules-bio-chez-carrefour-suscitent-la-colere-des-eleveurs-zelandais\/","url":"https:\/\/www.retaildetail.be\/fr\/news\/food\/les-moules-bio-chez-carrefour-suscitent-la-colere-des-eleveurs-zelandais\/","name":"Les moules bio chez Carrefour suscitent la col\u00e8re des \u00e9leveurs z\u00e9landais - RetailDetail BE","isPartOf":{"@id":"https:\/\/www.retaildetail.be\/nl\/#website"},"primaryImageOfPage":{"@id":"https:\/\/www.retaildetail.be\/fr\/news\/food\/les-moules-bio-chez-carrefour-suscitent-la-colere-des-eleveurs-zelandais\/#primaryimage"},"image":{"@id":"https:\/\/www.retaildetail.be\/fr\/news\/food\/les-moules-bio-chez-carrefour-suscitent-la-colere-des-eleveurs-zelandais\/#primaryimage"},"thumbnailUrl":"https:\/\/www.retaildetail.be\/wp-content\/uploads\/2022\/04\/logo.png","datePublished":"2012-10-23T14:05:58+00:00","breadcrumb":{"@id":"https:\/\/www.retaildetail.be\/fr\/news\/food\/les-moules-bio-chez-carrefour-suscitent-la-colere-des-eleveurs-zelandais\/#breadcrumb"},"inLanguage":"fr-FR","potentialAction":[{"@type":"ReadAction","target":["https:\/\/www.retaildetail.be\/fr\/news\/food\/les-moules-bio-chez-carrefour-suscitent-la-colere-des-eleveurs-zelandais\/"]}]},{"@type":"ImageObject","inLanguage":"fr-FR","@id":"https:\/\/www.retaildetail.be\/fr\/news\/food\/les-moules-bio-chez-carrefour-suscitent-la-colere-des-eleveurs-zelandais\/#primaryimage","url":"https:\/\/www.retaildetail.be\/wp-content\/uploads\/2022\/04\/logo.png","contentUrl":"https:\/\/www.retaildetail.be\/wp-content\/uploads\/2022\/04\/logo.png","width":281,"height":147},{"@type":"BreadcrumbList","@id":"https:\/\/www.retaildetail.be\/fr\/news\/food\/les-moules-bio-chez-carrefour-suscitent-la-colere-des-eleveurs-zelandais\/#breadcrumb","itemListElement":[{"@type":"ListItem","position":1,"name":"Home","item":"https:\/\/www.retaildetail.be\/fr\/"},{"@type":"ListItem","position":2,"name":"Les moules bio chez Carrefour suscitent la col\u00e8re des \u00e9leveurs z\u00e9landais"}]},{"@type":"WebSite","@id":"https:\/\/www.retaildetail.be\/nl\/#website","url":"https:\/\/www.retaildetail.be\/nl\/","name":"RetailDetail BE","description":"News","publisher":{"@id":"https:\/\/www.retaildetail.be\/nl\/#organization"},"potentialAction":[{"@type":"SearchAction","target":{"@type":"EntryPoint","urlTemplate":"https:\/\/www.retaildetail.be\/nl\/?s={search_term_string}"},"query-input":{"@type":"PropertyValueSpecification","valueRequired":true,"valueName":"search_term_string"}}],"inLanguage":"fr-FR"},{"@type":"Organization","@id":"https:\/\/www.retaildetail.be\/nl\/#organization","name":"RetailDetail BE","url":"https:\/\/www.retaildetail.be\/nl\/","logo":{"@type":"ImageObject","inLanguage":"fr-FR","@id":"https:\/\/www.retaildetail.be\/nl\/#\/schema\/logo\/image\/","url":"https:\/\/www.retaildetail.be\/wp-content\/uploads\/2022\/04\/logo.svg","contentUrl":"https:\/\/www.retaildetail.be\/wp-content\/uploads\/2022\/04\/logo.svg","width":131,"height":70,"caption":"RetailDetail BE"},"image":{"@id":"https:\/\/www.retaildetail.be\/nl\/#\/schema\/logo\/image\/"}},{"@type":"Person","@id":"https:\/\/www.retaildetail.be\/nl\/#\/schema\/person\/ba2d383452a753a3a1ce8cdb349b5fc9","name":"dev@grandiz.com","image":{"@type":"ImageObject","inLanguage":"fr-FR","@id":"https:\/\/secure.gravatar.com\/avatar\/5f53ce9fb6eed4a60e5aaaa712be8773880fa9459d9cac9bc4aa4fdbce3f447f?s=96&d=mm&r=g","url":"https:\/\/secure.gravatar.com\/avatar\/5f53ce9fb6eed4a60e5aaaa712be8773880fa9459d9cac9bc4aa4fdbce3f447f?s=96&d=mm&r=g","contentUrl":"https:\/\/secure.gravatar.com\/avatar\/5f53ce9fb6eed4a60e5aaaa712be8773880fa9459d9cac9bc4aa4fdbce3f447f?s=96&d=mm&r=g","caption":"dev@grandiz.com"},"sameAs":["http:\/\/preprod.retaildetail.be"],"url":"https:\/\/www.retaildetail.be\/fr\/author\/devgrandiz-com\/"}]}},"jetpack_featured_media_url":"https:\/\/www.retaildetail.be\/wp-content\/uploads\/2022\/04\/logo.png","jetpack_sharing_enabled":true,"_links":{"self":[{"href":"https:\/\/www.retaildetail.be\/fr\/wp-json\/wp\/v2\/posts\/2204","targetHints":{"allow":["GET"]}}],"collection":[{"href":"https:\/\/www.retaildetail.be\/fr\/wp-json\/wp\/v2\/posts"}],"about":[{"href":"https:\/\/www.retaildetail.be\/fr\/wp-json\/wp\/v2\/types\/post"}],"author":[{"embeddable":true,"href":"https:\/\/www.retaildetail.be\/fr\/wp-json\/wp\/v2\/users\/1"}],"replies":[{"embeddable":true,"href":"https:\/\/www.retaildetail.be\/fr\/wp-json\/wp\/v2\/comments?post=2204"}],"version-history":[{"count":0,"href":"https:\/\/www.retaildetail.be\/fr\/wp-json\/wp\/v2\/posts\/2204\/revisions"}],"wp:featuredmedia":[{"embeddable":true,"href":"https:\/\/www.retaildetail.be\/fr\/wp-json\/wp\/v2\/media\/84"}],"wp:attachment":[{"href":"https:\/\/www.retaildetail.be\/fr\/wp-json\/wp\/v2\/media?parent=2204"}],"wp:term":[{"taxonomy":"category","embeddable":true,"href":"https:\/\/www.retaildetail.be\/fr\/wp-json\/wp\/v2\/categories?post=2204"},{"taxonomy":"post_tag","embeddable":true,"href":"https:\/\/www.retaildetail.be\/fr\/wp-json\/wp\/v2\/tags?post=2204"},{"taxonomy":"people","embeddable":true,"href":"https:\/\/www.retaildetail.be\/fr\/wp-json\/wp\/v2\/people?post=2204"},{"taxonomy":"extra","embeddable":true,"href":"https:\/\/www.retaildetail.be\/fr\/wp-json\/wp\/v2\/extra?post=2204"},{"taxonomy":"company","embeddable":true,"href":"https:\/\/www.retaildetail.be\/fr\/wp-json\/wp\/v2\/company?post=2204"},{"taxonomy":"topic","embeddable":true,"href":"https:\/\/www.retaildetail.be\/fr\/wp-json\/wp\/v2\/topic?post=2204"},{"taxonomy":"region","embeddable":true,"href":"https:\/\/www.retaildetail.be\/fr\/wp-json\/wp\/v2\/region?post=2204"}],"curies":[{"name":"wp","href":"https:\/\/api.w.org\/{rel}","templated":true}]}}