{"id":2234,"date":"2012-10-30T12:32:03","date_gmt":"2012-10-30T12:32:03","guid":{"rendered":"https:\/\/www.retaildetail.be\/food\/carrefour-market-reprend-treize-magasins-ocool\/"},"modified":"2012-10-30T12:32:03","modified_gmt":"2012-10-30T12:32:03","slug":"carrefour-market-reprend-treize-magasins-ocool","status":"publish","type":"post","link":"https:\/\/www.retaildetail.be\/fr\/news\/food\/carrefour-market-reprend-treize-magasins-ocool\/","title":{"rendered":"Carrefour Market reprend treize magasins O\u2019Cool"},"content":{"rendered":"<h2>448 Carrefour Markets<\/h2>\n<p>Actuellement Carrefour compte 430 supermarch\u00e9s Market dans notre pays. Avec cinq nouveaux points de vente en perspective, en plus des anciens magasins O\u2019Cool, cela portera le nombre total de Market \u00e0 448 d\u2019ici l\u2019\u00e9t\u00e9 prochain. Les magasins O\u2019Cool repris par Carrefour seront exploit\u00e9s en franchise et les 50 employ\u00e9s concern\u00e9s maintiendront leur emploi. Les points de vente O\u2019Cool occupent <strong>en moyenne une surface de 450 \u00e0 850 m\u00b2<\/strong> et se situent tous en Flandre, sauf un en Wallonie. \u00ab Nous avons choisi des zones o\u00f9 notre enseigne est encore peu ou pas implant\u00e9e \u00bb, explique Carrefour.<\/p>\n<p>Gr\u00e2ce \u00e0 ces acquisitions, <strong>Carrefour poursuit sa relance dans notre pays<\/strong>. <a target=\"_blank\" href=\"fr\/f-belgique\/bgq-alimentation\/item\/13718-note-sal%C3%A9e-pour-carrefour-belgique-suite-aux-restructurations-et-aux-gr%C3%A8ves\" rel=\"noopener\">Depuis les lourdes restructurations<\/a>, qui avaient entra\u00een\u00e9 la fermeture de nombreux hypermarch\u00e9s, les Fran\u00e7ais ont mis\u00e9 pleinement sur de plus petits formats, notamment les magasins de proximit\u00e9 (Express) et les formats moyens (Market, les anciens GB). Une strat\u00e9gie couronn\u00e9e de succ\u00e8s, car depuis quelques trimestres la cha\u00eene affiche dans notre pays une acc\u00e9l\u00e9ration de sa croissance.<\/p>\n<h2>\n<br \/>Albert Heijn?<\/h2>\n<p>On ignore encore quel distributeur alimentaire a rachet\u00e9 les douze autres magasins. Selon certains insiders, <strong>il pourrait s\u2019agir d\u2019Albert Heijn<\/strong>, avec un contre-argument toutefois : la cha\u00eene de supermarch\u00e9s hollandaise recherche g\u00e9n\u00e9ralement des surfaces commerciales plus grandes de 1.000 \u00e0 1.200 m\u00b2, compar\u00e9 aux surfaces plus petites des magasins O\u2019Cool\u00a0 concern\u00e9s.<\/p>\n<p>Quant \u00e0 l\u2019avenir des 81 points de vente restants, d\u00e9tenus par O\u2019Cool, rien n\u2019a encore \u00e9t\u00e9 communiqu\u00e9. Toutefois\u00a0 <strong>la cha\u00eene de surgel\u00e9s fran\u00e7aise Picard avait d\u00e9j\u00e0 laiss\u00e9 entendre vouloir conqu\u00e9rir le march\u00e9 belge<\/strong> et des n\u00e9gociations seraient en cours avec un autre partenaire \u00e9tranger \u2013 \u00ab <strong>pas un repreneur, mais un partenaire strat\u00e9gique<\/strong> \u00bb, selon Jurgen Egger, l\u2019avocat charg\u00e9 de la proc\u00e9dure de r\u00e9organisation.<\/p>\n<p>Selon l\u2019avocat, ce partenaire verrait un avenir possible pour la cha\u00eene O\u2019Cool dans <strong>une version d\u00e9graiss\u00e9e.<\/strong> C\u2019est pourquoi la cha\u00eene de surgel\u00e9s a demand\u00e9 au tribunal de commerce\u00a0 de Gand de prolonger la protection contre ses cr\u00e9anciers. Le jugement devrait \u00eatre prononc\u00e9 le 7 novembre. Pour les 300 employ\u00e9s restants, l\u2019avenir reste donc encore incertain.<\/p>\n<p>\u00a0<\/p>\n<p>\u00a0<\/p>\n<p><em>Traduction : Marie-No\u00eblle Masure<\/em><\/p>\n","protected":false},"excerpt":{"rendered":"<p>448 Carrefour Markets Actuellement Carrefour compte 430 supermarch\u00e9s Market dans notre pays. Avec cinq nouveaux points de vente en perspective, en plus des anciens magasins O\u2019Cool, cela portera le nombre total de Market \u00e0 448 d\u2019ici l\u2019\u00e9t\u00e9 prochain. Les magasins O\u2019Cool repris par Carrefour seront exploit\u00e9s en franchise et les 50 employ\u00e9s concern\u00e9s maintiendront leur [&hellip;]<\/p>\n","protected":false},"author":1,"featured_media":84,"comment_status":"closed","ping_status":"closed","sticky":false,"template":"","format":"standard","meta":{"_acf_changed":false,"inline_featured_image":false,"_jetpack_memberships_contains_paid_content":false,"footnotes":""},"categories":[24],"tags":[],"people":[],"extra":[],"company":[],"topic":[],"region":[],"class_list":["post-2234","post","type-post","status-publish","format-standard","has-post-thumbnail","hentry","category-food"],"acf":[],"yoast_head":"<!-- This site is optimized with the Yoast SEO plugin v27.3 - https:\/\/yoast.com\/product\/yoast-seo-wordpress\/ -->\n<title>Carrefour Market reprend treize magasins O\u2019Cool - RetailDetail BE<\/title>\n<meta name=\"robots\" content=\"index, follow, max-snippet:-1, max-image-preview:large, max-video-preview:-1\" \/>\n<link rel=\"canonical\" href=\"https:\/\/www.retaildetail.be\/fr\/news\/food\/carrefour-market-reprend-treize-magasins-ocool\/\" \/>\n<meta property=\"og:locale\" content=\"fr_FR\" \/>\n<meta property=\"og:type\" content=\"article\" \/>\n<meta property=\"og:title\" content=\"Carrefour Market reprend treize magasins O\u2019Cool - RetailDetail BE\" \/>\n<meta property=\"og:description\" content=\"448 Carrefour Markets Actuellement Carrefour compte 430 supermarch\u00e9s Market dans notre pays. Avec cinq nouveaux points de vente en perspective, en plus des anciens magasins O\u2019Cool, cela portera le nombre total de Market \u00e0 448 d\u2019ici l\u2019\u00e9t\u00e9 prochain. Les magasins O\u2019Cool repris par Carrefour seront exploit\u00e9s en franchise et les 50 employ\u00e9s concern\u00e9s maintiendront leur [&hellip;]\" \/>\n<meta property=\"og:url\" content=\"https:\/\/www.retaildetail.be\/fr\/news\/food\/carrefour-market-reprend-treize-magasins-ocool\/\" \/>\n<meta property=\"og:site_name\" content=\"RetailDetail BE\" \/>\n<meta property=\"article:published_time\" content=\"2012-10-30T12:32:03+00:00\" \/>\n<meta property=\"og:image\" content=\"https:\/\/i0.wp.com\/www.retaildetail.be\/wp-content\/uploads\/2022\/04\/logo.png?fit=281%2C147&quality=100&strip=all&ssl=1\" \/>\n\t<meta property=\"og:image:width\" content=\"281\" \/>\n\t<meta property=\"og:image:height\" content=\"147\" \/>\n\t<meta property=\"og:image:type\" content=\"image\/png\" \/>\n<meta name=\"author\" content=\"dev@grandiz.com\" \/>\n<meta name=\"twitter:card\" content=\"summary_large_image\" \/>\n<meta name=\"twitter:label1\" content=\"\u00c9crit par\" \/>\n\t<meta name=\"twitter:data1\" content=\"dev@grandiz.com\" \/>\n\t<meta name=\"twitter:label2\" content=\"Dur\u00e9e de lecture estim\u00e9e\" \/>\n\t<meta name=\"twitter:data2\" content=\"2 minutes\" \/>\n<script type=\"application\/ld+json\" class=\"yoast-schema-graph\">{\"@context\":\"https:\\\/\\\/schema.org\",\"@graph\":[{\"@type\":\"NewsArticle\",\"@id\":\"https:\\\/\\\/www.retaildetail.be\\\/fr\\\/news\\\/food\\\/carrefour-market-reprend-treize-magasins-ocool\\\/#article\",\"isPartOf\":{\"@id\":\"https:\\\/\\\/www.retaildetail.be\\\/fr\\\/news\\\/food\\\/carrefour-market-reprend-treize-magasins-ocool\\\/\"},\"author\":{\"name\":\"dev@grandiz.com\",\"@id\":\"https:\\\/\\\/www.retaildetail.be\\\/nl\\\/#\\\/schema\\\/person\\\/ba2d383452a753a3a1ce8cdb349b5fc9\"},\"headline\":\"Carrefour Market reprend treize magasins O\u2019Cool\",\"datePublished\":\"2012-10-30T12:32:03+00:00\",\"mainEntityOfPage\":{\"@id\":\"https:\\\/\\\/www.retaildetail.be\\\/fr\\\/news\\\/food\\\/carrefour-market-reprend-treize-magasins-ocool\\\/\"},\"wordCount\":380,\"publisher\":{\"@id\":\"https:\\\/\\\/www.retaildetail.be\\\/nl\\\/#organization\"},\"image\":{\"@id\":\"https:\\\/\\\/www.retaildetail.be\\\/fr\\\/news\\\/food\\\/carrefour-market-reprend-treize-magasins-ocool\\\/#primaryimage\"},\"thumbnailUrl\":\"https:\\\/\\\/www.retaildetail.be\\\/wp-content\\\/uploads\\\/2022\\\/04\\\/logo.png\",\"articleSection\":[\"Food\"],\"inLanguage\":\"fr-FR\",\"copyrightYear\":\"2012\",\"copyrightHolder\":{\"@id\":\"https:\\\/\\\/www.retaildetail.be\\\/#organization\"}},{\"@type\":\"WebPage\",\"@id\":\"https:\\\/\\\/www.retaildetail.be\\\/fr\\\/news\\\/food\\\/carrefour-market-reprend-treize-magasins-ocool\\\/\",\"url\":\"https:\\\/\\\/www.retaildetail.be\\\/fr\\\/news\\\/food\\\/carrefour-market-reprend-treize-magasins-ocool\\\/\",\"name\":\"Carrefour Market reprend treize magasins O\u2019Cool - RetailDetail BE\",\"isPartOf\":{\"@id\":\"https:\\\/\\\/www.retaildetail.be\\\/nl\\\/#website\"},\"primaryImageOfPage\":{\"@id\":\"https:\\\/\\\/www.retaildetail.be\\\/fr\\\/news\\\/food\\\/carrefour-market-reprend-treize-magasins-ocool\\\/#primaryimage\"},\"image\":{\"@id\":\"https:\\\/\\\/www.retaildetail.be\\\/fr\\\/news\\\/food\\\/carrefour-market-reprend-treize-magasins-ocool\\\/#primaryimage\"},\"thumbnailUrl\":\"https:\\\/\\\/www.retaildetail.be\\\/wp-content\\\/uploads\\\/2022\\\/04\\\/logo.png\",\"datePublished\":\"2012-10-30T12:32:03+00:00\",\"breadcrumb\":{\"@id\":\"https:\\\/\\\/www.retaildetail.be\\\/fr\\\/news\\\/food\\\/carrefour-market-reprend-treize-magasins-ocool\\\/#breadcrumb\"},\"inLanguage\":\"fr-FR\",\"potentialAction\":[{\"@type\":\"ReadAction\",\"target\":[\"https:\\\/\\\/www.retaildetail.be\\\/fr\\\/news\\\/food\\\/carrefour-market-reprend-treize-magasins-ocool\\\/\"]}]},{\"@type\":\"ImageObject\",\"inLanguage\":\"fr-FR\",\"@id\":\"https:\\\/\\\/www.retaildetail.be\\\/fr\\\/news\\\/food\\\/carrefour-market-reprend-treize-magasins-ocool\\\/#primaryimage\",\"url\":\"https:\\\/\\\/www.retaildetail.be\\\/wp-content\\\/uploads\\\/2022\\\/04\\\/logo.png\",\"contentUrl\":\"https:\\\/\\\/www.retaildetail.be\\\/wp-content\\\/uploads\\\/2022\\\/04\\\/logo.png\",\"width\":281,\"height\":147},{\"@type\":\"BreadcrumbList\",\"@id\":\"https:\\\/\\\/www.retaildetail.be\\\/fr\\\/news\\\/food\\\/carrefour-market-reprend-treize-magasins-ocool\\\/#breadcrumb\",\"itemListElement\":[{\"@type\":\"ListItem\",\"position\":1,\"name\":\"Home\",\"item\":\"https:\\\/\\\/www.retaildetail.be\\\/fr\\\/\"},{\"@type\":\"ListItem\",\"position\":2,\"name\":\"Carrefour Market reprend treize magasins O\u2019Cool\"}]},{\"@type\":\"WebSite\",\"@id\":\"https:\\\/\\\/www.retaildetail.be\\\/nl\\\/#website\",\"url\":\"https:\\\/\\\/www.retaildetail.be\\\/nl\\\/\",\"name\":\"RetailDetail BE\",\"description\":\"News\",\"publisher\":{\"@id\":\"https:\\\/\\\/www.retaildetail.be\\\/nl\\\/#organization\"},\"potentialAction\":[{\"@type\":\"SearchAction\",\"target\":{\"@type\":\"EntryPoint\",\"urlTemplate\":\"https:\\\/\\\/www.retaildetail.be\\\/nl\\\/?s={search_term_string}\"},\"query-input\":{\"@type\":\"PropertyValueSpecification\",\"valueRequired\":true,\"valueName\":\"search_term_string\"}}],\"inLanguage\":\"fr-FR\"},{\"@type\":\"Organization\",\"@id\":\"https:\\\/\\\/www.retaildetail.be\\\/nl\\\/#organization\",\"name\":\"RetailDetail BE\",\"url\":\"https:\\\/\\\/www.retaildetail.be\\\/nl\\\/\",\"logo\":{\"@type\":\"ImageObject\",\"inLanguage\":\"fr-FR\",\"@id\":\"https:\\\/\\\/www.retaildetail.be\\\/nl\\\/#\\\/schema\\\/logo\\\/image\\\/\",\"url\":\"https:\\\/\\\/www.retaildetail.be\\\/wp-content\\\/uploads\\\/2022\\\/04\\\/logo.svg\",\"contentUrl\":\"https:\\\/\\\/www.retaildetail.be\\\/wp-content\\\/uploads\\\/2022\\\/04\\\/logo.svg\",\"width\":131,\"height\":70,\"caption\":\"RetailDetail BE\"},\"image\":{\"@id\":\"https:\\\/\\\/www.retaildetail.be\\\/nl\\\/#\\\/schema\\\/logo\\\/image\\\/\"}},{\"@type\":\"Person\",\"@id\":\"https:\\\/\\\/www.retaildetail.be\\\/nl\\\/#\\\/schema\\\/person\\\/ba2d383452a753a3a1ce8cdb349b5fc9\",\"name\":\"dev@grandiz.com\",\"image\":{\"@type\":\"ImageObject\",\"inLanguage\":\"fr-FR\",\"@id\":\"https:\\\/\\\/secure.gravatar.com\\\/avatar\\\/5f53ce9fb6eed4a60e5aaaa712be8773880fa9459d9cac9bc4aa4fdbce3f447f?s=96&d=mm&r=g\",\"url\":\"https:\\\/\\\/secure.gravatar.com\\\/avatar\\\/5f53ce9fb6eed4a60e5aaaa712be8773880fa9459d9cac9bc4aa4fdbce3f447f?s=96&d=mm&r=g\",\"contentUrl\":\"https:\\\/\\\/secure.gravatar.com\\\/avatar\\\/5f53ce9fb6eed4a60e5aaaa712be8773880fa9459d9cac9bc4aa4fdbce3f447f?s=96&d=mm&r=g\",\"caption\":\"dev@grandiz.com\"},\"sameAs\":[\"http:\\\/\\\/preprod.retaildetail.be\"],\"url\":\"https:\\\/\\\/www.retaildetail.be\\\/fr\\\/author\\\/devgrandiz-com\\\/\"}]}<\/script>\n<!-- \/ Yoast SEO plugin. -->","yoast_head_json":{"title":"Carrefour Market reprend treize magasins O\u2019Cool - RetailDetail BE","robots":{"index":"index","follow":"follow","max-snippet":"max-snippet:-1","max-image-preview":"max-image-preview:large","max-video-preview":"max-video-preview:-1"},"canonical":"https:\/\/www.retaildetail.be\/fr\/news\/food\/carrefour-market-reprend-treize-magasins-ocool\/","og_locale":"fr_FR","og_type":"article","og_title":"Carrefour Market reprend treize magasins O\u2019Cool - RetailDetail BE","og_description":"448 Carrefour Markets Actuellement Carrefour compte 430 supermarch\u00e9s Market dans notre pays. Avec cinq nouveaux points de vente en perspective, en plus des anciens magasins O\u2019Cool, cela portera le nombre total de Market \u00e0 448 d\u2019ici l\u2019\u00e9t\u00e9 prochain. Les magasins O\u2019Cool repris par Carrefour seront exploit\u00e9s en franchise et les 50 employ\u00e9s concern\u00e9s maintiendront leur [&hellip;]","og_url":"https:\/\/www.retaildetail.be\/fr\/news\/food\/carrefour-market-reprend-treize-magasins-ocool\/","og_site_name":"RetailDetail BE","article_published_time":"2012-10-30T12:32:03+00:00","og_image":[{"width":281,"height":147,"url":"https:\/\/i0.wp.com\/www.retaildetail.be\/wp-content\/uploads\/2022\/04\/logo.png?fit=281%2C147&quality=100&strip=all&ssl=1","type":"image\/png"}],"author":"dev@grandiz.com","twitter_card":"summary_large_image","twitter_misc":{"\u00c9crit par":"dev@grandiz.com","Dur\u00e9e de lecture estim\u00e9e":"2 minutes"},"schema":{"@context":"https:\/\/schema.org","@graph":[{"@type":"NewsArticle","@id":"https:\/\/www.retaildetail.be\/fr\/news\/food\/carrefour-market-reprend-treize-magasins-ocool\/#article","isPartOf":{"@id":"https:\/\/www.retaildetail.be\/fr\/news\/food\/carrefour-market-reprend-treize-magasins-ocool\/"},"author":{"name":"dev@grandiz.com","@id":"https:\/\/www.retaildetail.be\/nl\/#\/schema\/person\/ba2d383452a753a3a1ce8cdb349b5fc9"},"headline":"Carrefour Market reprend treize magasins O\u2019Cool","datePublished":"2012-10-30T12:32:03+00:00","mainEntityOfPage":{"@id":"https:\/\/www.retaildetail.be\/fr\/news\/food\/carrefour-market-reprend-treize-magasins-ocool\/"},"wordCount":380,"publisher":{"@id":"https:\/\/www.retaildetail.be\/nl\/#organization"},"image":{"@id":"https:\/\/www.retaildetail.be\/fr\/news\/food\/carrefour-market-reprend-treize-magasins-ocool\/#primaryimage"},"thumbnailUrl":"https:\/\/www.retaildetail.be\/wp-content\/uploads\/2022\/04\/logo.png","articleSection":["Food"],"inLanguage":"fr-FR","copyrightYear":"2012","copyrightHolder":{"@id":"https:\/\/www.retaildetail.be\/#organization"}},{"@type":"WebPage","@id":"https:\/\/www.retaildetail.be\/fr\/news\/food\/carrefour-market-reprend-treize-magasins-ocool\/","url":"https:\/\/www.retaildetail.be\/fr\/news\/food\/carrefour-market-reprend-treize-magasins-ocool\/","name":"Carrefour Market reprend treize magasins O\u2019Cool - RetailDetail BE","isPartOf":{"@id":"https:\/\/www.retaildetail.be\/nl\/#website"},"primaryImageOfPage":{"@id":"https:\/\/www.retaildetail.be\/fr\/news\/food\/carrefour-market-reprend-treize-magasins-ocool\/#primaryimage"},"image":{"@id":"https:\/\/www.retaildetail.be\/fr\/news\/food\/carrefour-market-reprend-treize-magasins-ocool\/#primaryimage"},"thumbnailUrl":"https:\/\/www.retaildetail.be\/wp-content\/uploads\/2022\/04\/logo.png","datePublished":"2012-10-30T12:32:03+00:00","breadcrumb":{"@id":"https:\/\/www.retaildetail.be\/fr\/news\/food\/carrefour-market-reprend-treize-magasins-ocool\/#breadcrumb"},"inLanguage":"fr-FR","potentialAction":[{"@type":"ReadAction","target":["https:\/\/www.retaildetail.be\/fr\/news\/food\/carrefour-market-reprend-treize-magasins-ocool\/"]}]},{"@type":"ImageObject","inLanguage":"fr-FR","@id":"https:\/\/www.retaildetail.be\/fr\/news\/food\/carrefour-market-reprend-treize-magasins-ocool\/#primaryimage","url":"https:\/\/www.retaildetail.be\/wp-content\/uploads\/2022\/04\/logo.png","contentUrl":"https:\/\/www.retaildetail.be\/wp-content\/uploads\/2022\/04\/logo.png","width":281,"height":147},{"@type":"BreadcrumbList","@id":"https:\/\/www.retaildetail.be\/fr\/news\/food\/carrefour-market-reprend-treize-magasins-ocool\/#breadcrumb","itemListElement":[{"@type":"ListItem","position":1,"name":"Home","item":"https:\/\/www.retaildetail.be\/fr\/"},{"@type":"ListItem","position":2,"name":"Carrefour Market reprend treize magasins O\u2019Cool"}]},{"@type":"WebSite","@id":"https:\/\/www.retaildetail.be\/nl\/#website","url":"https:\/\/www.retaildetail.be\/nl\/","name":"RetailDetail BE","description":"News","publisher":{"@id":"https:\/\/www.retaildetail.be\/nl\/#organization"},"potentialAction":[{"@type":"SearchAction","target":{"@type":"EntryPoint","urlTemplate":"https:\/\/www.retaildetail.be\/nl\/?s={search_term_string}"},"query-input":{"@type":"PropertyValueSpecification","valueRequired":true,"valueName":"search_term_string"}}],"inLanguage":"fr-FR"},{"@type":"Organization","@id":"https:\/\/www.retaildetail.be\/nl\/#organization","name":"RetailDetail BE","url":"https:\/\/www.retaildetail.be\/nl\/","logo":{"@type":"ImageObject","inLanguage":"fr-FR","@id":"https:\/\/www.retaildetail.be\/nl\/#\/schema\/logo\/image\/","url":"https:\/\/www.retaildetail.be\/wp-content\/uploads\/2022\/04\/logo.svg","contentUrl":"https:\/\/www.retaildetail.be\/wp-content\/uploads\/2022\/04\/logo.svg","width":131,"height":70,"caption":"RetailDetail BE"},"image":{"@id":"https:\/\/www.retaildetail.be\/nl\/#\/schema\/logo\/image\/"}},{"@type":"Person","@id":"https:\/\/www.retaildetail.be\/nl\/#\/schema\/person\/ba2d383452a753a3a1ce8cdb349b5fc9","name":"dev@grandiz.com","image":{"@type":"ImageObject","inLanguage":"fr-FR","@id":"https:\/\/secure.gravatar.com\/avatar\/5f53ce9fb6eed4a60e5aaaa712be8773880fa9459d9cac9bc4aa4fdbce3f447f?s=96&d=mm&r=g","url":"https:\/\/secure.gravatar.com\/avatar\/5f53ce9fb6eed4a60e5aaaa712be8773880fa9459d9cac9bc4aa4fdbce3f447f?s=96&d=mm&r=g","contentUrl":"https:\/\/secure.gravatar.com\/avatar\/5f53ce9fb6eed4a60e5aaaa712be8773880fa9459d9cac9bc4aa4fdbce3f447f?s=96&d=mm&r=g","caption":"dev@grandiz.com"},"sameAs":["http:\/\/preprod.retaildetail.be"],"url":"https:\/\/www.retaildetail.be\/fr\/author\/devgrandiz-com\/"}]}},"jetpack_featured_media_url":"https:\/\/www.retaildetail.be\/wp-content\/uploads\/2022\/04\/logo.png","jetpack_sharing_enabled":true,"_links":{"self":[{"href":"https:\/\/www.retaildetail.be\/fr\/wp-json\/wp\/v2\/posts\/2234","targetHints":{"allow":["GET"]}}],"collection":[{"href":"https:\/\/www.retaildetail.be\/fr\/wp-json\/wp\/v2\/posts"}],"about":[{"href":"https:\/\/www.retaildetail.be\/fr\/wp-json\/wp\/v2\/types\/post"}],"author":[{"embeddable":true,"href":"https:\/\/www.retaildetail.be\/fr\/wp-json\/wp\/v2\/users\/1"}],"replies":[{"embeddable":true,"href":"https:\/\/www.retaildetail.be\/fr\/wp-json\/wp\/v2\/comments?post=2234"}],"version-history":[{"count":0,"href":"https:\/\/www.retaildetail.be\/fr\/wp-json\/wp\/v2\/posts\/2234\/revisions"}],"wp:featuredmedia":[{"embeddable":true,"href":"https:\/\/www.retaildetail.be\/fr\/wp-json\/wp\/v2\/media\/84"}],"wp:attachment":[{"href":"https:\/\/www.retaildetail.be\/fr\/wp-json\/wp\/v2\/media?parent=2234"}],"wp:term":[{"taxonomy":"category","embeddable":true,"href":"https:\/\/www.retaildetail.be\/fr\/wp-json\/wp\/v2\/categories?post=2234"},{"taxonomy":"post_tag","embeddable":true,"href":"https:\/\/www.retaildetail.be\/fr\/wp-json\/wp\/v2\/tags?post=2234"},{"taxonomy":"people","embeddable":true,"href":"https:\/\/www.retaildetail.be\/fr\/wp-json\/wp\/v2\/people?post=2234"},{"taxonomy":"extra","embeddable":true,"href":"https:\/\/www.retaildetail.be\/fr\/wp-json\/wp\/v2\/extra?post=2234"},{"taxonomy":"company","embeddable":true,"href":"https:\/\/www.retaildetail.be\/fr\/wp-json\/wp\/v2\/company?post=2234"},{"taxonomy":"topic","embeddable":true,"href":"https:\/\/www.retaildetail.be\/fr\/wp-json\/wp\/v2\/topic?post=2234"},{"taxonomy":"region","embeddable":true,"href":"https:\/\/www.retaildetail.be\/fr\/wp-json\/wp\/v2\/region?post=2234"}],"curies":[{"name":"wp","href":"https:\/\/api.w.org\/{rel}","templated":true}]}}