{"id":2262,"date":"2012-11-07T11:35:02","date_gmt":"2012-11-07T11:35:02","guid":{"rendered":"https:\/\/www.retaildetail.be\/food\/les-reductions-de-prix-affectent-la-rentabilite-de-delhaize\/"},"modified":"2012-11-07T11:35:02","modified_gmt":"2012-11-07T11:35:02","slug":"les-reductions-de-prix-affectent-la-rentabilite-de-delhaize","status":"publish","type":"post","link":"https:\/\/www.retaildetail.be\/fr\/news\/food\/les-reductions-de-prix-affectent-la-rentabilite-de-delhaize\/","title":{"rendered":"Les r\u00e9ductions de prix affectent la rentabilit\u00e9 de Delhaize"},"content":{"rendered":"<h2>Une croissance positive des revenus<\/h2>\n<p>Dans ses magasins belges Delhaize enregistre un chiffre d\u2019affaires de 1,2 milliard d\u2019euros pour le troisi\u00e8me trimestre, une hausse de 0,4% par rapport \u00e0 2011, suite \u00e0 la progression du chiffre d\u2019affaires comparable de 0,6% et \u00e0 la contribution de nouveaux magasins partiellement compens\u00e9es par un effet calendrier n\u00e9gatif de 1,2%.<\/p>\n<p>Durant le troisi\u00e8me trimestre les revenus de Delhaize America, le centre de gravit\u00e9 du groupe, ont augment\u00e9 de 10,2% \u00e0 3,829 milliards d\u2019euros. En dollars par contre les revenus ont diminu\u00e9 de 2,4%. Ce recul est attribuable en grande partie \u00e0 la fermeture de 126 magasins, combin\u00e9 \u00e0 une d\u00e9flation des prix. Sur base comparable le chiffre d\u2019affaires a diminu\u00e9 de 1,6%.<\/p>\n<p>Dans le Sud-Est de l\u2019Europe et en Asie par contre Delhaize affiche de bonnes performances. Les ventes y ont progress\u00e9 de 24,8% \u00e0 taux de change identiques, principalement suite \u00e0 l\u2019acquisition de la cha\u00eene serbe Maxi. Hormis Maxi les revenus ont augment\u00e9 de 9,9%.<\/p>\n<h2>\n<br \/>La rentabilit\u00e9 sous pression<\/h2>\n<p>Toutefois la progression du chiffre d\u2019affaires global ne se traduit pas dans le b\u00e9n\u00e9fice d\u2019exploitation. Suite \u00e0 la politique de r\u00e9duction des prix appliqu\u00e9e par le distributeur, la marge brute pour la totalit\u00e9 du groupe a diminu\u00e9 de\u00a0 pr\u00e8s d\u2019un pour cent \u00e0 24,5%. Pour l\u2019ensemble de l\u2019ann\u00e9e Delhaize pr\u00e9voit un b\u00e9n\u00e9fice d\u2019exploitation en baisse de 20% par rapport \u00e0 2011.<\/p>\n<p>Durant le troisi\u00e8me trimestre 2012 Delhaize a n\u00e9anmoins r\u00e9alis\u00e9 un b\u00e9n\u00e9fice net de 199 millions d\u2019euros, soit une augmentation de pr\u00e8s 50% par rapport aux 133 millions d\u2019euros r\u00e9alis\u00e9s durant la m\u00eame p\u00e9riode en 2011. Cette hausse est attribuable principalement au r\u00e8glement favorable de questions fiscales aux Etats-Unis, qui a donn\u00e9 lieu \u00e0 la comptabilisation d\u2019un produit d\u2019imp\u00f4t de 47 millions d\u2019euros.<\/p>\n<p>\u00a0<\/p>\n<h2>Repositionnement de Food Lion<\/h2>\n<p>Pierrre-Olivier Beckers, Administrateur D\u00e9l\u00e9gu\u00e9 du Groupe Delhaize, s\u2019est montr\u00e9 satisfait des performances r\u00e9alis\u00e9es aux USA. Les r\u00e9sultats engendr\u00e9s par le repositionnement de sa filiale Food Lion,\u00a0 qui s\u2019adressera dor\u00e9navant \u00e0 un segment de march\u00e9 inf\u00e9rieur, sont encourageants. Pour les magasins d\u00e9j\u00e0 repositionn\u00e9s le chiffre d\u2019affaires est en l\u00e9g\u00e8re hausse. La nomination de Roland Smith en tant que CEO de Delhaize America devrait acc\u00e9l\u00e9rer ces transformations.<\/p>\n<p>Quant \u00e0 la Belgique, Beckers constate que <a target=\"_blank\" href=\"http:\/\/www.delhaize.com\/fr\/CentredePublications\/AutresCommuniqu%C3%A9sdePresse\/Communiqu%C3%A9sdepresseView\/tabid\/413\/Article\/1323\/resultats-du-3eme-trimestre-2012-du-groupe-delhaize.aspx\" rel=\"noopener\">les circonstances \u00e9conomiques et concurrentielles ne se sont pas am\u00e9lior\u00e9es<\/a>. Il estime que la crise persistante affectera \u00e9galement les r\u00e9sultats d\u2019exploitation au quatri\u00e8me trimestre. \u00ab M\u00eame si nous ne sommes pas satisfaits de l\u2019\u00e9volution de notre part de march\u00e9, nous sommes encourag\u00e9s par le deuxi\u00e8me trimestre cons\u00e9cutif de croissance positive du chiffre d\u2019affaires comparable \u00bb, d\u00e9clare Beckers.<\/p>\n<p>Pour le Sud-Est de l\u2019Europe et l\u2019Asie, Beckers se dit satisfait : \u00ab\u00a0 Nos initiatives portent leurs fruits et ont permis une croissance solide des revenus et une am\u00e9lioration de la\u00a0 rentabilit\u00e9. \u00bb<\/p>\n<p>\u00a0<\/p>\n<p>\u00a0<\/p>\n<p><em>Traduction : Marie-No\u00eblle Masure<\/em><\/p>\n","protected":false},"excerpt":{"rendered":"<p>Une croissance positive des revenus Dans ses magasins belges Delhaize enregistre un chiffre d\u2019affaires de 1,2 milliard d\u2019euros pour le troisi\u00e8me trimestre, une hausse de 0,4% par rapport \u00e0 2011, suite \u00e0 la progression du chiffre d\u2019affaires comparable de 0,6% et \u00e0 la contribution de nouveaux magasins partiellement compens\u00e9es par un effet calendrier n\u00e9gatif de [&hellip;]<\/p>\n","protected":false},"author":1,"featured_media":84,"comment_status":"closed","ping_status":"closed","sticky":false,"template":"","format":"standard","meta":{"_acf_changed":false,"inline_featured_image":false,"_jetpack_memberships_contains_paid_content":false,"footnotes":""},"categories":[24],"tags":[],"people":[],"extra":[],"company":[],"topic":[],"region":[],"class_list":["post-2262","post","type-post","status-publish","format-standard","has-post-thumbnail","hentry","category-food"],"acf":[],"yoast_head":"<!-- This site is optimized with the Yoast SEO plugin v27.3 - https:\/\/yoast.com\/product\/yoast-seo-wordpress\/ -->\n<title>Les r\u00e9ductions de prix affectent la rentabilit\u00e9 de Delhaize - RetailDetail BE<\/title>\n<meta name=\"robots\" content=\"index, follow, max-snippet:-1, max-image-preview:large, max-video-preview:-1\" \/>\n<link rel=\"canonical\" href=\"https:\/\/www.retaildetail.be\/fr\/news\/food\/les-reductions-de-prix-affectent-la-rentabilite-de-delhaize\/\" \/>\n<meta property=\"og:locale\" content=\"fr_FR\" \/>\n<meta property=\"og:type\" content=\"article\" \/>\n<meta property=\"og:title\" content=\"Les r\u00e9ductions de prix affectent la rentabilit\u00e9 de Delhaize - RetailDetail BE\" \/>\n<meta property=\"og:description\" content=\"Une croissance positive des revenus Dans ses magasins belges Delhaize enregistre un chiffre d\u2019affaires de 1,2 milliard d\u2019euros pour le troisi\u00e8me trimestre, une hausse de 0,4% par rapport \u00e0 2011, suite \u00e0 la progression du chiffre d\u2019affaires comparable de 0,6% et \u00e0 la contribution de nouveaux magasins partiellement compens\u00e9es par un effet calendrier n\u00e9gatif de [&hellip;]\" \/>\n<meta property=\"og:url\" content=\"https:\/\/www.retaildetail.be\/fr\/news\/food\/les-reductions-de-prix-affectent-la-rentabilite-de-delhaize\/\" \/>\n<meta property=\"og:site_name\" content=\"RetailDetail BE\" \/>\n<meta property=\"article:published_time\" content=\"2012-11-07T11:35:02+00:00\" \/>\n<meta property=\"og:image\" content=\"https:\/\/i0.wp.com\/www.retaildetail.be\/wp-content\/uploads\/2022\/04\/logo.png?fit=281%2C147&quality=100&strip=all&ssl=1\" \/>\n\t<meta property=\"og:image:width\" content=\"281\" \/>\n\t<meta property=\"og:image:height\" content=\"147\" \/>\n\t<meta property=\"og:image:type\" content=\"image\/png\" \/>\n<meta name=\"author\" content=\"dev@grandiz.com\" \/>\n<meta name=\"twitter:card\" content=\"summary_large_image\" \/>\n<meta name=\"twitter:label1\" content=\"\u00c9crit par\" \/>\n\t<meta name=\"twitter:data1\" content=\"dev@grandiz.com\" \/>\n\t<meta name=\"twitter:label2\" content=\"Dur\u00e9e de lecture estim\u00e9e\" \/>\n\t<meta name=\"twitter:data2\" content=\"2 minutes\" \/>\n<script type=\"application\/ld+json\" class=\"yoast-schema-graph\">{\"@context\":\"https:\\\/\\\/schema.org\",\"@graph\":[{\"@type\":\"NewsArticle\",\"@id\":\"https:\\\/\\\/www.retaildetail.be\\\/fr\\\/news\\\/food\\\/les-reductions-de-prix-affectent-la-rentabilite-de-delhaize\\\/#article\",\"isPartOf\":{\"@id\":\"https:\\\/\\\/www.retaildetail.be\\\/fr\\\/news\\\/food\\\/les-reductions-de-prix-affectent-la-rentabilite-de-delhaize\\\/\"},\"author\":{\"name\":\"dev@grandiz.com\",\"@id\":\"https:\\\/\\\/www.retaildetail.be\\\/nl\\\/#\\\/schema\\\/person\\\/ba2d383452a753a3a1ce8cdb349b5fc9\"},\"headline\":\"Les r\u00e9ductions de prix affectent la rentabilit\u00e9 de Delhaize\",\"datePublished\":\"2012-11-07T11:35:02+00:00\",\"mainEntityOfPage\":{\"@id\":\"https:\\\/\\\/www.retaildetail.be\\\/fr\\\/news\\\/food\\\/les-reductions-de-prix-affectent-la-rentabilite-de-delhaize\\\/\"},\"wordCount\":506,\"publisher\":{\"@id\":\"https:\\\/\\\/www.retaildetail.be\\\/nl\\\/#organization\"},\"image\":{\"@id\":\"https:\\\/\\\/www.retaildetail.be\\\/fr\\\/news\\\/food\\\/les-reductions-de-prix-affectent-la-rentabilite-de-delhaize\\\/#primaryimage\"},\"thumbnailUrl\":\"https:\\\/\\\/www.retaildetail.be\\\/wp-content\\\/uploads\\\/2022\\\/04\\\/logo.png\",\"articleSection\":[\"Food\"],\"inLanguage\":\"fr-FR\",\"copyrightYear\":\"2012\",\"copyrightHolder\":{\"@id\":\"https:\\\/\\\/www.retaildetail.be\\\/#organization\"}},{\"@type\":\"WebPage\",\"@id\":\"https:\\\/\\\/www.retaildetail.be\\\/fr\\\/news\\\/food\\\/les-reductions-de-prix-affectent-la-rentabilite-de-delhaize\\\/\",\"url\":\"https:\\\/\\\/www.retaildetail.be\\\/fr\\\/news\\\/food\\\/les-reductions-de-prix-affectent-la-rentabilite-de-delhaize\\\/\",\"name\":\"Les r\u00e9ductions de prix affectent la rentabilit\u00e9 de Delhaize - RetailDetail BE\",\"isPartOf\":{\"@id\":\"https:\\\/\\\/www.retaildetail.be\\\/nl\\\/#website\"},\"primaryImageOfPage\":{\"@id\":\"https:\\\/\\\/www.retaildetail.be\\\/fr\\\/news\\\/food\\\/les-reductions-de-prix-affectent-la-rentabilite-de-delhaize\\\/#primaryimage\"},\"image\":{\"@id\":\"https:\\\/\\\/www.retaildetail.be\\\/fr\\\/news\\\/food\\\/les-reductions-de-prix-affectent-la-rentabilite-de-delhaize\\\/#primaryimage\"},\"thumbnailUrl\":\"https:\\\/\\\/www.retaildetail.be\\\/wp-content\\\/uploads\\\/2022\\\/04\\\/logo.png\",\"datePublished\":\"2012-11-07T11:35:02+00:00\",\"breadcrumb\":{\"@id\":\"https:\\\/\\\/www.retaildetail.be\\\/fr\\\/news\\\/food\\\/les-reductions-de-prix-affectent-la-rentabilite-de-delhaize\\\/#breadcrumb\"},\"inLanguage\":\"fr-FR\",\"potentialAction\":[{\"@type\":\"ReadAction\",\"target\":[\"https:\\\/\\\/www.retaildetail.be\\\/fr\\\/news\\\/food\\\/les-reductions-de-prix-affectent-la-rentabilite-de-delhaize\\\/\"]}]},{\"@type\":\"ImageObject\",\"inLanguage\":\"fr-FR\",\"@id\":\"https:\\\/\\\/www.retaildetail.be\\\/fr\\\/news\\\/food\\\/les-reductions-de-prix-affectent-la-rentabilite-de-delhaize\\\/#primaryimage\",\"url\":\"https:\\\/\\\/www.retaildetail.be\\\/wp-content\\\/uploads\\\/2022\\\/04\\\/logo.png\",\"contentUrl\":\"https:\\\/\\\/www.retaildetail.be\\\/wp-content\\\/uploads\\\/2022\\\/04\\\/logo.png\",\"width\":281,\"height\":147},{\"@type\":\"BreadcrumbList\",\"@id\":\"https:\\\/\\\/www.retaildetail.be\\\/fr\\\/news\\\/food\\\/les-reductions-de-prix-affectent-la-rentabilite-de-delhaize\\\/#breadcrumb\",\"itemListElement\":[{\"@type\":\"ListItem\",\"position\":1,\"name\":\"Home\",\"item\":\"https:\\\/\\\/www.retaildetail.be\\\/fr\\\/\"},{\"@type\":\"ListItem\",\"position\":2,\"name\":\"Les r\u00e9ductions de prix affectent la rentabilit\u00e9 de Delhaize\"}]},{\"@type\":\"WebSite\",\"@id\":\"https:\\\/\\\/www.retaildetail.be\\\/nl\\\/#website\",\"url\":\"https:\\\/\\\/www.retaildetail.be\\\/nl\\\/\",\"name\":\"RetailDetail BE\",\"description\":\"News\",\"publisher\":{\"@id\":\"https:\\\/\\\/www.retaildetail.be\\\/nl\\\/#organization\"},\"potentialAction\":[{\"@type\":\"SearchAction\",\"target\":{\"@type\":\"EntryPoint\",\"urlTemplate\":\"https:\\\/\\\/www.retaildetail.be\\\/nl\\\/?s={search_term_string}\"},\"query-input\":{\"@type\":\"PropertyValueSpecification\",\"valueRequired\":true,\"valueName\":\"search_term_string\"}}],\"inLanguage\":\"fr-FR\"},{\"@type\":\"Organization\",\"@id\":\"https:\\\/\\\/www.retaildetail.be\\\/nl\\\/#organization\",\"name\":\"RetailDetail BE\",\"url\":\"https:\\\/\\\/www.retaildetail.be\\\/nl\\\/\",\"logo\":{\"@type\":\"ImageObject\",\"inLanguage\":\"fr-FR\",\"@id\":\"https:\\\/\\\/www.retaildetail.be\\\/nl\\\/#\\\/schema\\\/logo\\\/image\\\/\",\"url\":\"https:\\\/\\\/www.retaildetail.be\\\/wp-content\\\/uploads\\\/2022\\\/04\\\/logo.svg\",\"contentUrl\":\"https:\\\/\\\/www.retaildetail.be\\\/wp-content\\\/uploads\\\/2022\\\/04\\\/logo.svg\",\"width\":131,\"height\":70,\"caption\":\"RetailDetail BE\"},\"image\":{\"@id\":\"https:\\\/\\\/www.retaildetail.be\\\/nl\\\/#\\\/schema\\\/logo\\\/image\\\/\"}},{\"@type\":\"Person\",\"@id\":\"https:\\\/\\\/www.retaildetail.be\\\/nl\\\/#\\\/schema\\\/person\\\/ba2d383452a753a3a1ce8cdb349b5fc9\",\"name\":\"dev@grandiz.com\",\"image\":{\"@type\":\"ImageObject\",\"inLanguage\":\"fr-FR\",\"@id\":\"https:\\\/\\\/secure.gravatar.com\\\/avatar\\\/5f53ce9fb6eed4a60e5aaaa712be8773880fa9459d9cac9bc4aa4fdbce3f447f?s=96&d=mm&r=g\",\"url\":\"https:\\\/\\\/secure.gravatar.com\\\/avatar\\\/5f53ce9fb6eed4a60e5aaaa712be8773880fa9459d9cac9bc4aa4fdbce3f447f?s=96&d=mm&r=g\",\"contentUrl\":\"https:\\\/\\\/secure.gravatar.com\\\/avatar\\\/5f53ce9fb6eed4a60e5aaaa712be8773880fa9459d9cac9bc4aa4fdbce3f447f?s=96&d=mm&r=g\",\"caption\":\"dev@grandiz.com\"},\"sameAs\":[\"http:\\\/\\\/preprod.retaildetail.be\"],\"url\":\"https:\\\/\\\/www.retaildetail.be\\\/fr\\\/author\\\/devgrandiz-com\\\/\"}]}<\/script>\n<!-- \/ Yoast SEO plugin. -->","yoast_head_json":{"title":"Les r\u00e9ductions de prix affectent la rentabilit\u00e9 de Delhaize - RetailDetail BE","robots":{"index":"index","follow":"follow","max-snippet":"max-snippet:-1","max-image-preview":"max-image-preview:large","max-video-preview":"max-video-preview:-1"},"canonical":"https:\/\/www.retaildetail.be\/fr\/news\/food\/les-reductions-de-prix-affectent-la-rentabilite-de-delhaize\/","og_locale":"fr_FR","og_type":"article","og_title":"Les r\u00e9ductions de prix affectent la rentabilit\u00e9 de Delhaize - RetailDetail BE","og_description":"Une croissance positive des revenus Dans ses magasins belges Delhaize enregistre un chiffre d\u2019affaires de 1,2 milliard d\u2019euros pour le troisi\u00e8me trimestre, une hausse de 0,4% par rapport \u00e0 2011, suite \u00e0 la progression du chiffre d\u2019affaires comparable de 0,6% et \u00e0 la contribution de nouveaux magasins partiellement compens\u00e9es par un effet calendrier n\u00e9gatif de [&hellip;]","og_url":"https:\/\/www.retaildetail.be\/fr\/news\/food\/les-reductions-de-prix-affectent-la-rentabilite-de-delhaize\/","og_site_name":"RetailDetail BE","article_published_time":"2012-11-07T11:35:02+00:00","og_image":[{"width":281,"height":147,"url":"https:\/\/i0.wp.com\/www.retaildetail.be\/wp-content\/uploads\/2022\/04\/logo.png?fit=281%2C147&quality=100&strip=all&ssl=1","type":"image\/png"}],"author":"dev@grandiz.com","twitter_card":"summary_large_image","twitter_misc":{"\u00c9crit par":"dev@grandiz.com","Dur\u00e9e de lecture estim\u00e9e":"2 minutes"},"schema":{"@context":"https:\/\/schema.org","@graph":[{"@type":"NewsArticle","@id":"https:\/\/www.retaildetail.be\/fr\/news\/food\/les-reductions-de-prix-affectent-la-rentabilite-de-delhaize\/#article","isPartOf":{"@id":"https:\/\/www.retaildetail.be\/fr\/news\/food\/les-reductions-de-prix-affectent-la-rentabilite-de-delhaize\/"},"author":{"name":"dev@grandiz.com","@id":"https:\/\/www.retaildetail.be\/nl\/#\/schema\/person\/ba2d383452a753a3a1ce8cdb349b5fc9"},"headline":"Les r\u00e9ductions de prix affectent la rentabilit\u00e9 de Delhaize","datePublished":"2012-11-07T11:35:02+00:00","mainEntityOfPage":{"@id":"https:\/\/www.retaildetail.be\/fr\/news\/food\/les-reductions-de-prix-affectent-la-rentabilite-de-delhaize\/"},"wordCount":506,"publisher":{"@id":"https:\/\/www.retaildetail.be\/nl\/#organization"},"image":{"@id":"https:\/\/www.retaildetail.be\/fr\/news\/food\/les-reductions-de-prix-affectent-la-rentabilite-de-delhaize\/#primaryimage"},"thumbnailUrl":"https:\/\/www.retaildetail.be\/wp-content\/uploads\/2022\/04\/logo.png","articleSection":["Food"],"inLanguage":"fr-FR","copyrightYear":"2012","copyrightHolder":{"@id":"https:\/\/www.retaildetail.be\/#organization"}},{"@type":"WebPage","@id":"https:\/\/www.retaildetail.be\/fr\/news\/food\/les-reductions-de-prix-affectent-la-rentabilite-de-delhaize\/","url":"https:\/\/www.retaildetail.be\/fr\/news\/food\/les-reductions-de-prix-affectent-la-rentabilite-de-delhaize\/","name":"Les r\u00e9ductions de prix affectent la rentabilit\u00e9 de Delhaize - RetailDetail BE","isPartOf":{"@id":"https:\/\/www.retaildetail.be\/nl\/#website"},"primaryImageOfPage":{"@id":"https:\/\/www.retaildetail.be\/fr\/news\/food\/les-reductions-de-prix-affectent-la-rentabilite-de-delhaize\/#primaryimage"},"image":{"@id":"https:\/\/www.retaildetail.be\/fr\/news\/food\/les-reductions-de-prix-affectent-la-rentabilite-de-delhaize\/#primaryimage"},"thumbnailUrl":"https:\/\/www.retaildetail.be\/wp-content\/uploads\/2022\/04\/logo.png","datePublished":"2012-11-07T11:35:02+00:00","breadcrumb":{"@id":"https:\/\/www.retaildetail.be\/fr\/news\/food\/les-reductions-de-prix-affectent-la-rentabilite-de-delhaize\/#breadcrumb"},"inLanguage":"fr-FR","potentialAction":[{"@type":"ReadAction","target":["https:\/\/www.retaildetail.be\/fr\/news\/food\/les-reductions-de-prix-affectent-la-rentabilite-de-delhaize\/"]}]},{"@type":"ImageObject","inLanguage":"fr-FR","@id":"https:\/\/www.retaildetail.be\/fr\/news\/food\/les-reductions-de-prix-affectent-la-rentabilite-de-delhaize\/#primaryimage","url":"https:\/\/www.retaildetail.be\/wp-content\/uploads\/2022\/04\/logo.png","contentUrl":"https:\/\/www.retaildetail.be\/wp-content\/uploads\/2022\/04\/logo.png","width":281,"height":147},{"@type":"BreadcrumbList","@id":"https:\/\/www.retaildetail.be\/fr\/news\/food\/les-reductions-de-prix-affectent-la-rentabilite-de-delhaize\/#breadcrumb","itemListElement":[{"@type":"ListItem","position":1,"name":"Home","item":"https:\/\/www.retaildetail.be\/fr\/"},{"@type":"ListItem","position":2,"name":"Les r\u00e9ductions de prix affectent la rentabilit\u00e9 de Delhaize"}]},{"@type":"WebSite","@id":"https:\/\/www.retaildetail.be\/nl\/#website","url":"https:\/\/www.retaildetail.be\/nl\/","name":"RetailDetail BE","description":"News","publisher":{"@id":"https:\/\/www.retaildetail.be\/nl\/#organization"},"potentialAction":[{"@type":"SearchAction","target":{"@type":"EntryPoint","urlTemplate":"https:\/\/www.retaildetail.be\/nl\/?s={search_term_string}"},"query-input":{"@type":"PropertyValueSpecification","valueRequired":true,"valueName":"search_term_string"}}],"inLanguage":"fr-FR"},{"@type":"Organization","@id":"https:\/\/www.retaildetail.be\/nl\/#organization","name":"RetailDetail BE","url":"https:\/\/www.retaildetail.be\/nl\/","logo":{"@type":"ImageObject","inLanguage":"fr-FR","@id":"https:\/\/www.retaildetail.be\/nl\/#\/schema\/logo\/image\/","url":"https:\/\/www.retaildetail.be\/wp-content\/uploads\/2022\/04\/logo.svg","contentUrl":"https:\/\/www.retaildetail.be\/wp-content\/uploads\/2022\/04\/logo.svg","width":131,"height":70,"caption":"RetailDetail BE"},"image":{"@id":"https:\/\/www.retaildetail.be\/nl\/#\/schema\/logo\/image\/"}},{"@type":"Person","@id":"https:\/\/www.retaildetail.be\/nl\/#\/schema\/person\/ba2d383452a753a3a1ce8cdb349b5fc9","name":"dev@grandiz.com","image":{"@type":"ImageObject","inLanguage":"fr-FR","@id":"https:\/\/secure.gravatar.com\/avatar\/5f53ce9fb6eed4a60e5aaaa712be8773880fa9459d9cac9bc4aa4fdbce3f447f?s=96&d=mm&r=g","url":"https:\/\/secure.gravatar.com\/avatar\/5f53ce9fb6eed4a60e5aaaa712be8773880fa9459d9cac9bc4aa4fdbce3f447f?s=96&d=mm&r=g","contentUrl":"https:\/\/secure.gravatar.com\/avatar\/5f53ce9fb6eed4a60e5aaaa712be8773880fa9459d9cac9bc4aa4fdbce3f447f?s=96&d=mm&r=g","caption":"dev@grandiz.com"},"sameAs":["http:\/\/preprod.retaildetail.be"],"url":"https:\/\/www.retaildetail.be\/fr\/author\/devgrandiz-com\/"}]}},"jetpack_featured_media_url":"https:\/\/www.retaildetail.be\/wp-content\/uploads\/2022\/04\/logo.png","jetpack_sharing_enabled":true,"_links":{"self":[{"href":"https:\/\/www.retaildetail.be\/fr\/wp-json\/wp\/v2\/posts\/2262","targetHints":{"allow":["GET"]}}],"collection":[{"href":"https:\/\/www.retaildetail.be\/fr\/wp-json\/wp\/v2\/posts"}],"about":[{"href":"https:\/\/www.retaildetail.be\/fr\/wp-json\/wp\/v2\/types\/post"}],"author":[{"embeddable":true,"href":"https:\/\/www.retaildetail.be\/fr\/wp-json\/wp\/v2\/users\/1"}],"replies":[{"embeddable":true,"href":"https:\/\/www.retaildetail.be\/fr\/wp-json\/wp\/v2\/comments?post=2262"}],"version-history":[{"count":0,"href":"https:\/\/www.retaildetail.be\/fr\/wp-json\/wp\/v2\/posts\/2262\/revisions"}],"wp:featuredmedia":[{"embeddable":true,"href":"https:\/\/www.retaildetail.be\/fr\/wp-json\/wp\/v2\/media\/84"}],"wp:attachment":[{"href":"https:\/\/www.retaildetail.be\/fr\/wp-json\/wp\/v2\/media?parent=2262"}],"wp:term":[{"taxonomy":"category","embeddable":true,"href":"https:\/\/www.retaildetail.be\/fr\/wp-json\/wp\/v2\/categories?post=2262"},{"taxonomy":"post_tag","embeddable":true,"href":"https:\/\/www.retaildetail.be\/fr\/wp-json\/wp\/v2\/tags?post=2262"},{"taxonomy":"people","embeddable":true,"href":"https:\/\/www.retaildetail.be\/fr\/wp-json\/wp\/v2\/people?post=2262"},{"taxonomy":"extra","embeddable":true,"href":"https:\/\/www.retaildetail.be\/fr\/wp-json\/wp\/v2\/extra?post=2262"},{"taxonomy":"company","embeddable":true,"href":"https:\/\/www.retaildetail.be\/fr\/wp-json\/wp\/v2\/company?post=2262"},{"taxonomy":"topic","embeddable":true,"href":"https:\/\/www.retaildetail.be\/fr\/wp-json\/wp\/v2\/topic?post=2262"},{"taxonomy":"region","embeddable":true,"href":"https:\/\/www.retaildetail.be\/fr\/wp-json\/wp\/v2\/region?post=2262"}],"curies":[{"name":"wp","href":"https:\/\/api.w.org\/{rel}","templated":true}]}}