{"id":2264,"date":"2012-11-07T13:26:57","date_gmt":"2012-11-07T13:26:57","guid":{"rendered":"https:\/\/www.retaildetail.be\/food\/nouvelles-mesures-pour-le-bien-etre-animal-chez-carrefour\/"},"modified":"2012-11-07T13:26:57","modified_gmt":"2012-11-07T13:26:57","slug":"nouvelles-mesures-pour-le-bien-etre-animal-chez-carrefour","status":"publish","type":"post","link":"https:\/\/www.retaildetail.be\/fr\/news\/food\/nouvelles-mesures-pour-le-bien-etre-animal-chez-carrefour\/","title":{"rendered":"Nouvelles mesures pour le bien-\u00eatre animal chez Carrefour"},"content":{"rendered":"<h2>1. Uniquement des \u0153ufs\u00a0 issus d\u2019\u00e9levages de poules hors cages<\/h2>\n<p><strong>A partir de l\u2019ann\u00e9e prochaine<\/strong> Carrefour utilisera uniquement des \u0153ufs issus d\u2019\u00e9levages de poules hors cages pour une trentaine de produits de marque propre. Il s\u2019agit <strong>principalement de sauces fabriqu\u00e9es en Belgique<\/strong>.\u00a0 Le distributeur a entam\u00e9 les n\u00e9gociations avec les fournisseurs et d\u2019ici 2013 la conversion devrait \u00eatre compl\u00e8te.<\/p>\n<p>Par ailleurs\u00a0 les \u0153ufs frais\u00a0 de poules \u00e9lev\u00e9es en cages ne sont plus en vente chez Carrefour depuis 2008.<\/p>\n<h2>\n<br \/>2. La viande de porcelets castr\u00e9s bannie des rayons<\/h2>\n<p>Au plus tard pour fin 2013 Carrefour ne proposera plus de viande issue de porcelets castr\u00e9s dans ses rayons. Carrefour est <strong>la quatri\u00e8me grande cha\u00eene de distribution \u00e0 prendre cette d\u00e9cision, apr\u00e8s Colruyt, Lidl et Delhaize.<\/strong><\/p>\n<p>\u00ab Nous programmons cette conversion pour fin 2013. Nous voulons ainsi donner aux <strong>producteurs le temps de s&rsquo;adapter au march\u00e9 en \u00e9volution<\/strong> \u00bb, confirme Pascal L\u00e9glise de Carrefour Belgique. \u00ab Une d\u00e9cision respectueuse des animaux qui \u00e9pargnera chaque ann\u00e9e \u00e0 un demi-million de porcelets les souffrances atroces de la castration \u00bb, commente Michel Vandenbosch, pr\u00e9sident de GAIA.<\/p>\n<h2>\n<br \/>3. Abattage avec \u00e9tourdissement pr\u00e9alable (y compris pour la viande halal)<\/h2>\n<p><strong>Depuis ce mois-ci,<\/strong> Carrefour exige que tout l\u2019assortiment de viande vendu au rayon frais soit issu d\u2019un abattage avec \u00e9tourdissement, y compris pour la viande halal. Pour la viande de mouton halal \u2013 provenant essentiellement de Nouvelle-Z\u00e9lande \u2013 c\u2019\u00e9tait d\u00e9j\u00e0 le cas ; \u00e0 pr\u00e9sent <strong>cette mesure a \u00e9t\u00e9 g\u00e9n\u00e9ralis\u00e9e pour tout type de viande.<\/strong><\/p>\n<p>\u00ab Carrefour prend ici une d\u00e9cision exemplaire, qui \u00e9pargnera des milliers d&rsquo;animaux du calvaire de l&rsquo;abattage sans \u00e9tourdissement\u00bb, souligne Michel Vandenbosch avec satisfaction.<\/p>\n<p>\u00a0<\/p>\n<p>\u00a0<\/p>\n<p><em>Traduction : Marie-No\u00eblle Masure<\/em><\/p>\n","protected":false},"excerpt":{"rendered":"<p>1. Uniquement des \u0153ufs\u00a0 issus d\u2019\u00e9levages de poules hors cages A partir de l\u2019ann\u00e9e prochaine Carrefour utilisera uniquement des \u0153ufs issus d\u2019\u00e9levages de poules hors cages pour une trentaine de produits de marque propre. Il s\u2019agit principalement de sauces fabriqu\u00e9es en Belgique.\u00a0 Le distributeur a entam\u00e9 les n\u00e9gociations avec les fournisseurs et d\u2019ici 2013 la [&hellip;]<\/p>\n","protected":false},"author":1,"featured_media":84,"comment_status":"closed","ping_status":"closed","sticky":false,"template":"","format":"standard","meta":{"_acf_changed":false,"inline_featured_image":false,"_jetpack_memberships_contains_paid_content":false,"footnotes":""},"categories":[24],"tags":[],"people":[],"extra":[],"company":[],"topic":[],"region":[],"class_list":["post-2264","post","type-post","status-publish","format-standard","has-post-thumbnail","hentry","category-food"],"acf":[],"yoast_head":"<!-- This site is optimized with the Yoast SEO plugin v27.3 - https:\/\/yoast.com\/product\/yoast-seo-wordpress\/ -->\n<title>Nouvelles mesures pour le bien-\u00eatre animal chez Carrefour - RetailDetail BE<\/title>\n<meta name=\"robots\" content=\"index, follow, max-snippet:-1, max-image-preview:large, max-video-preview:-1\" \/>\n<link rel=\"canonical\" href=\"https:\/\/www.retaildetail.be\/fr\/news\/food\/nouvelles-mesures-pour-le-bien-etre-animal-chez-carrefour\/\" \/>\n<meta property=\"og:locale\" content=\"fr_FR\" \/>\n<meta property=\"og:type\" content=\"article\" \/>\n<meta property=\"og:title\" content=\"Nouvelles mesures pour le bien-\u00eatre animal chez Carrefour - RetailDetail BE\" \/>\n<meta property=\"og:description\" content=\"1. Uniquement des \u0153ufs\u00a0 issus d\u2019\u00e9levages de poules hors cages A partir de l\u2019ann\u00e9e prochaine Carrefour utilisera uniquement des \u0153ufs issus d\u2019\u00e9levages de poules hors cages pour une trentaine de produits de marque propre. Il s\u2019agit principalement de sauces fabriqu\u00e9es en Belgique.\u00a0 Le distributeur a entam\u00e9 les n\u00e9gociations avec les fournisseurs et d\u2019ici 2013 la [&hellip;]\" \/>\n<meta property=\"og:url\" content=\"https:\/\/www.retaildetail.be\/fr\/news\/food\/nouvelles-mesures-pour-le-bien-etre-animal-chez-carrefour\/\" \/>\n<meta property=\"og:site_name\" content=\"RetailDetail BE\" \/>\n<meta property=\"article:published_time\" content=\"2012-11-07T13:26:57+00:00\" \/>\n<meta property=\"og:image\" content=\"https:\/\/i0.wp.com\/www.retaildetail.be\/wp-content\/uploads\/2022\/04\/logo.png?fit=281%2C147&quality=100&strip=all&ssl=1\" \/>\n\t<meta property=\"og:image:width\" content=\"281\" \/>\n\t<meta property=\"og:image:height\" content=\"147\" \/>\n\t<meta property=\"og:image:type\" content=\"image\/png\" \/>\n<meta name=\"author\" content=\"dev@grandiz.com\" \/>\n<meta name=\"twitter:card\" content=\"summary_large_image\" \/>\n<meta name=\"twitter:label1\" content=\"\u00c9crit par\" \/>\n\t<meta name=\"twitter:data1\" content=\"dev@grandiz.com\" \/>\n\t<meta name=\"twitter:label2\" content=\"Dur\u00e9e de lecture estim\u00e9e\" \/>\n\t<meta name=\"twitter:data2\" content=\"1 minute\" \/>\n<script type=\"application\/ld+json\" class=\"yoast-schema-graph\">{\"@context\":\"https:\\\/\\\/schema.org\",\"@graph\":[{\"@type\":\"NewsArticle\",\"@id\":\"https:\\\/\\\/www.retaildetail.be\\\/fr\\\/news\\\/food\\\/nouvelles-mesures-pour-le-bien-etre-animal-chez-carrefour\\\/#article\",\"isPartOf\":{\"@id\":\"https:\\\/\\\/www.retaildetail.be\\\/fr\\\/news\\\/food\\\/nouvelles-mesures-pour-le-bien-etre-animal-chez-carrefour\\\/\"},\"author\":{\"name\":\"dev@grandiz.com\",\"@id\":\"https:\\\/\\\/www.retaildetail.be\\\/nl\\\/#\\\/schema\\\/person\\\/ba2d383452a753a3a1ce8cdb349b5fc9\"},\"headline\":\"Nouvelles mesures pour le bien-\u00eatre animal chez Carrefour\",\"datePublished\":\"2012-11-07T13:26:57+00:00\",\"mainEntityOfPage\":{\"@id\":\"https:\\\/\\\/www.retaildetail.be\\\/fr\\\/news\\\/food\\\/nouvelles-mesures-pour-le-bien-etre-animal-chez-carrefour\\\/\"},\"wordCount\":298,\"publisher\":{\"@id\":\"https:\\\/\\\/www.retaildetail.be\\\/nl\\\/#organization\"},\"image\":{\"@id\":\"https:\\\/\\\/www.retaildetail.be\\\/fr\\\/news\\\/food\\\/nouvelles-mesures-pour-le-bien-etre-animal-chez-carrefour\\\/#primaryimage\"},\"thumbnailUrl\":\"https:\\\/\\\/www.retaildetail.be\\\/wp-content\\\/uploads\\\/2022\\\/04\\\/logo.png\",\"articleSection\":[\"Food\"],\"inLanguage\":\"fr-FR\",\"copyrightYear\":\"2012\",\"copyrightHolder\":{\"@id\":\"https:\\\/\\\/www.retaildetail.be\\\/#organization\"}},{\"@type\":\"WebPage\",\"@id\":\"https:\\\/\\\/www.retaildetail.be\\\/fr\\\/news\\\/food\\\/nouvelles-mesures-pour-le-bien-etre-animal-chez-carrefour\\\/\",\"url\":\"https:\\\/\\\/www.retaildetail.be\\\/fr\\\/news\\\/food\\\/nouvelles-mesures-pour-le-bien-etre-animal-chez-carrefour\\\/\",\"name\":\"Nouvelles mesures pour le bien-\u00eatre animal chez Carrefour - RetailDetail BE\",\"isPartOf\":{\"@id\":\"https:\\\/\\\/www.retaildetail.be\\\/nl\\\/#website\"},\"primaryImageOfPage\":{\"@id\":\"https:\\\/\\\/www.retaildetail.be\\\/fr\\\/news\\\/food\\\/nouvelles-mesures-pour-le-bien-etre-animal-chez-carrefour\\\/#primaryimage\"},\"image\":{\"@id\":\"https:\\\/\\\/www.retaildetail.be\\\/fr\\\/news\\\/food\\\/nouvelles-mesures-pour-le-bien-etre-animal-chez-carrefour\\\/#primaryimage\"},\"thumbnailUrl\":\"https:\\\/\\\/www.retaildetail.be\\\/wp-content\\\/uploads\\\/2022\\\/04\\\/logo.png\",\"datePublished\":\"2012-11-07T13:26:57+00:00\",\"breadcrumb\":{\"@id\":\"https:\\\/\\\/www.retaildetail.be\\\/fr\\\/news\\\/food\\\/nouvelles-mesures-pour-le-bien-etre-animal-chez-carrefour\\\/#breadcrumb\"},\"inLanguage\":\"fr-FR\",\"potentialAction\":[{\"@type\":\"ReadAction\",\"target\":[\"https:\\\/\\\/www.retaildetail.be\\\/fr\\\/news\\\/food\\\/nouvelles-mesures-pour-le-bien-etre-animal-chez-carrefour\\\/\"]}]},{\"@type\":\"ImageObject\",\"inLanguage\":\"fr-FR\",\"@id\":\"https:\\\/\\\/www.retaildetail.be\\\/fr\\\/news\\\/food\\\/nouvelles-mesures-pour-le-bien-etre-animal-chez-carrefour\\\/#primaryimage\",\"url\":\"https:\\\/\\\/www.retaildetail.be\\\/wp-content\\\/uploads\\\/2022\\\/04\\\/logo.png\",\"contentUrl\":\"https:\\\/\\\/www.retaildetail.be\\\/wp-content\\\/uploads\\\/2022\\\/04\\\/logo.png\",\"width\":281,\"height\":147},{\"@type\":\"BreadcrumbList\",\"@id\":\"https:\\\/\\\/www.retaildetail.be\\\/fr\\\/news\\\/food\\\/nouvelles-mesures-pour-le-bien-etre-animal-chez-carrefour\\\/#breadcrumb\",\"itemListElement\":[{\"@type\":\"ListItem\",\"position\":1,\"name\":\"Home\",\"item\":\"https:\\\/\\\/www.retaildetail.be\\\/fr\\\/\"},{\"@type\":\"ListItem\",\"position\":2,\"name\":\"Nouvelles mesures pour le bien-\u00eatre animal chez Carrefour\"}]},{\"@type\":\"WebSite\",\"@id\":\"https:\\\/\\\/www.retaildetail.be\\\/nl\\\/#website\",\"url\":\"https:\\\/\\\/www.retaildetail.be\\\/nl\\\/\",\"name\":\"RetailDetail BE\",\"description\":\"News\",\"publisher\":{\"@id\":\"https:\\\/\\\/www.retaildetail.be\\\/nl\\\/#organization\"},\"potentialAction\":[{\"@type\":\"SearchAction\",\"target\":{\"@type\":\"EntryPoint\",\"urlTemplate\":\"https:\\\/\\\/www.retaildetail.be\\\/nl\\\/?s={search_term_string}\"},\"query-input\":{\"@type\":\"PropertyValueSpecification\",\"valueRequired\":true,\"valueName\":\"search_term_string\"}}],\"inLanguage\":\"fr-FR\"},{\"@type\":\"Organization\",\"@id\":\"https:\\\/\\\/www.retaildetail.be\\\/nl\\\/#organization\",\"name\":\"RetailDetail BE\",\"url\":\"https:\\\/\\\/www.retaildetail.be\\\/nl\\\/\",\"logo\":{\"@type\":\"ImageObject\",\"inLanguage\":\"fr-FR\",\"@id\":\"https:\\\/\\\/www.retaildetail.be\\\/nl\\\/#\\\/schema\\\/logo\\\/image\\\/\",\"url\":\"https:\\\/\\\/www.retaildetail.be\\\/wp-content\\\/uploads\\\/2022\\\/04\\\/logo.svg\",\"contentUrl\":\"https:\\\/\\\/www.retaildetail.be\\\/wp-content\\\/uploads\\\/2022\\\/04\\\/logo.svg\",\"width\":131,\"height\":70,\"caption\":\"RetailDetail BE\"},\"image\":{\"@id\":\"https:\\\/\\\/www.retaildetail.be\\\/nl\\\/#\\\/schema\\\/logo\\\/image\\\/\"}},{\"@type\":\"Person\",\"@id\":\"https:\\\/\\\/www.retaildetail.be\\\/nl\\\/#\\\/schema\\\/person\\\/ba2d383452a753a3a1ce8cdb349b5fc9\",\"name\":\"dev@grandiz.com\",\"image\":{\"@type\":\"ImageObject\",\"inLanguage\":\"fr-FR\",\"@id\":\"https:\\\/\\\/secure.gravatar.com\\\/avatar\\\/5f53ce9fb6eed4a60e5aaaa712be8773880fa9459d9cac9bc4aa4fdbce3f447f?s=96&d=mm&r=g\",\"url\":\"https:\\\/\\\/secure.gravatar.com\\\/avatar\\\/5f53ce9fb6eed4a60e5aaaa712be8773880fa9459d9cac9bc4aa4fdbce3f447f?s=96&d=mm&r=g\",\"contentUrl\":\"https:\\\/\\\/secure.gravatar.com\\\/avatar\\\/5f53ce9fb6eed4a60e5aaaa712be8773880fa9459d9cac9bc4aa4fdbce3f447f?s=96&d=mm&r=g\",\"caption\":\"dev@grandiz.com\"},\"sameAs\":[\"http:\\\/\\\/preprod.retaildetail.be\"],\"url\":\"https:\\\/\\\/www.retaildetail.be\\\/fr\\\/author\\\/devgrandiz-com\\\/\"}]}<\/script>\n<!-- \/ Yoast SEO plugin. -->","yoast_head_json":{"title":"Nouvelles mesures pour le bien-\u00eatre animal chez Carrefour - RetailDetail BE","robots":{"index":"index","follow":"follow","max-snippet":"max-snippet:-1","max-image-preview":"max-image-preview:large","max-video-preview":"max-video-preview:-1"},"canonical":"https:\/\/www.retaildetail.be\/fr\/news\/food\/nouvelles-mesures-pour-le-bien-etre-animal-chez-carrefour\/","og_locale":"fr_FR","og_type":"article","og_title":"Nouvelles mesures pour le bien-\u00eatre animal chez Carrefour - RetailDetail BE","og_description":"1. Uniquement des \u0153ufs\u00a0 issus d\u2019\u00e9levages de poules hors cages A partir de l\u2019ann\u00e9e prochaine Carrefour utilisera uniquement des \u0153ufs issus d\u2019\u00e9levages de poules hors cages pour une trentaine de produits de marque propre. Il s\u2019agit principalement de sauces fabriqu\u00e9es en Belgique.\u00a0 Le distributeur a entam\u00e9 les n\u00e9gociations avec les fournisseurs et d\u2019ici 2013 la [&hellip;]","og_url":"https:\/\/www.retaildetail.be\/fr\/news\/food\/nouvelles-mesures-pour-le-bien-etre-animal-chez-carrefour\/","og_site_name":"RetailDetail BE","article_published_time":"2012-11-07T13:26:57+00:00","og_image":[{"width":281,"height":147,"url":"https:\/\/i0.wp.com\/www.retaildetail.be\/wp-content\/uploads\/2022\/04\/logo.png?fit=281%2C147&quality=100&strip=all&ssl=1","type":"image\/png"}],"author":"dev@grandiz.com","twitter_card":"summary_large_image","twitter_misc":{"\u00c9crit par":"dev@grandiz.com","Dur\u00e9e de lecture estim\u00e9e":"1 minute"},"schema":{"@context":"https:\/\/schema.org","@graph":[{"@type":"NewsArticle","@id":"https:\/\/www.retaildetail.be\/fr\/news\/food\/nouvelles-mesures-pour-le-bien-etre-animal-chez-carrefour\/#article","isPartOf":{"@id":"https:\/\/www.retaildetail.be\/fr\/news\/food\/nouvelles-mesures-pour-le-bien-etre-animal-chez-carrefour\/"},"author":{"name":"dev@grandiz.com","@id":"https:\/\/www.retaildetail.be\/nl\/#\/schema\/person\/ba2d383452a753a3a1ce8cdb349b5fc9"},"headline":"Nouvelles mesures pour le bien-\u00eatre animal chez Carrefour","datePublished":"2012-11-07T13:26:57+00:00","mainEntityOfPage":{"@id":"https:\/\/www.retaildetail.be\/fr\/news\/food\/nouvelles-mesures-pour-le-bien-etre-animal-chez-carrefour\/"},"wordCount":298,"publisher":{"@id":"https:\/\/www.retaildetail.be\/nl\/#organization"},"image":{"@id":"https:\/\/www.retaildetail.be\/fr\/news\/food\/nouvelles-mesures-pour-le-bien-etre-animal-chez-carrefour\/#primaryimage"},"thumbnailUrl":"https:\/\/www.retaildetail.be\/wp-content\/uploads\/2022\/04\/logo.png","articleSection":["Food"],"inLanguage":"fr-FR","copyrightYear":"2012","copyrightHolder":{"@id":"https:\/\/www.retaildetail.be\/#organization"}},{"@type":"WebPage","@id":"https:\/\/www.retaildetail.be\/fr\/news\/food\/nouvelles-mesures-pour-le-bien-etre-animal-chez-carrefour\/","url":"https:\/\/www.retaildetail.be\/fr\/news\/food\/nouvelles-mesures-pour-le-bien-etre-animal-chez-carrefour\/","name":"Nouvelles mesures pour le bien-\u00eatre animal chez Carrefour - RetailDetail BE","isPartOf":{"@id":"https:\/\/www.retaildetail.be\/nl\/#website"},"primaryImageOfPage":{"@id":"https:\/\/www.retaildetail.be\/fr\/news\/food\/nouvelles-mesures-pour-le-bien-etre-animal-chez-carrefour\/#primaryimage"},"image":{"@id":"https:\/\/www.retaildetail.be\/fr\/news\/food\/nouvelles-mesures-pour-le-bien-etre-animal-chez-carrefour\/#primaryimage"},"thumbnailUrl":"https:\/\/www.retaildetail.be\/wp-content\/uploads\/2022\/04\/logo.png","datePublished":"2012-11-07T13:26:57+00:00","breadcrumb":{"@id":"https:\/\/www.retaildetail.be\/fr\/news\/food\/nouvelles-mesures-pour-le-bien-etre-animal-chez-carrefour\/#breadcrumb"},"inLanguage":"fr-FR","potentialAction":[{"@type":"ReadAction","target":["https:\/\/www.retaildetail.be\/fr\/news\/food\/nouvelles-mesures-pour-le-bien-etre-animal-chez-carrefour\/"]}]},{"@type":"ImageObject","inLanguage":"fr-FR","@id":"https:\/\/www.retaildetail.be\/fr\/news\/food\/nouvelles-mesures-pour-le-bien-etre-animal-chez-carrefour\/#primaryimage","url":"https:\/\/www.retaildetail.be\/wp-content\/uploads\/2022\/04\/logo.png","contentUrl":"https:\/\/www.retaildetail.be\/wp-content\/uploads\/2022\/04\/logo.png","width":281,"height":147},{"@type":"BreadcrumbList","@id":"https:\/\/www.retaildetail.be\/fr\/news\/food\/nouvelles-mesures-pour-le-bien-etre-animal-chez-carrefour\/#breadcrumb","itemListElement":[{"@type":"ListItem","position":1,"name":"Home","item":"https:\/\/www.retaildetail.be\/fr\/"},{"@type":"ListItem","position":2,"name":"Nouvelles mesures pour le bien-\u00eatre animal chez Carrefour"}]},{"@type":"WebSite","@id":"https:\/\/www.retaildetail.be\/nl\/#website","url":"https:\/\/www.retaildetail.be\/nl\/","name":"RetailDetail BE","description":"News","publisher":{"@id":"https:\/\/www.retaildetail.be\/nl\/#organization"},"potentialAction":[{"@type":"SearchAction","target":{"@type":"EntryPoint","urlTemplate":"https:\/\/www.retaildetail.be\/nl\/?s={search_term_string}"},"query-input":{"@type":"PropertyValueSpecification","valueRequired":true,"valueName":"search_term_string"}}],"inLanguage":"fr-FR"},{"@type":"Organization","@id":"https:\/\/www.retaildetail.be\/nl\/#organization","name":"RetailDetail BE","url":"https:\/\/www.retaildetail.be\/nl\/","logo":{"@type":"ImageObject","inLanguage":"fr-FR","@id":"https:\/\/www.retaildetail.be\/nl\/#\/schema\/logo\/image\/","url":"https:\/\/www.retaildetail.be\/wp-content\/uploads\/2022\/04\/logo.svg","contentUrl":"https:\/\/www.retaildetail.be\/wp-content\/uploads\/2022\/04\/logo.svg","width":131,"height":70,"caption":"RetailDetail BE"},"image":{"@id":"https:\/\/www.retaildetail.be\/nl\/#\/schema\/logo\/image\/"}},{"@type":"Person","@id":"https:\/\/www.retaildetail.be\/nl\/#\/schema\/person\/ba2d383452a753a3a1ce8cdb349b5fc9","name":"dev@grandiz.com","image":{"@type":"ImageObject","inLanguage":"fr-FR","@id":"https:\/\/secure.gravatar.com\/avatar\/5f53ce9fb6eed4a60e5aaaa712be8773880fa9459d9cac9bc4aa4fdbce3f447f?s=96&d=mm&r=g","url":"https:\/\/secure.gravatar.com\/avatar\/5f53ce9fb6eed4a60e5aaaa712be8773880fa9459d9cac9bc4aa4fdbce3f447f?s=96&d=mm&r=g","contentUrl":"https:\/\/secure.gravatar.com\/avatar\/5f53ce9fb6eed4a60e5aaaa712be8773880fa9459d9cac9bc4aa4fdbce3f447f?s=96&d=mm&r=g","caption":"dev@grandiz.com"},"sameAs":["http:\/\/preprod.retaildetail.be"],"url":"https:\/\/www.retaildetail.be\/fr\/author\/devgrandiz-com\/"}]}},"jetpack_featured_media_url":"https:\/\/www.retaildetail.be\/wp-content\/uploads\/2022\/04\/logo.png","jetpack_sharing_enabled":true,"_links":{"self":[{"href":"https:\/\/www.retaildetail.be\/fr\/wp-json\/wp\/v2\/posts\/2264","targetHints":{"allow":["GET"]}}],"collection":[{"href":"https:\/\/www.retaildetail.be\/fr\/wp-json\/wp\/v2\/posts"}],"about":[{"href":"https:\/\/www.retaildetail.be\/fr\/wp-json\/wp\/v2\/types\/post"}],"author":[{"embeddable":true,"href":"https:\/\/www.retaildetail.be\/fr\/wp-json\/wp\/v2\/users\/1"}],"replies":[{"embeddable":true,"href":"https:\/\/www.retaildetail.be\/fr\/wp-json\/wp\/v2\/comments?post=2264"}],"version-history":[{"count":0,"href":"https:\/\/www.retaildetail.be\/fr\/wp-json\/wp\/v2\/posts\/2264\/revisions"}],"wp:featuredmedia":[{"embeddable":true,"href":"https:\/\/www.retaildetail.be\/fr\/wp-json\/wp\/v2\/media\/84"}],"wp:attachment":[{"href":"https:\/\/www.retaildetail.be\/fr\/wp-json\/wp\/v2\/media?parent=2264"}],"wp:term":[{"taxonomy":"category","embeddable":true,"href":"https:\/\/www.retaildetail.be\/fr\/wp-json\/wp\/v2\/categories?post=2264"},{"taxonomy":"post_tag","embeddable":true,"href":"https:\/\/www.retaildetail.be\/fr\/wp-json\/wp\/v2\/tags?post=2264"},{"taxonomy":"people","embeddable":true,"href":"https:\/\/www.retaildetail.be\/fr\/wp-json\/wp\/v2\/people?post=2264"},{"taxonomy":"extra","embeddable":true,"href":"https:\/\/www.retaildetail.be\/fr\/wp-json\/wp\/v2\/extra?post=2264"},{"taxonomy":"company","embeddable":true,"href":"https:\/\/www.retaildetail.be\/fr\/wp-json\/wp\/v2\/company?post=2264"},{"taxonomy":"topic","embeddable":true,"href":"https:\/\/www.retaildetail.be\/fr\/wp-json\/wp\/v2\/topic?post=2264"},{"taxonomy":"region","embeddable":true,"href":"https:\/\/www.retaildetail.be\/fr\/wp-json\/wp\/v2\/region?post=2264"}],"curies":[{"name":"wp","href":"https:\/\/api.w.org\/{rel}","templated":true}]}}