{"id":2278,"date":"2012-11-09T09:17:02","date_gmt":"2012-11-09T09:17:02","guid":{"rendered":"https:\/\/www.retaildetail.be\/food\/les-supermarches-bientot-obliges-de-ceder-leurs-aliments-excedentaires\/"},"modified":"2012-11-09T09:17:02","modified_gmt":"2012-11-09T09:17:02","slug":"les-supermarches-bientot-obliges-de-ceder-leurs-aliments-excedentaires","status":"publish","type":"post","link":"https:\/\/www.retaildetail.be\/fr\/news\/food\/les-supermarches-bientot-obliges-de-ceder-leurs-aliments-excedentaires\/","title":{"rendered":"Les supermarch\u00e9s bient\u00f4t oblig\u00e9s de c\u00e9der  leurs aliments exc\u00e9dentaires ?"},"content":{"rendered":"<h2>660.000 tonnes d\u2019aliments par an \u00e0 la poubelle<\/h2>\n<p>Chaque ann\u00e9e en Belgique <strong>660.000 tonnes de denr\u00e9es alimentaires atterrissent dans la poubelle<\/strong>, alors que 200.000 Belges ne disposent pas d\u2019 une alimentation suffisante. Pas moins de 46% de fruits et l\u00e9gumes par exemple ne sont pas consomm\u00e9s. Les m\u00e9nages essentiellement, mais \u00e9galement l\u2019horeca, la restauration collective et les supermarch\u00e9s sont responsables de ce gaspillage. Certains\u00a0 produits alimentaires\u00a0 sont consid\u00e9r\u00e9s comme \u2018d\u00e9chets\u2019 avant m\u00eame que la date de p\u00e9remption soit d\u00e9pass\u00e9e.<\/p>\n<p>Les six d\u00e9put\u00e9s wallons du PS\u00a0 proposent <a target=\"_blank\" href=\"http:\/\/www.rtbf.be\/info\/belgique\/detail_les-supermarches-devront-ils-bientot-donner-leurs-aliments-invendus?id=7870186\" rel=\"noopener\">de lier l\u2019octroi du permis d\u2019environnement \u00e0 la redistribution des invendus alimentaires<\/a> (dont la date de p\u00e9remption n\u2019est pas encore d\u00e9pass\u00e9e) \u00e0 des organisations caritatives. Le projet du PS s\u2019inspire de <a target=\"_blank\" href=\"http:\/\/www.rtbf.be\/info\/regions\/detail_a-herstal-les-supermarches-doivent-donner-les-invendus-aux-demunis?id=7803622\" rel=\"noopener\">l\u2019exemple de Herstal<\/a> (pr\u00e8s de Li\u00e8ge), o\u00f9\u00a0 le coll\u00e8ge \u00e9chevinal cet \u00e9t\u00e9 a conditionn\u00e9 le renouvellement du permis d\u2019environnement du Carrefour local \u00e0 la collaboration \u00e0 un programme d\u2019aide alimentaire. Herstal compte deux associations qui fournissent des produits alimentaires \u00e0 quelque 18.600 d\u00e9munis.<\/p>\n<h2>\n<br \/>R\u00e9action mitig\u00e9e de Comeos<\/h2>\n<p>La f\u00e9d\u00e9ration du commerce Comeos, qui en collaboration avec les ministres f\u00e9d\u00e9raux de la Lutte contre la pauvret\u00e9 proposera d\u2019ici quelques semaines un <strong>nouveau projet contre le gaspillage alimentaire<\/strong>, n\u2019est pas oppos\u00e9e \u00e0 l\u2019initiative, mais \u00e9met toutefois certaines r\u00e9serves.<\/p>\n<p>\u00ab Une alimentation s\u00fbre n&rsquo;est pas un privil\u00e8ge r\u00e9serv\u00e9 \u00e0 ceux qui peuvent se le payer \u00bb, explique le porte-parole Peter Vandenberghe \u00e0 l\u2019agence de presse Belga. \u00ab Nous n&rsquo;allons <strong>jamais accepter qu&rsquo;il existe deux circuits d&rsquo;alimentation.<\/strong> \u00bb\u00a0 La f\u00e9d\u00e9ration \u00e9voque \u00e9galement les obligations en termes de s\u00e9curit\u00e9 alimentaire et de tra\u00e7abilit\u00e9.<\/p>\n<p>Comeos\u00a0 nuance quelque peu le probl\u00e8me des\u00a0 surplus dans les supermarch\u00e9s.\u00a0 \u00ab En dehors de l&rsquo;aspect \u00e9thique, jeter\u00a0 repr\u00e9sente\u00a0 <strong>une perte purement \u00e9conomique pour les commer\u00e7ants.<\/strong> L&rsquo;art de g\u00e9rer un commerce est d&rsquo;\u00e9valuer pr\u00e9cis\u00e9ment les attentes d&rsquo;achat. Les commer\u00e7ants qui se retrouvent avec un surplus, essaient donc de vendre d&rsquo;abord leurs produits exc\u00e9dentaires par vente rapide. \u00bb<\/p>\n<p>\u00a0<\/p>\n<h2>Projet de r\u00e9cup\u00e9ration d\u2019aliments dans cinq magasins Delhaize<\/h2>\n<p>De son c\u00f4t\u00e9 Delhaize a lanc\u00e9 en toute discr\u00e9tion des <strong>projets locaux de collecte alimentaire<\/strong>. Dans les magasins Delhaize de <strong>Saint-Trond, Gand,\u00a0 Waterschei, Diest et Sint-Katelijne-Waver<\/strong>, une organisation caritative r\u00e9cup\u00e8re\u00a0 chaque jour\u00a0 \u00e0 partir de 16 heures trois types de produits: des aliments frais avec une \u00e9tiquette jaune de r\u00e9duction, des aliments secs et du pain surgel\u00e9.<\/p>\n<p>Le distributeur indique que ces collectes se d\u00e9roulent selon\u00a0 des proc\u00e9dures tr\u00e8s strictes en mati\u00e8re de s\u00e9curit\u00e9 alimentaire. Les produits ayant d\u00e9pass\u00e9 la date de p\u00e9remption et les aliments contenant des produits frais ne sont pas redistribu\u00e9s. Delhaize a l\u2019intention de d<strong>\u00e9ployer ce projet dans dix autres magasins.<\/strong><\/p>\n<h2>\n<br \/>Colruyt contre le projet de loi<\/h2>\n<p>Colruyt par contre ne soutient pas ce\u00a0 projet de d\u00e9cret. Le discounter de Hal, qui l\u2019ann\u00e9e derni\u00e8re a donn\u00e9 pr\u00e8s de <strong>240 tonnes de produits aux banques alimentaires<\/strong>, pr\u00e9f\u00e8re centraliser sa marchandise dans ses d\u00e9p\u00f4ts \u00ab o\u00f9 les banques alimentaires viennent retirer deux \u00e0 trois fois par semaine les denr\u00e9es exc\u00e9dentaires. \u00bb\u00a0 Ce syst\u00e8me\u00a0 fonctionne bien, estime Colruyt, qui par cons\u00e9quent ne voit pas l\u2019utilit\u00e9 d\u2019imposer \u00e0 ses magasins locaux des probl\u00e8mes logistiques suppl\u00e9mentaires.<\/p>\n<p>D\u2019autre part Colruyt s\u2019interroge\u00a0 s\u00e9rieusement quant au lien que veulent\u00a0 \u00e9tablir les politiciens du PS avec\u00a0 l\u2019octroi d\u2019un permis d\u2019environnement : \u00ab Les produits qui ne sont pas collect\u00e9s au profit des banques alimentaires sont d\u00e9truits et m\u00e9thanis\u00e9s. Cela nous permet de <strong>r\u00e9duire notre impact environnemental en produisant de l&rsquo;\u00e9nergie verte<\/strong>. Lier le don de denr\u00e9es alimentaires \u00e0 l&rsquo;obtention d&rsquo;un permis d&rsquo;environnement ne nous para\u00eet pas \u00eatre une bonne mesure \u00bb, estime-t-on \u00e0 Hal.<\/p>\n<p>\u00a0<\/p>\n<p>\u00a0<\/p>\n<p><em>Traduction : Marie-No\u00eblle Masure<\/em><\/p>\n","protected":false},"excerpt":{"rendered":"<p>660.000 tonnes d\u2019aliments par an \u00e0 la poubelle Chaque ann\u00e9e en Belgique 660.000 tonnes de denr\u00e9es alimentaires atterrissent dans la poubelle, alors que 200.000 Belges ne disposent pas d\u2019 une alimentation suffisante. Pas moins de 46% de fruits et l\u00e9gumes par exemple ne sont pas consomm\u00e9s. Les m\u00e9nages essentiellement, mais \u00e9galement l\u2019horeca, la restauration collective [&hellip;]<\/p>\n","protected":false},"author":1,"featured_media":84,"comment_status":"closed","ping_status":"closed","sticky":false,"template":"","format":"standard","meta":{"_acf_changed":false,"inline_featured_image":false,"_jetpack_memberships_contains_paid_content":false,"footnotes":""},"categories":[24],"tags":[],"people":[],"extra":[],"company":[],"topic":[],"region":[],"class_list":["post-2278","post","type-post","status-publish","format-standard","has-post-thumbnail","hentry","category-food"],"acf":[],"yoast_head":"<!-- This site is optimized with the Yoast SEO plugin v27.3 - https:\/\/yoast.com\/product\/yoast-seo-wordpress\/ -->\n<title>Les supermarch\u00e9s bient\u00f4t oblig\u00e9s de c\u00e9der leurs aliments exc\u00e9dentaires ? - RetailDetail BE<\/title>\n<meta name=\"robots\" content=\"index, follow, max-snippet:-1, max-image-preview:large, max-video-preview:-1\" \/>\n<link rel=\"canonical\" href=\"https:\/\/www.retaildetail.be\/fr\/news\/food\/les-supermarches-bientot-obliges-de-ceder-leurs-aliments-excedentaires\/\" \/>\n<meta property=\"og:locale\" content=\"fr_FR\" \/>\n<meta property=\"og:type\" content=\"article\" \/>\n<meta property=\"og:title\" content=\"Les supermarch\u00e9s bient\u00f4t oblig\u00e9s de c\u00e9der leurs aliments exc\u00e9dentaires ? - RetailDetail BE\" \/>\n<meta property=\"og:description\" content=\"660.000 tonnes d\u2019aliments par an \u00e0 la poubelle Chaque ann\u00e9e en Belgique 660.000 tonnes de denr\u00e9es alimentaires atterrissent dans la poubelle, alors que 200.000 Belges ne disposent pas d\u2019 une alimentation suffisante. Pas moins de 46% de fruits et l\u00e9gumes par exemple ne sont pas consomm\u00e9s. Les m\u00e9nages essentiellement, mais \u00e9galement l\u2019horeca, la restauration collective [&hellip;]\" \/>\n<meta property=\"og:url\" content=\"https:\/\/www.retaildetail.be\/fr\/news\/food\/les-supermarches-bientot-obliges-de-ceder-leurs-aliments-excedentaires\/\" \/>\n<meta property=\"og:site_name\" content=\"RetailDetail BE\" \/>\n<meta property=\"article:published_time\" content=\"2012-11-09T09:17:02+00:00\" \/>\n<meta property=\"og:image\" content=\"https:\/\/i0.wp.com\/www.retaildetail.be\/wp-content\/uploads\/2022\/04\/logo.png?fit=281%2C147&quality=100&strip=all&ssl=1\" \/>\n\t<meta property=\"og:image:width\" content=\"281\" \/>\n\t<meta property=\"og:image:height\" content=\"147\" \/>\n\t<meta property=\"og:image:type\" content=\"image\/png\" \/>\n<meta name=\"author\" content=\"dev@grandiz.com\" \/>\n<meta name=\"twitter:card\" content=\"summary_large_image\" \/>\n<meta name=\"twitter:label1\" content=\"\u00c9crit par\" \/>\n\t<meta name=\"twitter:data1\" content=\"dev@grandiz.com\" \/>\n\t<meta name=\"twitter:label2\" content=\"Dur\u00e9e de lecture estim\u00e9e\" \/>\n\t<meta name=\"twitter:data2\" content=\"3 minutes\" \/>\n<script type=\"application\/ld+json\" class=\"yoast-schema-graph\">{\"@context\":\"https:\\\/\\\/schema.org\",\"@graph\":[{\"@type\":\"NewsArticle\",\"@id\":\"https:\\\/\\\/www.retaildetail.be\\\/fr\\\/news\\\/food\\\/les-supermarches-bientot-obliges-de-ceder-leurs-aliments-excedentaires\\\/#article\",\"isPartOf\":{\"@id\":\"https:\\\/\\\/www.retaildetail.be\\\/fr\\\/news\\\/food\\\/les-supermarches-bientot-obliges-de-ceder-leurs-aliments-excedentaires\\\/\"},\"author\":{\"name\":\"dev@grandiz.com\",\"@id\":\"https:\\\/\\\/www.retaildetail.be\\\/nl\\\/#\\\/schema\\\/person\\\/ba2d383452a753a3a1ce8cdb349b5fc9\"},\"headline\":\"Les supermarch\u00e9s bient\u00f4t oblig\u00e9s de c\u00e9der leurs aliments exc\u00e9dentaires ?\",\"datePublished\":\"2012-11-09T09:17:02+00:00\",\"mainEntityOfPage\":{\"@id\":\"https:\\\/\\\/www.retaildetail.be\\\/fr\\\/news\\\/food\\\/les-supermarches-bientot-obliges-de-ceder-leurs-aliments-excedentaires\\\/\"},\"wordCount\":685,\"publisher\":{\"@id\":\"https:\\\/\\\/www.retaildetail.be\\\/nl\\\/#organization\"},\"image\":{\"@id\":\"https:\\\/\\\/www.retaildetail.be\\\/fr\\\/news\\\/food\\\/les-supermarches-bientot-obliges-de-ceder-leurs-aliments-excedentaires\\\/#primaryimage\"},\"thumbnailUrl\":\"https:\\\/\\\/www.retaildetail.be\\\/wp-content\\\/uploads\\\/2022\\\/04\\\/logo.png\",\"articleSection\":[\"Food\"],\"inLanguage\":\"fr-FR\",\"copyrightYear\":\"2012\",\"copyrightHolder\":{\"@id\":\"https:\\\/\\\/www.retaildetail.be\\\/#organization\"}},{\"@type\":\"WebPage\",\"@id\":\"https:\\\/\\\/www.retaildetail.be\\\/fr\\\/news\\\/food\\\/les-supermarches-bientot-obliges-de-ceder-leurs-aliments-excedentaires\\\/\",\"url\":\"https:\\\/\\\/www.retaildetail.be\\\/fr\\\/news\\\/food\\\/les-supermarches-bientot-obliges-de-ceder-leurs-aliments-excedentaires\\\/\",\"name\":\"Les supermarch\u00e9s bient\u00f4t oblig\u00e9s de c\u00e9der leurs aliments exc\u00e9dentaires ? - RetailDetail BE\",\"isPartOf\":{\"@id\":\"https:\\\/\\\/www.retaildetail.be\\\/nl\\\/#website\"},\"primaryImageOfPage\":{\"@id\":\"https:\\\/\\\/www.retaildetail.be\\\/fr\\\/news\\\/food\\\/les-supermarches-bientot-obliges-de-ceder-leurs-aliments-excedentaires\\\/#primaryimage\"},\"image\":{\"@id\":\"https:\\\/\\\/www.retaildetail.be\\\/fr\\\/news\\\/food\\\/les-supermarches-bientot-obliges-de-ceder-leurs-aliments-excedentaires\\\/#primaryimage\"},\"thumbnailUrl\":\"https:\\\/\\\/www.retaildetail.be\\\/wp-content\\\/uploads\\\/2022\\\/04\\\/logo.png\",\"datePublished\":\"2012-11-09T09:17:02+00:00\",\"breadcrumb\":{\"@id\":\"https:\\\/\\\/www.retaildetail.be\\\/fr\\\/news\\\/food\\\/les-supermarches-bientot-obliges-de-ceder-leurs-aliments-excedentaires\\\/#breadcrumb\"},\"inLanguage\":\"fr-FR\",\"potentialAction\":[{\"@type\":\"ReadAction\",\"target\":[\"https:\\\/\\\/www.retaildetail.be\\\/fr\\\/news\\\/food\\\/les-supermarches-bientot-obliges-de-ceder-leurs-aliments-excedentaires\\\/\"]}]},{\"@type\":\"ImageObject\",\"inLanguage\":\"fr-FR\",\"@id\":\"https:\\\/\\\/www.retaildetail.be\\\/fr\\\/news\\\/food\\\/les-supermarches-bientot-obliges-de-ceder-leurs-aliments-excedentaires\\\/#primaryimage\",\"url\":\"https:\\\/\\\/www.retaildetail.be\\\/wp-content\\\/uploads\\\/2022\\\/04\\\/logo.png\",\"contentUrl\":\"https:\\\/\\\/www.retaildetail.be\\\/wp-content\\\/uploads\\\/2022\\\/04\\\/logo.png\",\"width\":281,\"height\":147},{\"@type\":\"BreadcrumbList\",\"@id\":\"https:\\\/\\\/www.retaildetail.be\\\/fr\\\/news\\\/food\\\/les-supermarches-bientot-obliges-de-ceder-leurs-aliments-excedentaires\\\/#breadcrumb\",\"itemListElement\":[{\"@type\":\"ListItem\",\"position\":1,\"name\":\"Home\",\"item\":\"https:\\\/\\\/www.retaildetail.be\\\/fr\\\/\"},{\"@type\":\"ListItem\",\"position\":2,\"name\":\"Les supermarch\u00e9s bient\u00f4t oblig\u00e9s de c\u00e9der leurs aliments exc\u00e9dentaires ?\"}]},{\"@type\":\"WebSite\",\"@id\":\"https:\\\/\\\/www.retaildetail.be\\\/nl\\\/#website\",\"url\":\"https:\\\/\\\/www.retaildetail.be\\\/nl\\\/\",\"name\":\"RetailDetail BE\",\"description\":\"News\",\"publisher\":{\"@id\":\"https:\\\/\\\/www.retaildetail.be\\\/nl\\\/#organization\"},\"potentialAction\":[{\"@type\":\"SearchAction\",\"target\":{\"@type\":\"EntryPoint\",\"urlTemplate\":\"https:\\\/\\\/www.retaildetail.be\\\/nl\\\/?s={search_term_string}\"},\"query-input\":{\"@type\":\"PropertyValueSpecification\",\"valueRequired\":true,\"valueName\":\"search_term_string\"}}],\"inLanguage\":\"fr-FR\"},{\"@type\":\"Organization\",\"@id\":\"https:\\\/\\\/www.retaildetail.be\\\/nl\\\/#organization\",\"name\":\"RetailDetail BE\",\"url\":\"https:\\\/\\\/www.retaildetail.be\\\/nl\\\/\",\"logo\":{\"@type\":\"ImageObject\",\"inLanguage\":\"fr-FR\",\"@id\":\"https:\\\/\\\/www.retaildetail.be\\\/nl\\\/#\\\/schema\\\/logo\\\/image\\\/\",\"url\":\"https:\\\/\\\/www.retaildetail.be\\\/wp-content\\\/uploads\\\/2022\\\/04\\\/logo.svg\",\"contentUrl\":\"https:\\\/\\\/www.retaildetail.be\\\/wp-content\\\/uploads\\\/2022\\\/04\\\/logo.svg\",\"width\":131,\"height\":70,\"caption\":\"RetailDetail BE\"},\"image\":{\"@id\":\"https:\\\/\\\/www.retaildetail.be\\\/nl\\\/#\\\/schema\\\/logo\\\/image\\\/\"}},{\"@type\":\"Person\",\"@id\":\"https:\\\/\\\/www.retaildetail.be\\\/nl\\\/#\\\/schema\\\/person\\\/ba2d383452a753a3a1ce8cdb349b5fc9\",\"name\":\"dev@grandiz.com\",\"image\":{\"@type\":\"ImageObject\",\"inLanguage\":\"fr-FR\",\"@id\":\"https:\\\/\\\/secure.gravatar.com\\\/avatar\\\/5f53ce9fb6eed4a60e5aaaa712be8773880fa9459d9cac9bc4aa4fdbce3f447f?s=96&d=mm&r=g\",\"url\":\"https:\\\/\\\/secure.gravatar.com\\\/avatar\\\/5f53ce9fb6eed4a60e5aaaa712be8773880fa9459d9cac9bc4aa4fdbce3f447f?s=96&d=mm&r=g\",\"contentUrl\":\"https:\\\/\\\/secure.gravatar.com\\\/avatar\\\/5f53ce9fb6eed4a60e5aaaa712be8773880fa9459d9cac9bc4aa4fdbce3f447f?s=96&d=mm&r=g\",\"caption\":\"dev@grandiz.com\"},\"sameAs\":[\"http:\\\/\\\/preprod.retaildetail.be\"],\"url\":\"https:\\\/\\\/www.retaildetail.be\\\/fr\\\/author\\\/devgrandiz-com\\\/\"}]}<\/script>\n<!-- \/ Yoast SEO plugin. -->","yoast_head_json":{"title":"Les supermarch\u00e9s bient\u00f4t oblig\u00e9s de c\u00e9der leurs aliments exc\u00e9dentaires ? - RetailDetail BE","robots":{"index":"index","follow":"follow","max-snippet":"max-snippet:-1","max-image-preview":"max-image-preview:large","max-video-preview":"max-video-preview:-1"},"canonical":"https:\/\/www.retaildetail.be\/fr\/news\/food\/les-supermarches-bientot-obliges-de-ceder-leurs-aliments-excedentaires\/","og_locale":"fr_FR","og_type":"article","og_title":"Les supermarch\u00e9s bient\u00f4t oblig\u00e9s de c\u00e9der leurs aliments exc\u00e9dentaires ? - RetailDetail BE","og_description":"660.000 tonnes d\u2019aliments par an \u00e0 la poubelle Chaque ann\u00e9e en Belgique 660.000 tonnes de denr\u00e9es alimentaires atterrissent dans la poubelle, alors que 200.000 Belges ne disposent pas d\u2019 une alimentation suffisante. Pas moins de 46% de fruits et l\u00e9gumes par exemple ne sont pas consomm\u00e9s. Les m\u00e9nages essentiellement, mais \u00e9galement l\u2019horeca, la restauration collective [&hellip;]","og_url":"https:\/\/www.retaildetail.be\/fr\/news\/food\/les-supermarches-bientot-obliges-de-ceder-leurs-aliments-excedentaires\/","og_site_name":"RetailDetail BE","article_published_time":"2012-11-09T09:17:02+00:00","og_image":[{"width":281,"height":147,"url":"https:\/\/i0.wp.com\/www.retaildetail.be\/wp-content\/uploads\/2022\/04\/logo.png?fit=281%2C147&quality=100&strip=all&ssl=1","type":"image\/png"}],"author":"dev@grandiz.com","twitter_card":"summary_large_image","twitter_misc":{"\u00c9crit par":"dev@grandiz.com","Dur\u00e9e de lecture estim\u00e9e":"3 minutes"},"schema":{"@context":"https:\/\/schema.org","@graph":[{"@type":"NewsArticle","@id":"https:\/\/www.retaildetail.be\/fr\/news\/food\/les-supermarches-bientot-obliges-de-ceder-leurs-aliments-excedentaires\/#article","isPartOf":{"@id":"https:\/\/www.retaildetail.be\/fr\/news\/food\/les-supermarches-bientot-obliges-de-ceder-leurs-aliments-excedentaires\/"},"author":{"name":"dev@grandiz.com","@id":"https:\/\/www.retaildetail.be\/nl\/#\/schema\/person\/ba2d383452a753a3a1ce8cdb349b5fc9"},"headline":"Les supermarch\u00e9s bient\u00f4t oblig\u00e9s de c\u00e9der leurs aliments exc\u00e9dentaires ?","datePublished":"2012-11-09T09:17:02+00:00","mainEntityOfPage":{"@id":"https:\/\/www.retaildetail.be\/fr\/news\/food\/les-supermarches-bientot-obliges-de-ceder-leurs-aliments-excedentaires\/"},"wordCount":685,"publisher":{"@id":"https:\/\/www.retaildetail.be\/nl\/#organization"},"image":{"@id":"https:\/\/www.retaildetail.be\/fr\/news\/food\/les-supermarches-bientot-obliges-de-ceder-leurs-aliments-excedentaires\/#primaryimage"},"thumbnailUrl":"https:\/\/www.retaildetail.be\/wp-content\/uploads\/2022\/04\/logo.png","articleSection":["Food"],"inLanguage":"fr-FR","copyrightYear":"2012","copyrightHolder":{"@id":"https:\/\/www.retaildetail.be\/#organization"}},{"@type":"WebPage","@id":"https:\/\/www.retaildetail.be\/fr\/news\/food\/les-supermarches-bientot-obliges-de-ceder-leurs-aliments-excedentaires\/","url":"https:\/\/www.retaildetail.be\/fr\/news\/food\/les-supermarches-bientot-obliges-de-ceder-leurs-aliments-excedentaires\/","name":"Les supermarch\u00e9s bient\u00f4t oblig\u00e9s de c\u00e9der leurs aliments exc\u00e9dentaires ? - RetailDetail BE","isPartOf":{"@id":"https:\/\/www.retaildetail.be\/nl\/#website"},"primaryImageOfPage":{"@id":"https:\/\/www.retaildetail.be\/fr\/news\/food\/les-supermarches-bientot-obliges-de-ceder-leurs-aliments-excedentaires\/#primaryimage"},"image":{"@id":"https:\/\/www.retaildetail.be\/fr\/news\/food\/les-supermarches-bientot-obliges-de-ceder-leurs-aliments-excedentaires\/#primaryimage"},"thumbnailUrl":"https:\/\/www.retaildetail.be\/wp-content\/uploads\/2022\/04\/logo.png","datePublished":"2012-11-09T09:17:02+00:00","breadcrumb":{"@id":"https:\/\/www.retaildetail.be\/fr\/news\/food\/les-supermarches-bientot-obliges-de-ceder-leurs-aliments-excedentaires\/#breadcrumb"},"inLanguage":"fr-FR","potentialAction":[{"@type":"ReadAction","target":["https:\/\/www.retaildetail.be\/fr\/news\/food\/les-supermarches-bientot-obliges-de-ceder-leurs-aliments-excedentaires\/"]}]},{"@type":"ImageObject","inLanguage":"fr-FR","@id":"https:\/\/www.retaildetail.be\/fr\/news\/food\/les-supermarches-bientot-obliges-de-ceder-leurs-aliments-excedentaires\/#primaryimage","url":"https:\/\/www.retaildetail.be\/wp-content\/uploads\/2022\/04\/logo.png","contentUrl":"https:\/\/www.retaildetail.be\/wp-content\/uploads\/2022\/04\/logo.png","width":281,"height":147},{"@type":"BreadcrumbList","@id":"https:\/\/www.retaildetail.be\/fr\/news\/food\/les-supermarches-bientot-obliges-de-ceder-leurs-aliments-excedentaires\/#breadcrumb","itemListElement":[{"@type":"ListItem","position":1,"name":"Home","item":"https:\/\/www.retaildetail.be\/fr\/"},{"@type":"ListItem","position":2,"name":"Les supermarch\u00e9s bient\u00f4t oblig\u00e9s de c\u00e9der leurs aliments exc\u00e9dentaires ?"}]},{"@type":"WebSite","@id":"https:\/\/www.retaildetail.be\/nl\/#website","url":"https:\/\/www.retaildetail.be\/nl\/","name":"RetailDetail BE","description":"News","publisher":{"@id":"https:\/\/www.retaildetail.be\/nl\/#organization"},"potentialAction":[{"@type":"SearchAction","target":{"@type":"EntryPoint","urlTemplate":"https:\/\/www.retaildetail.be\/nl\/?s={search_term_string}"},"query-input":{"@type":"PropertyValueSpecification","valueRequired":true,"valueName":"search_term_string"}}],"inLanguage":"fr-FR"},{"@type":"Organization","@id":"https:\/\/www.retaildetail.be\/nl\/#organization","name":"RetailDetail BE","url":"https:\/\/www.retaildetail.be\/nl\/","logo":{"@type":"ImageObject","inLanguage":"fr-FR","@id":"https:\/\/www.retaildetail.be\/nl\/#\/schema\/logo\/image\/","url":"https:\/\/www.retaildetail.be\/wp-content\/uploads\/2022\/04\/logo.svg","contentUrl":"https:\/\/www.retaildetail.be\/wp-content\/uploads\/2022\/04\/logo.svg","width":131,"height":70,"caption":"RetailDetail BE"},"image":{"@id":"https:\/\/www.retaildetail.be\/nl\/#\/schema\/logo\/image\/"}},{"@type":"Person","@id":"https:\/\/www.retaildetail.be\/nl\/#\/schema\/person\/ba2d383452a753a3a1ce8cdb349b5fc9","name":"dev@grandiz.com","image":{"@type":"ImageObject","inLanguage":"fr-FR","@id":"https:\/\/secure.gravatar.com\/avatar\/5f53ce9fb6eed4a60e5aaaa712be8773880fa9459d9cac9bc4aa4fdbce3f447f?s=96&d=mm&r=g","url":"https:\/\/secure.gravatar.com\/avatar\/5f53ce9fb6eed4a60e5aaaa712be8773880fa9459d9cac9bc4aa4fdbce3f447f?s=96&d=mm&r=g","contentUrl":"https:\/\/secure.gravatar.com\/avatar\/5f53ce9fb6eed4a60e5aaaa712be8773880fa9459d9cac9bc4aa4fdbce3f447f?s=96&d=mm&r=g","caption":"dev@grandiz.com"},"sameAs":["http:\/\/preprod.retaildetail.be"],"url":"https:\/\/www.retaildetail.be\/fr\/author\/devgrandiz-com\/"}]}},"jetpack_featured_media_url":"https:\/\/www.retaildetail.be\/wp-content\/uploads\/2022\/04\/logo.png","jetpack_sharing_enabled":true,"_links":{"self":[{"href":"https:\/\/www.retaildetail.be\/fr\/wp-json\/wp\/v2\/posts\/2278","targetHints":{"allow":["GET"]}}],"collection":[{"href":"https:\/\/www.retaildetail.be\/fr\/wp-json\/wp\/v2\/posts"}],"about":[{"href":"https:\/\/www.retaildetail.be\/fr\/wp-json\/wp\/v2\/types\/post"}],"author":[{"embeddable":true,"href":"https:\/\/www.retaildetail.be\/fr\/wp-json\/wp\/v2\/users\/1"}],"replies":[{"embeddable":true,"href":"https:\/\/www.retaildetail.be\/fr\/wp-json\/wp\/v2\/comments?post=2278"}],"version-history":[{"count":0,"href":"https:\/\/www.retaildetail.be\/fr\/wp-json\/wp\/v2\/posts\/2278\/revisions"}],"wp:featuredmedia":[{"embeddable":true,"href":"https:\/\/www.retaildetail.be\/fr\/wp-json\/wp\/v2\/media\/84"}],"wp:attachment":[{"href":"https:\/\/www.retaildetail.be\/fr\/wp-json\/wp\/v2\/media?parent=2278"}],"wp:term":[{"taxonomy":"category","embeddable":true,"href":"https:\/\/www.retaildetail.be\/fr\/wp-json\/wp\/v2\/categories?post=2278"},{"taxonomy":"post_tag","embeddable":true,"href":"https:\/\/www.retaildetail.be\/fr\/wp-json\/wp\/v2\/tags?post=2278"},{"taxonomy":"people","embeddable":true,"href":"https:\/\/www.retaildetail.be\/fr\/wp-json\/wp\/v2\/people?post=2278"},{"taxonomy":"extra","embeddable":true,"href":"https:\/\/www.retaildetail.be\/fr\/wp-json\/wp\/v2\/extra?post=2278"},{"taxonomy":"company","embeddable":true,"href":"https:\/\/www.retaildetail.be\/fr\/wp-json\/wp\/v2\/company?post=2278"},{"taxonomy":"topic","embeddable":true,"href":"https:\/\/www.retaildetail.be\/fr\/wp-json\/wp\/v2\/topic?post=2278"},{"taxonomy":"region","embeddable":true,"href":"https:\/\/www.retaildetail.be\/fr\/wp-json\/wp\/v2\/region?post=2278"}],"curies":[{"name":"wp","href":"https:\/\/api.w.org\/{rel}","templated":true}]}}