{"id":2292,"date":"2012-11-13T14:14:28","date_gmt":"2012-11-13T14:14:28","guid":{"rendered":"https:\/\/www.retaildetail.be\/food\/ocool-protege-contre-ses-creanciers-jusquau-21-mai-2013\/"},"modified":"2012-11-13T14:14:28","modified_gmt":"2012-11-13T14:14:28","slug":"ocool-protege-contre-ses-creanciers-jusquau-21-mai-2013","status":"publish","type":"post","link":"https:\/\/www.retaildetail.be\/fr\/news\/food\/ocool-protege-contre-ses-creanciers-jusquau-21-mai-2013\/","title":{"rendered":"O\u2019Cool prot\u00e9g\u00e9 contre ses cr\u00e9anciers jusqu\u2019au 21 mai 2013"},"content":{"rendered":"<h2>Protection suppl\u00e9mentaire gr\u00e2ce \u00e0 un nouveau concept<\/h2>\n<p>O\u2019Cool, <a target=\"_blank\" href=\"fr\/f-belgique\/bgq-alimentation\/item\/14192-o%E2%80%99cool-demande-une-protection-contre-ses-cr%C3%A9anciers\" rel=\"noopener\">en difficult\u00e9s financi\u00e8res depuis le mois de mai de cette ann\u00e9e<\/a>, s\u2019\u00e9tait vu contraint de demander au tribunal une protection contre ses cr\u00e9anciers. Cette protection devait prendre fin le 21 novembre, mais jeudi dernier le management a demand\u00e9 <strong>une prolongation de six mois<\/strong>, afin de poursuivre sa r\u00e9organisation indispensable.<\/p>\n<p>L\u2019entreprise souhaite continuer ses activit\u00e9s selon un concept r\u00e9duit, avec l\u2019accent sur l\u2019assortiment de produits surgel\u00e9s, \u00e9ventuellement compl\u00e9t\u00e9 par d\u2019autres produits. Le juge gantois a accept\u00e9 la demande d\u2019O\u2019Cool et lui accorde donc un d\u00e9lai suppl\u00e9mentaire jusqu\u2019au 21 mai de l\u2019ann\u00e9e prochaine.<\/p>\n<p>Fin octobre O\u2019Cool annon\u00e7ait\u00a0 la vente de\u00a0 25 de ses magasins \u00e0 deux distributeurs alimentaires, dont <a target=\"_blank\" href=\"nl\/f-belgique\/bgq-alimentation\/item\/14768-carrefour-market-reprend-treize-magasins-o%E2%80%99cool\" rel=\"noopener\">Carrefour qui reprend treize magasins<\/a> pour les transformer en Carrefour Market. Actuellement l\u2019enseigne <strong>d\u00e9tient encore 81 magasins<\/strong> pour lesquels elle cherche une solution.<\/p>\n<p>\u00a0<\/p>\n<p>\u00a0<\/p>\n<p><em>Traduction : Marie-No\u00eblle Masure<\/em><\/p>\n","protected":false},"excerpt":{"rendered":"<p>Protection suppl\u00e9mentaire gr\u00e2ce \u00e0 un nouveau concept O\u2019Cool, en difficult\u00e9s financi\u00e8res depuis le mois de mai de cette ann\u00e9e, s\u2019\u00e9tait vu contraint de demander au tribunal une protection contre ses cr\u00e9anciers. Cette protection devait prendre fin le 21 novembre, mais jeudi dernier le management a demand\u00e9 une prolongation de six mois, afin de poursuivre sa [&hellip;]<\/p>\n","protected":false},"author":1,"featured_media":84,"comment_status":"closed","ping_status":"closed","sticky":false,"template":"","format":"standard","meta":{"_acf_changed":false,"inline_featured_image":false,"_jetpack_memberships_contains_paid_content":false,"footnotes":""},"categories":[24],"tags":[],"people":[],"extra":[],"company":[],"topic":[],"region":[],"class_list":["post-2292","post","type-post","status-publish","format-standard","has-post-thumbnail","hentry","category-food"],"acf":[],"yoast_head":"<!-- This site is optimized with the Yoast SEO plugin v27.3 - https:\/\/yoast.com\/product\/yoast-seo-wordpress\/ -->\n<title>O\u2019Cool prot\u00e9g\u00e9 contre ses cr\u00e9anciers jusqu\u2019au 21 mai 2013 - RetailDetail BE<\/title>\n<meta name=\"robots\" content=\"index, follow, max-snippet:-1, max-image-preview:large, max-video-preview:-1\" \/>\n<link rel=\"canonical\" href=\"https:\/\/www.retaildetail.be\/fr\/news\/food\/ocool-protege-contre-ses-creanciers-jusquau-21-mai-2013\/\" \/>\n<meta property=\"og:locale\" content=\"fr_FR\" \/>\n<meta property=\"og:type\" content=\"article\" \/>\n<meta property=\"og:title\" content=\"O\u2019Cool prot\u00e9g\u00e9 contre ses cr\u00e9anciers jusqu\u2019au 21 mai 2013 - RetailDetail BE\" \/>\n<meta property=\"og:description\" content=\"Protection suppl\u00e9mentaire gr\u00e2ce \u00e0 un nouveau concept O\u2019Cool, en difficult\u00e9s financi\u00e8res depuis le mois de mai de cette ann\u00e9e, s\u2019\u00e9tait vu contraint de demander au tribunal une protection contre ses cr\u00e9anciers. Cette protection devait prendre fin le 21 novembre, mais jeudi dernier le management a demand\u00e9 une prolongation de six mois, afin de poursuivre sa [&hellip;]\" \/>\n<meta property=\"og:url\" content=\"https:\/\/www.retaildetail.be\/fr\/news\/food\/ocool-protege-contre-ses-creanciers-jusquau-21-mai-2013\/\" \/>\n<meta property=\"og:site_name\" content=\"RetailDetail BE\" \/>\n<meta property=\"article:published_time\" content=\"2012-11-13T14:14:28+00:00\" \/>\n<meta property=\"og:image\" content=\"https:\/\/i0.wp.com\/www.retaildetail.be\/wp-content\/uploads\/2022\/04\/logo.png?fit=281%2C147&quality=100&strip=all&ssl=1\" \/>\n\t<meta property=\"og:image:width\" content=\"281\" \/>\n\t<meta property=\"og:image:height\" content=\"147\" \/>\n\t<meta property=\"og:image:type\" content=\"image\/png\" \/>\n<meta name=\"author\" content=\"dev@grandiz.com\" \/>\n<meta name=\"twitter:card\" content=\"summary_large_image\" \/>\n<meta name=\"twitter:label1\" content=\"\u00c9crit par\" \/>\n\t<meta name=\"twitter:data1\" content=\"dev@grandiz.com\" \/>\n\t<meta name=\"twitter:label2\" content=\"Dur\u00e9e de lecture estim\u00e9e\" \/>\n\t<meta name=\"twitter:data2\" content=\"1 minute\" \/>\n<script type=\"application\/ld+json\" class=\"yoast-schema-graph\">{\"@context\":\"https:\\\/\\\/schema.org\",\"@graph\":[{\"@type\":\"NewsArticle\",\"@id\":\"https:\\\/\\\/www.retaildetail.be\\\/fr\\\/news\\\/food\\\/ocool-protege-contre-ses-creanciers-jusquau-21-mai-2013\\\/#article\",\"isPartOf\":{\"@id\":\"https:\\\/\\\/www.retaildetail.be\\\/fr\\\/news\\\/food\\\/ocool-protege-contre-ses-creanciers-jusquau-21-mai-2013\\\/\"},\"author\":{\"name\":\"dev@grandiz.com\",\"@id\":\"https:\\\/\\\/www.retaildetail.be\\\/nl\\\/#\\\/schema\\\/person\\\/ba2d383452a753a3a1ce8cdb349b5fc9\"},\"headline\":\"O\u2019Cool prot\u00e9g\u00e9 contre ses cr\u00e9anciers jusqu\u2019au 21 mai 2013\",\"datePublished\":\"2012-11-13T14:14:28+00:00\",\"mainEntityOfPage\":{\"@id\":\"https:\\\/\\\/www.retaildetail.be\\\/fr\\\/news\\\/food\\\/ocool-protege-contre-ses-creanciers-jusquau-21-mai-2013\\\/\"},\"wordCount\":175,\"publisher\":{\"@id\":\"https:\\\/\\\/www.retaildetail.be\\\/nl\\\/#organization\"},\"image\":{\"@id\":\"https:\\\/\\\/www.retaildetail.be\\\/fr\\\/news\\\/food\\\/ocool-protege-contre-ses-creanciers-jusquau-21-mai-2013\\\/#primaryimage\"},\"thumbnailUrl\":\"https:\\\/\\\/www.retaildetail.be\\\/wp-content\\\/uploads\\\/2022\\\/04\\\/logo.png\",\"articleSection\":[\"Food\"],\"inLanguage\":\"fr-FR\",\"copyrightYear\":\"2012\",\"copyrightHolder\":{\"@id\":\"https:\\\/\\\/www.retaildetail.be\\\/#organization\"}},{\"@type\":\"WebPage\",\"@id\":\"https:\\\/\\\/www.retaildetail.be\\\/fr\\\/news\\\/food\\\/ocool-protege-contre-ses-creanciers-jusquau-21-mai-2013\\\/\",\"url\":\"https:\\\/\\\/www.retaildetail.be\\\/fr\\\/news\\\/food\\\/ocool-protege-contre-ses-creanciers-jusquau-21-mai-2013\\\/\",\"name\":\"O\u2019Cool prot\u00e9g\u00e9 contre ses cr\u00e9anciers jusqu\u2019au 21 mai 2013 - RetailDetail BE\",\"isPartOf\":{\"@id\":\"https:\\\/\\\/www.retaildetail.be\\\/nl\\\/#website\"},\"primaryImageOfPage\":{\"@id\":\"https:\\\/\\\/www.retaildetail.be\\\/fr\\\/news\\\/food\\\/ocool-protege-contre-ses-creanciers-jusquau-21-mai-2013\\\/#primaryimage\"},\"image\":{\"@id\":\"https:\\\/\\\/www.retaildetail.be\\\/fr\\\/news\\\/food\\\/ocool-protege-contre-ses-creanciers-jusquau-21-mai-2013\\\/#primaryimage\"},\"thumbnailUrl\":\"https:\\\/\\\/www.retaildetail.be\\\/wp-content\\\/uploads\\\/2022\\\/04\\\/logo.png\",\"datePublished\":\"2012-11-13T14:14:28+00:00\",\"breadcrumb\":{\"@id\":\"https:\\\/\\\/www.retaildetail.be\\\/fr\\\/news\\\/food\\\/ocool-protege-contre-ses-creanciers-jusquau-21-mai-2013\\\/#breadcrumb\"},\"inLanguage\":\"fr-FR\",\"potentialAction\":[{\"@type\":\"ReadAction\",\"target\":[\"https:\\\/\\\/www.retaildetail.be\\\/fr\\\/news\\\/food\\\/ocool-protege-contre-ses-creanciers-jusquau-21-mai-2013\\\/\"]}]},{\"@type\":\"ImageObject\",\"inLanguage\":\"fr-FR\",\"@id\":\"https:\\\/\\\/www.retaildetail.be\\\/fr\\\/news\\\/food\\\/ocool-protege-contre-ses-creanciers-jusquau-21-mai-2013\\\/#primaryimage\",\"url\":\"https:\\\/\\\/www.retaildetail.be\\\/wp-content\\\/uploads\\\/2022\\\/04\\\/logo.png\",\"contentUrl\":\"https:\\\/\\\/www.retaildetail.be\\\/wp-content\\\/uploads\\\/2022\\\/04\\\/logo.png\",\"width\":281,\"height\":147},{\"@type\":\"BreadcrumbList\",\"@id\":\"https:\\\/\\\/www.retaildetail.be\\\/fr\\\/news\\\/food\\\/ocool-protege-contre-ses-creanciers-jusquau-21-mai-2013\\\/#breadcrumb\",\"itemListElement\":[{\"@type\":\"ListItem\",\"position\":1,\"name\":\"Home\",\"item\":\"https:\\\/\\\/www.retaildetail.be\\\/fr\\\/\"},{\"@type\":\"ListItem\",\"position\":2,\"name\":\"O\u2019Cool prot\u00e9g\u00e9 contre ses cr\u00e9anciers jusqu\u2019au 21 mai 2013\"}]},{\"@type\":\"WebSite\",\"@id\":\"https:\\\/\\\/www.retaildetail.be\\\/nl\\\/#website\",\"url\":\"https:\\\/\\\/www.retaildetail.be\\\/nl\\\/\",\"name\":\"RetailDetail BE\",\"description\":\"News\",\"publisher\":{\"@id\":\"https:\\\/\\\/www.retaildetail.be\\\/nl\\\/#organization\"},\"potentialAction\":[{\"@type\":\"SearchAction\",\"target\":{\"@type\":\"EntryPoint\",\"urlTemplate\":\"https:\\\/\\\/www.retaildetail.be\\\/nl\\\/?s={search_term_string}\"},\"query-input\":{\"@type\":\"PropertyValueSpecification\",\"valueRequired\":true,\"valueName\":\"search_term_string\"}}],\"inLanguage\":\"fr-FR\"},{\"@type\":\"Organization\",\"@id\":\"https:\\\/\\\/www.retaildetail.be\\\/nl\\\/#organization\",\"name\":\"RetailDetail BE\",\"url\":\"https:\\\/\\\/www.retaildetail.be\\\/nl\\\/\",\"logo\":{\"@type\":\"ImageObject\",\"inLanguage\":\"fr-FR\",\"@id\":\"https:\\\/\\\/www.retaildetail.be\\\/nl\\\/#\\\/schema\\\/logo\\\/image\\\/\",\"url\":\"https:\\\/\\\/www.retaildetail.be\\\/wp-content\\\/uploads\\\/2022\\\/04\\\/logo.svg\",\"contentUrl\":\"https:\\\/\\\/www.retaildetail.be\\\/wp-content\\\/uploads\\\/2022\\\/04\\\/logo.svg\",\"width\":131,\"height\":70,\"caption\":\"RetailDetail BE\"},\"image\":{\"@id\":\"https:\\\/\\\/www.retaildetail.be\\\/nl\\\/#\\\/schema\\\/logo\\\/image\\\/\"}},{\"@type\":\"Person\",\"@id\":\"https:\\\/\\\/www.retaildetail.be\\\/nl\\\/#\\\/schema\\\/person\\\/ba2d383452a753a3a1ce8cdb349b5fc9\",\"name\":\"dev@grandiz.com\",\"image\":{\"@type\":\"ImageObject\",\"inLanguage\":\"fr-FR\",\"@id\":\"https:\\\/\\\/secure.gravatar.com\\\/avatar\\\/5f53ce9fb6eed4a60e5aaaa712be8773880fa9459d9cac9bc4aa4fdbce3f447f?s=96&d=mm&r=g\",\"url\":\"https:\\\/\\\/secure.gravatar.com\\\/avatar\\\/5f53ce9fb6eed4a60e5aaaa712be8773880fa9459d9cac9bc4aa4fdbce3f447f?s=96&d=mm&r=g\",\"contentUrl\":\"https:\\\/\\\/secure.gravatar.com\\\/avatar\\\/5f53ce9fb6eed4a60e5aaaa712be8773880fa9459d9cac9bc4aa4fdbce3f447f?s=96&d=mm&r=g\",\"caption\":\"dev@grandiz.com\"},\"sameAs\":[\"http:\\\/\\\/preprod.retaildetail.be\"],\"url\":\"https:\\\/\\\/www.retaildetail.be\\\/fr\\\/author\\\/devgrandiz-com\\\/\"}]}<\/script>\n<!-- \/ Yoast SEO plugin. -->","yoast_head_json":{"title":"O\u2019Cool prot\u00e9g\u00e9 contre ses cr\u00e9anciers jusqu\u2019au 21 mai 2013 - RetailDetail BE","robots":{"index":"index","follow":"follow","max-snippet":"max-snippet:-1","max-image-preview":"max-image-preview:large","max-video-preview":"max-video-preview:-1"},"canonical":"https:\/\/www.retaildetail.be\/fr\/news\/food\/ocool-protege-contre-ses-creanciers-jusquau-21-mai-2013\/","og_locale":"fr_FR","og_type":"article","og_title":"O\u2019Cool prot\u00e9g\u00e9 contre ses cr\u00e9anciers jusqu\u2019au 21 mai 2013 - RetailDetail BE","og_description":"Protection suppl\u00e9mentaire gr\u00e2ce \u00e0 un nouveau concept O\u2019Cool, en difficult\u00e9s financi\u00e8res depuis le mois de mai de cette ann\u00e9e, s\u2019\u00e9tait vu contraint de demander au tribunal une protection contre ses cr\u00e9anciers. Cette protection devait prendre fin le 21 novembre, mais jeudi dernier le management a demand\u00e9 une prolongation de six mois, afin de poursuivre sa [&hellip;]","og_url":"https:\/\/www.retaildetail.be\/fr\/news\/food\/ocool-protege-contre-ses-creanciers-jusquau-21-mai-2013\/","og_site_name":"RetailDetail BE","article_published_time":"2012-11-13T14:14:28+00:00","og_image":[{"width":281,"height":147,"url":"https:\/\/i0.wp.com\/www.retaildetail.be\/wp-content\/uploads\/2022\/04\/logo.png?fit=281%2C147&quality=100&strip=all&ssl=1","type":"image\/png"}],"author":"dev@grandiz.com","twitter_card":"summary_large_image","twitter_misc":{"\u00c9crit par":"dev@grandiz.com","Dur\u00e9e de lecture estim\u00e9e":"1 minute"},"schema":{"@context":"https:\/\/schema.org","@graph":[{"@type":"NewsArticle","@id":"https:\/\/www.retaildetail.be\/fr\/news\/food\/ocool-protege-contre-ses-creanciers-jusquau-21-mai-2013\/#article","isPartOf":{"@id":"https:\/\/www.retaildetail.be\/fr\/news\/food\/ocool-protege-contre-ses-creanciers-jusquau-21-mai-2013\/"},"author":{"name":"dev@grandiz.com","@id":"https:\/\/www.retaildetail.be\/nl\/#\/schema\/person\/ba2d383452a753a3a1ce8cdb349b5fc9"},"headline":"O\u2019Cool prot\u00e9g\u00e9 contre ses cr\u00e9anciers jusqu\u2019au 21 mai 2013","datePublished":"2012-11-13T14:14:28+00:00","mainEntityOfPage":{"@id":"https:\/\/www.retaildetail.be\/fr\/news\/food\/ocool-protege-contre-ses-creanciers-jusquau-21-mai-2013\/"},"wordCount":175,"publisher":{"@id":"https:\/\/www.retaildetail.be\/nl\/#organization"},"image":{"@id":"https:\/\/www.retaildetail.be\/fr\/news\/food\/ocool-protege-contre-ses-creanciers-jusquau-21-mai-2013\/#primaryimage"},"thumbnailUrl":"https:\/\/www.retaildetail.be\/wp-content\/uploads\/2022\/04\/logo.png","articleSection":["Food"],"inLanguage":"fr-FR","copyrightYear":"2012","copyrightHolder":{"@id":"https:\/\/www.retaildetail.be\/#organization"}},{"@type":"WebPage","@id":"https:\/\/www.retaildetail.be\/fr\/news\/food\/ocool-protege-contre-ses-creanciers-jusquau-21-mai-2013\/","url":"https:\/\/www.retaildetail.be\/fr\/news\/food\/ocool-protege-contre-ses-creanciers-jusquau-21-mai-2013\/","name":"O\u2019Cool prot\u00e9g\u00e9 contre ses cr\u00e9anciers jusqu\u2019au 21 mai 2013 - RetailDetail BE","isPartOf":{"@id":"https:\/\/www.retaildetail.be\/nl\/#website"},"primaryImageOfPage":{"@id":"https:\/\/www.retaildetail.be\/fr\/news\/food\/ocool-protege-contre-ses-creanciers-jusquau-21-mai-2013\/#primaryimage"},"image":{"@id":"https:\/\/www.retaildetail.be\/fr\/news\/food\/ocool-protege-contre-ses-creanciers-jusquau-21-mai-2013\/#primaryimage"},"thumbnailUrl":"https:\/\/www.retaildetail.be\/wp-content\/uploads\/2022\/04\/logo.png","datePublished":"2012-11-13T14:14:28+00:00","breadcrumb":{"@id":"https:\/\/www.retaildetail.be\/fr\/news\/food\/ocool-protege-contre-ses-creanciers-jusquau-21-mai-2013\/#breadcrumb"},"inLanguage":"fr-FR","potentialAction":[{"@type":"ReadAction","target":["https:\/\/www.retaildetail.be\/fr\/news\/food\/ocool-protege-contre-ses-creanciers-jusquau-21-mai-2013\/"]}]},{"@type":"ImageObject","inLanguage":"fr-FR","@id":"https:\/\/www.retaildetail.be\/fr\/news\/food\/ocool-protege-contre-ses-creanciers-jusquau-21-mai-2013\/#primaryimage","url":"https:\/\/www.retaildetail.be\/wp-content\/uploads\/2022\/04\/logo.png","contentUrl":"https:\/\/www.retaildetail.be\/wp-content\/uploads\/2022\/04\/logo.png","width":281,"height":147},{"@type":"BreadcrumbList","@id":"https:\/\/www.retaildetail.be\/fr\/news\/food\/ocool-protege-contre-ses-creanciers-jusquau-21-mai-2013\/#breadcrumb","itemListElement":[{"@type":"ListItem","position":1,"name":"Home","item":"https:\/\/www.retaildetail.be\/fr\/"},{"@type":"ListItem","position":2,"name":"O\u2019Cool prot\u00e9g\u00e9 contre ses cr\u00e9anciers jusqu\u2019au 21 mai 2013"}]},{"@type":"WebSite","@id":"https:\/\/www.retaildetail.be\/nl\/#website","url":"https:\/\/www.retaildetail.be\/nl\/","name":"RetailDetail BE","description":"News","publisher":{"@id":"https:\/\/www.retaildetail.be\/nl\/#organization"},"potentialAction":[{"@type":"SearchAction","target":{"@type":"EntryPoint","urlTemplate":"https:\/\/www.retaildetail.be\/nl\/?s={search_term_string}"},"query-input":{"@type":"PropertyValueSpecification","valueRequired":true,"valueName":"search_term_string"}}],"inLanguage":"fr-FR"},{"@type":"Organization","@id":"https:\/\/www.retaildetail.be\/nl\/#organization","name":"RetailDetail BE","url":"https:\/\/www.retaildetail.be\/nl\/","logo":{"@type":"ImageObject","inLanguage":"fr-FR","@id":"https:\/\/www.retaildetail.be\/nl\/#\/schema\/logo\/image\/","url":"https:\/\/www.retaildetail.be\/wp-content\/uploads\/2022\/04\/logo.svg","contentUrl":"https:\/\/www.retaildetail.be\/wp-content\/uploads\/2022\/04\/logo.svg","width":131,"height":70,"caption":"RetailDetail BE"},"image":{"@id":"https:\/\/www.retaildetail.be\/nl\/#\/schema\/logo\/image\/"}},{"@type":"Person","@id":"https:\/\/www.retaildetail.be\/nl\/#\/schema\/person\/ba2d383452a753a3a1ce8cdb349b5fc9","name":"dev@grandiz.com","image":{"@type":"ImageObject","inLanguage":"fr-FR","@id":"https:\/\/secure.gravatar.com\/avatar\/5f53ce9fb6eed4a60e5aaaa712be8773880fa9459d9cac9bc4aa4fdbce3f447f?s=96&d=mm&r=g","url":"https:\/\/secure.gravatar.com\/avatar\/5f53ce9fb6eed4a60e5aaaa712be8773880fa9459d9cac9bc4aa4fdbce3f447f?s=96&d=mm&r=g","contentUrl":"https:\/\/secure.gravatar.com\/avatar\/5f53ce9fb6eed4a60e5aaaa712be8773880fa9459d9cac9bc4aa4fdbce3f447f?s=96&d=mm&r=g","caption":"dev@grandiz.com"},"sameAs":["http:\/\/preprod.retaildetail.be"],"url":"https:\/\/www.retaildetail.be\/fr\/author\/devgrandiz-com\/"}]}},"jetpack_featured_media_url":"https:\/\/www.retaildetail.be\/wp-content\/uploads\/2022\/04\/logo.png","jetpack_sharing_enabled":true,"_links":{"self":[{"href":"https:\/\/www.retaildetail.be\/fr\/wp-json\/wp\/v2\/posts\/2292","targetHints":{"allow":["GET"]}}],"collection":[{"href":"https:\/\/www.retaildetail.be\/fr\/wp-json\/wp\/v2\/posts"}],"about":[{"href":"https:\/\/www.retaildetail.be\/fr\/wp-json\/wp\/v2\/types\/post"}],"author":[{"embeddable":true,"href":"https:\/\/www.retaildetail.be\/fr\/wp-json\/wp\/v2\/users\/1"}],"replies":[{"embeddable":true,"href":"https:\/\/www.retaildetail.be\/fr\/wp-json\/wp\/v2\/comments?post=2292"}],"version-history":[{"count":0,"href":"https:\/\/www.retaildetail.be\/fr\/wp-json\/wp\/v2\/posts\/2292\/revisions"}],"wp:featuredmedia":[{"embeddable":true,"href":"https:\/\/www.retaildetail.be\/fr\/wp-json\/wp\/v2\/media\/84"}],"wp:attachment":[{"href":"https:\/\/www.retaildetail.be\/fr\/wp-json\/wp\/v2\/media?parent=2292"}],"wp:term":[{"taxonomy":"category","embeddable":true,"href":"https:\/\/www.retaildetail.be\/fr\/wp-json\/wp\/v2\/categories?post=2292"},{"taxonomy":"post_tag","embeddable":true,"href":"https:\/\/www.retaildetail.be\/fr\/wp-json\/wp\/v2\/tags?post=2292"},{"taxonomy":"people","embeddable":true,"href":"https:\/\/www.retaildetail.be\/fr\/wp-json\/wp\/v2\/people?post=2292"},{"taxonomy":"extra","embeddable":true,"href":"https:\/\/www.retaildetail.be\/fr\/wp-json\/wp\/v2\/extra?post=2292"},{"taxonomy":"company","embeddable":true,"href":"https:\/\/www.retaildetail.be\/fr\/wp-json\/wp\/v2\/company?post=2292"},{"taxonomy":"topic","embeddable":true,"href":"https:\/\/www.retaildetail.be\/fr\/wp-json\/wp\/v2\/topic?post=2292"},{"taxonomy":"region","embeddable":true,"href":"https:\/\/www.retaildetail.be\/fr\/wp-json\/wp\/v2\/region?post=2292"}],"curies":[{"name":"wp","href":"https:\/\/api.w.org\/{rel}","templated":true}]}}