{"id":2312,"date":"2012-11-16T15:30:48","date_gmt":"2012-11-16T15:30:48","guid":{"rendered":"https:\/\/www.retaildetail.be\/food\/albert-heijn-debarque-egalement-a-hoboken-gand-et-courtrai\/"},"modified":"2012-11-16T15:30:48","modified_gmt":"2012-11-16T15:30:48","slug":"albert-heijn-debarque-egalement-a-hoboken-gand-et-courtrai","status":"publish","type":"post","link":"https:\/\/www.retaildetail.be\/fr\/news\/food\/albert-heijn-debarque-egalement-a-hoboken-gand-et-courtrai\/","title":{"rendered":"Albert Heijn d\u00e9barque \u00e9galement \u00e0 Hoboken, Gand et Courtrai"},"content":{"rendered":"<h2>Hoboken, Gand et Courtrai \u00a0\u00a0<\/h2>\n<p><strong>Anvers reste l\u2019\u00e9picentre<\/strong> des activit\u00e9s belges d\u2019Albert Heijn : \u00e0 pr\u00e9sent l\u2019enseigne s\u2019installe \u00e9galement <strong>\u00e0 Hoboken<\/strong> (pr\u00e8s d\u2019Anvers) \u00e0 la Sint-Bernardsesteenweg. D\u00e8s lors la chauss\u00e9e compte deux points de vente Albert Heijn, le deuxi\u00e8me se situant <a target=\"_blank\" href=\"nl\/f-belgique\/bgq-alimentation\/item\/14051-albert-heijn-ouvre-son-premier-magasin-en-gestion-propre-au-kiel-%C3%A0-anvers\" rel=\"noopener\">\u00e0 hauteur du Kiel<\/a>.<\/p>\n<p>Mais la cha\u00eene s\u2019\u00e9tend \u00e9galement vers l\u2019ouest du pays. Ainsi <strong>Courtrai<\/strong> accueillera le troisi\u00e8me AH de Flandre-Occidentale dans le centre commercial Ring Shopping. A <strong>Gand<\/strong>, Albert Heijn s\u2019installera au Brabantdam, \u00e0 deux pas du Woodrow Wilsonplein \u2013 ou plus commun\u00e9ment \u2018De Zuid\u2019. Les Courtraisiens avaient d\u00e9j\u00e0 un Albert Heijn \u00e0 proximit\u00e9 (\u00e0 Harelbeke), mais pour les Gantois le nouveau point de vente est le premier dans les environs.<\/p>\n<h2>\n<br \/>Premier objectif : atteint \u00a0\u00a0 \u00a0<\/h2>\n<p>Lors de ses\u00a0 pr\u00e9c\u00e9dentes pr\u00e9visions fin de l\u2019ann\u00e9e derni\u00e8re, Albert Heijn envisageait <strong>dix magasins en Belgique d\u2019ici fin 2012<\/strong> et pas moins de cinquante magasins d\u2019ici cinq ans. Ce premier objectif vient d\u2019\u00eatre atteint cette semaine, gr\u00e2ce \u00e0<a target=\"_blank\" href=\"nl\/f-belgique\/bgq-alimentation\/item\/14834-ouverture-d%E2%80%99albert-heijn-%C3%A0-audenarde\" rel=\"noopener\"> l\u2019ouverture d\u2019AH \u00e0 Audenarde<\/a>. Le num\u00e9ro onze, \u00e0 Olen, ouvrira \u00e9galement ses portes avant la fin de l\u2019ann\u00e9e.<\/p>\n<p>Le m\u00e9lange de produits hollandais et belges, en plus de l\u2019engouement m\u00e9diatique et la politique de bas prix, autant de facteurs qui attirent actuellement <strong>100.000 clients par semaine<\/strong> chez le retailer hollandais. Par ailleurs plus de 130.000 cartes-clients ont d\u00e9j\u00e0 \u00e9t\u00e9 distribu\u00e9es. Un franc succ\u00e8s pour une cha\u00eene pr\u00e9sente depuis un an et demi seulement sur le march\u00e9 belge.<\/p>\n<h2>\n<br \/>Un succ\u00e8s mitig\u00e9<\/h2>\n<p>Un succ\u00e8s mitig\u00e9 toutefois pour Albert Heijn, car malgr\u00e9 les 100.000 clients hebdomadaires, <strong>la fr\u00e9quentation est nettement inf\u00e9rieure<\/strong> \u00e0 <a target=\"_blank\" href=\"nl\/en-images\/item\/13378-corn%C3%A9-mulders-fin-2012-un-quart-de-millions-de-belges-feront-leurs-courses-chez-albert-heijn\" rel=\"noopener\">ce qu\u2019avait pr\u00e9dit l\u2019ann\u00e9e derni\u00e8re le directeur g\u00e9n\u00e9ral d\u2019AH Belgique, Corn\u00e9 Mulders<\/a>. Quoi qu\u2019il en soit, gr\u00e2ce \u00e0 ces performances plus qu\u2019honorables, la cha\u00eene aura donner tort \u00e0 tous ceux qui ne croyaient pas qu\u2019Albert Heijn puisse s\u2019implanter en Belgique. Pour preuve : un Flamand sur six, plus de 400.000 m\u00e9nages au total ont d\u00e9j\u00e0 visit\u00e9 un point de vente belge d\u2019Albert Heijn.<\/p>\n<p>\u00a0<\/p>\n<h2>\u00ab Les Belges sont diff\u00e9rents des Hollandais \u00bb<\/h2>\n<p>Pour l\u2019instant le \u00ab <strong>chiffre d\u2019affaires d\u00e9passe l\u00e9g\u00e8rement les attentes<\/strong> \u00bb indique Mulders, sans pour autant communiquer de chiffres pr\u00e9cis, car les r\u00e9sultatsd\u2019exploitations officielles comprennent \u00e0 la fois les ventes des magasins belges et hollandais. Toutefois le directeur souligne la diff\u00e9rence entre les deux pays : le montant d\u2019achat moyen est bien plus \u00e9lev\u00e9 en Belgique. Les Hollandais par contre se rendent plus fr\u00e9quemment au magasin que les Belges.<\/p>\n<p>D\u2019autre par l\u2019enseigne est encore en phase d\u2019apprentissage afin de ma\u00eetriser d\u2019autres diff\u00e9rences entre les deux pays : ainsi certains termes hollandais, comme \u2018bieflappen\u2019 (tranches de viande) ne conviennent pas et la d\u00e9coupe de la viande de b\u0153uf est diff\u00e9rente \u00e9galement. Malgr\u00e9 ces diff\u00e9rences, les <strong>clients belges sont tr\u00e8s friands des produits typiquement hollandais<\/strong> : les produits laitiers surtout plaisent au public belge, notamment le lait battu et les chaussons aux pommes.<\/p>\n<p>Autre diff\u00e9rence classique \u00e0 laquelle a \u00e9t\u00e9 confront\u00e9 Albert Heijn : <strong>les Pays-Bas sont plus flexibles \u00e0 l\u2019\u00e9gard des employeurs<\/strong> qu\u2019en Belgique : \u00ab Aux Pays-Bas par exemple il est plus facile de pr\u00e9voir davantage de personnel lors des moments de pointe \u00bb, affirme Mulders. Autre divergence, les frais de gestion d\u2019un magasin sont moins \u00e9lev\u00e9s chez nos voisins du nord. Mais cela n\u2019emp\u00eache pas la cha\u00eene de continuer \u00e0 investir dans l\u2019emploi : actuellement Albert Heijn compte 471 employ\u00e9s belges. En y ajoutent le personnel des magasins franchis\u00e9s, ce nombre d\u00e9passe facilement les 500.<\/p>\n<h2>\n<br \/>Pas de centre de distribution suppl\u00e9mentaire<\/h2>\n<p>Malgr\u00e9 son ambition de doubler en 2013 le r\u00e9seau de magasins,\u00a0 pour lequel il recherche des espaces allant de 700 \u00e0 3000 m\u00b2, le distributeur <strong>ne pr\u00e9voit pas pour le moment un centre de distribution belge<\/strong>. \u00ab Pour l\u2019instant nous continuerons \u00e0 approvisionner les magasins belges, depuis notre centre de distribution \u00e0 Tilburg. Avec le chiffre d\u2019affaires actuel, c\u2019est faisable.\u00a0 De plus une partie de l\u2019assortiment en Flandre comprend \u00e9galement des produits hollandais, ce qui ne n\u00e9cessite donc pas une expansion trop importante \u00bb, explique-t-il.<\/p>\n<p>Pourtant Mulders n\u2019exclut pas compl\u00e8tement un centre de distribution pour AH Belgique, mais \u00ab ce sera plut\u00f4t la cons\u00e9quence de l\u2019\u00e9volution aux Pays-Bas \u00bb, car le nombre de magasins l\u00e0-bas y approche les 1000.<\/p>\n<p>Au final, Albert Heijn se dit satisfait de l\u2019ann\u00e9e 2012 presque \u00e9coul\u00e9e et se tourne <strong>avec confiance vers 2013 avec d\u2019ambitieux projets d\u2019expansion<\/strong>. \u2018Albert Heijn is here to stay\u2019, cela ne fait aucun doute !<\/p>\n<p>\u00a0<\/p>\n<p>\u00a0<\/p>\n<p><em>Traduction : Marie-No\u00eblle Masure<\/em><\/p>\n","protected":false},"excerpt":{"rendered":"<p>Hoboken, Gand et Courtrai \u00a0\u00a0 Anvers reste l\u2019\u00e9picentre des activit\u00e9s belges d\u2019Albert Heijn : \u00e0 pr\u00e9sent l\u2019enseigne s\u2019installe \u00e9galement \u00e0 Hoboken (pr\u00e8s d\u2019Anvers) \u00e0 la Sint-Bernardsesteenweg. D\u00e8s lors la chauss\u00e9e compte deux points de vente Albert Heijn, le deuxi\u00e8me se situant \u00e0 hauteur du Kiel. Mais la cha\u00eene s\u2019\u00e9tend \u00e9galement vers l\u2019ouest du pays. Ainsi [&hellip;]<\/p>\n","protected":false},"author":1,"featured_media":84,"comment_status":"closed","ping_status":"closed","sticky":false,"template":"","format":"standard","meta":{"_acf_changed":false,"inline_featured_image":false,"_jetpack_memberships_contains_paid_content":false,"footnotes":""},"categories":[24],"tags":[],"people":[],"extra":[],"company":[],"topic":[],"region":[],"class_list":["post-2312","post","type-post","status-publish","format-standard","has-post-thumbnail","hentry","category-food"],"acf":[],"yoast_head":"<!-- This site is optimized with the Yoast SEO plugin v27.3 - https:\/\/yoast.com\/product\/yoast-seo-wordpress\/ -->\n<title>Albert Heijn d\u00e9barque \u00e9galement \u00e0 Hoboken, Gand et Courtrai - RetailDetail BE<\/title>\n<meta name=\"robots\" content=\"index, follow, max-snippet:-1, max-image-preview:large, max-video-preview:-1\" \/>\n<link rel=\"canonical\" href=\"https:\/\/www.retaildetail.be\/fr\/news\/food\/albert-heijn-debarque-egalement-a-hoboken-gand-et-courtrai\/\" \/>\n<meta property=\"og:locale\" content=\"fr_FR\" \/>\n<meta property=\"og:type\" content=\"article\" \/>\n<meta property=\"og:title\" content=\"Albert Heijn d\u00e9barque \u00e9galement \u00e0 Hoboken, Gand et Courtrai - RetailDetail BE\" \/>\n<meta property=\"og:description\" content=\"Hoboken, Gand et Courtrai \u00a0\u00a0 Anvers reste l\u2019\u00e9picentre des activit\u00e9s belges d\u2019Albert Heijn : \u00e0 pr\u00e9sent l\u2019enseigne s\u2019installe \u00e9galement \u00e0 Hoboken (pr\u00e8s d\u2019Anvers) \u00e0 la Sint-Bernardsesteenweg. D\u00e8s lors la chauss\u00e9e compte deux points de vente Albert Heijn, le deuxi\u00e8me se situant \u00e0 hauteur du Kiel. Mais la cha\u00eene s\u2019\u00e9tend \u00e9galement vers l\u2019ouest du pays. Ainsi [&hellip;]\" \/>\n<meta property=\"og:url\" content=\"https:\/\/www.retaildetail.be\/fr\/news\/food\/albert-heijn-debarque-egalement-a-hoboken-gand-et-courtrai\/\" \/>\n<meta property=\"og:site_name\" content=\"RetailDetail BE\" \/>\n<meta property=\"article:published_time\" content=\"2012-11-16T15:30:48+00:00\" \/>\n<meta property=\"og:image\" content=\"https:\/\/i0.wp.com\/www.retaildetail.be\/wp-content\/uploads\/2022\/04\/logo.png?fit=281%2C147&quality=100&strip=all&ssl=1\" \/>\n\t<meta property=\"og:image:width\" content=\"281\" \/>\n\t<meta property=\"og:image:height\" content=\"147\" \/>\n\t<meta property=\"og:image:type\" content=\"image\/png\" \/>\n<meta name=\"author\" content=\"dev@grandiz.com\" \/>\n<meta name=\"twitter:card\" content=\"summary_large_image\" \/>\n<meta name=\"twitter:label1\" content=\"\u00c9crit par\" \/>\n\t<meta name=\"twitter:data1\" content=\"dev@grandiz.com\" \/>\n\t<meta name=\"twitter:label2\" content=\"Dur\u00e9e de lecture estim\u00e9e\" \/>\n\t<meta name=\"twitter:data2\" content=\"4 minutes\" \/>\n<script type=\"application\/ld+json\" class=\"yoast-schema-graph\">{\"@context\":\"https:\\\/\\\/schema.org\",\"@graph\":[{\"@type\":\"NewsArticle\",\"@id\":\"https:\\\/\\\/www.retaildetail.be\\\/fr\\\/news\\\/food\\\/albert-heijn-debarque-egalement-a-hoboken-gand-et-courtrai\\\/#article\",\"isPartOf\":{\"@id\":\"https:\\\/\\\/www.retaildetail.be\\\/fr\\\/news\\\/food\\\/albert-heijn-debarque-egalement-a-hoboken-gand-et-courtrai\\\/\"},\"author\":{\"name\":\"dev@grandiz.com\",\"@id\":\"https:\\\/\\\/www.retaildetail.be\\\/nl\\\/#\\\/schema\\\/person\\\/ba2d383452a753a3a1ce8cdb349b5fc9\"},\"headline\":\"Albert Heijn d\u00e9barque \u00e9galement \u00e0 Hoboken, Gand et Courtrai\",\"datePublished\":\"2012-11-16T15:30:48+00:00\",\"mainEntityOfPage\":{\"@id\":\"https:\\\/\\\/www.retaildetail.be\\\/fr\\\/news\\\/food\\\/albert-heijn-debarque-egalement-a-hoboken-gand-et-courtrai\\\/\"},\"wordCount\":796,\"publisher\":{\"@id\":\"https:\\\/\\\/www.retaildetail.be\\\/nl\\\/#organization\"},\"image\":{\"@id\":\"https:\\\/\\\/www.retaildetail.be\\\/fr\\\/news\\\/food\\\/albert-heijn-debarque-egalement-a-hoboken-gand-et-courtrai\\\/#primaryimage\"},\"thumbnailUrl\":\"https:\\\/\\\/www.retaildetail.be\\\/wp-content\\\/uploads\\\/2022\\\/04\\\/logo.png\",\"articleSection\":[\"Food\"],\"inLanguage\":\"fr-FR\",\"copyrightYear\":\"2012\",\"copyrightHolder\":{\"@id\":\"https:\\\/\\\/www.retaildetail.be\\\/#organization\"}},{\"@type\":\"WebPage\",\"@id\":\"https:\\\/\\\/www.retaildetail.be\\\/fr\\\/news\\\/food\\\/albert-heijn-debarque-egalement-a-hoboken-gand-et-courtrai\\\/\",\"url\":\"https:\\\/\\\/www.retaildetail.be\\\/fr\\\/news\\\/food\\\/albert-heijn-debarque-egalement-a-hoboken-gand-et-courtrai\\\/\",\"name\":\"Albert Heijn d\u00e9barque \u00e9galement \u00e0 Hoboken, Gand et Courtrai - RetailDetail BE\",\"isPartOf\":{\"@id\":\"https:\\\/\\\/www.retaildetail.be\\\/nl\\\/#website\"},\"primaryImageOfPage\":{\"@id\":\"https:\\\/\\\/www.retaildetail.be\\\/fr\\\/news\\\/food\\\/albert-heijn-debarque-egalement-a-hoboken-gand-et-courtrai\\\/#primaryimage\"},\"image\":{\"@id\":\"https:\\\/\\\/www.retaildetail.be\\\/fr\\\/news\\\/food\\\/albert-heijn-debarque-egalement-a-hoboken-gand-et-courtrai\\\/#primaryimage\"},\"thumbnailUrl\":\"https:\\\/\\\/www.retaildetail.be\\\/wp-content\\\/uploads\\\/2022\\\/04\\\/logo.png\",\"datePublished\":\"2012-11-16T15:30:48+00:00\",\"breadcrumb\":{\"@id\":\"https:\\\/\\\/www.retaildetail.be\\\/fr\\\/news\\\/food\\\/albert-heijn-debarque-egalement-a-hoboken-gand-et-courtrai\\\/#breadcrumb\"},\"inLanguage\":\"fr-FR\",\"potentialAction\":[{\"@type\":\"ReadAction\",\"target\":[\"https:\\\/\\\/www.retaildetail.be\\\/fr\\\/news\\\/food\\\/albert-heijn-debarque-egalement-a-hoboken-gand-et-courtrai\\\/\"]}]},{\"@type\":\"ImageObject\",\"inLanguage\":\"fr-FR\",\"@id\":\"https:\\\/\\\/www.retaildetail.be\\\/fr\\\/news\\\/food\\\/albert-heijn-debarque-egalement-a-hoboken-gand-et-courtrai\\\/#primaryimage\",\"url\":\"https:\\\/\\\/www.retaildetail.be\\\/wp-content\\\/uploads\\\/2022\\\/04\\\/logo.png\",\"contentUrl\":\"https:\\\/\\\/www.retaildetail.be\\\/wp-content\\\/uploads\\\/2022\\\/04\\\/logo.png\",\"width\":281,\"height\":147},{\"@type\":\"BreadcrumbList\",\"@id\":\"https:\\\/\\\/www.retaildetail.be\\\/fr\\\/news\\\/food\\\/albert-heijn-debarque-egalement-a-hoboken-gand-et-courtrai\\\/#breadcrumb\",\"itemListElement\":[{\"@type\":\"ListItem\",\"position\":1,\"name\":\"Home\",\"item\":\"https:\\\/\\\/www.retaildetail.be\\\/fr\\\/\"},{\"@type\":\"ListItem\",\"position\":2,\"name\":\"Albert Heijn d\u00e9barque \u00e9galement \u00e0 Hoboken, Gand et Courtrai\"}]},{\"@type\":\"WebSite\",\"@id\":\"https:\\\/\\\/www.retaildetail.be\\\/nl\\\/#website\",\"url\":\"https:\\\/\\\/www.retaildetail.be\\\/nl\\\/\",\"name\":\"RetailDetail BE\",\"description\":\"News\",\"publisher\":{\"@id\":\"https:\\\/\\\/www.retaildetail.be\\\/nl\\\/#organization\"},\"potentialAction\":[{\"@type\":\"SearchAction\",\"target\":{\"@type\":\"EntryPoint\",\"urlTemplate\":\"https:\\\/\\\/www.retaildetail.be\\\/nl\\\/?s={search_term_string}\"},\"query-input\":{\"@type\":\"PropertyValueSpecification\",\"valueRequired\":true,\"valueName\":\"search_term_string\"}}],\"inLanguage\":\"fr-FR\"},{\"@type\":\"Organization\",\"@id\":\"https:\\\/\\\/www.retaildetail.be\\\/nl\\\/#organization\",\"name\":\"RetailDetail BE\",\"url\":\"https:\\\/\\\/www.retaildetail.be\\\/nl\\\/\",\"logo\":{\"@type\":\"ImageObject\",\"inLanguage\":\"fr-FR\",\"@id\":\"https:\\\/\\\/www.retaildetail.be\\\/nl\\\/#\\\/schema\\\/logo\\\/image\\\/\",\"url\":\"https:\\\/\\\/www.retaildetail.be\\\/wp-content\\\/uploads\\\/2022\\\/04\\\/logo.svg\",\"contentUrl\":\"https:\\\/\\\/www.retaildetail.be\\\/wp-content\\\/uploads\\\/2022\\\/04\\\/logo.svg\",\"width\":131,\"height\":70,\"caption\":\"RetailDetail BE\"},\"image\":{\"@id\":\"https:\\\/\\\/www.retaildetail.be\\\/nl\\\/#\\\/schema\\\/logo\\\/image\\\/\"}},{\"@type\":\"Person\",\"@id\":\"https:\\\/\\\/www.retaildetail.be\\\/nl\\\/#\\\/schema\\\/person\\\/ba2d383452a753a3a1ce8cdb349b5fc9\",\"name\":\"dev@grandiz.com\",\"image\":{\"@type\":\"ImageObject\",\"inLanguage\":\"fr-FR\",\"@id\":\"https:\\\/\\\/secure.gravatar.com\\\/avatar\\\/5f53ce9fb6eed4a60e5aaaa712be8773880fa9459d9cac9bc4aa4fdbce3f447f?s=96&d=mm&r=g\",\"url\":\"https:\\\/\\\/secure.gravatar.com\\\/avatar\\\/5f53ce9fb6eed4a60e5aaaa712be8773880fa9459d9cac9bc4aa4fdbce3f447f?s=96&d=mm&r=g\",\"contentUrl\":\"https:\\\/\\\/secure.gravatar.com\\\/avatar\\\/5f53ce9fb6eed4a60e5aaaa712be8773880fa9459d9cac9bc4aa4fdbce3f447f?s=96&d=mm&r=g\",\"caption\":\"dev@grandiz.com\"},\"sameAs\":[\"http:\\\/\\\/preprod.retaildetail.be\"],\"url\":\"https:\\\/\\\/www.retaildetail.be\\\/fr\\\/author\\\/devgrandiz-com\\\/\"}]}<\/script>\n<!-- \/ Yoast SEO plugin. -->","yoast_head_json":{"title":"Albert Heijn d\u00e9barque \u00e9galement \u00e0 Hoboken, Gand et Courtrai - RetailDetail BE","robots":{"index":"index","follow":"follow","max-snippet":"max-snippet:-1","max-image-preview":"max-image-preview:large","max-video-preview":"max-video-preview:-1"},"canonical":"https:\/\/www.retaildetail.be\/fr\/news\/food\/albert-heijn-debarque-egalement-a-hoboken-gand-et-courtrai\/","og_locale":"fr_FR","og_type":"article","og_title":"Albert Heijn d\u00e9barque \u00e9galement \u00e0 Hoboken, Gand et Courtrai - RetailDetail BE","og_description":"Hoboken, Gand et Courtrai \u00a0\u00a0 Anvers reste l\u2019\u00e9picentre des activit\u00e9s belges d\u2019Albert Heijn : \u00e0 pr\u00e9sent l\u2019enseigne s\u2019installe \u00e9galement \u00e0 Hoboken (pr\u00e8s d\u2019Anvers) \u00e0 la Sint-Bernardsesteenweg. D\u00e8s lors la chauss\u00e9e compte deux points de vente Albert Heijn, le deuxi\u00e8me se situant \u00e0 hauteur du Kiel. Mais la cha\u00eene s\u2019\u00e9tend \u00e9galement vers l\u2019ouest du pays. Ainsi [&hellip;]","og_url":"https:\/\/www.retaildetail.be\/fr\/news\/food\/albert-heijn-debarque-egalement-a-hoboken-gand-et-courtrai\/","og_site_name":"RetailDetail BE","article_published_time":"2012-11-16T15:30:48+00:00","og_image":[{"width":281,"height":147,"url":"https:\/\/i0.wp.com\/www.retaildetail.be\/wp-content\/uploads\/2022\/04\/logo.png?fit=281%2C147&quality=100&strip=all&ssl=1","type":"image\/png"}],"author":"dev@grandiz.com","twitter_card":"summary_large_image","twitter_misc":{"\u00c9crit par":"dev@grandiz.com","Dur\u00e9e de lecture estim\u00e9e":"4 minutes"},"schema":{"@context":"https:\/\/schema.org","@graph":[{"@type":"NewsArticle","@id":"https:\/\/www.retaildetail.be\/fr\/news\/food\/albert-heijn-debarque-egalement-a-hoboken-gand-et-courtrai\/#article","isPartOf":{"@id":"https:\/\/www.retaildetail.be\/fr\/news\/food\/albert-heijn-debarque-egalement-a-hoboken-gand-et-courtrai\/"},"author":{"name":"dev@grandiz.com","@id":"https:\/\/www.retaildetail.be\/nl\/#\/schema\/person\/ba2d383452a753a3a1ce8cdb349b5fc9"},"headline":"Albert Heijn d\u00e9barque \u00e9galement \u00e0 Hoboken, Gand et Courtrai","datePublished":"2012-11-16T15:30:48+00:00","mainEntityOfPage":{"@id":"https:\/\/www.retaildetail.be\/fr\/news\/food\/albert-heijn-debarque-egalement-a-hoboken-gand-et-courtrai\/"},"wordCount":796,"publisher":{"@id":"https:\/\/www.retaildetail.be\/nl\/#organization"},"image":{"@id":"https:\/\/www.retaildetail.be\/fr\/news\/food\/albert-heijn-debarque-egalement-a-hoboken-gand-et-courtrai\/#primaryimage"},"thumbnailUrl":"https:\/\/www.retaildetail.be\/wp-content\/uploads\/2022\/04\/logo.png","articleSection":["Food"],"inLanguage":"fr-FR","copyrightYear":"2012","copyrightHolder":{"@id":"https:\/\/www.retaildetail.be\/#organization"}},{"@type":"WebPage","@id":"https:\/\/www.retaildetail.be\/fr\/news\/food\/albert-heijn-debarque-egalement-a-hoboken-gand-et-courtrai\/","url":"https:\/\/www.retaildetail.be\/fr\/news\/food\/albert-heijn-debarque-egalement-a-hoboken-gand-et-courtrai\/","name":"Albert Heijn d\u00e9barque \u00e9galement \u00e0 Hoboken, Gand et Courtrai - RetailDetail BE","isPartOf":{"@id":"https:\/\/www.retaildetail.be\/nl\/#website"},"primaryImageOfPage":{"@id":"https:\/\/www.retaildetail.be\/fr\/news\/food\/albert-heijn-debarque-egalement-a-hoboken-gand-et-courtrai\/#primaryimage"},"image":{"@id":"https:\/\/www.retaildetail.be\/fr\/news\/food\/albert-heijn-debarque-egalement-a-hoboken-gand-et-courtrai\/#primaryimage"},"thumbnailUrl":"https:\/\/www.retaildetail.be\/wp-content\/uploads\/2022\/04\/logo.png","datePublished":"2012-11-16T15:30:48+00:00","breadcrumb":{"@id":"https:\/\/www.retaildetail.be\/fr\/news\/food\/albert-heijn-debarque-egalement-a-hoboken-gand-et-courtrai\/#breadcrumb"},"inLanguage":"fr-FR","potentialAction":[{"@type":"ReadAction","target":["https:\/\/www.retaildetail.be\/fr\/news\/food\/albert-heijn-debarque-egalement-a-hoboken-gand-et-courtrai\/"]}]},{"@type":"ImageObject","inLanguage":"fr-FR","@id":"https:\/\/www.retaildetail.be\/fr\/news\/food\/albert-heijn-debarque-egalement-a-hoboken-gand-et-courtrai\/#primaryimage","url":"https:\/\/www.retaildetail.be\/wp-content\/uploads\/2022\/04\/logo.png","contentUrl":"https:\/\/www.retaildetail.be\/wp-content\/uploads\/2022\/04\/logo.png","width":281,"height":147},{"@type":"BreadcrumbList","@id":"https:\/\/www.retaildetail.be\/fr\/news\/food\/albert-heijn-debarque-egalement-a-hoboken-gand-et-courtrai\/#breadcrumb","itemListElement":[{"@type":"ListItem","position":1,"name":"Home","item":"https:\/\/www.retaildetail.be\/fr\/"},{"@type":"ListItem","position":2,"name":"Albert Heijn d\u00e9barque \u00e9galement \u00e0 Hoboken, Gand et Courtrai"}]},{"@type":"WebSite","@id":"https:\/\/www.retaildetail.be\/nl\/#website","url":"https:\/\/www.retaildetail.be\/nl\/","name":"RetailDetail BE","description":"News","publisher":{"@id":"https:\/\/www.retaildetail.be\/nl\/#organization"},"potentialAction":[{"@type":"SearchAction","target":{"@type":"EntryPoint","urlTemplate":"https:\/\/www.retaildetail.be\/nl\/?s={search_term_string}"},"query-input":{"@type":"PropertyValueSpecification","valueRequired":true,"valueName":"search_term_string"}}],"inLanguage":"fr-FR"},{"@type":"Organization","@id":"https:\/\/www.retaildetail.be\/nl\/#organization","name":"RetailDetail BE","url":"https:\/\/www.retaildetail.be\/nl\/","logo":{"@type":"ImageObject","inLanguage":"fr-FR","@id":"https:\/\/www.retaildetail.be\/nl\/#\/schema\/logo\/image\/","url":"https:\/\/www.retaildetail.be\/wp-content\/uploads\/2022\/04\/logo.svg","contentUrl":"https:\/\/www.retaildetail.be\/wp-content\/uploads\/2022\/04\/logo.svg","width":131,"height":70,"caption":"RetailDetail BE"},"image":{"@id":"https:\/\/www.retaildetail.be\/nl\/#\/schema\/logo\/image\/"}},{"@type":"Person","@id":"https:\/\/www.retaildetail.be\/nl\/#\/schema\/person\/ba2d383452a753a3a1ce8cdb349b5fc9","name":"dev@grandiz.com","image":{"@type":"ImageObject","inLanguage":"fr-FR","@id":"https:\/\/secure.gravatar.com\/avatar\/5f53ce9fb6eed4a60e5aaaa712be8773880fa9459d9cac9bc4aa4fdbce3f447f?s=96&d=mm&r=g","url":"https:\/\/secure.gravatar.com\/avatar\/5f53ce9fb6eed4a60e5aaaa712be8773880fa9459d9cac9bc4aa4fdbce3f447f?s=96&d=mm&r=g","contentUrl":"https:\/\/secure.gravatar.com\/avatar\/5f53ce9fb6eed4a60e5aaaa712be8773880fa9459d9cac9bc4aa4fdbce3f447f?s=96&d=mm&r=g","caption":"dev@grandiz.com"},"sameAs":["http:\/\/preprod.retaildetail.be"],"url":"https:\/\/www.retaildetail.be\/fr\/author\/devgrandiz-com\/"}]}},"jetpack_featured_media_url":"https:\/\/www.retaildetail.be\/wp-content\/uploads\/2022\/04\/logo.png","jetpack_sharing_enabled":true,"_links":{"self":[{"href":"https:\/\/www.retaildetail.be\/fr\/wp-json\/wp\/v2\/posts\/2312","targetHints":{"allow":["GET"]}}],"collection":[{"href":"https:\/\/www.retaildetail.be\/fr\/wp-json\/wp\/v2\/posts"}],"about":[{"href":"https:\/\/www.retaildetail.be\/fr\/wp-json\/wp\/v2\/types\/post"}],"author":[{"embeddable":true,"href":"https:\/\/www.retaildetail.be\/fr\/wp-json\/wp\/v2\/users\/1"}],"replies":[{"embeddable":true,"href":"https:\/\/www.retaildetail.be\/fr\/wp-json\/wp\/v2\/comments?post=2312"}],"version-history":[{"count":0,"href":"https:\/\/www.retaildetail.be\/fr\/wp-json\/wp\/v2\/posts\/2312\/revisions"}],"wp:featuredmedia":[{"embeddable":true,"href":"https:\/\/www.retaildetail.be\/fr\/wp-json\/wp\/v2\/media\/84"}],"wp:attachment":[{"href":"https:\/\/www.retaildetail.be\/fr\/wp-json\/wp\/v2\/media?parent=2312"}],"wp:term":[{"taxonomy":"category","embeddable":true,"href":"https:\/\/www.retaildetail.be\/fr\/wp-json\/wp\/v2\/categories?post=2312"},{"taxonomy":"post_tag","embeddable":true,"href":"https:\/\/www.retaildetail.be\/fr\/wp-json\/wp\/v2\/tags?post=2312"},{"taxonomy":"people","embeddable":true,"href":"https:\/\/www.retaildetail.be\/fr\/wp-json\/wp\/v2\/people?post=2312"},{"taxonomy":"extra","embeddable":true,"href":"https:\/\/www.retaildetail.be\/fr\/wp-json\/wp\/v2\/extra?post=2312"},{"taxonomy":"company","embeddable":true,"href":"https:\/\/www.retaildetail.be\/fr\/wp-json\/wp\/v2\/company?post=2312"},{"taxonomy":"topic","embeddable":true,"href":"https:\/\/www.retaildetail.be\/fr\/wp-json\/wp\/v2\/topic?post=2312"},{"taxonomy":"region","embeddable":true,"href":"https:\/\/www.retaildetail.be\/fr\/wp-json\/wp\/v2\/region?post=2312"}],"curies":[{"name":"wp","href":"https:\/\/api.w.org\/{rel}","templated":true}]}}