{"id":2320,"date":"2012-11-20T15:58:31","date_gmt":"2012-11-20T15:58:31","guid":{"rendered":"https:\/\/www.retaildetail.be\/food\/les-prix-alimentaires-en-hausse-de-27-par-rapport-a-lannee-derniere\/"},"modified":"2012-11-20T15:58:31","modified_gmt":"2012-11-20T15:58:31","slug":"les-prix-alimentaires-en-hausse-de-27-par-rapport-a-lannee-derniere","status":"publish","type":"post","link":"https:\/\/www.retaildetail.be\/fr\/news\/food\/les-prix-alimentaires-en-hausse-de-27-par-rapport-a-lannee-derniere\/","title":{"rendered":"Les prix alimentaires en hausse de 2,7%  par rapport \u00e0 l\u2019ann\u00e9e derni\u00e8re"},"content":{"rendered":"<h2>Forte augmentation de prix pour les aliments non transform\u00e9s<\/h2>\n<p><strong>Les produits alimentaires non transform\u00e9s ont connu des hausses de prix importantes<\/strong> : <a target=\"_blank\" href=\"http:\/\/www.test-achats.be\/alimentation\/aliments\/en-direct\/barometre-des-prix-a-la-hausse\" rel=\"noopener\">+11% pour les fruits, +21% pour les l\u00e9gumes frais<\/a>, avec en t\u00eate les brocolis (+78%), les choux-fleurs (+49%) et les pommes de terre (+37%). Au rayon boucherie les prix grimpent \u00e9galement (+3,6%), principalement suite \u00e0 la hausse de prix de la viande de porc et de b\u0153uf (respectivement +9% et 8,5%).<\/p>\n<p>En contrepartie les prix des aliments transform\u00e9s ont baiss\u00e9 de 0 ,3%,<strong> gr\u00e2ce aux produits de marque devenus meilleur march\u00e9 de 1,7%.<\/strong> En revanche les prix des marques de distributeur ont augment\u00e9 de 1% et ceux des marques premiers prix de 2%. Dans cette cat\u00e9gorie les p\u00e2tes ont connu la plus forte hausse (pr\u00e8s de 15%), ainsi que les p\u00e2tes \u00e0 tartiner (+5%), qui laisseront certainement un arri\u00e8re-go\u00fbt amer au consommateur.<\/p>\n<h2>\n<br \/>Prix quasiment identiques pour les marques \u2018premiers prix\u2019<\/h2>\n<p>Test-Achats indique \u00e9galement que les prix de certains produits de base des <strong>marques \u2018premiers prix\u2019 sont souvent identiques dans les trois grandes cha\u00eenes de supermarch\u00e9s<\/strong> (Carrefour, Colruyt et Delhaize), avec parfois un cent de diff\u00e9rence tout au plus.<\/p>\n<p>\u00ab Le 8 novembre, nous notions encore que le lait demi-\u00e9cr\u00e9m\u00e9 (brique) en \u00ab premier prix \u00bb co\u00fbtait 0,49 \u20ac, soit le m\u00eame prix partout. Le caf\u00e9 moulu (500 g.) en \u00ab premier prix \u00bb co\u00fbtait partout 2,99 \u20ac. Pour l\u2019huile de friture (2 litres) en \u00ab premier prix \u00bb, nous avons not\u00e9 2,69 \u20ac chez Carrefour et Delhaize, et 2,68 \u20ac chez Colruyt. Le yaourt maigre (8 x 125 g.) en \u00ab premier prix \u00bb co\u00fbtait exactement 0,99 \u20ac dans les 3 enseignes \u00bb, a constat\u00e9 Test-Achats.<\/p>\n<p>\u00a0<\/p>\n<p>\u00a0<\/p>\n<p><em>Traduction : Marie-No\u00eblle Masure<\/em><\/p>\n","protected":false},"excerpt":{"rendered":"<p>Forte augmentation de prix pour les aliments non transform\u00e9s Les produits alimentaires non transform\u00e9s ont connu des hausses de prix importantes : +11% pour les fruits, +21% pour les l\u00e9gumes frais, avec en t\u00eate les brocolis (+78%), les choux-fleurs (+49%) et les pommes de terre (+37%). Au rayon boucherie les prix grimpent \u00e9galement (+3,6%), principalement [&hellip;]<\/p>\n","protected":false},"author":1,"featured_media":84,"comment_status":"closed","ping_status":"closed","sticky":false,"template":"","format":"standard","meta":{"_acf_changed":false,"inline_featured_image":false,"_jetpack_memberships_contains_paid_content":false,"footnotes":""},"categories":[24],"tags":[],"people":[],"extra":[],"company":[],"topic":[],"region":[],"class_list":["post-2320","post","type-post","status-publish","format-standard","has-post-thumbnail","hentry","category-food"],"acf":[],"yoast_head":"<!-- This site is optimized with the Yoast SEO plugin v27.3 - https:\/\/yoast.com\/product\/yoast-seo-wordpress\/ -->\n<title>Les prix alimentaires en hausse de 2,7% par rapport \u00e0 l\u2019ann\u00e9e derni\u00e8re - RetailDetail BE<\/title>\n<meta name=\"robots\" content=\"index, follow, max-snippet:-1, max-image-preview:large, max-video-preview:-1\" \/>\n<link rel=\"canonical\" href=\"https:\/\/www.retaildetail.be\/fr\/news\/food\/les-prix-alimentaires-en-hausse-de-27-par-rapport-a-lannee-derniere\/\" \/>\n<meta property=\"og:locale\" content=\"fr_FR\" \/>\n<meta property=\"og:type\" content=\"article\" \/>\n<meta property=\"og:title\" content=\"Les prix alimentaires en hausse de 2,7% par rapport \u00e0 l\u2019ann\u00e9e derni\u00e8re - RetailDetail BE\" \/>\n<meta property=\"og:description\" content=\"Forte augmentation de prix pour les aliments non transform\u00e9s Les produits alimentaires non transform\u00e9s ont connu des hausses de prix importantes : +11% pour les fruits, +21% pour les l\u00e9gumes frais, avec en t\u00eate les brocolis (+78%), les choux-fleurs (+49%) et les pommes de terre (+37%). Au rayon boucherie les prix grimpent \u00e9galement (+3,6%), principalement [&hellip;]\" \/>\n<meta property=\"og:url\" content=\"https:\/\/www.retaildetail.be\/fr\/news\/food\/les-prix-alimentaires-en-hausse-de-27-par-rapport-a-lannee-derniere\/\" \/>\n<meta property=\"og:site_name\" content=\"RetailDetail BE\" \/>\n<meta property=\"article:published_time\" content=\"2012-11-20T15:58:31+00:00\" \/>\n<meta property=\"og:image\" content=\"https:\/\/i0.wp.com\/www.retaildetail.be\/wp-content\/uploads\/2022\/04\/logo.png?fit=281%2C147&quality=100&strip=all&ssl=1\" \/>\n\t<meta property=\"og:image:width\" content=\"281\" \/>\n\t<meta property=\"og:image:height\" content=\"147\" \/>\n\t<meta property=\"og:image:type\" content=\"image\/png\" \/>\n<meta name=\"author\" content=\"dev@grandiz.com\" \/>\n<meta name=\"twitter:card\" content=\"summary_large_image\" \/>\n<meta name=\"twitter:label1\" content=\"\u00c9crit par\" \/>\n\t<meta name=\"twitter:data1\" content=\"dev@grandiz.com\" \/>\n\t<meta name=\"twitter:label2\" content=\"Dur\u00e9e de lecture estim\u00e9e\" \/>\n\t<meta name=\"twitter:data2\" content=\"1 minute\" \/>\n<script type=\"application\/ld+json\" class=\"yoast-schema-graph\">{\"@context\":\"https:\\\/\\\/schema.org\",\"@graph\":[{\"@type\":\"NewsArticle\",\"@id\":\"https:\\\/\\\/www.retaildetail.be\\\/fr\\\/news\\\/food\\\/les-prix-alimentaires-en-hausse-de-27-par-rapport-a-lannee-derniere\\\/#article\",\"isPartOf\":{\"@id\":\"https:\\\/\\\/www.retaildetail.be\\\/fr\\\/news\\\/food\\\/les-prix-alimentaires-en-hausse-de-27-par-rapport-a-lannee-derniere\\\/\"},\"author\":{\"name\":\"dev@grandiz.com\",\"@id\":\"https:\\\/\\\/www.retaildetail.be\\\/nl\\\/#\\\/schema\\\/person\\\/ba2d383452a753a3a1ce8cdb349b5fc9\"},\"headline\":\"Les prix alimentaires en hausse de 2,7% par rapport \u00e0 l\u2019ann\u00e9e derni\u00e8re\",\"datePublished\":\"2012-11-20T15:58:31+00:00\",\"mainEntityOfPage\":{\"@id\":\"https:\\\/\\\/www.retaildetail.be\\\/fr\\\/news\\\/food\\\/les-prix-alimentaires-en-hausse-de-27-par-rapport-a-lannee-derniere\\\/\"},\"wordCount\":274,\"publisher\":{\"@id\":\"https:\\\/\\\/www.retaildetail.be\\\/nl\\\/#organization\"},\"image\":{\"@id\":\"https:\\\/\\\/www.retaildetail.be\\\/fr\\\/news\\\/food\\\/les-prix-alimentaires-en-hausse-de-27-par-rapport-a-lannee-derniere\\\/#primaryimage\"},\"thumbnailUrl\":\"https:\\\/\\\/www.retaildetail.be\\\/wp-content\\\/uploads\\\/2022\\\/04\\\/logo.png\",\"articleSection\":[\"Food\"],\"inLanguage\":\"fr-FR\",\"copyrightYear\":\"2012\",\"copyrightHolder\":{\"@id\":\"https:\\\/\\\/www.retaildetail.be\\\/#organization\"}},{\"@type\":\"WebPage\",\"@id\":\"https:\\\/\\\/www.retaildetail.be\\\/fr\\\/news\\\/food\\\/les-prix-alimentaires-en-hausse-de-27-par-rapport-a-lannee-derniere\\\/\",\"url\":\"https:\\\/\\\/www.retaildetail.be\\\/fr\\\/news\\\/food\\\/les-prix-alimentaires-en-hausse-de-27-par-rapport-a-lannee-derniere\\\/\",\"name\":\"Les prix alimentaires en hausse de 2,7% par rapport \u00e0 l\u2019ann\u00e9e derni\u00e8re - RetailDetail BE\",\"isPartOf\":{\"@id\":\"https:\\\/\\\/www.retaildetail.be\\\/nl\\\/#website\"},\"primaryImageOfPage\":{\"@id\":\"https:\\\/\\\/www.retaildetail.be\\\/fr\\\/news\\\/food\\\/les-prix-alimentaires-en-hausse-de-27-par-rapport-a-lannee-derniere\\\/#primaryimage\"},\"image\":{\"@id\":\"https:\\\/\\\/www.retaildetail.be\\\/fr\\\/news\\\/food\\\/les-prix-alimentaires-en-hausse-de-27-par-rapport-a-lannee-derniere\\\/#primaryimage\"},\"thumbnailUrl\":\"https:\\\/\\\/www.retaildetail.be\\\/wp-content\\\/uploads\\\/2022\\\/04\\\/logo.png\",\"datePublished\":\"2012-11-20T15:58:31+00:00\",\"breadcrumb\":{\"@id\":\"https:\\\/\\\/www.retaildetail.be\\\/fr\\\/news\\\/food\\\/les-prix-alimentaires-en-hausse-de-27-par-rapport-a-lannee-derniere\\\/#breadcrumb\"},\"inLanguage\":\"fr-FR\",\"potentialAction\":[{\"@type\":\"ReadAction\",\"target\":[\"https:\\\/\\\/www.retaildetail.be\\\/fr\\\/news\\\/food\\\/les-prix-alimentaires-en-hausse-de-27-par-rapport-a-lannee-derniere\\\/\"]}]},{\"@type\":\"ImageObject\",\"inLanguage\":\"fr-FR\",\"@id\":\"https:\\\/\\\/www.retaildetail.be\\\/fr\\\/news\\\/food\\\/les-prix-alimentaires-en-hausse-de-27-par-rapport-a-lannee-derniere\\\/#primaryimage\",\"url\":\"https:\\\/\\\/www.retaildetail.be\\\/wp-content\\\/uploads\\\/2022\\\/04\\\/logo.png\",\"contentUrl\":\"https:\\\/\\\/www.retaildetail.be\\\/wp-content\\\/uploads\\\/2022\\\/04\\\/logo.png\",\"width\":281,\"height\":147},{\"@type\":\"BreadcrumbList\",\"@id\":\"https:\\\/\\\/www.retaildetail.be\\\/fr\\\/news\\\/food\\\/les-prix-alimentaires-en-hausse-de-27-par-rapport-a-lannee-derniere\\\/#breadcrumb\",\"itemListElement\":[{\"@type\":\"ListItem\",\"position\":1,\"name\":\"Home\",\"item\":\"https:\\\/\\\/www.retaildetail.be\\\/fr\\\/\"},{\"@type\":\"ListItem\",\"position\":2,\"name\":\"Les prix alimentaires en hausse de 2,7% par rapport \u00e0 l\u2019ann\u00e9e derni\u00e8re\"}]},{\"@type\":\"WebSite\",\"@id\":\"https:\\\/\\\/www.retaildetail.be\\\/nl\\\/#website\",\"url\":\"https:\\\/\\\/www.retaildetail.be\\\/nl\\\/\",\"name\":\"RetailDetail BE\",\"description\":\"News\",\"publisher\":{\"@id\":\"https:\\\/\\\/www.retaildetail.be\\\/nl\\\/#organization\"},\"potentialAction\":[{\"@type\":\"SearchAction\",\"target\":{\"@type\":\"EntryPoint\",\"urlTemplate\":\"https:\\\/\\\/www.retaildetail.be\\\/nl\\\/?s={search_term_string}\"},\"query-input\":{\"@type\":\"PropertyValueSpecification\",\"valueRequired\":true,\"valueName\":\"search_term_string\"}}],\"inLanguage\":\"fr-FR\"},{\"@type\":\"Organization\",\"@id\":\"https:\\\/\\\/www.retaildetail.be\\\/nl\\\/#organization\",\"name\":\"RetailDetail BE\",\"url\":\"https:\\\/\\\/www.retaildetail.be\\\/nl\\\/\",\"logo\":{\"@type\":\"ImageObject\",\"inLanguage\":\"fr-FR\",\"@id\":\"https:\\\/\\\/www.retaildetail.be\\\/nl\\\/#\\\/schema\\\/logo\\\/image\\\/\",\"url\":\"https:\\\/\\\/www.retaildetail.be\\\/wp-content\\\/uploads\\\/2022\\\/04\\\/logo.svg\",\"contentUrl\":\"https:\\\/\\\/www.retaildetail.be\\\/wp-content\\\/uploads\\\/2022\\\/04\\\/logo.svg\",\"width\":131,\"height\":70,\"caption\":\"RetailDetail BE\"},\"image\":{\"@id\":\"https:\\\/\\\/www.retaildetail.be\\\/nl\\\/#\\\/schema\\\/logo\\\/image\\\/\"}},{\"@type\":\"Person\",\"@id\":\"https:\\\/\\\/www.retaildetail.be\\\/nl\\\/#\\\/schema\\\/person\\\/ba2d383452a753a3a1ce8cdb349b5fc9\",\"name\":\"dev@grandiz.com\",\"image\":{\"@type\":\"ImageObject\",\"inLanguage\":\"fr-FR\",\"@id\":\"https:\\\/\\\/secure.gravatar.com\\\/avatar\\\/5f53ce9fb6eed4a60e5aaaa712be8773880fa9459d9cac9bc4aa4fdbce3f447f?s=96&d=mm&r=g\",\"url\":\"https:\\\/\\\/secure.gravatar.com\\\/avatar\\\/5f53ce9fb6eed4a60e5aaaa712be8773880fa9459d9cac9bc4aa4fdbce3f447f?s=96&d=mm&r=g\",\"contentUrl\":\"https:\\\/\\\/secure.gravatar.com\\\/avatar\\\/5f53ce9fb6eed4a60e5aaaa712be8773880fa9459d9cac9bc4aa4fdbce3f447f?s=96&d=mm&r=g\",\"caption\":\"dev@grandiz.com\"},\"sameAs\":[\"http:\\\/\\\/preprod.retaildetail.be\"],\"url\":\"https:\\\/\\\/www.retaildetail.be\\\/fr\\\/author\\\/devgrandiz-com\\\/\"}]}<\/script>\n<!-- \/ Yoast SEO plugin. -->","yoast_head_json":{"title":"Les prix alimentaires en hausse de 2,7% par rapport \u00e0 l\u2019ann\u00e9e derni\u00e8re - RetailDetail BE","robots":{"index":"index","follow":"follow","max-snippet":"max-snippet:-1","max-image-preview":"max-image-preview:large","max-video-preview":"max-video-preview:-1"},"canonical":"https:\/\/www.retaildetail.be\/fr\/news\/food\/les-prix-alimentaires-en-hausse-de-27-par-rapport-a-lannee-derniere\/","og_locale":"fr_FR","og_type":"article","og_title":"Les prix alimentaires en hausse de 2,7% par rapport \u00e0 l\u2019ann\u00e9e derni\u00e8re - RetailDetail BE","og_description":"Forte augmentation de prix pour les aliments non transform\u00e9s Les produits alimentaires non transform\u00e9s ont connu des hausses de prix importantes : +11% pour les fruits, +21% pour les l\u00e9gumes frais, avec en t\u00eate les brocolis (+78%), les choux-fleurs (+49%) et les pommes de terre (+37%). Au rayon boucherie les prix grimpent \u00e9galement (+3,6%), principalement [&hellip;]","og_url":"https:\/\/www.retaildetail.be\/fr\/news\/food\/les-prix-alimentaires-en-hausse-de-27-par-rapport-a-lannee-derniere\/","og_site_name":"RetailDetail BE","article_published_time":"2012-11-20T15:58:31+00:00","og_image":[{"width":281,"height":147,"url":"https:\/\/i0.wp.com\/www.retaildetail.be\/wp-content\/uploads\/2022\/04\/logo.png?fit=281%2C147&quality=100&strip=all&ssl=1","type":"image\/png"}],"author":"dev@grandiz.com","twitter_card":"summary_large_image","twitter_misc":{"\u00c9crit par":"dev@grandiz.com","Dur\u00e9e de lecture estim\u00e9e":"1 minute"},"schema":{"@context":"https:\/\/schema.org","@graph":[{"@type":"NewsArticle","@id":"https:\/\/www.retaildetail.be\/fr\/news\/food\/les-prix-alimentaires-en-hausse-de-27-par-rapport-a-lannee-derniere\/#article","isPartOf":{"@id":"https:\/\/www.retaildetail.be\/fr\/news\/food\/les-prix-alimentaires-en-hausse-de-27-par-rapport-a-lannee-derniere\/"},"author":{"name":"dev@grandiz.com","@id":"https:\/\/www.retaildetail.be\/nl\/#\/schema\/person\/ba2d383452a753a3a1ce8cdb349b5fc9"},"headline":"Les prix alimentaires en hausse de 2,7% par rapport \u00e0 l\u2019ann\u00e9e derni\u00e8re","datePublished":"2012-11-20T15:58:31+00:00","mainEntityOfPage":{"@id":"https:\/\/www.retaildetail.be\/fr\/news\/food\/les-prix-alimentaires-en-hausse-de-27-par-rapport-a-lannee-derniere\/"},"wordCount":274,"publisher":{"@id":"https:\/\/www.retaildetail.be\/nl\/#organization"},"image":{"@id":"https:\/\/www.retaildetail.be\/fr\/news\/food\/les-prix-alimentaires-en-hausse-de-27-par-rapport-a-lannee-derniere\/#primaryimage"},"thumbnailUrl":"https:\/\/www.retaildetail.be\/wp-content\/uploads\/2022\/04\/logo.png","articleSection":["Food"],"inLanguage":"fr-FR","copyrightYear":"2012","copyrightHolder":{"@id":"https:\/\/www.retaildetail.be\/#organization"}},{"@type":"WebPage","@id":"https:\/\/www.retaildetail.be\/fr\/news\/food\/les-prix-alimentaires-en-hausse-de-27-par-rapport-a-lannee-derniere\/","url":"https:\/\/www.retaildetail.be\/fr\/news\/food\/les-prix-alimentaires-en-hausse-de-27-par-rapport-a-lannee-derniere\/","name":"Les prix alimentaires en hausse de 2,7% par rapport \u00e0 l\u2019ann\u00e9e derni\u00e8re - RetailDetail BE","isPartOf":{"@id":"https:\/\/www.retaildetail.be\/nl\/#website"},"primaryImageOfPage":{"@id":"https:\/\/www.retaildetail.be\/fr\/news\/food\/les-prix-alimentaires-en-hausse-de-27-par-rapport-a-lannee-derniere\/#primaryimage"},"image":{"@id":"https:\/\/www.retaildetail.be\/fr\/news\/food\/les-prix-alimentaires-en-hausse-de-27-par-rapport-a-lannee-derniere\/#primaryimage"},"thumbnailUrl":"https:\/\/www.retaildetail.be\/wp-content\/uploads\/2022\/04\/logo.png","datePublished":"2012-11-20T15:58:31+00:00","breadcrumb":{"@id":"https:\/\/www.retaildetail.be\/fr\/news\/food\/les-prix-alimentaires-en-hausse-de-27-par-rapport-a-lannee-derniere\/#breadcrumb"},"inLanguage":"fr-FR","potentialAction":[{"@type":"ReadAction","target":["https:\/\/www.retaildetail.be\/fr\/news\/food\/les-prix-alimentaires-en-hausse-de-27-par-rapport-a-lannee-derniere\/"]}]},{"@type":"ImageObject","inLanguage":"fr-FR","@id":"https:\/\/www.retaildetail.be\/fr\/news\/food\/les-prix-alimentaires-en-hausse-de-27-par-rapport-a-lannee-derniere\/#primaryimage","url":"https:\/\/www.retaildetail.be\/wp-content\/uploads\/2022\/04\/logo.png","contentUrl":"https:\/\/www.retaildetail.be\/wp-content\/uploads\/2022\/04\/logo.png","width":281,"height":147},{"@type":"BreadcrumbList","@id":"https:\/\/www.retaildetail.be\/fr\/news\/food\/les-prix-alimentaires-en-hausse-de-27-par-rapport-a-lannee-derniere\/#breadcrumb","itemListElement":[{"@type":"ListItem","position":1,"name":"Home","item":"https:\/\/www.retaildetail.be\/fr\/"},{"@type":"ListItem","position":2,"name":"Les prix alimentaires en hausse de 2,7% par rapport \u00e0 l\u2019ann\u00e9e derni\u00e8re"}]},{"@type":"WebSite","@id":"https:\/\/www.retaildetail.be\/nl\/#website","url":"https:\/\/www.retaildetail.be\/nl\/","name":"RetailDetail BE","description":"News","publisher":{"@id":"https:\/\/www.retaildetail.be\/nl\/#organization"},"potentialAction":[{"@type":"SearchAction","target":{"@type":"EntryPoint","urlTemplate":"https:\/\/www.retaildetail.be\/nl\/?s={search_term_string}"},"query-input":{"@type":"PropertyValueSpecification","valueRequired":true,"valueName":"search_term_string"}}],"inLanguage":"fr-FR"},{"@type":"Organization","@id":"https:\/\/www.retaildetail.be\/nl\/#organization","name":"RetailDetail BE","url":"https:\/\/www.retaildetail.be\/nl\/","logo":{"@type":"ImageObject","inLanguage":"fr-FR","@id":"https:\/\/www.retaildetail.be\/nl\/#\/schema\/logo\/image\/","url":"https:\/\/www.retaildetail.be\/wp-content\/uploads\/2022\/04\/logo.svg","contentUrl":"https:\/\/www.retaildetail.be\/wp-content\/uploads\/2022\/04\/logo.svg","width":131,"height":70,"caption":"RetailDetail BE"},"image":{"@id":"https:\/\/www.retaildetail.be\/nl\/#\/schema\/logo\/image\/"}},{"@type":"Person","@id":"https:\/\/www.retaildetail.be\/nl\/#\/schema\/person\/ba2d383452a753a3a1ce8cdb349b5fc9","name":"dev@grandiz.com","image":{"@type":"ImageObject","inLanguage":"fr-FR","@id":"https:\/\/secure.gravatar.com\/avatar\/5f53ce9fb6eed4a60e5aaaa712be8773880fa9459d9cac9bc4aa4fdbce3f447f?s=96&d=mm&r=g","url":"https:\/\/secure.gravatar.com\/avatar\/5f53ce9fb6eed4a60e5aaaa712be8773880fa9459d9cac9bc4aa4fdbce3f447f?s=96&d=mm&r=g","contentUrl":"https:\/\/secure.gravatar.com\/avatar\/5f53ce9fb6eed4a60e5aaaa712be8773880fa9459d9cac9bc4aa4fdbce3f447f?s=96&d=mm&r=g","caption":"dev@grandiz.com"},"sameAs":["http:\/\/preprod.retaildetail.be"],"url":"https:\/\/www.retaildetail.be\/fr\/author\/devgrandiz-com\/"}]}},"jetpack_featured_media_url":"https:\/\/www.retaildetail.be\/wp-content\/uploads\/2022\/04\/logo.png","jetpack_sharing_enabled":true,"_links":{"self":[{"href":"https:\/\/www.retaildetail.be\/fr\/wp-json\/wp\/v2\/posts\/2320","targetHints":{"allow":["GET"]}}],"collection":[{"href":"https:\/\/www.retaildetail.be\/fr\/wp-json\/wp\/v2\/posts"}],"about":[{"href":"https:\/\/www.retaildetail.be\/fr\/wp-json\/wp\/v2\/types\/post"}],"author":[{"embeddable":true,"href":"https:\/\/www.retaildetail.be\/fr\/wp-json\/wp\/v2\/users\/1"}],"replies":[{"embeddable":true,"href":"https:\/\/www.retaildetail.be\/fr\/wp-json\/wp\/v2\/comments?post=2320"}],"version-history":[{"count":0,"href":"https:\/\/www.retaildetail.be\/fr\/wp-json\/wp\/v2\/posts\/2320\/revisions"}],"wp:featuredmedia":[{"embeddable":true,"href":"https:\/\/www.retaildetail.be\/fr\/wp-json\/wp\/v2\/media\/84"}],"wp:attachment":[{"href":"https:\/\/www.retaildetail.be\/fr\/wp-json\/wp\/v2\/media?parent=2320"}],"wp:term":[{"taxonomy":"category","embeddable":true,"href":"https:\/\/www.retaildetail.be\/fr\/wp-json\/wp\/v2\/categories?post=2320"},{"taxonomy":"post_tag","embeddable":true,"href":"https:\/\/www.retaildetail.be\/fr\/wp-json\/wp\/v2\/tags?post=2320"},{"taxonomy":"people","embeddable":true,"href":"https:\/\/www.retaildetail.be\/fr\/wp-json\/wp\/v2\/people?post=2320"},{"taxonomy":"extra","embeddable":true,"href":"https:\/\/www.retaildetail.be\/fr\/wp-json\/wp\/v2\/extra?post=2320"},{"taxonomy":"company","embeddable":true,"href":"https:\/\/www.retaildetail.be\/fr\/wp-json\/wp\/v2\/company?post=2320"},{"taxonomy":"topic","embeddable":true,"href":"https:\/\/www.retaildetail.be\/fr\/wp-json\/wp\/v2\/topic?post=2320"},{"taxonomy":"region","embeddable":true,"href":"https:\/\/www.retaildetail.be\/fr\/wp-json\/wp\/v2\/region?post=2320"}],"curies":[{"name":"wp","href":"https:\/\/api.w.org\/{rel}","templated":true}]}}