{"id":2358,"date":"2012-11-29T15:08:29","date_gmt":"2012-11-29T15:08:29","guid":{"rendered":"https:\/\/www.retaildetail.be\/food\/colruyt-rachete-7-points-de-vente-ocool\/"},"modified":"2012-11-29T15:08:29","modified_gmt":"2012-11-29T15:08:29","slug":"colruyt-rachete-7-points-de-vente-ocool","status":"publish","type":"post","link":"https:\/\/www.retaildetail.be\/fr\/news\/food\/colruyt-rachete-7-points-de-vente-ocool\/","title":{"rendered":"Colruyt rach\u00e8te 7 points de vente O\u2019Cool"},"content":{"rendered":"<h2>Affiner le r\u00e9seau<\/h2>\n<p>Les implantations O\u2019Cool de <strong>Woluwe-Saint-Etienne, Wetteren, Mol et Audenarde<\/strong> seront transform\u00e9es en Spar Retail. Les points de vente d\u2019<strong>Alost et de Merksem<\/strong> deviendront des magasins DreamBaby et \u00e0 <strong>Lierre<\/strong> c\u2019est un Bio-Planet qui remplacera le magasin de surgel\u00e9s.<\/p>\n<p>Les sept sites ont \u00e9t\u00e9 choisis minutieusement, affirme-t-on au si\u00e8ge principal de Hal. Le groupe a recherch\u00e9 les lacunes de ses diverses formules commerciales\u00a0 sur la carte belge et a ainsi affin\u00e9 son r\u00e9seau. \u00ab Gr\u00e2ce \u00e0 ces reprises, les clients auront donc des points de vente Spar Retail, Bio-Planet et DreamBaby plus pr\u00e8s de chez eux \u00bb, explique Filip Van Landeghem, responsable expansion du Groupe Colruyt.<\/p>\n<p>Fin octobre <a target=\"_blank\" href=\"nl\/f-belgique\/bgq-alimentation\/item\/14768-carrefour-market-reprend-treize-magasins-o%E2%80%99cool\" rel=\"noopener\">Carrefour avait d\u00e9j\u00e0 repris 13 magasins O\u2019Cool<\/a> en vue de les transformer en supermarch\u00e9s de proximit\u00e9 sous l\u2019\u00e9tendard Carrefour Market.<\/p>\n<h2>\n<br \/>Petit sprint de croissance pour Spar Retail<\/h2>\n<p>Le deal permet surtout de renforcer la formule Spar Retail, un r\u00e9seau de magasins de proximit\u00e9 exploit\u00e9s en partenariat avec des ind\u00e9pendants. \u00ab Ces quatre nouveaux magasins constituent la meilleure preuve de <strong>notre confiance en l\u2019avenir des magasins de proximit\u00e9 Spar et en la collaboration avec des entrepreneurs ind\u00e9pendants<\/strong> \u00bb, souligne Dirk Depoorter, directeur g\u00e9n\u00e9ral de Spar Retail.<\/p>\n<p>\u00ab D\u2019autre part nous entamerons bient\u00f4t les travaux d\u2019un nouveau centre de distribution pour Spar Retail \u00e0 Malines. Nous nous effor\u00e7ons donc au maximum de <strong>faire cro\u00eetre rapidement cette formule<\/strong> \u00bb, ajoute Dirk Depoorter.<\/p>\n<h2>\n<br \/>A la veille des r\u00e9sultats semestriels<\/h2>\n<p>La nouvelle de la reprise est annonc\u00e9e \u00e0 la veille de la publication des r\u00e9sultats semestriels. <strong>Les analystes s\u2019attendent \u00e0 une augmentation des parts de march\u00e9<\/strong> du discounter, car les consommateurs en ces temps de crise recherchent plus que jamais les plus bas prix. Les pr\u00e9visions des analystes s\u2019av\u00e8reront-elles exactes ? R\u00e9ponse demain apr\u00e8s la cl\u00f4ture de la bourse \u00e0 Bruxelles.<\/p>\n<p>\u00a0<\/p>\n<p>\u00a0<\/p>\n<p><em>Traduction : Marie-No\u00eblle Masure<\/em><\/p>\n","protected":false},"excerpt":{"rendered":"<p>Affiner le r\u00e9seau Les implantations O\u2019Cool de Woluwe-Saint-Etienne, Wetteren, Mol et Audenarde seront transform\u00e9es en Spar Retail. Les points de vente d\u2019Alost et de Merksem deviendront des magasins DreamBaby et \u00e0 Lierre c\u2019est un Bio-Planet qui remplacera le magasin de surgel\u00e9s. Les sept sites ont \u00e9t\u00e9 choisis minutieusement, affirme-t-on au si\u00e8ge principal de Hal. Le [&hellip;]<\/p>\n","protected":false},"author":1,"featured_media":84,"comment_status":"closed","ping_status":"closed","sticky":false,"template":"","format":"standard","meta":{"_acf_changed":false,"inline_featured_image":false,"_jetpack_memberships_contains_paid_content":false,"footnotes":""},"categories":[24],"tags":[],"people":[],"extra":[],"company":[],"topic":[],"region":[],"class_list":["post-2358","post","type-post","status-publish","format-standard","has-post-thumbnail","hentry","category-food"],"acf":[],"yoast_head":"<!-- This site is optimized with the Yoast SEO plugin v27.3 - https:\/\/yoast.com\/product\/yoast-seo-wordpress\/ -->\n<title>Colruyt rach\u00e8te 7 points de vente O\u2019Cool - RetailDetail BE<\/title>\n<meta name=\"robots\" content=\"index, follow, max-snippet:-1, max-image-preview:large, max-video-preview:-1\" \/>\n<link rel=\"canonical\" href=\"https:\/\/www.retaildetail.be\/fr\/news\/food\/colruyt-rachete-7-points-de-vente-ocool\/\" \/>\n<meta property=\"og:locale\" content=\"fr_FR\" \/>\n<meta property=\"og:type\" content=\"article\" \/>\n<meta property=\"og:title\" content=\"Colruyt rach\u00e8te 7 points de vente O\u2019Cool - RetailDetail BE\" \/>\n<meta property=\"og:description\" content=\"Affiner le r\u00e9seau Les implantations O\u2019Cool de Woluwe-Saint-Etienne, Wetteren, Mol et Audenarde seront transform\u00e9es en Spar Retail. Les points de vente d\u2019Alost et de Merksem deviendront des magasins DreamBaby et \u00e0 Lierre c\u2019est un Bio-Planet qui remplacera le magasin de surgel\u00e9s. Les sept sites ont \u00e9t\u00e9 choisis minutieusement, affirme-t-on au si\u00e8ge principal de Hal. Le [&hellip;]\" \/>\n<meta property=\"og:url\" content=\"https:\/\/www.retaildetail.be\/fr\/news\/food\/colruyt-rachete-7-points-de-vente-ocool\/\" \/>\n<meta property=\"og:site_name\" content=\"RetailDetail BE\" \/>\n<meta property=\"article:published_time\" content=\"2012-11-29T15:08:29+00:00\" \/>\n<meta property=\"og:image\" content=\"https:\/\/i0.wp.com\/www.retaildetail.be\/wp-content\/uploads\/2022\/04\/logo.png?fit=281%2C147&quality=100&strip=all&ssl=1\" \/>\n\t<meta property=\"og:image:width\" content=\"281\" \/>\n\t<meta property=\"og:image:height\" content=\"147\" \/>\n\t<meta property=\"og:image:type\" content=\"image\/png\" \/>\n<meta name=\"author\" content=\"dev@grandiz.com\" \/>\n<meta name=\"twitter:card\" content=\"summary_large_image\" \/>\n<meta name=\"twitter:label1\" content=\"\u00c9crit par\" \/>\n\t<meta name=\"twitter:data1\" content=\"dev@grandiz.com\" \/>\n\t<meta name=\"twitter:label2\" content=\"Dur\u00e9e de lecture estim\u00e9e\" \/>\n\t<meta name=\"twitter:data2\" content=\"2 minutes\" \/>\n<script type=\"application\/ld+json\" class=\"yoast-schema-graph\">{\"@context\":\"https:\\\/\\\/schema.org\",\"@graph\":[{\"@type\":\"NewsArticle\",\"@id\":\"https:\\\/\\\/www.retaildetail.be\\\/fr\\\/news\\\/food\\\/colruyt-rachete-7-points-de-vente-ocool\\\/#article\",\"isPartOf\":{\"@id\":\"https:\\\/\\\/www.retaildetail.be\\\/fr\\\/news\\\/food\\\/colruyt-rachete-7-points-de-vente-ocool\\\/\"},\"author\":{\"name\":\"dev@grandiz.com\",\"@id\":\"https:\\\/\\\/www.retaildetail.be\\\/nl\\\/#\\\/schema\\\/person\\\/ba2d383452a753a3a1ce8cdb349b5fc9\"},\"headline\":\"Colruyt rach\u00e8te 7 points de vente O\u2019Cool\",\"datePublished\":\"2012-11-29T15:08:29+00:00\",\"mainEntityOfPage\":{\"@id\":\"https:\\\/\\\/www.retaildetail.be\\\/fr\\\/news\\\/food\\\/colruyt-rachete-7-points-de-vente-ocool\\\/\"},\"wordCount\":330,\"publisher\":{\"@id\":\"https:\\\/\\\/www.retaildetail.be\\\/nl\\\/#organization\"},\"image\":{\"@id\":\"https:\\\/\\\/www.retaildetail.be\\\/fr\\\/news\\\/food\\\/colruyt-rachete-7-points-de-vente-ocool\\\/#primaryimage\"},\"thumbnailUrl\":\"https:\\\/\\\/www.retaildetail.be\\\/wp-content\\\/uploads\\\/2022\\\/04\\\/logo.png\",\"articleSection\":[\"Food\"],\"inLanguage\":\"fr-FR\",\"copyrightYear\":\"2012\",\"copyrightHolder\":{\"@id\":\"https:\\\/\\\/www.retaildetail.be\\\/#organization\"}},{\"@type\":\"WebPage\",\"@id\":\"https:\\\/\\\/www.retaildetail.be\\\/fr\\\/news\\\/food\\\/colruyt-rachete-7-points-de-vente-ocool\\\/\",\"url\":\"https:\\\/\\\/www.retaildetail.be\\\/fr\\\/news\\\/food\\\/colruyt-rachete-7-points-de-vente-ocool\\\/\",\"name\":\"Colruyt rach\u00e8te 7 points de vente O\u2019Cool - RetailDetail BE\",\"isPartOf\":{\"@id\":\"https:\\\/\\\/www.retaildetail.be\\\/nl\\\/#website\"},\"primaryImageOfPage\":{\"@id\":\"https:\\\/\\\/www.retaildetail.be\\\/fr\\\/news\\\/food\\\/colruyt-rachete-7-points-de-vente-ocool\\\/#primaryimage\"},\"image\":{\"@id\":\"https:\\\/\\\/www.retaildetail.be\\\/fr\\\/news\\\/food\\\/colruyt-rachete-7-points-de-vente-ocool\\\/#primaryimage\"},\"thumbnailUrl\":\"https:\\\/\\\/www.retaildetail.be\\\/wp-content\\\/uploads\\\/2022\\\/04\\\/logo.png\",\"datePublished\":\"2012-11-29T15:08:29+00:00\",\"breadcrumb\":{\"@id\":\"https:\\\/\\\/www.retaildetail.be\\\/fr\\\/news\\\/food\\\/colruyt-rachete-7-points-de-vente-ocool\\\/#breadcrumb\"},\"inLanguage\":\"fr-FR\",\"potentialAction\":[{\"@type\":\"ReadAction\",\"target\":[\"https:\\\/\\\/www.retaildetail.be\\\/fr\\\/news\\\/food\\\/colruyt-rachete-7-points-de-vente-ocool\\\/\"]}]},{\"@type\":\"ImageObject\",\"inLanguage\":\"fr-FR\",\"@id\":\"https:\\\/\\\/www.retaildetail.be\\\/fr\\\/news\\\/food\\\/colruyt-rachete-7-points-de-vente-ocool\\\/#primaryimage\",\"url\":\"https:\\\/\\\/www.retaildetail.be\\\/wp-content\\\/uploads\\\/2022\\\/04\\\/logo.png\",\"contentUrl\":\"https:\\\/\\\/www.retaildetail.be\\\/wp-content\\\/uploads\\\/2022\\\/04\\\/logo.png\",\"width\":281,\"height\":147},{\"@type\":\"BreadcrumbList\",\"@id\":\"https:\\\/\\\/www.retaildetail.be\\\/fr\\\/news\\\/food\\\/colruyt-rachete-7-points-de-vente-ocool\\\/#breadcrumb\",\"itemListElement\":[{\"@type\":\"ListItem\",\"position\":1,\"name\":\"Home\",\"item\":\"https:\\\/\\\/www.retaildetail.be\\\/fr\\\/\"},{\"@type\":\"ListItem\",\"position\":2,\"name\":\"Colruyt rach\u00e8te 7 points de vente O\u2019Cool\"}]},{\"@type\":\"WebSite\",\"@id\":\"https:\\\/\\\/www.retaildetail.be\\\/nl\\\/#website\",\"url\":\"https:\\\/\\\/www.retaildetail.be\\\/nl\\\/\",\"name\":\"RetailDetail BE\",\"description\":\"News\",\"publisher\":{\"@id\":\"https:\\\/\\\/www.retaildetail.be\\\/nl\\\/#organization\"},\"potentialAction\":[{\"@type\":\"SearchAction\",\"target\":{\"@type\":\"EntryPoint\",\"urlTemplate\":\"https:\\\/\\\/www.retaildetail.be\\\/nl\\\/?s={search_term_string}\"},\"query-input\":{\"@type\":\"PropertyValueSpecification\",\"valueRequired\":true,\"valueName\":\"search_term_string\"}}],\"inLanguage\":\"fr-FR\"},{\"@type\":\"Organization\",\"@id\":\"https:\\\/\\\/www.retaildetail.be\\\/nl\\\/#organization\",\"name\":\"RetailDetail BE\",\"url\":\"https:\\\/\\\/www.retaildetail.be\\\/nl\\\/\",\"logo\":{\"@type\":\"ImageObject\",\"inLanguage\":\"fr-FR\",\"@id\":\"https:\\\/\\\/www.retaildetail.be\\\/nl\\\/#\\\/schema\\\/logo\\\/image\\\/\",\"url\":\"https:\\\/\\\/www.retaildetail.be\\\/wp-content\\\/uploads\\\/2022\\\/04\\\/logo.svg\",\"contentUrl\":\"https:\\\/\\\/www.retaildetail.be\\\/wp-content\\\/uploads\\\/2022\\\/04\\\/logo.svg\",\"width\":131,\"height\":70,\"caption\":\"RetailDetail BE\"},\"image\":{\"@id\":\"https:\\\/\\\/www.retaildetail.be\\\/nl\\\/#\\\/schema\\\/logo\\\/image\\\/\"}},{\"@type\":\"Person\",\"@id\":\"https:\\\/\\\/www.retaildetail.be\\\/nl\\\/#\\\/schema\\\/person\\\/ba2d383452a753a3a1ce8cdb349b5fc9\",\"name\":\"dev@grandiz.com\",\"image\":{\"@type\":\"ImageObject\",\"inLanguage\":\"fr-FR\",\"@id\":\"https:\\\/\\\/secure.gravatar.com\\\/avatar\\\/5f53ce9fb6eed4a60e5aaaa712be8773880fa9459d9cac9bc4aa4fdbce3f447f?s=96&d=mm&r=g\",\"url\":\"https:\\\/\\\/secure.gravatar.com\\\/avatar\\\/5f53ce9fb6eed4a60e5aaaa712be8773880fa9459d9cac9bc4aa4fdbce3f447f?s=96&d=mm&r=g\",\"contentUrl\":\"https:\\\/\\\/secure.gravatar.com\\\/avatar\\\/5f53ce9fb6eed4a60e5aaaa712be8773880fa9459d9cac9bc4aa4fdbce3f447f?s=96&d=mm&r=g\",\"caption\":\"dev@grandiz.com\"},\"sameAs\":[\"http:\\\/\\\/preprod.retaildetail.be\"],\"url\":\"https:\\\/\\\/www.retaildetail.be\\\/fr\\\/author\\\/devgrandiz-com\\\/\"}]}<\/script>\n<!-- \/ Yoast SEO plugin. -->","yoast_head_json":{"title":"Colruyt rach\u00e8te 7 points de vente O\u2019Cool - RetailDetail BE","robots":{"index":"index","follow":"follow","max-snippet":"max-snippet:-1","max-image-preview":"max-image-preview:large","max-video-preview":"max-video-preview:-1"},"canonical":"https:\/\/www.retaildetail.be\/fr\/news\/food\/colruyt-rachete-7-points-de-vente-ocool\/","og_locale":"fr_FR","og_type":"article","og_title":"Colruyt rach\u00e8te 7 points de vente O\u2019Cool - RetailDetail BE","og_description":"Affiner le r\u00e9seau Les implantations O\u2019Cool de Woluwe-Saint-Etienne, Wetteren, Mol et Audenarde seront transform\u00e9es en Spar Retail. Les points de vente d\u2019Alost et de Merksem deviendront des magasins DreamBaby et \u00e0 Lierre c\u2019est un Bio-Planet qui remplacera le magasin de surgel\u00e9s. Les sept sites ont \u00e9t\u00e9 choisis minutieusement, affirme-t-on au si\u00e8ge principal de Hal. Le [&hellip;]","og_url":"https:\/\/www.retaildetail.be\/fr\/news\/food\/colruyt-rachete-7-points-de-vente-ocool\/","og_site_name":"RetailDetail BE","article_published_time":"2012-11-29T15:08:29+00:00","og_image":[{"width":281,"height":147,"url":"https:\/\/i0.wp.com\/www.retaildetail.be\/wp-content\/uploads\/2022\/04\/logo.png?fit=281%2C147&quality=100&strip=all&ssl=1","type":"image\/png"}],"author":"dev@grandiz.com","twitter_card":"summary_large_image","twitter_misc":{"\u00c9crit par":"dev@grandiz.com","Dur\u00e9e de lecture estim\u00e9e":"2 minutes"},"schema":{"@context":"https:\/\/schema.org","@graph":[{"@type":"NewsArticle","@id":"https:\/\/www.retaildetail.be\/fr\/news\/food\/colruyt-rachete-7-points-de-vente-ocool\/#article","isPartOf":{"@id":"https:\/\/www.retaildetail.be\/fr\/news\/food\/colruyt-rachete-7-points-de-vente-ocool\/"},"author":{"name":"dev@grandiz.com","@id":"https:\/\/www.retaildetail.be\/nl\/#\/schema\/person\/ba2d383452a753a3a1ce8cdb349b5fc9"},"headline":"Colruyt rach\u00e8te 7 points de vente O\u2019Cool","datePublished":"2012-11-29T15:08:29+00:00","mainEntityOfPage":{"@id":"https:\/\/www.retaildetail.be\/fr\/news\/food\/colruyt-rachete-7-points-de-vente-ocool\/"},"wordCount":330,"publisher":{"@id":"https:\/\/www.retaildetail.be\/nl\/#organization"},"image":{"@id":"https:\/\/www.retaildetail.be\/fr\/news\/food\/colruyt-rachete-7-points-de-vente-ocool\/#primaryimage"},"thumbnailUrl":"https:\/\/www.retaildetail.be\/wp-content\/uploads\/2022\/04\/logo.png","articleSection":["Food"],"inLanguage":"fr-FR","copyrightYear":"2012","copyrightHolder":{"@id":"https:\/\/www.retaildetail.be\/#organization"}},{"@type":"WebPage","@id":"https:\/\/www.retaildetail.be\/fr\/news\/food\/colruyt-rachete-7-points-de-vente-ocool\/","url":"https:\/\/www.retaildetail.be\/fr\/news\/food\/colruyt-rachete-7-points-de-vente-ocool\/","name":"Colruyt rach\u00e8te 7 points de vente O\u2019Cool - RetailDetail BE","isPartOf":{"@id":"https:\/\/www.retaildetail.be\/nl\/#website"},"primaryImageOfPage":{"@id":"https:\/\/www.retaildetail.be\/fr\/news\/food\/colruyt-rachete-7-points-de-vente-ocool\/#primaryimage"},"image":{"@id":"https:\/\/www.retaildetail.be\/fr\/news\/food\/colruyt-rachete-7-points-de-vente-ocool\/#primaryimage"},"thumbnailUrl":"https:\/\/www.retaildetail.be\/wp-content\/uploads\/2022\/04\/logo.png","datePublished":"2012-11-29T15:08:29+00:00","breadcrumb":{"@id":"https:\/\/www.retaildetail.be\/fr\/news\/food\/colruyt-rachete-7-points-de-vente-ocool\/#breadcrumb"},"inLanguage":"fr-FR","potentialAction":[{"@type":"ReadAction","target":["https:\/\/www.retaildetail.be\/fr\/news\/food\/colruyt-rachete-7-points-de-vente-ocool\/"]}]},{"@type":"ImageObject","inLanguage":"fr-FR","@id":"https:\/\/www.retaildetail.be\/fr\/news\/food\/colruyt-rachete-7-points-de-vente-ocool\/#primaryimage","url":"https:\/\/www.retaildetail.be\/wp-content\/uploads\/2022\/04\/logo.png","contentUrl":"https:\/\/www.retaildetail.be\/wp-content\/uploads\/2022\/04\/logo.png","width":281,"height":147},{"@type":"BreadcrumbList","@id":"https:\/\/www.retaildetail.be\/fr\/news\/food\/colruyt-rachete-7-points-de-vente-ocool\/#breadcrumb","itemListElement":[{"@type":"ListItem","position":1,"name":"Home","item":"https:\/\/www.retaildetail.be\/fr\/"},{"@type":"ListItem","position":2,"name":"Colruyt rach\u00e8te 7 points de vente O\u2019Cool"}]},{"@type":"WebSite","@id":"https:\/\/www.retaildetail.be\/nl\/#website","url":"https:\/\/www.retaildetail.be\/nl\/","name":"RetailDetail BE","description":"News","publisher":{"@id":"https:\/\/www.retaildetail.be\/nl\/#organization"},"potentialAction":[{"@type":"SearchAction","target":{"@type":"EntryPoint","urlTemplate":"https:\/\/www.retaildetail.be\/nl\/?s={search_term_string}"},"query-input":{"@type":"PropertyValueSpecification","valueRequired":true,"valueName":"search_term_string"}}],"inLanguage":"fr-FR"},{"@type":"Organization","@id":"https:\/\/www.retaildetail.be\/nl\/#organization","name":"RetailDetail BE","url":"https:\/\/www.retaildetail.be\/nl\/","logo":{"@type":"ImageObject","inLanguage":"fr-FR","@id":"https:\/\/www.retaildetail.be\/nl\/#\/schema\/logo\/image\/","url":"https:\/\/www.retaildetail.be\/wp-content\/uploads\/2022\/04\/logo.svg","contentUrl":"https:\/\/www.retaildetail.be\/wp-content\/uploads\/2022\/04\/logo.svg","width":131,"height":70,"caption":"RetailDetail BE"},"image":{"@id":"https:\/\/www.retaildetail.be\/nl\/#\/schema\/logo\/image\/"}},{"@type":"Person","@id":"https:\/\/www.retaildetail.be\/nl\/#\/schema\/person\/ba2d383452a753a3a1ce8cdb349b5fc9","name":"dev@grandiz.com","image":{"@type":"ImageObject","inLanguage":"fr-FR","@id":"https:\/\/secure.gravatar.com\/avatar\/5f53ce9fb6eed4a60e5aaaa712be8773880fa9459d9cac9bc4aa4fdbce3f447f?s=96&d=mm&r=g","url":"https:\/\/secure.gravatar.com\/avatar\/5f53ce9fb6eed4a60e5aaaa712be8773880fa9459d9cac9bc4aa4fdbce3f447f?s=96&d=mm&r=g","contentUrl":"https:\/\/secure.gravatar.com\/avatar\/5f53ce9fb6eed4a60e5aaaa712be8773880fa9459d9cac9bc4aa4fdbce3f447f?s=96&d=mm&r=g","caption":"dev@grandiz.com"},"sameAs":["http:\/\/preprod.retaildetail.be"],"url":"https:\/\/www.retaildetail.be\/fr\/author\/devgrandiz-com\/"}]}},"jetpack_featured_media_url":"https:\/\/www.retaildetail.be\/wp-content\/uploads\/2022\/04\/logo.png","jetpack_sharing_enabled":true,"_links":{"self":[{"href":"https:\/\/www.retaildetail.be\/fr\/wp-json\/wp\/v2\/posts\/2358","targetHints":{"allow":["GET"]}}],"collection":[{"href":"https:\/\/www.retaildetail.be\/fr\/wp-json\/wp\/v2\/posts"}],"about":[{"href":"https:\/\/www.retaildetail.be\/fr\/wp-json\/wp\/v2\/types\/post"}],"author":[{"embeddable":true,"href":"https:\/\/www.retaildetail.be\/fr\/wp-json\/wp\/v2\/users\/1"}],"replies":[{"embeddable":true,"href":"https:\/\/www.retaildetail.be\/fr\/wp-json\/wp\/v2\/comments?post=2358"}],"version-history":[{"count":0,"href":"https:\/\/www.retaildetail.be\/fr\/wp-json\/wp\/v2\/posts\/2358\/revisions"}],"wp:featuredmedia":[{"embeddable":true,"href":"https:\/\/www.retaildetail.be\/fr\/wp-json\/wp\/v2\/media\/84"}],"wp:attachment":[{"href":"https:\/\/www.retaildetail.be\/fr\/wp-json\/wp\/v2\/media?parent=2358"}],"wp:term":[{"taxonomy":"category","embeddable":true,"href":"https:\/\/www.retaildetail.be\/fr\/wp-json\/wp\/v2\/categories?post=2358"},{"taxonomy":"post_tag","embeddable":true,"href":"https:\/\/www.retaildetail.be\/fr\/wp-json\/wp\/v2\/tags?post=2358"},{"taxonomy":"people","embeddable":true,"href":"https:\/\/www.retaildetail.be\/fr\/wp-json\/wp\/v2\/people?post=2358"},{"taxonomy":"extra","embeddable":true,"href":"https:\/\/www.retaildetail.be\/fr\/wp-json\/wp\/v2\/extra?post=2358"},{"taxonomy":"company","embeddable":true,"href":"https:\/\/www.retaildetail.be\/fr\/wp-json\/wp\/v2\/company?post=2358"},{"taxonomy":"topic","embeddable":true,"href":"https:\/\/www.retaildetail.be\/fr\/wp-json\/wp\/v2\/topic?post=2358"},{"taxonomy":"region","embeddable":true,"href":"https:\/\/www.retaildetail.be\/fr\/wp-json\/wp\/v2\/region?post=2358"}],"curies":[{"name":"wp","href":"https:\/\/api.w.org\/{rel}","templated":true}]}}