{"id":2372,"date":"2012-12-03T16:34:58","date_gmt":"2012-12-03T16:34:58","guid":{"rendered":"https:\/\/www.retaildetail.be\/food\/colruyt-le-benefice-ne-suit-pas-la-courbe-ascendante-du-chiffre-daffaires\/"},"modified":"2012-12-03T16:34:58","modified_gmt":"2012-12-03T16:34:58","slug":"colruyt-le-benefice-ne-suit-pas-la-courbe-ascendante-du-chiffre-daffaires","status":"publish","type":"post","link":"https:\/\/www.retaildetail.be\/fr\/news\/food\/colruyt-le-benefice-ne-suit-pas-la-courbe-ascendante-du-chiffre-daffaires\/","title":{"rendered":"Colruyt : le b\u00e9n\u00e9fice ne suit pas la courbe ascendante du chiffre d\u2019affaires"},"content":{"rendered":"<h2>Forte croissance du chiffre d\u2019affaires<\/h2>\n<p>Les trois quarts du chiffre d\u2019affaires\u00a0 de Colruyt proviennent\u00a0 du segment retail, qui pour le semestre dernier \u2013 d\u00e9butant en avril pour se terminer fin septembre \u2013 affiche un chiffre de vente de 3,068 milliards d\u2019euros, c.-\u00e0-d.\u00a0 5,1% de plus par rapport \u00e0 l\u2019ann\u00e9e d\u2019avant.<\/p>\n<p>De ce chiffre d\u2019affaires retail, 2,565 milliards d\u2019euros ont \u00e9t\u00e9 g\u00e9n\u00e9r\u00e9s par les 227 magasins op\u00e9rant sous l\u2019enseigne Colruyt, ce qui \u00e9quivaut \u00e0 une hausse de 5,4% par rapport au premier semestre de l\u2019ann\u00e9e comptable 2011\/2012. Selon le management cette avanc\u00e9e est due \u00e0 leur politique du plus bas prix, qui a attir\u00e9 davantage\u00a0 de clients dans les magasins. En effet la part de march\u00e9 durant cette p\u00e9riode a augment\u00e9 de 0,73% pour atteindre les 25,9%.<\/p>\n<p>Les 85 magasins Okay et les 7 Bio-Planet ont eux aussi r\u00e9alis\u00e9 de belles performances. Le chiffre d\u2019affaires y a grimp\u00e9 de 10,4% pour s\u2019\u00e9tablir \u00e0 258,2 millions d\u2019euros. L\u2019ouverture de magasins suppl\u00e9mentaires et\u00a0 l\u2019arriv\u00e9e de nouveaux clients ont contribu\u00e9 \u00e0 booster le chiffre de vente.<\/p>\n<p>\u00a0<\/p>\n<h2>Le consommateur fran\u00e7ais est\u00a0 s\u00e9duit<\/h2>\n<p>En France le segment retail division food affiche \u00e9galement d\u2019excellents r\u00e9sultats avec une croissance du chiffre d\u2019affaires de 19,2% \u00e0 107,6 millions d\u2019euros. Selon Colruyt le consommateur fran\u00e7ais lui aussi commence \u00e0 appr\u00e9cier les prix r\u00e9duits de l\u2019enseigne. Pourtant les activit\u00e9s fran\u00e7aises de Colruyt sont encore d\u00e9ficitaires pour l\u2019instant, suite aux investissement dans les prix et l\u2019ouverture de nouveaux magasins. Colruyt compte actuellement 61 magasins dans l\u2019Hexagone.<\/p>\n<p>Le tableau est moins rose par contre pour les commerces non-food du groupe Colruyt, \u00e0 savoir DreamLand et DreamBaby. Suite \u00e0 la crise et un \u00e9t\u00e9 m\u00e9diocre, le chiffre d\u2019affaires stagne \u00e0 99,7 millions d\u2019euros. Cette ann\u00e9e 2 nouveaux magasins Dreamland, ainsi que trois nouveaux DreamBaby ont ouvert leurs portes, ce qui porte le nombre total de points de vente \u00e0\u00a0 48.<\/p>\n<h2>\n<br \/>Commerce de gros &amp; foodservice<\/h2>\n<p>La deuxi\u00e8me branche du groupe Colruyt est celle du commerce de gros &amp; foodservice. Celle-ci durant le premier semestre a g\u00e9n\u00e9r\u00e9 un chiffre d\u2019affaires de 688,9 millions d\u2019euros (soit une hausse de 6,6%) et repr\u00e9sente ainsi 16,9% de la totalit\u00e9 des ventes Colruyt.\u00a0 Cette branche comprend \u00e9galement les livraisons aux ind\u00e9pendants affili\u00e9s et depuis cette ann\u00e9e \u00e0 ses propres\u00a0 enseignes\u00a0 Spar et Coccinelle. Sur base comparable le chiffre d\u2019affaires n\u2019aurait progress\u00e9 que de 2,1%. Gr\u00e2ce \u00e0 ses prix concurrentiels, cette formule a su r\u00e9aliser une croissance du chiffre d\u2019affaires par m\u00b2, ce qui se traduit par une augmentation limit\u00e9e de la part de march\u00e9.<\/p>\n<p>Dans le d\u00e9partement foodservice fran\u00e7ais, Pro \u00e0 Pro, filiale de Colruyt, a conclu un important contrat d\u2019approvisionnement avec Sodexo, ce qui durant l\u2019ann\u00e9e comptable prochaine devrait amener un chiffre d\u2019affaires suppl\u00e9mentaire de plus de 120 millions d\u2019euros sur base annuelle.<\/p>\n<h2>\n<br \/>Autres activit\u00e9s<\/h2>\n<p>Les autres activit\u00e9s du groupe de Hal ont g\u00e9n\u00e9r\u00e9 369,3 millions d\u2019euros (une hausse de 13,1%) et repr\u00e9sentent\u00a0 donc\u00a0 9,1% de l\u2019ensemble des ventes. Il s\u2019agit principalement ici des r\u00e9sultats des stations-service DATS24, qui ont vu leur chiffre d\u2019affaires augmenter de 18,1% gr\u00e2ce \u00e0 une hausse des volumes (+ 8,8%) en combinaison avec des prix plus \u00e9lev\u00e9s par litre (+5,6%).<\/p>\n<p>\u00a0<\/p>\n<h2>La croissance des ventes ne se traduit pas dans le b\u00e9n\u00e9fice<\/h2>\n<p>Malheureusement ces belles performances ne se traduisent pas par une \u00e9volution analogue du b\u00e9n\u00e9fice. Le b\u00e9n\u00e9fice brut n\u2019a progress\u00e9 que de 3,4%. La forte concurrence dans le secteur retail est responsable de la baisse de la marge b\u00e9n\u00e9ficiaire brut de 25,2% l\u2019ann\u00e9e derni\u00e8re \u00e0 24,5% aujourd\u2019hui. Colruyt ne parvient pas \u00e0 r\u00e9percuter enti\u00e8rement\u00a0 l\u2019augmentation des prix d\u2019achat sur le client, tendance qui se poursuivra tr\u00e8s certainement durant le deuxi\u00e8me semestre.<\/p>\n<p>\u00a0<\/p>\n<p>Par ailleurs Colruyt a \u00e9t\u00e9 confront\u00e9 \u00e0 des imp\u00f4ts plus \u00e9lev\u00e9s. En effet le taux de taxation est mont\u00e9\u00a0 de 29,6% \u00e0\u00a0 29,7% et le groupe s\u2019attend \u00e0 ce que ce pourcentage continue \u00e0 augmenter. Si les mesures gouvernementales avaient d\u00e9j\u00e0 \u00e9t\u00e9 en vigueur le 30 septembre, ce taux s\u2019\u00e9l\u00e8verait maintenant\u00a0 \u00e0 30,3%.<\/p>\n<p>\u00a0<\/p>\n<p>Fin septembre le groupe Coluyt comptait 23.700 employ\u00e9s, soit 400 de plus par rapport \u00e0 l\u2019ann\u00e9e derni\u00e8re.<\/p>\n<p>\u00a0<\/p>\n<p>\u00a0<\/p>\n<p><em>Traduction : Marie-No\u00eblle Masure<\/em><\/p>\n","protected":false},"excerpt":{"rendered":"<p>Forte croissance du chiffre d\u2019affaires Les trois quarts du chiffre d\u2019affaires\u00a0 de Colruyt proviennent\u00a0 du segment retail, qui pour le semestre dernier \u2013 d\u00e9butant en avril pour se terminer fin septembre \u2013 affiche un chiffre de vente de 3,068 milliards d\u2019euros, c.-\u00e0-d.\u00a0 5,1% de plus par rapport \u00e0 l\u2019ann\u00e9e d\u2019avant. De ce chiffre d\u2019affaires retail, [&hellip;]<\/p>\n","protected":false},"author":1,"featured_media":84,"comment_status":"closed","ping_status":"closed","sticky":false,"template":"","format":"standard","meta":{"_acf_changed":false,"inline_featured_image":false,"_jetpack_memberships_contains_paid_content":false,"footnotes":""},"categories":[24],"tags":[],"people":[],"extra":[],"company":[],"topic":[],"region":[],"class_list":["post-2372","post","type-post","status-publish","format-standard","has-post-thumbnail","hentry","category-food"],"acf":[],"yoast_head":"<!-- This site is optimized with the Yoast SEO plugin v27.3 - https:\/\/yoast.com\/product\/yoast-seo-wordpress\/ -->\n<title>Colruyt : le b\u00e9n\u00e9fice ne suit pas la courbe ascendante du chiffre d\u2019affaires - RetailDetail BE<\/title>\n<meta name=\"robots\" content=\"index, follow, max-snippet:-1, max-image-preview:large, max-video-preview:-1\" \/>\n<link rel=\"canonical\" href=\"https:\/\/www.retaildetail.be\/fr\/news\/food\/colruyt-le-benefice-ne-suit-pas-la-courbe-ascendante-du-chiffre-daffaires\/\" \/>\n<meta property=\"og:locale\" content=\"fr_FR\" \/>\n<meta property=\"og:type\" content=\"article\" \/>\n<meta property=\"og:title\" content=\"Colruyt : le b\u00e9n\u00e9fice ne suit pas la courbe ascendante du chiffre d\u2019affaires - RetailDetail BE\" \/>\n<meta property=\"og:description\" content=\"Forte croissance du chiffre d\u2019affaires Les trois quarts du chiffre d\u2019affaires\u00a0 de Colruyt proviennent\u00a0 du segment retail, qui pour le semestre dernier \u2013 d\u00e9butant en avril pour se terminer fin septembre \u2013 affiche un chiffre de vente de 3,068 milliards d\u2019euros, c.-\u00e0-d.\u00a0 5,1% de plus par rapport \u00e0 l\u2019ann\u00e9e d\u2019avant. De ce chiffre d\u2019affaires retail, [&hellip;]\" \/>\n<meta property=\"og:url\" content=\"https:\/\/www.retaildetail.be\/fr\/news\/food\/colruyt-le-benefice-ne-suit-pas-la-courbe-ascendante-du-chiffre-daffaires\/\" \/>\n<meta property=\"og:site_name\" content=\"RetailDetail BE\" \/>\n<meta property=\"article:published_time\" content=\"2012-12-03T16:34:58+00:00\" \/>\n<meta property=\"og:image\" content=\"https:\/\/i0.wp.com\/www.retaildetail.be\/wp-content\/uploads\/2022\/04\/logo.png?fit=281%2C147&quality=100&strip=all&ssl=1\" \/>\n\t<meta property=\"og:image:width\" content=\"281\" \/>\n\t<meta property=\"og:image:height\" content=\"147\" \/>\n\t<meta property=\"og:image:type\" content=\"image\/png\" \/>\n<meta name=\"author\" content=\"dev@grandiz.com\" \/>\n<meta name=\"twitter:card\" content=\"summary_large_image\" \/>\n<meta name=\"twitter:label1\" content=\"\u00c9crit par\" \/>\n\t<meta name=\"twitter:data1\" content=\"dev@grandiz.com\" \/>\n\t<meta name=\"twitter:label2\" content=\"Dur\u00e9e de lecture estim\u00e9e\" \/>\n\t<meta name=\"twitter:data2\" content=\"4 minutes\" \/>\n<script type=\"application\/ld+json\" class=\"yoast-schema-graph\">{\"@context\":\"https:\\\/\\\/schema.org\",\"@graph\":[{\"@type\":\"NewsArticle\",\"@id\":\"https:\\\/\\\/www.retaildetail.be\\\/fr\\\/news\\\/food\\\/colruyt-le-benefice-ne-suit-pas-la-courbe-ascendante-du-chiffre-daffaires\\\/#article\",\"isPartOf\":{\"@id\":\"https:\\\/\\\/www.retaildetail.be\\\/fr\\\/news\\\/food\\\/colruyt-le-benefice-ne-suit-pas-la-courbe-ascendante-du-chiffre-daffaires\\\/\"},\"author\":{\"name\":\"dev@grandiz.com\",\"@id\":\"https:\\\/\\\/www.retaildetail.be\\\/nl\\\/#\\\/schema\\\/person\\\/ba2d383452a753a3a1ce8cdb349b5fc9\"},\"headline\":\"Colruyt : le b\u00e9n\u00e9fice ne suit pas la courbe ascendante du chiffre d\u2019affaires\",\"datePublished\":\"2012-12-03T16:34:58+00:00\",\"mainEntityOfPage\":{\"@id\":\"https:\\\/\\\/www.retaildetail.be\\\/fr\\\/news\\\/food\\\/colruyt-le-benefice-ne-suit-pas-la-courbe-ascendante-du-chiffre-daffaires\\\/\"},\"wordCount\":735,\"publisher\":{\"@id\":\"https:\\\/\\\/www.retaildetail.be\\\/nl\\\/#organization\"},\"image\":{\"@id\":\"https:\\\/\\\/www.retaildetail.be\\\/fr\\\/news\\\/food\\\/colruyt-le-benefice-ne-suit-pas-la-courbe-ascendante-du-chiffre-daffaires\\\/#primaryimage\"},\"thumbnailUrl\":\"https:\\\/\\\/www.retaildetail.be\\\/wp-content\\\/uploads\\\/2022\\\/04\\\/logo.png\",\"articleSection\":[\"Food\"],\"inLanguage\":\"fr-FR\",\"copyrightYear\":\"2012\",\"copyrightHolder\":{\"@id\":\"https:\\\/\\\/www.retaildetail.be\\\/#organization\"}},{\"@type\":\"WebPage\",\"@id\":\"https:\\\/\\\/www.retaildetail.be\\\/fr\\\/news\\\/food\\\/colruyt-le-benefice-ne-suit-pas-la-courbe-ascendante-du-chiffre-daffaires\\\/\",\"url\":\"https:\\\/\\\/www.retaildetail.be\\\/fr\\\/news\\\/food\\\/colruyt-le-benefice-ne-suit-pas-la-courbe-ascendante-du-chiffre-daffaires\\\/\",\"name\":\"Colruyt : le b\u00e9n\u00e9fice ne suit pas la courbe ascendante du chiffre d\u2019affaires - RetailDetail BE\",\"isPartOf\":{\"@id\":\"https:\\\/\\\/www.retaildetail.be\\\/nl\\\/#website\"},\"primaryImageOfPage\":{\"@id\":\"https:\\\/\\\/www.retaildetail.be\\\/fr\\\/news\\\/food\\\/colruyt-le-benefice-ne-suit-pas-la-courbe-ascendante-du-chiffre-daffaires\\\/#primaryimage\"},\"image\":{\"@id\":\"https:\\\/\\\/www.retaildetail.be\\\/fr\\\/news\\\/food\\\/colruyt-le-benefice-ne-suit-pas-la-courbe-ascendante-du-chiffre-daffaires\\\/#primaryimage\"},\"thumbnailUrl\":\"https:\\\/\\\/www.retaildetail.be\\\/wp-content\\\/uploads\\\/2022\\\/04\\\/logo.png\",\"datePublished\":\"2012-12-03T16:34:58+00:00\",\"breadcrumb\":{\"@id\":\"https:\\\/\\\/www.retaildetail.be\\\/fr\\\/news\\\/food\\\/colruyt-le-benefice-ne-suit-pas-la-courbe-ascendante-du-chiffre-daffaires\\\/#breadcrumb\"},\"inLanguage\":\"fr-FR\",\"potentialAction\":[{\"@type\":\"ReadAction\",\"target\":[\"https:\\\/\\\/www.retaildetail.be\\\/fr\\\/news\\\/food\\\/colruyt-le-benefice-ne-suit-pas-la-courbe-ascendante-du-chiffre-daffaires\\\/\"]}]},{\"@type\":\"ImageObject\",\"inLanguage\":\"fr-FR\",\"@id\":\"https:\\\/\\\/www.retaildetail.be\\\/fr\\\/news\\\/food\\\/colruyt-le-benefice-ne-suit-pas-la-courbe-ascendante-du-chiffre-daffaires\\\/#primaryimage\",\"url\":\"https:\\\/\\\/www.retaildetail.be\\\/wp-content\\\/uploads\\\/2022\\\/04\\\/logo.png\",\"contentUrl\":\"https:\\\/\\\/www.retaildetail.be\\\/wp-content\\\/uploads\\\/2022\\\/04\\\/logo.png\",\"width\":281,\"height\":147},{\"@type\":\"BreadcrumbList\",\"@id\":\"https:\\\/\\\/www.retaildetail.be\\\/fr\\\/news\\\/food\\\/colruyt-le-benefice-ne-suit-pas-la-courbe-ascendante-du-chiffre-daffaires\\\/#breadcrumb\",\"itemListElement\":[{\"@type\":\"ListItem\",\"position\":1,\"name\":\"Home\",\"item\":\"https:\\\/\\\/www.retaildetail.be\\\/fr\\\/\"},{\"@type\":\"ListItem\",\"position\":2,\"name\":\"Colruyt : le b\u00e9n\u00e9fice ne suit pas la courbe ascendante du chiffre d\u2019affaires\"}]},{\"@type\":\"WebSite\",\"@id\":\"https:\\\/\\\/www.retaildetail.be\\\/nl\\\/#website\",\"url\":\"https:\\\/\\\/www.retaildetail.be\\\/nl\\\/\",\"name\":\"RetailDetail BE\",\"description\":\"News\",\"publisher\":{\"@id\":\"https:\\\/\\\/www.retaildetail.be\\\/nl\\\/#organization\"},\"potentialAction\":[{\"@type\":\"SearchAction\",\"target\":{\"@type\":\"EntryPoint\",\"urlTemplate\":\"https:\\\/\\\/www.retaildetail.be\\\/nl\\\/?s={search_term_string}\"},\"query-input\":{\"@type\":\"PropertyValueSpecification\",\"valueRequired\":true,\"valueName\":\"search_term_string\"}}],\"inLanguage\":\"fr-FR\"},{\"@type\":\"Organization\",\"@id\":\"https:\\\/\\\/www.retaildetail.be\\\/nl\\\/#organization\",\"name\":\"RetailDetail BE\",\"url\":\"https:\\\/\\\/www.retaildetail.be\\\/nl\\\/\",\"logo\":{\"@type\":\"ImageObject\",\"inLanguage\":\"fr-FR\",\"@id\":\"https:\\\/\\\/www.retaildetail.be\\\/nl\\\/#\\\/schema\\\/logo\\\/image\\\/\",\"url\":\"https:\\\/\\\/www.retaildetail.be\\\/wp-content\\\/uploads\\\/2022\\\/04\\\/logo.svg\",\"contentUrl\":\"https:\\\/\\\/www.retaildetail.be\\\/wp-content\\\/uploads\\\/2022\\\/04\\\/logo.svg\",\"width\":131,\"height\":70,\"caption\":\"RetailDetail BE\"},\"image\":{\"@id\":\"https:\\\/\\\/www.retaildetail.be\\\/nl\\\/#\\\/schema\\\/logo\\\/image\\\/\"}},{\"@type\":\"Person\",\"@id\":\"https:\\\/\\\/www.retaildetail.be\\\/nl\\\/#\\\/schema\\\/person\\\/ba2d383452a753a3a1ce8cdb349b5fc9\",\"name\":\"dev@grandiz.com\",\"image\":{\"@type\":\"ImageObject\",\"inLanguage\":\"fr-FR\",\"@id\":\"https:\\\/\\\/secure.gravatar.com\\\/avatar\\\/5f53ce9fb6eed4a60e5aaaa712be8773880fa9459d9cac9bc4aa4fdbce3f447f?s=96&d=mm&r=g\",\"url\":\"https:\\\/\\\/secure.gravatar.com\\\/avatar\\\/5f53ce9fb6eed4a60e5aaaa712be8773880fa9459d9cac9bc4aa4fdbce3f447f?s=96&d=mm&r=g\",\"contentUrl\":\"https:\\\/\\\/secure.gravatar.com\\\/avatar\\\/5f53ce9fb6eed4a60e5aaaa712be8773880fa9459d9cac9bc4aa4fdbce3f447f?s=96&d=mm&r=g\",\"caption\":\"dev@grandiz.com\"},\"sameAs\":[\"http:\\\/\\\/preprod.retaildetail.be\"],\"url\":\"https:\\\/\\\/www.retaildetail.be\\\/fr\\\/author\\\/devgrandiz-com\\\/\"}]}<\/script>\n<!-- \/ Yoast SEO plugin. -->","yoast_head_json":{"title":"Colruyt : le b\u00e9n\u00e9fice ne suit pas la courbe ascendante du chiffre d\u2019affaires - RetailDetail BE","robots":{"index":"index","follow":"follow","max-snippet":"max-snippet:-1","max-image-preview":"max-image-preview:large","max-video-preview":"max-video-preview:-1"},"canonical":"https:\/\/www.retaildetail.be\/fr\/news\/food\/colruyt-le-benefice-ne-suit-pas-la-courbe-ascendante-du-chiffre-daffaires\/","og_locale":"fr_FR","og_type":"article","og_title":"Colruyt : le b\u00e9n\u00e9fice ne suit pas la courbe ascendante du chiffre d\u2019affaires - RetailDetail BE","og_description":"Forte croissance du chiffre d\u2019affaires Les trois quarts du chiffre d\u2019affaires\u00a0 de Colruyt proviennent\u00a0 du segment retail, qui pour le semestre dernier \u2013 d\u00e9butant en avril pour se terminer fin septembre \u2013 affiche un chiffre de vente de 3,068 milliards d\u2019euros, c.-\u00e0-d.\u00a0 5,1% de plus par rapport \u00e0 l\u2019ann\u00e9e d\u2019avant. De ce chiffre d\u2019affaires retail, [&hellip;]","og_url":"https:\/\/www.retaildetail.be\/fr\/news\/food\/colruyt-le-benefice-ne-suit-pas-la-courbe-ascendante-du-chiffre-daffaires\/","og_site_name":"RetailDetail BE","article_published_time":"2012-12-03T16:34:58+00:00","og_image":[{"width":281,"height":147,"url":"https:\/\/i0.wp.com\/www.retaildetail.be\/wp-content\/uploads\/2022\/04\/logo.png?fit=281%2C147&quality=100&strip=all&ssl=1","type":"image\/png"}],"author":"dev@grandiz.com","twitter_card":"summary_large_image","twitter_misc":{"\u00c9crit par":"dev@grandiz.com","Dur\u00e9e de lecture estim\u00e9e":"4 minutes"},"schema":{"@context":"https:\/\/schema.org","@graph":[{"@type":"NewsArticle","@id":"https:\/\/www.retaildetail.be\/fr\/news\/food\/colruyt-le-benefice-ne-suit-pas-la-courbe-ascendante-du-chiffre-daffaires\/#article","isPartOf":{"@id":"https:\/\/www.retaildetail.be\/fr\/news\/food\/colruyt-le-benefice-ne-suit-pas-la-courbe-ascendante-du-chiffre-daffaires\/"},"author":{"name":"dev@grandiz.com","@id":"https:\/\/www.retaildetail.be\/nl\/#\/schema\/person\/ba2d383452a753a3a1ce8cdb349b5fc9"},"headline":"Colruyt : le b\u00e9n\u00e9fice ne suit pas la courbe ascendante du chiffre d\u2019affaires","datePublished":"2012-12-03T16:34:58+00:00","mainEntityOfPage":{"@id":"https:\/\/www.retaildetail.be\/fr\/news\/food\/colruyt-le-benefice-ne-suit-pas-la-courbe-ascendante-du-chiffre-daffaires\/"},"wordCount":735,"publisher":{"@id":"https:\/\/www.retaildetail.be\/nl\/#organization"},"image":{"@id":"https:\/\/www.retaildetail.be\/fr\/news\/food\/colruyt-le-benefice-ne-suit-pas-la-courbe-ascendante-du-chiffre-daffaires\/#primaryimage"},"thumbnailUrl":"https:\/\/www.retaildetail.be\/wp-content\/uploads\/2022\/04\/logo.png","articleSection":["Food"],"inLanguage":"fr-FR","copyrightYear":"2012","copyrightHolder":{"@id":"https:\/\/www.retaildetail.be\/#organization"}},{"@type":"WebPage","@id":"https:\/\/www.retaildetail.be\/fr\/news\/food\/colruyt-le-benefice-ne-suit-pas-la-courbe-ascendante-du-chiffre-daffaires\/","url":"https:\/\/www.retaildetail.be\/fr\/news\/food\/colruyt-le-benefice-ne-suit-pas-la-courbe-ascendante-du-chiffre-daffaires\/","name":"Colruyt : le b\u00e9n\u00e9fice ne suit pas la courbe ascendante du chiffre d\u2019affaires - RetailDetail BE","isPartOf":{"@id":"https:\/\/www.retaildetail.be\/nl\/#website"},"primaryImageOfPage":{"@id":"https:\/\/www.retaildetail.be\/fr\/news\/food\/colruyt-le-benefice-ne-suit-pas-la-courbe-ascendante-du-chiffre-daffaires\/#primaryimage"},"image":{"@id":"https:\/\/www.retaildetail.be\/fr\/news\/food\/colruyt-le-benefice-ne-suit-pas-la-courbe-ascendante-du-chiffre-daffaires\/#primaryimage"},"thumbnailUrl":"https:\/\/www.retaildetail.be\/wp-content\/uploads\/2022\/04\/logo.png","datePublished":"2012-12-03T16:34:58+00:00","breadcrumb":{"@id":"https:\/\/www.retaildetail.be\/fr\/news\/food\/colruyt-le-benefice-ne-suit-pas-la-courbe-ascendante-du-chiffre-daffaires\/#breadcrumb"},"inLanguage":"fr-FR","potentialAction":[{"@type":"ReadAction","target":["https:\/\/www.retaildetail.be\/fr\/news\/food\/colruyt-le-benefice-ne-suit-pas-la-courbe-ascendante-du-chiffre-daffaires\/"]}]},{"@type":"ImageObject","inLanguage":"fr-FR","@id":"https:\/\/www.retaildetail.be\/fr\/news\/food\/colruyt-le-benefice-ne-suit-pas-la-courbe-ascendante-du-chiffre-daffaires\/#primaryimage","url":"https:\/\/www.retaildetail.be\/wp-content\/uploads\/2022\/04\/logo.png","contentUrl":"https:\/\/www.retaildetail.be\/wp-content\/uploads\/2022\/04\/logo.png","width":281,"height":147},{"@type":"BreadcrumbList","@id":"https:\/\/www.retaildetail.be\/fr\/news\/food\/colruyt-le-benefice-ne-suit-pas-la-courbe-ascendante-du-chiffre-daffaires\/#breadcrumb","itemListElement":[{"@type":"ListItem","position":1,"name":"Home","item":"https:\/\/www.retaildetail.be\/fr\/"},{"@type":"ListItem","position":2,"name":"Colruyt : le b\u00e9n\u00e9fice ne suit pas la courbe ascendante du chiffre d\u2019affaires"}]},{"@type":"WebSite","@id":"https:\/\/www.retaildetail.be\/nl\/#website","url":"https:\/\/www.retaildetail.be\/nl\/","name":"RetailDetail BE","description":"News","publisher":{"@id":"https:\/\/www.retaildetail.be\/nl\/#organization"},"potentialAction":[{"@type":"SearchAction","target":{"@type":"EntryPoint","urlTemplate":"https:\/\/www.retaildetail.be\/nl\/?s={search_term_string}"},"query-input":{"@type":"PropertyValueSpecification","valueRequired":true,"valueName":"search_term_string"}}],"inLanguage":"fr-FR"},{"@type":"Organization","@id":"https:\/\/www.retaildetail.be\/nl\/#organization","name":"RetailDetail BE","url":"https:\/\/www.retaildetail.be\/nl\/","logo":{"@type":"ImageObject","inLanguage":"fr-FR","@id":"https:\/\/www.retaildetail.be\/nl\/#\/schema\/logo\/image\/","url":"https:\/\/www.retaildetail.be\/wp-content\/uploads\/2022\/04\/logo.svg","contentUrl":"https:\/\/www.retaildetail.be\/wp-content\/uploads\/2022\/04\/logo.svg","width":131,"height":70,"caption":"RetailDetail BE"},"image":{"@id":"https:\/\/www.retaildetail.be\/nl\/#\/schema\/logo\/image\/"}},{"@type":"Person","@id":"https:\/\/www.retaildetail.be\/nl\/#\/schema\/person\/ba2d383452a753a3a1ce8cdb349b5fc9","name":"dev@grandiz.com","image":{"@type":"ImageObject","inLanguage":"fr-FR","@id":"https:\/\/secure.gravatar.com\/avatar\/5f53ce9fb6eed4a60e5aaaa712be8773880fa9459d9cac9bc4aa4fdbce3f447f?s=96&d=mm&r=g","url":"https:\/\/secure.gravatar.com\/avatar\/5f53ce9fb6eed4a60e5aaaa712be8773880fa9459d9cac9bc4aa4fdbce3f447f?s=96&d=mm&r=g","contentUrl":"https:\/\/secure.gravatar.com\/avatar\/5f53ce9fb6eed4a60e5aaaa712be8773880fa9459d9cac9bc4aa4fdbce3f447f?s=96&d=mm&r=g","caption":"dev@grandiz.com"},"sameAs":["http:\/\/preprod.retaildetail.be"],"url":"https:\/\/www.retaildetail.be\/fr\/author\/devgrandiz-com\/"}]}},"jetpack_featured_media_url":"https:\/\/www.retaildetail.be\/wp-content\/uploads\/2022\/04\/logo.png","jetpack_sharing_enabled":true,"_links":{"self":[{"href":"https:\/\/www.retaildetail.be\/fr\/wp-json\/wp\/v2\/posts\/2372","targetHints":{"allow":["GET"]}}],"collection":[{"href":"https:\/\/www.retaildetail.be\/fr\/wp-json\/wp\/v2\/posts"}],"about":[{"href":"https:\/\/www.retaildetail.be\/fr\/wp-json\/wp\/v2\/types\/post"}],"author":[{"embeddable":true,"href":"https:\/\/www.retaildetail.be\/fr\/wp-json\/wp\/v2\/users\/1"}],"replies":[{"embeddable":true,"href":"https:\/\/www.retaildetail.be\/fr\/wp-json\/wp\/v2\/comments?post=2372"}],"version-history":[{"count":0,"href":"https:\/\/www.retaildetail.be\/fr\/wp-json\/wp\/v2\/posts\/2372\/revisions"}],"wp:featuredmedia":[{"embeddable":true,"href":"https:\/\/www.retaildetail.be\/fr\/wp-json\/wp\/v2\/media\/84"}],"wp:attachment":[{"href":"https:\/\/www.retaildetail.be\/fr\/wp-json\/wp\/v2\/media?parent=2372"}],"wp:term":[{"taxonomy":"category","embeddable":true,"href":"https:\/\/www.retaildetail.be\/fr\/wp-json\/wp\/v2\/categories?post=2372"},{"taxonomy":"post_tag","embeddable":true,"href":"https:\/\/www.retaildetail.be\/fr\/wp-json\/wp\/v2\/tags?post=2372"},{"taxonomy":"people","embeddable":true,"href":"https:\/\/www.retaildetail.be\/fr\/wp-json\/wp\/v2\/people?post=2372"},{"taxonomy":"extra","embeddable":true,"href":"https:\/\/www.retaildetail.be\/fr\/wp-json\/wp\/v2\/extra?post=2372"},{"taxonomy":"company","embeddable":true,"href":"https:\/\/www.retaildetail.be\/fr\/wp-json\/wp\/v2\/company?post=2372"},{"taxonomy":"topic","embeddable":true,"href":"https:\/\/www.retaildetail.be\/fr\/wp-json\/wp\/v2\/topic?post=2372"},{"taxonomy":"region","embeddable":true,"href":"https:\/\/www.retaildetail.be\/fr\/wp-json\/wp\/v2\/region?post=2372"}],"curies":[{"name":"wp","href":"https:\/\/api.w.org\/{rel}","templated":true}]}}