{"id":2400,"date":"2012-12-10T12:28:17","date_gmt":"2012-12-10T12:28:17","guid":{"rendered":"https:\/\/www.retaildetail.be\/food\/les-brasseurs-belges-envisagent-une-plainte-aupres-de-la-cour-europeenne\/"},"modified":"2012-12-10T12:28:17","modified_gmt":"2012-12-10T12:28:17","slug":"les-brasseurs-belges-envisagent-une-plainte-aupres-de-la-cour-europeenne","status":"publish","type":"post","link":"https:\/\/www.retaildetail.be\/fr\/news\/food\/les-brasseurs-belges-envisagent-une-plainte-aupres-de-la-cour-europeenne\/","title":{"rendered":"Les brasseurs belges envisagent une plainte aupr\u00e8s de la Cour Europ\u00e9enne"},"content":{"rendered":"<h2>Le plus grand march\u00e9 d\u2019exportation<\/h2>\n<p>L\u2019enjeu des brasseurs est immense, car la France est le principal client \u00e9tranger de nos bi\u00e8res belges. Chaque ann\u00e9e, un million d\u2019hectolitres de bi\u00e8res \u00ab pils \u00bb et 2,5 millions d\u2019hectolitres de bi\u00e8res sp\u00e9ciales traversent notre fronti\u00e8re sud, ce qui repr\u00e9sente 20% de notre production nationale.<\/p>\n<p>Cette production risque d\u2019encaisser une fameuse gifle, car le gouvernement fran\u00e7ais de Fran\u00e7ois Hollande augmente les accises sur la bi\u00e8re de 160%. Le tarif augmente par degr\u00e9 d\u2019alcool de 2,75 euros \u00e0 7,2 euros aux 100 litres. Pour un casier de Duvel par exemple, cela repr\u00e9sente 2,8 euros d\u2019accises suppl\u00e9mentaires, plus la TVA \u00e0 rajouter.<\/p>\n<p>\u00a0<\/p>\n<h2>D\u2019abord la Commission Europ\u00e9enne<\/h2>\n<p>Selon les brasseurs belges, l\u2019augmentation des accises est en contradiction avec la libre circulation des marchandises en Europe, \u00e9tant donn\u00e9 qu\u2019il s\u2019agit d\u2019une mesure protectionniste qui concerne uniquement la bi\u00e8re (principalement import\u00e9e) et non le vin (essentiellement produit au niveau local). Les brasseurs puisent leur courage dans une pr\u00e9c\u00e9dente prise de position de la Cour Europ\u00e9enne indiquant que la diff\u00e9rence de prix entre le vin et la bi\u00e8re ne peut \u00eatre trop importante suite \u00e0 un r\u00e9gime fiscal diff\u00e9rent.<\/p>\n<p>La Commission Europ\u00e9enne \u00e9mettra un jugement d\u2019ici deux semaines. Le commissaire europ\u00e9en charg\u00e9 de la fiscalit\u00e9 et des douanes, Algirdas Semeta, a n\u00e9anmoins laiss\u00e9 entendre que le vin et la bi\u00e8re \u00e9taient deux produits bien distincts qui peuvent \u00eatre tax\u00e9s diff\u00e9remment. Si la r\u00e9ponse de la Commission n\u2019est pas favorable aux brasseurs belges, ils iront frapper \u00e0 la porte de la Cour Europ\u00e9enne de Justice.<\/p>\n<p>\u00a0<\/p>\n<p>\u00a0<\/p>\n<p><em>Traduit par Laure Jacobs<\/em><\/p>\n","protected":false},"excerpt":{"rendered":"<p>Le plus grand march\u00e9 d\u2019exportation L\u2019enjeu des brasseurs est immense, car la France est le principal client \u00e9tranger de nos bi\u00e8res belges. Chaque ann\u00e9e, un million d\u2019hectolitres de bi\u00e8res \u00ab pils \u00bb et 2,5 millions d\u2019hectolitres de bi\u00e8res sp\u00e9ciales traversent notre fronti\u00e8re sud, ce qui repr\u00e9sente 20% de notre production nationale. Cette production risque d\u2019encaisser [&hellip;]<\/p>\n","protected":false},"author":1,"featured_media":84,"comment_status":"closed","ping_status":"closed","sticky":false,"template":"","format":"standard","meta":{"_acf_changed":false,"inline_featured_image":false,"_jetpack_memberships_contains_paid_content":false,"footnotes":""},"categories":[24],"tags":[],"people":[],"extra":[],"company":[],"topic":[],"region":[],"class_list":["post-2400","post","type-post","status-publish","format-standard","has-post-thumbnail","hentry","category-food"],"acf":[],"yoast_head":"<!-- This site is optimized with the Yoast SEO plugin v27.3 - https:\/\/yoast.com\/product\/yoast-seo-wordpress\/ -->\n<title>Les brasseurs belges envisagent une plainte aupr\u00e8s de la Cour Europ\u00e9enne - RetailDetail BE<\/title>\n<meta name=\"robots\" content=\"index, follow, max-snippet:-1, max-image-preview:large, max-video-preview:-1\" \/>\n<link rel=\"canonical\" href=\"https:\/\/www.retaildetail.be\/fr\/news\/food\/les-brasseurs-belges-envisagent-une-plainte-aupres-de-la-cour-europeenne\/\" \/>\n<meta property=\"og:locale\" content=\"fr_FR\" \/>\n<meta property=\"og:type\" content=\"article\" \/>\n<meta property=\"og:title\" content=\"Les brasseurs belges envisagent une plainte aupr\u00e8s de la Cour Europ\u00e9enne - RetailDetail BE\" \/>\n<meta property=\"og:description\" content=\"Le plus grand march\u00e9 d\u2019exportation L\u2019enjeu des brasseurs est immense, car la France est le principal client \u00e9tranger de nos bi\u00e8res belges. Chaque ann\u00e9e, un million d\u2019hectolitres de bi\u00e8res \u00ab pils \u00bb et 2,5 millions d\u2019hectolitres de bi\u00e8res sp\u00e9ciales traversent notre fronti\u00e8re sud, ce qui repr\u00e9sente 20% de notre production nationale. Cette production risque d\u2019encaisser [&hellip;]\" \/>\n<meta property=\"og:url\" content=\"https:\/\/www.retaildetail.be\/fr\/news\/food\/les-brasseurs-belges-envisagent-une-plainte-aupres-de-la-cour-europeenne\/\" \/>\n<meta property=\"og:site_name\" content=\"RetailDetail BE\" \/>\n<meta property=\"article:published_time\" content=\"2012-12-10T12:28:17+00:00\" \/>\n<meta property=\"og:image\" content=\"https:\/\/i0.wp.com\/www.retaildetail.be\/wp-content\/uploads\/2022\/04\/logo.png?fit=281%2C147&quality=100&strip=all&ssl=1\" \/>\n\t<meta property=\"og:image:width\" content=\"281\" \/>\n\t<meta property=\"og:image:height\" content=\"147\" \/>\n\t<meta property=\"og:image:type\" content=\"image\/png\" \/>\n<meta name=\"author\" content=\"dev@grandiz.com\" \/>\n<meta name=\"twitter:card\" content=\"summary_large_image\" \/>\n<meta name=\"twitter:label1\" content=\"\u00c9crit par\" \/>\n\t<meta name=\"twitter:data1\" content=\"dev@grandiz.com\" \/>\n\t<meta name=\"twitter:label2\" content=\"Dur\u00e9e de lecture estim\u00e9e\" \/>\n\t<meta name=\"twitter:data2\" content=\"1 minute\" \/>\n<script type=\"application\/ld+json\" class=\"yoast-schema-graph\">{\"@context\":\"https:\\\/\\\/schema.org\",\"@graph\":[{\"@type\":\"NewsArticle\",\"@id\":\"https:\\\/\\\/www.retaildetail.be\\\/fr\\\/news\\\/food\\\/les-brasseurs-belges-envisagent-une-plainte-aupres-de-la-cour-europeenne\\\/#article\",\"isPartOf\":{\"@id\":\"https:\\\/\\\/www.retaildetail.be\\\/fr\\\/news\\\/food\\\/les-brasseurs-belges-envisagent-une-plainte-aupres-de-la-cour-europeenne\\\/\"},\"author\":{\"name\":\"dev@grandiz.com\",\"@id\":\"https:\\\/\\\/www.retaildetail.be\\\/nl\\\/#\\\/schema\\\/person\\\/ba2d383452a753a3a1ce8cdb349b5fc9\"},\"headline\":\"Les brasseurs belges envisagent une plainte aupr\u00e8s de la Cour Europ\u00e9enne\",\"datePublished\":\"2012-12-10T12:28:17+00:00\",\"mainEntityOfPage\":{\"@id\":\"https:\\\/\\\/www.retaildetail.be\\\/fr\\\/news\\\/food\\\/les-brasseurs-belges-envisagent-une-plainte-aupres-de-la-cour-europeenne\\\/\"},\"wordCount\":302,\"publisher\":{\"@id\":\"https:\\\/\\\/www.retaildetail.be\\\/nl\\\/#organization\"},\"image\":{\"@id\":\"https:\\\/\\\/www.retaildetail.be\\\/fr\\\/news\\\/food\\\/les-brasseurs-belges-envisagent-une-plainte-aupres-de-la-cour-europeenne\\\/#primaryimage\"},\"thumbnailUrl\":\"https:\\\/\\\/www.retaildetail.be\\\/wp-content\\\/uploads\\\/2022\\\/04\\\/logo.png\",\"articleSection\":[\"Food\"],\"inLanguage\":\"fr-FR\",\"copyrightYear\":\"2012\",\"copyrightHolder\":{\"@id\":\"https:\\\/\\\/www.retaildetail.be\\\/#organization\"}},{\"@type\":\"WebPage\",\"@id\":\"https:\\\/\\\/www.retaildetail.be\\\/fr\\\/news\\\/food\\\/les-brasseurs-belges-envisagent-une-plainte-aupres-de-la-cour-europeenne\\\/\",\"url\":\"https:\\\/\\\/www.retaildetail.be\\\/fr\\\/news\\\/food\\\/les-brasseurs-belges-envisagent-une-plainte-aupres-de-la-cour-europeenne\\\/\",\"name\":\"Les brasseurs belges envisagent une plainte aupr\u00e8s de la Cour Europ\u00e9enne - RetailDetail BE\",\"isPartOf\":{\"@id\":\"https:\\\/\\\/www.retaildetail.be\\\/nl\\\/#website\"},\"primaryImageOfPage\":{\"@id\":\"https:\\\/\\\/www.retaildetail.be\\\/fr\\\/news\\\/food\\\/les-brasseurs-belges-envisagent-une-plainte-aupres-de-la-cour-europeenne\\\/#primaryimage\"},\"image\":{\"@id\":\"https:\\\/\\\/www.retaildetail.be\\\/fr\\\/news\\\/food\\\/les-brasseurs-belges-envisagent-une-plainte-aupres-de-la-cour-europeenne\\\/#primaryimage\"},\"thumbnailUrl\":\"https:\\\/\\\/www.retaildetail.be\\\/wp-content\\\/uploads\\\/2022\\\/04\\\/logo.png\",\"datePublished\":\"2012-12-10T12:28:17+00:00\",\"breadcrumb\":{\"@id\":\"https:\\\/\\\/www.retaildetail.be\\\/fr\\\/news\\\/food\\\/les-brasseurs-belges-envisagent-une-plainte-aupres-de-la-cour-europeenne\\\/#breadcrumb\"},\"inLanguage\":\"fr-FR\",\"potentialAction\":[{\"@type\":\"ReadAction\",\"target\":[\"https:\\\/\\\/www.retaildetail.be\\\/fr\\\/news\\\/food\\\/les-brasseurs-belges-envisagent-une-plainte-aupres-de-la-cour-europeenne\\\/\"]}]},{\"@type\":\"ImageObject\",\"inLanguage\":\"fr-FR\",\"@id\":\"https:\\\/\\\/www.retaildetail.be\\\/fr\\\/news\\\/food\\\/les-brasseurs-belges-envisagent-une-plainte-aupres-de-la-cour-europeenne\\\/#primaryimage\",\"url\":\"https:\\\/\\\/www.retaildetail.be\\\/wp-content\\\/uploads\\\/2022\\\/04\\\/logo.png\",\"contentUrl\":\"https:\\\/\\\/www.retaildetail.be\\\/wp-content\\\/uploads\\\/2022\\\/04\\\/logo.png\",\"width\":281,\"height\":147},{\"@type\":\"BreadcrumbList\",\"@id\":\"https:\\\/\\\/www.retaildetail.be\\\/fr\\\/news\\\/food\\\/les-brasseurs-belges-envisagent-une-plainte-aupres-de-la-cour-europeenne\\\/#breadcrumb\",\"itemListElement\":[{\"@type\":\"ListItem\",\"position\":1,\"name\":\"Home\",\"item\":\"https:\\\/\\\/www.retaildetail.be\\\/fr\\\/\"},{\"@type\":\"ListItem\",\"position\":2,\"name\":\"Les brasseurs belges envisagent une plainte aupr\u00e8s de la Cour Europ\u00e9enne\"}]},{\"@type\":\"WebSite\",\"@id\":\"https:\\\/\\\/www.retaildetail.be\\\/nl\\\/#website\",\"url\":\"https:\\\/\\\/www.retaildetail.be\\\/nl\\\/\",\"name\":\"RetailDetail BE\",\"description\":\"News\",\"publisher\":{\"@id\":\"https:\\\/\\\/www.retaildetail.be\\\/nl\\\/#organization\"},\"potentialAction\":[{\"@type\":\"SearchAction\",\"target\":{\"@type\":\"EntryPoint\",\"urlTemplate\":\"https:\\\/\\\/www.retaildetail.be\\\/nl\\\/?s={search_term_string}\"},\"query-input\":{\"@type\":\"PropertyValueSpecification\",\"valueRequired\":true,\"valueName\":\"search_term_string\"}}],\"inLanguage\":\"fr-FR\"},{\"@type\":\"Organization\",\"@id\":\"https:\\\/\\\/www.retaildetail.be\\\/nl\\\/#organization\",\"name\":\"RetailDetail BE\",\"url\":\"https:\\\/\\\/www.retaildetail.be\\\/nl\\\/\",\"logo\":{\"@type\":\"ImageObject\",\"inLanguage\":\"fr-FR\",\"@id\":\"https:\\\/\\\/www.retaildetail.be\\\/nl\\\/#\\\/schema\\\/logo\\\/image\\\/\",\"url\":\"https:\\\/\\\/www.retaildetail.be\\\/wp-content\\\/uploads\\\/2022\\\/04\\\/logo.svg\",\"contentUrl\":\"https:\\\/\\\/www.retaildetail.be\\\/wp-content\\\/uploads\\\/2022\\\/04\\\/logo.svg\",\"width\":131,\"height\":70,\"caption\":\"RetailDetail BE\"},\"image\":{\"@id\":\"https:\\\/\\\/www.retaildetail.be\\\/nl\\\/#\\\/schema\\\/logo\\\/image\\\/\"}},{\"@type\":\"Person\",\"@id\":\"https:\\\/\\\/www.retaildetail.be\\\/nl\\\/#\\\/schema\\\/person\\\/ba2d383452a753a3a1ce8cdb349b5fc9\",\"name\":\"dev@grandiz.com\",\"image\":{\"@type\":\"ImageObject\",\"inLanguage\":\"fr-FR\",\"@id\":\"https:\\\/\\\/secure.gravatar.com\\\/avatar\\\/5f53ce9fb6eed4a60e5aaaa712be8773880fa9459d9cac9bc4aa4fdbce3f447f?s=96&d=mm&r=g\",\"url\":\"https:\\\/\\\/secure.gravatar.com\\\/avatar\\\/5f53ce9fb6eed4a60e5aaaa712be8773880fa9459d9cac9bc4aa4fdbce3f447f?s=96&d=mm&r=g\",\"contentUrl\":\"https:\\\/\\\/secure.gravatar.com\\\/avatar\\\/5f53ce9fb6eed4a60e5aaaa712be8773880fa9459d9cac9bc4aa4fdbce3f447f?s=96&d=mm&r=g\",\"caption\":\"dev@grandiz.com\"},\"sameAs\":[\"http:\\\/\\\/preprod.retaildetail.be\"],\"url\":\"https:\\\/\\\/www.retaildetail.be\\\/fr\\\/author\\\/devgrandiz-com\\\/\"}]}<\/script>\n<!-- \/ Yoast SEO plugin. -->","yoast_head_json":{"title":"Les brasseurs belges envisagent une plainte aupr\u00e8s de la Cour Europ\u00e9enne - RetailDetail BE","robots":{"index":"index","follow":"follow","max-snippet":"max-snippet:-1","max-image-preview":"max-image-preview:large","max-video-preview":"max-video-preview:-1"},"canonical":"https:\/\/www.retaildetail.be\/fr\/news\/food\/les-brasseurs-belges-envisagent-une-plainte-aupres-de-la-cour-europeenne\/","og_locale":"fr_FR","og_type":"article","og_title":"Les brasseurs belges envisagent une plainte aupr\u00e8s de la Cour Europ\u00e9enne - RetailDetail BE","og_description":"Le plus grand march\u00e9 d\u2019exportation L\u2019enjeu des brasseurs est immense, car la France est le principal client \u00e9tranger de nos bi\u00e8res belges. Chaque ann\u00e9e, un million d\u2019hectolitres de bi\u00e8res \u00ab pils \u00bb et 2,5 millions d\u2019hectolitres de bi\u00e8res sp\u00e9ciales traversent notre fronti\u00e8re sud, ce qui repr\u00e9sente 20% de notre production nationale. Cette production risque d\u2019encaisser [&hellip;]","og_url":"https:\/\/www.retaildetail.be\/fr\/news\/food\/les-brasseurs-belges-envisagent-une-plainte-aupres-de-la-cour-europeenne\/","og_site_name":"RetailDetail BE","article_published_time":"2012-12-10T12:28:17+00:00","og_image":[{"width":281,"height":147,"url":"https:\/\/i0.wp.com\/www.retaildetail.be\/wp-content\/uploads\/2022\/04\/logo.png?fit=281%2C147&quality=100&strip=all&ssl=1","type":"image\/png"}],"author":"dev@grandiz.com","twitter_card":"summary_large_image","twitter_misc":{"\u00c9crit par":"dev@grandiz.com","Dur\u00e9e de lecture estim\u00e9e":"1 minute"},"schema":{"@context":"https:\/\/schema.org","@graph":[{"@type":"NewsArticle","@id":"https:\/\/www.retaildetail.be\/fr\/news\/food\/les-brasseurs-belges-envisagent-une-plainte-aupres-de-la-cour-europeenne\/#article","isPartOf":{"@id":"https:\/\/www.retaildetail.be\/fr\/news\/food\/les-brasseurs-belges-envisagent-une-plainte-aupres-de-la-cour-europeenne\/"},"author":{"name":"dev@grandiz.com","@id":"https:\/\/www.retaildetail.be\/nl\/#\/schema\/person\/ba2d383452a753a3a1ce8cdb349b5fc9"},"headline":"Les brasseurs belges envisagent une plainte aupr\u00e8s de la Cour Europ\u00e9enne","datePublished":"2012-12-10T12:28:17+00:00","mainEntityOfPage":{"@id":"https:\/\/www.retaildetail.be\/fr\/news\/food\/les-brasseurs-belges-envisagent-une-plainte-aupres-de-la-cour-europeenne\/"},"wordCount":302,"publisher":{"@id":"https:\/\/www.retaildetail.be\/nl\/#organization"},"image":{"@id":"https:\/\/www.retaildetail.be\/fr\/news\/food\/les-brasseurs-belges-envisagent-une-plainte-aupres-de-la-cour-europeenne\/#primaryimage"},"thumbnailUrl":"https:\/\/www.retaildetail.be\/wp-content\/uploads\/2022\/04\/logo.png","articleSection":["Food"],"inLanguage":"fr-FR","copyrightYear":"2012","copyrightHolder":{"@id":"https:\/\/www.retaildetail.be\/#organization"}},{"@type":"WebPage","@id":"https:\/\/www.retaildetail.be\/fr\/news\/food\/les-brasseurs-belges-envisagent-une-plainte-aupres-de-la-cour-europeenne\/","url":"https:\/\/www.retaildetail.be\/fr\/news\/food\/les-brasseurs-belges-envisagent-une-plainte-aupres-de-la-cour-europeenne\/","name":"Les brasseurs belges envisagent une plainte aupr\u00e8s de la Cour Europ\u00e9enne - RetailDetail BE","isPartOf":{"@id":"https:\/\/www.retaildetail.be\/nl\/#website"},"primaryImageOfPage":{"@id":"https:\/\/www.retaildetail.be\/fr\/news\/food\/les-brasseurs-belges-envisagent-une-plainte-aupres-de-la-cour-europeenne\/#primaryimage"},"image":{"@id":"https:\/\/www.retaildetail.be\/fr\/news\/food\/les-brasseurs-belges-envisagent-une-plainte-aupres-de-la-cour-europeenne\/#primaryimage"},"thumbnailUrl":"https:\/\/www.retaildetail.be\/wp-content\/uploads\/2022\/04\/logo.png","datePublished":"2012-12-10T12:28:17+00:00","breadcrumb":{"@id":"https:\/\/www.retaildetail.be\/fr\/news\/food\/les-brasseurs-belges-envisagent-une-plainte-aupres-de-la-cour-europeenne\/#breadcrumb"},"inLanguage":"fr-FR","potentialAction":[{"@type":"ReadAction","target":["https:\/\/www.retaildetail.be\/fr\/news\/food\/les-brasseurs-belges-envisagent-une-plainte-aupres-de-la-cour-europeenne\/"]}]},{"@type":"ImageObject","inLanguage":"fr-FR","@id":"https:\/\/www.retaildetail.be\/fr\/news\/food\/les-brasseurs-belges-envisagent-une-plainte-aupres-de-la-cour-europeenne\/#primaryimage","url":"https:\/\/www.retaildetail.be\/wp-content\/uploads\/2022\/04\/logo.png","contentUrl":"https:\/\/www.retaildetail.be\/wp-content\/uploads\/2022\/04\/logo.png","width":281,"height":147},{"@type":"BreadcrumbList","@id":"https:\/\/www.retaildetail.be\/fr\/news\/food\/les-brasseurs-belges-envisagent-une-plainte-aupres-de-la-cour-europeenne\/#breadcrumb","itemListElement":[{"@type":"ListItem","position":1,"name":"Home","item":"https:\/\/www.retaildetail.be\/fr\/"},{"@type":"ListItem","position":2,"name":"Les brasseurs belges envisagent une plainte aupr\u00e8s de la Cour Europ\u00e9enne"}]},{"@type":"WebSite","@id":"https:\/\/www.retaildetail.be\/nl\/#website","url":"https:\/\/www.retaildetail.be\/nl\/","name":"RetailDetail BE","description":"News","publisher":{"@id":"https:\/\/www.retaildetail.be\/nl\/#organization"},"potentialAction":[{"@type":"SearchAction","target":{"@type":"EntryPoint","urlTemplate":"https:\/\/www.retaildetail.be\/nl\/?s={search_term_string}"},"query-input":{"@type":"PropertyValueSpecification","valueRequired":true,"valueName":"search_term_string"}}],"inLanguage":"fr-FR"},{"@type":"Organization","@id":"https:\/\/www.retaildetail.be\/nl\/#organization","name":"RetailDetail BE","url":"https:\/\/www.retaildetail.be\/nl\/","logo":{"@type":"ImageObject","inLanguage":"fr-FR","@id":"https:\/\/www.retaildetail.be\/nl\/#\/schema\/logo\/image\/","url":"https:\/\/www.retaildetail.be\/wp-content\/uploads\/2022\/04\/logo.svg","contentUrl":"https:\/\/www.retaildetail.be\/wp-content\/uploads\/2022\/04\/logo.svg","width":131,"height":70,"caption":"RetailDetail BE"},"image":{"@id":"https:\/\/www.retaildetail.be\/nl\/#\/schema\/logo\/image\/"}},{"@type":"Person","@id":"https:\/\/www.retaildetail.be\/nl\/#\/schema\/person\/ba2d383452a753a3a1ce8cdb349b5fc9","name":"dev@grandiz.com","image":{"@type":"ImageObject","inLanguage":"fr-FR","@id":"https:\/\/secure.gravatar.com\/avatar\/5f53ce9fb6eed4a60e5aaaa712be8773880fa9459d9cac9bc4aa4fdbce3f447f?s=96&d=mm&r=g","url":"https:\/\/secure.gravatar.com\/avatar\/5f53ce9fb6eed4a60e5aaaa712be8773880fa9459d9cac9bc4aa4fdbce3f447f?s=96&d=mm&r=g","contentUrl":"https:\/\/secure.gravatar.com\/avatar\/5f53ce9fb6eed4a60e5aaaa712be8773880fa9459d9cac9bc4aa4fdbce3f447f?s=96&d=mm&r=g","caption":"dev@grandiz.com"},"sameAs":["http:\/\/preprod.retaildetail.be"],"url":"https:\/\/www.retaildetail.be\/fr\/author\/devgrandiz-com\/"}]}},"jetpack_featured_media_url":"https:\/\/www.retaildetail.be\/wp-content\/uploads\/2022\/04\/logo.png","jetpack_sharing_enabled":true,"_links":{"self":[{"href":"https:\/\/www.retaildetail.be\/fr\/wp-json\/wp\/v2\/posts\/2400","targetHints":{"allow":["GET"]}}],"collection":[{"href":"https:\/\/www.retaildetail.be\/fr\/wp-json\/wp\/v2\/posts"}],"about":[{"href":"https:\/\/www.retaildetail.be\/fr\/wp-json\/wp\/v2\/types\/post"}],"author":[{"embeddable":true,"href":"https:\/\/www.retaildetail.be\/fr\/wp-json\/wp\/v2\/users\/1"}],"replies":[{"embeddable":true,"href":"https:\/\/www.retaildetail.be\/fr\/wp-json\/wp\/v2\/comments?post=2400"}],"version-history":[{"count":0,"href":"https:\/\/www.retaildetail.be\/fr\/wp-json\/wp\/v2\/posts\/2400\/revisions"}],"wp:featuredmedia":[{"embeddable":true,"href":"https:\/\/www.retaildetail.be\/fr\/wp-json\/wp\/v2\/media\/84"}],"wp:attachment":[{"href":"https:\/\/www.retaildetail.be\/fr\/wp-json\/wp\/v2\/media?parent=2400"}],"wp:term":[{"taxonomy":"category","embeddable":true,"href":"https:\/\/www.retaildetail.be\/fr\/wp-json\/wp\/v2\/categories?post=2400"},{"taxonomy":"post_tag","embeddable":true,"href":"https:\/\/www.retaildetail.be\/fr\/wp-json\/wp\/v2\/tags?post=2400"},{"taxonomy":"people","embeddable":true,"href":"https:\/\/www.retaildetail.be\/fr\/wp-json\/wp\/v2\/people?post=2400"},{"taxonomy":"extra","embeddable":true,"href":"https:\/\/www.retaildetail.be\/fr\/wp-json\/wp\/v2\/extra?post=2400"},{"taxonomy":"company","embeddable":true,"href":"https:\/\/www.retaildetail.be\/fr\/wp-json\/wp\/v2\/company?post=2400"},{"taxonomy":"topic","embeddable":true,"href":"https:\/\/www.retaildetail.be\/fr\/wp-json\/wp\/v2\/topic?post=2400"},{"taxonomy":"region","embeddable":true,"href":"https:\/\/www.retaildetail.be\/fr\/wp-json\/wp\/v2\/region?post=2400"}],"curies":[{"name":"wp","href":"https:\/\/api.w.org\/{rel}","templated":true}]}}