{"id":2409,"date":"2012-12-11T18:50:59","date_gmt":"2012-12-11T18:50:59","guid":{"rendered":"https:\/\/www.retaildetail.be\/food\/laction-twitter-de-lidl-fait-exploser-les-compteurs\/"},"modified":"2012-12-11T18:50:59","modified_gmt":"2012-12-11T18:50:59","slug":"laction-twitter-de-lidl-fait-exploser-les-compteurs","status":"publish","type":"post","link":"https:\/\/www.retaildetail.be\/fr\/news\/food\/laction-twitter-de-lidl-fait-exploser-les-compteurs\/","title":{"rendered":"L\u2019action Twitter de Lidl fait exploser les compteurs"},"content":{"rendered":"<h2>7.500 repas (+2.500 en guise de &lsquo;geste&rsquo;)<\/h2>\n<p>L\u2019action a d\u00e9but\u00e9 hier matin et en fin de journ\u00e9e, son immense succ\u00e8s \u00e9tait d\u00e9j\u00e0 une \u00e9vidence : hier soir, le compteur affichait les 900 tweets. L\u2019objectif \u00e9tait de distribuer 500 colis, une quantit\u00e9 \u00e0 revoir l\u00e9g\u00e8rement \u00e0 la hausse sur base du nombre de ces tweets \u00bb, pr\u00e9cise le porte-parole de Lidl Pieterjan Rynwalt au journal Het Nieuwsblad. \u00ab Initialement, l\u2019appel \u00e9tait exclusivement destin\u00e9 aux personnalit\u00e9s des m\u00e9dias actives sur Twitter, mais l\u2019action a \u00e9t\u00e9 suivie si massivement que nous devons la revoir maintenant. \u00bb<\/p>\n<p>Toute la nuit, le compteur n\u2019a cess\u00e9 de grimper et ce matin, il affichait plus de 1.500 tweets. \u00ab C\u2019est beaucoup plus que ce que nous avions imagin\u00e9 \u00bb, avouait ce matin Pieterjan Rynwalt sur Radio 1.\u00a0 \u00ab Cela repr\u00e9sente plus de 7.500 repas. Il s\u2019agit d\u2019un menu compos\u00e9 de quatre plats, qui nous co\u00fbte \u00e0 chaque fois vingt euros. \u00bb<\/p>\n<p>Lidl a donc annul\u00e9 l\u2019action pr\u00e9matur\u00e9ment, alors qu\u2019elle aurait d\u00fb se poursuivre jusqu\u2019\u00e0 No\u00ebl. N\u00e9anmoins la cha\u00eene a d\u00e9cid\u00e9 de faire un \u2018geste\u2019 et a arrondi le nombre de repas qu\u2019elle offrira aux Banques Alimentaires \u00e0 10.000 : \u00ab Gr\u00e2ce \u00e0 ce geste, nous esp\u00e9rons faire taire la critique. C\u2019est une belle initiative et nous sommes heureux d\u2019avoir pu la r\u00e9aliser \u00bb, affirme le porte-parole.<\/p>\n<h2>\n<br \/>Critique et compr\u00e9hension<\/h2>\n<p>La critique \u00e0 l\u2019encontre de Lidl n\u2019est pas tendre : allant de \u00ab Si on n\u2019est pas s\u00fbr de pouvoir tenir une promesse, mieux vaut s\u2019abstenir \u00bb, \u00e0 \u00ab Colruyt offre continuellement des milliers de repas et n\u2019en fait pas un tel plat \u00bb jusqu\u2019\u00e0 \u00ab Et ce sont des g\u00e9nies avec une ma\u00eetrise en sciences de la communication qui mettent une telle action sur pied \u00bb.<\/p>\n<p>Steven Van Belleghem, sp\u00e9cialiste des m\u00e9dias sociaux, demande plus d\u2019indulgence : \u00ab Lidl a fait une erreur d\u2019appr\u00e9ciation, mais ne dit-on pas que les entreprises doivent exp\u00e9rimenter sur les m\u00e9dias sociaux ?\u00a0 Ne tirons pas sur l\u2019ambulance. \u00bb Mais la le\u00e7on qu\u2019on peut en tirer est la suivante : \u00ab Cette histoire d\u00e9montre bien que vouloir cr\u00e9er un\u00a0 buzz \u00e0 tout prix n\u2019est pas un bon point de d\u00e9part. \u00bb<\/p>\n<p>\u00a0<\/p>\n<p>\u00a0<\/p>\n<p><em>Traduit par: Laure Jacobs<\/em><\/p>\n","protected":false},"excerpt":{"rendered":"<p>7.500 repas (+2.500 en guise de &lsquo;geste&rsquo;) L\u2019action a d\u00e9but\u00e9 hier matin et en fin de journ\u00e9e, son immense succ\u00e8s \u00e9tait d\u00e9j\u00e0 une \u00e9vidence : hier soir, le compteur affichait les 900 tweets. L\u2019objectif \u00e9tait de distribuer 500 colis, une quantit\u00e9 \u00e0 revoir l\u00e9g\u00e8rement \u00e0 la hausse sur base du nombre de ces tweets \u00bb, [&hellip;]<\/p>\n","protected":false},"author":1,"featured_media":84,"comment_status":"closed","ping_status":"closed","sticky":false,"template":"","format":"standard","meta":{"_acf_changed":false,"inline_featured_image":false,"_jetpack_memberships_contains_paid_content":false,"footnotes":""},"categories":[24],"tags":[],"people":[],"extra":[],"company":[],"topic":[],"region":[],"class_list":["post-2409","post","type-post","status-publish","format-standard","has-post-thumbnail","hentry","category-food"],"acf":[],"yoast_head":"<!-- This site is optimized with the Yoast SEO plugin v27.3 - https:\/\/yoast.com\/product\/yoast-seo-wordpress\/ -->\n<title>L\u2019action Twitter de Lidl fait exploser les compteurs - RetailDetail BE<\/title>\n<meta name=\"robots\" content=\"index, follow, max-snippet:-1, max-image-preview:large, max-video-preview:-1\" \/>\n<link rel=\"canonical\" href=\"https:\/\/www.retaildetail.be\/fr\/news\/food\/laction-twitter-de-lidl-fait-exploser-les-compteurs\/\" \/>\n<meta property=\"og:locale\" content=\"fr_FR\" \/>\n<meta property=\"og:type\" content=\"article\" \/>\n<meta property=\"og:title\" content=\"L\u2019action Twitter de Lidl fait exploser les compteurs - RetailDetail BE\" \/>\n<meta property=\"og:description\" content=\"7.500 repas (+2.500 en guise de &lsquo;geste&rsquo;) L\u2019action a d\u00e9but\u00e9 hier matin et en fin de journ\u00e9e, son immense succ\u00e8s \u00e9tait d\u00e9j\u00e0 une \u00e9vidence : hier soir, le compteur affichait les 900 tweets. L\u2019objectif \u00e9tait de distribuer 500 colis, une quantit\u00e9 \u00e0 revoir l\u00e9g\u00e8rement \u00e0 la hausse sur base du nombre de ces tweets \u00bb, [&hellip;]\" \/>\n<meta property=\"og:url\" content=\"https:\/\/www.retaildetail.be\/fr\/news\/food\/laction-twitter-de-lidl-fait-exploser-les-compteurs\/\" \/>\n<meta property=\"og:site_name\" content=\"RetailDetail BE\" \/>\n<meta property=\"article:published_time\" content=\"2012-12-11T18:50:59+00:00\" \/>\n<meta property=\"og:image\" content=\"https:\/\/i0.wp.com\/www.retaildetail.be\/wp-content\/uploads\/2022\/04\/logo.png?fit=281%2C147&quality=100&strip=all&ssl=1\" \/>\n\t<meta property=\"og:image:width\" content=\"281\" \/>\n\t<meta property=\"og:image:height\" content=\"147\" \/>\n\t<meta property=\"og:image:type\" content=\"image\/png\" \/>\n<meta name=\"author\" content=\"dev@grandiz.com\" \/>\n<meta name=\"twitter:card\" content=\"summary_large_image\" \/>\n<meta name=\"twitter:label1\" content=\"\u00c9crit par\" \/>\n\t<meta name=\"twitter:data1\" content=\"dev@grandiz.com\" \/>\n\t<meta name=\"twitter:label2\" content=\"Dur\u00e9e de lecture estim\u00e9e\" \/>\n\t<meta name=\"twitter:data2\" content=\"2 minutes\" \/>\n<script type=\"application\/ld+json\" class=\"yoast-schema-graph\">{\"@context\":\"https:\\\/\\\/schema.org\",\"@graph\":[{\"@type\":\"NewsArticle\",\"@id\":\"https:\\\/\\\/www.retaildetail.be\\\/fr\\\/news\\\/food\\\/laction-twitter-de-lidl-fait-exploser-les-compteurs\\\/#article\",\"isPartOf\":{\"@id\":\"https:\\\/\\\/www.retaildetail.be\\\/fr\\\/news\\\/food\\\/laction-twitter-de-lidl-fait-exploser-les-compteurs\\\/\"},\"author\":{\"name\":\"dev@grandiz.com\",\"@id\":\"https:\\\/\\\/www.retaildetail.be\\\/nl\\\/#\\\/schema\\\/person\\\/ba2d383452a753a3a1ce8cdb349b5fc9\"},\"headline\":\"L\u2019action Twitter de Lidl fait exploser les compteurs\",\"datePublished\":\"2012-12-11T18:50:59+00:00\",\"mainEntityOfPage\":{\"@id\":\"https:\\\/\\\/www.retaildetail.be\\\/fr\\\/news\\\/food\\\/laction-twitter-de-lidl-fait-exploser-les-compteurs\\\/\"},\"wordCount\":387,\"publisher\":{\"@id\":\"https:\\\/\\\/www.retaildetail.be\\\/nl\\\/#organization\"},\"image\":{\"@id\":\"https:\\\/\\\/www.retaildetail.be\\\/fr\\\/news\\\/food\\\/laction-twitter-de-lidl-fait-exploser-les-compteurs\\\/#primaryimage\"},\"thumbnailUrl\":\"https:\\\/\\\/www.retaildetail.be\\\/wp-content\\\/uploads\\\/2022\\\/04\\\/logo.png\",\"articleSection\":[\"Food\"],\"inLanguage\":\"fr-FR\",\"copyrightYear\":\"2012\",\"copyrightHolder\":{\"@id\":\"https:\\\/\\\/www.retaildetail.be\\\/#organization\"}},{\"@type\":\"WebPage\",\"@id\":\"https:\\\/\\\/www.retaildetail.be\\\/fr\\\/news\\\/food\\\/laction-twitter-de-lidl-fait-exploser-les-compteurs\\\/\",\"url\":\"https:\\\/\\\/www.retaildetail.be\\\/fr\\\/news\\\/food\\\/laction-twitter-de-lidl-fait-exploser-les-compteurs\\\/\",\"name\":\"L\u2019action Twitter de Lidl fait exploser les compteurs - RetailDetail BE\",\"isPartOf\":{\"@id\":\"https:\\\/\\\/www.retaildetail.be\\\/nl\\\/#website\"},\"primaryImageOfPage\":{\"@id\":\"https:\\\/\\\/www.retaildetail.be\\\/fr\\\/news\\\/food\\\/laction-twitter-de-lidl-fait-exploser-les-compteurs\\\/#primaryimage\"},\"image\":{\"@id\":\"https:\\\/\\\/www.retaildetail.be\\\/fr\\\/news\\\/food\\\/laction-twitter-de-lidl-fait-exploser-les-compteurs\\\/#primaryimage\"},\"thumbnailUrl\":\"https:\\\/\\\/www.retaildetail.be\\\/wp-content\\\/uploads\\\/2022\\\/04\\\/logo.png\",\"datePublished\":\"2012-12-11T18:50:59+00:00\",\"breadcrumb\":{\"@id\":\"https:\\\/\\\/www.retaildetail.be\\\/fr\\\/news\\\/food\\\/laction-twitter-de-lidl-fait-exploser-les-compteurs\\\/#breadcrumb\"},\"inLanguage\":\"fr-FR\",\"potentialAction\":[{\"@type\":\"ReadAction\",\"target\":[\"https:\\\/\\\/www.retaildetail.be\\\/fr\\\/news\\\/food\\\/laction-twitter-de-lidl-fait-exploser-les-compteurs\\\/\"]}]},{\"@type\":\"ImageObject\",\"inLanguage\":\"fr-FR\",\"@id\":\"https:\\\/\\\/www.retaildetail.be\\\/fr\\\/news\\\/food\\\/laction-twitter-de-lidl-fait-exploser-les-compteurs\\\/#primaryimage\",\"url\":\"https:\\\/\\\/www.retaildetail.be\\\/wp-content\\\/uploads\\\/2022\\\/04\\\/logo.png\",\"contentUrl\":\"https:\\\/\\\/www.retaildetail.be\\\/wp-content\\\/uploads\\\/2022\\\/04\\\/logo.png\",\"width\":281,\"height\":147},{\"@type\":\"BreadcrumbList\",\"@id\":\"https:\\\/\\\/www.retaildetail.be\\\/fr\\\/news\\\/food\\\/laction-twitter-de-lidl-fait-exploser-les-compteurs\\\/#breadcrumb\",\"itemListElement\":[{\"@type\":\"ListItem\",\"position\":1,\"name\":\"Home\",\"item\":\"https:\\\/\\\/www.retaildetail.be\\\/fr\\\/\"},{\"@type\":\"ListItem\",\"position\":2,\"name\":\"L\u2019action Twitter de Lidl fait exploser les compteurs\"}]},{\"@type\":\"WebSite\",\"@id\":\"https:\\\/\\\/www.retaildetail.be\\\/nl\\\/#website\",\"url\":\"https:\\\/\\\/www.retaildetail.be\\\/nl\\\/\",\"name\":\"RetailDetail BE\",\"description\":\"News\",\"publisher\":{\"@id\":\"https:\\\/\\\/www.retaildetail.be\\\/nl\\\/#organization\"},\"potentialAction\":[{\"@type\":\"SearchAction\",\"target\":{\"@type\":\"EntryPoint\",\"urlTemplate\":\"https:\\\/\\\/www.retaildetail.be\\\/nl\\\/?s={search_term_string}\"},\"query-input\":{\"@type\":\"PropertyValueSpecification\",\"valueRequired\":true,\"valueName\":\"search_term_string\"}}],\"inLanguage\":\"fr-FR\"},{\"@type\":\"Organization\",\"@id\":\"https:\\\/\\\/www.retaildetail.be\\\/nl\\\/#organization\",\"name\":\"RetailDetail BE\",\"url\":\"https:\\\/\\\/www.retaildetail.be\\\/nl\\\/\",\"logo\":{\"@type\":\"ImageObject\",\"inLanguage\":\"fr-FR\",\"@id\":\"https:\\\/\\\/www.retaildetail.be\\\/nl\\\/#\\\/schema\\\/logo\\\/image\\\/\",\"url\":\"https:\\\/\\\/www.retaildetail.be\\\/wp-content\\\/uploads\\\/2022\\\/04\\\/logo.svg\",\"contentUrl\":\"https:\\\/\\\/www.retaildetail.be\\\/wp-content\\\/uploads\\\/2022\\\/04\\\/logo.svg\",\"width\":131,\"height\":70,\"caption\":\"RetailDetail BE\"},\"image\":{\"@id\":\"https:\\\/\\\/www.retaildetail.be\\\/nl\\\/#\\\/schema\\\/logo\\\/image\\\/\"}},{\"@type\":\"Person\",\"@id\":\"https:\\\/\\\/www.retaildetail.be\\\/nl\\\/#\\\/schema\\\/person\\\/ba2d383452a753a3a1ce8cdb349b5fc9\",\"name\":\"dev@grandiz.com\",\"image\":{\"@type\":\"ImageObject\",\"inLanguage\":\"fr-FR\",\"@id\":\"https:\\\/\\\/secure.gravatar.com\\\/avatar\\\/5f53ce9fb6eed4a60e5aaaa712be8773880fa9459d9cac9bc4aa4fdbce3f447f?s=96&d=mm&r=g\",\"url\":\"https:\\\/\\\/secure.gravatar.com\\\/avatar\\\/5f53ce9fb6eed4a60e5aaaa712be8773880fa9459d9cac9bc4aa4fdbce3f447f?s=96&d=mm&r=g\",\"contentUrl\":\"https:\\\/\\\/secure.gravatar.com\\\/avatar\\\/5f53ce9fb6eed4a60e5aaaa712be8773880fa9459d9cac9bc4aa4fdbce3f447f?s=96&d=mm&r=g\",\"caption\":\"dev@grandiz.com\"},\"sameAs\":[\"http:\\\/\\\/preprod.retaildetail.be\"],\"url\":\"https:\\\/\\\/www.retaildetail.be\\\/fr\\\/author\\\/devgrandiz-com\\\/\"}]}<\/script>\n<!-- \/ Yoast SEO plugin. -->","yoast_head_json":{"title":"L\u2019action Twitter de Lidl fait exploser les compteurs - RetailDetail BE","robots":{"index":"index","follow":"follow","max-snippet":"max-snippet:-1","max-image-preview":"max-image-preview:large","max-video-preview":"max-video-preview:-1"},"canonical":"https:\/\/www.retaildetail.be\/fr\/news\/food\/laction-twitter-de-lidl-fait-exploser-les-compteurs\/","og_locale":"fr_FR","og_type":"article","og_title":"L\u2019action Twitter de Lidl fait exploser les compteurs - RetailDetail BE","og_description":"7.500 repas (+2.500 en guise de &lsquo;geste&rsquo;) L\u2019action a d\u00e9but\u00e9 hier matin et en fin de journ\u00e9e, son immense succ\u00e8s \u00e9tait d\u00e9j\u00e0 une \u00e9vidence : hier soir, le compteur affichait les 900 tweets. L\u2019objectif \u00e9tait de distribuer 500 colis, une quantit\u00e9 \u00e0 revoir l\u00e9g\u00e8rement \u00e0 la hausse sur base du nombre de ces tweets \u00bb, [&hellip;]","og_url":"https:\/\/www.retaildetail.be\/fr\/news\/food\/laction-twitter-de-lidl-fait-exploser-les-compteurs\/","og_site_name":"RetailDetail BE","article_published_time":"2012-12-11T18:50:59+00:00","og_image":[{"width":281,"height":147,"url":"https:\/\/i0.wp.com\/www.retaildetail.be\/wp-content\/uploads\/2022\/04\/logo.png?fit=281%2C147&quality=100&strip=all&ssl=1","type":"image\/png"}],"author":"dev@grandiz.com","twitter_card":"summary_large_image","twitter_misc":{"\u00c9crit par":"dev@grandiz.com","Dur\u00e9e de lecture estim\u00e9e":"2 minutes"},"schema":{"@context":"https:\/\/schema.org","@graph":[{"@type":"NewsArticle","@id":"https:\/\/www.retaildetail.be\/fr\/news\/food\/laction-twitter-de-lidl-fait-exploser-les-compteurs\/#article","isPartOf":{"@id":"https:\/\/www.retaildetail.be\/fr\/news\/food\/laction-twitter-de-lidl-fait-exploser-les-compteurs\/"},"author":{"name":"dev@grandiz.com","@id":"https:\/\/www.retaildetail.be\/nl\/#\/schema\/person\/ba2d383452a753a3a1ce8cdb349b5fc9"},"headline":"L\u2019action Twitter de Lidl fait exploser les compteurs","datePublished":"2012-12-11T18:50:59+00:00","mainEntityOfPage":{"@id":"https:\/\/www.retaildetail.be\/fr\/news\/food\/laction-twitter-de-lidl-fait-exploser-les-compteurs\/"},"wordCount":387,"publisher":{"@id":"https:\/\/www.retaildetail.be\/nl\/#organization"},"image":{"@id":"https:\/\/www.retaildetail.be\/fr\/news\/food\/laction-twitter-de-lidl-fait-exploser-les-compteurs\/#primaryimage"},"thumbnailUrl":"https:\/\/www.retaildetail.be\/wp-content\/uploads\/2022\/04\/logo.png","articleSection":["Food"],"inLanguage":"fr-FR","copyrightYear":"2012","copyrightHolder":{"@id":"https:\/\/www.retaildetail.be\/#organization"}},{"@type":"WebPage","@id":"https:\/\/www.retaildetail.be\/fr\/news\/food\/laction-twitter-de-lidl-fait-exploser-les-compteurs\/","url":"https:\/\/www.retaildetail.be\/fr\/news\/food\/laction-twitter-de-lidl-fait-exploser-les-compteurs\/","name":"L\u2019action Twitter de Lidl fait exploser les compteurs - RetailDetail BE","isPartOf":{"@id":"https:\/\/www.retaildetail.be\/nl\/#website"},"primaryImageOfPage":{"@id":"https:\/\/www.retaildetail.be\/fr\/news\/food\/laction-twitter-de-lidl-fait-exploser-les-compteurs\/#primaryimage"},"image":{"@id":"https:\/\/www.retaildetail.be\/fr\/news\/food\/laction-twitter-de-lidl-fait-exploser-les-compteurs\/#primaryimage"},"thumbnailUrl":"https:\/\/www.retaildetail.be\/wp-content\/uploads\/2022\/04\/logo.png","datePublished":"2012-12-11T18:50:59+00:00","breadcrumb":{"@id":"https:\/\/www.retaildetail.be\/fr\/news\/food\/laction-twitter-de-lidl-fait-exploser-les-compteurs\/#breadcrumb"},"inLanguage":"fr-FR","potentialAction":[{"@type":"ReadAction","target":["https:\/\/www.retaildetail.be\/fr\/news\/food\/laction-twitter-de-lidl-fait-exploser-les-compteurs\/"]}]},{"@type":"ImageObject","inLanguage":"fr-FR","@id":"https:\/\/www.retaildetail.be\/fr\/news\/food\/laction-twitter-de-lidl-fait-exploser-les-compteurs\/#primaryimage","url":"https:\/\/www.retaildetail.be\/wp-content\/uploads\/2022\/04\/logo.png","contentUrl":"https:\/\/www.retaildetail.be\/wp-content\/uploads\/2022\/04\/logo.png","width":281,"height":147},{"@type":"BreadcrumbList","@id":"https:\/\/www.retaildetail.be\/fr\/news\/food\/laction-twitter-de-lidl-fait-exploser-les-compteurs\/#breadcrumb","itemListElement":[{"@type":"ListItem","position":1,"name":"Home","item":"https:\/\/www.retaildetail.be\/fr\/"},{"@type":"ListItem","position":2,"name":"L\u2019action Twitter de Lidl fait exploser les compteurs"}]},{"@type":"WebSite","@id":"https:\/\/www.retaildetail.be\/nl\/#website","url":"https:\/\/www.retaildetail.be\/nl\/","name":"RetailDetail BE","description":"News","publisher":{"@id":"https:\/\/www.retaildetail.be\/nl\/#organization"},"potentialAction":[{"@type":"SearchAction","target":{"@type":"EntryPoint","urlTemplate":"https:\/\/www.retaildetail.be\/nl\/?s={search_term_string}"},"query-input":{"@type":"PropertyValueSpecification","valueRequired":true,"valueName":"search_term_string"}}],"inLanguage":"fr-FR"},{"@type":"Organization","@id":"https:\/\/www.retaildetail.be\/nl\/#organization","name":"RetailDetail BE","url":"https:\/\/www.retaildetail.be\/nl\/","logo":{"@type":"ImageObject","inLanguage":"fr-FR","@id":"https:\/\/www.retaildetail.be\/nl\/#\/schema\/logo\/image\/","url":"https:\/\/www.retaildetail.be\/wp-content\/uploads\/2022\/04\/logo.svg","contentUrl":"https:\/\/www.retaildetail.be\/wp-content\/uploads\/2022\/04\/logo.svg","width":131,"height":70,"caption":"RetailDetail BE"},"image":{"@id":"https:\/\/www.retaildetail.be\/nl\/#\/schema\/logo\/image\/"}},{"@type":"Person","@id":"https:\/\/www.retaildetail.be\/nl\/#\/schema\/person\/ba2d383452a753a3a1ce8cdb349b5fc9","name":"dev@grandiz.com","image":{"@type":"ImageObject","inLanguage":"fr-FR","@id":"https:\/\/secure.gravatar.com\/avatar\/5f53ce9fb6eed4a60e5aaaa712be8773880fa9459d9cac9bc4aa4fdbce3f447f?s=96&d=mm&r=g","url":"https:\/\/secure.gravatar.com\/avatar\/5f53ce9fb6eed4a60e5aaaa712be8773880fa9459d9cac9bc4aa4fdbce3f447f?s=96&d=mm&r=g","contentUrl":"https:\/\/secure.gravatar.com\/avatar\/5f53ce9fb6eed4a60e5aaaa712be8773880fa9459d9cac9bc4aa4fdbce3f447f?s=96&d=mm&r=g","caption":"dev@grandiz.com"},"sameAs":["http:\/\/preprod.retaildetail.be"],"url":"https:\/\/www.retaildetail.be\/fr\/author\/devgrandiz-com\/"}]}},"jetpack_featured_media_url":"https:\/\/www.retaildetail.be\/wp-content\/uploads\/2022\/04\/logo.png","jetpack_sharing_enabled":true,"_links":{"self":[{"href":"https:\/\/www.retaildetail.be\/fr\/wp-json\/wp\/v2\/posts\/2409","targetHints":{"allow":["GET"]}}],"collection":[{"href":"https:\/\/www.retaildetail.be\/fr\/wp-json\/wp\/v2\/posts"}],"about":[{"href":"https:\/\/www.retaildetail.be\/fr\/wp-json\/wp\/v2\/types\/post"}],"author":[{"embeddable":true,"href":"https:\/\/www.retaildetail.be\/fr\/wp-json\/wp\/v2\/users\/1"}],"replies":[{"embeddable":true,"href":"https:\/\/www.retaildetail.be\/fr\/wp-json\/wp\/v2\/comments?post=2409"}],"version-history":[{"count":0,"href":"https:\/\/www.retaildetail.be\/fr\/wp-json\/wp\/v2\/posts\/2409\/revisions"}],"wp:featuredmedia":[{"embeddable":true,"href":"https:\/\/www.retaildetail.be\/fr\/wp-json\/wp\/v2\/media\/84"}],"wp:attachment":[{"href":"https:\/\/www.retaildetail.be\/fr\/wp-json\/wp\/v2\/media?parent=2409"}],"wp:term":[{"taxonomy":"category","embeddable":true,"href":"https:\/\/www.retaildetail.be\/fr\/wp-json\/wp\/v2\/categories?post=2409"},{"taxonomy":"post_tag","embeddable":true,"href":"https:\/\/www.retaildetail.be\/fr\/wp-json\/wp\/v2\/tags?post=2409"},{"taxonomy":"people","embeddable":true,"href":"https:\/\/www.retaildetail.be\/fr\/wp-json\/wp\/v2\/people?post=2409"},{"taxonomy":"extra","embeddable":true,"href":"https:\/\/www.retaildetail.be\/fr\/wp-json\/wp\/v2\/extra?post=2409"},{"taxonomy":"company","embeddable":true,"href":"https:\/\/www.retaildetail.be\/fr\/wp-json\/wp\/v2\/company?post=2409"},{"taxonomy":"topic","embeddable":true,"href":"https:\/\/www.retaildetail.be\/fr\/wp-json\/wp\/v2\/topic?post=2409"},{"taxonomy":"region","embeddable":true,"href":"https:\/\/www.retaildetail.be\/fr\/wp-json\/wp\/v2\/region?post=2409"}],"curies":[{"name":"wp","href":"https:\/\/api.w.org\/{rel}","templated":true}]}}