{"id":2430,"date":"2012-12-14T15:18:52","date_gmt":"2012-12-14T15:18:52","guid":{"rendered":"https:\/\/www.retaildetail.be\/food\/mestdagh-investit-e-25-millions-dans-lextension-de-son-centre-de-distribution\/"},"modified":"2012-12-14T15:18:52","modified_gmt":"2012-12-14T15:18:52","slug":"mestdagh-investit-e-25-millions-dans-lextension-de-son-centre-de-distribution","status":"publish","type":"post","link":"https:\/\/www.retaildetail.be\/fr\/news\/food\/mestdagh-investit-e-25-millions-dans-lextension-de-son-centre-de-distribution\/","title":{"rendered":"Mestdagh investit \u20ac 25 millions dans l\u2019extension de son centre de distribution"},"content":{"rendered":"<h2>Croissance pass\u00e9e et future<\/h2>\n<p>Actuellement Mestdagh exploite 83 supermarch\u00e9s\u00a0 d\u2019une surface de 1.000 \u00e0 2.500 m\u00b2, situ\u00e9s principalement en Wallonie et autour de Bruxelles. Parmi ceux-ci, seize magasins sont des anciens Carrefour repris en 2010, le reste op\u00e8re sous l\u2019enseigne Champion. D\u2019ici l\u2019\u00e9t\u00e9 2013 les 83 magasins devraient \u00eatre transform\u00e9s en Carrefour Markets. Dans le cadre de ces changements, l\u2019assortiment sera \u00e9largi d\u2019un quart.<\/p>\n<p>\u00ab Gr\u00e2ce \u00e0 la reprise des 16 magasins Carrefour, notre chiffre d\u2019affaires a augment\u00e9 de 40% \u00e0 quelque 700 millions d\u2019euros \u00bb, d\u00e9clare le pr\u00e9sident de l\u2019entreprise\u00a0 Carl Mestdagh. \u00ab Par ailleurs nous voulons poursuivre cette expansion. Nous visons un r\u00e9seau d\u2019une centaine de magasins. \u00bb<\/p>\n<h2>\n<br \/>Besoin de capacit\u00e9 suppl\u00e9mentaire<\/h2>\n<p>Cette croissance n\u00e9cessite une capacit\u00e9 de distribution plus grande, d\u2019o\u00f9 l\u2019extension du\u00a0 centre logistique qui passera de 32.000 m\u00b2 \u00e0 48.000 m\u00b2 et qui devrait \u00eatre op\u00e9rationnel fin de l\u2019ann\u00e9e prochaine. Pour ces travaux Mestdagh collabore avec Equilis, la branche immobili\u00e8re du groupe. Gr\u00e2ce \u00e0 cette extension, 750 camions par jour pourront \u00eatre charg\u00e9s, contre 500 aujourd\u2019hui.<\/p>\n<p>Une fois l\u2019extension r\u00e9alis\u00e9e, l\u2019approvisionnement des seize magasins Carrefour se fera \u00e9galement depuis Gosselies : actuellement ces points de vente sont encore approvisionn\u00e9s par la centrale du groupe fran\u00e7ais. L\u2019espace suppl\u00e9mentaire permettra \u00e9galement de faire face \u00e0 la future expansion du r\u00e9seau.<\/p>\n<p>L\u2019agrandissement du centre de distribution g\u00e9n\u00e8re \u00e9galement de nouveaux emplois. Mestdagh devrait embaucher 40 travailleurs suppl\u00e9mentaires, ce qui porterait le nombre total de personnes travaillant sur le site \u00e0 174. Au total le groupe Mestdagh compte 3.200 employ\u00e9s.<\/p>\n<p>\u00a0<\/p>\n<p>\u00a0<\/p>\n<p><em>Traduction : Marie-No\u00eblle Masure<\/em><\/p>\n","protected":false},"excerpt":{"rendered":"<p>Croissance pass\u00e9e et future Actuellement Mestdagh exploite 83 supermarch\u00e9s\u00a0 d\u2019une surface de 1.000 \u00e0 2.500 m\u00b2, situ\u00e9s principalement en Wallonie et autour de Bruxelles. Parmi ceux-ci, seize magasins sont des anciens Carrefour repris en 2010, le reste op\u00e8re sous l\u2019enseigne Champion. D\u2019ici l\u2019\u00e9t\u00e9 2013 les 83 magasins devraient \u00eatre transform\u00e9s en Carrefour Markets. Dans le [&hellip;]<\/p>\n","protected":false},"author":1,"featured_media":84,"comment_status":"closed","ping_status":"closed","sticky":false,"template":"","format":"standard","meta":{"_acf_changed":false,"inline_featured_image":false,"_jetpack_memberships_contains_paid_content":false,"footnotes":""},"categories":[24],"tags":[],"people":[],"extra":[],"company":[],"topic":[],"region":[],"class_list":["post-2430","post","type-post","status-publish","format-standard","has-post-thumbnail","hentry","category-food"],"acf":[],"yoast_head":"<!-- This site is optimized with the Yoast SEO plugin v27.3 - https:\/\/yoast.com\/product\/yoast-seo-wordpress\/ -->\n<title>Mestdagh investit \u20ac 25 millions dans l\u2019extension de son centre de distribution - RetailDetail BE<\/title>\n<meta name=\"robots\" content=\"index, follow, max-snippet:-1, max-image-preview:large, max-video-preview:-1\" \/>\n<link rel=\"canonical\" href=\"https:\/\/www.retaildetail.be\/fr\/news\/food\/mestdagh-investit-e-25-millions-dans-lextension-de-son-centre-de-distribution\/\" \/>\n<meta property=\"og:locale\" content=\"fr_FR\" \/>\n<meta property=\"og:type\" content=\"article\" \/>\n<meta property=\"og:title\" content=\"Mestdagh investit \u20ac 25 millions dans l\u2019extension de son centre de distribution - RetailDetail BE\" \/>\n<meta property=\"og:description\" content=\"Croissance pass\u00e9e et future Actuellement Mestdagh exploite 83 supermarch\u00e9s\u00a0 d\u2019une surface de 1.000 \u00e0 2.500 m\u00b2, situ\u00e9s principalement en Wallonie et autour de Bruxelles. Parmi ceux-ci, seize magasins sont des anciens Carrefour repris en 2010, le reste op\u00e8re sous l\u2019enseigne Champion. D\u2019ici l\u2019\u00e9t\u00e9 2013 les 83 magasins devraient \u00eatre transform\u00e9s en Carrefour Markets. Dans le [&hellip;]\" \/>\n<meta property=\"og:url\" content=\"https:\/\/www.retaildetail.be\/fr\/news\/food\/mestdagh-investit-e-25-millions-dans-lextension-de-son-centre-de-distribution\/\" \/>\n<meta property=\"og:site_name\" content=\"RetailDetail BE\" \/>\n<meta property=\"article:published_time\" content=\"2012-12-14T15:18:52+00:00\" \/>\n<meta property=\"og:image\" content=\"https:\/\/i0.wp.com\/www.retaildetail.be\/wp-content\/uploads\/2022\/04\/logo.png?fit=281%2C147&quality=100&strip=all&ssl=1\" \/>\n\t<meta property=\"og:image:width\" content=\"281\" \/>\n\t<meta property=\"og:image:height\" content=\"147\" \/>\n\t<meta property=\"og:image:type\" content=\"image\/png\" \/>\n<meta name=\"author\" content=\"dev@grandiz.com\" \/>\n<meta name=\"twitter:card\" content=\"summary_large_image\" \/>\n<meta name=\"twitter:label1\" content=\"\u00c9crit par\" \/>\n\t<meta name=\"twitter:data1\" content=\"dev@grandiz.com\" \/>\n\t<meta name=\"twitter:label2\" content=\"Dur\u00e9e de lecture estim\u00e9e\" \/>\n\t<meta name=\"twitter:data2\" content=\"1 minute\" \/>\n<script type=\"application\/ld+json\" class=\"yoast-schema-graph\">{\"@context\":\"https:\\\/\\\/schema.org\",\"@graph\":[{\"@type\":\"NewsArticle\",\"@id\":\"https:\\\/\\\/www.retaildetail.be\\\/fr\\\/news\\\/food\\\/mestdagh-investit-e-25-millions-dans-lextension-de-son-centre-de-distribution\\\/#article\",\"isPartOf\":{\"@id\":\"https:\\\/\\\/www.retaildetail.be\\\/fr\\\/news\\\/food\\\/mestdagh-investit-e-25-millions-dans-lextension-de-son-centre-de-distribution\\\/\"},\"author\":{\"name\":\"dev@grandiz.com\",\"@id\":\"https:\\\/\\\/www.retaildetail.be\\\/nl\\\/#\\\/schema\\\/person\\\/ba2d383452a753a3a1ce8cdb349b5fc9\"},\"headline\":\"Mestdagh investit \u20ac 25 millions dans l\u2019extension de son centre de distribution\",\"datePublished\":\"2012-12-14T15:18:52+00:00\",\"mainEntityOfPage\":{\"@id\":\"https:\\\/\\\/www.retaildetail.be\\\/fr\\\/news\\\/food\\\/mestdagh-investit-e-25-millions-dans-lextension-de-son-centre-de-distribution\\\/\"},\"wordCount\":282,\"publisher\":{\"@id\":\"https:\\\/\\\/www.retaildetail.be\\\/nl\\\/#organization\"},\"image\":{\"@id\":\"https:\\\/\\\/www.retaildetail.be\\\/fr\\\/news\\\/food\\\/mestdagh-investit-e-25-millions-dans-lextension-de-son-centre-de-distribution\\\/#primaryimage\"},\"thumbnailUrl\":\"https:\\\/\\\/www.retaildetail.be\\\/wp-content\\\/uploads\\\/2022\\\/04\\\/logo.png\",\"articleSection\":[\"Food\"],\"inLanguage\":\"fr-FR\",\"copyrightYear\":\"2012\",\"copyrightHolder\":{\"@id\":\"https:\\\/\\\/www.retaildetail.be\\\/#organization\"}},{\"@type\":\"WebPage\",\"@id\":\"https:\\\/\\\/www.retaildetail.be\\\/fr\\\/news\\\/food\\\/mestdagh-investit-e-25-millions-dans-lextension-de-son-centre-de-distribution\\\/\",\"url\":\"https:\\\/\\\/www.retaildetail.be\\\/fr\\\/news\\\/food\\\/mestdagh-investit-e-25-millions-dans-lextension-de-son-centre-de-distribution\\\/\",\"name\":\"Mestdagh investit \u20ac 25 millions dans l\u2019extension de son centre de distribution - RetailDetail BE\",\"isPartOf\":{\"@id\":\"https:\\\/\\\/www.retaildetail.be\\\/nl\\\/#website\"},\"primaryImageOfPage\":{\"@id\":\"https:\\\/\\\/www.retaildetail.be\\\/fr\\\/news\\\/food\\\/mestdagh-investit-e-25-millions-dans-lextension-de-son-centre-de-distribution\\\/#primaryimage\"},\"image\":{\"@id\":\"https:\\\/\\\/www.retaildetail.be\\\/fr\\\/news\\\/food\\\/mestdagh-investit-e-25-millions-dans-lextension-de-son-centre-de-distribution\\\/#primaryimage\"},\"thumbnailUrl\":\"https:\\\/\\\/www.retaildetail.be\\\/wp-content\\\/uploads\\\/2022\\\/04\\\/logo.png\",\"datePublished\":\"2012-12-14T15:18:52+00:00\",\"breadcrumb\":{\"@id\":\"https:\\\/\\\/www.retaildetail.be\\\/fr\\\/news\\\/food\\\/mestdagh-investit-e-25-millions-dans-lextension-de-son-centre-de-distribution\\\/#breadcrumb\"},\"inLanguage\":\"fr-FR\",\"potentialAction\":[{\"@type\":\"ReadAction\",\"target\":[\"https:\\\/\\\/www.retaildetail.be\\\/fr\\\/news\\\/food\\\/mestdagh-investit-e-25-millions-dans-lextension-de-son-centre-de-distribution\\\/\"]}]},{\"@type\":\"ImageObject\",\"inLanguage\":\"fr-FR\",\"@id\":\"https:\\\/\\\/www.retaildetail.be\\\/fr\\\/news\\\/food\\\/mestdagh-investit-e-25-millions-dans-lextension-de-son-centre-de-distribution\\\/#primaryimage\",\"url\":\"https:\\\/\\\/www.retaildetail.be\\\/wp-content\\\/uploads\\\/2022\\\/04\\\/logo.png\",\"contentUrl\":\"https:\\\/\\\/www.retaildetail.be\\\/wp-content\\\/uploads\\\/2022\\\/04\\\/logo.png\",\"width\":281,\"height\":147},{\"@type\":\"BreadcrumbList\",\"@id\":\"https:\\\/\\\/www.retaildetail.be\\\/fr\\\/news\\\/food\\\/mestdagh-investit-e-25-millions-dans-lextension-de-son-centre-de-distribution\\\/#breadcrumb\",\"itemListElement\":[{\"@type\":\"ListItem\",\"position\":1,\"name\":\"Home\",\"item\":\"https:\\\/\\\/www.retaildetail.be\\\/fr\\\/\"},{\"@type\":\"ListItem\",\"position\":2,\"name\":\"Mestdagh investit \u20ac 25 millions dans l\u2019extension de son centre de distribution\"}]},{\"@type\":\"WebSite\",\"@id\":\"https:\\\/\\\/www.retaildetail.be\\\/nl\\\/#website\",\"url\":\"https:\\\/\\\/www.retaildetail.be\\\/nl\\\/\",\"name\":\"RetailDetail BE\",\"description\":\"News\",\"publisher\":{\"@id\":\"https:\\\/\\\/www.retaildetail.be\\\/nl\\\/#organization\"},\"potentialAction\":[{\"@type\":\"SearchAction\",\"target\":{\"@type\":\"EntryPoint\",\"urlTemplate\":\"https:\\\/\\\/www.retaildetail.be\\\/nl\\\/?s={search_term_string}\"},\"query-input\":{\"@type\":\"PropertyValueSpecification\",\"valueRequired\":true,\"valueName\":\"search_term_string\"}}],\"inLanguage\":\"fr-FR\"},{\"@type\":\"Organization\",\"@id\":\"https:\\\/\\\/www.retaildetail.be\\\/nl\\\/#organization\",\"name\":\"RetailDetail BE\",\"url\":\"https:\\\/\\\/www.retaildetail.be\\\/nl\\\/\",\"logo\":{\"@type\":\"ImageObject\",\"inLanguage\":\"fr-FR\",\"@id\":\"https:\\\/\\\/www.retaildetail.be\\\/nl\\\/#\\\/schema\\\/logo\\\/image\\\/\",\"url\":\"https:\\\/\\\/www.retaildetail.be\\\/wp-content\\\/uploads\\\/2022\\\/04\\\/logo.svg\",\"contentUrl\":\"https:\\\/\\\/www.retaildetail.be\\\/wp-content\\\/uploads\\\/2022\\\/04\\\/logo.svg\",\"width\":131,\"height\":70,\"caption\":\"RetailDetail BE\"},\"image\":{\"@id\":\"https:\\\/\\\/www.retaildetail.be\\\/nl\\\/#\\\/schema\\\/logo\\\/image\\\/\"}},{\"@type\":\"Person\",\"@id\":\"https:\\\/\\\/www.retaildetail.be\\\/nl\\\/#\\\/schema\\\/person\\\/ba2d383452a753a3a1ce8cdb349b5fc9\",\"name\":\"dev@grandiz.com\",\"image\":{\"@type\":\"ImageObject\",\"inLanguage\":\"fr-FR\",\"@id\":\"https:\\\/\\\/secure.gravatar.com\\\/avatar\\\/5f53ce9fb6eed4a60e5aaaa712be8773880fa9459d9cac9bc4aa4fdbce3f447f?s=96&d=mm&r=g\",\"url\":\"https:\\\/\\\/secure.gravatar.com\\\/avatar\\\/5f53ce9fb6eed4a60e5aaaa712be8773880fa9459d9cac9bc4aa4fdbce3f447f?s=96&d=mm&r=g\",\"contentUrl\":\"https:\\\/\\\/secure.gravatar.com\\\/avatar\\\/5f53ce9fb6eed4a60e5aaaa712be8773880fa9459d9cac9bc4aa4fdbce3f447f?s=96&d=mm&r=g\",\"caption\":\"dev@grandiz.com\"},\"sameAs\":[\"http:\\\/\\\/preprod.retaildetail.be\"],\"url\":\"https:\\\/\\\/www.retaildetail.be\\\/fr\\\/author\\\/devgrandiz-com\\\/\"}]}<\/script>\n<!-- \/ Yoast SEO plugin. -->","yoast_head_json":{"title":"Mestdagh investit \u20ac 25 millions dans l\u2019extension de son centre de distribution - RetailDetail BE","robots":{"index":"index","follow":"follow","max-snippet":"max-snippet:-1","max-image-preview":"max-image-preview:large","max-video-preview":"max-video-preview:-1"},"canonical":"https:\/\/www.retaildetail.be\/fr\/news\/food\/mestdagh-investit-e-25-millions-dans-lextension-de-son-centre-de-distribution\/","og_locale":"fr_FR","og_type":"article","og_title":"Mestdagh investit \u20ac 25 millions dans l\u2019extension de son centre de distribution - RetailDetail BE","og_description":"Croissance pass\u00e9e et future Actuellement Mestdagh exploite 83 supermarch\u00e9s\u00a0 d\u2019une surface de 1.000 \u00e0 2.500 m\u00b2, situ\u00e9s principalement en Wallonie et autour de Bruxelles. Parmi ceux-ci, seize magasins sont des anciens Carrefour repris en 2010, le reste op\u00e8re sous l\u2019enseigne Champion. D\u2019ici l\u2019\u00e9t\u00e9 2013 les 83 magasins devraient \u00eatre transform\u00e9s en Carrefour Markets. Dans le [&hellip;]","og_url":"https:\/\/www.retaildetail.be\/fr\/news\/food\/mestdagh-investit-e-25-millions-dans-lextension-de-son-centre-de-distribution\/","og_site_name":"RetailDetail BE","article_published_time":"2012-12-14T15:18:52+00:00","og_image":[{"width":281,"height":147,"url":"https:\/\/i0.wp.com\/www.retaildetail.be\/wp-content\/uploads\/2022\/04\/logo.png?fit=281%2C147&quality=100&strip=all&ssl=1","type":"image\/png"}],"author":"dev@grandiz.com","twitter_card":"summary_large_image","twitter_misc":{"\u00c9crit par":"dev@grandiz.com","Dur\u00e9e de lecture estim\u00e9e":"1 minute"},"schema":{"@context":"https:\/\/schema.org","@graph":[{"@type":"NewsArticle","@id":"https:\/\/www.retaildetail.be\/fr\/news\/food\/mestdagh-investit-e-25-millions-dans-lextension-de-son-centre-de-distribution\/#article","isPartOf":{"@id":"https:\/\/www.retaildetail.be\/fr\/news\/food\/mestdagh-investit-e-25-millions-dans-lextension-de-son-centre-de-distribution\/"},"author":{"name":"dev@grandiz.com","@id":"https:\/\/www.retaildetail.be\/nl\/#\/schema\/person\/ba2d383452a753a3a1ce8cdb349b5fc9"},"headline":"Mestdagh investit \u20ac 25 millions dans l\u2019extension de son centre de distribution","datePublished":"2012-12-14T15:18:52+00:00","mainEntityOfPage":{"@id":"https:\/\/www.retaildetail.be\/fr\/news\/food\/mestdagh-investit-e-25-millions-dans-lextension-de-son-centre-de-distribution\/"},"wordCount":282,"publisher":{"@id":"https:\/\/www.retaildetail.be\/nl\/#organization"},"image":{"@id":"https:\/\/www.retaildetail.be\/fr\/news\/food\/mestdagh-investit-e-25-millions-dans-lextension-de-son-centre-de-distribution\/#primaryimage"},"thumbnailUrl":"https:\/\/www.retaildetail.be\/wp-content\/uploads\/2022\/04\/logo.png","articleSection":["Food"],"inLanguage":"fr-FR","copyrightYear":"2012","copyrightHolder":{"@id":"https:\/\/www.retaildetail.be\/#organization"}},{"@type":"WebPage","@id":"https:\/\/www.retaildetail.be\/fr\/news\/food\/mestdagh-investit-e-25-millions-dans-lextension-de-son-centre-de-distribution\/","url":"https:\/\/www.retaildetail.be\/fr\/news\/food\/mestdagh-investit-e-25-millions-dans-lextension-de-son-centre-de-distribution\/","name":"Mestdagh investit \u20ac 25 millions dans l\u2019extension de son centre de distribution - RetailDetail BE","isPartOf":{"@id":"https:\/\/www.retaildetail.be\/nl\/#website"},"primaryImageOfPage":{"@id":"https:\/\/www.retaildetail.be\/fr\/news\/food\/mestdagh-investit-e-25-millions-dans-lextension-de-son-centre-de-distribution\/#primaryimage"},"image":{"@id":"https:\/\/www.retaildetail.be\/fr\/news\/food\/mestdagh-investit-e-25-millions-dans-lextension-de-son-centre-de-distribution\/#primaryimage"},"thumbnailUrl":"https:\/\/www.retaildetail.be\/wp-content\/uploads\/2022\/04\/logo.png","datePublished":"2012-12-14T15:18:52+00:00","breadcrumb":{"@id":"https:\/\/www.retaildetail.be\/fr\/news\/food\/mestdagh-investit-e-25-millions-dans-lextension-de-son-centre-de-distribution\/#breadcrumb"},"inLanguage":"fr-FR","potentialAction":[{"@type":"ReadAction","target":["https:\/\/www.retaildetail.be\/fr\/news\/food\/mestdagh-investit-e-25-millions-dans-lextension-de-son-centre-de-distribution\/"]}]},{"@type":"ImageObject","inLanguage":"fr-FR","@id":"https:\/\/www.retaildetail.be\/fr\/news\/food\/mestdagh-investit-e-25-millions-dans-lextension-de-son-centre-de-distribution\/#primaryimage","url":"https:\/\/www.retaildetail.be\/wp-content\/uploads\/2022\/04\/logo.png","contentUrl":"https:\/\/www.retaildetail.be\/wp-content\/uploads\/2022\/04\/logo.png","width":281,"height":147},{"@type":"BreadcrumbList","@id":"https:\/\/www.retaildetail.be\/fr\/news\/food\/mestdagh-investit-e-25-millions-dans-lextension-de-son-centre-de-distribution\/#breadcrumb","itemListElement":[{"@type":"ListItem","position":1,"name":"Home","item":"https:\/\/www.retaildetail.be\/fr\/"},{"@type":"ListItem","position":2,"name":"Mestdagh investit \u20ac 25 millions dans l\u2019extension de son centre de distribution"}]},{"@type":"WebSite","@id":"https:\/\/www.retaildetail.be\/nl\/#website","url":"https:\/\/www.retaildetail.be\/nl\/","name":"RetailDetail BE","description":"News","publisher":{"@id":"https:\/\/www.retaildetail.be\/nl\/#organization"},"potentialAction":[{"@type":"SearchAction","target":{"@type":"EntryPoint","urlTemplate":"https:\/\/www.retaildetail.be\/nl\/?s={search_term_string}"},"query-input":{"@type":"PropertyValueSpecification","valueRequired":true,"valueName":"search_term_string"}}],"inLanguage":"fr-FR"},{"@type":"Organization","@id":"https:\/\/www.retaildetail.be\/nl\/#organization","name":"RetailDetail BE","url":"https:\/\/www.retaildetail.be\/nl\/","logo":{"@type":"ImageObject","inLanguage":"fr-FR","@id":"https:\/\/www.retaildetail.be\/nl\/#\/schema\/logo\/image\/","url":"https:\/\/www.retaildetail.be\/wp-content\/uploads\/2022\/04\/logo.svg","contentUrl":"https:\/\/www.retaildetail.be\/wp-content\/uploads\/2022\/04\/logo.svg","width":131,"height":70,"caption":"RetailDetail BE"},"image":{"@id":"https:\/\/www.retaildetail.be\/nl\/#\/schema\/logo\/image\/"}},{"@type":"Person","@id":"https:\/\/www.retaildetail.be\/nl\/#\/schema\/person\/ba2d383452a753a3a1ce8cdb349b5fc9","name":"dev@grandiz.com","image":{"@type":"ImageObject","inLanguage":"fr-FR","@id":"https:\/\/secure.gravatar.com\/avatar\/5f53ce9fb6eed4a60e5aaaa712be8773880fa9459d9cac9bc4aa4fdbce3f447f?s=96&d=mm&r=g","url":"https:\/\/secure.gravatar.com\/avatar\/5f53ce9fb6eed4a60e5aaaa712be8773880fa9459d9cac9bc4aa4fdbce3f447f?s=96&d=mm&r=g","contentUrl":"https:\/\/secure.gravatar.com\/avatar\/5f53ce9fb6eed4a60e5aaaa712be8773880fa9459d9cac9bc4aa4fdbce3f447f?s=96&d=mm&r=g","caption":"dev@grandiz.com"},"sameAs":["http:\/\/preprod.retaildetail.be"],"url":"https:\/\/www.retaildetail.be\/fr\/author\/devgrandiz-com\/"}]}},"jetpack_featured_media_url":"https:\/\/www.retaildetail.be\/wp-content\/uploads\/2022\/04\/logo.png","jetpack_sharing_enabled":true,"_links":{"self":[{"href":"https:\/\/www.retaildetail.be\/fr\/wp-json\/wp\/v2\/posts\/2430","targetHints":{"allow":["GET"]}}],"collection":[{"href":"https:\/\/www.retaildetail.be\/fr\/wp-json\/wp\/v2\/posts"}],"about":[{"href":"https:\/\/www.retaildetail.be\/fr\/wp-json\/wp\/v2\/types\/post"}],"author":[{"embeddable":true,"href":"https:\/\/www.retaildetail.be\/fr\/wp-json\/wp\/v2\/users\/1"}],"replies":[{"embeddable":true,"href":"https:\/\/www.retaildetail.be\/fr\/wp-json\/wp\/v2\/comments?post=2430"}],"version-history":[{"count":0,"href":"https:\/\/www.retaildetail.be\/fr\/wp-json\/wp\/v2\/posts\/2430\/revisions"}],"wp:featuredmedia":[{"embeddable":true,"href":"https:\/\/www.retaildetail.be\/fr\/wp-json\/wp\/v2\/media\/84"}],"wp:attachment":[{"href":"https:\/\/www.retaildetail.be\/fr\/wp-json\/wp\/v2\/media?parent=2430"}],"wp:term":[{"taxonomy":"category","embeddable":true,"href":"https:\/\/www.retaildetail.be\/fr\/wp-json\/wp\/v2\/categories?post=2430"},{"taxonomy":"post_tag","embeddable":true,"href":"https:\/\/www.retaildetail.be\/fr\/wp-json\/wp\/v2\/tags?post=2430"},{"taxonomy":"people","embeddable":true,"href":"https:\/\/www.retaildetail.be\/fr\/wp-json\/wp\/v2\/people?post=2430"},{"taxonomy":"extra","embeddable":true,"href":"https:\/\/www.retaildetail.be\/fr\/wp-json\/wp\/v2\/extra?post=2430"},{"taxonomy":"company","embeddable":true,"href":"https:\/\/www.retaildetail.be\/fr\/wp-json\/wp\/v2\/company?post=2430"},{"taxonomy":"topic","embeddable":true,"href":"https:\/\/www.retaildetail.be\/fr\/wp-json\/wp\/v2\/topic?post=2430"},{"taxonomy":"region","embeddable":true,"href":"https:\/\/www.retaildetail.be\/fr\/wp-json\/wp\/v2\/region?post=2430"}],"curies":[{"name":"wp","href":"https:\/\/api.w.org\/{rel}","templated":true}]}}