{"id":2450,"date":"2012-12-19T09:20:33","date_gmt":"2012-12-19T09:20:33","guid":{"rendered":"https:\/\/www.retaildetail.be\/food\/lidl-rachete-cinq-magasins-ocool\/"},"modified":"2012-12-19T09:20:33","modified_gmt":"2012-12-19T09:20:33","slug":"lidl-rachete-cinq-magasins-ocool","status":"publish","type":"post","link":"https:\/\/www.retaildetail.be\/fr\/news\/food\/lidl-rachete-cinq-magasins-ocool\/","title":{"rendered":"Lidl rach\u00e8te cinq magasins O\u2019Cool"},"content":{"rendered":"<h2>Une trentaine de magasins repris et cinq fermetures<\/h2>\n<p>Apr\u00e8s <a target=\"_blank\" href=\"nl\/f-belgique\/bgq-alimentation\/item\/14768-carrefour-market-reprend-treize-magasins-o%E2%80%99cool\" rel=\"noopener\">Carrefour, qui a repris treize points de vente <\/a>et le groupe <a target=\"_blank\" href=\"nl\/f-belgique\/bgq-alimentation\/item\/14895-colruyt-rach%C3%A8te-7-points-de-vente-o%E2%80%99cool\" rel=\"noopener\">Colruyt qui en a rachet\u00e9 sept<\/a>, \u00e0 pr\u00e9sent c\u2019est le discounter <strong>Lidl qui acquiert cinq magasins O\u2019Cool<\/strong>. Il s\u2019agit des points de vente situ\u00e9s \u00e0 Alost (Aelbrechtstraat), Dison, Herentals, Houthalen et Nijlen. \u00ab L\u2019affaire est quasiment conclue \u00bb, commente le syndicat CGSLB.<\/p>\n<p>Lidl pour sa part a confirm\u00e9 la nouvelle : \u00ab Nous entamerons les travaux de r\u00e9novation aussi vite que possible et <strong>esp\u00e9rons pouvoir ouvrir les nouveaux magasins dans la deuxi\u00e8me moiti\u00e9 de 2013<\/strong> \u00bb, indique-t-on u si\u00e8ge central de Merelbeke.<\/p>\n<p>Selon le syndicat lib\u00e9ral, des <strong>discussions seraient en cours avec Colruyt en vue de\u00a0 l\u2019acquisition de six magasins suppl\u00e9mentaires<\/strong> : \u00e0\u00a0 Aubel, Boussu, Lanaken, Nivelles, Oosterzele et Sprimont. Colruyt pour sa part confirme \u00eatre en pourparlers avec O\u2019Cool, sans pr\u00e9ciser pour autant le nombre, ni les emplacements des magasins. D\u2019autre part cinq magasins (sur les\u00a0 106 au total) auraient ferm\u00e9 leurs portes \u00e0 Bouge, Deinze, Houthalen, Jodoigne et Tamise.<\/p>\n<h2>\n<br \/>Journ\u00e9e d\u2019action au mois de janvier<\/h2>\n<p>A pr\u00e9sent les syndicats mettent la pression sur la direction d\u2019O\u2019Cool et <strong>menace de mener une journ\u00e9e d\u2019action au mois de janvier<\/strong> si le management ne se met pas rapidement autour de la table pour n\u00e9gocier avec les syndicats. \u00ab Nous avons demand\u00e9 une concertation par lettre recommand\u00e9e, car par simple courrier nous n\u2019obtenons pas de r\u00e9ponse \u00bb, affirme le CGSLB.\u00a0 \u00ab Nous avons fait r\u00e9f\u00e9rence \u00e0 la r\u00e8glementation qui les oblige \u00e0 n\u00e9gocier dans un d\u00e9lai de deux semaines, mais selon eux cette r\u00e8glementation\u00a0 n\u2019est pas d\u2019application. \u00bb<\/p>\n<p>La direction d\u2019O\u2019Cool <strong>ne souhaite pas de concertation avant le 15 janvier,<\/strong> pr\u00e9cise le CGSLB. Le syndicat craint que d\u2019ici l\u00e0 d\u2019autres magasins seront repris \u00ab sans que nous puissions obtenir suffisamment de garanties pour le personnel. \u00bb<\/p>\n<p>\u00a0<\/p>\n<p>\u00a0<\/p>\n<p><em>Traduction : Marie-No\u00eblle Masure<\/em><\/p>\n","protected":false},"excerpt":{"rendered":"<p>Une trentaine de magasins repris et cinq fermetures Apr\u00e8s Carrefour, qui a repris treize points de vente et le groupe Colruyt qui en a rachet\u00e9 sept, \u00e0 pr\u00e9sent c\u2019est le discounter Lidl qui acquiert cinq magasins O\u2019Cool. Il s\u2019agit des points de vente situ\u00e9s \u00e0 Alost (Aelbrechtstraat), Dison, Herentals, Houthalen et Nijlen. \u00ab L\u2019affaire est [&hellip;]<\/p>\n","protected":false},"author":1,"featured_media":84,"comment_status":"closed","ping_status":"closed","sticky":false,"template":"","format":"standard","meta":{"_acf_changed":false,"inline_featured_image":false,"_jetpack_memberships_contains_paid_content":false,"footnotes":""},"categories":[24],"tags":[],"people":[],"extra":[],"company":[],"topic":[],"region":[],"class_list":["post-2450","post","type-post","status-publish","format-standard","has-post-thumbnail","hentry","category-food"],"acf":[],"yoast_head":"<!-- This site is optimized with the Yoast SEO plugin v27.3 - https:\/\/yoast.com\/product\/yoast-seo-wordpress\/ -->\n<title>Lidl rach\u00e8te cinq magasins O\u2019Cool - RetailDetail BE<\/title>\n<meta name=\"robots\" content=\"index, follow, max-snippet:-1, max-image-preview:large, max-video-preview:-1\" \/>\n<link rel=\"canonical\" href=\"https:\/\/www.retaildetail.be\/fr\/news\/food\/lidl-rachete-cinq-magasins-ocool\/\" \/>\n<meta property=\"og:locale\" content=\"fr_FR\" \/>\n<meta property=\"og:type\" content=\"article\" \/>\n<meta property=\"og:title\" content=\"Lidl rach\u00e8te cinq magasins O\u2019Cool - RetailDetail BE\" \/>\n<meta property=\"og:description\" content=\"Une trentaine de magasins repris et cinq fermetures Apr\u00e8s Carrefour, qui a repris treize points de vente et le groupe Colruyt qui en a rachet\u00e9 sept, \u00e0 pr\u00e9sent c\u2019est le discounter Lidl qui acquiert cinq magasins O\u2019Cool. Il s\u2019agit des points de vente situ\u00e9s \u00e0 Alost (Aelbrechtstraat), Dison, Herentals, Houthalen et Nijlen. \u00ab L\u2019affaire est [&hellip;]\" \/>\n<meta property=\"og:url\" content=\"https:\/\/www.retaildetail.be\/fr\/news\/food\/lidl-rachete-cinq-magasins-ocool\/\" \/>\n<meta property=\"og:site_name\" content=\"RetailDetail BE\" \/>\n<meta property=\"article:published_time\" content=\"2012-12-19T09:20:33+00:00\" \/>\n<meta property=\"og:image\" content=\"https:\/\/i0.wp.com\/www.retaildetail.be\/wp-content\/uploads\/2022\/04\/logo.png?fit=281%2C147&quality=100&strip=all&ssl=1\" \/>\n\t<meta property=\"og:image:width\" content=\"281\" \/>\n\t<meta property=\"og:image:height\" content=\"147\" \/>\n\t<meta property=\"og:image:type\" content=\"image\/png\" \/>\n<meta name=\"author\" content=\"dev@grandiz.com\" \/>\n<meta name=\"twitter:card\" content=\"summary_large_image\" \/>\n<meta name=\"twitter:label1\" content=\"\u00c9crit par\" \/>\n\t<meta name=\"twitter:data1\" content=\"dev@grandiz.com\" \/>\n\t<meta name=\"twitter:label2\" content=\"Dur\u00e9e de lecture estim\u00e9e\" \/>\n\t<meta name=\"twitter:data2\" content=\"2 minutes\" \/>\n<script type=\"application\/ld+json\" class=\"yoast-schema-graph\">{\"@context\":\"https:\\\/\\\/schema.org\",\"@graph\":[{\"@type\":\"NewsArticle\",\"@id\":\"https:\\\/\\\/www.retaildetail.be\\\/fr\\\/news\\\/food\\\/lidl-rachete-cinq-magasins-ocool\\\/#article\",\"isPartOf\":{\"@id\":\"https:\\\/\\\/www.retaildetail.be\\\/fr\\\/news\\\/food\\\/lidl-rachete-cinq-magasins-ocool\\\/\"},\"author\":{\"name\":\"dev@grandiz.com\",\"@id\":\"https:\\\/\\\/www.retaildetail.be\\\/nl\\\/#\\\/schema\\\/person\\\/ba2d383452a753a3a1ce8cdb349b5fc9\"},\"headline\":\"Lidl rach\u00e8te cinq magasins O\u2019Cool\",\"datePublished\":\"2012-12-19T09:20:33+00:00\",\"mainEntityOfPage\":{\"@id\":\"https:\\\/\\\/www.retaildetail.be\\\/fr\\\/news\\\/food\\\/lidl-rachete-cinq-magasins-ocool\\\/\"},\"wordCount\":335,\"publisher\":{\"@id\":\"https:\\\/\\\/www.retaildetail.be\\\/nl\\\/#organization\"},\"image\":{\"@id\":\"https:\\\/\\\/www.retaildetail.be\\\/fr\\\/news\\\/food\\\/lidl-rachete-cinq-magasins-ocool\\\/#primaryimage\"},\"thumbnailUrl\":\"https:\\\/\\\/www.retaildetail.be\\\/wp-content\\\/uploads\\\/2022\\\/04\\\/logo.png\",\"articleSection\":[\"Food\"],\"inLanguage\":\"fr-FR\",\"copyrightYear\":\"2012\",\"copyrightHolder\":{\"@id\":\"https:\\\/\\\/www.retaildetail.be\\\/#organization\"}},{\"@type\":\"WebPage\",\"@id\":\"https:\\\/\\\/www.retaildetail.be\\\/fr\\\/news\\\/food\\\/lidl-rachete-cinq-magasins-ocool\\\/\",\"url\":\"https:\\\/\\\/www.retaildetail.be\\\/fr\\\/news\\\/food\\\/lidl-rachete-cinq-magasins-ocool\\\/\",\"name\":\"Lidl rach\u00e8te cinq magasins O\u2019Cool - RetailDetail BE\",\"isPartOf\":{\"@id\":\"https:\\\/\\\/www.retaildetail.be\\\/nl\\\/#website\"},\"primaryImageOfPage\":{\"@id\":\"https:\\\/\\\/www.retaildetail.be\\\/fr\\\/news\\\/food\\\/lidl-rachete-cinq-magasins-ocool\\\/#primaryimage\"},\"image\":{\"@id\":\"https:\\\/\\\/www.retaildetail.be\\\/fr\\\/news\\\/food\\\/lidl-rachete-cinq-magasins-ocool\\\/#primaryimage\"},\"thumbnailUrl\":\"https:\\\/\\\/www.retaildetail.be\\\/wp-content\\\/uploads\\\/2022\\\/04\\\/logo.png\",\"datePublished\":\"2012-12-19T09:20:33+00:00\",\"breadcrumb\":{\"@id\":\"https:\\\/\\\/www.retaildetail.be\\\/fr\\\/news\\\/food\\\/lidl-rachete-cinq-magasins-ocool\\\/#breadcrumb\"},\"inLanguage\":\"fr-FR\",\"potentialAction\":[{\"@type\":\"ReadAction\",\"target\":[\"https:\\\/\\\/www.retaildetail.be\\\/fr\\\/news\\\/food\\\/lidl-rachete-cinq-magasins-ocool\\\/\"]}]},{\"@type\":\"ImageObject\",\"inLanguage\":\"fr-FR\",\"@id\":\"https:\\\/\\\/www.retaildetail.be\\\/fr\\\/news\\\/food\\\/lidl-rachete-cinq-magasins-ocool\\\/#primaryimage\",\"url\":\"https:\\\/\\\/www.retaildetail.be\\\/wp-content\\\/uploads\\\/2022\\\/04\\\/logo.png\",\"contentUrl\":\"https:\\\/\\\/www.retaildetail.be\\\/wp-content\\\/uploads\\\/2022\\\/04\\\/logo.png\",\"width\":281,\"height\":147},{\"@type\":\"BreadcrumbList\",\"@id\":\"https:\\\/\\\/www.retaildetail.be\\\/fr\\\/news\\\/food\\\/lidl-rachete-cinq-magasins-ocool\\\/#breadcrumb\",\"itemListElement\":[{\"@type\":\"ListItem\",\"position\":1,\"name\":\"Home\",\"item\":\"https:\\\/\\\/www.retaildetail.be\\\/fr\\\/\"},{\"@type\":\"ListItem\",\"position\":2,\"name\":\"Lidl rach\u00e8te cinq magasins O\u2019Cool\"}]},{\"@type\":\"WebSite\",\"@id\":\"https:\\\/\\\/www.retaildetail.be\\\/nl\\\/#website\",\"url\":\"https:\\\/\\\/www.retaildetail.be\\\/nl\\\/\",\"name\":\"RetailDetail BE\",\"description\":\"News\",\"publisher\":{\"@id\":\"https:\\\/\\\/www.retaildetail.be\\\/nl\\\/#organization\"},\"potentialAction\":[{\"@type\":\"SearchAction\",\"target\":{\"@type\":\"EntryPoint\",\"urlTemplate\":\"https:\\\/\\\/www.retaildetail.be\\\/nl\\\/?s={search_term_string}\"},\"query-input\":{\"@type\":\"PropertyValueSpecification\",\"valueRequired\":true,\"valueName\":\"search_term_string\"}}],\"inLanguage\":\"fr-FR\"},{\"@type\":\"Organization\",\"@id\":\"https:\\\/\\\/www.retaildetail.be\\\/nl\\\/#organization\",\"name\":\"RetailDetail BE\",\"url\":\"https:\\\/\\\/www.retaildetail.be\\\/nl\\\/\",\"logo\":{\"@type\":\"ImageObject\",\"inLanguage\":\"fr-FR\",\"@id\":\"https:\\\/\\\/www.retaildetail.be\\\/nl\\\/#\\\/schema\\\/logo\\\/image\\\/\",\"url\":\"https:\\\/\\\/www.retaildetail.be\\\/wp-content\\\/uploads\\\/2022\\\/04\\\/logo.svg\",\"contentUrl\":\"https:\\\/\\\/www.retaildetail.be\\\/wp-content\\\/uploads\\\/2022\\\/04\\\/logo.svg\",\"width\":131,\"height\":70,\"caption\":\"RetailDetail BE\"},\"image\":{\"@id\":\"https:\\\/\\\/www.retaildetail.be\\\/nl\\\/#\\\/schema\\\/logo\\\/image\\\/\"}},{\"@type\":\"Person\",\"@id\":\"https:\\\/\\\/www.retaildetail.be\\\/nl\\\/#\\\/schema\\\/person\\\/ba2d383452a753a3a1ce8cdb349b5fc9\",\"name\":\"dev@grandiz.com\",\"image\":{\"@type\":\"ImageObject\",\"inLanguage\":\"fr-FR\",\"@id\":\"https:\\\/\\\/secure.gravatar.com\\\/avatar\\\/5f53ce9fb6eed4a60e5aaaa712be8773880fa9459d9cac9bc4aa4fdbce3f447f?s=96&d=mm&r=g\",\"url\":\"https:\\\/\\\/secure.gravatar.com\\\/avatar\\\/5f53ce9fb6eed4a60e5aaaa712be8773880fa9459d9cac9bc4aa4fdbce3f447f?s=96&d=mm&r=g\",\"contentUrl\":\"https:\\\/\\\/secure.gravatar.com\\\/avatar\\\/5f53ce9fb6eed4a60e5aaaa712be8773880fa9459d9cac9bc4aa4fdbce3f447f?s=96&d=mm&r=g\",\"caption\":\"dev@grandiz.com\"},\"sameAs\":[\"http:\\\/\\\/preprod.retaildetail.be\"],\"url\":\"https:\\\/\\\/www.retaildetail.be\\\/fr\\\/author\\\/devgrandiz-com\\\/\"}]}<\/script>\n<!-- \/ Yoast SEO plugin. -->","yoast_head_json":{"title":"Lidl rach\u00e8te cinq magasins O\u2019Cool - RetailDetail BE","robots":{"index":"index","follow":"follow","max-snippet":"max-snippet:-1","max-image-preview":"max-image-preview:large","max-video-preview":"max-video-preview:-1"},"canonical":"https:\/\/www.retaildetail.be\/fr\/news\/food\/lidl-rachete-cinq-magasins-ocool\/","og_locale":"fr_FR","og_type":"article","og_title":"Lidl rach\u00e8te cinq magasins O\u2019Cool - RetailDetail BE","og_description":"Une trentaine de magasins repris et cinq fermetures Apr\u00e8s Carrefour, qui a repris treize points de vente et le groupe Colruyt qui en a rachet\u00e9 sept, \u00e0 pr\u00e9sent c\u2019est le discounter Lidl qui acquiert cinq magasins O\u2019Cool. Il s\u2019agit des points de vente situ\u00e9s \u00e0 Alost (Aelbrechtstraat), Dison, Herentals, Houthalen et Nijlen. \u00ab L\u2019affaire est [&hellip;]","og_url":"https:\/\/www.retaildetail.be\/fr\/news\/food\/lidl-rachete-cinq-magasins-ocool\/","og_site_name":"RetailDetail BE","article_published_time":"2012-12-19T09:20:33+00:00","og_image":[{"width":281,"height":147,"url":"https:\/\/i0.wp.com\/www.retaildetail.be\/wp-content\/uploads\/2022\/04\/logo.png?fit=281%2C147&quality=100&strip=all&ssl=1","type":"image\/png"}],"author":"dev@grandiz.com","twitter_card":"summary_large_image","twitter_misc":{"\u00c9crit par":"dev@grandiz.com","Dur\u00e9e de lecture estim\u00e9e":"2 minutes"},"schema":{"@context":"https:\/\/schema.org","@graph":[{"@type":"NewsArticle","@id":"https:\/\/www.retaildetail.be\/fr\/news\/food\/lidl-rachete-cinq-magasins-ocool\/#article","isPartOf":{"@id":"https:\/\/www.retaildetail.be\/fr\/news\/food\/lidl-rachete-cinq-magasins-ocool\/"},"author":{"name":"dev@grandiz.com","@id":"https:\/\/www.retaildetail.be\/nl\/#\/schema\/person\/ba2d383452a753a3a1ce8cdb349b5fc9"},"headline":"Lidl rach\u00e8te cinq magasins O\u2019Cool","datePublished":"2012-12-19T09:20:33+00:00","mainEntityOfPage":{"@id":"https:\/\/www.retaildetail.be\/fr\/news\/food\/lidl-rachete-cinq-magasins-ocool\/"},"wordCount":335,"publisher":{"@id":"https:\/\/www.retaildetail.be\/nl\/#organization"},"image":{"@id":"https:\/\/www.retaildetail.be\/fr\/news\/food\/lidl-rachete-cinq-magasins-ocool\/#primaryimage"},"thumbnailUrl":"https:\/\/www.retaildetail.be\/wp-content\/uploads\/2022\/04\/logo.png","articleSection":["Food"],"inLanguage":"fr-FR","copyrightYear":"2012","copyrightHolder":{"@id":"https:\/\/www.retaildetail.be\/#organization"}},{"@type":"WebPage","@id":"https:\/\/www.retaildetail.be\/fr\/news\/food\/lidl-rachete-cinq-magasins-ocool\/","url":"https:\/\/www.retaildetail.be\/fr\/news\/food\/lidl-rachete-cinq-magasins-ocool\/","name":"Lidl rach\u00e8te cinq magasins O\u2019Cool - RetailDetail BE","isPartOf":{"@id":"https:\/\/www.retaildetail.be\/nl\/#website"},"primaryImageOfPage":{"@id":"https:\/\/www.retaildetail.be\/fr\/news\/food\/lidl-rachete-cinq-magasins-ocool\/#primaryimage"},"image":{"@id":"https:\/\/www.retaildetail.be\/fr\/news\/food\/lidl-rachete-cinq-magasins-ocool\/#primaryimage"},"thumbnailUrl":"https:\/\/www.retaildetail.be\/wp-content\/uploads\/2022\/04\/logo.png","datePublished":"2012-12-19T09:20:33+00:00","breadcrumb":{"@id":"https:\/\/www.retaildetail.be\/fr\/news\/food\/lidl-rachete-cinq-magasins-ocool\/#breadcrumb"},"inLanguage":"fr-FR","potentialAction":[{"@type":"ReadAction","target":["https:\/\/www.retaildetail.be\/fr\/news\/food\/lidl-rachete-cinq-magasins-ocool\/"]}]},{"@type":"ImageObject","inLanguage":"fr-FR","@id":"https:\/\/www.retaildetail.be\/fr\/news\/food\/lidl-rachete-cinq-magasins-ocool\/#primaryimage","url":"https:\/\/www.retaildetail.be\/wp-content\/uploads\/2022\/04\/logo.png","contentUrl":"https:\/\/www.retaildetail.be\/wp-content\/uploads\/2022\/04\/logo.png","width":281,"height":147},{"@type":"BreadcrumbList","@id":"https:\/\/www.retaildetail.be\/fr\/news\/food\/lidl-rachete-cinq-magasins-ocool\/#breadcrumb","itemListElement":[{"@type":"ListItem","position":1,"name":"Home","item":"https:\/\/www.retaildetail.be\/fr\/"},{"@type":"ListItem","position":2,"name":"Lidl rach\u00e8te cinq magasins O\u2019Cool"}]},{"@type":"WebSite","@id":"https:\/\/www.retaildetail.be\/nl\/#website","url":"https:\/\/www.retaildetail.be\/nl\/","name":"RetailDetail BE","description":"News","publisher":{"@id":"https:\/\/www.retaildetail.be\/nl\/#organization"},"potentialAction":[{"@type":"SearchAction","target":{"@type":"EntryPoint","urlTemplate":"https:\/\/www.retaildetail.be\/nl\/?s={search_term_string}"},"query-input":{"@type":"PropertyValueSpecification","valueRequired":true,"valueName":"search_term_string"}}],"inLanguage":"fr-FR"},{"@type":"Organization","@id":"https:\/\/www.retaildetail.be\/nl\/#organization","name":"RetailDetail BE","url":"https:\/\/www.retaildetail.be\/nl\/","logo":{"@type":"ImageObject","inLanguage":"fr-FR","@id":"https:\/\/www.retaildetail.be\/nl\/#\/schema\/logo\/image\/","url":"https:\/\/www.retaildetail.be\/wp-content\/uploads\/2022\/04\/logo.svg","contentUrl":"https:\/\/www.retaildetail.be\/wp-content\/uploads\/2022\/04\/logo.svg","width":131,"height":70,"caption":"RetailDetail BE"},"image":{"@id":"https:\/\/www.retaildetail.be\/nl\/#\/schema\/logo\/image\/"}},{"@type":"Person","@id":"https:\/\/www.retaildetail.be\/nl\/#\/schema\/person\/ba2d383452a753a3a1ce8cdb349b5fc9","name":"dev@grandiz.com","image":{"@type":"ImageObject","inLanguage":"fr-FR","@id":"https:\/\/secure.gravatar.com\/avatar\/5f53ce9fb6eed4a60e5aaaa712be8773880fa9459d9cac9bc4aa4fdbce3f447f?s=96&d=mm&r=g","url":"https:\/\/secure.gravatar.com\/avatar\/5f53ce9fb6eed4a60e5aaaa712be8773880fa9459d9cac9bc4aa4fdbce3f447f?s=96&d=mm&r=g","contentUrl":"https:\/\/secure.gravatar.com\/avatar\/5f53ce9fb6eed4a60e5aaaa712be8773880fa9459d9cac9bc4aa4fdbce3f447f?s=96&d=mm&r=g","caption":"dev@grandiz.com"},"sameAs":["http:\/\/preprod.retaildetail.be"],"url":"https:\/\/www.retaildetail.be\/fr\/author\/devgrandiz-com\/"}]}},"jetpack_featured_media_url":"https:\/\/www.retaildetail.be\/wp-content\/uploads\/2022\/04\/logo.png","jetpack_sharing_enabled":true,"_links":{"self":[{"href":"https:\/\/www.retaildetail.be\/fr\/wp-json\/wp\/v2\/posts\/2450","targetHints":{"allow":["GET"]}}],"collection":[{"href":"https:\/\/www.retaildetail.be\/fr\/wp-json\/wp\/v2\/posts"}],"about":[{"href":"https:\/\/www.retaildetail.be\/fr\/wp-json\/wp\/v2\/types\/post"}],"author":[{"embeddable":true,"href":"https:\/\/www.retaildetail.be\/fr\/wp-json\/wp\/v2\/users\/1"}],"replies":[{"embeddable":true,"href":"https:\/\/www.retaildetail.be\/fr\/wp-json\/wp\/v2\/comments?post=2450"}],"version-history":[{"count":0,"href":"https:\/\/www.retaildetail.be\/fr\/wp-json\/wp\/v2\/posts\/2450\/revisions"}],"wp:featuredmedia":[{"embeddable":true,"href":"https:\/\/www.retaildetail.be\/fr\/wp-json\/wp\/v2\/media\/84"}],"wp:attachment":[{"href":"https:\/\/www.retaildetail.be\/fr\/wp-json\/wp\/v2\/media?parent=2450"}],"wp:term":[{"taxonomy":"category","embeddable":true,"href":"https:\/\/www.retaildetail.be\/fr\/wp-json\/wp\/v2\/categories?post=2450"},{"taxonomy":"post_tag","embeddable":true,"href":"https:\/\/www.retaildetail.be\/fr\/wp-json\/wp\/v2\/tags?post=2450"},{"taxonomy":"people","embeddable":true,"href":"https:\/\/www.retaildetail.be\/fr\/wp-json\/wp\/v2\/people?post=2450"},{"taxonomy":"extra","embeddable":true,"href":"https:\/\/www.retaildetail.be\/fr\/wp-json\/wp\/v2\/extra?post=2450"},{"taxonomy":"company","embeddable":true,"href":"https:\/\/www.retaildetail.be\/fr\/wp-json\/wp\/v2\/company?post=2450"},{"taxonomy":"topic","embeddable":true,"href":"https:\/\/www.retaildetail.be\/fr\/wp-json\/wp\/v2\/topic?post=2450"},{"taxonomy":"region","embeddable":true,"href":"https:\/\/www.retaildetail.be\/fr\/wp-json\/wp\/v2\/region?post=2450"}],"curies":[{"name":"wp","href":"https:\/\/api.w.org\/{rel}","templated":true}]}}