{"id":2464,"date":"2012-12-20T15:51:32","date_gmt":"2012-12-20T15:51:32","guid":{"rendered":"https:\/\/www.retaildetail.be\/food\/montee-des-prix-des-fruits-et-legumes-grace-aux-chinois\/"},"modified":"2012-12-20T15:51:32","modified_gmt":"2012-12-20T15:51:32","slug":"montee-des-prix-des-fruits-et-legumes-grace-aux-chinois","status":"publish","type":"post","link":"https:\/\/www.retaildetail.be\/fr\/news\/food\/montee-des-prix-des-fruits-et-legumes-grace-aux-chinois\/","title":{"rendered":"Mont\u00e9e des prix des fruits et l\u00e9gumes \u2018gr\u00e2ce\u2019 aux Chinois"},"content":{"rendered":"<h2>Les fruits et l\u00e9gumes belges ont la cote en Chine<\/h2>\n<p>\u00ab Le march\u00e9 mondial des fruits et l\u00e9gumes est en train de changer radicalement \u00bb, explique Theo de Kook, CEO du commerce de gros Univeg dans le journal De Tijd. \u00ab Cette derni\u00e8re ann\u00e9e surtout, nous constatons une r\u00e9elle acc\u00e9l\u00e9ration : l\u2019Asie et le Moyen-Orient r\u00e9clament une part de plus en plus importante. \u00bb<\/p>\n<p>L\u2019exportation vers ces r\u00e9gions en pleine croissance conna\u00eet une progression \u00e0 doubles chiffres. Selon le CEO cela aura \u00ab incontestablement un impact sur le prix que nous payons. Les cultivateurs disposent ainsi d\u2019un autre d\u00e9bouch\u00e9 que le march\u00e9 europ\u00e9en et par cons\u00e9quent ils seront plus exigeants. \u00bb Concr\u00e8tement : ils vendront plus ch\u00e8re leur marchandise.<\/p>\n<p>Tony Debock, manager de la division fruits et l\u00e9gumes chez Colruyt, confirme cette tendance : \u00ab Dans un premier temps le prix des fruits et l\u00e9gumes est d\u00e9termin\u00e9 par les volumes disponibles, c.-\u00e0-d. d\u2019apr\u00e8s les r\u00e9coltes et les saisons. Mais de plus en plus de pays exigent des produits de qualit\u00e9 sup\u00e9rieure.\u00bb<\/p>\n<p>D\u2019autre part dans les pays \u00e9mergents non seulement la demande de produits \u00e9trangers est en forte\u00a0 hausse, mais \u00e9galement la demande de produits locaux de qualit\u00e9, ce qui entra\u00eenera donc une baisse de l\u2019exportation (par exemple de pomelos venant de Chine). Les prix de ces produits risquent donc \u00e9galement d\u2019augmenter.<\/p>\n<h2>\n<br \/>Bonne nouvelle pour les cultivateurs<\/h2>\n<p>\u00ab Plus les gens sont prosp\u00e8res, plus ils veulent le montrer. Comme c\u2019\u00e9tait le cas chez nous autrefois avec les oranges et les bananes, mais en Chine il y a la puissance des chiffres \u00bb, commente Philippe Appeltans de l&rsquo;association des coop\u00e9ratives horticoles belges.\u00a0 Pour le secteur c\u2019est une bonne nouvelle : \u00ab Quatre cinqui\u00e8me des fruits durs belges (pommes, poires) est d\u00e9j\u00e0\u00a0 destin\u00e9 \u00e0 l\u2019exportation, notamment vers le Japon, le Moyen-Orient et de plus en plus vers la Chine \u00bb, pr\u00e9cise Appeltans.<\/p>\n<p>Seule consolation: pour les produits frais du jour comme les framboises et les fraises, on en arrivera pas l\u00e0, selon Appeltans, \u00ab car ces fruits n\u00e9cessitent un transport a\u00e9rien qui co\u00fbte cher. \u00bb<\/p>\n<p>\u00a0<\/p>\n<p>\u00a0<\/p>\n<p><em>Traduction : Marie-No\u00eblle Masure<\/em><\/p>\n","protected":false},"excerpt":{"rendered":"<p>Les fruits et l\u00e9gumes belges ont la cote en Chine \u00ab Le march\u00e9 mondial des fruits et l\u00e9gumes est en train de changer radicalement \u00bb, explique Theo de Kook, CEO du commerce de gros Univeg dans le journal De Tijd. \u00ab Cette derni\u00e8re ann\u00e9e surtout, nous constatons une r\u00e9elle acc\u00e9l\u00e9ration : l\u2019Asie et le Moyen-Orient [&hellip;]<\/p>\n","protected":false},"author":1,"featured_media":84,"comment_status":"closed","ping_status":"closed","sticky":false,"template":"","format":"standard","meta":{"_acf_changed":false,"inline_featured_image":false,"_jetpack_memberships_contains_paid_content":false,"footnotes":""},"categories":[24],"tags":[],"people":[],"extra":[],"company":[],"topic":[],"region":[],"class_list":["post-2464","post","type-post","status-publish","format-standard","has-post-thumbnail","hentry","category-food"],"acf":[],"yoast_head":"<!-- This site is optimized with the Yoast SEO plugin v27.3 - https:\/\/yoast.com\/product\/yoast-seo-wordpress\/ -->\n<title>Mont\u00e9e des prix des fruits et l\u00e9gumes \u2018gr\u00e2ce\u2019 aux Chinois - RetailDetail BE<\/title>\n<meta name=\"robots\" content=\"index, follow, max-snippet:-1, max-image-preview:large, max-video-preview:-1\" \/>\n<link rel=\"canonical\" href=\"https:\/\/www.retaildetail.be\/fr\/news\/food\/montee-des-prix-des-fruits-et-legumes-grace-aux-chinois\/\" \/>\n<meta property=\"og:locale\" content=\"fr_FR\" \/>\n<meta property=\"og:type\" content=\"article\" \/>\n<meta property=\"og:title\" content=\"Mont\u00e9e des prix des fruits et l\u00e9gumes \u2018gr\u00e2ce\u2019 aux Chinois - RetailDetail BE\" \/>\n<meta property=\"og:description\" content=\"Les fruits et l\u00e9gumes belges ont la cote en Chine \u00ab Le march\u00e9 mondial des fruits et l\u00e9gumes est en train de changer radicalement \u00bb, explique Theo de Kook, CEO du commerce de gros Univeg dans le journal De Tijd. \u00ab Cette derni\u00e8re ann\u00e9e surtout, nous constatons une r\u00e9elle acc\u00e9l\u00e9ration : l\u2019Asie et le Moyen-Orient [&hellip;]\" \/>\n<meta property=\"og:url\" content=\"https:\/\/www.retaildetail.be\/fr\/news\/food\/montee-des-prix-des-fruits-et-legumes-grace-aux-chinois\/\" \/>\n<meta property=\"og:site_name\" content=\"RetailDetail BE\" \/>\n<meta property=\"article:published_time\" content=\"2012-12-20T15:51:32+00:00\" \/>\n<meta property=\"og:image\" content=\"https:\/\/i0.wp.com\/www.retaildetail.be\/wp-content\/uploads\/2022\/04\/logo.png?fit=281%2C147&quality=100&strip=all&ssl=1\" \/>\n\t<meta property=\"og:image:width\" content=\"281\" \/>\n\t<meta property=\"og:image:height\" content=\"147\" \/>\n\t<meta property=\"og:image:type\" content=\"image\/png\" \/>\n<meta name=\"author\" content=\"dev@grandiz.com\" \/>\n<meta name=\"twitter:card\" content=\"summary_large_image\" \/>\n<meta name=\"twitter:label1\" content=\"\u00c9crit par\" \/>\n\t<meta name=\"twitter:data1\" content=\"dev@grandiz.com\" \/>\n\t<meta name=\"twitter:label2\" content=\"Dur\u00e9e de lecture estim\u00e9e\" \/>\n\t<meta name=\"twitter:data2\" content=\"2 minutes\" \/>\n<script type=\"application\/ld+json\" class=\"yoast-schema-graph\">{\"@context\":\"https:\\\/\\\/schema.org\",\"@graph\":[{\"@type\":\"NewsArticle\",\"@id\":\"https:\\\/\\\/www.retaildetail.be\\\/fr\\\/news\\\/food\\\/montee-des-prix-des-fruits-et-legumes-grace-aux-chinois\\\/#article\",\"isPartOf\":{\"@id\":\"https:\\\/\\\/www.retaildetail.be\\\/fr\\\/news\\\/food\\\/montee-des-prix-des-fruits-et-legumes-grace-aux-chinois\\\/\"},\"author\":{\"name\":\"dev@grandiz.com\",\"@id\":\"https:\\\/\\\/www.retaildetail.be\\\/nl\\\/#\\\/schema\\\/person\\\/ba2d383452a753a3a1ce8cdb349b5fc9\"},\"headline\":\"Mont\u00e9e des prix des fruits et l\u00e9gumes \u2018gr\u00e2ce\u2019 aux Chinois\",\"datePublished\":\"2012-12-20T15:51:32+00:00\",\"mainEntityOfPage\":{\"@id\":\"https:\\\/\\\/www.retaildetail.be\\\/fr\\\/news\\\/food\\\/montee-des-prix-des-fruits-et-legumes-grace-aux-chinois\\\/\"},\"wordCount\":383,\"publisher\":{\"@id\":\"https:\\\/\\\/www.retaildetail.be\\\/nl\\\/#organization\"},\"image\":{\"@id\":\"https:\\\/\\\/www.retaildetail.be\\\/fr\\\/news\\\/food\\\/montee-des-prix-des-fruits-et-legumes-grace-aux-chinois\\\/#primaryimage\"},\"thumbnailUrl\":\"https:\\\/\\\/www.retaildetail.be\\\/wp-content\\\/uploads\\\/2022\\\/04\\\/logo.png\",\"articleSection\":[\"Food\"],\"inLanguage\":\"fr-FR\",\"copyrightYear\":\"2012\",\"copyrightHolder\":{\"@id\":\"https:\\\/\\\/www.retaildetail.be\\\/#organization\"}},{\"@type\":\"WebPage\",\"@id\":\"https:\\\/\\\/www.retaildetail.be\\\/fr\\\/news\\\/food\\\/montee-des-prix-des-fruits-et-legumes-grace-aux-chinois\\\/\",\"url\":\"https:\\\/\\\/www.retaildetail.be\\\/fr\\\/news\\\/food\\\/montee-des-prix-des-fruits-et-legumes-grace-aux-chinois\\\/\",\"name\":\"Mont\u00e9e des prix des fruits et l\u00e9gumes \u2018gr\u00e2ce\u2019 aux Chinois - RetailDetail BE\",\"isPartOf\":{\"@id\":\"https:\\\/\\\/www.retaildetail.be\\\/nl\\\/#website\"},\"primaryImageOfPage\":{\"@id\":\"https:\\\/\\\/www.retaildetail.be\\\/fr\\\/news\\\/food\\\/montee-des-prix-des-fruits-et-legumes-grace-aux-chinois\\\/#primaryimage\"},\"image\":{\"@id\":\"https:\\\/\\\/www.retaildetail.be\\\/fr\\\/news\\\/food\\\/montee-des-prix-des-fruits-et-legumes-grace-aux-chinois\\\/#primaryimage\"},\"thumbnailUrl\":\"https:\\\/\\\/www.retaildetail.be\\\/wp-content\\\/uploads\\\/2022\\\/04\\\/logo.png\",\"datePublished\":\"2012-12-20T15:51:32+00:00\",\"breadcrumb\":{\"@id\":\"https:\\\/\\\/www.retaildetail.be\\\/fr\\\/news\\\/food\\\/montee-des-prix-des-fruits-et-legumes-grace-aux-chinois\\\/#breadcrumb\"},\"inLanguage\":\"fr-FR\",\"potentialAction\":[{\"@type\":\"ReadAction\",\"target\":[\"https:\\\/\\\/www.retaildetail.be\\\/fr\\\/news\\\/food\\\/montee-des-prix-des-fruits-et-legumes-grace-aux-chinois\\\/\"]}]},{\"@type\":\"ImageObject\",\"inLanguage\":\"fr-FR\",\"@id\":\"https:\\\/\\\/www.retaildetail.be\\\/fr\\\/news\\\/food\\\/montee-des-prix-des-fruits-et-legumes-grace-aux-chinois\\\/#primaryimage\",\"url\":\"https:\\\/\\\/www.retaildetail.be\\\/wp-content\\\/uploads\\\/2022\\\/04\\\/logo.png\",\"contentUrl\":\"https:\\\/\\\/www.retaildetail.be\\\/wp-content\\\/uploads\\\/2022\\\/04\\\/logo.png\",\"width\":281,\"height\":147},{\"@type\":\"BreadcrumbList\",\"@id\":\"https:\\\/\\\/www.retaildetail.be\\\/fr\\\/news\\\/food\\\/montee-des-prix-des-fruits-et-legumes-grace-aux-chinois\\\/#breadcrumb\",\"itemListElement\":[{\"@type\":\"ListItem\",\"position\":1,\"name\":\"Home\",\"item\":\"https:\\\/\\\/www.retaildetail.be\\\/fr\\\/\"},{\"@type\":\"ListItem\",\"position\":2,\"name\":\"Mont\u00e9e des prix des fruits et l\u00e9gumes \u2018gr\u00e2ce\u2019 aux Chinois\"}]},{\"@type\":\"WebSite\",\"@id\":\"https:\\\/\\\/www.retaildetail.be\\\/nl\\\/#website\",\"url\":\"https:\\\/\\\/www.retaildetail.be\\\/nl\\\/\",\"name\":\"RetailDetail BE\",\"description\":\"News\",\"publisher\":{\"@id\":\"https:\\\/\\\/www.retaildetail.be\\\/nl\\\/#organization\"},\"potentialAction\":[{\"@type\":\"SearchAction\",\"target\":{\"@type\":\"EntryPoint\",\"urlTemplate\":\"https:\\\/\\\/www.retaildetail.be\\\/nl\\\/?s={search_term_string}\"},\"query-input\":{\"@type\":\"PropertyValueSpecification\",\"valueRequired\":true,\"valueName\":\"search_term_string\"}}],\"inLanguage\":\"fr-FR\"},{\"@type\":\"Organization\",\"@id\":\"https:\\\/\\\/www.retaildetail.be\\\/nl\\\/#organization\",\"name\":\"RetailDetail BE\",\"url\":\"https:\\\/\\\/www.retaildetail.be\\\/nl\\\/\",\"logo\":{\"@type\":\"ImageObject\",\"inLanguage\":\"fr-FR\",\"@id\":\"https:\\\/\\\/www.retaildetail.be\\\/nl\\\/#\\\/schema\\\/logo\\\/image\\\/\",\"url\":\"https:\\\/\\\/www.retaildetail.be\\\/wp-content\\\/uploads\\\/2022\\\/04\\\/logo.svg\",\"contentUrl\":\"https:\\\/\\\/www.retaildetail.be\\\/wp-content\\\/uploads\\\/2022\\\/04\\\/logo.svg\",\"width\":131,\"height\":70,\"caption\":\"RetailDetail BE\"},\"image\":{\"@id\":\"https:\\\/\\\/www.retaildetail.be\\\/nl\\\/#\\\/schema\\\/logo\\\/image\\\/\"}},{\"@type\":\"Person\",\"@id\":\"https:\\\/\\\/www.retaildetail.be\\\/nl\\\/#\\\/schema\\\/person\\\/ba2d383452a753a3a1ce8cdb349b5fc9\",\"name\":\"dev@grandiz.com\",\"image\":{\"@type\":\"ImageObject\",\"inLanguage\":\"fr-FR\",\"@id\":\"https:\\\/\\\/secure.gravatar.com\\\/avatar\\\/5f53ce9fb6eed4a60e5aaaa712be8773880fa9459d9cac9bc4aa4fdbce3f447f?s=96&d=mm&r=g\",\"url\":\"https:\\\/\\\/secure.gravatar.com\\\/avatar\\\/5f53ce9fb6eed4a60e5aaaa712be8773880fa9459d9cac9bc4aa4fdbce3f447f?s=96&d=mm&r=g\",\"contentUrl\":\"https:\\\/\\\/secure.gravatar.com\\\/avatar\\\/5f53ce9fb6eed4a60e5aaaa712be8773880fa9459d9cac9bc4aa4fdbce3f447f?s=96&d=mm&r=g\",\"caption\":\"dev@grandiz.com\"},\"sameAs\":[\"http:\\\/\\\/preprod.retaildetail.be\"],\"url\":\"https:\\\/\\\/www.retaildetail.be\\\/fr\\\/author\\\/devgrandiz-com\\\/\"}]}<\/script>\n<!-- \/ Yoast SEO plugin. -->","yoast_head_json":{"title":"Mont\u00e9e des prix des fruits et l\u00e9gumes \u2018gr\u00e2ce\u2019 aux Chinois - RetailDetail BE","robots":{"index":"index","follow":"follow","max-snippet":"max-snippet:-1","max-image-preview":"max-image-preview:large","max-video-preview":"max-video-preview:-1"},"canonical":"https:\/\/www.retaildetail.be\/fr\/news\/food\/montee-des-prix-des-fruits-et-legumes-grace-aux-chinois\/","og_locale":"fr_FR","og_type":"article","og_title":"Mont\u00e9e des prix des fruits et l\u00e9gumes \u2018gr\u00e2ce\u2019 aux Chinois - RetailDetail BE","og_description":"Les fruits et l\u00e9gumes belges ont la cote en Chine \u00ab Le march\u00e9 mondial des fruits et l\u00e9gumes est en train de changer radicalement \u00bb, explique Theo de Kook, CEO du commerce de gros Univeg dans le journal De Tijd. \u00ab Cette derni\u00e8re ann\u00e9e surtout, nous constatons une r\u00e9elle acc\u00e9l\u00e9ration : l\u2019Asie et le Moyen-Orient [&hellip;]","og_url":"https:\/\/www.retaildetail.be\/fr\/news\/food\/montee-des-prix-des-fruits-et-legumes-grace-aux-chinois\/","og_site_name":"RetailDetail BE","article_published_time":"2012-12-20T15:51:32+00:00","og_image":[{"width":281,"height":147,"url":"https:\/\/i0.wp.com\/www.retaildetail.be\/wp-content\/uploads\/2022\/04\/logo.png?fit=281%2C147&quality=100&strip=all&ssl=1","type":"image\/png"}],"author":"dev@grandiz.com","twitter_card":"summary_large_image","twitter_misc":{"\u00c9crit par":"dev@grandiz.com","Dur\u00e9e de lecture estim\u00e9e":"2 minutes"},"schema":{"@context":"https:\/\/schema.org","@graph":[{"@type":"NewsArticle","@id":"https:\/\/www.retaildetail.be\/fr\/news\/food\/montee-des-prix-des-fruits-et-legumes-grace-aux-chinois\/#article","isPartOf":{"@id":"https:\/\/www.retaildetail.be\/fr\/news\/food\/montee-des-prix-des-fruits-et-legumes-grace-aux-chinois\/"},"author":{"name":"dev@grandiz.com","@id":"https:\/\/www.retaildetail.be\/nl\/#\/schema\/person\/ba2d383452a753a3a1ce8cdb349b5fc9"},"headline":"Mont\u00e9e des prix des fruits et l\u00e9gumes \u2018gr\u00e2ce\u2019 aux Chinois","datePublished":"2012-12-20T15:51:32+00:00","mainEntityOfPage":{"@id":"https:\/\/www.retaildetail.be\/fr\/news\/food\/montee-des-prix-des-fruits-et-legumes-grace-aux-chinois\/"},"wordCount":383,"publisher":{"@id":"https:\/\/www.retaildetail.be\/nl\/#organization"},"image":{"@id":"https:\/\/www.retaildetail.be\/fr\/news\/food\/montee-des-prix-des-fruits-et-legumes-grace-aux-chinois\/#primaryimage"},"thumbnailUrl":"https:\/\/www.retaildetail.be\/wp-content\/uploads\/2022\/04\/logo.png","articleSection":["Food"],"inLanguage":"fr-FR","copyrightYear":"2012","copyrightHolder":{"@id":"https:\/\/www.retaildetail.be\/#organization"}},{"@type":"WebPage","@id":"https:\/\/www.retaildetail.be\/fr\/news\/food\/montee-des-prix-des-fruits-et-legumes-grace-aux-chinois\/","url":"https:\/\/www.retaildetail.be\/fr\/news\/food\/montee-des-prix-des-fruits-et-legumes-grace-aux-chinois\/","name":"Mont\u00e9e des prix des fruits et l\u00e9gumes \u2018gr\u00e2ce\u2019 aux Chinois - RetailDetail BE","isPartOf":{"@id":"https:\/\/www.retaildetail.be\/nl\/#website"},"primaryImageOfPage":{"@id":"https:\/\/www.retaildetail.be\/fr\/news\/food\/montee-des-prix-des-fruits-et-legumes-grace-aux-chinois\/#primaryimage"},"image":{"@id":"https:\/\/www.retaildetail.be\/fr\/news\/food\/montee-des-prix-des-fruits-et-legumes-grace-aux-chinois\/#primaryimage"},"thumbnailUrl":"https:\/\/www.retaildetail.be\/wp-content\/uploads\/2022\/04\/logo.png","datePublished":"2012-12-20T15:51:32+00:00","breadcrumb":{"@id":"https:\/\/www.retaildetail.be\/fr\/news\/food\/montee-des-prix-des-fruits-et-legumes-grace-aux-chinois\/#breadcrumb"},"inLanguage":"fr-FR","potentialAction":[{"@type":"ReadAction","target":["https:\/\/www.retaildetail.be\/fr\/news\/food\/montee-des-prix-des-fruits-et-legumes-grace-aux-chinois\/"]}]},{"@type":"ImageObject","inLanguage":"fr-FR","@id":"https:\/\/www.retaildetail.be\/fr\/news\/food\/montee-des-prix-des-fruits-et-legumes-grace-aux-chinois\/#primaryimage","url":"https:\/\/www.retaildetail.be\/wp-content\/uploads\/2022\/04\/logo.png","contentUrl":"https:\/\/www.retaildetail.be\/wp-content\/uploads\/2022\/04\/logo.png","width":281,"height":147},{"@type":"BreadcrumbList","@id":"https:\/\/www.retaildetail.be\/fr\/news\/food\/montee-des-prix-des-fruits-et-legumes-grace-aux-chinois\/#breadcrumb","itemListElement":[{"@type":"ListItem","position":1,"name":"Home","item":"https:\/\/www.retaildetail.be\/fr\/"},{"@type":"ListItem","position":2,"name":"Mont\u00e9e des prix des fruits et l\u00e9gumes \u2018gr\u00e2ce\u2019 aux Chinois"}]},{"@type":"WebSite","@id":"https:\/\/www.retaildetail.be\/nl\/#website","url":"https:\/\/www.retaildetail.be\/nl\/","name":"RetailDetail BE","description":"News","publisher":{"@id":"https:\/\/www.retaildetail.be\/nl\/#organization"},"potentialAction":[{"@type":"SearchAction","target":{"@type":"EntryPoint","urlTemplate":"https:\/\/www.retaildetail.be\/nl\/?s={search_term_string}"},"query-input":{"@type":"PropertyValueSpecification","valueRequired":true,"valueName":"search_term_string"}}],"inLanguage":"fr-FR"},{"@type":"Organization","@id":"https:\/\/www.retaildetail.be\/nl\/#organization","name":"RetailDetail BE","url":"https:\/\/www.retaildetail.be\/nl\/","logo":{"@type":"ImageObject","inLanguage":"fr-FR","@id":"https:\/\/www.retaildetail.be\/nl\/#\/schema\/logo\/image\/","url":"https:\/\/www.retaildetail.be\/wp-content\/uploads\/2022\/04\/logo.svg","contentUrl":"https:\/\/www.retaildetail.be\/wp-content\/uploads\/2022\/04\/logo.svg","width":131,"height":70,"caption":"RetailDetail BE"},"image":{"@id":"https:\/\/www.retaildetail.be\/nl\/#\/schema\/logo\/image\/"}},{"@type":"Person","@id":"https:\/\/www.retaildetail.be\/nl\/#\/schema\/person\/ba2d383452a753a3a1ce8cdb349b5fc9","name":"dev@grandiz.com","image":{"@type":"ImageObject","inLanguage":"fr-FR","@id":"https:\/\/secure.gravatar.com\/avatar\/5f53ce9fb6eed4a60e5aaaa712be8773880fa9459d9cac9bc4aa4fdbce3f447f?s=96&d=mm&r=g","url":"https:\/\/secure.gravatar.com\/avatar\/5f53ce9fb6eed4a60e5aaaa712be8773880fa9459d9cac9bc4aa4fdbce3f447f?s=96&d=mm&r=g","contentUrl":"https:\/\/secure.gravatar.com\/avatar\/5f53ce9fb6eed4a60e5aaaa712be8773880fa9459d9cac9bc4aa4fdbce3f447f?s=96&d=mm&r=g","caption":"dev@grandiz.com"},"sameAs":["http:\/\/preprod.retaildetail.be"],"url":"https:\/\/www.retaildetail.be\/fr\/author\/devgrandiz-com\/"}]}},"jetpack_featured_media_url":"https:\/\/www.retaildetail.be\/wp-content\/uploads\/2022\/04\/logo.png","jetpack_sharing_enabled":true,"_links":{"self":[{"href":"https:\/\/www.retaildetail.be\/fr\/wp-json\/wp\/v2\/posts\/2464","targetHints":{"allow":["GET"]}}],"collection":[{"href":"https:\/\/www.retaildetail.be\/fr\/wp-json\/wp\/v2\/posts"}],"about":[{"href":"https:\/\/www.retaildetail.be\/fr\/wp-json\/wp\/v2\/types\/post"}],"author":[{"embeddable":true,"href":"https:\/\/www.retaildetail.be\/fr\/wp-json\/wp\/v2\/users\/1"}],"replies":[{"embeddable":true,"href":"https:\/\/www.retaildetail.be\/fr\/wp-json\/wp\/v2\/comments?post=2464"}],"version-history":[{"count":0,"href":"https:\/\/www.retaildetail.be\/fr\/wp-json\/wp\/v2\/posts\/2464\/revisions"}],"wp:featuredmedia":[{"embeddable":true,"href":"https:\/\/www.retaildetail.be\/fr\/wp-json\/wp\/v2\/media\/84"}],"wp:attachment":[{"href":"https:\/\/www.retaildetail.be\/fr\/wp-json\/wp\/v2\/media?parent=2464"}],"wp:term":[{"taxonomy":"category","embeddable":true,"href":"https:\/\/www.retaildetail.be\/fr\/wp-json\/wp\/v2\/categories?post=2464"},{"taxonomy":"post_tag","embeddable":true,"href":"https:\/\/www.retaildetail.be\/fr\/wp-json\/wp\/v2\/tags?post=2464"},{"taxonomy":"people","embeddable":true,"href":"https:\/\/www.retaildetail.be\/fr\/wp-json\/wp\/v2\/people?post=2464"},{"taxonomy":"extra","embeddable":true,"href":"https:\/\/www.retaildetail.be\/fr\/wp-json\/wp\/v2\/extra?post=2464"},{"taxonomy":"company","embeddable":true,"href":"https:\/\/www.retaildetail.be\/fr\/wp-json\/wp\/v2\/company?post=2464"},{"taxonomy":"topic","embeddable":true,"href":"https:\/\/www.retaildetail.be\/fr\/wp-json\/wp\/v2\/topic?post=2464"},{"taxonomy":"region","embeddable":true,"href":"https:\/\/www.retaildetail.be\/fr\/wp-json\/wp\/v2\/region?post=2464"}],"curies":[{"name":"wp","href":"https:\/\/api.w.org\/{rel}","templated":true}]}}