{"id":2478,"date":"2012-12-24T11:06:19","date_gmt":"2012-12-24T11:06:19","guid":{"rendered":"https:\/\/www.retaildetail.be\/food\/ijsboerke-demande-une-protection-judiciaire-apres-un-ete-pourri\/"},"modified":"2012-12-24T11:06:19","modified_gmt":"2012-12-24T11:06:19","slug":"ijsboerke-demande-une-protection-judiciaire-apres-un-ete-pourri","status":"publish","type":"post","link":"https:\/\/www.retaildetail.be\/fr\/news\/food\/ijsboerke-demande-une-protection-judiciaire-apres-un-ete-pourri\/","title":{"rendered":"Ijsboerke demande une protection judiciaire apr\u00e8s un \u00e9t\u00e9 pourri"},"content":{"rendered":"<h2>Les probl\u00e8mes ne datent pas d\u2019hier<\/h2>\n<p>L\u2019ann\u00e9e derni\u00e8re, Ijsboerke a d\u00e9j\u00e0 d\u00fb fermer deux entit\u00e9s, entra\u00eenant ainsi une perte de 162 emplois. Aujourd\u2019hui, l&rsquo;entreprise semble subir la crise de plein fouet. C&rsquo;es pourquoi le Belgium Icecream Group a fait d\u00e9marrer la proc\u00e9dure LCE (loi relative \u00e0 la continuit\u00e9 des entreprises). Pour l\u2019ann\u00e9e comptable 2012, le groupe devrait subir une perte de cinq millions d\u2019euros, d&rsquo;o\u00f9 la n\u00e9cessit\u00e9 d&rsquo;\u00e9pargner dans de nombreux domaines.\u00a0 <\/p>\n<p>Le 3 janvier, les syndicats rencontreront la direction pour discuter de l\u2019avenir des employ\u00e9s. Si aucune solution n\u2019est trouv\u00e9e, 365 personnes perdront leur emploi, dont 280 ouvriers et 85 employ\u00e9s. Mais L\u2019Ho\u00ebst, directeur du Belgium Icecream Group, ne pense pas que les choses iront si loin : une solution est possible, \u00ab si nous travaillons tous ensemble. \u00bb<\/p>\n<h2>\n<br \/>Ijsboerke passe \u00e0 travers la glace<\/h2>\n<p>Les mauvais r\u00e9sultats seraient la cons\u00e9quence de plusieurs facteurs, avec en t\u00eate de liste les grands \u2018classiques\u2019 : co\u00fbt salarial et crise (selon L\u2019Ho\u00ebst, suite \u00e0 la crise actuelle, les consommateurs se tournent vers des marques moins ch\u00e8res). De plus l\u2019\u00e9t\u00e9 maussade de 2012 n\u2019a certainement pas fait de cadeaux au fabricant de glaces.<\/p>\n<p>Provisoirement, on ne parle pas encore de plan social. L\u2019entreprise esp\u00e8re\u00a0 avant tout limiter au maximum les licenciements et n&rsquo;a pas les moyens financiers pour un vaste plan social.<\/p>\n<p>\u00a0<\/p>\n<p>\u00a0<\/p>\n<p><em>Traduction: Laure Jacobs<\/em><\/p>\n","protected":false},"excerpt":{"rendered":"<p>Les probl\u00e8mes ne datent pas d\u2019hier L\u2019ann\u00e9e derni\u00e8re, Ijsboerke a d\u00e9j\u00e0 d\u00fb fermer deux entit\u00e9s, entra\u00eenant ainsi une perte de 162 emplois. Aujourd\u2019hui, l&rsquo;entreprise semble subir la crise de plein fouet. C&rsquo;es pourquoi le Belgium Icecream Group a fait d\u00e9marrer la proc\u00e9dure LCE (loi relative \u00e0 la continuit\u00e9 des entreprises). Pour l\u2019ann\u00e9e comptable 2012, le [&hellip;]<\/p>\n","protected":false},"author":1,"featured_media":84,"comment_status":"closed","ping_status":"closed","sticky":false,"template":"","format":"standard","meta":{"_acf_changed":false,"inline_featured_image":false,"_jetpack_memberships_contains_paid_content":false,"footnotes":""},"categories":[24],"tags":[],"people":[],"extra":[],"company":[],"topic":[],"region":[],"class_list":["post-2478","post","type-post","status-publish","format-standard","has-post-thumbnail","hentry","category-food"],"acf":[],"yoast_head":"<!-- This site is optimized with the Yoast SEO plugin v27.3 - https:\/\/yoast.com\/product\/yoast-seo-wordpress\/ -->\n<title>Ijsboerke demande une protection judiciaire apr\u00e8s un \u00e9t\u00e9 pourri - RetailDetail BE<\/title>\n<meta name=\"robots\" content=\"index, follow, max-snippet:-1, max-image-preview:large, max-video-preview:-1\" \/>\n<link rel=\"canonical\" href=\"https:\/\/www.retaildetail.be\/fr\/news\/food\/ijsboerke-demande-une-protection-judiciaire-apres-un-ete-pourri\/\" \/>\n<meta property=\"og:locale\" content=\"fr_FR\" \/>\n<meta property=\"og:type\" content=\"article\" \/>\n<meta property=\"og:title\" content=\"Ijsboerke demande une protection judiciaire apr\u00e8s un \u00e9t\u00e9 pourri - RetailDetail BE\" \/>\n<meta property=\"og:description\" content=\"Les probl\u00e8mes ne datent pas d\u2019hier L\u2019ann\u00e9e derni\u00e8re, Ijsboerke a d\u00e9j\u00e0 d\u00fb fermer deux entit\u00e9s, entra\u00eenant ainsi une perte de 162 emplois. Aujourd\u2019hui, l&rsquo;entreprise semble subir la crise de plein fouet. C&rsquo;es pourquoi le Belgium Icecream Group a fait d\u00e9marrer la proc\u00e9dure LCE (loi relative \u00e0 la continuit\u00e9 des entreprises). Pour l\u2019ann\u00e9e comptable 2012, le [&hellip;]\" \/>\n<meta property=\"og:url\" content=\"https:\/\/www.retaildetail.be\/fr\/news\/food\/ijsboerke-demande-une-protection-judiciaire-apres-un-ete-pourri\/\" \/>\n<meta property=\"og:site_name\" content=\"RetailDetail BE\" \/>\n<meta property=\"article:published_time\" content=\"2012-12-24T11:06:19+00:00\" \/>\n<meta property=\"og:image\" content=\"https:\/\/i0.wp.com\/www.retaildetail.be\/wp-content\/uploads\/2022\/04\/logo.png?fit=281%2C147&quality=100&strip=all&ssl=1\" \/>\n\t<meta property=\"og:image:width\" content=\"281\" \/>\n\t<meta property=\"og:image:height\" content=\"147\" \/>\n\t<meta property=\"og:image:type\" content=\"image\/png\" \/>\n<meta name=\"author\" content=\"dev@grandiz.com\" \/>\n<meta name=\"twitter:card\" content=\"summary_large_image\" \/>\n<meta name=\"twitter:label1\" content=\"\u00c9crit par\" \/>\n\t<meta name=\"twitter:data1\" content=\"dev@grandiz.com\" \/>\n\t<meta name=\"twitter:label2\" content=\"Dur\u00e9e de lecture estim\u00e9e\" \/>\n\t<meta name=\"twitter:data2\" content=\"1 minute\" \/>\n<script type=\"application\/ld+json\" class=\"yoast-schema-graph\">{\"@context\":\"https:\\\/\\\/schema.org\",\"@graph\":[{\"@type\":\"NewsArticle\",\"@id\":\"https:\\\/\\\/www.retaildetail.be\\\/fr\\\/news\\\/food\\\/ijsboerke-demande-une-protection-judiciaire-apres-un-ete-pourri\\\/#article\",\"isPartOf\":{\"@id\":\"https:\\\/\\\/www.retaildetail.be\\\/fr\\\/news\\\/food\\\/ijsboerke-demande-une-protection-judiciaire-apres-un-ete-pourri\\\/\"},\"author\":{\"name\":\"dev@grandiz.com\",\"@id\":\"https:\\\/\\\/www.retaildetail.be\\\/nl\\\/#\\\/schema\\\/person\\\/ba2d383452a753a3a1ce8cdb349b5fc9\"},\"headline\":\"Ijsboerke demande une protection judiciaire apr\u00e8s un \u00e9t\u00e9 pourri\",\"datePublished\":\"2012-12-24T11:06:19+00:00\",\"mainEntityOfPage\":{\"@id\":\"https:\\\/\\\/www.retaildetail.be\\\/fr\\\/news\\\/food\\\/ijsboerke-demande-une-protection-judiciaire-apres-un-ete-pourri\\\/\"},\"wordCount\":256,\"publisher\":{\"@id\":\"https:\\\/\\\/www.retaildetail.be\\\/nl\\\/#organization\"},\"image\":{\"@id\":\"https:\\\/\\\/www.retaildetail.be\\\/fr\\\/news\\\/food\\\/ijsboerke-demande-une-protection-judiciaire-apres-un-ete-pourri\\\/#primaryimage\"},\"thumbnailUrl\":\"https:\\\/\\\/www.retaildetail.be\\\/wp-content\\\/uploads\\\/2022\\\/04\\\/logo.png\",\"articleSection\":[\"Food\"],\"inLanguage\":\"fr-FR\",\"copyrightYear\":\"2012\",\"copyrightHolder\":{\"@id\":\"https:\\\/\\\/www.retaildetail.be\\\/#organization\"}},{\"@type\":\"WebPage\",\"@id\":\"https:\\\/\\\/www.retaildetail.be\\\/fr\\\/news\\\/food\\\/ijsboerke-demande-une-protection-judiciaire-apres-un-ete-pourri\\\/\",\"url\":\"https:\\\/\\\/www.retaildetail.be\\\/fr\\\/news\\\/food\\\/ijsboerke-demande-une-protection-judiciaire-apres-un-ete-pourri\\\/\",\"name\":\"Ijsboerke demande une protection judiciaire apr\u00e8s un \u00e9t\u00e9 pourri - RetailDetail BE\",\"isPartOf\":{\"@id\":\"https:\\\/\\\/www.retaildetail.be\\\/nl\\\/#website\"},\"primaryImageOfPage\":{\"@id\":\"https:\\\/\\\/www.retaildetail.be\\\/fr\\\/news\\\/food\\\/ijsboerke-demande-une-protection-judiciaire-apres-un-ete-pourri\\\/#primaryimage\"},\"image\":{\"@id\":\"https:\\\/\\\/www.retaildetail.be\\\/fr\\\/news\\\/food\\\/ijsboerke-demande-une-protection-judiciaire-apres-un-ete-pourri\\\/#primaryimage\"},\"thumbnailUrl\":\"https:\\\/\\\/www.retaildetail.be\\\/wp-content\\\/uploads\\\/2022\\\/04\\\/logo.png\",\"datePublished\":\"2012-12-24T11:06:19+00:00\",\"breadcrumb\":{\"@id\":\"https:\\\/\\\/www.retaildetail.be\\\/fr\\\/news\\\/food\\\/ijsboerke-demande-une-protection-judiciaire-apres-un-ete-pourri\\\/#breadcrumb\"},\"inLanguage\":\"fr-FR\",\"potentialAction\":[{\"@type\":\"ReadAction\",\"target\":[\"https:\\\/\\\/www.retaildetail.be\\\/fr\\\/news\\\/food\\\/ijsboerke-demande-une-protection-judiciaire-apres-un-ete-pourri\\\/\"]}]},{\"@type\":\"ImageObject\",\"inLanguage\":\"fr-FR\",\"@id\":\"https:\\\/\\\/www.retaildetail.be\\\/fr\\\/news\\\/food\\\/ijsboerke-demande-une-protection-judiciaire-apres-un-ete-pourri\\\/#primaryimage\",\"url\":\"https:\\\/\\\/www.retaildetail.be\\\/wp-content\\\/uploads\\\/2022\\\/04\\\/logo.png\",\"contentUrl\":\"https:\\\/\\\/www.retaildetail.be\\\/wp-content\\\/uploads\\\/2022\\\/04\\\/logo.png\",\"width\":281,\"height\":147},{\"@type\":\"BreadcrumbList\",\"@id\":\"https:\\\/\\\/www.retaildetail.be\\\/fr\\\/news\\\/food\\\/ijsboerke-demande-une-protection-judiciaire-apres-un-ete-pourri\\\/#breadcrumb\",\"itemListElement\":[{\"@type\":\"ListItem\",\"position\":1,\"name\":\"Home\",\"item\":\"https:\\\/\\\/www.retaildetail.be\\\/fr\\\/\"},{\"@type\":\"ListItem\",\"position\":2,\"name\":\"Ijsboerke demande une protection judiciaire apr\u00e8s un \u00e9t\u00e9 pourri\"}]},{\"@type\":\"WebSite\",\"@id\":\"https:\\\/\\\/www.retaildetail.be\\\/nl\\\/#website\",\"url\":\"https:\\\/\\\/www.retaildetail.be\\\/nl\\\/\",\"name\":\"RetailDetail BE\",\"description\":\"News\",\"publisher\":{\"@id\":\"https:\\\/\\\/www.retaildetail.be\\\/nl\\\/#organization\"},\"potentialAction\":[{\"@type\":\"SearchAction\",\"target\":{\"@type\":\"EntryPoint\",\"urlTemplate\":\"https:\\\/\\\/www.retaildetail.be\\\/nl\\\/?s={search_term_string}\"},\"query-input\":{\"@type\":\"PropertyValueSpecification\",\"valueRequired\":true,\"valueName\":\"search_term_string\"}}],\"inLanguage\":\"fr-FR\"},{\"@type\":\"Organization\",\"@id\":\"https:\\\/\\\/www.retaildetail.be\\\/nl\\\/#organization\",\"name\":\"RetailDetail BE\",\"url\":\"https:\\\/\\\/www.retaildetail.be\\\/nl\\\/\",\"logo\":{\"@type\":\"ImageObject\",\"inLanguage\":\"fr-FR\",\"@id\":\"https:\\\/\\\/www.retaildetail.be\\\/nl\\\/#\\\/schema\\\/logo\\\/image\\\/\",\"url\":\"https:\\\/\\\/www.retaildetail.be\\\/wp-content\\\/uploads\\\/2022\\\/04\\\/logo.svg\",\"contentUrl\":\"https:\\\/\\\/www.retaildetail.be\\\/wp-content\\\/uploads\\\/2022\\\/04\\\/logo.svg\",\"width\":131,\"height\":70,\"caption\":\"RetailDetail BE\"},\"image\":{\"@id\":\"https:\\\/\\\/www.retaildetail.be\\\/nl\\\/#\\\/schema\\\/logo\\\/image\\\/\"}},{\"@type\":\"Person\",\"@id\":\"https:\\\/\\\/www.retaildetail.be\\\/nl\\\/#\\\/schema\\\/person\\\/ba2d383452a753a3a1ce8cdb349b5fc9\",\"name\":\"dev@grandiz.com\",\"image\":{\"@type\":\"ImageObject\",\"inLanguage\":\"fr-FR\",\"@id\":\"https:\\\/\\\/secure.gravatar.com\\\/avatar\\\/5f53ce9fb6eed4a60e5aaaa712be8773880fa9459d9cac9bc4aa4fdbce3f447f?s=96&d=mm&r=g\",\"url\":\"https:\\\/\\\/secure.gravatar.com\\\/avatar\\\/5f53ce9fb6eed4a60e5aaaa712be8773880fa9459d9cac9bc4aa4fdbce3f447f?s=96&d=mm&r=g\",\"contentUrl\":\"https:\\\/\\\/secure.gravatar.com\\\/avatar\\\/5f53ce9fb6eed4a60e5aaaa712be8773880fa9459d9cac9bc4aa4fdbce3f447f?s=96&d=mm&r=g\",\"caption\":\"dev@grandiz.com\"},\"sameAs\":[\"http:\\\/\\\/preprod.retaildetail.be\"],\"url\":\"https:\\\/\\\/www.retaildetail.be\\\/fr\\\/author\\\/devgrandiz-com\\\/\"}]}<\/script>\n<!-- \/ Yoast SEO plugin. -->","yoast_head_json":{"title":"Ijsboerke demande une protection judiciaire apr\u00e8s un \u00e9t\u00e9 pourri - RetailDetail BE","robots":{"index":"index","follow":"follow","max-snippet":"max-snippet:-1","max-image-preview":"max-image-preview:large","max-video-preview":"max-video-preview:-1"},"canonical":"https:\/\/www.retaildetail.be\/fr\/news\/food\/ijsboerke-demande-une-protection-judiciaire-apres-un-ete-pourri\/","og_locale":"fr_FR","og_type":"article","og_title":"Ijsboerke demande une protection judiciaire apr\u00e8s un \u00e9t\u00e9 pourri - RetailDetail BE","og_description":"Les probl\u00e8mes ne datent pas d\u2019hier L\u2019ann\u00e9e derni\u00e8re, Ijsboerke a d\u00e9j\u00e0 d\u00fb fermer deux entit\u00e9s, entra\u00eenant ainsi une perte de 162 emplois. Aujourd\u2019hui, l&rsquo;entreprise semble subir la crise de plein fouet. C&rsquo;es pourquoi le Belgium Icecream Group a fait d\u00e9marrer la proc\u00e9dure LCE (loi relative \u00e0 la continuit\u00e9 des entreprises). Pour l\u2019ann\u00e9e comptable 2012, le [&hellip;]","og_url":"https:\/\/www.retaildetail.be\/fr\/news\/food\/ijsboerke-demande-une-protection-judiciaire-apres-un-ete-pourri\/","og_site_name":"RetailDetail BE","article_published_time":"2012-12-24T11:06:19+00:00","og_image":[{"width":281,"height":147,"url":"https:\/\/i0.wp.com\/www.retaildetail.be\/wp-content\/uploads\/2022\/04\/logo.png?fit=281%2C147&quality=100&strip=all&ssl=1","type":"image\/png"}],"author":"dev@grandiz.com","twitter_card":"summary_large_image","twitter_misc":{"\u00c9crit par":"dev@grandiz.com","Dur\u00e9e de lecture estim\u00e9e":"1 minute"},"schema":{"@context":"https:\/\/schema.org","@graph":[{"@type":"NewsArticle","@id":"https:\/\/www.retaildetail.be\/fr\/news\/food\/ijsboerke-demande-une-protection-judiciaire-apres-un-ete-pourri\/#article","isPartOf":{"@id":"https:\/\/www.retaildetail.be\/fr\/news\/food\/ijsboerke-demande-une-protection-judiciaire-apres-un-ete-pourri\/"},"author":{"name":"dev@grandiz.com","@id":"https:\/\/www.retaildetail.be\/nl\/#\/schema\/person\/ba2d383452a753a3a1ce8cdb349b5fc9"},"headline":"Ijsboerke demande une protection judiciaire apr\u00e8s un \u00e9t\u00e9 pourri","datePublished":"2012-12-24T11:06:19+00:00","mainEntityOfPage":{"@id":"https:\/\/www.retaildetail.be\/fr\/news\/food\/ijsboerke-demande-une-protection-judiciaire-apres-un-ete-pourri\/"},"wordCount":256,"publisher":{"@id":"https:\/\/www.retaildetail.be\/nl\/#organization"},"image":{"@id":"https:\/\/www.retaildetail.be\/fr\/news\/food\/ijsboerke-demande-une-protection-judiciaire-apres-un-ete-pourri\/#primaryimage"},"thumbnailUrl":"https:\/\/www.retaildetail.be\/wp-content\/uploads\/2022\/04\/logo.png","articleSection":["Food"],"inLanguage":"fr-FR","copyrightYear":"2012","copyrightHolder":{"@id":"https:\/\/www.retaildetail.be\/#organization"}},{"@type":"WebPage","@id":"https:\/\/www.retaildetail.be\/fr\/news\/food\/ijsboerke-demande-une-protection-judiciaire-apres-un-ete-pourri\/","url":"https:\/\/www.retaildetail.be\/fr\/news\/food\/ijsboerke-demande-une-protection-judiciaire-apres-un-ete-pourri\/","name":"Ijsboerke demande une protection judiciaire apr\u00e8s un \u00e9t\u00e9 pourri - RetailDetail BE","isPartOf":{"@id":"https:\/\/www.retaildetail.be\/nl\/#website"},"primaryImageOfPage":{"@id":"https:\/\/www.retaildetail.be\/fr\/news\/food\/ijsboerke-demande-une-protection-judiciaire-apres-un-ete-pourri\/#primaryimage"},"image":{"@id":"https:\/\/www.retaildetail.be\/fr\/news\/food\/ijsboerke-demande-une-protection-judiciaire-apres-un-ete-pourri\/#primaryimage"},"thumbnailUrl":"https:\/\/www.retaildetail.be\/wp-content\/uploads\/2022\/04\/logo.png","datePublished":"2012-12-24T11:06:19+00:00","breadcrumb":{"@id":"https:\/\/www.retaildetail.be\/fr\/news\/food\/ijsboerke-demande-une-protection-judiciaire-apres-un-ete-pourri\/#breadcrumb"},"inLanguage":"fr-FR","potentialAction":[{"@type":"ReadAction","target":["https:\/\/www.retaildetail.be\/fr\/news\/food\/ijsboerke-demande-une-protection-judiciaire-apres-un-ete-pourri\/"]}]},{"@type":"ImageObject","inLanguage":"fr-FR","@id":"https:\/\/www.retaildetail.be\/fr\/news\/food\/ijsboerke-demande-une-protection-judiciaire-apres-un-ete-pourri\/#primaryimage","url":"https:\/\/www.retaildetail.be\/wp-content\/uploads\/2022\/04\/logo.png","contentUrl":"https:\/\/www.retaildetail.be\/wp-content\/uploads\/2022\/04\/logo.png","width":281,"height":147},{"@type":"BreadcrumbList","@id":"https:\/\/www.retaildetail.be\/fr\/news\/food\/ijsboerke-demande-une-protection-judiciaire-apres-un-ete-pourri\/#breadcrumb","itemListElement":[{"@type":"ListItem","position":1,"name":"Home","item":"https:\/\/www.retaildetail.be\/fr\/"},{"@type":"ListItem","position":2,"name":"Ijsboerke demande une protection judiciaire apr\u00e8s un \u00e9t\u00e9 pourri"}]},{"@type":"WebSite","@id":"https:\/\/www.retaildetail.be\/nl\/#website","url":"https:\/\/www.retaildetail.be\/nl\/","name":"RetailDetail BE","description":"News","publisher":{"@id":"https:\/\/www.retaildetail.be\/nl\/#organization"},"potentialAction":[{"@type":"SearchAction","target":{"@type":"EntryPoint","urlTemplate":"https:\/\/www.retaildetail.be\/nl\/?s={search_term_string}"},"query-input":{"@type":"PropertyValueSpecification","valueRequired":true,"valueName":"search_term_string"}}],"inLanguage":"fr-FR"},{"@type":"Organization","@id":"https:\/\/www.retaildetail.be\/nl\/#organization","name":"RetailDetail BE","url":"https:\/\/www.retaildetail.be\/nl\/","logo":{"@type":"ImageObject","inLanguage":"fr-FR","@id":"https:\/\/www.retaildetail.be\/nl\/#\/schema\/logo\/image\/","url":"https:\/\/www.retaildetail.be\/wp-content\/uploads\/2022\/04\/logo.svg","contentUrl":"https:\/\/www.retaildetail.be\/wp-content\/uploads\/2022\/04\/logo.svg","width":131,"height":70,"caption":"RetailDetail BE"},"image":{"@id":"https:\/\/www.retaildetail.be\/nl\/#\/schema\/logo\/image\/"}},{"@type":"Person","@id":"https:\/\/www.retaildetail.be\/nl\/#\/schema\/person\/ba2d383452a753a3a1ce8cdb349b5fc9","name":"dev@grandiz.com","image":{"@type":"ImageObject","inLanguage":"fr-FR","@id":"https:\/\/secure.gravatar.com\/avatar\/5f53ce9fb6eed4a60e5aaaa712be8773880fa9459d9cac9bc4aa4fdbce3f447f?s=96&d=mm&r=g","url":"https:\/\/secure.gravatar.com\/avatar\/5f53ce9fb6eed4a60e5aaaa712be8773880fa9459d9cac9bc4aa4fdbce3f447f?s=96&d=mm&r=g","contentUrl":"https:\/\/secure.gravatar.com\/avatar\/5f53ce9fb6eed4a60e5aaaa712be8773880fa9459d9cac9bc4aa4fdbce3f447f?s=96&d=mm&r=g","caption":"dev@grandiz.com"},"sameAs":["http:\/\/preprod.retaildetail.be"],"url":"https:\/\/www.retaildetail.be\/fr\/author\/devgrandiz-com\/"}]}},"jetpack_featured_media_url":"https:\/\/www.retaildetail.be\/wp-content\/uploads\/2022\/04\/logo.png","jetpack_sharing_enabled":true,"_links":{"self":[{"href":"https:\/\/www.retaildetail.be\/fr\/wp-json\/wp\/v2\/posts\/2478","targetHints":{"allow":["GET"]}}],"collection":[{"href":"https:\/\/www.retaildetail.be\/fr\/wp-json\/wp\/v2\/posts"}],"about":[{"href":"https:\/\/www.retaildetail.be\/fr\/wp-json\/wp\/v2\/types\/post"}],"author":[{"embeddable":true,"href":"https:\/\/www.retaildetail.be\/fr\/wp-json\/wp\/v2\/users\/1"}],"replies":[{"embeddable":true,"href":"https:\/\/www.retaildetail.be\/fr\/wp-json\/wp\/v2\/comments?post=2478"}],"version-history":[{"count":0,"href":"https:\/\/www.retaildetail.be\/fr\/wp-json\/wp\/v2\/posts\/2478\/revisions"}],"wp:featuredmedia":[{"embeddable":true,"href":"https:\/\/www.retaildetail.be\/fr\/wp-json\/wp\/v2\/media\/84"}],"wp:attachment":[{"href":"https:\/\/www.retaildetail.be\/fr\/wp-json\/wp\/v2\/media?parent=2478"}],"wp:term":[{"taxonomy":"category","embeddable":true,"href":"https:\/\/www.retaildetail.be\/fr\/wp-json\/wp\/v2\/categories?post=2478"},{"taxonomy":"post_tag","embeddable":true,"href":"https:\/\/www.retaildetail.be\/fr\/wp-json\/wp\/v2\/tags?post=2478"},{"taxonomy":"people","embeddable":true,"href":"https:\/\/www.retaildetail.be\/fr\/wp-json\/wp\/v2\/people?post=2478"},{"taxonomy":"extra","embeddable":true,"href":"https:\/\/www.retaildetail.be\/fr\/wp-json\/wp\/v2\/extra?post=2478"},{"taxonomy":"company","embeddable":true,"href":"https:\/\/www.retaildetail.be\/fr\/wp-json\/wp\/v2\/company?post=2478"},{"taxonomy":"topic","embeddable":true,"href":"https:\/\/www.retaildetail.be\/fr\/wp-json\/wp\/v2\/topic?post=2478"},{"taxonomy":"region","embeddable":true,"href":"https:\/\/www.retaildetail.be\/fr\/wp-json\/wp\/v2\/region?post=2478"}],"curies":[{"name":"wp","href":"https:\/\/api.w.org\/{rel}","templated":true}]}}