{"id":2482,"date":"2012-12-26T09:31:05","date_gmt":"2012-12-26T09:31:05","guid":{"rendered":"https:\/\/www.retaildetail.be\/food\/le-cdh-propose-une-exoneration-fiscale-pour-les-dons-dinvendus-alimentaires\/"},"modified":"2012-12-26T09:31:05","modified_gmt":"2012-12-26T09:31:05","slug":"le-cdh-propose-une-exoneration-fiscale-pour-les-dons-dinvendus-alimentaires","status":"publish","type":"post","link":"https:\/\/www.retaildetail.be\/fr\/news\/food\/le-cdh-propose-une-exoneration-fiscale-pour-les-dons-dinvendus-alimentaires\/","title":{"rendered":"Le cdH propose une exon\u00e9ration fiscale pour les dons d\u2019invendus alimentaires"},"content":{"rendered":"<h2>D\u00e9duction fiscale \u00e0 60% de la valeur en stock \u00a0<\/h2>\n<p>En permettant aux commer\u00e7ants de d\u00e9duire de leurs imp\u00f4ts les dons d\u2019aliments invendus, le cdH esp\u00e8re <a target=\"_blank\" href=\"fr\/f-belgique\/bgq-alimentation\/item\/14812-les-supermarch%C3%A9s-bient%C3%B4t-oblig%C3%A9s-de-c%C3%A9der-leurs-aliments-exc%C3%A9dentaires-\" rel=\"noopener\">\u00e9viter le gaspillage de nourriture<\/a> et <strong>stimuler les commer\u00e7ants \u00e0 faire don de leurs invendus<\/strong>. \u00ab Etant donn\u00e9 que certains pays europ\u00e9ens remettent en cause les subsides pour l&rsquo;aide alimentaire europ\u00e9enne \u00bb, les d\u00e9put\u00e9s cdH estiment que cette proposition\u00a0 est la solution id\u00e9ale afin de continuer \u00e0 pourvoir les associations caritatives de nourriture pour les personnes d\u00e9favoris\u00e9es.<\/p>\n<p>Concr\u00e8tement \u00ab les dons en nature seraient <strong>valoris\u00e9s \u00e0 60% de leur valeur en stock<\/strong> en vue du calcul de la d\u00e9duction \u00bb proposent les d\u00e9put\u00e9s cdH George Dallemagne et Beno\u00eet Lutgen en ajoutant toutefois que \u00ab la r\u00e9duction de l&rsquo;imp\u00f4t ne pourra d\u00e9passer 0,5% du chiffre d&rsquo;affaires de la soci\u00e9t\u00e9. \u00bb Les boissons alcoolis\u00e9es et les aliments, dont la date limite de consommation est d\u00e9pass\u00e9e, sont exclus.<\/p>\n<p>R\u00e9cemment l\u2019organisation sectorielle <a target=\"_blank\" href=\"fr\/f-belgique\/bgq-alimentation\/item\/14991-le-secteur-alimentaire-prend-des-mesures-contre-le-gaspillage\" rel=\"noopener\">Comeos avait d\u00e9j\u00e0 fait un pas dans ce sens en publiant une brochure<\/a><strong> expliquant aux commer\u00e7ants comment faire don de leurs exc\u00e9dents alimentaires de mani\u00e8re simple et r\u00e8glementaire<\/strong>. Selon Comeos les distributeurs alimentaires sont tout \u00e0 fait dispos\u00e9s \u00e0 collaborer, mais ne savent pas toujours comment proc\u00e9der. La f\u00e9d\u00e9ration du commerce elle aussi avait plaid\u00e9 pour des avantages fiscaux, tels que la suppression de la TVA sur les dons alimentaires.<\/p>\n<p>\u00a0<\/p>\n<p>\u00a0<\/p>\n<p><em>Tradcution : Marie-No\u00eblle Masure<\/em><\/p>\n","protected":false},"excerpt":{"rendered":"<p>D\u00e9duction fiscale \u00e0 60% de la valeur en stock \u00a0 En permettant aux commer\u00e7ants de d\u00e9duire de leurs imp\u00f4ts les dons d\u2019aliments invendus, le cdH esp\u00e8re \u00e9viter le gaspillage de nourriture et stimuler les commer\u00e7ants \u00e0 faire don de leurs invendus. \u00ab Etant donn\u00e9 que certains pays europ\u00e9ens remettent en cause les subsides pour l&rsquo;aide [&hellip;]<\/p>\n","protected":false},"author":1,"featured_media":84,"comment_status":"closed","ping_status":"closed","sticky":false,"template":"","format":"standard","meta":{"_acf_changed":false,"inline_featured_image":false,"_jetpack_memberships_contains_paid_content":false,"footnotes":""},"categories":[24],"tags":[],"people":[],"extra":[],"company":[],"topic":[],"region":[],"class_list":["post-2482","post","type-post","status-publish","format-standard","has-post-thumbnail","hentry","category-food"],"acf":[],"yoast_head":"<!-- This site is optimized with the Yoast SEO plugin v27.3 - https:\/\/yoast.com\/product\/yoast-seo-wordpress\/ -->\n<title>Le cdH propose une exon\u00e9ration fiscale pour les dons d\u2019invendus alimentaires - RetailDetail BE<\/title>\n<meta name=\"robots\" content=\"index, follow, max-snippet:-1, max-image-preview:large, max-video-preview:-1\" \/>\n<link rel=\"canonical\" href=\"https:\/\/www.retaildetail.be\/fr\/news\/food\/le-cdh-propose-une-exoneration-fiscale-pour-les-dons-dinvendus-alimentaires\/\" \/>\n<meta property=\"og:locale\" content=\"fr_FR\" \/>\n<meta property=\"og:type\" content=\"article\" \/>\n<meta property=\"og:title\" content=\"Le cdH propose une exon\u00e9ration fiscale pour les dons d\u2019invendus alimentaires - RetailDetail BE\" \/>\n<meta property=\"og:description\" content=\"D\u00e9duction fiscale \u00e0 60% de la valeur en stock \u00a0 En permettant aux commer\u00e7ants de d\u00e9duire de leurs imp\u00f4ts les dons d\u2019aliments invendus, le cdH esp\u00e8re \u00e9viter le gaspillage de nourriture et stimuler les commer\u00e7ants \u00e0 faire don de leurs invendus. \u00ab Etant donn\u00e9 que certains pays europ\u00e9ens remettent en cause les subsides pour l&rsquo;aide [&hellip;]\" \/>\n<meta property=\"og:url\" content=\"https:\/\/www.retaildetail.be\/fr\/news\/food\/le-cdh-propose-une-exoneration-fiscale-pour-les-dons-dinvendus-alimentaires\/\" \/>\n<meta property=\"og:site_name\" content=\"RetailDetail BE\" \/>\n<meta property=\"article:published_time\" content=\"2012-12-26T09:31:05+00:00\" \/>\n<meta property=\"og:image\" content=\"https:\/\/i0.wp.com\/www.retaildetail.be\/wp-content\/uploads\/2022\/04\/logo.png?fit=281%2C147&quality=100&strip=all&ssl=1\" \/>\n\t<meta property=\"og:image:width\" content=\"281\" \/>\n\t<meta property=\"og:image:height\" content=\"147\" \/>\n\t<meta property=\"og:image:type\" content=\"image\/png\" \/>\n<meta name=\"author\" content=\"dev@grandiz.com\" \/>\n<meta name=\"twitter:card\" content=\"summary_large_image\" \/>\n<meta name=\"twitter:label1\" content=\"\u00c9crit par\" \/>\n\t<meta name=\"twitter:data1\" content=\"dev@grandiz.com\" \/>\n\t<meta name=\"twitter:label2\" content=\"Dur\u00e9e de lecture estim\u00e9e\" \/>\n\t<meta name=\"twitter:data2\" content=\"1 minute\" \/>\n<script type=\"application\/ld+json\" class=\"yoast-schema-graph\">{\"@context\":\"https:\\\/\\\/schema.org\",\"@graph\":[{\"@type\":\"NewsArticle\",\"@id\":\"https:\\\/\\\/www.retaildetail.be\\\/fr\\\/news\\\/food\\\/le-cdh-propose-une-exoneration-fiscale-pour-les-dons-dinvendus-alimentaires\\\/#article\",\"isPartOf\":{\"@id\":\"https:\\\/\\\/www.retaildetail.be\\\/fr\\\/news\\\/food\\\/le-cdh-propose-une-exoneration-fiscale-pour-les-dons-dinvendus-alimentaires\\\/\"},\"author\":{\"name\":\"dev@grandiz.com\",\"@id\":\"https:\\\/\\\/www.retaildetail.be\\\/nl\\\/#\\\/schema\\\/person\\\/ba2d383452a753a3a1ce8cdb349b5fc9\"},\"headline\":\"Le cdH propose une exon\u00e9ration fiscale pour les dons d\u2019invendus alimentaires\",\"datePublished\":\"2012-12-26T09:31:05+00:00\",\"mainEntityOfPage\":{\"@id\":\"https:\\\/\\\/www.retaildetail.be\\\/fr\\\/news\\\/food\\\/le-cdh-propose-une-exoneration-fiscale-pour-les-dons-dinvendus-alimentaires\\\/\"},\"wordCount\":266,\"publisher\":{\"@id\":\"https:\\\/\\\/www.retaildetail.be\\\/nl\\\/#organization\"},\"image\":{\"@id\":\"https:\\\/\\\/www.retaildetail.be\\\/fr\\\/news\\\/food\\\/le-cdh-propose-une-exoneration-fiscale-pour-les-dons-dinvendus-alimentaires\\\/#primaryimage\"},\"thumbnailUrl\":\"https:\\\/\\\/www.retaildetail.be\\\/wp-content\\\/uploads\\\/2022\\\/04\\\/logo.png\",\"articleSection\":[\"Food\"],\"inLanguage\":\"fr-FR\",\"copyrightYear\":\"2012\",\"copyrightHolder\":{\"@id\":\"https:\\\/\\\/www.retaildetail.be\\\/#organization\"}},{\"@type\":\"WebPage\",\"@id\":\"https:\\\/\\\/www.retaildetail.be\\\/fr\\\/news\\\/food\\\/le-cdh-propose-une-exoneration-fiscale-pour-les-dons-dinvendus-alimentaires\\\/\",\"url\":\"https:\\\/\\\/www.retaildetail.be\\\/fr\\\/news\\\/food\\\/le-cdh-propose-une-exoneration-fiscale-pour-les-dons-dinvendus-alimentaires\\\/\",\"name\":\"Le cdH propose une exon\u00e9ration fiscale pour les dons d\u2019invendus alimentaires - RetailDetail BE\",\"isPartOf\":{\"@id\":\"https:\\\/\\\/www.retaildetail.be\\\/nl\\\/#website\"},\"primaryImageOfPage\":{\"@id\":\"https:\\\/\\\/www.retaildetail.be\\\/fr\\\/news\\\/food\\\/le-cdh-propose-une-exoneration-fiscale-pour-les-dons-dinvendus-alimentaires\\\/#primaryimage\"},\"image\":{\"@id\":\"https:\\\/\\\/www.retaildetail.be\\\/fr\\\/news\\\/food\\\/le-cdh-propose-une-exoneration-fiscale-pour-les-dons-dinvendus-alimentaires\\\/#primaryimage\"},\"thumbnailUrl\":\"https:\\\/\\\/www.retaildetail.be\\\/wp-content\\\/uploads\\\/2022\\\/04\\\/logo.png\",\"datePublished\":\"2012-12-26T09:31:05+00:00\",\"breadcrumb\":{\"@id\":\"https:\\\/\\\/www.retaildetail.be\\\/fr\\\/news\\\/food\\\/le-cdh-propose-une-exoneration-fiscale-pour-les-dons-dinvendus-alimentaires\\\/#breadcrumb\"},\"inLanguage\":\"fr-FR\",\"potentialAction\":[{\"@type\":\"ReadAction\",\"target\":[\"https:\\\/\\\/www.retaildetail.be\\\/fr\\\/news\\\/food\\\/le-cdh-propose-une-exoneration-fiscale-pour-les-dons-dinvendus-alimentaires\\\/\"]}]},{\"@type\":\"ImageObject\",\"inLanguage\":\"fr-FR\",\"@id\":\"https:\\\/\\\/www.retaildetail.be\\\/fr\\\/news\\\/food\\\/le-cdh-propose-une-exoneration-fiscale-pour-les-dons-dinvendus-alimentaires\\\/#primaryimage\",\"url\":\"https:\\\/\\\/www.retaildetail.be\\\/wp-content\\\/uploads\\\/2022\\\/04\\\/logo.png\",\"contentUrl\":\"https:\\\/\\\/www.retaildetail.be\\\/wp-content\\\/uploads\\\/2022\\\/04\\\/logo.png\",\"width\":281,\"height\":147},{\"@type\":\"BreadcrumbList\",\"@id\":\"https:\\\/\\\/www.retaildetail.be\\\/fr\\\/news\\\/food\\\/le-cdh-propose-une-exoneration-fiscale-pour-les-dons-dinvendus-alimentaires\\\/#breadcrumb\",\"itemListElement\":[{\"@type\":\"ListItem\",\"position\":1,\"name\":\"Home\",\"item\":\"https:\\\/\\\/www.retaildetail.be\\\/fr\\\/\"},{\"@type\":\"ListItem\",\"position\":2,\"name\":\"Le cdH propose une exon\u00e9ration fiscale pour les dons d\u2019invendus alimentaires\"}]},{\"@type\":\"WebSite\",\"@id\":\"https:\\\/\\\/www.retaildetail.be\\\/nl\\\/#website\",\"url\":\"https:\\\/\\\/www.retaildetail.be\\\/nl\\\/\",\"name\":\"RetailDetail BE\",\"description\":\"News\",\"publisher\":{\"@id\":\"https:\\\/\\\/www.retaildetail.be\\\/nl\\\/#organization\"},\"potentialAction\":[{\"@type\":\"SearchAction\",\"target\":{\"@type\":\"EntryPoint\",\"urlTemplate\":\"https:\\\/\\\/www.retaildetail.be\\\/nl\\\/?s={search_term_string}\"},\"query-input\":{\"@type\":\"PropertyValueSpecification\",\"valueRequired\":true,\"valueName\":\"search_term_string\"}}],\"inLanguage\":\"fr-FR\"},{\"@type\":\"Organization\",\"@id\":\"https:\\\/\\\/www.retaildetail.be\\\/nl\\\/#organization\",\"name\":\"RetailDetail BE\",\"url\":\"https:\\\/\\\/www.retaildetail.be\\\/nl\\\/\",\"logo\":{\"@type\":\"ImageObject\",\"inLanguage\":\"fr-FR\",\"@id\":\"https:\\\/\\\/www.retaildetail.be\\\/nl\\\/#\\\/schema\\\/logo\\\/image\\\/\",\"url\":\"https:\\\/\\\/www.retaildetail.be\\\/wp-content\\\/uploads\\\/2022\\\/04\\\/logo.svg\",\"contentUrl\":\"https:\\\/\\\/www.retaildetail.be\\\/wp-content\\\/uploads\\\/2022\\\/04\\\/logo.svg\",\"width\":131,\"height\":70,\"caption\":\"RetailDetail BE\"},\"image\":{\"@id\":\"https:\\\/\\\/www.retaildetail.be\\\/nl\\\/#\\\/schema\\\/logo\\\/image\\\/\"}},{\"@type\":\"Person\",\"@id\":\"https:\\\/\\\/www.retaildetail.be\\\/nl\\\/#\\\/schema\\\/person\\\/ba2d383452a753a3a1ce8cdb349b5fc9\",\"name\":\"dev@grandiz.com\",\"image\":{\"@type\":\"ImageObject\",\"inLanguage\":\"fr-FR\",\"@id\":\"https:\\\/\\\/secure.gravatar.com\\\/avatar\\\/5f53ce9fb6eed4a60e5aaaa712be8773880fa9459d9cac9bc4aa4fdbce3f447f?s=96&d=mm&r=g\",\"url\":\"https:\\\/\\\/secure.gravatar.com\\\/avatar\\\/5f53ce9fb6eed4a60e5aaaa712be8773880fa9459d9cac9bc4aa4fdbce3f447f?s=96&d=mm&r=g\",\"contentUrl\":\"https:\\\/\\\/secure.gravatar.com\\\/avatar\\\/5f53ce9fb6eed4a60e5aaaa712be8773880fa9459d9cac9bc4aa4fdbce3f447f?s=96&d=mm&r=g\",\"caption\":\"dev@grandiz.com\"},\"sameAs\":[\"http:\\\/\\\/preprod.retaildetail.be\"],\"url\":\"https:\\\/\\\/www.retaildetail.be\\\/fr\\\/author\\\/devgrandiz-com\\\/\"}]}<\/script>\n<!-- \/ Yoast SEO plugin. -->","yoast_head_json":{"title":"Le cdH propose une exon\u00e9ration fiscale pour les dons d\u2019invendus alimentaires - RetailDetail BE","robots":{"index":"index","follow":"follow","max-snippet":"max-snippet:-1","max-image-preview":"max-image-preview:large","max-video-preview":"max-video-preview:-1"},"canonical":"https:\/\/www.retaildetail.be\/fr\/news\/food\/le-cdh-propose-une-exoneration-fiscale-pour-les-dons-dinvendus-alimentaires\/","og_locale":"fr_FR","og_type":"article","og_title":"Le cdH propose une exon\u00e9ration fiscale pour les dons d\u2019invendus alimentaires - RetailDetail BE","og_description":"D\u00e9duction fiscale \u00e0 60% de la valeur en stock \u00a0 En permettant aux commer\u00e7ants de d\u00e9duire de leurs imp\u00f4ts les dons d\u2019aliments invendus, le cdH esp\u00e8re \u00e9viter le gaspillage de nourriture et stimuler les commer\u00e7ants \u00e0 faire don de leurs invendus. \u00ab Etant donn\u00e9 que certains pays europ\u00e9ens remettent en cause les subsides pour l&rsquo;aide [&hellip;]","og_url":"https:\/\/www.retaildetail.be\/fr\/news\/food\/le-cdh-propose-une-exoneration-fiscale-pour-les-dons-dinvendus-alimentaires\/","og_site_name":"RetailDetail BE","article_published_time":"2012-12-26T09:31:05+00:00","og_image":[{"width":281,"height":147,"url":"https:\/\/i0.wp.com\/www.retaildetail.be\/wp-content\/uploads\/2022\/04\/logo.png?fit=281%2C147&quality=100&strip=all&ssl=1","type":"image\/png"}],"author":"dev@grandiz.com","twitter_card":"summary_large_image","twitter_misc":{"\u00c9crit par":"dev@grandiz.com","Dur\u00e9e de lecture estim\u00e9e":"1 minute"},"schema":{"@context":"https:\/\/schema.org","@graph":[{"@type":"NewsArticle","@id":"https:\/\/www.retaildetail.be\/fr\/news\/food\/le-cdh-propose-une-exoneration-fiscale-pour-les-dons-dinvendus-alimentaires\/#article","isPartOf":{"@id":"https:\/\/www.retaildetail.be\/fr\/news\/food\/le-cdh-propose-une-exoneration-fiscale-pour-les-dons-dinvendus-alimentaires\/"},"author":{"name":"dev@grandiz.com","@id":"https:\/\/www.retaildetail.be\/nl\/#\/schema\/person\/ba2d383452a753a3a1ce8cdb349b5fc9"},"headline":"Le cdH propose une exon\u00e9ration fiscale pour les dons d\u2019invendus alimentaires","datePublished":"2012-12-26T09:31:05+00:00","mainEntityOfPage":{"@id":"https:\/\/www.retaildetail.be\/fr\/news\/food\/le-cdh-propose-une-exoneration-fiscale-pour-les-dons-dinvendus-alimentaires\/"},"wordCount":266,"publisher":{"@id":"https:\/\/www.retaildetail.be\/nl\/#organization"},"image":{"@id":"https:\/\/www.retaildetail.be\/fr\/news\/food\/le-cdh-propose-une-exoneration-fiscale-pour-les-dons-dinvendus-alimentaires\/#primaryimage"},"thumbnailUrl":"https:\/\/www.retaildetail.be\/wp-content\/uploads\/2022\/04\/logo.png","articleSection":["Food"],"inLanguage":"fr-FR","copyrightYear":"2012","copyrightHolder":{"@id":"https:\/\/www.retaildetail.be\/#organization"}},{"@type":"WebPage","@id":"https:\/\/www.retaildetail.be\/fr\/news\/food\/le-cdh-propose-une-exoneration-fiscale-pour-les-dons-dinvendus-alimentaires\/","url":"https:\/\/www.retaildetail.be\/fr\/news\/food\/le-cdh-propose-une-exoneration-fiscale-pour-les-dons-dinvendus-alimentaires\/","name":"Le cdH propose une exon\u00e9ration fiscale pour les dons d\u2019invendus alimentaires - RetailDetail BE","isPartOf":{"@id":"https:\/\/www.retaildetail.be\/nl\/#website"},"primaryImageOfPage":{"@id":"https:\/\/www.retaildetail.be\/fr\/news\/food\/le-cdh-propose-une-exoneration-fiscale-pour-les-dons-dinvendus-alimentaires\/#primaryimage"},"image":{"@id":"https:\/\/www.retaildetail.be\/fr\/news\/food\/le-cdh-propose-une-exoneration-fiscale-pour-les-dons-dinvendus-alimentaires\/#primaryimage"},"thumbnailUrl":"https:\/\/www.retaildetail.be\/wp-content\/uploads\/2022\/04\/logo.png","datePublished":"2012-12-26T09:31:05+00:00","breadcrumb":{"@id":"https:\/\/www.retaildetail.be\/fr\/news\/food\/le-cdh-propose-une-exoneration-fiscale-pour-les-dons-dinvendus-alimentaires\/#breadcrumb"},"inLanguage":"fr-FR","potentialAction":[{"@type":"ReadAction","target":["https:\/\/www.retaildetail.be\/fr\/news\/food\/le-cdh-propose-une-exoneration-fiscale-pour-les-dons-dinvendus-alimentaires\/"]}]},{"@type":"ImageObject","inLanguage":"fr-FR","@id":"https:\/\/www.retaildetail.be\/fr\/news\/food\/le-cdh-propose-une-exoneration-fiscale-pour-les-dons-dinvendus-alimentaires\/#primaryimage","url":"https:\/\/www.retaildetail.be\/wp-content\/uploads\/2022\/04\/logo.png","contentUrl":"https:\/\/www.retaildetail.be\/wp-content\/uploads\/2022\/04\/logo.png","width":281,"height":147},{"@type":"BreadcrumbList","@id":"https:\/\/www.retaildetail.be\/fr\/news\/food\/le-cdh-propose-une-exoneration-fiscale-pour-les-dons-dinvendus-alimentaires\/#breadcrumb","itemListElement":[{"@type":"ListItem","position":1,"name":"Home","item":"https:\/\/www.retaildetail.be\/fr\/"},{"@type":"ListItem","position":2,"name":"Le cdH propose une exon\u00e9ration fiscale pour les dons d\u2019invendus alimentaires"}]},{"@type":"WebSite","@id":"https:\/\/www.retaildetail.be\/nl\/#website","url":"https:\/\/www.retaildetail.be\/nl\/","name":"RetailDetail BE","description":"News","publisher":{"@id":"https:\/\/www.retaildetail.be\/nl\/#organization"},"potentialAction":[{"@type":"SearchAction","target":{"@type":"EntryPoint","urlTemplate":"https:\/\/www.retaildetail.be\/nl\/?s={search_term_string}"},"query-input":{"@type":"PropertyValueSpecification","valueRequired":true,"valueName":"search_term_string"}}],"inLanguage":"fr-FR"},{"@type":"Organization","@id":"https:\/\/www.retaildetail.be\/nl\/#organization","name":"RetailDetail BE","url":"https:\/\/www.retaildetail.be\/nl\/","logo":{"@type":"ImageObject","inLanguage":"fr-FR","@id":"https:\/\/www.retaildetail.be\/nl\/#\/schema\/logo\/image\/","url":"https:\/\/www.retaildetail.be\/wp-content\/uploads\/2022\/04\/logo.svg","contentUrl":"https:\/\/www.retaildetail.be\/wp-content\/uploads\/2022\/04\/logo.svg","width":131,"height":70,"caption":"RetailDetail BE"},"image":{"@id":"https:\/\/www.retaildetail.be\/nl\/#\/schema\/logo\/image\/"}},{"@type":"Person","@id":"https:\/\/www.retaildetail.be\/nl\/#\/schema\/person\/ba2d383452a753a3a1ce8cdb349b5fc9","name":"dev@grandiz.com","image":{"@type":"ImageObject","inLanguage":"fr-FR","@id":"https:\/\/secure.gravatar.com\/avatar\/5f53ce9fb6eed4a60e5aaaa712be8773880fa9459d9cac9bc4aa4fdbce3f447f?s=96&d=mm&r=g","url":"https:\/\/secure.gravatar.com\/avatar\/5f53ce9fb6eed4a60e5aaaa712be8773880fa9459d9cac9bc4aa4fdbce3f447f?s=96&d=mm&r=g","contentUrl":"https:\/\/secure.gravatar.com\/avatar\/5f53ce9fb6eed4a60e5aaaa712be8773880fa9459d9cac9bc4aa4fdbce3f447f?s=96&d=mm&r=g","caption":"dev@grandiz.com"},"sameAs":["http:\/\/preprod.retaildetail.be"],"url":"https:\/\/www.retaildetail.be\/fr\/author\/devgrandiz-com\/"}]}},"jetpack_featured_media_url":"https:\/\/www.retaildetail.be\/wp-content\/uploads\/2022\/04\/logo.png","jetpack_sharing_enabled":true,"_links":{"self":[{"href":"https:\/\/www.retaildetail.be\/fr\/wp-json\/wp\/v2\/posts\/2482","targetHints":{"allow":["GET"]}}],"collection":[{"href":"https:\/\/www.retaildetail.be\/fr\/wp-json\/wp\/v2\/posts"}],"about":[{"href":"https:\/\/www.retaildetail.be\/fr\/wp-json\/wp\/v2\/types\/post"}],"author":[{"embeddable":true,"href":"https:\/\/www.retaildetail.be\/fr\/wp-json\/wp\/v2\/users\/1"}],"replies":[{"embeddable":true,"href":"https:\/\/www.retaildetail.be\/fr\/wp-json\/wp\/v2\/comments?post=2482"}],"version-history":[{"count":0,"href":"https:\/\/www.retaildetail.be\/fr\/wp-json\/wp\/v2\/posts\/2482\/revisions"}],"wp:featuredmedia":[{"embeddable":true,"href":"https:\/\/www.retaildetail.be\/fr\/wp-json\/wp\/v2\/media\/84"}],"wp:attachment":[{"href":"https:\/\/www.retaildetail.be\/fr\/wp-json\/wp\/v2\/media?parent=2482"}],"wp:term":[{"taxonomy":"category","embeddable":true,"href":"https:\/\/www.retaildetail.be\/fr\/wp-json\/wp\/v2\/categories?post=2482"},{"taxonomy":"post_tag","embeddable":true,"href":"https:\/\/www.retaildetail.be\/fr\/wp-json\/wp\/v2\/tags?post=2482"},{"taxonomy":"people","embeddable":true,"href":"https:\/\/www.retaildetail.be\/fr\/wp-json\/wp\/v2\/people?post=2482"},{"taxonomy":"extra","embeddable":true,"href":"https:\/\/www.retaildetail.be\/fr\/wp-json\/wp\/v2\/extra?post=2482"},{"taxonomy":"company","embeddable":true,"href":"https:\/\/www.retaildetail.be\/fr\/wp-json\/wp\/v2\/company?post=2482"},{"taxonomy":"topic","embeddable":true,"href":"https:\/\/www.retaildetail.be\/fr\/wp-json\/wp\/v2\/topic?post=2482"},{"taxonomy":"region","embeddable":true,"href":"https:\/\/www.retaildetail.be\/fr\/wp-json\/wp\/v2\/region?post=2482"}],"curies":[{"name":"wp","href":"https:\/\/api.w.org\/{rel}","templated":true}]}}