{"id":2512,"date":"2013-01-03T11:19:33","date_gmt":"2013-01-03T11:19:33","guid":{"rendered":"https:\/\/www.retaildetail.be\/food\/ijsboerke-protege-contre-ses-creanciers-durant-six-mois\/"},"modified":"2013-01-03T11:19:33","modified_gmt":"2013-01-03T11:19:33","slug":"ijsboerke-protege-contre-ses-creanciers-durant-six-mois","status":"publish","type":"post","link":"https:\/\/www.retaildetail.be\/fr\/news\/food\/ijsboerke-protege-contre-ses-creanciers-durant-six-mois\/","title":{"rendered":"Ijsboerke prot\u00e9g\u00e9 contre ses cr\u00e9anciers durant six mois"},"content":{"rendered":"<h2>Sursis de six mois<\/h2>\n<p>Le glacier de Tielen (province d\u2019Anvers) est en mauvaise posture depuis un certain temps d\u00e9j\u00e0. En cause :<strong> les co\u00fbts salariaux \u00e9lev\u00e9s<\/strong>, <strong>la crise persistante<\/strong> (les consommateurs optent pour des glaces moins ch\u00e8res)\u00a0 et <strong>l\u2019\u00e9t\u00e9 m\u00e9diocre<\/strong>. Le groupe devrait cl\u00f4turer l\u2019ann\u00e9e 2012 avec une <strong>perte de 5 millions d\u2019euros<\/strong>.<\/p>\n<p>C\u2019est pourquoi <a target=\"_blank\" href=\"fr\/f-belgique\/bgq-alimentation\/item\/15049-ijsboerke-demande-protection-apr%C3%A8s-un-%C3%A9t%C3%A9-pourri\" rel=\"noopener\">juste avant No\u00ebl la direction a sollicit\u00e9 une protection contre ses cr\u00e9anciers <\/a>aupr\u00e8s du tribunal de commerce de Turnhout, qui vient d\u2019accepter\u00a0 cette demande hier\u00a0 dans le cadre de la loi sur la continuit\u00e9 des entreprises.<\/p>\n<p>A pr\u00e9sent le groupe dispose de six mois pour \u00e9tablir un plan de sauvetage.\u00a0 \u00ab Il vaut mieux avoir une chance suppl\u00e9mentaire, que pas de chance du tout \u00bb, commente Dirk Verhaegen, secr\u00e9taire syndical (ACV). \u00ab Les mois prochains seront difficiles pour tout le monde. <strong>Le dossier est complexe<\/strong>. D\u2019ici le mois de juillet un plan d\u2019aust\u00e9rit\u00e9 devra \u00eatre pr\u00e9sent\u00e9 au tribunal de commerce. Le personnel lui aussi est impliqu\u00e9. Ils sont pr\u00eats \u00e0 fournir des efforts, \u00e0 condition qu\u2019il y ait un avenir pour leur entreprise. \u00bb<\/p>\n<p>\u00a0<\/p>\n<p>\u00ab Maintenant le principal d\u00e9fi consiste \u00e0<strong> \u00e9laborer un bon plan pour l\u2019avenir de l\u2019entreprise<\/strong> \u00bb, estime Inge De Haes, avocate de Belgian Icecream Group.<\/p>\n<p>\u00a0<\/p>\n<h2>Comeback de la famille Janssens ?<\/h2>\n<p>On ignore encore si <strong>Achille Janssens (63 ans), ancien propri\u00e9taire d\u2019 Ijsboerke<\/strong> et fils du fondateur Staf Janssens, aura un r\u00f4le \u00e0 jouer dans ce plan de sauvetage.\u00a0 Fin de l\u2019ann\u00e9e derni\u00e8re Achille, r\u00e9sidant actuellement \u00e0 Monaco, avait annonc\u00e9 \u00eatre pr\u00eat \u00e0 revenir en Campine pour remettre sur les rails l\u2019entreprise de son p\u00e8re,\u00a0 qu\u2019il a vendu \u00e0\u00a0 Albert Fr\u00e8re en 1997 pour 40 millions d\u2019euros. Les syndicats pour leur part sont assez sceptiques quant \u00e0 ce sc\u00e9nario.<\/p>\n<p>Au mois de juillet le tribunal de commerce pourrait \u00e9ventuellement <strong>prolonger de six mois suppl\u00e9mentaires la p\u00e9riode de protection<\/strong>.<\/p>\n<p>\u00a0<\/p>\n<p>\u00a0<\/p>\n<p><em>Traduction : Marie-No\u00eblle Masure<\/em><\/p>\n","protected":false},"excerpt":{"rendered":"<p>Sursis de six mois Le glacier de Tielen (province d\u2019Anvers) est en mauvaise posture depuis un certain temps d\u00e9j\u00e0. En cause : les co\u00fbts salariaux \u00e9lev\u00e9s, la crise persistante (les consommateurs optent pour des glaces moins ch\u00e8res)\u00a0 et l\u2019\u00e9t\u00e9 m\u00e9diocre. Le groupe devrait cl\u00f4turer l\u2019ann\u00e9e 2012 avec une perte de 5 millions d\u2019euros. C\u2019est pourquoi [&hellip;]<\/p>\n","protected":false},"author":1,"featured_media":84,"comment_status":"closed","ping_status":"closed","sticky":false,"template":"","format":"standard","meta":{"_acf_changed":false,"inline_featured_image":false,"_jetpack_memberships_contains_paid_content":false,"footnotes":""},"categories":[24],"tags":[],"people":[],"extra":[],"company":[],"topic":[],"region":[],"class_list":["post-2512","post","type-post","status-publish","format-standard","has-post-thumbnail","hentry","category-food"],"acf":[],"yoast_head":"<!-- This site is optimized with the Yoast SEO plugin v27.3 - https:\/\/yoast.com\/product\/yoast-seo-wordpress\/ -->\n<title>Ijsboerke prot\u00e9g\u00e9 contre ses cr\u00e9anciers durant six mois - RetailDetail BE<\/title>\n<meta name=\"robots\" content=\"index, follow, max-snippet:-1, max-image-preview:large, max-video-preview:-1\" \/>\n<link rel=\"canonical\" href=\"https:\/\/www.retaildetail.be\/fr\/news\/food\/ijsboerke-protege-contre-ses-creanciers-durant-six-mois\/\" \/>\n<meta property=\"og:locale\" content=\"fr_FR\" \/>\n<meta property=\"og:type\" content=\"article\" \/>\n<meta property=\"og:title\" content=\"Ijsboerke prot\u00e9g\u00e9 contre ses cr\u00e9anciers durant six mois - RetailDetail BE\" \/>\n<meta property=\"og:description\" content=\"Sursis de six mois Le glacier de Tielen (province d\u2019Anvers) est en mauvaise posture depuis un certain temps d\u00e9j\u00e0. En cause : les co\u00fbts salariaux \u00e9lev\u00e9s, la crise persistante (les consommateurs optent pour des glaces moins ch\u00e8res)\u00a0 et l\u2019\u00e9t\u00e9 m\u00e9diocre. Le groupe devrait cl\u00f4turer l\u2019ann\u00e9e 2012 avec une perte de 5 millions d\u2019euros. C\u2019est pourquoi [&hellip;]\" \/>\n<meta property=\"og:url\" content=\"https:\/\/www.retaildetail.be\/fr\/news\/food\/ijsboerke-protege-contre-ses-creanciers-durant-six-mois\/\" \/>\n<meta property=\"og:site_name\" content=\"RetailDetail BE\" \/>\n<meta property=\"article:published_time\" content=\"2013-01-03T11:19:33+00:00\" \/>\n<meta property=\"og:image\" content=\"https:\/\/i0.wp.com\/www.retaildetail.be\/wp-content\/uploads\/2022\/04\/logo.png?fit=281%2C147&quality=100&strip=all&ssl=1\" \/>\n\t<meta property=\"og:image:width\" content=\"281\" \/>\n\t<meta property=\"og:image:height\" content=\"147\" \/>\n\t<meta property=\"og:image:type\" content=\"image\/png\" \/>\n<meta name=\"author\" content=\"dev@grandiz.com\" \/>\n<meta name=\"twitter:card\" content=\"summary_large_image\" \/>\n<meta name=\"twitter:label1\" content=\"\u00c9crit par\" \/>\n\t<meta name=\"twitter:data1\" content=\"dev@grandiz.com\" \/>\n\t<meta name=\"twitter:label2\" content=\"Dur\u00e9e de lecture estim\u00e9e\" \/>\n\t<meta name=\"twitter:data2\" content=\"2 minutes\" \/>\n<script type=\"application\/ld+json\" class=\"yoast-schema-graph\">{\"@context\":\"https:\\\/\\\/schema.org\",\"@graph\":[{\"@type\":\"NewsArticle\",\"@id\":\"https:\\\/\\\/www.retaildetail.be\\\/fr\\\/news\\\/food\\\/ijsboerke-protege-contre-ses-creanciers-durant-six-mois\\\/#article\",\"isPartOf\":{\"@id\":\"https:\\\/\\\/www.retaildetail.be\\\/fr\\\/news\\\/food\\\/ijsboerke-protege-contre-ses-creanciers-durant-six-mois\\\/\"},\"author\":{\"name\":\"dev@grandiz.com\",\"@id\":\"https:\\\/\\\/www.retaildetail.be\\\/nl\\\/#\\\/schema\\\/person\\\/ba2d383452a753a3a1ce8cdb349b5fc9\"},\"headline\":\"Ijsboerke prot\u00e9g\u00e9 contre ses cr\u00e9anciers durant six mois\",\"datePublished\":\"2013-01-03T11:19:33+00:00\",\"mainEntityOfPage\":{\"@id\":\"https:\\\/\\\/www.retaildetail.be\\\/fr\\\/news\\\/food\\\/ijsboerke-protege-contre-ses-creanciers-durant-six-mois\\\/\"},\"wordCount\":343,\"publisher\":{\"@id\":\"https:\\\/\\\/www.retaildetail.be\\\/nl\\\/#organization\"},\"image\":{\"@id\":\"https:\\\/\\\/www.retaildetail.be\\\/fr\\\/news\\\/food\\\/ijsboerke-protege-contre-ses-creanciers-durant-six-mois\\\/#primaryimage\"},\"thumbnailUrl\":\"https:\\\/\\\/www.retaildetail.be\\\/wp-content\\\/uploads\\\/2022\\\/04\\\/logo.png\",\"articleSection\":[\"Food\"],\"inLanguage\":\"fr-FR\",\"copyrightYear\":\"2013\",\"copyrightHolder\":{\"@id\":\"https:\\\/\\\/www.retaildetail.be\\\/#organization\"}},{\"@type\":\"WebPage\",\"@id\":\"https:\\\/\\\/www.retaildetail.be\\\/fr\\\/news\\\/food\\\/ijsboerke-protege-contre-ses-creanciers-durant-six-mois\\\/\",\"url\":\"https:\\\/\\\/www.retaildetail.be\\\/fr\\\/news\\\/food\\\/ijsboerke-protege-contre-ses-creanciers-durant-six-mois\\\/\",\"name\":\"Ijsboerke prot\u00e9g\u00e9 contre ses cr\u00e9anciers durant six mois - RetailDetail BE\",\"isPartOf\":{\"@id\":\"https:\\\/\\\/www.retaildetail.be\\\/nl\\\/#website\"},\"primaryImageOfPage\":{\"@id\":\"https:\\\/\\\/www.retaildetail.be\\\/fr\\\/news\\\/food\\\/ijsboerke-protege-contre-ses-creanciers-durant-six-mois\\\/#primaryimage\"},\"image\":{\"@id\":\"https:\\\/\\\/www.retaildetail.be\\\/fr\\\/news\\\/food\\\/ijsboerke-protege-contre-ses-creanciers-durant-six-mois\\\/#primaryimage\"},\"thumbnailUrl\":\"https:\\\/\\\/www.retaildetail.be\\\/wp-content\\\/uploads\\\/2022\\\/04\\\/logo.png\",\"datePublished\":\"2013-01-03T11:19:33+00:00\",\"breadcrumb\":{\"@id\":\"https:\\\/\\\/www.retaildetail.be\\\/fr\\\/news\\\/food\\\/ijsboerke-protege-contre-ses-creanciers-durant-six-mois\\\/#breadcrumb\"},\"inLanguage\":\"fr-FR\",\"potentialAction\":[{\"@type\":\"ReadAction\",\"target\":[\"https:\\\/\\\/www.retaildetail.be\\\/fr\\\/news\\\/food\\\/ijsboerke-protege-contre-ses-creanciers-durant-six-mois\\\/\"]}]},{\"@type\":\"ImageObject\",\"inLanguage\":\"fr-FR\",\"@id\":\"https:\\\/\\\/www.retaildetail.be\\\/fr\\\/news\\\/food\\\/ijsboerke-protege-contre-ses-creanciers-durant-six-mois\\\/#primaryimage\",\"url\":\"https:\\\/\\\/www.retaildetail.be\\\/wp-content\\\/uploads\\\/2022\\\/04\\\/logo.png\",\"contentUrl\":\"https:\\\/\\\/www.retaildetail.be\\\/wp-content\\\/uploads\\\/2022\\\/04\\\/logo.png\",\"width\":281,\"height\":147},{\"@type\":\"BreadcrumbList\",\"@id\":\"https:\\\/\\\/www.retaildetail.be\\\/fr\\\/news\\\/food\\\/ijsboerke-protege-contre-ses-creanciers-durant-six-mois\\\/#breadcrumb\",\"itemListElement\":[{\"@type\":\"ListItem\",\"position\":1,\"name\":\"Home\",\"item\":\"https:\\\/\\\/www.retaildetail.be\\\/fr\\\/\"},{\"@type\":\"ListItem\",\"position\":2,\"name\":\"Ijsboerke prot\u00e9g\u00e9 contre ses cr\u00e9anciers durant six mois\"}]},{\"@type\":\"WebSite\",\"@id\":\"https:\\\/\\\/www.retaildetail.be\\\/nl\\\/#website\",\"url\":\"https:\\\/\\\/www.retaildetail.be\\\/nl\\\/\",\"name\":\"RetailDetail BE\",\"description\":\"News\",\"publisher\":{\"@id\":\"https:\\\/\\\/www.retaildetail.be\\\/nl\\\/#organization\"},\"potentialAction\":[{\"@type\":\"SearchAction\",\"target\":{\"@type\":\"EntryPoint\",\"urlTemplate\":\"https:\\\/\\\/www.retaildetail.be\\\/nl\\\/?s={search_term_string}\"},\"query-input\":{\"@type\":\"PropertyValueSpecification\",\"valueRequired\":true,\"valueName\":\"search_term_string\"}}],\"inLanguage\":\"fr-FR\"},{\"@type\":\"Organization\",\"@id\":\"https:\\\/\\\/www.retaildetail.be\\\/nl\\\/#organization\",\"name\":\"RetailDetail BE\",\"url\":\"https:\\\/\\\/www.retaildetail.be\\\/nl\\\/\",\"logo\":{\"@type\":\"ImageObject\",\"inLanguage\":\"fr-FR\",\"@id\":\"https:\\\/\\\/www.retaildetail.be\\\/nl\\\/#\\\/schema\\\/logo\\\/image\\\/\",\"url\":\"https:\\\/\\\/www.retaildetail.be\\\/wp-content\\\/uploads\\\/2022\\\/04\\\/logo.svg\",\"contentUrl\":\"https:\\\/\\\/www.retaildetail.be\\\/wp-content\\\/uploads\\\/2022\\\/04\\\/logo.svg\",\"width\":131,\"height\":70,\"caption\":\"RetailDetail BE\"},\"image\":{\"@id\":\"https:\\\/\\\/www.retaildetail.be\\\/nl\\\/#\\\/schema\\\/logo\\\/image\\\/\"}},{\"@type\":\"Person\",\"@id\":\"https:\\\/\\\/www.retaildetail.be\\\/nl\\\/#\\\/schema\\\/person\\\/ba2d383452a753a3a1ce8cdb349b5fc9\",\"name\":\"dev@grandiz.com\",\"image\":{\"@type\":\"ImageObject\",\"inLanguage\":\"fr-FR\",\"@id\":\"https:\\\/\\\/secure.gravatar.com\\\/avatar\\\/5f53ce9fb6eed4a60e5aaaa712be8773880fa9459d9cac9bc4aa4fdbce3f447f?s=96&d=mm&r=g\",\"url\":\"https:\\\/\\\/secure.gravatar.com\\\/avatar\\\/5f53ce9fb6eed4a60e5aaaa712be8773880fa9459d9cac9bc4aa4fdbce3f447f?s=96&d=mm&r=g\",\"contentUrl\":\"https:\\\/\\\/secure.gravatar.com\\\/avatar\\\/5f53ce9fb6eed4a60e5aaaa712be8773880fa9459d9cac9bc4aa4fdbce3f447f?s=96&d=mm&r=g\",\"caption\":\"dev@grandiz.com\"},\"sameAs\":[\"http:\\\/\\\/preprod.retaildetail.be\"],\"url\":\"https:\\\/\\\/www.retaildetail.be\\\/fr\\\/author\\\/devgrandiz-com\\\/\"}]}<\/script>\n<!-- \/ Yoast SEO plugin. -->","yoast_head_json":{"title":"Ijsboerke prot\u00e9g\u00e9 contre ses cr\u00e9anciers durant six mois - RetailDetail BE","robots":{"index":"index","follow":"follow","max-snippet":"max-snippet:-1","max-image-preview":"max-image-preview:large","max-video-preview":"max-video-preview:-1"},"canonical":"https:\/\/www.retaildetail.be\/fr\/news\/food\/ijsboerke-protege-contre-ses-creanciers-durant-six-mois\/","og_locale":"fr_FR","og_type":"article","og_title":"Ijsboerke prot\u00e9g\u00e9 contre ses cr\u00e9anciers durant six mois - RetailDetail BE","og_description":"Sursis de six mois Le glacier de Tielen (province d\u2019Anvers) est en mauvaise posture depuis un certain temps d\u00e9j\u00e0. En cause : les co\u00fbts salariaux \u00e9lev\u00e9s, la crise persistante (les consommateurs optent pour des glaces moins ch\u00e8res)\u00a0 et l\u2019\u00e9t\u00e9 m\u00e9diocre. Le groupe devrait cl\u00f4turer l\u2019ann\u00e9e 2012 avec une perte de 5 millions d\u2019euros. C\u2019est pourquoi [&hellip;]","og_url":"https:\/\/www.retaildetail.be\/fr\/news\/food\/ijsboerke-protege-contre-ses-creanciers-durant-six-mois\/","og_site_name":"RetailDetail BE","article_published_time":"2013-01-03T11:19:33+00:00","og_image":[{"width":281,"height":147,"url":"https:\/\/i0.wp.com\/www.retaildetail.be\/wp-content\/uploads\/2022\/04\/logo.png?fit=281%2C147&quality=100&strip=all&ssl=1","type":"image\/png"}],"author":"dev@grandiz.com","twitter_card":"summary_large_image","twitter_misc":{"\u00c9crit par":"dev@grandiz.com","Dur\u00e9e de lecture estim\u00e9e":"2 minutes"},"schema":{"@context":"https:\/\/schema.org","@graph":[{"@type":"NewsArticle","@id":"https:\/\/www.retaildetail.be\/fr\/news\/food\/ijsboerke-protege-contre-ses-creanciers-durant-six-mois\/#article","isPartOf":{"@id":"https:\/\/www.retaildetail.be\/fr\/news\/food\/ijsboerke-protege-contre-ses-creanciers-durant-six-mois\/"},"author":{"name":"dev@grandiz.com","@id":"https:\/\/www.retaildetail.be\/nl\/#\/schema\/person\/ba2d383452a753a3a1ce8cdb349b5fc9"},"headline":"Ijsboerke prot\u00e9g\u00e9 contre ses cr\u00e9anciers durant six mois","datePublished":"2013-01-03T11:19:33+00:00","mainEntityOfPage":{"@id":"https:\/\/www.retaildetail.be\/fr\/news\/food\/ijsboerke-protege-contre-ses-creanciers-durant-six-mois\/"},"wordCount":343,"publisher":{"@id":"https:\/\/www.retaildetail.be\/nl\/#organization"},"image":{"@id":"https:\/\/www.retaildetail.be\/fr\/news\/food\/ijsboerke-protege-contre-ses-creanciers-durant-six-mois\/#primaryimage"},"thumbnailUrl":"https:\/\/www.retaildetail.be\/wp-content\/uploads\/2022\/04\/logo.png","articleSection":["Food"],"inLanguage":"fr-FR","copyrightYear":"2013","copyrightHolder":{"@id":"https:\/\/www.retaildetail.be\/#organization"}},{"@type":"WebPage","@id":"https:\/\/www.retaildetail.be\/fr\/news\/food\/ijsboerke-protege-contre-ses-creanciers-durant-six-mois\/","url":"https:\/\/www.retaildetail.be\/fr\/news\/food\/ijsboerke-protege-contre-ses-creanciers-durant-six-mois\/","name":"Ijsboerke prot\u00e9g\u00e9 contre ses cr\u00e9anciers durant six mois - RetailDetail BE","isPartOf":{"@id":"https:\/\/www.retaildetail.be\/nl\/#website"},"primaryImageOfPage":{"@id":"https:\/\/www.retaildetail.be\/fr\/news\/food\/ijsboerke-protege-contre-ses-creanciers-durant-six-mois\/#primaryimage"},"image":{"@id":"https:\/\/www.retaildetail.be\/fr\/news\/food\/ijsboerke-protege-contre-ses-creanciers-durant-six-mois\/#primaryimage"},"thumbnailUrl":"https:\/\/www.retaildetail.be\/wp-content\/uploads\/2022\/04\/logo.png","datePublished":"2013-01-03T11:19:33+00:00","breadcrumb":{"@id":"https:\/\/www.retaildetail.be\/fr\/news\/food\/ijsboerke-protege-contre-ses-creanciers-durant-six-mois\/#breadcrumb"},"inLanguage":"fr-FR","potentialAction":[{"@type":"ReadAction","target":["https:\/\/www.retaildetail.be\/fr\/news\/food\/ijsboerke-protege-contre-ses-creanciers-durant-six-mois\/"]}]},{"@type":"ImageObject","inLanguage":"fr-FR","@id":"https:\/\/www.retaildetail.be\/fr\/news\/food\/ijsboerke-protege-contre-ses-creanciers-durant-six-mois\/#primaryimage","url":"https:\/\/www.retaildetail.be\/wp-content\/uploads\/2022\/04\/logo.png","contentUrl":"https:\/\/www.retaildetail.be\/wp-content\/uploads\/2022\/04\/logo.png","width":281,"height":147},{"@type":"BreadcrumbList","@id":"https:\/\/www.retaildetail.be\/fr\/news\/food\/ijsboerke-protege-contre-ses-creanciers-durant-six-mois\/#breadcrumb","itemListElement":[{"@type":"ListItem","position":1,"name":"Home","item":"https:\/\/www.retaildetail.be\/fr\/"},{"@type":"ListItem","position":2,"name":"Ijsboerke prot\u00e9g\u00e9 contre ses cr\u00e9anciers durant six mois"}]},{"@type":"WebSite","@id":"https:\/\/www.retaildetail.be\/nl\/#website","url":"https:\/\/www.retaildetail.be\/nl\/","name":"RetailDetail BE","description":"News","publisher":{"@id":"https:\/\/www.retaildetail.be\/nl\/#organization"},"potentialAction":[{"@type":"SearchAction","target":{"@type":"EntryPoint","urlTemplate":"https:\/\/www.retaildetail.be\/nl\/?s={search_term_string}"},"query-input":{"@type":"PropertyValueSpecification","valueRequired":true,"valueName":"search_term_string"}}],"inLanguage":"fr-FR"},{"@type":"Organization","@id":"https:\/\/www.retaildetail.be\/nl\/#organization","name":"RetailDetail BE","url":"https:\/\/www.retaildetail.be\/nl\/","logo":{"@type":"ImageObject","inLanguage":"fr-FR","@id":"https:\/\/www.retaildetail.be\/nl\/#\/schema\/logo\/image\/","url":"https:\/\/www.retaildetail.be\/wp-content\/uploads\/2022\/04\/logo.svg","contentUrl":"https:\/\/www.retaildetail.be\/wp-content\/uploads\/2022\/04\/logo.svg","width":131,"height":70,"caption":"RetailDetail BE"},"image":{"@id":"https:\/\/www.retaildetail.be\/nl\/#\/schema\/logo\/image\/"}},{"@type":"Person","@id":"https:\/\/www.retaildetail.be\/nl\/#\/schema\/person\/ba2d383452a753a3a1ce8cdb349b5fc9","name":"dev@grandiz.com","image":{"@type":"ImageObject","inLanguage":"fr-FR","@id":"https:\/\/secure.gravatar.com\/avatar\/5f53ce9fb6eed4a60e5aaaa712be8773880fa9459d9cac9bc4aa4fdbce3f447f?s=96&d=mm&r=g","url":"https:\/\/secure.gravatar.com\/avatar\/5f53ce9fb6eed4a60e5aaaa712be8773880fa9459d9cac9bc4aa4fdbce3f447f?s=96&d=mm&r=g","contentUrl":"https:\/\/secure.gravatar.com\/avatar\/5f53ce9fb6eed4a60e5aaaa712be8773880fa9459d9cac9bc4aa4fdbce3f447f?s=96&d=mm&r=g","caption":"dev@grandiz.com"},"sameAs":["http:\/\/preprod.retaildetail.be"],"url":"https:\/\/www.retaildetail.be\/fr\/author\/devgrandiz-com\/"}]}},"jetpack_featured_media_url":"https:\/\/www.retaildetail.be\/wp-content\/uploads\/2022\/04\/logo.png","jetpack_sharing_enabled":true,"_links":{"self":[{"href":"https:\/\/www.retaildetail.be\/fr\/wp-json\/wp\/v2\/posts\/2512","targetHints":{"allow":["GET"]}}],"collection":[{"href":"https:\/\/www.retaildetail.be\/fr\/wp-json\/wp\/v2\/posts"}],"about":[{"href":"https:\/\/www.retaildetail.be\/fr\/wp-json\/wp\/v2\/types\/post"}],"author":[{"embeddable":true,"href":"https:\/\/www.retaildetail.be\/fr\/wp-json\/wp\/v2\/users\/1"}],"replies":[{"embeddable":true,"href":"https:\/\/www.retaildetail.be\/fr\/wp-json\/wp\/v2\/comments?post=2512"}],"version-history":[{"count":0,"href":"https:\/\/www.retaildetail.be\/fr\/wp-json\/wp\/v2\/posts\/2512\/revisions"}],"wp:featuredmedia":[{"embeddable":true,"href":"https:\/\/www.retaildetail.be\/fr\/wp-json\/wp\/v2\/media\/84"}],"wp:attachment":[{"href":"https:\/\/www.retaildetail.be\/fr\/wp-json\/wp\/v2\/media?parent=2512"}],"wp:term":[{"taxonomy":"category","embeddable":true,"href":"https:\/\/www.retaildetail.be\/fr\/wp-json\/wp\/v2\/categories?post=2512"},{"taxonomy":"post_tag","embeddable":true,"href":"https:\/\/www.retaildetail.be\/fr\/wp-json\/wp\/v2\/tags?post=2512"},{"taxonomy":"people","embeddable":true,"href":"https:\/\/www.retaildetail.be\/fr\/wp-json\/wp\/v2\/people?post=2512"},{"taxonomy":"extra","embeddable":true,"href":"https:\/\/www.retaildetail.be\/fr\/wp-json\/wp\/v2\/extra?post=2512"},{"taxonomy":"company","embeddable":true,"href":"https:\/\/www.retaildetail.be\/fr\/wp-json\/wp\/v2\/company?post=2512"},{"taxonomy":"topic","embeddable":true,"href":"https:\/\/www.retaildetail.be\/fr\/wp-json\/wp\/v2\/topic?post=2512"},{"taxonomy":"region","embeddable":true,"href":"https:\/\/www.retaildetail.be\/fr\/wp-json\/wp\/v2\/region?post=2512"}],"curies":[{"name":"wp","href":"https:\/\/api.w.org\/{rel}","templated":true}]}}