{"id":2515,"date":"2013-01-03T14:07:51","date_gmt":"2013-01-03T14:07:51","guid":{"rendered":"https:\/\/www.retaildetail.be\/food\/les-belges-ont-consomme-6000-tonnes-de-viande-en-moins-en-2012\/"},"modified":"2013-01-03T14:07:51","modified_gmt":"2013-01-03T14:07:51","slug":"les-belges-ont-consomme-6000-tonnes-de-viande-en-moins-en-2012","status":"publish","type":"post","link":"https:\/\/www.retaildetail.be\/fr\/news\/food\/les-belges-ont-consomme-6000-tonnes-de-viande-en-moins-en-2012\/","title":{"rendered":"Les Belges ont consomm\u00e9 6000 tonnes de viande en moins en 2012"},"content":{"rendered":"<h2>Pr\u00e8s de 6% de viande de b\u0153uf\u00a0 en moins<\/h2>\n<p>Crise oblige, le plus important recul concerne la viande de b\u0153uf plus ch\u00e8re :\u00a0 en 2012 <strong>les ventes de viande de b\u0153uf ont chut\u00e9 de 5,8%<\/strong>, comme l\u2019indiquent\u00a0 les chiffres du bureau d\u2019\u00e9tudes de march\u00e9 GfK. M\u00eame les viandes \u2018meilleur march\u00e9\u2019 se sont moins bien vendues :\u00a0 <strong>-4% pour la viande de porc et -3,8% pour le poulet<\/strong>. Au total les Belges ont mang\u00e9 6000 tonnes de viande en moins.<\/p>\n<p>Selon Dirk Vanderveken de GfK la crise \u00ab nous a rendus plus prudents et a chang\u00e9 notre comportement d\u2019achat. Le Belge a opt\u00e9 non seulement pour <strong>des alternatives meilleur march\u00e9<\/strong>, mais souvent aussi pour de<strong> plus petits\u00a0 emballages<\/strong> et ce surtout pour les viandes plus on\u00e9reuses. \u00bb<\/p>\n<h2>\n<br \/>La saison des BBQ tomb\u00e9e \u00e0 l\u2019eau<\/h2>\n<p>A ne pas sous-estimer non plus : <strong>l\u2019impact de l\u2019\u00e9t\u00e9 pourri de 2012<\/strong>. \u00ab A cause de la m\u00e9t\u00e9o m\u00e9diocre, la saison des BBQ est litt\u00e9ralement tomb\u00e9e \u00e0 l\u2019eau \u00bb, explique Dirk Vanderveken.\u00a0 Le secteur est bien conscient que le Belge est un fanatique des BBQ.\u00a0 Aussi les ventes d\u2019\u00e9t\u00e9 influencent consid\u00e9rablement le chiffre d\u2019affaires global et le volume total de viande fra\u00eeche.<\/p>\n<p>M\u00eame tendance chez nos voisins du nord : durant le troisi\u00e8me trimestre 2012 la quantit\u00e9 totale de viande de volaille y a baiss\u00e9 de 1,3%, la quantit\u00e9 de viande de porc vendue a diminu\u00e9 de 5,8% et <strong>les Hollandais ont achet\u00e9 8,4% de viande de b\u0153uf en moins<\/strong>.<\/p>\n<p>\u00a0<\/p>\n<p>\u00a0<\/p>\n<p><em>Traduction : Marie-No\u00eblle Masure<\/em><\/p>\n","protected":false},"excerpt":{"rendered":"<p>Pr\u00e8s de 6% de viande de b\u0153uf\u00a0 en moins Crise oblige, le plus important recul concerne la viande de b\u0153uf plus ch\u00e8re :\u00a0 en 2012 les ventes de viande de b\u0153uf ont chut\u00e9 de 5,8%, comme l\u2019indiquent\u00a0 les chiffres du bureau d\u2019\u00e9tudes de march\u00e9 GfK. M\u00eame les viandes \u2018meilleur march\u00e9\u2019 se sont moins bien vendues [&hellip;]<\/p>\n","protected":false},"author":1,"featured_media":84,"comment_status":"closed","ping_status":"closed","sticky":false,"template":"","format":"standard","meta":{"_acf_changed":false,"inline_featured_image":false,"_jetpack_memberships_contains_paid_content":false,"footnotes":""},"categories":[24],"tags":[],"people":[],"extra":[],"company":[],"topic":[],"region":[],"class_list":["post-2515","post","type-post","status-publish","format-standard","has-post-thumbnail","hentry","category-food"],"acf":[],"yoast_head":"<!-- This site is optimized with the Yoast SEO plugin v27.3 - https:\/\/yoast.com\/product\/yoast-seo-wordpress\/ -->\n<title>Les Belges ont consomm\u00e9 6000 tonnes de viande en moins en 2012 - RetailDetail BE<\/title>\n<meta name=\"robots\" content=\"index, follow, max-snippet:-1, max-image-preview:large, max-video-preview:-1\" \/>\n<link rel=\"canonical\" href=\"https:\/\/www.retaildetail.be\/fr\/news\/food\/les-belges-ont-consomme-6000-tonnes-de-viande-en-moins-en-2012\/\" \/>\n<meta property=\"og:locale\" content=\"fr_FR\" \/>\n<meta property=\"og:type\" content=\"article\" \/>\n<meta property=\"og:title\" content=\"Les Belges ont consomm\u00e9 6000 tonnes de viande en moins en 2012 - RetailDetail BE\" \/>\n<meta property=\"og:description\" content=\"Pr\u00e8s de 6% de viande de b\u0153uf\u00a0 en moins Crise oblige, le plus important recul concerne la viande de b\u0153uf plus ch\u00e8re :\u00a0 en 2012 les ventes de viande de b\u0153uf ont chut\u00e9 de 5,8%, comme l\u2019indiquent\u00a0 les chiffres du bureau d\u2019\u00e9tudes de march\u00e9 GfK. M\u00eame les viandes \u2018meilleur march\u00e9\u2019 se sont moins bien vendues [&hellip;]\" \/>\n<meta property=\"og:url\" content=\"https:\/\/www.retaildetail.be\/fr\/news\/food\/les-belges-ont-consomme-6000-tonnes-de-viande-en-moins-en-2012\/\" \/>\n<meta property=\"og:site_name\" content=\"RetailDetail BE\" \/>\n<meta property=\"article:published_time\" content=\"2013-01-03T14:07:51+00:00\" \/>\n<meta property=\"og:image\" content=\"https:\/\/i0.wp.com\/www.retaildetail.be\/wp-content\/uploads\/2022\/04\/logo.png?fit=281%2C147&quality=100&strip=all&ssl=1\" \/>\n\t<meta property=\"og:image:width\" content=\"281\" \/>\n\t<meta property=\"og:image:height\" content=\"147\" \/>\n\t<meta property=\"og:image:type\" content=\"image\/png\" \/>\n<meta name=\"author\" content=\"dev@grandiz.com\" \/>\n<meta name=\"twitter:card\" content=\"summary_large_image\" \/>\n<meta name=\"twitter:label1\" content=\"\u00c9crit par\" \/>\n\t<meta name=\"twitter:data1\" content=\"dev@grandiz.com\" \/>\n\t<meta name=\"twitter:label2\" content=\"Dur\u00e9e de lecture estim\u00e9e\" \/>\n\t<meta name=\"twitter:data2\" content=\"1 minute\" \/>\n<script type=\"application\/ld+json\" class=\"yoast-schema-graph\">{\"@context\":\"https:\\\/\\\/schema.org\",\"@graph\":[{\"@type\":\"NewsArticle\",\"@id\":\"https:\\\/\\\/www.retaildetail.be\\\/fr\\\/news\\\/food\\\/les-belges-ont-consomme-6000-tonnes-de-viande-en-moins-en-2012\\\/#article\",\"isPartOf\":{\"@id\":\"https:\\\/\\\/www.retaildetail.be\\\/fr\\\/news\\\/food\\\/les-belges-ont-consomme-6000-tonnes-de-viande-en-moins-en-2012\\\/\"},\"author\":{\"name\":\"dev@grandiz.com\",\"@id\":\"https:\\\/\\\/www.retaildetail.be\\\/nl\\\/#\\\/schema\\\/person\\\/ba2d383452a753a3a1ce8cdb349b5fc9\"},\"headline\":\"Les Belges ont consomm\u00e9 6000 tonnes de viande en moins en 2012\",\"datePublished\":\"2013-01-03T14:07:51+00:00\",\"mainEntityOfPage\":{\"@id\":\"https:\\\/\\\/www.retaildetail.be\\\/fr\\\/news\\\/food\\\/les-belges-ont-consomme-6000-tonnes-de-viande-en-moins-en-2012\\\/\"},\"wordCount\":266,\"publisher\":{\"@id\":\"https:\\\/\\\/www.retaildetail.be\\\/nl\\\/#organization\"},\"image\":{\"@id\":\"https:\\\/\\\/www.retaildetail.be\\\/fr\\\/news\\\/food\\\/les-belges-ont-consomme-6000-tonnes-de-viande-en-moins-en-2012\\\/#primaryimage\"},\"thumbnailUrl\":\"https:\\\/\\\/www.retaildetail.be\\\/wp-content\\\/uploads\\\/2022\\\/04\\\/logo.png\",\"articleSection\":[\"Food\"],\"inLanguage\":\"fr-FR\",\"copyrightYear\":\"2013\",\"copyrightHolder\":{\"@id\":\"https:\\\/\\\/www.retaildetail.be\\\/#organization\"}},{\"@type\":\"WebPage\",\"@id\":\"https:\\\/\\\/www.retaildetail.be\\\/fr\\\/news\\\/food\\\/les-belges-ont-consomme-6000-tonnes-de-viande-en-moins-en-2012\\\/\",\"url\":\"https:\\\/\\\/www.retaildetail.be\\\/fr\\\/news\\\/food\\\/les-belges-ont-consomme-6000-tonnes-de-viande-en-moins-en-2012\\\/\",\"name\":\"Les Belges ont consomm\u00e9 6000 tonnes de viande en moins en 2012 - RetailDetail BE\",\"isPartOf\":{\"@id\":\"https:\\\/\\\/www.retaildetail.be\\\/nl\\\/#website\"},\"primaryImageOfPage\":{\"@id\":\"https:\\\/\\\/www.retaildetail.be\\\/fr\\\/news\\\/food\\\/les-belges-ont-consomme-6000-tonnes-de-viande-en-moins-en-2012\\\/#primaryimage\"},\"image\":{\"@id\":\"https:\\\/\\\/www.retaildetail.be\\\/fr\\\/news\\\/food\\\/les-belges-ont-consomme-6000-tonnes-de-viande-en-moins-en-2012\\\/#primaryimage\"},\"thumbnailUrl\":\"https:\\\/\\\/www.retaildetail.be\\\/wp-content\\\/uploads\\\/2022\\\/04\\\/logo.png\",\"datePublished\":\"2013-01-03T14:07:51+00:00\",\"breadcrumb\":{\"@id\":\"https:\\\/\\\/www.retaildetail.be\\\/fr\\\/news\\\/food\\\/les-belges-ont-consomme-6000-tonnes-de-viande-en-moins-en-2012\\\/#breadcrumb\"},\"inLanguage\":\"fr-FR\",\"potentialAction\":[{\"@type\":\"ReadAction\",\"target\":[\"https:\\\/\\\/www.retaildetail.be\\\/fr\\\/news\\\/food\\\/les-belges-ont-consomme-6000-tonnes-de-viande-en-moins-en-2012\\\/\"]}]},{\"@type\":\"ImageObject\",\"inLanguage\":\"fr-FR\",\"@id\":\"https:\\\/\\\/www.retaildetail.be\\\/fr\\\/news\\\/food\\\/les-belges-ont-consomme-6000-tonnes-de-viande-en-moins-en-2012\\\/#primaryimage\",\"url\":\"https:\\\/\\\/www.retaildetail.be\\\/wp-content\\\/uploads\\\/2022\\\/04\\\/logo.png\",\"contentUrl\":\"https:\\\/\\\/www.retaildetail.be\\\/wp-content\\\/uploads\\\/2022\\\/04\\\/logo.png\",\"width\":281,\"height\":147},{\"@type\":\"BreadcrumbList\",\"@id\":\"https:\\\/\\\/www.retaildetail.be\\\/fr\\\/news\\\/food\\\/les-belges-ont-consomme-6000-tonnes-de-viande-en-moins-en-2012\\\/#breadcrumb\",\"itemListElement\":[{\"@type\":\"ListItem\",\"position\":1,\"name\":\"Home\",\"item\":\"https:\\\/\\\/www.retaildetail.be\\\/fr\\\/\"},{\"@type\":\"ListItem\",\"position\":2,\"name\":\"Les Belges ont consomm\u00e9 6000 tonnes de viande en moins en 2012\"}]},{\"@type\":\"WebSite\",\"@id\":\"https:\\\/\\\/www.retaildetail.be\\\/nl\\\/#website\",\"url\":\"https:\\\/\\\/www.retaildetail.be\\\/nl\\\/\",\"name\":\"RetailDetail BE\",\"description\":\"News\",\"publisher\":{\"@id\":\"https:\\\/\\\/www.retaildetail.be\\\/nl\\\/#organization\"},\"potentialAction\":[{\"@type\":\"SearchAction\",\"target\":{\"@type\":\"EntryPoint\",\"urlTemplate\":\"https:\\\/\\\/www.retaildetail.be\\\/nl\\\/?s={search_term_string}\"},\"query-input\":{\"@type\":\"PropertyValueSpecification\",\"valueRequired\":true,\"valueName\":\"search_term_string\"}}],\"inLanguage\":\"fr-FR\"},{\"@type\":\"Organization\",\"@id\":\"https:\\\/\\\/www.retaildetail.be\\\/nl\\\/#organization\",\"name\":\"RetailDetail BE\",\"url\":\"https:\\\/\\\/www.retaildetail.be\\\/nl\\\/\",\"logo\":{\"@type\":\"ImageObject\",\"inLanguage\":\"fr-FR\",\"@id\":\"https:\\\/\\\/www.retaildetail.be\\\/nl\\\/#\\\/schema\\\/logo\\\/image\\\/\",\"url\":\"https:\\\/\\\/www.retaildetail.be\\\/wp-content\\\/uploads\\\/2022\\\/04\\\/logo.svg\",\"contentUrl\":\"https:\\\/\\\/www.retaildetail.be\\\/wp-content\\\/uploads\\\/2022\\\/04\\\/logo.svg\",\"width\":131,\"height\":70,\"caption\":\"RetailDetail BE\"},\"image\":{\"@id\":\"https:\\\/\\\/www.retaildetail.be\\\/nl\\\/#\\\/schema\\\/logo\\\/image\\\/\"}},{\"@type\":\"Person\",\"@id\":\"https:\\\/\\\/www.retaildetail.be\\\/nl\\\/#\\\/schema\\\/person\\\/ba2d383452a753a3a1ce8cdb349b5fc9\",\"name\":\"dev@grandiz.com\",\"image\":{\"@type\":\"ImageObject\",\"inLanguage\":\"fr-FR\",\"@id\":\"https:\\\/\\\/secure.gravatar.com\\\/avatar\\\/5f53ce9fb6eed4a60e5aaaa712be8773880fa9459d9cac9bc4aa4fdbce3f447f?s=96&d=mm&r=g\",\"url\":\"https:\\\/\\\/secure.gravatar.com\\\/avatar\\\/5f53ce9fb6eed4a60e5aaaa712be8773880fa9459d9cac9bc4aa4fdbce3f447f?s=96&d=mm&r=g\",\"contentUrl\":\"https:\\\/\\\/secure.gravatar.com\\\/avatar\\\/5f53ce9fb6eed4a60e5aaaa712be8773880fa9459d9cac9bc4aa4fdbce3f447f?s=96&d=mm&r=g\",\"caption\":\"dev@grandiz.com\"},\"sameAs\":[\"http:\\\/\\\/preprod.retaildetail.be\"],\"url\":\"https:\\\/\\\/www.retaildetail.be\\\/fr\\\/author\\\/devgrandiz-com\\\/\"}]}<\/script>\n<!-- \/ Yoast SEO plugin. -->","yoast_head_json":{"title":"Les Belges ont consomm\u00e9 6000 tonnes de viande en moins en 2012 - RetailDetail BE","robots":{"index":"index","follow":"follow","max-snippet":"max-snippet:-1","max-image-preview":"max-image-preview:large","max-video-preview":"max-video-preview:-1"},"canonical":"https:\/\/www.retaildetail.be\/fr\/news\/food\/les-belges-ont-consomme-6000-tonnes-de-viande-en-moins-en-2012\/","og_locale":"fr_FR","og_type":"article","og_title":"Les Belges ont consomm\u00e9 6000 tonnes de viande en moins en 2012 - RetailDetail BE","og_description":"Pr\u00e8s de 6% de viande de b\u0153uf\u00a0 en moins Crise oblige, le plus important recul concerne la viande de b\u0153uf plus ch\u00e8re :\u00a0 en 2012 les ventes de viande de b\u0153uf ont chut\u00e9 de 5,8%, comme l\u2019indiquent\u00a0 les chiffres du bureau d\u2019\u00e9tudes de march\u00e9 GfK. M\u00eame les viandes \u2018meilleur march\u00e9\u2019 se sont moins bien vendues [&hellip;]","og_url":"https:\/\/www.retaildetail.be\/fr\/news\/food\/les-belges-ont-consomme-6000-tonnes-de-viande-en-moins-en-2012\/","og_site_name":"RetailDetail BE","article_published_time":"2013-01-03T14:07:51+00:00","og_image":[{"width":281,"height":147,"url":"https:\/\/i0.wp.com\/www.retaildetail.be\/wp-content\/uploads\/2022\/04\/logo.png?fit=281%2C147&quality=100&strip=all&ssl=1","type":"image\/png"}],"author":"dev@grandiz.com","twitter_card":"summary_large_image","twitter_misc":{"\u00c9crit par":"dev@grandiz.com","Dur\u00e9e de lecture estim\u00e9e":"1 minute"},"schema":{"@context":"https:\/\/schema.org","@graph":[{"@type":"NewsArticle","@id":"https:\/\/www.retaildetail.be\/fr\/news\/food\/les-belges-ont-consomme-6000-tonnes-de-viande-en-moins-en-2012\/#article","isPartOf":{"@id":"https:\/\/www.retaildetail.be\/fr\/news\/food\/les-belges-ont-consomme-6000-tonnes-de-viande-en-moins-en-2012\/"},"author":{"name":"dev@grandiz.com","@id":"https:\/\/www.retaildetail.be\/nl\/#\/schema\/person\/ba2d383452a753a3a1ce8cdb349b5fc9"},"headline":"Les Belges ont consomm\u00e9 6000 tonnes de viande en moins en 2012","datePublished":"2013-01-03T14:07:51+00:00","mainEntityOfPage":{"@id":"https:\/\/www.retaildetail.be\/fr\/news\/food\/les-belges-ont-consomme-6000-tonnes-de-viande-en-moins-en-2012\/"},"wordCount":266,"publisher":{"@id":"https:\/\/www.retaildetail.be\/nl\/#organization"},"image":{"@id":"https:\/\/www.retaildetail.be\/fr\/news\/food\/les-belges-ont-consomme-6000-tonnes-de-viande-en-moins-en-2012\/#primaryimage"},"thumbnailUrl":"https:\/\/www.retaildetail.be\/wp-content\/uploads\/2022\/04\/logo.png","articleSection":["Food"],"inLanguage":"fr-FR","copyrightYear":"2013","copyrightHolder":{"@id":"https:\/\/www.retaildetail.be\/#organization"}},{"@type":"WebPage","@id":"https:\/\/www.retaildetail.be\/fr\/news\/food\/les-belges-ont-consomme-6000-tonnes-de-viande-en-moins-en-2012\/","url":"https:\/\/www.retaildetail.be\/fr\/news\/food\/les-belges-ont-consomme-6000-tonnes-de-viande-en-moins-en-2012\/","name":"Les Belges ont consomm\u00e9 6000 tonnes de viande en moins en 2012 - RetailDetail BE","isPartOf":{"@id":"https:\/\/www.retaildetail.be\/nl\/#website"},"primaryImageOfPage":{"@id":"https:\/\/www.retaildetail.be\/fr\/news\/food\/les-belges-ont-consomme-6000-tonnes-de-viande-en-moins-en-2012\/#primaryimage"},"image":{"@id":"https:\/\/www.retaildetail.be\/fr\/news\/food\/les-belges-ont-consomme-6000-tonnes-de-viande-en-moins-en-2012\/#primaryimage"},"thumbnailUrl":"https:\/\/www.retaildetail.be\/wp-content\/uploads\/2022\/04\/logo.png","datePublished":"2013-01-03T14:07:51+00:00","breadcrumb":{"@id":"https:\/\/www.retaildetail.be\/fr\/news\/food\/les-belges-ont-consomme-6000-tonnes-de-viande-en-moins-en-2012\/#breadcrumb"},"inLanguage":"fr-FR","potentialAction":[{"@type":"ReadAction","target":["https:\/\/www.retaildetail.be\/fr\/news\/food\/les-belges-ont-consomme-6000-tonnes-de-viande-en-moins-en-2012\/"]}]},{"@type":"ImageObject","inLanguage":"fr-FR","@id":"https:\/\/www.retaildetail.be\/fr\/news\/food\/les-belges-ont-consomme-6000-tonnes-de-viande-en-moins-en-2012\/#primaryimage","url":"https:\/\/www.retaildetail.be\/wp-content\/uploads\/2022\/04\/logo.png","contentUrl":"https:\/\/www.retaildetail.be\/wp-content\/uploads\/2022\/04\/logo.png","width":281,"height":147},{"@type":"BreadcrumbList","@id":"https:\/\/www.retaildetail.be\/fr\/news\/food\/les-belges-ont-consomme-6000-tonnes-de-viande-en-moins-en-2012\/#breadcrumb","itemListElement":[{"@type":"ListItem","position":1,"name":"Home","item":"https:\/\/www.retaildetail.be\/fr\/"},{"@type":"ListItem","position":2,"name":"Les Belges ont consomm\u00e9 6000 tonnes de viande en moins en 2012"}]},{"@type":"WebSite","@id":"https:\/\/www.retaildetail.be\/nl\/#website","url":"https:\/\/www.retaildetail.be\/nl\/","name":"RetailDetail BE","description":"News","publisher":{"@id":"https:\/\/www.retaildetail.be\/nl\/#organization"},"potentialAction":[{"@type":"SearchAction","target":{"@type":"EntryPoint","urlTemplate":"https:\/\/www.retaildetail.be\/nl\/?s={search_term_string}"},"query-input":{"@type":"PropertyValueSpecification","valueRequired":true,"valueName":"search_term_string"}}],"inLanguage":"fr-FR"},{"@type":"Organization","@id":"https:\/\/www.retaildetail.be\/nl\/#organization","name":"RetailDetail BE","url":"https:\/\/www.retaildetail.be\/nl\/","logo":{"@type":"ImageObject","inLanguage":"fr-FR","@id":"https:\/\/www.retaildetail.be\/nl\/#\/schema\/logo\/image\/","url":"https:\/\/www.retaildetail.be\/wp-content\/uploads\/2022\/04\/logo.svg","contentUrl":"https:\/\/www.retaildetail.be\/wp-content\/uploads\/2022\/04\/logo.svg","width":131,"height":70,"caption":"RetailDetail BE"},"image":{"@id":"https:\/\/www.retaildetail.be\/nl\/#\/schema\/logo\/image\/"}},{"@type":"Person","@id":"https:\/\/www.retaildetail.be\/nl\/#\/schema\/person\/ba2d383452a753a3a1ce8cdb349b5fc9","name":"dev@grandiz.com","image":{"@type":"ImageObject","inLanguage":"fr-FR","@id":"https:\/\/secure.gravatar.com\/avatar\/5f53ce9fb6eed4a60e5aaaa712be8773880fa9459d9cac9bc4aa4fdbce3f447f?s=96&d=mm&r=g","url":"https:\/\/secure.gravatar.com\/avatar\/5f53ce9fb6eed4a60e5aaaa712be8773880fa9459d9cac9bc4aa4fdbce3f447f?s=96&d=mm&r=g","contentUrl":"https:\/\/secure.gravatar.com\/avatar\/5f53ce9fb6eed4a60e5aaaa712be8773880fa9459d9cac9bc4aa4fdbce3f447f?s=96&d=mm&r=g","caption":"dev@grandiz.com"},"sameAs":["http:\/\/preprod.retaildetail.be"],"url":"https:\/\/www.retaildetail.be\/fr\/author\/devgrandiz-com\/"}]}},"jetpack_featured_media_url":"https:\/\/www.retaildetail.be\/wp-content\/uploads\/2022\/04\/logo.png","jetpack_sharing_enabled":true,"_links":{"self":[{"href":"https:\/\/www.retaildetail.be\/fr\/wp-json\/wp\/v2\/posts\/2515","targetHints":{"allow":["GET"]}}],"collection":[{"href":"https:\/\/www.retaildetail.be\/fr\/wp-json\/wp\/v2\/posts"}],"about":[{"href":"https:\/\/www.retaildetail.be\/fr\/wp-json\/wp\/v2\/types\/post"}],"author":[{"embeddable":true,"href":"https:\/\/www.retaildetail.be\/fr\/wp-json\/wp\/v2\/users\/1"}],"replies":[{"embeddable":true,"href":"https:\/\/www.retaildetail.be\/fr\/wp-json\/wp\/v2\/comments?post=2515"}],"version-history":[{"count":0,"href":"https:\/\/www.retaildetail.be\/fr\/wp-json\/wp\/v2\/posts\/2515\/revisions"}],"wp:featuredmedia":[{"embeddable":true,"href":"https:\/\/www.retaildetail.be\/fr\/wp-json\/wp\/v2\/media\/84"}],"wp:attachment":[{"href":"https:\/\/www.retaildetail.be\/fr\/wp-json\/wp\/v2\/media?parent=2515"}],"wp:term":[{"taxonomy":"category","embeddable":true,"href":"https:\/\/www.retaildetail.be\/fr\/wp-json\/wp\/v2\/categories?post=2515"},{"taxonomy":"post_tag","embeddable":true,"href":"https:\/\/www.retaildetail.be\/fr\/wp-json\/wp\/v2\/tags?post=2515"},{"taxonomy":"people","embeddable":true,"href":"https:\/\/www.retaildetail.be\/fr\/wp-json\/wp\/v2\/people?post=2515"},{"taxonomy":"extra","embeddable":true,"href":"https:\/\/www.retaildetail.be\/fr\/wp-json\/wp\/v2\/extra?post=2515"},{"taxonomy":"company","embeddable":true,"href":"https:\/\/www.retaildetail.be\/fr\/wp-json\/wp\/v2\/company?post=2515"},{"taxonomy":"topic","embeddable":true,"href":"https:\/\/www.retaildetail.be\/fr\/wp-json\/wp\/v2\/topic?post=2515"},{"taxonomy":"region","embeddable":true,"href":"https:\/\/www.retaildetail.be\/fr\/wp-json\/wp\/v2\/region?post=2515"}],"curies":[{"name":"wp","href":"https:\/\/api.w.org\/{rel}","templated":true}]}}