{"id":2535,"date":"2013-01-08T10:23:53","date_gmt":"2013-01-08T10:23:53","guid":{"rendered":"https:\/\/www.retaildetail.be\/food\/le-ceo-de-ter-beke-designe-comme-nouveau-directeur-financier-de-colruyt\/"},"modified":"2013-01-08T10:23:53","modified_gmt":"2013-01-08T10:23:53","slug":"le-ceo-de-ter-beke-designe-comme-nouveau-directeur-financier-de-colruyt","status":"publish","type":"post","link":"https:\/\/www.retaildetail.be\/fr\/news\/food\/le-ceo-de-ter-beke-designe-comme-nouveau-directeur-financier-de-colruyt\/","title":{"rendered":"Le CEO de Ter Beke d\u00e9sign\u00e9 comme nouveau directeur financier de Colruyt"},"content":{"rendered":"<h2>Jef Colruyt : \u00ab Le CFO id\u00e9al \u00bb<\/h2>\n<p>Hofman (\u00b01958) est licenci\u00e9 en Sciences \u00e9conomiques appliqu\u00e9es. Il a d\u00e9but\u00e9 sa carri\u00e8re en tant que r\u00e9viseur d\u2019entreprise chez Arthur Andersen. Ensuite il a occup\u00e9 la fonction de CFO chez Sun International et chez Ter Beke, o\u00f9 il dirige le d\u00e9partement boucherie et succ\u00e8de \u00e0 Luc De Bruyckere en tant que directeur g\u00e9n\u00e9ral en 2008.<\/p>\n<p>\u00ab Je suis convaincu qu\u2019il correspond parfaitement \u00e0 notre entreprise \u00bb, affirme Jef Colruyt, directeur\u00a0 du groupe de Hal. \u00ab Son exp\u00e9rience dans le d\u00e9partement boucherie chez Ter Beke lui sera tr\u00e8s utile, car nous avons \u00e9galement diff\u00e9rents d\u00e9partements pour la viande, le caf\u00e9 et le fromage. D\u2019autre part il a \u00e9galement acquis des connaissances financi\u00e8res en tant que r\u00e9viseur d\u2019entreprise chez Arthur Andersen et en tant\u00a0 que CFO chez Sun International et Ter Beke. \u00bb<\/p>\n<p>Hofman indique que l\u2019offre de Colruyt ne pouvait se refuser : \u00ab En tant que CEO chez Ter Beke j\u2019avais d\u00e9j\u00e0 pas mal de bons contacts avec certains collaborateurs chez Colruyt. Je connais donc assez bien\u00a0 l\u2019entreprise et leur mani\u00e8re de travailler. Je me r\u00e9jouis de faire partie d\u2019une entreprise qui en grande partie a les m\u00eames valeurs que moi. \u00bb<\/p>\n<h2>\n<br \/>Goeminne succ\u00e8de \u00e0 Hofman chez Ter Beke<\/h2>\n<p>Hofman d\u00e9missionne d\u00e8s maintenant de son poste de CEO chez Ter Beke. Il restera n\u00e9anmoins li\u00e9 \u00e0\u00a0 l\u2019entreprise jusqu\u2019\u00e0 la fin du mois de mars pour l\u2019encadrement du suivi. Dirk Goeminne, qui\u00a0 le remplacera ad interim, si\u00e9geait d\u00e9j\u00e0 au conseil d\u2019entreprise de Ter Beke. Il conna\u00eet bien le secteur retail : par le pass\u00e9 il a dirig\u00e9 notamment les cha\u00eenes hollandaises Hema, Vroom&amp;Dreesman et La Place.<\/p>\n<p>Chez Colruyt, Hofman remplace Wim Biesemans qui dor\u00e9navant se consacrera, en collaboration avec des partenaires externes, aux parcs \u00e9oliens du Groupe Colruyt . Wim Biesemans fut d\u2019ailleurs \u00e0 l\u2019origine de ce projet.<\/p>\n<p>\u00a0<\/p>\n<p>\u00a0<\/p>\n<p><em>Traduction : Marie-No\u00eblle Masure<\/em><\/p>\n","protected":false},"excerpt":{"rendered":"<p>Jef Colruyt : \u00ab Le CFO id\u00e9al \u00bb Hofman (\u00b01958) est licenci\u00e9 en Sciences \u00e9conomiques appliqu\u00e9es. Il a d\u00e9but\u00e9 sa carri\u00e8re en tant que r\u00e9viseur d\u2019entreprise chez Arthur Andersen. Ensuite il a occup\u00e9 la fonction de CFO chez Sun International et chez Ter Beke, o\u00f9 il dirige le d\u00e9partement boucherie et succ\u00e8de \u00e0 Luc De [&hellip;]<\/p>\n","protected":false},"author":1,"featured_media":84,"comment_status":"closed","ping_status":"closed","sticky":false,"template":"","format":"standard","meta":{"_acf_changed":false,"inline_featured_image":false,"_jetpack_memberships_contains_paid_content":false,"footnotes":""},"categories":[24],"tags":[],"people":[],"extra":[],"company":[],"topic":[],"region":[],"class_list":["post-2535","post","type-post","status-publish","format-standard","has-post-thumbnail","hentry","category-food"],"acf":[],"yoast_head":"<!-- This site is optimized with the Yoast SEO plugin v27.3 - https:\/\/yoast.com\/product\/yoast-seo-wordpress\/ -->\n<title>Le CEO de Ter Beke d\u00e9sign\u00e9 comme nouveau directeur financier de Colruyt - RetailDetail BE<\/title>\n<meta name=\"robots\" content=\"index, follow, max-snippet:-1, max-image-preview:large, max-video-preview:-1\" \/>\n<link rel=\"canonical\" href=\"https:\/\/www.retaildetail.be\/fr\/news\/food\/le-ceo-de-ter-beke-designe-comme-nouveau-directeur-financier-de-colruyt\/\" \/>\n<meta property=\"og:locale\" content=\"fr_FR\" \/>\n<meta property=\"og:type\" content=\"article\" \/>\n<meta property=\"og:title\" content=\"Le CEO de Ter Beke d\u00e9sign\u00e9 comme nouveau directeur financier de Colruyt - RetailDetail BE\" \/>\n<meta property=\"og:description\" content=\"Jef Colruyt : \u00ab Le CFO id\u00e9al \u00bb Hofman (\u00b01958) est licenci\u00e9 en Sciences \u00e9conomiques appliqu\u00e9es. Il a d\u00e9but\u00e9 sa carri\u00e8re en tant que r\u00e9viseur d\u2019entreprise chez Arthur Andersen. Ensuite il a occup\u00e9 la fonction de CFO chez Sun International et chez Ter Beke, o\u00f9 il dirige le d\u00e9partement boucherie et succ\u00e8de \u00e0 Luc De [&hellip;]\" \/>\n<meta property=\"og:url\" content=\"https:\/\/www.retaildetail.be\/fr\/news\/food\/le-ceo-de-ter-beke-designe-comme-nouveau-directeur-financier-de-colruyt\/\" \/>\n<meta property=\"og:site_name\" content=\"RetailDetail BE\" \/>\n<meta property=\"article:published_time\" content=\"2013-01-08T10:23:53+00:00\" \/>\n<meta property=\"og:image\" content=\"https:\/\/i0.wp.com\/www.retaildetail.be\/wp-content\/uploads\/2022\/04\/logo.png?fit=281%2C147&quality=100&strip=all&ssl=1\" \/>\n\t<meta property=\"og:image:width\" content=\"281\" \/>\n\t<meta property=\"og:image:height\" content=\"147\" \/>\n\t<meta property=\"og:image:type\" content=\"image\/png\" \/>\n<meta name=\"author\" content=\"dev@grandiz.com\" \/>\n<meta name=\"twitter:card\" content=\"summary_large_image\" \/>\n<meta name=\"twitter:label1\" content=\"\u00c9crit par\" \/>\n\t<meta name=\"twitter:data1\" content=\"dev@grandiz.com\" \/>\n\t<meta name=\"twitter:label2\" content=\"Dur\u00e9e de lecture estim\u00e9e\" \/>\n\t<meta name=\"twitter:data2\" content=\"2 minutes\" \/>\n<script type=\"application\/ld+json\" class=\"yoast-schema-graph\">{\"@context\":\"https:\\\/\\\/schema.org\",\"@graph\":[{\"@type\":\"NewsArticle\",\"@id\":\"https:\\\/\\\/www.retaildetail.be\\\/fr\\\/news\\\/food\\\/le-ceo-de-ter-beke-designe-comme-nouveau-directeur-financier-de-colruyt\\\/#article\",\"isPartOf\":{\"@id\":\"https:\\\/\\\/www.retaildetail.be\\\/fr\\\/news\\\/food\\\/le-ceo-de-ter-beke-designe-comme-nouveau-directeur-financier-de-colruyt\\\/\"},\"author\":{\"name\":\"dev@grandiz.com\",\"@id\":\"https:\\\/\\\/www.retaildetail.be\\\/nl\\\/#\\\/schema\\\/person\\\/ba2d383452a753a3a1ce8cdb349b5fc9\"},\"headline\":\"Le CEO de Ter Beke d\u00e9sign\u00e9 comme nouveau directeur financier de Colruyt\",\"datePublished\":\"2013-01-08T10:23:53+00:00\",\"mainEntityOfPage\":{\"@id\":\"https:\\\/\\\/www.retaildetail.be\\\/fr\\\/news\\\/food\\\/le-ceo-de-ter-beke-designe-comme-nouveau-directeur-financier-de-colruyt\\\/\"},\"wordCount\":347,\"publisher\":{\"@id\":\"https:\\\/\\\/www.retaildetail.be\\\/nl\\\/#organization\"},\"image\":{\"@id\":\"https:\\\/\\\/www.retaildetail.be\\\/fr\\\/news\\\/food\\\/le-ceo-de-ter-beke-designe-comme-nouveau-directeur-financier-de-colruyt\\\/#primaryimage\"},\"thumbnailUrl\":\"https:\\\/\\\/www.retaildetail.be\\\/wp-content\\\/uploads\\\/2022\\\/04\\\/logo.png\",\"articleSection\":[\"Food\"],\"inLanguage\":\"fr-FR\",\"copyrightYear\":\"2013\",\"copyrightHolder\":{\"@id\":\"https:\\\/\\\/www.retaildetail.be\\\/#organization\"}},{\"@type\":\"WebPage\",\"@id\":\"https:\\\/\\\/www.retaildetail.be\\\/fr\\\/news\\\/food\\\/le-ceo-de-ter-beke-designe-comme-nouveau-directeur-financier-de-colruyt\\\/\",\"url\":\"https:\\\/\\\/www.retaildetail.be\\\/fr\\\/news\\\/food\\\/le-ceo-de-ter-beke-designe-comme-nouveau-directeur-financier-de-colruyt\\\/\",\"name\":\"Le CEO de Ter Beke d\u00e9sign\u00e9 comme nouveau directeur financier de Colruyt - RetailDetail BE\",\"isPartOf\":{\"@id\":\"https:\\\/\\\/www.retaildetail.be\\\/nl\\\/#website\"},\"primaryImageOfPage\":{\"@id\":\"https:\\\/\\\/www.retaildetail.be\\\/fr\\\/news\\\/food\\\/le-ceo-de-ter-beke-designe-comme-nouveau-directeur-financier-de-colruyt\\\/#primaryimage\"},\"image\":{\"@id\":\"https:\\\/\\\/www.retaildetail.be\\\/fr\\\/news\\\/food\\\/le-ceo-de-ter-beke-designe-comme-nouveau-directeur-financier-de-colruyt\\\/#primaryimage\"},\"thumbnailUrl\":\"https:\\\/\\\/www.retaildetail.be\\\/wp-content\\\/uploads\\\/2022\\\/04\\\/logo.png\",\"datePublished\":\"2013-01-08T10:23:53+00:00\",\"breadcrumb\":{\"@id\":\"https:\\\/\\\/www.retaildetail.be\\\/fr\\\/news\\\/food\\\/le-ceo-de-ter-beke-designe-comme-nouveau-directeur-financier-de-colruyt\\\/#breadcrumb\"},\"inLanguage\":\"fr-FR\",\"potentialAction\":[{\"@type\":\"ReadAction\",\"target\":[\"https:\\\/\\\/www.retaildetail.be\\\/fr\\\/news\\\/food\\\/le-ceo-de-ter-beke-designe-comme-nouveau-directeur-financier-de-colruyt\\\/\"]}]},{\"@type\":\"ImageObject\",\"inLanguage\":\"fr-FR\",\"@id\":\"https:\\\/\\\/www.retaildetail.be\\\/fr\\\/news\\\/food\\\/le-ceo-de-ter-beke-designe-comme-nouveau-directeur-financier-de-colruyt\\\/#primaryimage\",\"url\":\"https:\\\/\\\/www.retaildetail.be\\\/wp-content\\\/uploads\\\/2022\\\/04\\\/logo.png\",\"contentUrl\":\"https:\\\/\\\/www.retaildetail.be\\\/wp-content\\\/uploads\\\/2022\\\/04\\\/logo.png\",\"width\":281,\"height\":147},{\"@type\":\"BreadcrumbList\",\"@id\":\"https:\\\/\\\/www.retaildetail.be\\\/fr\\\/news\\\/food\\\/le-ceo-de-ter-beke-designe-comme-nouveau-directeur-financier-de-colruyt\\\/#breadcrumb\",\"itemListElement\":[{\"@type\":\"ListItem\",\"position\":1,\"name\":\"Home\",\"item\":\"https:\\\/\\\/www.retaildetail.be\\\/fr\\\/\"},{\"@type\":\"ListItem\",\"position\":2,\"name\":\"Le CEO de Ter Beke d\u00e9sign\u00e9 comme nouveau directeur financier de Colruyt\"}]},{\"@type\":\"WebSite\",\"@id\":\"https:\\\/\\\/www.retaildetail.be\\\/nl\\\/#website\",\"url\":\"https:\\\/\\\/www.retaildetail.be\\\/nl\\\/\",\"name\":\"RetailDetail BE\",\"description\":\"News\",\"publisher\":{\"@id\":\"https:\\\/\\\/www.retaildetail.be\\\/nl\\\/#organization\"},\"potentialAction\":[{\"@type\":\"SearchAction\",\"target\":{\"@type\":\"EntryPoint\",\"urlTemplate\":\"https:\\\/\\\/www.retaildetail.be\\\/nl\\\/?s={search_term_string}\"},\"query-input\":{\"@type\":\"PropertyValueSpecification\",\"valueRequired\":true,\"valueName\":\"search_term_string\"}}],\"inLanguage\":\"fr-FR\"},{\"@type\":\"Organization\",\"@id\":\"https:\\\/\\\/www.retaildetail.be\\\/nl\\\/#organization\",\"name\":\"RetailDetail BE\",\"url\":\"https:\\\/\\\/www.retaildetail.be\\\/nl\\\/\",\"logo\":{\"@type\":\"ImageObject\",\"inLanguage\":\"fr-FR\",\"@id\":\"https:\\\/\\\/www.retaildetail.be\\\/nl\\\/#\\\/schema\\\/logo\\\/image\\\/\",\"url\":\"https:\\\/\\\/www.retaildetail.be\\\/wp-content\\\/uploads\\\/2022\\\/04\\\/logo.svg\",\"contentUrl\":\"https:\\\/\\\/www.retaildetail.be\\\/wp-content\\\/uploads\\\/2022\\\/04\\\/logo.svg\",\"width\":131,\"height\":70,\"caption\":\"RetailDetail BE\"},\"image\":{\"@id\":\"https:\\\/\\\/www.retaildetail.be\\\/nl\\\/#\\\/schema\\\/logo\\\/image\\\/\"}},{\"@type\":\"Person\",\"@id\":\"https:\\\/\\\/www.retaildetail.be\\\/nl\\\/#\\\/schema\\\/person\\\/ba2d383452a753a3a1ce8cdb349b5fc9\",\"name\":\"dev@grandiz.com\",\"image\":{\"@type\":\"ImageObject\",\"inLanguage\":\"fr-FR\",\"@id\":\"https:\\\/\\\/secure.gravatar.com\\\/avatar\\\/5f53ce9fb6eed4a60e5aaaa712be8773880fa9459d9cac9bc4aa4fdbce3f447f?s=96&d=mm&r=g\",\"url\":\"https:\\\/\\\/secure.gravatar.com\\\/avatar\\\/5f53ce9fb6eed4a60e5aaaa712be8773880fa9459d9cac9bc4aa4fdbce3f447f?s=96&d=mm&r=g\",\"contentUrl\":\"https:\\\/\\\/secure.gravatar.com\\\/avatar\\\/5f53ce9fb6eed4a60e5aaaa712be8773880fa9459d9cac9bc4aa4fdbce3f447f?s=96&d=mm&r=g\",\"caption\":\"dev@grandiz.com\"},\"sameAs\":[\"http:\\\/\\\/preprod.retaildetail.be\"],\"url\":\"https:\\\/\\\/www.retaildetail.be\\\/fr\\\/author\\\/devgrandiz-com\\\/\"}]}<\/script>\n<!-- \/ Yoast SEO plugin. -->","yoast_head_json":{"title":"Le CEO de Ter Beke d\u00e9sign\u00e9 comme nouveau directeur financier de Colruyt - RetailDetail BE","robots":{"index":"index","follow":"follow","max-snippet":"max-snippet:-1","max-image-preview":"max-image-preview:large","max-video-preview":"max-video-preview:-1"},"canonical":"https:\/\/www.retaildetail.be\/fr\/news\/food\/le-ceo-de-ter-beke-designe-comme-nouveau-directeur-financier-de-colruyt\/","og_locale":"fr_FR","og_type":"article","og_title":"Le CEO de Ter Beke d\u00e9sign\u00e9 comme nouveau directeur financier de Colruyt - RetailDetail BE","og_description":"Jef Colruyt : \u00ab Le CFO id\u00e9al \u00bb Hofman (\u00b01958) est licenci\u00e9 en Sciences \u00e9conomiques appliqu\u00e9es. Il a d\u00e9but\u00e9 sa carri\u00e8re en tant que r\u00e9viseur d\u2019entreprise chez Arthur Andersen. Ensuite il a occup\u00e9 la fonction de CFO chez Sun International et chez Ter Beke, o\u00f9 il dirige le d\u00e9partement boucherie et succ\u00e8de \u00e0 Luc De [&hellip;]","og_url":"https:\/\/www.retaildetail.be\/fr\/news\/food\/le-ceo-de-ter-beke-designe-comme-nouveau-directeur-financier-de-colruyt\/","og_site_name":"RetailDetail BE","article_published_time":"2013-01-08T10:23:53+00:00","og_image":[{"width":281,"height":147,"url":"https:\/\/i0.wp.com\/www.retaildetail.be\/wp-content\/uploads\/2022\/04\/logo.png?fit=281%2C147&quality=100&strip=all&ssl=1","type":"image\/png"}],"author":"dev@grandiz.com","twitter_card":"summary_large_image","twitter_misc":{"\u00c9crit par":"dev@grandiz.com","Dur\u00e9e de lecture estim\u00e9e":"2 minutes"},"schema":{"@context":"https:\/\/schema.org","@graph":[{"@type":"NewsArticle","@id":"https:\/\/www.retaildetail.be\/fr\/news\/food\/le-ceo-de-ter-beke-designe-comme-nouveau-directeur-financier-de-colruyt\/#article","isPartOf":{"@id":"https:\/\/www.retaildetail.be\/fr\/news\/food\/le-ceo-de-ter-beke-designe-comme-nouveau-directeur-financier-de-colruyt\/"},"author":{"name":"dev@grandiz.com","@id":"https:\/\/www.retaildetail.be\/nl\/#\/schema\/person\/ba2d383452a753a3a1ce8cdb349b5fc9"},"headline":"Le CEO de Ter Beke d\u00e9sign\u00e9 comme nouveau directeur financier de Colruyt","datePublished":"2013-01-08T10:23:53+00:00","mainEntityOfPage":{"@id":"https:\/\/www.retaildetail.be\/fr\/news\/food\/le-ceo-de-ter-beke-designe-comme-nouveau-directeur-financier-de-colruyt\/"},"wordCount":347,"publisher":{"@id":"https:\/\/www.retaildetail.be\/nl\/#organization"},"image":{"@id":"https:\/\/www.retaildetail.be\/fr\/news\/food\/le-ceo-de-ter-beke-designe-comme-nouveau-directeur-financier-de-colruyt\/#primaryimage"},"thumbnailUrl":"https:\/\/www.retaildetail.be\/wp-content\/uploads\/2022\/04\/logo.png","articleSection":["Food"],"inLanguage":"fr-FR","copyrightYear":"2013","copyrightHolder":{"@id":"https:\/\/www.retaildetail.be\/#organization"}},{"@type":"WebPage","@id":"https:\/\/www.retaildetail.be\/fr\/news\/food\/le-ceo-de-ter-beke-designe-comme-nouveau-directeur-financier-de-colruyt\/","url":"https:\/\/www.retaildetail.be\/fr\/news\/food\/le-ceo-de-ter-beke-designe-comme-nouveau-directeur-financier-de-colruyt\/","name":"Le CEO de Ter Beke d\u00e9sign\u00e9 comme nouveau directeur financier de Colruyt - RetailDetail BE","isPartOf":{"@id":"https:\/\/www.retaildetail.be\/nl\/#website"},"primaryImageOfPage":{"@id":"https:\/\/www.retaildetail.be\/fr\/news\/food\/le-ceo-de-ter-beke-designe-comme-nouveau-directeur-financier-de-colruyt\/#primaryimage"},"image":{"@id":"https:\/\/www.retaildetail.be\/fr\/news\/food\/le-ceo-de-ter-beke-designe-comme-nouveau-directeur-financier-de-colruyt\/#primaryimage"},"thumbnailUrl":"https:\/\/www.retaildetail.be\/wp-content\/uploads\/2022\/04\/logo.png","datePublished":"2013-01-08T10:23:53+00:00","breadcrumb":{"@id":"https:\/\/www.retaildetail.be\/fr\/news\/food\/le-ceo-de-ter-beke-designe-comme-nouveau-directeur-financier-de-colruyt\/#breadcrumb"},"inLanguage":"fr-FR","potentialAction":[{"@type":"ReadAction","target":["https:\/\/www.retaildetail.be\/fr\/news\/food\/le-ceo-de-ter-beke-designe-comme-nouveau-directeur-financier-de-colruyt\/"]}]},{"@type":"ImageObject","inLanguage":"fr-FR","@id":"https:\/\/www.retaildetail.be\/fr\/news\/food\/le-ceo-de-ter-beke-designe-comme-nouveau-directeur-financier-de-colruyt\/#primaryimage","url":"https:\/\/www.retaildetail.be\/wp-content\/uploads\/2022\/04\/logo.png","contentUrl":"https:\/\/www.retaildetail.be\/wp-content\/uploads\/2022\/04\/logo.png","width":281,"height":147},{"@type":"BreadcrumbList","@id":"https:\/\/www.retaildetail.be\/fr\/news\/food\/le-ceo-de-ter-beke-designe-comme-nouveau-directeur-financier-de-colruyt\/#breadcrumb","itemListElement":[{"@type":"ListItem","position":1,"name":"Home","item":"https:\/\/www.retaildetail.be\/fr\/"},{"@type":"ListItem","position":2,"name":"Le CEO de Ter Beke d\u00e9sign\u00e9 comme nouveau directeur financier de Colruyt"}]},{"@type":"WebSite","@id":"https:\/\/www.retaildetail.be\/nl\/#website","url":"https:\/\/www.retaildetail.be\/nl\/","name":"RetailDetail BE","description":"News","publisher":{"@id":"https:\/\/www.retaildetail.be\/nl\/#organization"},"potentialAction":[{"@type":"SearchAction","target":{"@type":"EntryPoint","urlTemplate":"https:\/\/www.retaildetail.be\/nl\/?s={search_term_string}"},"query-input":{"@type":"PropertyValueSpecification","valueRequired":true,"valueName":"search_term_string"}}],"inLanguage":"fr-FR"},{"@type":"Organization","@id":"https:\/\/www.retaildetail.be\/nl\/#organization","name":"RetailDetail BE","url":"https:\/\/www.retaildetail.be\/nl\/","logo":{"@type":"ImageObject","inLanguage":"fr-FR","@id":"https:\/\/www.retaildetail.be\/nl\/#\/schema\/logo\/image\/","url":"https:\/\/www.retaildetail.be\/wp-content\/uploads\/2022\/04\/logo.svg","contentUrl":"https:\/\/www.retaildetail.be\/wp-content\/uploads\/2022\/04\/logo.svg","width":131,"height":70,"caption":"RetailDetail BE"},"image":{"@id":"https:\/\/www.retaildetail.be\/nl\/#\/schema\/logo\/image\/"}},{"@type":"Person","@id":"https:\/\/www.retaildetail.be\/nl\/#\/schema\/person\/ba2d383452a753a3a1ce8cdb349b5fc9","name":"dev@grandiz.com","image":{"@type":"ImageObject","inLanguage":"fr-FR","@id":"https:\/\/secure.gravatar.com\/avatar\/5f53ce9fb6eed4a60e5aaaa712be8773880fa9459d9cac9bc4aa4fdbce3f447f?s=96&d=mm&r=g","url":"https:\/\/secure.gravatar.com\/avatar\/5f53ce9fb6eed4a60e5aaaa712be8773880fa9459d9cac9bc4aa4fdbce3f447f?s=96&d=mm&r=g","contentUrl":"https:\/\/secure.gravatar.com\/avatar\/5f53ce9fb6eed4a60e5aaaa712be8773880fa9459d9cac9bc4aa4fdbce3f447f?s=96&d=mm&r=g","caption":"dev@grandiz.com"},"sameAs":["http:\/\/preprod.retaildetail.be"],"url":"https:\/\/www.retaildetail.be\/fr\/author\/devgrandiz-com\/"}]}},"jetpack_featured_media_url":"https:\/\/www.retaildetail.be\/wp-content\/uploads\/2022\/04\/logo.png","jetpack_sharing_enabled":true,"_links":{"self":[{"href":"https:\/\/www.retaildetail.be\/fr\/wp-json\/wp\/v2\/posts\/2535","targetHints":{"allow":["GET"]}}],"collection":[{"href":"https:\/\/www.retaildetail.be\/fr\/wp-json\/wp\/v2\/posts"}],"about":[{"href":"https:\/\/www.retaildetail.be\/fr\/wp-json\/wp\/v2\/types\/post"}],"author":[{"embeddable":true,"href":"https:\/\/www.retaildetail.be\/fr\/wp-json\/wp\/v2\/users\/1"}],"replies":[{"embeddable":true,"href":"https:\/\/www.retaildetail.be\/fr\/wp-json\/wp\/v2\/comments?post=2535"}],"version-history":[{"count":0,"href":"https:\/\/www.retaildetail.be\/fr\/wp-json\/wp\/v2\/posts\/2535\/revisions"}],"wp:featuredmedia":[{"embeddable":true,"href":"https:\/\/www.retaildetail.be\/fr\/wp-json\/wp\/v2\/media\/84"}],"wp:attachment":[{"href":"https:\/\/www.retaildetail.be\/fr\/wp-json\/wp\/v2\/media?parent=2535"}],"wp:term":[{"taxonomy":"category","embeddable":true,"href":"https:\/\/www.retaildetail.be\/fr\/wp-json\/wp\/v2\/categories?post=2535"},{"taxonomy":"post_tag","embeddable":true,"href":"https:\/\/www.retaildetail.be\/fr\/wp-json\/wp\/v2\/tags?post=2535"},{"taxonomy":"people","embeddable":true,"href":"https:\/\/www.retaildetail.be\/fr\/wp-json\/wp\/v2\/people?post=2535"},{"taxonomy":"extra","embeddable":true,"href":"https:\/\/www.retaildetail.be\/fr\/wp-json\/wp\/v2\/extra?post=2535"},{"taxonomy":"company","embeddable":true,"href":"https:\/\/www.retaildetail.be\/fr\/wp-json\/wp\/v2\/company?post=2535"},{"taxonomy":"topic","embeddable":true,"href":"https:\/\/www.retaildetail.be\/fr\/wp-json\/wp\/v2\/topic?post=2535"},{"taxonomy":"region","embeddable":true,"href":"https:\/\/www.retaildetail.be\/fr\/wp-json\/wp\/v2\/region?post=2535"}],"curies":[{"name":"wp","href":"https:\/\/api.w.org\/{rel}","templated":true}]}}