{"id":2552,"date":"2013-01-11T10:43:00","date_gmt":"2013-01-11T10:43:00","guid":{"rendered":"https:\/\/www.retaildetail.be\/food\/quick-nouveau-ceo-et-reechelonnement-de-sa-dette\/"},"modified":"2013-01-11T10:43:00","modified_gmt":"2013-01-11T10:43:00","slug":"quick-nouveau-ceo-et-reechelonnement-de-sa-dette","status":"publish","type":"post","link":"https:\/\/www.retaildetail.be\/fr\/news\/food\/quick-nouveau-ceo-et-reechelonnement-de-sa-dette\/","title":{"rendered":"Quick : nouveau CEO et r\u00e9\u00e9chelonnement de sa dette"},"content":{"rendered":"<h2>Exit Jacques-Edouard Charret<\/h2>\n<p>Fin de la semaine derni\u00e8re le Fran\u00e7ais <a target=\"_blank\" href=\"http:\/\/groupe.quick.be\/be-fr\/le-groupe\/cedric-dugardin-est-nomme-president-du-directoire-de-financiere-quick-sas\" rel=\"noopener\">C\u00e9dric Dugardin a \u00e9t\u00e9 design\u00e9 comme nouveau\u00a0 pr\u00e9sident-directeur de Quick<\/a>. Il <strong>succ\u00e8de \u00e0 son compatriote Jacques-Edouard Charret<\/strong>, \u00e0 la t\u00eate du groupe depuis d\u00e9but 2010, mais qui d\u00e9sormais\u00a0 \u00ab souhaite poursuivre de nouveaux projets. \u00bb<\/p>\n<p>Dugardin a rejoint le Groupe Quick en 2007, comme directeur financier et a \u00e9t\u00e9 <strong>nomm\u00e9 directeur g\u00e9n\u00e9ral adjoint en 2010<\/strong>. Le nouveau CEO est dipl\u00f4m\u00e9 de la Sorbonne et de la London School of Economics.\u00a0 Il a d\u00e9but\u00e9 sa carri\u00e8re chez PriceWaterhouseCoopers, pour ensuite int\u00e9grer le groupe\u00a0 Altadis (entreprise active dans le secteur du tabac).<\/p>\n<h2>\n<br \/>375 millions d\u2019euros de dettes<\/h2>\n<p>C\u00e9dric Dugardin est \u00e0 l\u2019origine du <strong>r\u00e9\u00e9chelonnement de la dette de Quick<\/strong>, mis en place depuis novembre dernier. Le groupe avait d\u00e9j\u00e0 fait part de ce r\u00e9\u00e9chelonnement au journal De Tijd, sans pr\u00e9ciser pour autant les d\u00e9tails de cet accord, qui doit d\u2019ailleurs encore \u00eatre approuv\u00e9 par le tribunal de commerce de Bobigny (Paris).<\/p>\n<p>\u00ab Cet accord n\u2019a pas d\u2019impact sur les activit\u00e9s, l\u2019emploi et les fournisseurs de Quick \u00bb indique la porte-parole dans le journal De Tijd. Elle ajoute que l\u2019ann\u00e9e derni\u00e8re <strong>le chiffre d\u2019affaires de Quick s\u2019\u00e9levait \u00e0 plus d\u2019un milliard d\u2019euros<\/strong>, soit une croissance de 5%.<\/p>\n<p>Depuis d\u00e9but 2007 le groupe Quick d\u2019origine belge est pass\u00e9 enti\u00e8rement aux mains du fonds d\u2019investissement CDC Capital Investissement (actuellement Qualium) et est donc juridiquement un groupe fran\u00e7ais. <strong>Qualium a rachet\u00e9 la cha\u00eene pour 730 millions d\u2019euros<\/strong>. Une partie du montant de la reprise a \u00e9t\u00e9 emprunt\u00e9 et l\u2019entreprise rachet\u00e9e rembourse ensuite la dette. D\u2019o\u00f9 une \u00e9norme dette pour Quick : fin 2011\u00a0 celle-ci s\u2019\u00e9levait encore \u00e0 400 millions d\u2019euros. A pr\u00e9sent il reste encore 375 millions \u00e0 rembourser \u00bb, rapporte le journal De Tijd.<\/p>\n<p>\u00a0<\/p>\n<p>\u00a0<\/p>\n","protected":false},"excerpt":{"rendered":"<p>Exit Jacques-Edouard Charret Fin de la semaine derni\u00e8re le Fran\u00e7ais C\u00e9dric Dugardin a \u00e9t\u00e9 design\u00e9 comme nouveau\u00a0 pr\u00e9sident-directeur de Quick. Il succ\u00e8de \u00e0 son compatriote Jacques-Edouard Charret, \u00e0 la t\u00eate du groupe depuis d\u00e9but 2010, mais qui d\u00e9sormais\u00a0 \u00ab souhaite poursuivre de nouveaux projets. \u00bb Dugardin a rejoint le Groupe Quick en 2007, comme directeur [&hellip;]<\/p>\n","protected":false},"author":1,"featured_media":84,"comment_status":"closed","ping_status":"closed","sticky":false,"template":"","format":"standard","meta":{"_acf_changed":false,"inline_featured_image":false,"_jetpack_memberships_contains_paid_content":false,"footnotes":""},"categories":[24],"tags":[],"people":[],"extra":[],"company":[],"topic":[],"region":[],"class_list":["post-2552","post","type-post","status-publish","format-standard","has-post-thumbnail","hentry","category-food"],"acf":[],"yoast_head":"<!-- This site is optimized with the Yoast SEO plugin v27.3 - https:\/\/yoast.com\/product\/yoast-seo-wordpress\/ -->\n<title>Quick : nouveau CEO et r\u00e9\u00e9chelonnement de sa dette - RetailDetail BE<\/title>\n<meta name=\"robots\" content=\"index, follow, max-snippet:-1, max-image-preview:large, max-video-preview:-1\" \/>\n<link rel=\"canonical\" href=\"https:\/\/www.retaildetail.be\/fr\/news\/food\/quick-nouveau-ceo-et-reechelonnement-de-sa-dette\/\" \/>\n<meta property=\"og:locale\" content=\"fr_FR\" \/>\n<meta property=\"og:type\" content=\"article\" \/>\n<meta property=\"og:title\" content=\"Quick : nouveau CEO et r\u00e9\u00e9chelonnement de sa dette - RetailDetail BE\" \/>\n<meta property=\"og:description\" content=\"Exit Jacques-Edouard Charret Fin de la semaine derni\u00e8re le Fran\u00e7ais C\u00e9dric Dugardin a \u00e9t\u00e9 design\u00e9 comme nouveau\u00a0 pr\u00e9sident-directeur de Quick. Il succ\u00e8de \u00e0 son compatriote Jacques-Edouard Charret, \u00e0 la t\u00eate du groupe depuis d\u00e9but 2010, mais qui d\u00e9sormais\u00a0 \u00ab souhaite poursuivre de nouveaux projets. \u00bb Dugardin a rejoint le Groupe Quick en 2007, comme directeur [&hellip;]\" \/>\n<meta property=\"og:url\" content=\"https:\/\/www.retaildetail.be\/fr\/news\/food\/quick-nouveau-ceo-et-reechelonnement-de-sa-dette\/\" \/>\n<meta property=\"og:site_name\" content=\"RetailDetail BE\" \/>\n<meta property=\"article:published_time\" content=\"2013-01-11T10:43:00+00:00\" \/>\n<meta property=\"og:image\" content=\"https:\/\/i0.wp.com\/www.retaildetail.be\/wp-content\/uploads\/2022\/04\/logo.png?fit=281%2C147&quality=100&strip=all&ssl=1\" \/>\n\t<meta property=\"og:image:width\" content=\"281\" \/>\n\t<meta property=\"og:image:height\" content=\"147\" \/>\n\t<meta property=\"og:image:type\" content=\"image\/png\" \/>\n<meta name=\"author\" content=\"dev@grandiz.com\" \/>\n<meta name=\"twitter:card\" content=\"summary_large_image\" \/>\n<meta name=\"twitter:label1\" content=\"\u00c9crit par\" \/>\n\t<meta name=\"twitter:data1\" content=\"dev@grandiz.com\" \/>\n\t<meta name=\"twitter:label2\" content=\"Dur\u00e9e de lecture estim\u00e9e\" \/>\n\t<meta name=\"twitter:data2\" content=\"2 minutes\" \/>\n<script type=\"application\/ld+json\" class=\"yoast-schema-graph\">{\"@context\":\"https:\\\/\\\/schema.org\",\"@graph\":[{\"@type\":\"NewsArticle\",\"@id\":\"https:\\\/\\\/www.retaildetail.be\\\/fr\\\/news\\\/food\\\/quick-nouveau-ceo-et-reechelonnement-de-sa-dette\\\/#article\",\"isPartOf\":{\"@id\":\"https:\\\/\\\/www.retaildetail.be\\\/fr\\\/news\\\/food\\\/quick-nouveau-ceo-et-reechelonnement-de-sa-dette\\\/\"},\"author\":{\"name\":\"dev@grandiz.com\",\"@id\":\"https:\\\/\\\/www.retaildetail.be\\\/nl\\\/#\\\/schema\\\/person\\\/ba2d383452a753a3a1ce8cdb349b5fc9\"},\"headline\":\"Quick : nouveau CEO et r\u00e9\u00e9chelonnement de sa dette\",\"datePublished\":\"2013-01-11T10:43:00+00:00\",\"mainEntityOfPage\":{\"@id\":\"https:\\\/\\\/www.retaildetail.be\\\/fr\\\/news\\\/food\\\/quick-nouveau-ceo-et-reechelonnement-de-sa-dette\\\/\"},\"wordCount\":323,\"publisher\":{\"@id\":\"https:\\\/\\\/www.retaildetail.be\\\/nl\\\/#organization\"},\"image\":{\"@id\":\"https:\\\/\\\/www.retaildetail.be\\\/fr\\\/news\\\/food\\\/quick-nouveau-ceo-et-reechelonnement-de-sa-dette\\\/#primaryimage\"},\"thumbnailUrl\":\"https:\\\/\\\/www.retaildetail.be\\\/wp-content\\\/uploads\\\/2022\\\/04\\\/logo.png\",\"articleSection\":[\"Food\"],\"inLanguage\":\"fr-FR\",\"copyrightYear\":\"2013\",\"copyrightHolder\":{\"@id\":\"https:\\\/\\\/www.retaildetail.be\\\/#organization\"}},{\"@type\":\"WebPage\",\"@id\":\"https:\\\/\\\/www.retaildetail.be\\\/fr\\\/news\\\/food\\\/quick-nouveau-ceo-et-reechelonnement-de-sa-dette\\\/\",\"url\":\"https:\\\/\\\/www.retaildetail.be\\\/fr\\\/news\\\/food\\\/quick-nouveau-ceo-et-reechelonnement-de-sa-dette\\\/\",\"name\":\"Quick : nouveau CEO et r\u00e9\u00e9chelonnement de sa dette - RetailDetail BE\",\"isPartOf\":{\"@id\":\"https:\\\/\\\/www.retaildetail.be\\\/nl\\\/#website\"},\"primaryImageOfPage\":{\"@id\":\"https:\\\/\\\/www.retaildetail.be\\\/fr\\\/news\\\/food\\\/quick-nouveau-ceo-et-reechelonnement-de-sa-dette\\\/#primaryimage\"},\"image\":{\"@id\":\"https:\\\/\\\/www.retaildetail.be\\\/fr\\\/news\\\/food\\\/quick-nouveau-ceo-et-reechelonnement-de-sa-dette\\\/#primaryimage\"},\"thumbnailUrl\":\"https:\\\/\\\/www.retaildetail.be\\\/wp-content\\\/uploads\\\/2022\\\/04\\\/logo.png\",\"datePublished\":\"2013-01-11T10:43:00+00:00\",\"breadcrumb\":{\"@id\":\"https:\\\/\\\/www.retaildetail.be\\\/fr\\\/news\\\/food\\\/quick-nouveau-ceo-et-reechelonnement-de-sa-dette\\\/#breadcrumb\"},\"inLanguage\":\"fr-FR\",\"potentialAction\":[{\"@type\":\"ReadAction\",\"target\":[\"https:\\\/\\\/www.retaildetail.be\\\/fr\\\/news\\\/food\\\/quick-nouveau-ceo-et-reechelonnement-de-sa-dette\\\/\"]}]},{\"@type\":\"ImageObject\",\"inLanguage\":\"fr-FR\",\"@id\":\"https:\\\/\\\/www.retaildetail.be\\\/fr\\\/news\\\/food\\\/quick-nouveau-ceo-et-reechelonnement-de-sa-dette\\\/#primaryimage\",\"url\":\"https:\\\/\\\/www.retaildetail.be\\\/wp-content\\\/uploads\\\/2022\\\/04\\\/logo.png\",\"contentUrl\":\"https:\\\/\\\/www.retaildetail.be\\\/wp-content\\\/uploads\\\/2022\\\/04\\\/logo.png\",\"width\":281,\"height\":147},{\"@type\":\"BreadcrumbList\",\"@id\":\"https:\\\/\\\/www.retaildetail.be\\\/fr\\\/news\\\/food\\\/quick-nouveau-ceo-et-reechelonnement-de-sa-dette\\\/#breadcrumb\",\"itemListElement\":[{\"@type\":\"ListItem\",\"position\":1,\"name\":\"Home\",\"item\":\"https:\\\/\\\/www.retaildetail.be\\\/fr\\\/\"},{\"@type\":\"ListItem\",\"position\":2,\"name\":\"Quick : nouveau CEO et r\u00e9\u00e9chelonnement de sa dette\"}]},{\"@type\":\"WebSite\",\"@id\":\"https:\\\/\\\/www.retaildetail.be\\\/nl\\\/#website\",\"url\":\"https:\\\/\\\/www.retaildetail.be\\\/nl\\\/\",\"name\":\"RetailDetail BE\",\"description\":\"News\",\"publisher\":{\"@id\":\"https:\\\/\\\/www.retaildetail.be\\\/nl\\\/#organization\"},\"potentialAction\":[{\"@type\":\"SearchAction\",\"target\":{\"@type\":\"EntryPoint\",\"urlTemplate\":\"https:\\\/\\\/www.retaildetail.be\\\/nl\\\/?s={search_term_string}\"},\"query-input\":{\"@type\":\"PropertyValueSpecification\",\"valueRequired\":true,\"valueName\":\"search_term_string\"}}],\"inLanguage\":\"fr-FR\"},{\"@type\":\"Organization\",\"@id\":\"https:\\\/\\\/www.retaildetail.be\\\/nl\\\/#organization\",\"name\":\"RetailDetail BE\",\"url\":\"https:\\\/\\\/www.retaildetail.be\\\/nl\\\/\",\"logo\":{\"@type\":\"ImageObject\",\"inLanguage\":\"fr-FR\",\"@id\":\"https:\\\/\\\/www.retaildetail.be\\\/nl\\\/#\\\/schema\\\/logo\\\/image\\\/\",\"url\":\"https:\\\/\\\/www.retaildetail.be\\\/wp-content\\\/uploads\\\/2022\\\/04\\\/logo.svg\",\"contentUrl\":\"https:\\\/\\\/www.retaildetail.be\\\/wp-content\\\/uploads\\\/2022\\\/04\\\/logo.svg\",\"width\":131,\"height\":70,\"caption\":\"RetailDetail BE\"},\"image\":{\"@id\":\"https:\\\/\\\/www.retaildetail.be\\\/nl\\\/#\\\/schema\\\/logo\\\/image\\\/\"}},{\"@type\":\"Person\",\"@id\":\"https:\\\/\\\/www.retaildetail.be\\\/nl\\\/#\\\/schema\\\/person\\\/ba2d383452a753a3a1ce8cdb349b5fc9\",\"name\":\"dev@grandiz.com\",\"image\":{\"@type\":\"ImageObject\",\"inLanguage\":\"fr-FR\",\"@id\":\"https:\\\/\\\/secure.gravatar.com\\\/avatar\\\/5f53ce9fb6eed4a60e5aaaa712be8773880fa9459d9cac9bc4aa4fdbce3f447f?s=96&d=mm&r=g\",\"url\":\"https:\\\/\\\/secure.gravatar.com\\\/avatar\\\/5f53ce9fb6eed4a60e5aaaa712be8773880fa9459d9cac9bc4aa4fdbce3f447f?s=96&d=mm&r=g\",\"contentUrl\":\"https:\\\/\\\/secure.gravatar.com\\\/avatar\\\/5f53ce9fb6eed4a60e5aaaa712be8773880fa9459d9cac9bc4aa4fdbce3f447f?s=96&d=mm&r=g\",\"caption\":\"dev@grandiz.com\"},\"sameAs\":[\"http:\\\/\\\/preprod.retaildetail.be\"],\"url\":\"https:\\\/\\\/www.retaildetail.be\\\/fr\\\/author\\\/devgrandiz-com\\\/\"}]}<\/script>\n<!-- \/ Yoast SEO plugin. -->","yoast_head_json":{"title":"Quick : nouveau CEO et r\u00e9\u00e9chelonnement de sa dette - RetailDetail BE","robots":{"index":"index","follow":"follow","max-snippet":"max-snippet:-1","max-image-preview":"max-image-preview:large","max-video-preview":"max-video-preview:-1"},"canonical":"https:\/\/www.retaildetail.be\/fr\/news\/food\/quick-nouveau-ceo-et-reechelonnement-de-sa-dette\/","og_locale":"fr_FR","og_type":"article","og_title":"Quick : nouveau CEO et r\u00e9\u00e9chelonnement de sa dette - RetailDetail BE","og_description":"Exit Jacques-Edouard Charret Fin de la semaine derni\u00e8re le Fran\u00e7ais C\u00e9dric Dugardin a \u00e9t\u00e9 design\u00e9 comme nouveau\u00a0 pr\u00e9sident-directeur de Quick. Il succ\u00e8de \u00e0 son compatriote Jacques-Edouard Charret, \u00e0 la t\u00eate du groupe depuis d\u00e9but 2010, mais qui d\u00e9sormais\u00a0 \u00ab souhaite poursuivre de nouveaux projets. \u00bb Dugardin a rejoint le Groupe Quick en 2007, comme directeur [&hellip;]","og_url":"https:\/\/www.retaildetail.be\/fr\/news\/food\/quick-nouveau-ceo-et-reechelonnement-de-sa-dette\/","og_site_name":"RetailDetail BE","article_published_time":"2013-01-11T10:43:00+00:00","og_image":[{"width":281,"height":147,"url":"https:\/\/i0.wp.com\/www.retaildetail.be\/wp-content\/uploads\/2022\/04\/logo.png?fit=281%2C147&quality=100&strip=all&ssl=1","type":"image\/png"}],"author":"dev@grandiz.com","twitter_card":"summary_large_image","twitter_misc":{"\u00c9crit par":"dev@grandiz.com","Dur\u00e9e de lecture estim\u00e9e":"2 minutes"},"schema":{"@context":"https:\/\/schema.org","@graph":[{"@type":"NewsArticle","@id":"https:\/\/www.retaildetail.be\/fr\/news\/food\/quick-nouveau-ceo-et-reechelonnement-de-sa-dette\/#article","isPartOf":{"@id":"https:\/\/www.retaildetail.be\/fr\/news\/food\/quick-nouveau-ceo-et-reechelonnement-de-sa-dette\/"},"author":{"name":"dev@grandiz.com","@id":"https:\/\/www.retaildetail.be\/nl\/#\/schema\/person\/ba2d383452a753a3a1ce8cdb349b5fc9"},"headline":"Quick : nouveau CEO et r\u00e9\u00e9chelonnement de sa dette","datePublished":"2013-01-11T10:43:00+00:00","mainEntityOfPage":{"@id":"https:\/\/www.retaildetail.be\/fr\/news\/food\/quick-nouveau-ceo-et-reechelonnement-de-sa-dette\/"},"wordCount":323,"publisher":{"@id":"https:\/\/www.retaildetail.be\/nl\/#organization"},"image":{"@id":"https:\/\/www.retaildetail.be\/fr\/news\/food\/quick-nouveau-ceo-et-reechelonnement-de-sa-dette\/#primaryimage"},"thumbnailUrl":"https:\/\/www.retaildetail.be\/wp-content\/uploads\/2022\/04\/logo.png","articleSection":["Food"],"inLanguage":"fr-FR","copyrightYear":"2013","copyrightHolder":{"@id":"https:\/\/www.retaildetail.be\/#organization"}},{"@type":"WebPage","@id":"https:\/\/www.retaildetail.be\/fr\/news\/food\/quick-nouveau-ceo-et-reechelonnement-de-sa-dette\/","url":"https:\/\/www.retaildetail.be\/fr\/news\/food\/quick-nouveau-ceo-et-reechelonnement-de-sa-dette\/","name":"Quick : nouveau CEO et r\u00e9\u00e9chelonnement de sa dette - RetailDetail BE","isPartOf":{"@id":"https:\/\/www.retaildetail.be\/nl\/#website"},"primaryImageOfPage":{"@id":"https:\/\/www.retaildetail.be\/fr\/news\/food\/quick-nouveau-ceo-et-reechelonnement-de-sa-dette\/#primaryimage"},"image":{"@id":"https:\/\/www.retaildetail.be\/fr\/news\/food\/quick-nouveau-ceo-et-reechelonnement-de-sa-dette\/#primaryimage"},"thumbnailUrl":"https:\/\/www.retaildetail.be\/wp-content\/uploads\/2022\/04\/logo.png","datePublished":"2013-01-11T10:43:00+00:00","breadcrumb":{"@id":"https:\/\/www.retaildetail.be\/fr\/news\/food\/quick-nouveau-ceo-et-reechelonnement-de-sa-dette\/#breadcrumb"},"inLanguage":"fr-FR","potentialAction":[{"@type":"ReadAction","target":["https:\/\/www.retaildetail.be\/fr\/news\/food\/quick-nouveau-ceo-et-reechelonnement-de-sa-dette\/"]}]},{"@type":"ImageObject","inLanguage":"fr-FR","@id":"https:\/\/www.retaildetail.be\/fr\/news\/food\/quick-nouveau-ceo-et-reechelonnement-de-sa-dette\/#primaryimage","url":"https:\/\/www.retaildetail.be\/wp-content\/uploads\/2022\/04\/logo.png","contentUrl":"https:\/\/www.retaildetail.be\/wp-content\/uploads\/2022\/04\/logo.png","width":281,"height":147},{"@type":"BreadcrumbList","@id":"https:\/\/www.retaildetail.be\/fr\/news\/food\/quick-nouveau-ceo-et-reechelonnement-de-sa-dette\/#breadcrumb","itemListElement":[{"@type":"ListItem","position":1,"name":"Home","item":"https:\/\/www.retaildetail.be\/fr\/"},{"@type":"ListItem","position":2,"name":"Quick : nouveau CEO et r\u00e9\u00e9chelonnement de sa dette"}]},{"@type":"WebSite","@id":"https:\/\/www.retaildetail.be\/nl\/#website","url":"https:\/\/www.retaildetail.be\/nl\/","name":"RetailDetail BE","description":"News","publisher":{"@id":"https:\/\/www.retaildetail.be\/nl\/#organization"},"potentialAction":[{"@type":"SearchAction","target":{"@type":"EntryPoint","urlTemplate":"https:\/\/www.retaildetail.be\/nl\/?s={search_term_string}"},"query-input":{"@type":"PropertyValueSpecification","valueRequired":true,"valueName":"search_term_string"}}],"inLanguage":"fr-FR"},{"@type":"Organization","@id":"https:\/\/www.retaildetail.be\/nl\/#organization","name":"RetailDetail BE","url":"https:\/\/www.retaildetail.be\/nl\/","logo":{"@type":"ImageObject","inLanguage":"fr-FR","@id":"https:\/\/www.retaildetail.be\/nl\/#\/schema\/logo\/image\/","url":"https:\/\/www.retaildetail.be\/wp-content\/uploads\/2022\/04\/logo.svg","contentUrl":"https:\/\/www.retaildetail.be\/wp-content\/uploads\/2022\/04\/logo.svg","width":131,"height":70,"caption":"RetailDetail BE"},"image":{"@id":"https:\/\/www.retaildetail.be\/nl\/#\/schema\/logo\/image\/"}},{"@type":"Person","@id":"https:\/\/www.retaildetail.be\/nl\/#\/schema\/person\/ba2d383452a753a3a1ce8cdb349b5fc9","name":"dev@grandiz.com","image":{"@type":"ImageObject","inLanguage":"fr-FR","@id":"https:\/\/secure.gravatar.com\/avatar\/5f53ce9fb6eed4a60e5aaaa712be8773880fa9459d9cac9bc4aa4fdbce3f447f?s=96&d=mm&r=g","url":"https:\/\/secure.gravatar.com\/avatar\/5f53ce9fb6eed4a60e5aaaa712be8773880fa9459d9cac9bc4aa4fdbce3f447f?s=96&d=mm&r=g","contentUrl":"https:\/\/secure.gravatar.com\/avatar\/5f53ce9fb6eed4a60e5aaaa712be8773880fa9459d9cac9bc4aa4fdbce3f447f?s=96&d=mm&r=g","caption":"dev@grandiz.com"},"sameAs":["http:\/\/preprod.retaildetail.be"],"url":"https:\/\/www.retaildetail.be\/fr\/author\/devgrandiz-com\/"}]}},"jetpack_featured_media_url":"https:\/\/www.retaildetail.be\/wp-content\/uploads\/2022\/04\/logo.png","jetpack_sharing_enabled":true,"_links":{"self":[{"href":"https:\/\/www.retaildetail.be\/fr\/wp-json\/wp\/v2\/posts\/2552","targetHints":{"allow":["GET"]}}],"collection":[{"href":"https:\/\/www.retaildetail.be\/fr\/wp-json\/wp\/v2\/posts"}],"about":[{"href":"https:\/\/www.retaildetail.be\/fr\/wp-json\/wp\/v2\/types\/post"}],"author":[{"embeddable":true,"href":"https:\/\/www.retaildetail.be\/fr\/wp-json\/wp\/v2\/users\/1"}],"replies":[{"embeddable":true,"href":"https:\/\/www.retaildetail.be\/fr\/wp-json\/wp\/v2\/comments?post=2552"}],"version-history":[{"count":0,"href":"https:\/\/www.retaildetail.be\/fr\/wp-json\/wp\/v2\/posts\/2552\/revisions"}],"wp:featuredmedia":[{"embeddable":true,"href":"https:\/\/www.retaildetail.be\/fr\/wp-json\/wp\/v2\/media\/84"}],"wp:attachment":[{"href":"https:\/\/www.retaildetail.be\/fr\/wp-json\/wp\/v2\/media?parent=2552"}],"wp:term":[{"taxonomy":"category","embeddable":true,"href":"https:\/\/www.retaildetail.be\/fr\/wp-json\/wp\/v2\/categories?post=2552"},{"taxonomy":"post_tag","embeddable":true,"href":"https:\/\/www.retaildetail.be\/fr\/wp-json\/wp\/v2\/tags?post=2552"},{"taxonomy":"people","embeddable":true,"href":"https:\/\/www.retaildetail.be\/fr\/wp-json\/wp\/v2\/people?post=2552"},{"taxonomy":"extra","embeddable":true,"href":"https:\/\/www.retaildetail.be\/fr\/wp-json\/wp\/v2\/extra?post=2552"},{"taxonomy":"company","embeddable":true,"href":"https:\/\/www.retaildetail.be\/fr\/wp-json\/wp\/v2\/company?post=2552"},{"taxonomy":"topic","embeddable":true,"href":"https:\/\/www.retaildetail.be\/fr\/wp-json\/wp\/v2\/topic?post=2552"},{"taxonomy":"region","embeddable":true,"href":"https:\/\/www.retaildetail.be\/fr\/wp-json\/wp\/v2\/region?post=2552"}],"curies":[{"name":"wp","href":"https:\/\/api.w.org\/{rel}","templated":true}]}}