{"id":2580,"date":"2013-01-18T13:41:10","date_gmt":"2013-01-18T13:41:10","guid":{"rendered":"https:\/\/www.retaildetail.be\/food\/tensions-entre-lidl-et-le-syndicat-socialiste-setca\/"},"modified":"2013-01-18T13:41:10","modified_gmt":"2013-01-18T13:41:10","slug":"tensions-entre-lidl-et-le-syndicat-socialiste-setca","status":"publish","type":"post","link":"https:\/\/www.retaildetail.be\/fr\/news\/food\/tensions-entre-lidl-et-le-syndicat-socialiste-setca\/","title":{"rendered":"Tensions entre Lidl et le syndicat socialiste SETCa"},"content":{"rendered":"<h2>Licenciements arbitraires vs. un seul\u00a0 licenciement<\/h2>\n<p>Le m\u00e9contentement des syndicats est li\u00e9 au licenciement de plusieurs cadres de l\u2019entreprise. \u00ab Les licenciements arbitraires sont le lot quotidien des cadres. S\u2019ils ne sont pas en capacit\u00e9 de travailler correctement, le personnel de base en souffre \u00e9galement. Tant les travailleurs des magasins que les cadres r\u00e9clament un dialogue social qui permette \u00e0 chacun de pouvoir exercer sa fonction correctement. Ce que la direction refuse jusqu\u2019\u00e0 pr\u00e9sent\u00bb, affirme le syndicat.<\/p>\n<p>La direction par contre parle d\u2019un seul licenciement d\u2019un manager : \u00ab Par respect pour le collaborateur en question, nous n&rsquo;expliquerons pas les diff\u00e9rents d\u00e9tails. Mais nous pouvons assurer que le licenciement est arriv\u00e9 apr\u00e8s divers entretiens et avertissements. D\u00e8s lors, nous avons pris la d\u00e9cision d&rsquo;arr\u00eater notre collaboration. Cela s&rsquo;est d\u00e9roul\u00e9 dans des conditions correctes et dans le respect des r\u00e8gles du travail\u00a0\u00bb, d\u00e9clare le porte-parole de Lidl, Pieterjan Rynwalt.<\/p>\n<h2>\n<br \/>Relation tendue avec les syndicats<\/h2>\n<p>\u00ab Ce communiqu\u00e9 donne une fausse r\u00e9alit\u00e9 de ce qui se passe au sein de l&rsquo;entreprise. Nous sommes une grande entreprise et nous accordons beaucoup d&rsquo;importance \u00e0 un bon dialogue social. En attestent les accords r\u00e9alis\u00e9s avec nos partenaires sociaux dans le cadre de nos projets r\u00e9ussis concernant les heures d&rsquo;ouvertures \u00e9tendues et nos dimanches d&rsquo;ouvertures. Bien entendu ces deux accords ont \u00e9t\u00e9 conclus en concertation avec les syndicats \u00bb, ajoute le porte-parole de Lidl.<\/p>\n<p>Les relations tendues entre Lidl et le syndicat socialiste ne datent pas d\u2019hier. L\u2019ann\u00e9e derni\u00e8re le syndicat avait vivement critiqu\u00e9 la direction de Lidl pour avoir envoy\u00e9 un courrier de remerciement avec en prime un bon-cadeau de 20 euros aux employ\u00e9s ayant travaill\u00e9 le jour de la gr\u00e8ve nationale le 30 janvier 2012. Quelques temps auparavant le syndicat avait \u00e9galement accus\u00e9\u00a0 Lidl d\u2019avoir envoy\u00e9 une bande de perturbateurs pour casser une gr\u00e8ve\u00a0 locale.<\/p>\n<p>Lidl Belgique compte pr\u00e8s de 5000 employ\u00e9s, r\u00e9partis dans le si\u00e8ge central et dans pr\u00e8s de 300 points de vente.<\/p>\n<p>\u00a0<\/p>\n<p>\u00a0<\/p>\n<p><em>Traduction : Marie-No\u00eblle Masure<\/em><\/p>\n","protected":false},"excerpt":{"rendered":"<p>Licenciements arbitraires vs. un seul\u00a0 licenciement Le m\u00e9contentement des syndicats est li\u00e9 au licenciement de plusieurs cadres de l\u2019entreprise. \u00ab Les licenciements arbitraires sont le lot quotidien des cadres. S\u2019ils ne sont pas en capacit\u00e9 de travailler correctement, le personnel de base en souffre \u00e9galement. Tant les travailleurs des magasins que les cadres r\u00e9clament un [&hellip;]<\/p>\n","protected":false},"author":1,"featured_media":84,"comment_status":"closed","ping_status":"closed","sticky":false,"template":"","format":"standard","meta":{"_acf_changed":false,"inline_featured_image":false,"_jetpack_memberships_contains_paid_content":false,"footnotes":""},"categories":[24],"tags":[],"people":[],"extra":[],"company":[],"topic":[],"region":[],"class_list":["post-2580","post","type-post","status-publish","format-standard","has-post-thumbnail","hentry","category-food"],"acf":[],"yoast_head":"<!-- This site is optimized with the Yoast SEO plugin v27.3 - https:\/\/yoast.com\/product\/yoast-seo-wordpress\/ -->\n<title>Tensions entre Lidl et le syndicat socialiste SETCa - RetailDetail BE<\/title>\n<meta name=\"robots\" content=\"index, follow, max-snippet:-1, max-image-preview:large, max-video-preview:-1\" \/>\n<link rel=\"canonical\" href=\"https:\/\/www.retaildetail.be\/fr\/news\/food\/tensions-entre-lidl-et-le-syndicat-socialiste-setca\/\" \/>\n<meta property=\"og:locale\" content=\"fr_FR\" \/>\n<meta property=\"og:type\" content=\"article\" \/>\n<meta property=\"og:title\" content=\"Tensions entre Lidl et le syndicat socialiste SETCa - RetailDetail BE\" \/>\n<meta property=\"og:description\" content=\"Licenciements arbitraires vs. un seul\u00a0 licenciement Le m\u00e9contentement des syndicats est li\u00e9 au licenciement de plusieurs cadres de l\u2019entreprise. \u00ab Les licenciements arbitraires sont le lot quotidien des cadres. S\u2019ils ne sont pas en capacit\u00e9 de travailler correctement, le personnel de base en souffre \u00e9galement. Tant les travailleurs des magasins que les cadres r\u00e9clament un [&hellip;]\" \/>\n<meta property=\"og:url\" content=\"https:\/\/www.retaildetail.be\/fr\/news\/food\/tensions-entre-lidl-et-le-syndicat-socialiste-setca\/\" \/>\n<meta property=\"og:site_name\" content=\"RetailDetail BE\" \/>\n<meta property=\"article:published_time\" content=\"2013-01-18T13:41:10+00:00\" \/>\n<meta property=\"og:image\" content=\"https:\/\/i0.wp.com\/www.retaildetail.be\/wp-content\/uploads\/2022\/04\/logo.png?fit=281%2C147&quality=100&strip=all&ssl=1\" \/>\n\t<meta property=\"og:image:width\" content=\"281\" \/>\n\t<meta property=\"og:image:height\" content=\"147\" \/>\n\t<meta property=\"og:image:type\" content=\"image\/png\" \/>\n<meta name=\"author\" content=\"dev@grandiz.com\" \/>\n<meta name=\"twitter:card\" content=\"summary_large_image\" \/>\n<meta name=\"twitter:label1\" content=\"\u00c9crit par\" \/>\n\t<meta name=\"twitter:data1\" content=\"dev@grandiz.com\" \/>\n\t<meta name=\"twitter:label2\" content=\"Dur\u00e9e de lecture estim\u00e9e\" \/>\n\t<meta name=\"twitter:data2\" content=\"2 minutes\" \/>\n<script type=\"application\/ld+json\" class=\"yoast-schema-graph\">{\"@context\":\"https:\\\/\\\/schema.org\",\"@graph\":[{\"@type\":\"NewsArticle\",\"@id\":\"https:\\\/\\\/www.retaildetail.be\\\/fr\\\/news\\\/food\\\/tensions-entre-lidl-et-le-syndicat-socialiste-setca\\\/#article\",\"isPartOf\":{\"@id\":\"https:\\\/\\\/www.retaildetail.be\\\/fr\\\/news\\\/food\\\/tensions-entre-lidl-et-le-syndicat-socialiste-setca\\\/\"},\"author\":{\"name\":\"dev@grandiz.com\",\"@id\":\"https:\\\/\\\/www.retaildetail.be\\\/nl\\\/#\\\/schema\\\/person\\\/ba2d383452a753a3a1ce8cdb349b5fc9\"},\"headline\":\"Tensions entre Lidl et le syndicat socialiste SETCa\",\"datePublished\":\"2013-01-18T13:41:10+00:00\",\"mainEntityOfPage\":{\"@id\":\"https:\\\/\\\/www.retaildetail.be\\\/fr\\\/news\\\/food\\\/tensions-entre-lidl-et-le-syndicat-socialiste-setca\\\/\"},\"wordCount\":361,\"publisher\":{\"@id\":\"https:\\\/\\\/www.retaildetail.be\\\/nl\\\/#organization\"},\"image\":{\"@id\":\"https:\\\/\\\/www.retaildetail.be\\\/fr\\\/news\\\/food\\\/tensions-entre-lidl-et-le-syndicat-socialiste-setca\\\/#primaryimage\"},\"thumbnailUrl\":\"https:\\\/\\\/www.retaildetail.be\\\/wp-content\\\/uploads\\\/2022\\\/04\\\/logo.png\",\"articleSection\":[\"Food\"],\"inLanguage\":\"fr-FR\",\"copyrightYear\":\"2013\",\"copyrightHolder\":{\"@id\":\"https:\\\/\\\/www.retaildetail.be\\\/#organization\"}},{\"@type\":\"WebPage\",\"@id\":\"https:\\\/\\\/www.retaildetail.be\\\/fr\\\/news\\\/food\\\/tensions-entre-lidl-et-le-syndicat-socialiste-setca\\\/\",\"url\":\"https:\\\/\\\/www.retaildetail.be\\\/fr\\\/news\\\/food\\\/tensions-entre-lidl-et-le-syndicat-socialiste-setca\\\/\",\"name\":\"Tensions entre Lidl et le syndicat socialiste SETCa - RetailDetail BE\",\"isPartOf\":{\"@id\":\"https:\\\/\\\/www.retaildetail.be\\\/nl\\\/#website\"},\"primaryImageOfPage\":{\"@id\":\"https:\\\/\\\/www.retaildetail.be\\\/fr\\\/news\\\/food\\\/tensions-entre-lidl-et-le-syndicat-socialiste-setca\\\/#primaryimage\"},\"image\":{\"@id\":\"https:\\\/\\\/www.retaildetail.be\\\/fr\\\/news\\\/food\\\/tensions-entre-lidl-et-le-syndicat-socialiste-setca\\\/#primaryimage\"},\"thumbnailUrl\":\"https:\\\/\\\/www.retaildetail.be\\\/wp-content\\\/uploads\\\/2022\\\/04\\\/logo.png\",\"datePublished\":\"2013-01-18T13:41:10+00:00\",\"breadcrumb\":{\"@id\":\"https:\\\/\\\/www.retaildetail.be\\\/fr\\\/news\\\/food\\\/tensions-entre-lidl-et-le-syndicat-socialiste-setca\\\/#breadcrumb\"},\"inLanguage\":\"fr-FR\",\"potentialAction\":[{\"@type\":\"ReadAction\",\"target\":[\"https:\\\/\\\/www.retaildetail.be\\\/fr\\\/news\\\/food\\\/tensions-entre-lidl-et-le-syndicat-socialiste-setca\\\/\"]}]},{\"@type\":\"ImageObject\",\"inLanguage\":\"fr-FR\",\"@id\":\"https:\\\/\\\/www.retaildetail.be\\\/fr\\\/news\\\/food\\\/tensions-entre-lidl-et-le-syndicat-socialiste-setca\\\/#primaryimage\",\"url\":\"https:\\\/\\\/www.retaildetail.be\\\/wp-content\\\/uploads\\\/2022\\\/04\\\/logo.png\",\"contentUrl\":\"https:\\\/\\\/www.retaildetail.be\\\/wp-content\\\/uploads\\\/2022\\\/04\\\/logo.png\",\"width\":281,\"height\":147},{\"@type\":\"BreadcrumbList\",\"@id\":\"https:\\\/\\\/www.retaildetail.be\\\/fr\\\/news\\\/food\\\/tensions-entre-lidl-et-le-syndicat-socialiste-setca\\\/#breadcrumb\",\"itemListElement\":[{\"@type\":\"ListItem\",\"position\":1,\"name\":\"Home\",\"item\":\"https:\\\/\\\/www.retaildetail.be\\\/fr\\\/\"},{\"@type\":\"ListItem\",\"position\":2,\"name\":\"Tensions entre Lidl et le syndicat socialiste SETCa\"}]},{\"@type\":\"WebSite\",\"@id\":\"https:\\\/\\\/www.retaildetail.be\\\/nl\\\/#website\",\"url\":\"https:\\\/\\\/www.retaildetail.be\\\/nl\\\/\",\"name\":\"RetailDetail BE\",\"description\":\"News\",\"publisher\":{\"@id\":\"https:\\\/\\\/www.retaildetail.be\\\/nl\\\/#organization\"},\"potentialAction\":[{\"@type\":\"SearchAction\",\"target\":{\"@type\":\"EntryPoint\",\"urlTemplate\":\"https:\\\/\\\/www.retaildetail.be\\\/nl\\\/?s={search_term_string}\"},\"query-input\":{\"@type\":\"PropertyValueSpecification\",\"valueRequired\":true,\"valueName\":\"search_term_string\"}}],\"inLanguage\":\"fr-FR\"},{\"@type\":\"Organization\",\"@id\":\"https:\\\/\\\/www.retaildetail.be\\\/nl\\\/#organization\",\"name\":\"RetailDetail BE\",\"url\":\"https:\\\/\\\/www.retaildetail.be\\\/nl\\\/\",\"logo\":{\"@type\":\"ImageObject\",\"inLanguage\":\"fr-FR\",\"@id\":\"https:\\\/\\\/www.retaildetail.be\\\/nl\\\/#\\\/schema\\\/logo\\\/image\\\/\",\"url\":\"https:\\\/\\\/www.retaildetail.be\\\/wp-content\\\/uploads\\\/2022\\\/04\\\/logo.svg\",\"contentUrl\":\"https:\\\/\\\/www.retaildetail.be\\\/wp-content\\\/uploads\\\/2022\\\/04\\\/logo.svg\",\"width\":131,\"height\":70,\"caption\":\"RetailDetail BE\"},\"image\":{\"@id\":\"https:\\\/\\\/www.retaildetail.be\\\/nl\\\/#\\\/schema\\\/logo\\\/image\\\/\"}},{\"@type\":\"Person\",\"@id\":\"https:\\\/\\\/www.retaildetail.be\\\/nl\\\/#\\\/schema\\\/person\\\/ba2d383452a753a3a1ce8cdb349b5fc9\",\"name\":\"dev@grandiz.com\",\"image\":{\"@type\":\"ImageObject\",\"inLanguage\":\"fr-FR\",\"@id\":\"https:\\\/\\\/secure.gravatar.com\\\/avatar\\\/5f53ce9fb6eed4a60e5aaaa712be8773880fa9459d9cac9bc4aa4fdbce3f447f?s=96&d=mm&r=g\",\"url\":\"https:\\\/\\\/secure.gravatar.com\\\/avatar\\\/5f53ce9fb6eed4a60e5aaaa712be8773880fa9459d9cac9bc4aa4fdbce3f447f?s=96&d=mm&r=g\",\"contentUrl\":\"https:\\\/\\\/secure.gravatar.com\\\/avatar\\\/5f53ce9fb6eed4a60e5aaaa712be8773880fa9459d9cac9bc4aa4fdbce3f447f?s=96&d=mm&r=g\",\"caption\":\"dev@grandiz.com\"},\"sameAs\":[\"http:\\\/\\\/preprod.retaildetail.be\"],\"url\":\"https:\\\/\\\/www.retaildetail.be\\\/fr\\\/author\\\/devgrandiz-com\\\/\"}]}<\/script>\n<!-- \/ Yoast SEO plugin. -->","yoast_head_json":{"title":"Tensions entre Lidl et le syndicat socialiste SETCa - RetailDetail BE","robots":{"index":"index","follow":"follow","max-snippet":"max-snippet:-1","max-image-preview":"max-image-preview:large","max-video-preview":"max-video-preview:-1"},"canonical":"https:\/\/www.retaildetail.be\/fr\/news\/food\/tensions-entre-lidl-et-le-syndicat-socialiste-setca\/","og_locale":"fr_FR","og_type":"article","og_title":"Tensions entre Lidl et le syndicat socialiste SETCa - RetailDetail BE","og_description":"Licenciements arbitraires vs. un seul\u00a0 licenciement Le m\u00e9contentement des syndicats est li\u00e9 au licenciement de plusieurs cadres de l\u2019entreprise. \u00ab Les licenciements arbitraires sont le lot quotidien des cadres. S\u2019ils ne sont pas en capacit\u00e9 de travailler correctement, le personnel de base en souffre \u00e9galement. Tant les travailleurs des magasins que les cadres r\u00e9clament un [&hellip;]","og_url":"https:\/\/www.retaildetail.be\/fr\/news\/food\/tensions-entre-lidl-et-le-syndicat-socialiste-setca\/","og_site_name":"RetailDetail BE","article_published_time":"2013-01-18T13:41:10+00:00","og_image":[{"width":281,"height":147,"url":"https:\/\/i0.wp.com\/www.retaildetail.be\/wp-content\/uploads\/2022\/04\/logo.png?fit=281%2C147&quality=100&strip=all&ssl=1","type":"image\/png"}],"author":"dev@grandiz.com","twitter_card":"summary_large_image","twitter_misc":{"\u00c9crit par":"dev@grandiz.com","Dur\u00e9e de lecture estim\u00e9e":"2 minutes"},"schema":{"@context":"https:\/\/schema.org","@graph":[{"@type":"NewsArticle","@id":"https:\/\/www.retaildetail.be\/fr\/news\/food\/tensions-entre-lidl-et-le-syndicat-socialiste-setca\/#article","isPartOf":{"@id":"https:\/\/www.retaildetail.be\/fr\/news\/food\/tensions-entre-lidl-et-le-syndicat-socialiste-setca\/"},"author":{"name":"dev@grandiz.com","@id":"https:\/\/www.retaildetail.be\/nl\/#\/schema\/person\/ba2d383452a753a3a1ce8cdb349b5fc9"},"headline":"Tensions entre Lidl et le syndicat socialiste SETCa","datePublished":"2013-01-18T13:41:10+00:00","mainEntityOfPage":{"@id":"https:\/\/www.retaildetail.be\/fr\/news\/food\/tensions-entre-lidl-et-le-syndicat-socialiste-setca\/"},"wordCount":361,"publisher":{"@id":"https:\/\/www.retaildetail.be\/nl\/#organization"},"image":{"@id":"https:\/\/www.retaildetail.be\/fr\/news\/food\/tensions-entre-lidl-et-le-syndicat-socialiste-setca\/#primaryimage"},"thumbnailUrl":"https:\/\/www.retaildetail.be\/wp-content\/uploads\/2022\/04\/logo.png","articleSection":["Food"],"inLanguage":"fr-FR","copyrightYear":"2013","copyrightHolder":{"@id":"https:\/\/www.retaildetail.be\/#organization"}},{"@type":"WebPage","@id":"https:\/\/www.retaildetail.be\/fr\/news\/food\/tensions-entre-lidl-et-le-syndicat-socialiste-setca\/","url":"https:\/\/www.retaildetail.be\/fr\/news\/food\/tensions-entre-lidl-et-le-syndicat-socialiste-setca\/","name":"Tensions entre Lidl et le syndicat socialiste SETCa - RetailDetail BE","isPartOf":{"@id":"https:\/\/www.retaildetail.be\/nl\/#website"},"primaryImageOfPage":{"@id":"https:\/\/www.retaildetail.be\/fr\/news\/food\/tensions-entre-lidl-et-le-syndicat-socialiste-setca\/#primaryimage"},"image":{"@id":"https:\/\/www.retaildetail.be\/fr\/news\/food\/tensions-entre-lidl-et-le-syndicat-socialiste-setca\/#primaryimage"},"thumbnailUrl":"https:\/\/www.retaildetail.be\/wp-content\/uploads\/2022\/04\/logo.png","datePublished":"2013-01-18T13:41:10+00:00","breadcrumb":{"@id":"https:\/\/www.retaildetail.be\/fr\/news\/food\/tensions-entre-lidl-et-le-syndicat-socialiste-setca\/#breadcrumb"},"inLanguage":"fr-FR","potentialAction":[{"@type":"ReadAction","target":["https:\/\/www.retaildetail.be\/fr\/news\/food\/tensions-entre-lidl-et-le-syndicat-socialiste-setca\/"]}]},{"@type":"ImageObject","inLanguage":"fr-FR","@id":"https:\/\/www.retaildetail.be\/fr\/news\/food\/tensions-entre-lidl-et-le-syndicat-socialiste-setca\/#primaryimage","url":"https:\/\/www.retaildetail.be\/wp-content\/uploads\/2022\/04\/logo.png","contentUrl":"https:\/\/www.retaildetail.be\/wp-content\/uploads\/2022\/04\/logo.png","width":281,"height":147},{"@type":"BreadcrumbList","@id":"https:\/\/www.retaildetail.be\/fr\/news\/food\/tensions-entre-lidl-et-le-syndicat-socialiste-setca\/#breadcrumb","itemListElement":[{"@type":"ListItem","position":1,"name":"Home","item":"https:\/\/www.retaildetail.be\/fr\/"},{"@type":"ListItem","position":2,"name":"Tensions entre Lidl et le syndicat socialiste SETCa"}]},{"@type":"WebSite","@id":"https:\/\/www.retaildetail.be\/nl\/#website","url":"https:\/\/www.retaildetail.be\/nl\/","name":"RetailDetail BE","description":"News","publisher":{"@id":"https:\/\/www.retaildetail.be\/nl\/#organization"},"potentialAction":[{"@type":"SearchAction","target":{"@type":"EntryPoint","urlTemplate":"https:\/\/www.retaildetail.be\/nl\/?s={search_term_string}"},"query-input":{"@type":"PropertyValueSpecification","valueRequired":true,"valueName":"search_term_string"}}],"inLanguage":"fr-FR"},{"@type":"Organization","@id":"https:\/\/www.retaildetail.be\/nl\/#organization","name":"RetailDetail BE","url":"https:\/\/www.retaildetail.be\/nl\/","logo":{"@type":"ImageObject","inLanguage":"fr-FR","@id":"https:\/\/www.retaildetail.be\/nl\/#\/schema\/logo\/image\/","url":"https:\/\/www.retaildetail.be\/wp-content\/uploads\/2022\/04\/logo.svg","contentUrl":"https:\/\/www.retaildetail.be\/wp-content\/uploads\/2022\/04\/logo.svg","width":131,"height":70,"caption":"RetailDetail BE"},"image":{"@id":"https:\/\/www.retaildetail.be\/nl\/#\/schema\/logo\/image\/"}},{"@type":"Person","@id":"https:\/\/www.retaildetail.be\/nl\/#\/schema\/person\/ba2d383452a753a3a1ce8cdb349b5fc9","name":"dev@grandiz.com","image":{"@type":"ImageObject","inLanguage":"fr-FR","@id":"https:\/\/secure.gravatar.com\/avatar\/5f53ce9fb6eed4a60e5aaaa712be8773880fa9459d9cac9bc4aa4fdbce3f447f?s=96&d=mm&r=g","url":"https:\/\/secure.gravatar.com\/avatar\/5f53ce9fb6eed4a60e5aaaa712be8773880fa9459d9cac9bc4aa4fdbce3f447f?s=96&d=mm&r=g","contentUrl":"https:\/\/secure.gravatar.com\/avatar\/5f53ce9fb6eed4a60e5aaaa712be8773880fa9459d9cac9bc4aa4fdbce3f447f?s=96&d=mm&r=g","caption":"dev@grandiz.com"},"sameAs":["http:\/\/preprod.retaildetail.be"],"url":"https:\/\/www.retaildetail.be\/fr\/author\/devgrandiz-com\/"}]}},"jetpack_featured_media_url":"https:\/\/www.retaildetail.be\/wp-content\/uploads\/2022\/04\/logo.png","jetpack_sharing_enabled":true,"_links":{"self":[{"href":"https:\/\/www.retaildetail.be\/fr\/wp-json\/wp\/v2\/posts\/2580","targetHints":{"allow":["GET"]}}],"collection":[{"href":"https:\/\/www.retaildetail.be\/fr\/wp-json\/wp\/v2\/posts"}],"about":[{"href":"https:\/\/www.retaildetail.be\/fr\/wp-json\/wp\/v2\/types\/post"}],"author":[{"embeddable":true,"href":"https:\/\/www.retaildetail.be\/fr\/wp-json\/wp\/v2\/users\/1"}],"replies":[{"embeddable":true,"href":"https:\/\/www.retaildetail.be\/fr\/wp-json\/wp\/v2\/comments?post=2580"}],"version-history":[{"count":0,"href":"https:\/\/www.retaildetail.be\/fr\/wp-json\/wp\/v2\/posts\/2580\/revisions"}],"wp:featuredmedia":[{"embeddable":true,"href":"https:\/\/www.retaildetail.be\/fr\/wp-json\/wp\/v2\/media\/84"}],"wp:attachment":[{"href":"https:\/\/www.retaildetail.be\/fr\/wp-json\/wp\/v2\/media?parent=2580"}],"wp:term":[{"taxonomy":"category","embeddable":true,"href":"https:\/\/www.retaildetail.be\/fr\/wp-json\/wp\/v2\/categories?post=2580"},{"taxonomy":"post_tag","embeddable":true,"href":"https:\/\/www.retaildetail.be\/fr\/wp-json\/wp\/v2\/tags?post=2580"},{"taxonomy":"people","embeddable":true,"href":"https:\/\/www.retaildetail.be\/fr\/wp-json\/wp\/v2\/people?post=2580"},{"taxonomy":"extra","embeddable":true,"href":"https:\/\/www.retaildetail.be\/fr\/wp-json\/wp\/v2\/extra?post=2580"},{"taxonomy":"company","embeddable":true,"href":"https:\/\/www.retaildetail.be\/fr\/wp-json\/wp\/v2\/company?post=2580"},{"taxonomy":"topic","embeddable":true,"href":"https:\/\/www.retaildetail.be\/fr\/wp-json\/wp\/v2\/topic?post=2580"},{"taxonomy":"region","embeddable":true,"href":"https:\/\/www.retaildetail.be\/fr\/wp-json\/wp\/v2\/region?post=2580"}],"curies":[{"name":"wp","href":"https:\/\/api.w.org\/{rel}","templated":true}]}}