{"id":2584,"date":"2013-01-21T08:48:45","date_gmt":"2013-01-21T08:48:45","guid":{"rendered":"https:\/\/www.retaildetail.be\/food\/lidl-soutient-les-banques-alimentaires-et-suscite-la-colere-du-boerenbond\/"},"modified":"2013-01-21T08:48:45","modified_gmt":"2013-01-21T08:48:45","slug":"lidl-soutient-les-banques-alimentaires-et-suscite-la-colere-du-boerenbond","status":"publish","type":"post","link":"https:\/\/www.retaildetail.be\/fr\/news\/food\/lidl-soutient-les-banques-alimentaires-et-suscite-la-colere-du-boerenbond\/","title":{"rendered":"Lidl soutient les banques alimentaires et suscite la col\u00e8re du Boerenbond"},"content":{"rendered":"<h2>#Luxepourtous<\/h2>\n<p>Au mois de d\u00e9cembre dernier Lidl organisait<a target=\"_blank\" href=\"nl\/f-belgique\/bgq-alimentation\/item\/14977-l%E2%80%99action-twitter-de-lidl-fait-exploser-les-compteurs\" rel=\"noopener\"> la campagne #Luxepourtous<\/a>, visant \u00e0 attirer l\u2019attention du consommateur sur le probl\u00e8me de la pauvret\u00e9 :\u00a0 \u00e0 chaque fois qu&rsquo;une personne mentionnait le hashtag \u00ab\u00a0luxepourtous\u00a0\u00bb sur Twitter, Lidl offrait 5 repas d\u2019une valeur de 20 euros chacun aux banques alimentaires. Toutefois le distributeur avait quelque peu sous-estim\u00e9 l\u2019impact des r\u00e9seaux sociaux.\u00a0 En en rien de temps le compteur affichait d\u00e9j\u00e0 1536 tweets. Lidl avait alors d\u00e9cid\u00e9 d\u2019interrompre l\u2019action et d\u2019arrondir le nombre de tweets vers le haut.<\/p>\n<p>Finalement le distributeur a offert aux banques alimentaires 148 palettes de colis alimentaires en plus des 700 colis de No\u00ebl, pour un montant total de 200.000 euros. Outre la nourriture, les colis contiennent \u00e9galement des produits de lessive, des brosses \u00e0 dents ou encore des couches. A pr\u00e9sent Lidl a annonc\u00e9 vouloir renforcer son soutien aux banques alimentaires par une coop\u00e9ration\u00a0 structurelle et contractuelle.<\/p>\n<h2>\n<br \/>Le Boerenbond en col\u00e8re<\/h2>\n<p>Le moins qu\u2019on puisse dire, c\u2019est que les actions de Lidl ne laissent pas indiff\u00e9rent. Ainsi le distributeur a suscit\u00e9 la col\u00e8re du Boerenbond (Ligue paysanne) par sa nouvelle promotion : \u00e0 l\u2019achat d\u2019un paquet de viande de porc ou de veau, Lidl offre un paquet gratuit. L\u2019organisation estime que cette action est inadmissible, car Lidl\u00a0 brade sa viande et ce au d\u00e9triment des agriculteurs.<\/p>\n<p>\u00ab Par cette action Lidl enfreint les accords conclus par le secteur agro-alimentaire belge (\u2018ketenoverleg\u2019) \u00bb, souligne Piet Vantemsche, pr\u00e9sident de la ligue. N\u00e9anmoins le discounter n\u2019a pas souscrit \u00e0 ce code de conduite, indiquant qu\u2019il avait son propre code de conduite au sein de l\u2019entreprise.<\/p>\n<p>Lidl d\u00e9plore les critiques du Boerenbond. \u00ab Nous regrettons que le Boerenbond ne nous ait pas concert\u00e9 avant \u00bb, d\u00e9clare le distributeur. \u00ab Nous sommes pr\u00eats \u00e0 en discuter. Notre action est tout \u00e0 fait conforme aux pratiques du march\u00e9. Nous ne sommes pas les seuls \u00e0 faire de telles promotions sur la viande. \u00bb<\/p>\n<p>\u00a0<\/p>\n<p>\u00a0<\/p>\n<p><em>Traduction : Marie-No\u00eblle Masure<\/em><\/p>\n","protected":false},"excerpt":{"rendered":"<p>#Luxepourtous Au mois de d\u00e9cembre dernier Lidl organisait la campagne #Luxepourtous, visant \u00e0 attirer l\u2019attention du consommateur sur le probl\u00e8me de la pauvret\u00e9 :\u00a0 \u00e0 chaque fois qu&rsquo;une personne mentionnait le hashtag \u00ab\u00a0luxepourtous\u00a0\u00bb sur Twitter, Lidl offrait 5 repas d\u2019une valeur de 20 euros chacun aux banques alimentaires. Toutefois le distributeur avait quelque peu sous-estim\u00e9 [&hellip;]<\/p>\n","protected":false},"author":1,"featured_media":84,"comment_status":"closed","ping_status":"closed","sticky":false,"template":"","format":"standard","meta":{"_acf_changed":false,"inline_featured_image":false,"_jetpack_memberships_contains_paid_content":false,"footnotes":""},"categories":[24],"tags":[],"people":[],"extra":[],"company":[],"topic":[],"region":[],"class_list":["post-2584","post","type-post","status-publish","format-standard","has-post-thumbnail","hentry","category-food"],"acf":[],"yoast_head":"<!-- This site is optimized with the Yoast SEO plugin v27.3 - https:\/\/yoast.com\/product\/yoast-seo-wordpress\/ -->\n<title>Lidl soutient les banques alimentaires et suscite la col\u00e8re du Boerenbond - RetailDetail BE<\/title>\n<meta name=\"robots\" content=\"index, follow, max-snippet:-1, max-image-preview:large, max-video-preview:-1\" \/>\n<link rel=\"canonical\" href=\"https:\/\/www.retaildetail.be\/fr\/news\/food\/lidl-soutient-les-banques-alimentaires-et-suscite-la-colere-du-boerenbond\/\" \/>\n<meta property=\"og:locale\" content=\"fr_FR\" \/>\n<meta property=\"og:type\" content=\"article\" \/>\n<meta property=\"og:title\" content=\"Lidl soutient les banques alimentaires et suscite la col\u00e8re du Boerenbond - RetailDetail BE\" \/>\n<meta property=\"og:description\" content=\"#Luxepourtous Au mois de d\u00e9cembre dernier Lidl organisait la campagne #Luxepourtous, visant \u00e0 attirer l\u2019attention du consommateur sur le probl\u00e8me de la pauvret\u00e9 :\u00a0 \u00e0 chaque fois qu&rsquo;une personne mentionnait le hashtag \u00ab\u00a0luxepourtous\u00a0\u00bb sur Twitter, Lidl offrait 5 repas d\u2019une valeur de 20 euros chacun aux banques alimentaires. Toutefois le distributeur avait quelque peu sous-estim\u00e9 [&hellip;]\" \/>\n<meta property=\"og:url\" content=\"https:\/\/www.retaildetail.be\/fr\/news\/food\/lidl-soutient-les-banques-alimentaires-et-suscite-la-colere-du-boerenbond\/\" \/>\n<meta property=\"og:site_name\" content=\"RetailDetail BE\" \/>\n<meta property=\"article:published_time\" content=\"2013-01-21T08:48:45+00:00\" \/>\n<meta property=\"og:image\" content=\"https:\/\/i0.wp.com\/www.retaildetail.be\/wp-content\/uploads\/2022\/04\/logo.png?fit=281%2C147&quality=100&strip=all&ssl=1\" \/>\n\t<meta property=\"og:image:width\" content=\"281\" \/>\n\t<meta property=\"og:image:height\" content=\"147\" \/>\n\t<meta property=\"og:image:type\" content=\"image\/png\" \/>\n<meta name=\"author\" content=\"dev@grandiz.com\" \/>\n<meta name=\"twitter:card\" content=\"summary_large_image\" \/>\n<meta name=\"twitter:label1\" content=\"\u00c9crit par\" \/>\n\t<meta name=\"twitter:data1\" content=\"dev@grandiz.com\" \/>\n\t<meta name=\"twitter:label2\" content=\"Dur\u00e9e de lecture estim\u00e9e\" \/>\n\t<meta name=\"twitter:data2\" content=\"2 minutes\" \/>\n<script type=\"application\/ld+json\" class=\"yoast-schema-graph\">{\"@context\":\"https:\\\/\\\/schema.org\",\"@graph\":[{\"@type\":\"NewsArticle\",\"@id\":\"https:\\\/\\\/www.retaildetail.be\\\/fr\\\/news\\\/food\\\/lidl-soutient-les-banques-alimentaires-et-suscite-la-colere-du-boerenbond\\\/#article\",\"isPartOf\":{\"@id\":\"https:\\\/\\\/www.retaildetail.be\\\/fr\\\/news\\\/food\\\/lidl-soutient-les-banques-alimentaires-et-suscite-la-colere-du-boerenbond\\\/\"},\"author\":{\"name\":\"dev@grandiz.com\",\"@id\":\"https:\\\/\\\/www.retaildetail.be\\\/nl\\\/#\\\/schema\\\/person\\\/ba2d383452a753a3a1ce8cdb349b5fc9\"},\"headline\":\"Lidl soutient les banques alimentaires et suscite la col\u00e8re du Boerenbond\",\"datePublished\":\"2013-01-21T08:48:45+00:00\",\"mainEntityOfPage\":{\"@id\":\"https:\\\/\\\/www.retaildetail.be\\\/fr\\\/news\\\/food\\\/lidl-soutient-les-banques-alimentaires-et-suscite-la-colere-du-boerenbond\\\/\"},\"wordCount\":345,\"publisher\":{\"@id\":\"https:\\\/\\\/www.retaildetail.be\\\/nl\\\/#organization\"},\"image\":{\"@id\":\"https:\\\/\\\/www.retaildetail.be\\\/fr\\\/news\\\/food\\\/lidl-soutient-les-banques-alimentaires-et-suscite-la-colere-du-boerenbond\\\/#primaryimage\"},\"thumbnailUrl\":\"https:\\\/\\\/www.retaildetail.be\\\/wp-content\\\/uploads\\\/2022\\\/04\\\/logo.png\",\"articleSection\":[\"Food\"],\"inLanguage\":\"fr-FR\",\"copyrightYear\":\"2013\",\"copyrightHolder\":{\"@id\":\"https:\\\/\\\/www.retaildetail.be\\\/#organization\"}},{\"@type\":\"WebPage\",\"@id\":\"https:\\\/\\\/www.retaildetail.be\\\/fr\\\/news\\\/food\\\/lidl-soutient-les-banques-alimentaires-et-suscite-la-colere-du-boerenbond\\\/\",\"url\":\"https:\\\/\\\/www.retaildetail.be\\\/fr\\\/news\\\/food\\\/lidl-soutient-les-banques-alimentaires-et-suscite-la-colere-du-boerenbond\\\/\",\"name\":\"Lidl soutient les banques alimentaires et suscite la col\u00e8re du Boerenbond - RetailDetail BE\",\"isPartOf\":{\"@id\":\"https:\\\/\\\/www.retaildetail.be\\\/nl\\\/#website\"},\"primaryImageOfPage\":{\"@id\":\"https:\\\/\\\/www.retaildetail.be\\\/fr\\\/news\\\/food\\\/lidl-soutient-les-banques-alimentaires-et-suscite-la-colere-du-boerenbond\\\/#primaryimage\"},\"image\":{\"@id\":\"https:\\\/\\\/www.retaildetail.be\\\/fr\\\/news\\\/food\\\/lidl-soutient-les-banques-alimentaires-et-suscite-la-colere-du-boerenbond\\\/#primaryimage\"},\"thumbnailUrl\":\"https:\\\/\\\/www.retaildetail.be\\\/wp-content\\\/uploads\\\/2022\\\/04\\\/logo.png\",\"datePublished\":\"2013-01-21T08:48:45+00:00\",\"breadcrumb\":{\"@id\":\"https:\\\/\\\/www.retaildetail.be\\\/fr\\\/news\\\/food\\\/lidl-soutient-les-banques-alimentaires-et-suscite-la-colere-du-boerenbond\\\/#breadcrumb\"},\"inLanguage\":\"fr-FR\",\"potentialAction\":[{\"@type\":\"ReadAction\",\"target\":[\"https:\\\/\\\/www.retaildetail.be\\\/fr\\\/news\\\/food\\\/lidl-soutient-les-banques-alimentaires-et-suscite-la-colere-du-boerenbond\\\/\"]}]},{\"@type\":\"ImageObject\",\"inLanguage\":\"fr-FR\",\"@id\":\"https:\\\/\\\/www.retaildetail.be\\\/fr\\\/news\\\/food\\\/lidl-soutient-les-banques-alimentaires-et-suscite-la-colere-du-boerenbond\\\/#primaryimage\",\"url\":\"https:\\\/\\\/www.retaildetail.be\\\/wp-content\\\/uploads\\\/2022\\\/04\\\/logo.png\",\"contentUrl\":\"https:\\\/\\\/www.retaildetail.be\\\/wp-content\\\/uploads\\\/2022\\\/04\\\/logo.png\",\"width\":281,\"height\":147},{\"@type\":\"BreadcrumbList\",\"@id\":\"https:\\\/\\\/www.retaildetail.be\\\/fr\\\/news\\\/food\\\/lidl-soutient-les-banques-alimentaires-et-suscite-la-colere-du-boerenbond\\\/#breadcrumb\",\"itemListElement\":[{\"@type\":\"ListItem\",\"position\":1,\"name\":\"Home\",\"item\":\"https:\\\/\\\/www.retaildetail.be\\\/fr\\\/\"},{\"@type\":\"ListItem\",\"position\":2,\"name\":\"Lidl soutient les banques alimentaires et suscite la col\u00e8re du Boerenbond\"}]},{\"@type\":\"WebSite\",\"@id\":\"https:\\\/\\\/www.retaildetail.be\\\/nl\\\/#website\",\"url\":\"https:\\\/\\\/www.retaildetail.be\\\/nl\\\/\",\"name\":\"RetailDetail BE\",\"description\":\"News\",\"publisher\":{\"@id\":\"https:\\\/\\\/www.retaildetail.be\\\/nl\\\/#organization\"},\"potentialAction\":[{\"@type\":\"SearchAction\",\"target\":{\"@type\":\"EntryPoint\",\"urlTemplate\":\"https:\\\/\\\/www.retaildetail.be\\\/nl\\\/?s={search_term_string}\"},\"query-input\":{\"@type\":\"PropertyValueSpecification\",\"valueRequired\":true,\"valueName\":\"search_term_string\"}}],\"inLanguage\":\"fr-FR\"},{\"@type\":\"Organization\",\"@id\":\"https:\\\/\\\/www.retaildetail.be\\\/nl\\\/#organization\",\"name\":\"RetailDetail BE\",\"url\":\"https:\\\/\\\/www.retaildetail.be\\\/nl\\\/\",\"logo\":{\"@type\":\"ImageObject\",\"inLanguage\":\"fr-FR\",\"@id\":\"https:\\\/\\\/www.retaildetail.be\\\/nl\\\/#\\\/schema\\\/logo\\\/image\\\/\",\"url\":\"https:\\\/\\\/www.retaildetail.be\\\/wp-content\\\/uploads\\\/2022\\\/04\\\/logo.svg\",\"contentUrl\":\"https:\\\/\\\/www.retaildetail.be\\\/wp-content\\\/uploads\\\/2022\\\/04\\\/logo.svg\",\"width\":131,\"height\":70,\"caption\":\"RetailDetail BE\"},\"image\":{\"@id\":\"https:\\\/\\\/www.retaildetail.be\\\/nl\\\/#\\\/schema\\\/logo\\\/image\\\/\"}},{\"@type\":\"Person\",\"@id\":\"https:\\\/\\\/www.retaildetail.be\\\/nl\\\/#\\\/schema\\\/person\\\/ba2d383452a753a3a1ce8cdb349b5fc9\",\"name\":\"dev@grandiz.com\",\"image\":{\"@type\":\"ImageObject\",\"inLanguage\":\"fr-FR\",\"@id\":\"https:\\\/\\\/secure.gravatar.com\\\/avatar\\\/5f53ce9fb6eed4a60e5aaaa712be8773880fa9459d9cac9bc4aa4fdbce3f447f?s=96&d=mm&r=g\",\"url\":\"https:\\\/\\\/secure.gravatar.com\\\/avatar\\\/5f53ce9fb6eed4a60e5aaaa712be8773880fa9459d9cac9bc4aa4fdbce3f447f?s=96&d=mm&r=g\",\"contentUrl\":\"https:\\\/\\\/secure.gravatar.com\\\/avatar\\\/5f53ce9fb6eed4a60e5aaaa712be8773880fa9459d9cac9bc4aa4fdbce3f447f?s=96&d=mm&r=g\",\"caption\":\"dev@grandiz.com\"},\"sameAs\":[\"http:\\\/\\\/preprod.retaildetail.be\"],\"url\":\"https:\\\/\\\/www.retaildetail.be\\\/fr\\\/author\\\/devgrandiz-com\\\/\"}]}<\/script>\n<!-- \/ Yoast SEO plugin. -->","yoast_head_json":{"title":"Lidl soutient les banques alimentaires et suscite la col\u00e8re du Boerenbond - RetailDetail BE","robots":{"index":"index","follow":"follow","max-snippet":"max-snippet:-1","max-image-preview":"max-image-preview:large","max-video-preview":"max-video-preview:-1"},"canonical":"https:\/\/www.retaildetail.be\/fr\/news\/food\/lidl-soutient-les-banques-alimentaires-et-suscite-la-colere-du-boerenbond\/","og_locale":"fr_FR","og_type":"article","og_title":"Lidl soutient les banques alimentaires et suscite la col\u00e8re du Boerenbond - RetailDetail BE","og_description":"#Luxepourtous Au mois de d\u00e9cembre dernier Lidl organisait la campagne #Luxepourtous, visant \u00e0 attirer l\u2019attention du consommateur sur le probl\u00e8me de la pauvret\u00e9 :\u00a0 \u00e0 chaque fois qu&rsquo;une personne mentionnait le hashtag \u00ab\u00a0luxepourtous\u00a0\u00bb sur Twitter, Lidl offrait 5 repas d\u2019une valeur de 20 euros chacun aux banques alimentaires. Toutefois le distributeur avait quelque peu sous-estim\u00e9 [&hellip;]","og_url":"https:\/\/www.retaildetail.be\/fr\/news\/food\/lidl-soutient-les-banques-alimentaires-et-suscite-la-colere-du-boerenbond\/","og_site_name":"RetailDetail BE","article_published_time":"2013-01-21T08:48:45+00:00","og_image":[{"width":281,"height":147,"url":"https:\/\/i0.wp.com\/www.retaildetail.be\/wp-content\/uploads\/2022\/04\/logo.png?fit=281%2C147&quality=100&strip=all&ssl=1","type":"image\/png"}],"author":"dev@grandiz.com","twitter_card":"summary_large_image","twitter_misc":{"\u00c9crit par":"dev@grandiz.com","Dur\u00e9e de lecture estim\u00e9e":"2 minutes"},"schema":{"@context":"https:\/\/schema.org","@graph":[{"@type":"NewsArticle","@id":"https:\/\/www.retaildetail.be\/fr\/news\/food\/lidl-soutient-les-banques-alimentaires-et-suscite-la-colere-du-boerenbond\/#article","isPartOf":{"@id":"https:\/\/www.retaildetail.be\/fr\/news\/food\/lidl-soutient-les-banques-alimentaires-et-suscite-la-colere-du-boerenbond\/"},"author":{"name":"dev@grandiz.com","@id":"https:\/\/www.retaildetail.be\/nl\/#\/schema\/person\/ba2d383452a753a3a1ce8cdb349b5fc9"},"headline":"Lidl soutient les banques alimentaires et suscite la col\u00e8re du Boerenbond","datePublished":"2013-01-21T08:48:45+00:00","mainEntityOfPage":{"@id":"https:\/\/www.retaildetail.be\/fr\/news\/food\/lidl-soutient-les-banques-alimentaires-et-suscite-la-colere-du-boerenbond\/"},"wordCount":345,"publisher":{"@id":"https:\/\/www.retaildetail.be\/nl\/#organization"},"image":{"@id":"https:\/\/www.retaildetail.be\/fr\/news\/food\/lidl-soutient-les-banques-alimentaires-et-suscite-la-colere-du-boerenbond\/#primaryimage"},"thumbnailUrl":"https:\/\/www.retaildetail.be\/wp-content\/uploads\/2022\/04\/logo.png","articleSection":["Food"],"inLanguage":"fr-FR","copyrightYear":"2013","copyrightHolder":{"@id":"https:\/\/www.retaildetail.be\/#organization"}},{"@type":"WebPage","@id":"https:\/\/www.retaildetail.be\/fr\/news\/food\/lidl-soutient-les-banques-alimentaires-et-suscite-la-colere-du-boerenbond\/","url":"https:\/\/www.retaildetail.be\/fr\/news\/food\/lidl-soutient-les-banques-alimentaires-et-suscite-la-colere-du-boerenbond\/","name":"Lidl soutient les banques alimentaires et suscite la col\u00e8re du Boerenbond - RetailDetail BE","isPartOf":{"@id":"https:\/\/www.retaildetail.be\/nl\/#website"},"primaryImageOfPage":{"@id":"https:\/\/www.retaildetail.be\/fr\/news\/food\/lidl-soutient-les-banques-alimentaires-et-suscite-la-colere-du-boerenbond\/#primaryimage"},"image":{"@id":"https:\/\/www.retaildetail.be\/fr\/news\/food\/lidl-soutient-les-banques-alimentaires-et-suscite-la-colere-du-boerenbond\/#primaryimage"},"thumbnailUrl":"https:\/\/www.retaildetail.be\/wp-content\/uploads\/2022\/04\/logo.png","datePublished":"2013-01-21T08:48:45+00:00","breadcrumb":{"@id":"https:\/\/www.retaildetail.be\/fr\/news\/food\/lidl-soutient-les-banques-alimentaires-et-suscite-la-colere-du-boerenbond\/#breadcrumb"},"inLanguage":"fr-FR","potentialAction":[{"@type":"ReadAction","target":["https:\/\/www.retaildetail.be\/fr\/news\/food\/lidl-soutient-les-banques-alimentaires-et-suscite-la-colere-du-boerenbond\/"]}]},{"@type":"ImageObject","inLanguage":"fr-FR","@id":"https:\/\/www.retaildetail.be\/fr\/news\/food\/lidl-soutient-les-banques-alimentaires-et-suscite-la-colere-du-boerenbond\/#primaryimage","url":"https:\/\/www.retaildetail.be\/wp-content\/uploads\/2022\/04\/logo.png","contentUrl":"https:\/\/www.retaildetail.be\/wp-content\/uploads\/2022\/04\/logo.png","width":281,"height":147},{"@type":"BreadcrumbList","@id":"https:\/\/www.retaildetail.be\/fr\/news\/food\/lidl-soutient-les-banques-alimentaires-et-suscite-la-colere-du-boerenbond\/#breadcrumb","itemListElement":[{"@type":"ListItem","position":1,"name":"Home","item":"https:\/\/www.retaildetail.be\/fr\/"},{"@type":"ListItem","position":2,"name":"Lidl soutient les banques alimentaires et suscite la col\u00e8re du Boerenbond"}]},{"@type":"WebSite","@id":"https:\/\/www.retaildetail.be\/nl\/#website","url":"https:\/\/www.retaildetail.be\/nl\/","name":"RetailDetail BE","description":"News","publisher":{"@id":"https:\/\/www.retaildetail.be\/nl\/#organization"},"potentialAction":[{"@type":"SearchAction","target":{"@type":"EntryPoint","urlTemplate":"https:\/\/www.retaildetail.be\/nl\/?s={search_term_string}"},"query-input":{"@type":"PropertyValueSpecification","valueRequired":true,"valueName":"search_term_string"}}],"inLanguage":"fr-FR"},{"@type":"Organization","@id":"https:\/\/www.retaildetail.be\/nl\/#organization","name":"RetailDetail BE","url":"https:\/\/www.retaildetail.be\/nl\/","logo":{"@type":"ImageObject","inLanguage":"fr-FR","@id":"https:\/\/www.retaildetail.be\/nl\/#\/schema\/logo\/image\/","url":"https:\/\/www.retaildetail.be\/wp-content\/uploads\/2022\/04\/logo.svg","contentUrl":"https:\/\/www.retaildetail.be\/wp-content\/uploads\/2022\/04\/logo.svg","width":131,"height":70,"caption":"RetailDetail BE"},"image":{"@id":"https:\/\/www.retaildetail.be\/nl\/#\/schema\/logo\/image\/"}},{"@type":"Person","@id":"https:\/\/www.retaildetail.be\/nl\/#\/schema\/person\/ba2d383452a753a3a1ce8cdb349b5fc9","name":"dev@grandiz.com","image":{"@type":"ImageObject","inLanguage":"fr-FR","@id":"https:\/\/secure.gravatar.com\/avatar\/5f53ce9fb6eed4a60e5aaaa712be8773880fa9459d9cac9bc4aa4fdbce3f447f?s=96&d=mm&r=g","url":"https:\/\/secure.gravatar.com\/avatar\/5f53ce9fb6eed4a60e5aaaa712be8773880fa9459d9cac9bc4aa4fdbce3f447f?s=96&d=mm&r=g","contentUrl":"https:\/\/secure.gravatar.com\/avatar\/5f53ce9fb6eed4a60e5aaaa712be8773880fa9459d9cac9bc4aa4fdbce3f447f?s=96&d=mm&r=g","caption":"dev@grandiz.com"},"sameAs":["http:\/\/preprod.retaildetail.be"],"url":"https:\/\/www.retaildetail.be\/fr\/author\/devgrandiz-com\/"}]}},"jetpack_featured_media_url":"https:\/\/www.retaildetail.be\/wp-content\/uploads\/2022\/04\/logo.png","jetpack_sharing_enabled":true,"_links":{"self":[{"href":"https:\/\/www.retaildetail.be\/fr\/wp-json\/wp\/v2\/posts\/2584","targetHints":{"allow":["GET"]}}],"collection":[{"href":"https:\/\/www.retaildetail.be\/fr\/wp-json\/wp\/v2\/posts"}],"about":[{"href":"https:\/\/www.retaildetail.be\/fr\/wp-json\/wp\/v2\/types\/post"}],"author":[{"embeddable":true,"href":"https:\/\/www.retaildetail.be\/fr\/wp-json\/wp\/v2\/users\/1"}],"replies":[{"embeddable":true,"href":"https:\/\/www.retaildetail.be\/fr\/wp-json\/wp\/v2\/comments?post=2584"}],"version-history":[{"count":0,"href":"https:\/\/www.retaildetail.be\/fr\/wp-json\/wp\/v2\/posts\/2584\/revisions"}],"wp:featuredmedia":[{"embeddable":true,"href":"https:\/\/www.retaildetail.be\/fr\/wp-json\/wp\/v2\/media\/84"}],"wp:attachment":[{"href":"https:\/\/www.retaildetail.be\/fr\/wp-json\/wp\/v2\/media?parent=2584"}],"wp:term":[{"taxonomy":"category","embeddable":true,"href":"https:\/\/www.retaildetail.be\/fr\/wp-json\/wp\/v2\/categories?post=2584"},{"taxonomy":"post_tag","embeddable":true,"href":"https:\/\/www.retaildetail.be\/fr\/wp-json\/wp\/v2\/tags?post=2584"},{"taxonomy":"people","embeddable":true,"href":"https:\/\/www.retaildetail.be\/fr\/wp-json\/wp\/v2\/people?post=2584"},{"taxonomy":"extra","embeddable":true,"href":"https:\/\/www.retaildetail.be\/fr\/wp-json\/wp\/v2\/extra?post=2584"},{"taxonomy":"company","embeddable":true,"href":"https:\/\/www.retaildetail.be\/fr\/wp-json\/wp\/v2\/company?post=2584"},{"taxonomy":"topic","embeddable":true,"href":"https:\/\/www.retaildetail.be\/fr\/wp-json\/wp\/v2\/topic?post=2584"},{"taxonomy":"region","embeddable":true,"href":"https:\/\/www.retaildetail.be\/fr\/wp-json\/wp\/v2\/region?post=2584"}],"curies":[{"name":"wp","href":"https:\/\/api.w.org\/{rel}","templated":true}]}}