{"id":2591,"date":"2013-01-21T16:19:18","date_gmt":"2013-01-21T16:19:18","guid":{"rendered":"https:\/\/www.retaildetail.be\/food\/lu-opte-resolument-pour-les-oeufs-de-poules-elevees-au-sol\/"},"modified":"2013-01-21T16:19:18","modified_gmt":"2013-01-21T16:19:18","slug":"lu-opte-resolument-pour-les-oeufs-de-poules-elevees-au-sol","status":"publish","type":"post","link":"https:\/\/www.retaildetail.be\/fr\/news\/food\/lu-opte-resolument-pour-les-oeufs-de-poules-elevees-au-sol\/","title":{"rendered":"LU opte r\u00e9solument pour les \u0153ufs de poules \u00e9lev\u00e9es au sol"},"content":{"rendered":"<h2>La moiti\u00e9 cette ann\u00e9e, 100% d\u00e8s 2014<\/h2>\n<p>Cette mesure a \u00e9t\u00e9 adopt\u00e9e suite \u00e0 une concertation entre le producteur de biscuits et l\u2019organisation de d\u00e9fense des animaux GAIA. Elle sera appliqu\u00e9e au plus vite : cette ann\u00e9e la moiti\u00e9 du volume de biscuits LU vendus en Belgique contenant des ovoproduits,\u00a0 sera fabriqu\u00e9 uniquement avec des \u0153ufs de poules \u00e9lev\u00e9es au sol. En 2014 cette mesure sera valable pour tous les biscuits LU commercialis\u00e9s dans notre pays.<\/p>\n<p>\u00ab Nous reconnaissons que le bien-\u00eatre des animaux est un crit\u00e8re important pour les consommateurs, les clients et GAIA \u00bb, explique Dionne Heijnen, Public Affairs Manager de LU. \u00ab C&rsquo;est pourquoi nous avons d\u00e9but\u00e9 l&rsquo;achat d&rsquo;\u0153ufs de poules \u00e9lev\u00e9es au sol dans certaines de nos usines en Europe, et notamment pour tous nos biscuits qui sont vendus en Belgique. \u00bb<\/p>\n<h2>\n<br \/>Le bien-\u00eatre animal<\/h2>\n<p>Michel Vandenbosch, pr\u00e9sident de GAIA, se dit tr\u00e8s satisfait : \u00ab \u00ab<a target=\"_blank\" href=\"http:\/\/www.gaia.be\/fr\/actualite\/finis-les-oeufs-de-cages-dans-les-biscuits-lu\" rel=\"noopener\"> Nous saluons les efforts de LU<\/a>. Gr\u00e2ce \u00e0 sa d\u00e9cision, l&rsquo;entreprise \u00e9pargne \u00e0 plus de 22 000 poules pondeuses la souffrance de l&rsquo;\u00e9levage en cages de batterie, et leur accorde ainsi une vie meilleure. \u00bb<\/p>\n<p>Ainsi LU suit l\u2019exemple d\u2019autres entreprises alimentaires comme Lotus Bakeries et Vandemoortele. R\u00e9cemment des cha\u00eenes de supermarch\u00e9s \u2013 notamment <a target=\"_blank\" href=\"nl\/f-belgique\/bgq-alimentation\/item\/14613-colruyt-%C3%A9value-le-bien-%C3%AAtre-animal-du-poisson-durable\" rel=\"noopener\">Colruyt<\/a> et <a target=\"_blank\" href=\"nl\/f-belgique\/bgq-alimentation\/item\/14798-nouvelles-mesures-pour-le-bien-%C3%AAtre-animal-chez-carrefour\" rel=\"noopener\">Carrefour \u2013 ont elles aussi privil\u00e9gi\u00e9 le bien-\u00eatre animal<\/a>.<\/p>\n<p>\u00a0<\/p>\n<p>\u00a0<\/p>\n<p><em>Traduction : Marie-No\u00eblle Masure<\/em><\/p>\n","protected":false},"excerpt":{"rendered":"<p>La moiti\u00e9 cette ann\u00e9e, 100% d\u00e8s 2014 Cette mesure a \u00e9t\u00e9 adopt\u00e9e suite \u00e0 une concertation entre le producteur de biscuits et l\u2019organisation de d\u00e9fense des animaux GAIA. Elle sera appliqu\u00e9e au plus vite : cette ann\u00e9e la moiti\u00e9 du volume de biscuits LU vendus en Belgique contenant des ovoproduits,\u00a0 sera fabriqu\u00e9 uniquement avec des [&hellip;]<\/p>\n","protected":false},"author":1,"featured_media":84,"comment_status":"closed","ping_status":"closed","sticky":false,"template":"","format":"standard","meta":{"_acf_changed":false,"inline_featured_image":false,"_jetpack_memberships_contains_paid_content":false,"footnotes":""},"categories":[24],"tags":[],"people":[],"extra":[],"company":[],"topic":[],"region":[],"class_list":["post-2591","post","type-post","status-publish","format-standard","has-post-thumbnail","hentry","category-food"],"acf":[],"yoast_head":"<!-- This site is optimized with the Yoast SEO plugin v27.3 - https:\/\/yoast.com\/product\/yoast-seo-wordpress\/ -->\n<title>LU opte r\u00e9solument pour les \u0153ufs de poules \u00e9lev\u00e9es au sol - RetailDetail BE<\/title>\n<meta name=\"robots\" content=\"index, follow, max-snippet:-1, max-image-preview:large, max-video-preview:-1\" \/>\n<link rel=\"canonical\" href=\"https:\/\/www.retaildetail.be\/fr\/news\/food\/lu-opte-resolument-pour-les-oeufs-de-poules-elevees-au-sol\/\" \/>\n<meta property=\"og:locale\" content=\"fr_FR\" \/>\n<meta property=\"og:type\" content=\"article\" \/>\n<meta property=\"og:title\" content=\"LU opte r\u00e9solument pour les \u0153ufs de poules \u00e9lev\u00e9es au sol - RetailDetail BE\" \/>\n<meta property=\"og:description\" content=\"La moiti\u00e9 cette ann\u00e9e, 100% d\u00e8s 2014 Cette mesure a \u00e9t\u00e9 adopt\u00e9e suite \u00e0 une concertation entre le producteur de biscuits et l\u2019organisation de d\u00e9fense des animaux GAIA. Elle sera appliqu\u00e9e au plus vite : cette ann\u00e9e la moiti\u00e9 du volume de biscuits LU vendus en Belgique contenant des ovoproduits,\u00a0 sera fabriqu\u00e9 uniquement avec des [&hellip;]\" \/>\n<meta property=\"og:url\" content=\"https:\/\/www.retaildetail.be\/fr\/news\/food\/lu-opte-resolument-pour-les-oeufs-de-poules-elevees-au-sol\/\" \/>\n<meta property=\"og:site_name\" content=\"RetailDetail BE\" \/>\n<meta property=\"article:published_time\" content=\"2013-01-21T16:19:18+00:00\" \/>\n<meta property=\"og:image\" content=\"https:\/\/i0.wp.com\/www.retaildetail.be\/wp-content\/uploads\/2022\/04\/logo.png?fit=281%2C147&quality=100&strip=all&ssl=1\" \/>\n\t<meta property=\"og:image:width\" content=\"281\" \/>\n\t<meta property=\"og:image:height\" content=\"147\" \/>\n\t<meta property=\"og:image:type\" content=\"image\/png\" \/>\n<meta name=\"author\" content=\"dev@grandiz.com\" \/>\n<meta name=\"twitter:card\" content=\"summary_large_image\" \/>\n<meta name=\"twitter:label1\" content=\"\u00c9crit par\" \/>\n\t<meta name=\"twitter:data1\" content=\"dev@grandiz.com\" \/>\n\t<meta name=\"twitter:label2\" content=\"Dur\u00e9e de lecture estim\u00e9e\" \/>\n\t<meta name=\"twitter:data2\" content=\"1 minute\" \/>\n<script type=\"application\/ld+json\" class=\"yoast-schema-graph\">{\"@context\":\"https:\\\/\\\/schema.org\",\"@graph\":[{\"@type\":\"NewsArticle\",\"@id\":\"https:\\\/\\\/www.retaildetail.be\\\/fr\\\/news\\\/food\\\/lu-opte-resolument-pour-les-oeufs-de-poules-elevees-au-sol\\\/#article\",\"isPartOf\":{\"@id\":\"https:\\\/\\\/www.retaildetail.be\\\/fr\\\/news\\\/food\\\/lu-opte-resolument-pour-les-oeufs-de-poules-elevees-au-sol\\\/\"},\"author\":{\"name\":\"dev@grandiz.com\",\"@id\":\"https:\\\/\\\/www.retaildetail.be\\\/nl\\\/#\\\/schema\\\/person\\\/ba2d383452a753a3a1ce8cdb349b5fc9\"},\"headline\":\"LU opte r\u00e9solument pour les \u0153ufs de poules \u00e9lev\u00e9es au sol\",\"datePublished\":\"2013-01-21T16:19:18+00:00\",\"mainEntityOfPage\":{\"@id\":\"https:\\\/\\\/www.retaildetail.be\\\/fr\\\/news\\\/food\\\/lu-opte-resolument-pour-les-oeufs-de-poules-elevees-au-sol\\\/\"},\"wordCount\":244,\"publisher\":{\"@id\":\"https:\\\/\\\/www.retaildetail.be\\\/nl\\\/#organization\"},\"image\":{\"@id\":\"https:\\\/\\\/www.retaildetail.be\\\/fr\\\/news\\\/food\\\/lu-opte-resolument-pour-les-oeufs-de-poules-elevees-au-sol\\\/#primaryimage\"},\"thumbnailUrl\":\"https:\\\/\\\/www.retaildetail.be\\\/wp-content\\\/uploads\\\/2022\\\/04\\\/logo.png\",\"articleSection\":[\"Food\"],\"inLanguage\":\"fr-FR\",\"copyrightYear\":\"2013\",\"copyrightHolder\":{\"@id\":\"https:\\\/\\\/www.retaildetail.be\\\/#organization\"}},{\"@type\":\"WebPage\",\"@id\":\"https:\\\/\\\/www.retaildetail.be\\\/fr\\\/news\\\/food\\\/lu-opte-resolument-pour-les-oeufs-de-poules-elevees-au-sol\\\/\",\"url\":\"https:\\\/\\\/www.retaildetail.be\\\/fr\\\/news\\\/food\\\/lu-opte-resolument-pour-les-oeufs-de-poules-elevees-au-sol\\\/\",\"name\":\"LU opte r\u00e9solument pour les \u0153ufs de poules \u00e9lev\u00e9es au sol - RetailDetail BE\",\"isPartOf\":{\"@id\":\"https:\\\/\\\/www.retaildetail.be\\\/nl\\\/#website\"},\"primaryImageOfPage\":{\"@id\":\"https:\\\/\\\/www.retaildetail.be\\\/fr\\\/news\\\/food\\\/lu-opte-resolument-pour-les-oeufs-de-poules-elevees-au-sol\\\/#primaryimage\"},\"image\":{\"@id\":\"https:\\\/\\\/www.retaildetail.be\\\/fr\\\/news\\\/food\\\/lu-opte-resolument-pour-les-oeufs-de-poules-elevees-au-sol\\\/#primaryimage\"},\"thumbnailUrl\":\"https:\\\/\\\/www.retaildetail.be\\\/wp-content\\\/uploads\\\/2022\\\/04\\\/logo.png\",\"datePublished\":\"2013-01-21T16:19:18+00:00\",\"breadcrumb\":{\"@id\":\"https:\\\/\\\/www.retaildetail.be\\\/fr\\\/news\\\/food\\\/lu-opte-resolument-pour-les-oeufs-de-poules-elevees-au-sol\\\/#breadcrumb\"},\"inLanguage\":\"fr-FR\",\"potentialAction\":[{\"@type\":\"ReadAction\",\"target\":[\"https:\\\/\\\/www.retaildetail.be\\\/fr\\\/news\\\/food\\\/lu-opte-resolument-pour-les-oeufs-de-poules-elevees-au-sol\\\/\"]}]},{\"@type\":\"ImageObject\",\"inLanguage\":\"fr-FR\",\"@id\":\"https:\\\/\\\/www.retaildetail.be\\\/fr\\\/news\\\/food\\\/lu-opte-resolument-pour-les-oeufs-de-poules-elevees-au-sol\\\/#primaryimage\",\"url\":\"https:\\\/\\\/www.retaildetail.be\\\/wp-content\\\/uploads\\\/2022\\\/04\\\/logo.png\",\"contentUrl\":\"https:\\\/\\\/www.retaildetail.be\\\/wp-content\\\/uploads\\\/2022\\\/04\\\/logo.png\",\"width\":281,\"height\":147},{\"@type\":\"BreadcrumbList\",\"@id\":\"https:\\\/\\\/www.retaildetail.be\\\/fr\\\/news\\\/food\\\/lu-opte-resolument-pour-les-oeufs-de-poules-elevees-au-sol\\\/#breadcrumb\",\"itemListElement\":[{\"@type\":\"ListItem\",\"position\":1,\"name\":\"Home\",\"item\":\"https:\\\/\\\/www.retaildetail.be\\\/fr\\\/\"},{\"@type\":\"ListItem\",\"position\":2,\"name\":\"LU opte r\u00e9solument pour les \u0153ufs de poules \u00e9lev\u00e9es au sol\"}]},{\"@type\":\"WebSite\",\"@id\":\"https:\\\/\\\/www.retaildetail.be\\\/nl\\\/#website\",\"url\":\"https:\\\/\\\/www.retaildetail.be\\\/nl\\\/\",\"name\":\"RetailDetail BE\",\"description\":\"News\",\"publisher\":{\"@id\":\"https:\\\/\\\/www.retaildetail.be\\\/nl\\\/#organization\"},\"potentialAction\":[{\"@type\":\"SearchAction\",\"target\":{\"@type\":\"EntryPoint\",\"urlTemplate\":\"https:\\\/\\\/www.retaildetail.be\\\/nl\\\/?s={search_term_string}\"},\"query-input\":{\"@type\":\"PropertyValueSpecification\",\"valueRequired\":true,\"valueName\":\"search_term_string\"}}],\"inLanguage\":\"fr-FR\"},{\"@type\":\"Organization\",\"@id\":\"https:\\\/\\\/www.retaildetail.be\\\/nl\\\/#organization\",\"name\":\"RetailDetail BE\",\"url\":\"https:\\\/\\\/www.retaildetail.be\\\/nl\\\/\",\"logo\":{\"@type\":\"ImageObject\",\"inLanguage\":\"fr-FR\",\"@id\":\"https:\\\/\\\/www.retaildetail.be\\\/nl\\\/#\\\/schema\\\/logo\\\/image\\\/\",\"url\":\"https:\\\/\\\/www.retaildetail.be\\\/wp-content\\\/uploads\\\/2022\\\/04\\\/logo.svg\",\"contentUrl\":\"https:\\\/\\\/www.retaildetail.be\\\/wp-content\\\/uploads\\\/2022\\\/04\\\/logo.svg\",\"width\":131,\"height\":70,\"caption\":\"RetailDetail BE\"},\"image\":{\"@id\":\"https:\\\/\\\/www.retaildetail.be\\\/nl\\\/#\\\/schema\\\/logo\\\/image\\\/\"}},{\"@type\":\"Person\",\"@id\":\"https:\\\/\\\/www.retaildetail.be\\\/nl\\\/#\\\/schema\\\/person\\\/ba2d383452a753a3a1ce8cdb349b5fc9\",\"name\":\"dev@grandiz.com\",\"image\":{\"@type\":\"ImageObject\",\"inLanguage\":\"fr-FR\",\"@id\":\"https:\\\/\\\/secure.gravatar.com\\\/avatar\\\/5f53ce9fb6eed4a60e5aaaa712be8773880fa9459d9cac9bc4aa4fdbce3f447f?s=96&d=mm&r=g\",\"url\":\"https:\\\/\\\/secure.gravatar.com\\\/avatar\\\/5f53ce9fb6eed4a60e5aaaa712be8773880fa9459d9cac9bc4aa4fdbce3f447f?s=96&d=mm&r=g\",\"contentUrl\":\"https:\\\/\\\/secure.gravatar.com\\\/avatar\\\/5f53ce9fb6eed4a60e5aaaa712be8773880fa9459d9cac9bc4aa4fdbce3f447f?s=96&d=mm&r=g\",\"caption\":\"dev@grandiz.com\"},\"sameAs\":[\"http:\\\/\\\/preprod.retaildetail.be\"],\"url\":\"https:\\\/\\\/www.retaildetail.be\\\/fr\\\/author\\\/devgrandiz-com\\\/\"}]}<\/script>\n<!-- \/ Yoast SEO plugin. -->","yoast_head_json":{"title":"LU opte r\u00e9solument pour les \u0153ufs de poules \u00e9lev\u00e9es au sol - RetailDetail BE","robots":{"index":"index","follow":"follow","max-snippet":"max-snippet:-1","max-image-preview":"max-image-preview:large","max-video-preview":"max-video-preview:-1"},"canonical":"https:\/\/www.retaildetail.be\/fr\/news\/food\/lu-opte-resolument-pour-les-oeufs-de-poules-elevees-au-sol\/","og_locale":"fr_FR","og_type":"article","og_title":"LU opte r\u00e9solument pour les \u0153ufs de poules \u00e9lev\u00e9es au sol - RetailDetail BE","og_description":"La moiti\u00e9 cette ann\u00e9e, 100% d\u00e8s 2014 Cette mesure a \u00e9t\u00e9 adopt\u00e9e suite \u00e0 une concertation entre le producteur de biscuits et l\u2019organisation de d\u00e9fense des animaux GAIA. Elle sera appliqu\u00e9e au plus vite : cette ann\u00e9e la moiti\u00e9 du volume de biscuits LU vendus en Belgique contenant des ovoproduits,\u00a0 sera fabriqu\u00e9 uniquement avec des [&hellip;]","og_url":"https:\/\/www.retaildetail.be\/fr\/news\/food\/lu-opte-resolument-pour-les-oeufs-de-poules-elevees-au-sol\/","og_site_name":"RetailDetail BE","article_published_time":"2013-01-21T16:19:18+00:00","og_image":[{"width":281,"height":147,"url":"https:\/\/i0.wp.com\/www.retaildetail.be\/wp-content\/uploads\/2022\/04\/logo.png?fit=281%2C147&quality=100&strip=all&ssl=1","type":"image\/png"}],"author":"dev@grandiz.com","twitter_card":"summary_large_image","twitter_misc":{"\u00c9crit par":"dev@grandiz.com","Dur\u00e9e de lecture estim\u00e9e":"1 minute"},"schema":{"@context":"https:\/\/schema.org","@graph":[{"@type":"NewsArticle","@id":"https:\/\/www.retaildetail.be\/fr\/news\/food\/lu-opte-resolument-pour-les-oeufs-de-poules-elevees-au-sol\/#article","isPartOf":{"@id":"https:\/\/www.retaildetail.be\/fr\/news\/food\/lu-opte-resolument-pour-les-oeufs-de-poules-elevees-au-sol\/"},"author":{"name":"dev@grandiz.com","@id":"https:\/\/www.retaildetail.be\/nl\/#\/schema\/person\/ba2d383452a753a3a1ce8cdb349b5fc9"},"headline":"LU opte r\u00e9solument pour les \u0153ufs de poules \u00e9lev\u00e9es au sol","datePublished":"2013-01-21T16:19:18+00:00","mainEntityOfPage":{"@id":"https:\/\/www.retaildetail.be\/fr\/news\/food\/lu-opte-resolument-pour-les-oeufs-de-poules-elevees-au-sol\/"},"wordCount":244,"publisher":{"@id":"https:\/\/www.retaildetail.be\/nl\/#organization"},"image":{"@id":"https:\/\/www.retaildetail.be\/fr\/news\/food\/lu-opte-resolument-pour-les-oeufs-de-poules-elevees-au-sol\/#primaryimage"},"thumbnailUrl":"https:\/\/www.retaildetail.be\/wp-content\/uploads\/2022\/04\/logo.png","articleSection":["Food"],"inLanguage":"fr-FR","copyrightYear":"2013","copyrightHolder":{"@id":"https:\/\/www.retaildetail.be\/#organization"}},{"@type":"WebPage","@id":"https:\/\/www.retaildetail.be\/fr\/news\/food\/lu-opte-resolument-pour-les-oeufs-de-poules-elevees-au-sol\/","url":"https:\/\/www.retaildetail.be\/fr\/news\/food\/lu-opte-resolument-pour-les-oeufs-de-poules-elevees-au-sol\/","name":"LU opte r\u00e9solument pour les \u0153ufs de poules \u00e9lev\u00e9es au sol - RetailDetail BE","isPartOf":{"@id":"https:\/\/www.retaildetail.be\/nl\/#website"},"primaryImageOfPage":{"@id":"https:\/\/www.retaildetail.be\/fr\/news\/food\/lu-opte-resolument-pour-les-oeufs-de-poules-elevees-au-sol\/#primaryimage"},"image":{"@id":"https:\/\/www.retaildetail.be\/fr\/news\/food\/lu-opte-resolument-pour-les-oeufs-de-poules-elevees-au-sol\/#primaryimage"},"thumbnailUrl":"https:\/\/www.retaildetail.be\/wp-content\/uploads\/2022\/04\/logo.png","datePublished":"2013-01-21T16:19:18+00:00","breadcrumb":{"@id":"https:\/\/www.retaildetail.be\/fr\/news\/food\/lu-opte-resolument-pour-les-oeufs-de-poules-elevees-au-sol\/#breadcrumb"},"inLanguage":"fr-FR","potentialAction":[{"@type":"ReadAction","target":["https:\/\/www.retaildetail.be\/fr\/news\/food\/lu-opte-resolument-pour-les-oeufs-de-poules-elevees-au-sol\/"]}]},{"@type":"ImageObject","inLanguage":"fr-FR","@id":"https:\/\/www.retaildetail.be\/fr\/news\/food\/lu-opte-resolument-pour-les-oeufs-de-poules-elevees-au-sol\/#primaryimage","url":"https:\/\/www.retaildetail.be\/wp-content\/uploads\/2022\/04\/logo.png","contentUrl":"https:\/\/www.retaildetail.be\/wp-content\/uploads\/2022\/04\/logo.png","width":281,"height":147},{"@type":"BreadcrumbList","@id":"https:\/\/www.retaildetail.be\/fr\/news\/food\/lu-opte-resolument-pour-les-oeufs-de-poules-elevees-au-sol\/#breadcrumb","itemListElement":[{"@type":"ListItem","position":1,"name":"Home","item":"https:\/\/www.retaildetail.be\/fr\/"},{"@type":"ListItem","position":2,"name":"LU opte r\u00e9solument pour les \u0153ufs de poules \u00e9lev\u00e9es au sol"}]},{"@type":"WebSite","@id":"https:\/\/www.retaildetail.be\/nl\/#website","url":"https:\/\/www.retaildetail.be\/nl\/","name":"RetailDetail BE","description":"News","publisher":{"@id":"https:\/\/www.retaildetail.be\/nl\/#organization"},"potentialAction":[{"@type":"SearchAction","target":{"@type":"EntryPoint","urlTemplate":"https:\/\/www.retaildetail.be\/nl\/?s={search_term_string}"},"query-input":{"@type":"PropertyValueSpecification","valueRequired":true,"valueName":"search_term_string"}}],"inLanguage":"fr-FR"},{"@type":"Organization","@id":"https:\/\/www.retaildetail.be\/nl\/#organization","name":"RetailDetail BE","url":"https:\/\/www.retaildetail.be\/nl\/","logo":{"@type":"ImageObject","inLanguage":"fr-FR","@id":"https:\/\/www.retaildetail.be\/nl\/#\/schema\/logo\/image\/","url":"https:\/\/www.retaildetail.be\/wp-content\/uploads\/2022\/04\/logo.svg","contentUrl":"https:\/\/www.retaildetail.be\/wp-content\/uploads\/2022\/04\/logo.svg","width":131,"height":70,"caption":"RetailDetail BE"},"image":{"@id":"https:\/\/www.retaildetail.be\/nl\/#\/schema\/logo\/image\/"}},{"@type":"Person","@id":"https:\/\/www.retaildetail.be\/nl\/#\/schema\/person\/ba2d383452a753a3a1ce8cdb349b5fc9","name":"dev@grandiz.com","image":{"@type":"ImageObject","inLanguage":"fr-FR","@id":"https:\/\/secure.gravatar.com\/avatar\/5f53ce9fb6eed4a60e5aaaa712be8773880fa9459d9cac9bc4aa4fdbce3f447f?s=96&d=mm&r=g","url":"https:\/\/secure.gravatar.com\/avatar\/5f53ce9fb6eed4a60e5aaaa712be8773880fa9459d9cac9bc4aa4fdbce3f447f?s=96&d=mm&r=g","contentUrl":"https:\/\/secure.gravatar.com\/avatar\/5f53ce9fb6eed4a60e5aaaa712be8773880fa9459d9cac9bc4aa4fdbce3f447f?s=96&d=mm&r=g","caption":"dev@grandiz.com"},"sameAs":["http:\/\/preprod.retaildetail.be"],"url":"https:\/\/www.retaildetail.be\/fr\/author\/devgrandiz-com\/"}]}},"jetpack_featured_media_url":"https:\/\/www.retaildetail.be\/wp-content\/uploads\/2022\/04\/logo.png","jetpack_sharing_enabled":true,"_links":{"self":[{"href":"https:\/\/www.retaildetail.be\/fr\/wp-json\/wp\/v2\/posts\/2591","targetHints":{"allow":["GET"]}}],"collection":[{"href":"https:\/\/www.retaildetail.be\/fr\/wp-json\/wp\/v2\/posts"}],"about":[{"href":"https:\/\/www.retaildetail.be\/fr\/wp-json\/wp\/v2\/types\/post"}],"author":[{"embeddable":true,"href":"https:\/\/www.retaildetail.be\/fr\/wp-json\/wp\/v2\/users\/1"}],"replies":[{"embeddable":true,"href":"https:\/\/www.retaildetail.be\/fr\/wp-json\/wp\/v2\/comments?post=2591"}],"version-history":[{"count":0,"href":"https:\/\/www.retaildetail.be\/fr\/wp-json\/wp\/v2\/posts\/2591\/revisions"}],"wp:featuredmedia":[{"embeddable":true,"href":"https:\/\/www.retaildetail.be\/fr\/wp-json\/wp\/v2\/media\/84"}],"wp:attachment":[{"href":"https:\/\/www.retaildetail.be\/fr\/wp-json\/wp\/v2\/media?parent=2591"}],"wp:term":[{"taxonomy":"category","embeddable":true,"href":"https:\/\/www.retaildetail.be\/fr\/wp-json\/wp\/v2\/categories?post=2591"},{"taxonomy":"post_tag","embeddable":true,"href":"https:\/\/www.retaildetail.be\/fr\/wp-json\/wp\/v2\/tags?post=2591"},{"taxonomy":"people","embeddable":true,"href":"https:\/\/www.retaildetail.be\/fr\/wp-json\/wp\/v2\/people?post=2591"},{"taxonomy":"extra","embeddable":true,"href":"https:\/\/www.retaildetail.be\/fr\/wp-json\/wp\/v2\/extra?post=2591"},{"taxonomy":"company","embeddable":true,"href":"https:\/\/www.retaildetail.be\/fr\/wp-json\/wp\/v2\/company?post=2591"},{"taxonomy":"topic","embeddable":true,"href":"https:\/\/www.retaildetail.be\/fr\/wp-json\/wp\/v2\/topic?post=2591"},{"taxonomy":"region","embeddable":true,"href":"https:\/\/www.retaildetail.be\/fr\/wp-json\/wp\/v2\/region?post=2591"}],"curies":[{"name":"wp","href":"https:\/\/api.w.org\/{rel}","templated":true}]}}