{"id":2595,"date":"2013-01-22T11:44:59","date_gmt":"2013-01-22T11:44:59","guid":{"rendered":"https:\/\/www.retaildetail.be\/food\/milcobel-designe-eddy-de-muelenaere-comme-nouveau-ceo\/"},"modified":"2013-01-22T11:44:59","modified_gmt":"2013-01-22T11:44:59","slug":"milcobel-designe-eddy-de-muelenaere-comme-nouveau-ceo","status":"publish","type":"post","link":"https:\/\/www.retaildetail.be\/fr\/news\/food\/milcobel-designe-eddy-de-muelenaere-comme-nouveau-ceo\/","title":{"rendered":"Milcobel d\u00e9signe Eddy de M\u00fbelenaere comme nouveau CEO"},"content":{"rendered":"<h2>Ex-Vandemoortele<\/h2>\n<p>\u00ab Cette succession s\u2019est faite <strong>en concertation mutuelle et en bonne entente<\/strong>, car Patric Buggenhout\u00a0 initiera le nouveau CEO \u00bb, souligne Guido Veys, pr\u00e9sident du conseil d\u2019administration : \u00ab Eddy de M\u00fbelenaere remplacera Buggenhout \u00e0 partir du 18 mars. Buggenhout continuera \u00e0 repr\u00e9senter l\u2019entreprise en externe jusqu\u2019au 14 juin. \u00bb<\/p>\n<p><strong>Eddy de M\u00fbelenaere n\u2019est pas le premier venu dans le secteur alimentaire<\/strong>. Cet ing\u00e9nieur chimiste de 59 ans s\u2019est b\u00e2ti un solide exp\u00e9rience internationale dans la vie d\u2019entreprise. La plus grande partie de sa carri\u00e8re s\u2019est d\u00e9roul\u00e9e chez Vandemoortele, o\u00f9 il a occup\u00e9 diverses fonctions de direction dans les divisions margarines, lipides et boulangerie. L\u2019ann\u00e9e derni\u00e8re en avril, <a target=\"_blank\" href=\"nl\/f-belgique\/bgq-alimentation\/item\/14304-vandemoortele-prend-son-futur-ceo-%C3%A0-bord\" rel=\"noopener\">il a quitt\u00e9 le groupe Vandemoortele<\/a> suite aux r\u00e9sultats d\u00e9cevants de la branche fran\u00e7aise.<\/p>\n<p>\u00ab Le nouveau CEO utilisera sa riche exp\u00e9rience pour r<strong>enforcer la position de Milcobel en tant que coop\u00e9rative laiti\u00e8re comp\u00e9titive et solidement ancr\u00e9e dans notre pays<\/strong>. L\u2019objectif de Milcobel est de garantir l\u2019acc\u00e8s au march\u00e9 \u00e0 ses membres. Le fait d\u2019avoir un centre d\u00e9cisionnel dans son propre pays est d\u2019une importance capitale pour l\u2019avenir des producteurs laitiers et l\u2019emploi dans le secteur laitier \u00bb, estime le conseil d\u2019administration.<\/p>\n<h2>\n<br \/>3.000 producteurs laitiers<\/h2>\n<p>Milcobel est une <strong>coop\u00e9rative r\u00e9unissant 3.000 producteurs laitiers<\/strong> et <strong>chapeautant quatre soci\u00e9t\u00e9s de travail<\/strong> : <strong>Belgomilk<\/strong> (avec entre autres Brugge Kaas et Incolac), <strong>Inza<\/strong> (avec notamment Choco!Choco et Yogho!Yogho!), le fabricant de glaces <strong>Ysco<\/strong> et les fromagers <strong>Jan Dupont et Camal<\/strong>. Par ailleurs le groupe fournit \u00e9galement de la poudre de lait et des ingr\u00e9dients laitiers \u00e0 l\u2019industrie alimentaire internationale.<\/p>\n<p>L\u2019ann\u00e9e derni\u00e8re Milcobel a trait\u00e9<strong> plus de 1,1 milliard de litres de lait<\/strong> \u2013 l\u2019\u00e9quivalent d\u2019un tiers de l\u2019ensemble de la production laiti\u00e8re belge \u2013 et a r\u00e9alis\u00e9 <strong>un chiffre d\u2019affaires d\u2019environ 900 millions d\u2019euros<\/strong>.<\/p>\n<p>\u00a0<\/p>\n<p>\u00a0<\/p>\n<p><em>Traduction : Marie-No\u00eblle Masure<\/em><\/p>\n","protected":false},"excerpt":{"rendered":"<p>Ex-Vandemoortele \u00ab Cette succession s\u2019est faite en concertation mutuelle et en bonne entente, car Patric Buggenhout\u00a0 initiera le nouveau CEO \u00bb, souligne Guido Veys, pr\u00e9sident du conseil d\u2019administration : \u00ab Eddy de M\u00fbelenaere remplacera Buggenhout \u00e0 partir du 18 mars. Buggenhout continuera \u00e0 repr\u00e9senter l\u2019entreprise en externe jusqu\u2019au 14 juin. \u00bb Eddy de M\u00fbelenaere n\u2019est [&hellip;]<\/p>\n","protected":false},"author":1,"featured_media":84,"comment_status":"closed","ping_status":"closed","sticky":false,"template":"","format":"standard","meta":{"_acf_changed":false,"inline_featured_image":false,"_jetpack_memberships_contains_paid_content":false,"footnotes":""},"categories":[24],"tags":[],"people":[],"extra":[],"company":[],"topic":[],"region":[],"class_list":["post-2595","post","type-post","status-publish","format-standard","has-post-thumbnail","hentry","category-food"],"acf":[],"yoast_head":"<!-- This site is optimized with the Yoast SEO plugin v27.3 - https:\/\/yoast.com\/product\/yoast-seo-wordpress\/ -->\n<title>Milcobel d\u00e9signe Eddy de M\u00fbelenaere comme nouveau CEO - RetailDetail BE<\/title>\n<meta name=\"robots\" content=\"index, follow, max-snippet:-1, max-image-preview:large, max-video-preview:-1\" \/>\n<link rel=\"canonical\" href=\"https:\/\/www.retaildetail.be\/fr\/news\/food\/milcobel-designe-eddy-de-muelenaere-comme-nouveau-ceo\/\" \/>\n<meta property=\"og:locale\" content=\"fr_FR\" \/>\n<meta property=\"og:type\" content=\"article\" \/>\n<meta property=\"og:title\" content=\"Milcobel d\u00e9signe Eddy de M\u00fbelenaere comme nouveau CEO - RetailDetail BE\" \/>\n<meta property=\"og:description\" content=\"Ex-Vandemoortele \u00ab Cette succession s\u2019est faite en concertation mutuelle et en bonne entente, car Patric Buggenhout\u00a0 initiera le nouveau CEO \u00bb, souligne Guido Veys, pr\u00e9sident du conseil d\u2019administration : \u00ab Eddy de M\u00fbelenaere remplacera Buggenhout \u00e0 partir du 18 mars. Buggenhout continuera \u00e0 repr\u00e9senter l\u2019entreprise en externe jusqu\u2019au 14 juin. \u00bb Eddy de M\u00fbelenaere n\u2019est [&hellip;]\" \/>\n<meta property=\"og:url\" content=\"https:\/\/www.retaildetail.be\/fr\/news\/food\/milcobel-designe-eddy-de-muelenaere-comme-nouveau-ceo\/\" \/>\n<meta property=\"og:site_name\" content=\"RetailDetail BE\" \/>\n<meta property=\"article:published_time\" content=\"2013-01-22T11:44:59+00:00\" \/>\n<meta property=\"og:image\" content=\"https:\/\/i0.wp.com\/www.retaildetail.be\/wp-content\/uploads\/2022\/04\/logo.png?fit=281%2C147&quality=100&strip=all&ssl=1\" \/>\n\t<meta property=\"og:image:width\" content=\"281\" \/>\n\t<meta property=\"og:image:height\" content=\"147\" \/>\n\t<meta property=\"og:image:type\" content=\"image\/png\" \/>\n<meta name=\"author\" content=\"dev@grandiz.com\" \/>\n<meta name=\"twitter:card\" content=\"summary_large_image\" \/>\n<meta name=\"twitter:label1\" content=\"\u00c9crit par\" \/>\n\t<meta name=\"twitter:data1\" content=\"dev@grandiz.com\" \/>\n\t<meta name=\"twitter:label2\" content=\"Dur\u00e9e de lecture estim\u00e9e\" \/>\n\t<meta name=\"twitter:data2\" content=\"2 minutes\" \/>\n<script type=\"application\/ld+json\" class=\"yoast-schema-graph\">{\"@context\":\"https:\\\/\\\/schema.org\",\"@graph\":[{\"@type\":\"NewsArticle\",\"@id\":\"https:\\\/\\\/www.retaildetail.be\\\/fr\\\/news\\\/food\\\/milcobel-designe-eddy-de-muelenaere-comme-nouveau-ceo\\\/#article\",\"isPartOf\":{\"@id\":\"https:\\\/\\\/www.retaildetail.be\\\/fr\\\/news\\\/food\\\/milcobel-designe-eddy-de-muelenaere-comme-nouveau-ceo\\\/\"},\"author\":{\"name\":\"dev@grandiz.com\",\"@id\":\"https:\\\/\\\/www.retaildetail.be\\\/nl\\\/#\\\/schema\\\/person\\\/ba2d383452a753a3a1ce8cdb349b5fc9\"},\"headline\":\"Milcobel d\u00e9signe Eddy de M\u00fbelenaere comme nouveau CEO\",\"datePublished\":\"2013-01-22T11:44:59+00:00\",\"mainEntityOfPage\":{\"@id\":\"https:\\\/\\\/www.retaildetail.be\\\/fr\\\/news\\\/food\\\/milcobel-designe-eddy-de-muelenaere-comme-nouveau-ceo\\\/\"},\"wordCount\":339,\"publisher\":{\"@id\":\"https:\\\/\\\/www.retaildetail.be\\\/nl\\\/#organization\"},\"image\":{\"@id\":\"https:\\\/\\\/www.retaildetail.be\\\/fr\\\/news\\\/food\\\/milcobel-designe-eddy-de-muelenaere-comme-nouveau-ceo\\\/#primaryimage\"},\"thumbnailUrl\":\"https:\\\/\\\/www.retaildetail.be\\\/wp-content\\\/uploads\\\/2022\\\/04\\\/logo.png\",\"articleSection\":[\"Food\"],\"inLanguage\":\"fr-FR\",\"copyrightYear\":\"2013\",\"copyrightHolder\":{\"@id\":\"https:\\\/\\\/www.retaildetail.be\\\/#organization\"}},{\"@type\":\"WebPage\",\"@id\":\"https:\\\/\\\/www.retaildetail.be\\\/fr\\\/news\\\/food\\\/milcobel-designe-eddy-de-muelenaere-comme-nouveau-ceo\\\/\",\"url\":\"https:\\\/\\\/www.retaildetail.be\\\/fr\\\/news\\\/food\\\/milcobel-designe-eddy-de-muelenaere-comme-nouveau-ceo\\\/\",\"name\":\"Milcobel d\u00e9signe Eddy de M\u00fbelenaere comme nouveau CEO - RetailDetail BE\",\"isPartOf\":{\"@id\":\"https:\\\/\\\/www.retaildetail.be\\\/nl\\\/#website\"},\"primaryImageOfPage\":{\"@id\":\"https:\\\/\\\/www.retaildetail.be\\\/fr\\\/news\\\/food\\\/milcobel-designe-eddy-de-muelenaere-comme-nouveau-ceo\\\/#primaryimage\"},\"image\":{\"@id\":\"https:\\\/\\\/www.retaildetail.be\\\/fr\\\/news\\\/food\\\/milcobel-designe-eddy-de-muelenaere-comme-nouveau-ceo\\\/#primaryimage\"},\"thumbnailUrl\":\"https:\\\/\\\/www.retaildetail.be\\\/wp-content\\\/uploads\\\/2022\\\/04\\\/logo.png\",\"datePublished\":\"2013-01-22T11:44:59+00:00\",\"breadcrumb\":{\"@id\":\"https:\\\/\\\/www.retaildetail.be\\\/fr\\\/news\\\/food\\\/milcobel-designe-eddy-de-muelenaere-comme-nouveau-ceo\\\/#breadcrumb\"},\"inLanguage\":\"fr-FR\",\"potentialAction\":[{\"@type\":\"ReadAction\",\"target\":[\"https:\\\/\\\/www.retaildetail.be\\\/fr\\\/news\\\/food\\\/milcobel-designe-eddy-de-muelenaere-comme-nouveau-ceo\\\/\"]}]},{\"@type\":\"ImageObject\",\"inLanguage\":\"fr-FR\",\"@id\":\"https:\\\/\\\/www.retaildetail.be\\\/fr\\\/news\\\/food\\\/milcobel-designe-eddy-de-muelenaere-comme-nouveau-ceo\\\/#primaryimage\",\"url\":\"https:\\\/\\\/www.retaildetail.be\\\/wp-content\\\/uploads\\\/2022\\\/04\\\/logo.png\",\"contentUrl\":\"https:\\\/\\\/www.retaildetail.be\\\/wp-content\\\/uploads\\\/2022\\\/04\\\/logo.png\",\"width\":281,\"height\":147},{\"@type\":\"BreadcrumbList\",\"@id\":\"https:\\\/\\\/www.retaildetail.be\\\/fr\\\/news\\\/food\\\/milcobel-designe-eddy-de-muelenaere-comme-nouveau-ceo\\\/#breadcrumb\",\"itemListElement\":[{\"@type\":\"ListItem\",\"position\":1,\"name\":\"Home\",\"item\":\"https:\\\/\\\/www.retaildetail.be\\\/fr\\\/\"},{\"@type\":\"ListItem\",\"position\":2,\"name\":\"Milcobel d\u00e9signe Eddy de M\u00fbelenaere comme nouveau CEO\"}]},{\"@type\":\"WebSite\",\"@id\":\"https:\\\/\\\/www.retaildetail.be\\\/nl\\\/#website\",\"url\":\"https:\\\/\\\/www.retaildetail.be\\\/nl\\\/\",\"name\":\"RetailDetail BE\",\"description\":\"News\",\"publisher\":{\"@id\":\"https:\\\/\\\/www.retaildetail.be\\\/nl\\\/#organization\"},\"potentialAction\":[{\"@type\":\"SearchAction\",\"target\":{\"@type\":\"EntryPoint\",\"urlTemplate\":\"https:\\\/\\\/www.retaildetail.be\\\/nl\\\/?s={search_term_string}\"},\"query-input\":{\"@type\":\"PropertyValueSpecification\",\"valueRequired\":true,\"valueName\":\"search_term_string\"}}],\"inLanguage\":\"fr-FR\"},{\"@type\":\"Organization\",\"@id\":\"https:\\\/\\\/www.retaildetail.be\\\/nl\\\/#organization\",\"name\":\"RetailDetail BE\",\"url\":\"https:\\\/\\\/www.retaildetail.be\\\/nl\\\/\",\"logo\":{\"@type\":\"ImageObject\",\"inLanguage\":\"fr-FR\",\"@id\":\"https:\\\/\\\/www.retaildetail.be\\\/nl\\\/#\\\/schema\\\/logo\\\/image\\\/\",\"url\":\"https:\\\/\\\/www.retaildetail.be\\\/wp-content\\\/uploads\\\/2022\\\/04\\\/logo.svg\",\"contentUrl\":\"https:\\\/\\\/www.retaildetail.be\\\/wp-content\\\/uploads\\\/2022\\\/04\\\/logo.svg\",\"width\":131,\"height\":70,\"caption\":\"RetailDetail BE\"},\"image\":{\"@id\":\"https:\\\/\\\/www.retaildetail.be\\\/nl\\\/#\\\/schema\\\/logo\\\/image\\\/\"}},{\"@type\":\"Person\",\"@id\":\"https:\\\/\\\/www.retaildetail.be\\\/nl\\\/#\\\/schema\\\/person\\\/ba2d383452a753a3a1ce8cdb349b5fc9\",\"name\":\"dev@grandiz.com\",\"image\":{\"@type\":\"ImageObject\",\"inLanguage\":\"fr-FR\",\"@id\":\"https:\\\/\\\/secure.gravatar.com\\\/avatar\\\/5f53ce9fb6eed4a60e5aaaa712be8773880fa9459d9cac9bc4aa4fdbce3f447f?s=96&d=mm&r=g\",\"url\":\"https:\\\/\\\/secure.gravatar.com\\\/avatar\\\/5f53ce9fb6eed4a60e5aaaa712be8773880fa9459d9cac9bc4aa4fdbce3f447f?s=96&d=mm&r=g\",\"contentUrl\":\"https:\\\/\\\/secure.gravatar.com\\\/avatar\\\/5f53ce9fb6eed4a60e5aaaa712be8773880fa9459d9cac9bc4aa4fdbce3f447f?s=96&d=mm&r=g\",\"caption\":\"dev@grandiz.com\"},\"sameAs\":[\"http:\\\/\\\/preprod.retaildetail.be\"],\"url\":\"https:\\\/\\\/www.retaildetail.be\\\/fr\\\/author\\\/devgrandiz-com\\\/\"}]}<\/script>\n<!-- \/ Yoast SEO plugin. -->","yoast_head_json":{"title":"Milcobel d\u00e9signe Eddy de M\u00fbelenaere comme nouveau CEO - RetailDetail BE","robots":{"index":"index","follow":"follow","max-snippet":"max-snippet:-1","max-image-preview":"max-image-preview:large","max-video-preview":"max-video-preview:-1"},"canonical":"https:\/\/www.retaildetail.be\/fr\/news\/food\/milcobel-designe-eddy-de-muelenaere-comme-nouveau-ceo\/","og_locale":"fr_FR","og_type":"article","og_title":"Milcobel d\u00e9signe Eddy de M\u00fbelenaere comme nouveau CEO - RetailDetail BE","og_description":"Ex-Vandemoortele \u00ab Cette succession s\u2019est faite en concertation mutuelle et en bonne entente, car Patric Buggenhout\u00a0 initiera le nouveau CEO \u00bb, souligne Guido Veys, pr\u00e9sident du conseil d\u2019administration : \u00ab Eddy de M\u00fbelenaere remplacera Buggenhout \u00e0 partir du 18 mars. Buggenhout continuera \u00e0 repr\u00e9senter l\u2019entreprise en externe jusqu\u2019au 14 juin. \u00bb Eddy de M\u00fbelenaere n\u2019est [&hellip;]","og_url":"https:\/\/www.retaildetail.be\/fr\/news\/food\/milcobel-designe-eddy-de-muelenaere-comme-nouveau-ceo\/","og_site_name":"RetailDetail BE","article_published_time":"2013-01-22T11:44:59+00:00","og_image":[{"width":281,"height":147,"url":"https:\/\/i0.wp.com\/www.retaildetail.be\/wp-content\/uploads\/2022\/04\/logo.png?fit=281%2C147&quality=100&strip=all&ssl=1","type":"image\/png"}],"author":"dev@grandiz.com","twitter_card":"summary_large_image","twitter_misc":{"\u00c9crit par":"dev@grandiz.com","Dur\u00e9e de lecture estim\u00e9e":"2 minutes"},"schema":{"@context":"https:\/\/schema.org","@graph":[{"@type":"NewsArticle","@id":"https:\/\/www.retaildetail.be\/fr\/news\/food\/milcobel-designe-eddy-de-muelenaere-comme-nouveau-ceo\/#article","isPartOf":{"@id":"https:\/\/www.retaildetail.be\/fr\/news\/food\/milcobel-designe-eddy-de-muelenaere-comme-nouveau-ceo\/"},"author":{"name":"dev@grandiz.com","@id":"https:\/\/www.retaildetail.be\/nl\/#\/schema\/person\/ba2d383452a753a3a1ce8cdb349b5fc9"},"headline":"Milcobel d\u00e9signe Eddy de M\u00fbelenaere comme nouveau CEO","datePublished":"2013-01-22T11:44:59+00:00","mainEntityOfPage":{"@id":"https:\/\/www.retaildetail.be\/fr\/news\/food\/milcobel-designe-eddy-de-muelenaere-comme-nouveau-ceo\/"},"wordCount":339,"publisher":{"@id":"https:\/\/www.retaildetail.be\/nl\/#organization"},"image":{"@id":"https:\/\/www.retaildetail.be\/fr\/news\/food\/milcobel-designe-eddy-de-muelenaere-comme-nouveau-ceo\/#primaryimage"},"thumbnailUrl":"https:\/\/www.retaildetail.be\/wp-content\/uploads\/2022\/04\/logo.png","articleSection":["Food"],"inLanguage":"fr-FR","copyrightYear":"2013","copyrightHolder":{"@id":"https:\/\/www.retaildetail.be\/#organization"}},{"@type":"WebPage","@id":"https:\/\/www.retaildetail.be\/fr\/news\/food\/milcobel-designe-eddy-de-muelenaere-comme-nouveau-ceo\/","url":"https:\/\/www.retaildetail.be\/fr\/news\/food\/milcobel-designe-eddy-de-muelenaere-comme-nouveau-ceo\/","name":"Milcobel d\u00e9signe Eddy de M\u00fbelenaere comme nouveau CEO - RetailDetail BE","isPartOf":{"@id":"https:\/\/www.retaildetail.be\/nl\/#website"},"primaryImageOfPage":{"@id":"https:\/\/www.retaildetail.be\/fr\/news\/food\/milcobel-designe-eddy-de-muelenaere-comme-nouveau-ceo\/#primaryimage"},"image":{"@id":"https:\/\/www.retaildetail.be\/fr\/news\/food\/milcobel-designe-eddy-de-muelenaere-comme-nouveau-ceo\/#primaryimage"},"thumbnailUrl":"https:\/\/www.retaildetail.be\/wp-content\/uploads\/2022\/04\/logo.png","datePublished":"2013-01-22T11:44:59+00:00","breadcrumb":{"@id":"https:\/\/www.retaildetail.be\/fr\/news\/food\/milcobel-designe-eddy-de-muelenaere-comme-nouveau-ceo\/#breadcrumb"},"inLanguage":"fr-FR","potentialAction":[{"@type":"ReadAction","target":["https:\/\/www.retaildetail.be\/fr\/news\/food\/milcobel-designe-eddy-de-muelenaere-comme-nouveau-ceo\/"]}]},{"@type":"ImageObject","inLanguage":"fr-FR","@id":"https:\/\/www.retaildetail.be\/fr\/news\/food\/milcobel-designe-eddy-de-muelenaere-comme-nouveau-ceo\/#primaryimage","url":"https:\/\/www.retaildetail.be\/wp-content\/uploads\/2022\/04\/logo.png","contentUrl":"https:\/\/www.retaildetail.be\/wp-content\/uploads\/2022\/04\/logo.png","width":281,"height":147},{"@type":"BreadcrumbList","@id":"https:\/\/www.retaildetail.be\/fr\/news\/food\/milcobel-designe-eddy-de-muelenaere-comme-nouveau-ceo\/#breadcrumb","itemListElement":[{"@type":"ListItem","position":1,"name":"Home","item":"https:\/\/www.retaildetail.be\/fr\/"},{"@type":"ListItem","position":2,"name":"Milcobel d\u00e9signe Eddy de M\u00fbelenaere comme nouveau CEO"}]},{"@type":"WebSite","@id":"https:\/\/www.retaildetail.be\/nl\/#website","url":"https:\/\/www.retaildetail.be\/nl\/","name":"RetailDetail BE","description":"News","publisher":{"@id":"https:\/\/www.retaildetail.be\/nl\/#organization"},"potentialAction":[{"@type":"SearchAction","target":{"@type":"EntryPoint","urlTemplate":"https:\/\/www.retaildetail.be\/nl\/?s={search_term_string}"},"query-input":{"@type":"PropertyValueSpecification","valueRequired":true,"valueName":"search_term_string"}}],"inLanguage":"fr-FR"},{"@type":"Organization","@id":"https:\/\/www.retaildetail.be\/nl\/#organization","name":"RetailDetail BE","url":"https:\/\/www.retaildetail.be\/nl\/","logo":{"@type":"ImageObject","inLanguage":"fr-FR","@id":"https:\/\/www.retaildetail.be\/nl\/#\/schema\/logo\/image\/","url":"https:\/\/www.retaildetail.be\/wp-content\/uploads\/2022\/04\/logo.svg","contentUrl":"https:\/\/www.retaildetail.be\/wp-content\/uploads\/2022\/04\/logo.svg","width":131,"height":70,"caption":"RetailDetail BE"},"image":{"@id":"https:\/\/www.retaildetail.be\/nl\/#\/schema\/logo\/image\/"}},{"@type":"Person","@id":"https:\/\/www.retaildetail.be\/nl\/#\/schema\/person\/ba2d383452a753a3a1ce8cdb349b5fc9","name":"dev@grandiz.com","image":{"@type":"ImageObject","inLanguage":"fr-FR","@id":"https:\/\/secure.gravatar.com\/avatar\/5f53ce9fb6eed4a60e5aaaa712be8773880fa9459d9cac9bc4aa4fdbce3f447f?s=96&d=mm&r=g","url":"https:\/\/secure.gravatar.com\/avatar\/5f53ce9fb6eed4a60e5aaaa712be8773880fa9459d9cac9bc4aa4fdbce3f447f?s=96&d=mm&r=g","contentUrl":"https:\/\/secure.gravatar.com\/avatar\/5f53ce9fb6eed4a60e5aaaa712be8773880fa9459d9cac9bc4aa4fdbce3f447f?s=96&d=mm&r=g","caption":"dev@grandiz.com"},"sameAs":["http:\/\/preprod.retaildetail.be"],"url":"https:\/\/www.retaildetail.be\/fr\/author\/devgrandiz-com\/"}]}},"jetpack_featured_media_url":"https:\/\/www.retaildetail.be\/wp-content\/uploads\/2022\/04\/logo.png","jetpack_sharing_enabled":true,"_links":{"self":[{"href":"https:\/\/www.retaildetail.be\/fr\/wp-json\/wp\/v2\/posts\/2595","targetHints":{"allow":["GET"]}}],"collection":[{"href":"https:\/\/www.retaildetail.be\/fr\/wp-json\/wp\/v2\/posts"}],"about":[{"href":"https:\/\/www.retaildetail.be\/fr\/wp-json\/wp\/v2\/types\/post"}],"author":[{"embeddable":true,"href":"https:\/\/www.retaildetail.be\/fr\/wp-json\/wp\/v2\/users\/1"}],"replies":[{"embeddable":true,"href":"https:\/\/www.retaildetail.be\/fr\/wp-json\/wp\/v2\/comments?post=2595"}],"version-history":[{"count":0,"href":"https:\/\/www.retaildetail.be\/fr\/wp-json\/wp\/v2\/posts\/2595\/revisions"}],"wp:featuredmedia":[{"embeddable":true,"href":"https:\/\/www.retaildetail.be\/fr\/wp-json\/wp\/v2\/media\/84"}],"wp:attachment":[{"href":"https:\/\/www.retaildetail.be\/fr\/wp-json\/wp\/v2\/media?parent=2595"}],"wp:term":[{"taxonomy":"category","embeddable":true,"href":"https:\/\/www.retaildetail.be\/fr\/wp-json\/wp\/v2\/categories?post=2595"},{"taxonomy":"post_tag","embeddable":true,"href":"https:\/\/www.retaildetail.be\/fr\/wp-json\/wp\/v2\/tags?post=2595"},{"taxonomy":"people","embeddable":true,"href":"https:\/\/www.retaildetail.be\/fr\/wp-json\/wp\/v2\/people?post=2595"},{"taxonomy":"extra","embeddable":true,"href":"https:\/\/www.retaildetail.be\/fr\/wp-json\/wp\/v2\/extra?post=2595"},{"taxonomy":"company","embeddable":true,"href":"https:\/\/www.retaildetail.be\/fr\/wp-json\/wp\/v2\/company?post=2595"},{"taxonomy":"topic","embeddable":true,"href":"https:\/\/www.retaildetail.be\/fr\/wp-json\/wp\/v2\/topic?post=2595"},{"taxonomy":"region","embeddable":true,"href":"https:\/\/www.retaildetail.be\/fr\/wp-json\/wp\/v2\/region?post=2595"}],"curies":[{"name":"wp","href":"https:\/\/api.w.org\/{rel}","templated":true}]}}