{"id":2608,"date":"2013-01-24T12:46:15","date_gmt":"2013-01-24T12:46:15","guid":{"rendered":"https:\/\/www.retaildetail.be\/food\/vande-lanotte-veut-proteger-les-pralines-belges\/"},"modified":"2013-01-24T12:46:15","modified_gmt":"2013-01-24T12:46:15","slug":"vande-lanotte-veut-proteger-les-pralines-belges","status":"publish","type":"post","link":"https:\/\/www.retaildetail.be\/fr\/news\/food\/vande-lanotte-veut-proteger-les-pralines-belges\/","title":{"rendered":"Vande Lanotte veut prot\u00e9ger les pralines belges"},"content":{"rendered":"<h2>\u00ab Tout comme le champagne \u00bb<\/h2>\n<p>\u00ab Certains fabricants de pralines canadiens et chinois n\u2019ont aucun scrupule \u00e0 mettre notre nom sur leurs bo\u00eetes \u00bb, d\u00e9nonce le secteur des chocolatiers belges. Leurs plaintes semblent \u00e0 pr\u00e9sent avoir \u00e9t\u00e9 entendues par Johan Vande Lanotte (SP.A). Cette semaine le ministre de l\u2019\u00e9conomie visitait la chocolaterie Pralibel en Flandre-Occidentale. L\u2019entreprise fabrique des pralines dans le segment moyen de gamme et exporte 80% de sa production.<\/p>\n<p>\u00ab Certaines entreprises \u00e9trang\u00e8res n\u2019h\u00e9sitent pas \u00e0 fabriquer des variantes bon march\u00e9 de moindre qualit\u00e9, tout en affichant le label Belgian Chocolates \u00bb, affirme Paul Sulmon directeur de Pralibel. \u00ab L\u2019appellation \u2018Belgian Chocolates n\u2019est pas prot\u00e9g\u00e9e, par cons\u00e9quent un Indien par exemple peut tr\u00e8s bien vendre des pralines en faisant croire qu\u2019il s\u2019agit de chocolat belge. La vente de produits de mauvaise qualit\u00e9 sous le m\u00eame label est tr\u00e8s n\u00e9faste pour nos produits belges haut de gamme. Le label \u2018Belgian Chocolates\u2019 devrait \u00eatre prot\u00e9g\u00e9 au m\u00eame titre que le champagne. \u00bb<\/p>\n<h2>\n<br \/>Protection europ\u00e9enne<\/h2>\n<p>Selon Guy Gallat, secr\u00e9taire g\u00e9n\u00e9ral de la f\u00e9d\u00e9ration sectorielle Choprabisco,\u00a0 la contrefa\u00e7on est de plus en plus courante : \u00ab Surtout dans les pays asiatiques, avec la Chine en t\u00eate. Mais au Canada par exemple nous avons \u00e9galement\u00a0 trouv\u00e9 des soi-disant\u00a0 Belgian Chocolates, sans qu\u2019il y ait le moindre lien avec la Belgique. \u00bb<\/p>\n<p>Choprabisco tente de contrecarrer ces abus, malheureusement pas toujours avec succ\u00e8s, \u00ab car nous n\u2019avons pas de moyens de pression. Intenter un proc\u00e8s contre une entreprise si loin en Chine n\u2019est pas chose \u00e9vidente. \u00bb<\/p>\n<p>Le secteur revendique depuis longtemps une mesure europ\u00e9enne : \u00ab A pr\u00e9sent les choses commencent \u00e0 bouger au niveau europ\u00e9en. Avec l\u2019aide\u00a0 de Vande Lanotte, nous pourrions obtenir plus rapidement un nouveau label de qualit\u00e9 europ\u00e9en. \u00bb Le ministre a d\u2019ores et d\u00e9j\u00e0 promis son soutien aux chocolatiers belges,\u00a0 tout en leur demandant de ne pas nourrir de trop hautes esp\u00e9rances, car l\u2019octroi d\u2019une telle protection est assez complexe.<\/p>\n<p>\u00a0<\/p>\n<p>\u00a0<\/p>\n<p><em>Traduction : Marie-No\u00eblle Masure<\/em><\/p>\n","protected":false},"excerpt":{"rendered":"<p>\u00ab Tout comme le champagne \u00bb \u00ab Certains fabricants de pralines canadiens et chinois n\u2019ont aucun scrupule \u00e0 mettre notre nom sur leurs bo\u00eetes \u00bb, d\u00e9nonce le secteur des chocolatiers belges. Leurs plaintes semblent \u00e0 pr\u00e9sent avoir \u00e9t\u00e9 entendues par Johan Vande Lanotte (SP.A). Cette semaine le ministre de l\u2019\u00e9conomie visitait la chocolaterie Pralibel en [&hellip;]<\/p>\n","protected":false},"author":1,"featured_media":84,"comment_status":"closed","ping_status":"closed","sticky":false,"template":"","format":"standard","meta":{"_acf_changed":false,"inline_featured_image":false,"_jetpack_memberships_contains_paid_content":false,"footnotes":""},"categories":[24],"tags":[],"people":[],"extra":[],"company":[],"topic":[],"region":[],"class_list":["post-2608","post","type-post","status-publish","format-standard","has-post-thumbnail","hentry","category-food"],"acf":[],"yoast_head":"<!-- This site is optimized with the Yoast SEO plugin v27.3 - https:\/\/yoast.com\/product\/yoast-seo-wordpress\/ -->\n<title>Vande Lanotte veut prot\u00e9ger les pralines belges - RetailDetail BE<\/title>\n<meta name=\"robots\" content=\"index, follow, max-snippet:-1, max-image-preview:large, max-video-preview:-1\" \/>\n<link rel=\"canonical\" href=\"https:\/\/www.retaildetail.be\/fr\/news\/food\/vande-lanotte-veut-proteger-les-pralines-belges\/\" \/>\n<meta property=\"og:locale\" content=\"fr_FR\" \/>\n<meta property=\"og:type\" content=\"article\" \/>\n<meta property=\"og:title\" content=\"Vande Lanotte veut prot\u00e9ger les pralines belges - RetailDetail BE\" \/>\n<meta property=\"og:description\" content=\"\u00ab Tout comme le champagne \u00bb \u00ab Certains fabricants de pralines canadiens et chinois n\u2019ont aucun scrupule \u00e0 mettre notre nom sur leurs bo\u00eetes \u00bb, d\u00e9nonce le secteur des chocolatiers belges. Leurs plaintes semblent \u00e0 pr\u00e9sent avoir \u00e9t\u00e9 entendues par Johan Vande Lanotte (SP.A). Cette semaine le ministre de l\u2019\u00e9conomie visitait la chocolaterie Pralibel en [&hellip;]\" \/>\n<meta property=\"og:url\" content=\"https:\/\/www.retaildetail.be\/fr\/news\/food\/vande-lanotte-veut-proteger-les-pralines-belges\/\" \/>\n<meta property=\"og:site_name\" content=\"RetailDetail BE\" \/>\n<meta property=\"article:published_time\" content=\"2013-01-24T12:46:15+00:00\" \/>\n<meta property=\"og:image\" content=\"https:\/\/i0.wp.com\/www.retaildetail.be\/wp-content\/uploads\/2022\/04\/logo.png?fit=281%2C147&quality=100&strip=all&ssl=1\" \/>\n\t<meta property=\"og:image:width\" content=\"281\" \/>\n\t<meta property=\"og:image:height\" content=\"147\" \/>\n\t<meta property=\"og:image:type\" content=\"image\/png\" \/>\n<meta name=\"author\" content=\"dev@grandiz.com\" \/>\n<meta name=\"twitter:card\" content=\"summary_large_image\" \/>\n<meta name=\"twitter:label1\" content=\"\u00c9crit par\" \/>\n\t<meta name=\"twitter:data1\" content=\"dev@grandiz.com\" \/>\n\t<meta name=\"twitter:label2\" content=\"Dur\u00e9e de lecture estim\u00e9e\" \/>\n\t<meta name=\"twitter:data2\" content=\"2 minutes\" \/>\n<script type=\"application\/ld+json\" class=\"yoast-schema-graph\">{\"@context\":\"https:\\\/\\\/schema.org\",\"@graph\":[{\"@type\":\"NewsArticle\",\"@id\":\"https:\\\/\\\/www.retaildetail.be\\\/fr\\\/news\\\/food\\\/vande-lanotte-veut-proteger-les-pralines-belges\\\/#article\",\"isPartOf\":{\"@id\":\"https:\\\/\\\/www.retaildetail.be\\\/fr\\\/news\\\/food\\\/vande-lanotte-veut-proteger-les-pralines-belges\\\/\"},\"author\":{\"name\":\"dev@grandiz.com\",\"@id\":\"https:\\\/\\\/www.retaildetail.be\\\/nl\\\/#\\\/schema\\\/person\\\/ba2d383452a753a3a1ce8cdb349b5fc9\"},\"headline\":\"Vande Lanotte veut prot\u00e9ger les pralines belges\",\"datePublished\":\"2013-01-24T12:46:15+00:00\",\"mainEntityOfPage\":{\"@id\":\"https:\\\/\\\/www.retaildetail.be\\\/fr\\\/news\\\/food\\\/vande-lanotte-veut-proteger-les-pralines-belges\\\/\"},\"wordCount\":360,\"publisher\":{\"@id\":\"https:\\\/\\\/www.retaildetail.be\\\/nl\\\/#organization\"},\"image\":{\"@id\":\"https:\\\/\\\/www.retaildetail.be\\\/fr\\\/news\\\/food\\\/vande-lanotte-veut-proteger-les-pralines-belges\\\/#primaryimage\"},\"thumbnailUrl\":\"https:\\\/\\\/www.retaildetail.be\\\/wp-content\\\/uploads\\\/2022\\\/04\\\/logo.png\",\"articleSection\":[\"Food\"],\"inLanguage\":\"fr-FR\",\"copyrightYear\":\"2013\",\"copyrightHolder\":{\"@id\":\"https:\\\/\\\/www.retaildetail.be\\\/#organization\"}},{\"@type\":\"WebPage\",\"@id\":\"https:\\\/\\\/www.retaildetail.be\\\/fr\\\/news\\\/food\\\/vande-lanotte-veut-proteger-les-pralines-belges\\\/\",\"url\":\"https:\\\/\\\/www.retaildetail.be\\\/fr\\\/news\\\/food\\\/vande-lanotte-veut-proteger-les-pralines-belges\\\/\",\"name\":\"Vande Lanotte veut prot\u00e9ger les pralines belges - RetailDetail BE\",\"isPartOf\":{\"@id\":\"https:\\\/\\\/www.retaildetail.be\\\/nl\\\/#website\"},\"primaryImageOfPage\":{\"@id\":\"https:\\\/\\\/www.retaildetail.be\\\/fr\\\/news\\\/food\\\/vande-lanotte-veut-proteger-les-pralines-belges\\\/#primaryimage\"},\"image\":{\"@id\":\"https:\\\/\\\/www.retaildetail.be\\\/fr\\\/news\\\/food\\\/vande-lanotte-veut-proteger-les-pralines-belges\\\/#primaryimage\"},\"thumbnailUrl\":\"https:\\\/\\\/www.retaildetail.be\\\/wp-content\\\/uploads\\\/2022\\\/04\\\/logo.png\",\"datePublished\":\"2013-01-24T12:46:15+00:00\",\"breadcrumb\":{\"@id\":\"https:\\\/\\\/www.retaildetail.be\\\/fr\\\/news\\\/food\\\/vande-lanotte-veut-proteger-les-pralines-belges\\\/#breadcrumb\"},\"inLanguage\":\"fr-FR\",\"potentialAction\":[{\"@type\":\"ReadAction\",\"target\":[\"https:\\\/\\\/www.retaildetail.be\\\/fr\\\/news\\\/food\\\/vande-lanotte-veut-proteger-les-pralines-belges\\\/\"]}]},{\"@type\":\"ImageObject\",\"inLanguage\":\"fr-FR\",\"@id\":\"https:\\\/\\\/www.retaildetail.be\\\/fr\\\/news\\\/food\\\/vande-lanotte-veut-proteger-les-pralines-belges\\\/#primaryimage\",\"url\":\"https:\\\/\\\/www.retaildetail.be\\\/wp-content\\\/uploads\\\/2022\\\/04\\\/logo.png\",\"contentUrl\":\"https:\\\/\\\/www.retaildetail.be\\\/wp-content\\\/uploads\\\/2022\\\/04\\\/logo.png\",\"width\":281,\"height\":147},{\"@type\":\"BreadcrumbList\",\"@id\":\"https:\\\/\\\/www.retaildetail.be\\\/fr\\\/news\\\/food\\\/vande-lanotte-veut-proteger-les-pralines-belges\\\/#breadcrumb\",\"itemListElement\":[{\"@type\":\"ListItem\",\"position\":1,\"name\":\"Home\",\"item\":\"https:\\\/\\\/www.retaildetail.be\\\/fr\\\/\"},{\"@type\":\"ListItem\",\"position\":2,\"name\":\"Vande Lanotte veut prot\u00e9ger les pralines belges\"}]},{\"@type\":\"WebSite\",\"@id\":\"https:\\\/\\\/www.retaildetail.be\\\/nl\\\/#website\",\"url\":\"https:\\\/\\\/www.retaildetail.be\\\/nl\\\/\",\"name\":\"RetailDetail BE\",\"description\":\"News\",\"publisher\":{\"@id\":\"https:\\\/\\\/www.retaildetail.be\\\/nl\\\/#organization\"},\"potentialAction\":[{\"@type\":\"SearchAction\",\"target\":{\"@type\":\"EntryPoint\",\"urlTemplate\":\"https:\\\/\\\/www.retaildetail.be\\\/nl\\\/?s={search_term_string}\"},\"query-input\":{\"@type\":\"PropertyValueSpecification\",\"valueRequired\":true,\"valueName\":\"search_term_string\"}}],\"inLanguage\":\"fr-FR\"},{\"@type\":\"Organization\",\"@id\":\"https:\\\/\\\/www.retaildetail.be\\\/nl\\\/#organization\",\"name\":\"RetailDetail BE\",\"url\":\"https:\\\/\\\/www.retaildetail.be\\\/nl\\\/\",\"logo\":{\"@type\":\"ImageObject\",\"inLanguage\":\"fr-FR\",\"@id\":\"https:\\\/\\\/www.retaildetail.be\\\/nl\\\/#\\\/schema\\\/logo\\\/image\\\/\",\"url\":\"https:\\\/\\\/www.retaildetail.be\\\/wp-content\\\/uploads\\\/2022\\\/04\\\/logo.svg\",\"contentUrl\":\"https:\\\/\\\/www.retaildetail.be\\\/wp-content\\\/uploads\\\/2022\\\/04\\\/logo.svg\",\"width\":131,\"height\":70,\"caption\":\"RetailDetail BE\"},\"image\":{\"@id\":\"https:\\\/\\\/www.retaildetail.be\\\/nl\\\/#\\\/schema\\\/logo\\\/image\\\/\"}},{\"@type\":\"Person\",\"@id\":\"https:\\\/\\\/www.retaildetail.be\\\/nl\\\/#\\\/schema\\\/person\\\/ba2d383452a753a3a1ce8cdb349b5fc9\",\"name\":\"dev@grandiz.com\",\"image\":{\"@type\":\"ImageObject\",\"inLanguage\":\"fr-FR\",\"@id\":\"https:\\\/\\\/secure.gravatar.com\\\/avatar\\\/5f53ce9fb6eed4a60e5aaaa712be8773880fa9459d9cac9bc4aa4fdbce3f447f?s=96&d=mm&r=g\",\"url\":\"https:\\\/\\\/secure.gravatar.com\\\/avatar\\\/5f53ce9fb6eed4a60e5aaaa712be8773880fa9459d9cac9bc4aa4fdbce3f447f?s=96&d=mm&r=g\",\"contentUrl\":\"https:\\\/\\\/secure.gravatar.com\\\/avatar\\\/5f53ce9fb6eed4a60e5aaaa712be8773880fa9459d9cac9bc4aa4fdbce3f447f?s=96&d=mm&r=g\",\"caption\":\"dev@grandiz.com\"},\"sameAs\":[\"http:\\\/\\\/preprod.retaildetail.be\"],\"url\":\"https:\\\/\\\/www.retaildetail.be\\\/fr\\\/author\\\/devgrandiz-com\\\/\"}]}<\/script>\n<!-- \/ Yoast SEO plugin. -->","yoast_head_json":{"title":"Vande Lanotte veut prot\u00e9ger les pralines belges - RetailDetail BE","robots":{"index":"index","follow":"follow","max-snippet":"max-snippet:-1","max-image-preview":"max-image-preview:large","max-video-preview":"max-video-preview:-1"},"canonical":"https:\/\/www.retaildetail.be\/fr\/news\/food\/vande-lanotte-veut-proteger-les-pralines-belges\/","og_locale":"fr_FR","og_type":"article","og_title":"Vande Lanotte veut prot\u00e9ger les pralines belges - RetailDetail BE","og_description":"\u00ab Tout comme le champagne \u00bb \u00ab Certains fabricants de pralines canadiens et chinois n\u2019ont aucun scrupule \u00e0 mettre notre nom sur leurs bo\u00eetes \u00bb, d\u00e9nonce le secteur des chocolatiers belges. Leurs plaintes semblent \u00e0 pr\u00e9sent avoir \u00e9t\u00e9 entendues par Johan Vande Lanotte (SP.A). Cette semaine le ministre de l\u2019\u00e9conomie visitait la chocolaterie Pralibel en [&hellip;]","og_url":"https:\/\/www.retaildetail.be\/fr\/news\/food\/vande-lanotte-veut-proteger-les-pralines-belges\/","og_site_name":"RetailDetail BE","article_published_time":"2013-01-24T12:46:15+00:00","og_image":[{"width":281,"height":147,"url":"https:\/\/i0.wp.com\/www.retaildetail.be\/wp-content\/uploads\/2022\/04\/logo.png?fit=281%2C147&quality=100&strip=all&ssl=1","type":"image\/png"}],"author":"dev@grandiz.com","twitter_card":"summary_large_image","twitter_misc":{"\u00c9crit par":"dev@grandiz.com","Dur\u00e9e de lecture estim\u00e9e":"2 minutes"},"schema":{"@context":"https:\/\/schema.org","@graph":[{"@type":"NewsArticle","@id":"https:\/\/www.retaildetail.be\/fr\/news\/food\/vande-lanotte-veut-proteger-les-pralines-belges\/#article","isPartOf":{"@id":"https:\/\/www.retaildetail.be\/fr\/news\/food\/vande-lanotte-veut-proteger-les-pralines-belges\/"},"author":{"name":"dev@grandiz.com","@id":"https:\/\/www.retaildetail.be\/nl\/#\/schema\/person\/ba2d383452a753a3a1ce8cdb349b5fc9"},"headline":"Vande Lanotte veut prot\u00e9ger les pralines belges","datePublished":"2013-01-24T12:46:15+00:00","mainEntityOfPage":{"@id":"https:\/\/www.retaildetail.be\/fr\/news\/food\/vande-lanotte-veut-proteger-les-pralines-belges\/"},"wordCount":360,"publisher":{"@id":"https:\/\/www.retaildetail.be\/nl\/#organization"},"image":{"@id":"https:\/\/www.retaildetail.be\/fr\/news\/food\/vande-lanotte-veut-proteger-les-pralines-belges\/#primaryimage"},"thumbnailUrl":"https:\/\/www.retaildetail.be\/wp-content\/uploads\/2022\/04\/logo.png","articleSection":["Food"],"inLanguage":"fr-FR","copyrightYear":"2013","copyrightHolder":{"@id":"https:\/\/www.retaildetail.be\/#organization"}},{"@type":"WebPage","@id":"https:\/\/www.retaildetail.be\/fr\/news\/food\/vande-lanotte-veut-proteger-les-pralines-belges\/","url":"https:\/\/www.retaildetail.be\/fr\/news\/food\/vande-lanotte-veut-proteger-les-pralines-belges\/","name":"Vande Lanotte veut prot\u00e9ger les pralines belges - RetailDetail BE","isPartOf":{"@id":"https:\/\/www.retaildetail.be\/nl\/#website"},"primaryImageOfPage":{"@id":"https:\/\/www.retaildetail.be\/fr\/news\/food\/vande-lanotte-veut-proteger-les-pralines-belges\/#primaryimage"},"image":{"@id":"https:\/\/www.retaildetail.be\/fr\/news\/food\/vande-lanotte-veut-proteger-les-pralines-belges\/#primaryimage"},"thumbnailUrl":"https:\/\/www.retaildetail.be\/wp-content\/uploads\/2022\/04\/logo.png","datePublished":"2013-01-24T12:46:15+00:00","breadcrumb":{"@id":"https:\/\/www.retaildetail.be\/fr\/news\/food\/vande-lanotte-veut-proteger-les-pralines-belges\/#breadcrumb"},"inLanguage":"fr-FR","potentialAction":[{"@type":"ReadAction","target":["https:\/\/www.retaildetail.be\/fr\/news\/food\/vande-lanotte-veut-proteger-les-pralines-belges\/"]}]},{"@type":"ImageObject","inLanguage":"fr-FR","@id":"https:\/\/www.retaildetail.be\/fr\/news\/food\/vande-lanotte-veut-proteger-les-pralines-belges\/#primaryimage","url":"https:\/\/www.retaildetail.be\/wp-content\/uploads\/2022\/04\/logo.png","contentUrl":"https:\/\/www.retaildetail.be\/wp-content\/uploads\/2022\/04\/logo.png","width":281,"height":147},{"@type":"BreadcrumbList","@id":"https:\/\/www.retaildetail.be\/fr\/news\/food\/vande-lanotte-veut-proteger-les-pralines-belges\/#breadcrumb","itemListElement":[{"@type":"ListItem","position":1,"name":"Home","item":"https:\/\/www.retaildetail.be\/fr\/"},{"@type":"ListItem","position":2,"name":"Vande Lanotte veut prot\u00e9ger les pralines belges"}]},{"@type":"WebSite","@id":"https:\/\/www.retaildetail.be\/nl\/#website","url":"https:\/\/www.retaildetail.be\/nl\/","name":"RetailDetail BE","description":"News","publisher":{"@id":"https:\/\/www.retaildetail.be\/nl\/#organization"},"potentialAction":[{"@type":"SearchAction","target":{"@type":"EntryPoint","urlTemplate":"https:\/\/www.retaildetail.be\/nl\/?s={search_term_string}"},"query-input":{"@type":"PropertyValueSpecification","valueRequired":true,"valueName":"search_term_string"}}],"inLanguage":"fr-FR"},{"@type":"Organization","@id":"https:\/\/www.retaildetail.be\/nl\/#organization","name":"RetailDetail BE","url":"https:\/\/www.retaildetail.be\/nl\/","logo":{"@type":"ImageObject","inLanguage":"fr-FR","@id":"https:\/\/www.retaildetail.be\/nl\/#\/schema\/logo\/image\/","url":"https:\/\/www.retaildetail.be\/wp-content\/uploads\/2022\/04\/logo.svg","contentUrl":"https:\/\/www.retaildetail.be\/wp-content\/uploads\/2022\/04\/logo.svg","width":131,"height":70,"caption":"RetailDetail BE"},"image":{"@id":"https:\/\/www.retaildetail.be\/nl\/#\/schema\/logo\/image\/"}},{"@type":"Person","@id":"https:\/\/www.retaildetail.be\/nl\/#\/schema\/person\/ba2d383452a753a3a1ce8cdb349b5fc9","name":"dev@grandiz.com","image":{"@type":"ImageObject","inLanguage":"fr-FR","@id":"https:\/\/secure.gravatar.com\/avatar\/5f53ce9fb6eed4a60e5aaaa712be8773880fa9459d9cac9bc4aa4fdbce3f447f?s=96&d=mm&r=g","url":"https:\/\/secure.gravatar.com\/avatar\/5f53ce9fb6eed4a60e5aaaa712be8773880fa9459d9cac9bc4aa4fdbce3f447f?s=96&d=mm&r=g","contentUrl":"https:\/\/secure.gravatar.com\/avatar\/5f53ce9fb6eed4a60e5aaaa712be8773880fa9459d9cac9bc4aa4fdbce3f447f?s=96&d=mm&r=g","caption":"dev@grandiz.com"},"sameAs":["http:\/\/preprod.retaildetail.be"],"url":"https:\/\/www.retaildetail.be\/fr\/author\/devgrandiz-com\/"}]}},"jetpack_featured_media_url":"https:\/\/www.retaildetail.be\/wp-content\/uploads\/2022\/04\/logo.png","jetpack_sharing_enabled":true,"_links":{"self":[{"href":"https:\/\/www.retaildetail.be\/fr\/wp-json\/wp\/v2\/posts\/2608","targetHints":{"allow":["GET"]}}],"collection":[{"href":"https:\/\/www.retaildetail.be\/fr\/wp-json\/wp\/v2\/posts"}],"about":[{"href":"https:\/\/www.retaildetail.be\/fr\/wp-json\/wp\/v2\/types\/post"}],"author":[{"embeddable":true,"href":"https:\/\/www.retaildetail.be\/fr\/wp-json\/wp\/v2\/users\/1"}],"replies":[{"embeddable":true,"href":"https:\/\/www.retaildetail.be\/fr\/wp-json\/wp\/v2\/comments?post=2608"}],"version-history":[{"count":0,"href":"https:\/\/www.retaildetail.be\/fr\/wp-json\/wp\/v2\/posts\/2608\/revisions"}],"wp:featuredmedia":[{"embeddable":true,"href":"https:\/\/www.retaildetail.be\/fr\/wp-json\/wp\/v2\/media\/84"}],"wp:attachment":[{"href":"https:\/\/www.retaildetail.be\/fr\/wp-json\/wp\/v2\/media?parent=2608"}],"wp:term":[{"taxonomy":"category","embeddable":true,"href":"https:\/\/www.retaildetail.be\/fr\/wp-json\/wp\/v2\/categories?post=2608"},{"taxonomy":"post_tag","embeddable":true,"href":"https:\/\/www.retaildetail.be\/fr\/wp-json\/wp\/v2\/tags?post=2608"},{"taxonomy":"people","embeddable":true,"href":"https:\/\/www.retaildetail.be\/fr\/wp-json\/wp\/v2\/people?post=2608"},{"taxonomy":"extra","embeddable":true,"href":"https:\/\/www.retaildetail.be\/fr\/wp-json\/wp\/v2\/extra?post=2608"},{"taxonomy":"company","embeddable":true,"href":"https:\/\/www.retaildetail.be\/fr\/wp-json\/wp\/v2\/company?post=2608"},{"taxonomy":"topic","embeddable":true,"href":"https:\/\/www.retaildetail.be\/fr\/wp-json\/wp\/v2\/topic?post=2608"},{"taxonomy":"region","embeddable":true,"href":"https:\/\/www.retaildetail.be\/fr\/wp-json\/wp\/v2\/region?post=2608"}],"curies":[{"name":"wp","href":"https:\/\/api.w.org\/{rel}","templated":true}]}}