{"id":2611,"date":"2013-01-24T14:40:22","date_gmt":"2013-01-24T14:40:22","guid":{"rendered":"https:\/\/www.retaildetail.be\/food\/le-consommateur-demande-un-etiquetage-honnete-et-clair-sur-les-aliments\/"},"modified":"2013-01-24T14:40:22","modified_gmt":"2013-01-24T14:40:22","slug":"le-consommateur-demande-un-etiquetage-honnete-et-clair-sur-les-aliments","status":"publish","type":"post","link":"https:\/\/www.retaildetail.be\/fr\/news\/food\/le-consommateur-demande-un-etiquetage-honnete-et-clair-sur-les-aliments\/","title":{"rendered":"Le consommateur demande &#039;un \u00e9tiquetage honn\u00eate et clair sur les aliments&#039;"},"content":{"rendered":"<h2>L\u2019importance de l\u2019origine du produit<\/h2>\n<p>Une enqu\u00eate internet men\u00e9e aupr\u00e8s de 600 r\u00e9pondants r\u00e9v\u00e8le que de plus en plus de consommateurs souhaitent savoir d\u2019o\u00f9 provient la nourriture. Apr\u00e8s la date de p\u00e9remption et le prix, l\u2019origine des produits alimentaires semble \u00eatre l\u2019un des principaux crit\u00e8res d\u2019achat.<\/p>\n<p>A la question pourquoi l\u2019origine des aliments devrait se trouver sur l\u2019\u00e9tiquette, pr\u00e8s de la moiti\u00e9 des r\u00e9pondants indiquent qu\u2019ils veulent savoir si les produits proviennent de Belgique (48 %) et qu\u2019ils veulent \u00e9valuer l\u2019empreinte \u00e9cologique (45 %). A noter que quatre r\u00e9pondants sur dix souhaitent conna\u00eetre la provenance pour \u00e9viter les produits venant de certains pays pour des raisons \u00e9thiques.<\/p>\n<p>Outre l\u2019origine, les consommateurs souhaitent \u00e9galement conna\u00eetre la valeur nutritionnelle du produit. Une r\u00e8glementation en la mati\u00e8re est en pr\u00e9paration, mais n\u2019entrera en vigueur que fin 2016 : \u00ab Il s\u2019agit d\u2019une p\u00e9riode de transition tr\u00e8s longue pour les fabricants afin de faire les ajustements. En plus de cette r\u00e8glementation, un syst\u00e8me d\u2019\u00e9tiquetage universel est n\u00e9cessaire, affich\u00e9 \u00e0 l\u2019avant de l\u2019emballage, avec la d\u00e9nomination des \u00e9l\u00e9ments nutritifs, leur taux en grammes et le pourcentage des apports nutritionnels journaliers\u00a0 (GDA), tout ceci avec des codes couleurs significatifs \u00bb, commente Test-Achats.<\/p>\n<h2>\n<br \/>Un long chemin \u00e0 parcourir<\/h2>\n<p>Il\u00a0 reste un long chemin \u00e0 parcourir en vue d\u2019un <a target=\"_blank\" href=\"http:\/\/www.test-achats.be\/nt\/nc\/communique-de-presse\/etiquette-alimentaire-honnete-et-claire-le-consommateur-a-un-droit-a-linformation\" rel=\"noopener\">\u00e9tiquetage honn\u00eate et claire,<\/a> estime l\u2019organisation des consommateurs. \u00ab Plus claire, plus concr\u00e8te et plus sp\u00e9cifique est l\u2019information, au mieux c\u2019est pour le consommateur\u00bb, affirme Jean-Philippe Ducat de Test-Achats.<\/p>\n<p>Ainsi Test-Achats d\u00e9plore que les fabricants induisent les consommateurs en erreur avec leurs emballages : par exemple des pots de yaourt avec des\u00a0 images de fruits frais abondants, alors qu\u2019ils n\u2019en contiennent qu\u2019un faible pourcentage ou tout au plus des ar\u00f4mes.<\/p>\n<p>\u00a0<\/p>\n<p>\u00a0<\/p>\n<p><em>Traduction : Marie-No\u00eblle Masure<\/em><\/p>\n","protected":false},"excerpt":{"rendered":"<p>L\u2019importance de l\u2019origine du produit Une enqu\u00eate internet men\u00e9e aupr\u00e8s de 600 r\u00e9pondants r\u00e9v\u00e8le que de plus en plus de consommateurs souhaitent savoir d\u2019o\u00f9 provient la nourriture. Apr\u00e8s la date de p\u00e9remption et le prix, l\u2019origine des produits alimentaires semble \u00eatre l\u2019un des principaux crit\u00e8res d\u2019achat. A la question pourquoi l\u2019origine des aliments devrait se [&hellip;]<\/p>\n","protected":false},"author":1,"featured_media":84,"comment_status":"closed","ping_status":"closed","sticky":false,"template":"","format":"standard","meta":{"_acf_changed":false,"inline_featured_image":false,"_jetpack_memberships_contains_paid_content":false,"footnotes":""},"categories":[24],"tags":[],"people":[],"extra":[],"company":[],"topic":[],"region":[],"class_list":["post-2611","post","type-post","status-publish","format-standard","has-post-thumbnail","hentry","category-food"],"acf":[],"yoast_head":"<!-- This site is optimized with the Yoast SEO plugin v27.3 - https:\/\/yoast.com\/product\/yoast-seo-wordpress\/ -->\n<title>Le consommateur demande &#039;un \u00e9tiquetage honn\u00eate et clair sur les aliments&#039; - RetailDetail BE<\/title>\n<meta name=\"robots\" content=\"index, follow, max-snippet:-1, max-image-preview:large, max-video-preview:-1\" \/>\n<link rel=\"canonical\" href=\"https:\/\/www.retaildetail.be\/fr\/news\/food\/le-consommateur-demande-un-etiquetage-honnete-et-clair-sur-les-aliments\/\" \/>\n<meta property=\"og:locale\" content=\"fr_FR\" \/>\n<meta property=\"og:type\" content=\"article\" \/>\n<meta property=\"og:title\" content=\"Le consommateur demande &#039;un \u00e9tiquetage honn\u00eate et clair sur les aliments&#039; - RetailDetail BE\" \/>\n<meta property=\"og:description\" content=\"L\u2019importance de l\u2019origine du produit Une enqu\u00eate internet men\u00e9e aupr\u00e8s de 600 r\u00e9pondants r\u00e9v\u00e8le que de plus en plus de consommateurs souhaitent savoir d\u2019o\u00f9 provient la nourriture. Apr\u00e8s la date de p\u00e9remption et le prix, l\u2019origine des produits alimentaires semble \u00eatre l\u2019un des principaux crit\u00e8res d\u2019achat. A la question pourquoi l\u2019origine des aliments devrait se [&hellip;]\" \/>\n<meta property=\"og:url\" content=\"https:\/\/www.retaildetail.be\/fr\/news\/food\/le-consommateur-demande-un-etiquetage-honnete-et-clair-sur-les-aliments\/\" \/>\n<meta property=\"og:site_name\" content=\"RetailDetail BE\" \/>\n<meta property=\"article:published_time\" content=\"2013-01-24T14:40:22+00:00\" \/>\n<meta property=\"og:image\" content=\"https:\/\/i0.wp.com\/www.retaildetail.be\/wp-content\/uploads\/2022\/04\/logo.png?fit=281%2C147&quality=100&strip=all&ssl=1\" \/>\n\t<meta property=\"og:image:width\" content=\"281\" \/>\n\t<meta property=\"og:image:height\" content=\"147\" \/>\n\t<meta property=\"og:image:type\" content=\"image\/png\" \/>\n<meta name=\"author\" content=\"dev@grandiz.com\" \/>\n<meta name=\"twitter:card\" content=\"summary_large_image\" \/>\n<meta name=\"twitter:label1\" content=\"\u00c9crit par\" \/>\n\t<meta name=\"twitter:data1\" content=\"dev@grandiz.com\" \/>\n\t<meta name=\"twitter:label2\" content=\"Dur\u00e9e de lecture estim\u00e9e\" \/>\n\t<meta name=\"twitter:data2\" content=\"2 minutes\" \/>\n<script type=\"application\/ld+json\" class=\"yoast-schema-graph\">{\"@context\":\"https:\\\/\\\/schema.org\",\"@graph\":[{\"@type\":\"NewsArticle\",\"@id\":\"https:\\\/\\\/www.retaildetail.be\\\/fr\\\/news\\\/food\\\/le-consommateur-demande-un-etiquetage-honnete-et-clair-sur-les-aliments\\\/#article\",\"isPartOf\":{\"@id\":\"https:\\\/\\\/www.retaildetail.be\\\/fr\\\/news\\\/food\\\/le-consommateur-demande-un-etiquetage-honnete-et-clair-sur-les-aliments\\\/\"},\"author\":{\"name\":\"dev@grandiz.com\",\"@id\":\"https:\\\/\\\/www.retaildetail.be\\\/nl\\\/#\\\/schema\\\/person\\\/ba2d383452a753a3a1ce8cdb349b5fc9\"},\"headline\":\"Le consommateur demande &#039;un \u00e9tiquetage honn\u00eate et clair sur les aliments&#039;\",\"datePublished\":\"2013-01-24T14:40:22+00:00\",\"mainEntityOfPage\":{\"@id\":\"https:\\\/\\\/www.retaildetail.be\\\/fr\\\/news\\\/food\\\/le-consommateur-demande-un-etiquetage-honnete-et-clair-sur-les-aliments\\\/\"},\"wordCount\":337,\"publisher\":{\"@id\":\"https:\\\/\\\/www.retaildetail.be\\\/nl\\\/#organization\"},\"image\":{\"@id\":\"https:\\\/\\\/www.retaildetail.be\\\/fr\\\/news\\\/food\\\/le-consommateur-demande-un-etiquetage-honnete-et-clair-sur-les-aliments\\\/#primaryimage\"},\"thumbnailUrl\":\"https:\\\/\\\/www.retaildetail.be\\\/wp-content\\\/uploads\\\/2022\\\/04\\\/logo.png\",\"articleSection\":[\"Food\"],\"inLanguage\":\"fr-FR\",\"copyrightYear\":\"2013\",\"copyrightHolder\":{\"@id\":\"https:\\\/\\\/www.retaildetail.be\\\/#organization\"}},{\"@type\":\"WebPage\",\"@id\":\"https:\\\/\\\/www.retaildetail.be\\\/fr\\\/news\\\/food\\\/le-consommateur-demande-un-etiquetage-honnete-et-clair-sur-les-aliments\\\/\",\"url\":\"https:\\\/\\\/www.retaildetail.be\\\/fr\\\/news\\\/food\\\/le-consommateur-demande-un-etiquetage-honnete-et-clair-sur-les-aliments\\\/\",\"name\":\"Le consommateur demande &#039;un \u00e9tiquetage honn\u00eate et clair sur les aliments&#039; - RetailDetail BE\",\"isPartOf\":{\"@id\":\"https:\\\/\\\/www.retaildetail.be\\\/nl\\\/#website\"},\"primaryImageOfPage\":{\"@id\":\"https:\\\/\\\/www.retaildetail.be\\\/fr\\\/news\\\/food\\\/le-consommateur-demande-un-etiquetage-honnete-et-clair-sur-les-aliments\\\/#primaryimage\"},\"image\":{\"@id\":\"https:\\\/\\\/www.retaildetail.be\\\/fr\\\/news\\\/food\\\/le-consommateur-demande-un-etiquetage-honnete-et-clair-sur-les-aliments\\\/#primaryimage\"},\"thumbnailUrl\":\"https:\\\/\\\/www.retaildetail.be\\\/wp-content\\\/uploads\\\/2022\\\/04\\\/logo.png\",\"datePublished\":\"2013-01-24T14:40:22+00:00\",\"breadcrumb\":{\"@id\":\"https:\\\/\\\/www.retaildetail.be\\\/fr\\\/news\\\/food\\\/le-consommateur-demande-un-etiquetage-honnete-et-clair-sur-les-aliments\\\/#breadcrumb\"},\"inLanguage\":\"fr-FR\",\"potentialAction\":[{\"@type\":\"ReadAction\",\"target\":[\"https:\\\/\\\/www.retaildetail.be\\\/fr\\\/news\\\/food\\\/le-consommateur-demande-un-etiquetage-honnete-et-clair-sur-les-aliments\\\/\"]}]},{\"@type\":\"ImageObject\",\"inLanguage\":\"fr-FR\",\"@id\":\"https:\\\/\\\/www.retaildetail.be\\\/fr\\\/news\\\/food\\\/le-consommateur-demande-un-etiquetage-honnete-et-clair-sur-les-aliments\\\/#primaryimage\",\"url\":\"https:\\\/\\\/www.retaildetail.be\\\/wp-content\\\/uploads\\\/2022\\\/04\\\/logo.png\",\"contentUrl\":\"https:\\\/\\\/www.retaildetail.be\\\/wp-content\\\/uploads\\\/2022\\\/04\\\/logo.png\",\"width\":281,\"height\":147},{\"@type\":\"BreadcrumbList\",\"@id\":\"https:\\\/\\\/www.retaildetail.be\\\/fr\\\/news\\\/food\\\/le-consommateur-demande-un-etiquetage-honnete-et-clair-sur-les-aliments\\\/#breadcrumb\",\"itemListElement\":[{\"@type\":\"ListItem\",\"position\":1,\"name\":\"Home\",\"item\":\"https:\\\/\\\/www.retaildetail.be\\\/fr\\\/\"},{\"@type\":\"ListItem\",\"position\":2,\"name\":\"Le consommateur demande &#039;un \u00e9tiquetage honn\u00eate et clair sur les aliments&#039;\"}]},{\"@type\":\"WebSite\",\"@id\":\"https:\\\/\\\/www.retaildetail.be\\\/nl\\\/#website\",\"url\":\"https:\\\/\\\/www.retaildetail.be\\\/nl\\\/\",\"name\":\"RetailDetail BE\",\"description\":\"News\",\"publisher\":{\"@id\":\"https:\\\/\\\/www.retaildetail.be\\\/nl\\\/#organization\"},\"potentialAction\":[{\"@type\":\"SearchAction\",\"target\":{\"@type\":\"EntryPoint\",\"urlTemplate\":\"https:\\\/\\\/www.retaildetail.be\\\/nl\\\/?s={search_term_string}\"},\"query-input\":{\"@type\":\"PropertyValueSpecification\",\"valueRequired\":true,\"valueName\":\"search_term_string\"}}],\"inLanguage\":\"fr-FR\"},{\"@type\":\"Organization\",\"@id\":\"https:\\\/\\\/www.retaildetail.be\\\/nl\\\/#organization\",\"name\":\"RetailDetail BE\",\"url\":\"https:\\\/\\\/www.retaildetail.be\\\/nl\\\/\",\"logo\":{\"@type\":\"ImageObject\",\"inLanguage\":\"fr-FR\",\"@id\":\"https:\\\/\\\/www.retaildetail.be\\\/nl\\\/#\\\/schema\\\/logo\\\/image\\\/\",\"url\":\"https:\\\/\\\/www.retaildetail.be\\\/wp-content\\\/uploads\\\/2022\\\/04\\\/logo.svg\",\"contentUrl\":\"https:\\\/\\\/www.retaildetail.be\\\/wp-content\\\/uploads\\\/2022\\\/04\\\/logo.svg\",\"width\":131,\"height\":70,\"caption\":\"RetailDetail BE\"},\"image\":{\"@id\":\"https:\\\/\\\/www.retaildetail.be\\\/nl\\\/#\\\/schema\\\/logo\\\/image\\\/\"}},{\"@type\":\"Person\",\"@id\":\"https:\\\/\\\/www.retaildetail.be\\\/nl\\\/#\\\/schema\\\/person\\\/ba2d383452a753a3a1ce8cdb349b5fc9\",\"name\":\"dev@grandiz.com\",\"image\":{\"@type\":\"ImageObject\",\"inLanguage\":\"fr-FR\",\"@id\":\"https:\\\/\\\/secure.gravatar.com\\\/avatar\\\/5f53ce9fb6eed4a60e5aaaa712be8773880fa9459d9cac9bc4aa4fdbce3f447f?s=96&d=mm&r=g\",\"url\":\"https:\\\/\\\/secure.gravatar.com\\\/avatar\\\/5f53ce9fb6eed4a60e5aaaa712be8773880fa9459d9cac9bc4aa4fdbce3f447f?s=96&d=mm&r=g\",\"contentUrl\":\"https:\\\/\\\/secure.gravatar.com\\\/avatar\\\/5f53ce9fb6eed4a60e5aaaa712be8773880fa9459d9cac9bc4aa4fdbce3f447f?s=96&d=mm&r=g\",\"caption\":\"dev@grandiz.com\"},\"sameAs\":[\"http:\\\/\\\/preprod.retaildetail.be\"],\"url\":\"https:\\\/\\\/www.retaildetail.be\\\/fr\\\/author\\\/devgrandiz-com\\\/\"}]}<\/script>\n<!-- \/ Yoast SEO plugin. -->","yoast_head_json":{"title":"Le consommateur demande &#039;un \u00e9tiquetage honn\u00eate et clair sur les aliments&#039; - RetailDetail BE","robots":{"index":"index","follow":"follow","max-snippet":"max-snippet:-1","max-image-preview":"max-image-preview:large","max-video-preview":"max-video-preview:-1"},"canonical":"https:\/\/www.retaildetail.be\/fr\/news\/food\/le-consommateur-demande-un-etiquetage-honnete-et-clair-sur-les-aliments\/","og_locale":"fr_FR","og_type":"article","og_title":"Le consommateur demande &#039;un \u00e9tiquetage honn\u00eate et clair sur les aliments&#039; - RetailDetail BE","og_description":"L\u2019importance de l\u2019origine du produit Une enqu\u00eate internet men\u00e9e aupr\u00e8s de 600 r\u00e9pondants r\u00e9v\u00e8le que de plus en plus de consommateurs souhaitent savoir d\u2019o\u00f9 provient la nourriture. Apr\u00e8s la date de p\u00e9remption et le prix, l\u2019origine des produits alimentaires semble \u00eatre l\u2019un des principaux crit\u00e8res d\u2019achat. A la question pourquoi l\u2019origine des aliments devrait se [&hellip;]","og_url":"https:\/\/www.retaildetail.be\/fr\/news\/food\/le-consommateur-demande-un-etiquetage-honnete-et-clair-sur-les-aliments\/","og_site_name":"RetailDetail BE","article_published_time":"2013-01-24T14:40:22+00:00","og_image":[{"width":281,"height":147,"url":"https:\/\/i0.wp.com\/www.retaildetail.be\/wp-content\/uploads\/2022\/04\/logo.png?fit=281%2C147&quality=100&strip=all&ssl=1","type":"image\/png"}],"author":"dev@grandiz.com","twitter_card":"summary_large_image","twitter_misc":{"\u00c9crit par":"dev@grandiz.com","Dur\u00e9e de lecture estim\u00e9e":"2 minutes"},"schema":{"@context":"https:\/\/schema.org","@graph":[{"@type":"NewsArticle","@id":"https:\/\/www.retaildetail.be\/fr\/news\/food\/le-consommateur-demande-un-etiquetage-honnete-et-clair-sur-les-aliments\/#article","isPartOf":{"@id":"https:\/\/www.retaildetail.be\/fr\/news\/food\/le-consommateur-demande-un-etiquetage-honnete-et-clair-sur-les-aliments\/"},"author":{"name":"dev@grandiz.com","@id":"https:\/\/www.retaildetail.be\/nl\/#\/schema\/person\/ba2d383452a753a3a1ce8cdb349b5fc9"},"headline":"Le consommateur demande &#039;un \u00e9tiquetage honn\u00eate et clair sur les aliments&#039;","datePublished":"2013-01-24T14:40:22+00:00","mainEntityOfPage":{"@id":"https:\/\/www.retaildetail.be\/fr\/news\/food\/le-consommateur-demande-un-etiquetage-honnete-et-clair-sur-les-aliments\/"},"wordCount":337,"publisher":{"@id":"https:\/\/www.retaildetail.be\/nl\/#organization"},"image":{"@id":"https:\/\/www.retaildetail.be\/fr\/news\/food\/le-consommateur-demande-un-etiquetage-honnete-et-clair-sur-les-aliments\/#primaryimage"},"thumbnailUrl":"https:\/\/www.retaildetail.be\/wp-content\/uploads\/2022\/04\/logo.png","articleSection":["Food"],"inLanguage":"fr-FR","copyrightYear":"2013","copyrightHolder":{"@id":"https:\/\/www.retaildetail.be\/#organization"}},{"@type":"WebPage","@id":"https:\/\/www.retaildetail.be\/fr\/news\/food\/le-consommateur-demande-un-etiquetage-honnete-et-clair-sur-les-aliments\/","url":"https:\/\/www.retaildetail.be\/fr\/news\/food\/le-consommateur-demande-un-etiquetage-honnete-et-clair-sur-les-aliments\/","name":"Le consommateur demande &#039;un \u00e9tiquetage honn\u00eate et clair sur les aliments&#039; - RetailDetail BE","isPartOf":{"@id":"https:\/\/www.retaildetail.be\/nl\/#website"},"primaryImageOfPage":{"@id":"https:\/\/www.retaildetail.be\/fr\/news\/food\/le-consommateur-demande-un-etiquetage-honnete-et-clair-sur-les-aliments\/#primaryimage"},"image":{"@id":"https:\/\/www.retaildetail.be\/fr\/news\/food\/le-consommateur-demande-un-etiquetage-honnete-et-clair-sur-les-aliments\/#primaryimage"},"thumbnailUrl":"https:\/\/www.retaildetail.be\/wp-content\/uploads\/2022\/04\/logo.png","datePublished":"2013-01-24T14:40:22+00:00","breadcrumb":{"@id":"https:\/\/www.retaildetail.be\/fr\/news\/food\/le-consommateur-demande-un-etiquetage-honnete-et-clair-sur-les-aliments\/#breadcrumb"},"inLanguage":"fr-FR","potentialAction":[{"@type":"ReadAction","target":["https:\/\/www.retaildetail.be\/fr\/news\/food\/le-consommateur-demande-un-etiquetage-honnete-et-clair-sur-les-aliments\/"]}]},{"@type":"ImageObject","inLanguage":"fr-FR","@id":"https:\/\/www.retaildetail.be\/fr\/news\/food\/le-consommateur-demande-un-etiquetage-honnete-et-clair-sur-les-aliments\/#primaryimage","url":"https:\/\/www.retaildetail.be\/wp-content\/uploads\/2022\/04\/logo.png","contentUrl":"https:\/\/www.retaildetail.be\/wp-content\/uploads\/2022\/04\/logo.png","width":281,"height":147},{"@type":"BreadcrumbList","@id":"https:\/\/www.retaildetail.be\/fr\/news\/food\/le-consommateur-demande-un-etiquetage-honnete-et-clair-sur-les-aliments\/#breadcrumb","itemListElement":[{"@type":"ListItem","position":1,"name":"Home","item":"https:\/\/www.retaildetail.be\/fr\/"},{"@type":"ListItem","position":2,"name":"Le consommateur demande &#039;un \u00e9tiquetage honn\u00eate et clair sur les aliments&#039;"}]},{"@type":"WebSite","@id":"https:\/\/www.retaildetail.be\/nl\/#website","url":"https:\/\/www.retaildetail.be\/nl\/","name":"RetailDetail BE","description":"News","publisher":{"@id":"https:\/\/www.retaildetail.be\/nl\/#organization"},"potentialAction":[{"@type":"SearchAction","target":{"@type":"EntryPoint","urlTemplate":"https:\/\/www.retaildetail.be\/nl\/?s={search_term_string}"},"query-input":{"@type":"PropertyValueSpecification","valueRequired":true,"valueName":"search_term_string"}}],"inLanguage":"fr-FR"},{"@type":"Organization","@id":"https:\/\/www.retaildetail.be\/nl\/#organization","name":"RetailDetail BE","url":"https:\/\/www.retaildetail.be\/nl\/","logo":{"@type":"ImageObject","inLanguage":"fr-FR","@id":"https:\/\/www.retaildetail.be\/nl\/#\/schema\/logo\/image\/","url":"https:\/\/www.retaildetail.be\/wp-content\/uploads\/2022\/04\/logo.svg","contentUrl":"https:\/\/www.retaildetail.be\/wp-content\/uploads\/2022\/04\/logo.svg","width":131,"height":70,"caption":"RetailDetail BE"},"image":{"@id":"https:\/\/www.retaildetail.be\/nl\/#\/schema\/logo\/image\/"}},{"@type":"Person","@id":"https:\/\/www.retaildetail.be\/nl\/#\/schema\/person\/ba2d383452a753a3a1ce8cdb349b5fc9","name":"dev@grandiz.com","image":{"@type":"ImageObject","inLanguage":"fr-FR","@id":"https:\/\/secure.gravatar.com\/avatar\/5f53ce9fb6eed4a60e5aaaa712be8773880fa9459d9cac9bc4aa4fdbce3f447f?s=96&d=mm&r=g","url":"https:\/\/secure.gravatar.com\/avatar\/5f53ce9fb6eed4a60e5aaaa712be8773880fa9459d9cac9bc4aa4fdbce3f447f?s=96&d=mm&r=g","contentUrl":"https:\/\/secure.gravatar.com\/avatar\/5f53ce9fb6eed4a60e5aaaa712be8773880fa9459d9cac9bc4aa4fdbce3f447f?s=96&d=mm&r=g","caption":"dev@grandiz.com"},"sameAs":["http:\/\/preprod.retaildetail.be"],"url":"https:\/\/www.retaildetail.be\/fr\/author\/devgrandiz-com\/"}]}},"jetpack_featured_media_url":"https:\/\/www.retaildetail.be\/wp-content\/uploads\/2022\/04\/logo.png","jetpack_sharing_enabled":true,"_links":{"self":[{"href":"https:\/\/www.retaildetail.be\/fr\/wp-json\/wp\/v2\/posts\/2611","targetHints":{"allow":["GET"]}}],"collection":[{"href":"https:\/\/www.retaildetail.be\/fr\/wp-json\/wp\/v2\/posts"}],"about":[{"href":"https:\/\/www.retaildetail.be\/fr\/wp-json\/wp\/v2\/types\/post"}],"author":[{"embeddable":true,"href":"https:\/\/www.retaildetail.be\/fr\/wp-json\/wp\/v2\/users\/1"}],"replies":[{"embeddable":true,"href":"https:\/\/www.retaildetail.be\/fr\/wp-json\/wp\/v2\/comments?post=2611"}],"version-history":[{"count":0,"href":"https:\/\/www.retaildetail.be\/fr\/wp-json\/wp\/v2\/posts\/2611\/revisions"}],"wp:featuredmedia":[{"embeddable":true,"href":"https:\/\/www.retaildetail.be\/fr\/wp-json\/wp\/v2\/media\/84"}],"wp:attachment":[{"href":"https:\/\/www.retaildetail.be\/fr\/wp-json\/wp\/v2\/media?parent=2611"}],"wp:term":[{"taxonomy":"category","embeddable":true,"href":"https:\/\/www.retaildetail.be\/fr\/wp-json\/wp\/v2\/categories?post=2611"},{"taxonomy":"post_tag","embeddable":true,"href":"https:\/\/www.retaildetail.be\/fr\/wp-json\/wp\/v2\/tags?post=2611"},{"taxonomy":"people","embeddable":true,"href":"https:\/\/www.retaildetail.be\/fr\/wp-json\/wp\/v2\/people?post=2611"},{"taxonomy":"extra","embeddable":true,"href":"https:\/\/www.retaildetail.be\/fr\/wp-json\/wp\/v2\/extra?post=2611"},{"taxonomy":"company","embeddable":true,"href":"https:\/\/www.retaildetail.be\/fr\/wp-json\/wp\/v2\/company?post=2611"},{"taxonomy":"topic","embeddable":true,"href":"https:\/\/www.retaildetail.be\/fr\/wp-json\/wp\/v2\/topic?post=2611"},{"taxonomy":"region","embeddable":true,"href":"https:\/\/www.retaildetail.be\/fr\/wp-json\/wp\/v2\/region?post=2611"}],"curies":[{"name":"wp","href":"https:\/\/api.w.org\/{rel}","templated":true}]}}