{"id":3367,"date":"2013-06-18T13:41:04","date_gmt":"2013-06-18T13:41:04","guid":{"rendered":"https:\/\/www.retaildetail.be\/food\/lenseigne-de-surgeles-picard-ouvre-trois-nouveaux-magasins-a-bruxelles\/"},"modified":"2013-06-18T13:41:04","modified_gmt":"2013-06-18T13:41:04","slug":"lenseigne-de-surgeles-picard-ouvre-trois-nouveaux-magasins-a-bruxelles","status":"publish","type":"post","link":"https:\/\/www.retaildetail.be\/fr\/news\/food\/lenseigne-de-surgeles-picard-ouvre-trois-nouveaux-magasins-a-bruxelles\/","title":{"rendered":"L\u2019enseigne de surgel\u00e9s Picard ouvre trois nouveaux magasins \u00e0 Bruxelles"},"content":{"rendered":"<h2>Centre de gravit\u00e9 \u00e0 Bruxelles (pour l\u2019instant)<\/h2>\n<p>\u00ab La marque de surgel\u00e9s favorite des Fran\u00e7ais \u00bb poursuit son expansion dans notre pays. Apr\u00e8s avoir ouvert un magasin \u00e0 Waterloo et trois \u00e0 Bruxelles, l\u2019enseigne a encore inaugur\u00e9 trois nouveaux points de vente dans la r\u00e9gion bruxelloise.<\/p>\n<p>R\u00e9cemment Picard a ouvert un magasin de proximit\u00e9 de 143 m\u00b2 \u00e0 la chauss\u00e9e d\u2019Ixelles \u00e0 Ixelles, \u00e0 deux pas de la place Fernand Coq (entre le quartier europ\u00e9en et le quartier Louise). A Uccle, l\u2019enseigne occupe d\u00e9sormais un espace commercial de 190 m\u00b2 sur la chauss\u00e9e d\u2019Alsemberg, \u00e0 proximit\u00e9 de la rue commer\u00e7ante Xavier de Bue. Et enfin la rue L\u00e9opold I \u00e0 Jette accueille le plus grand des trois nouveaux venus, sur une surface de 201 m\u00b2.<\/p>\n<p>En octobre dernier, les Fran\u00e7ais avaient d\u00e9j\u00e0\u00a0 laiss\u00e9 entendre qu\u2019ils pr\u00e9voyaient une soixantaine de magasins en Belgique d\u2019ici 2017. Sur son site web, l\u2019enseigne annonce d\u2019ores et d\u00e9j\u00e0 qu\u2019elle s\u2019installera \u00ab prochainement \u00e0 Wavre, Anvers et Gand \u00bb.\u00a0 Affaire \u00e0 suivre donc \u2026.<\/p>\n<p>\u00a0<\/p>\n<p>\u00a0<\/p>\n<p><em>Traduction : Marie-No\u00eblle Masure<\/em><\/p>\n","protected":false},"excerpt":{"rendered":"<p>Centre de gravit\u00e9 \u00e0 Bruxelles (pour l\u2019instant) \u00ab La marque de surgel\u00e9s favorite des Fran\u00e7ais \u00bb poursuit son expansion dans notre pays. Apr\u00e8s avoir ouvert un magasin \u00e0 Waterloo et trois \u00e0 Bruxelles, l\u2019enseigne a encore inaugur\u00e9 trois nouveaux points de vente dans la r\u00e9gion bruxelloise. R\u00e9cemment Picard a ouvert un magasin de proximit\u00e9 de [&hellip;]<\/p>\n","protected":false},"author":1,"featured_media":84,"comment_status":"closed","ping_status":"closed","sticky":false,"template":"","format":"standard","meta":{"_acf_changed":false,"inline_featured_image":false,"_jetpack_memberships_contains_paid_content":false,"footnotes":""},"categories":[24],"tags":[],"people":[],"extra":[],"company":[],"topic":[],"region":[],"class_list":["post-3367","post","type-post","status-publish","format-standard","has-post-thumbnail","hentry","category-food"],"acf":[],"yoast_head":"<!-- This site is optimized with the Yoast SEO plugin v27.3 - https:\/\/yoast.com\/product\/yoast-seo-wordpress\/ -->\n<title>L\u2019enseigne de surgel\u00e9s Picard ouvre trois nouveaux magasins \u00e0 Bruxelles - RetailDetail BE<\/title>\n<meta name=\"robots\" content=\"index, follow, max-snippet:-1, max-image-preview:large, max-video-preview:-1\" \/>\n<link rel=\"canonical\" href=\"https:\/\/www.retaildetail.be\/fr\/news\/food\/lenseigne-de-surgeles-picard-ouvre-trois-nouveaux-magasins-a-bruxelles\/\" \/>\n<meta property=\"og:locale\" content=\"fr_FR\" \/>\n<meta property=\"og:type\" content=\"article\" \/>\n<meta property=\"og:title\" content=\"L\u2019enseigne de surgel\u00e9s Picard ouvre trois nouveaux magasins \u00e0 Bruxelles - RetailDetail BE\" \/>\n<meta property=\"og:description\" content=\"Centre de gravit\u00e9 \u00e0 Bruxelles (pour l\u2019instant) \u00ab La marque de surgel\u00e9s favorite des Fran\u00e7ais \u00bb poursuit son expansion dans notre pays. Apr\u00e8s avoir ouvert un magasin \u00e0 Waterloo et trois \u00e0 Bruxelles, l\u2019enseigne a encore inaugur\u00e9 trois nouveaux points de vente dans la r\u00e9gion bruxelloise. R\u00e9cemment Picard a ouvert un magasin de proximit\u00e9 de [&hellip;]\" \/>\n<meta property=\"og:url\" content=\"https:\/\/www.retaildetail.be\/fr\/news\/food\/lenseigne-de-surgeles-picard-ouvre-trois-nouveaux-magasins-a-bruxelles\/\" \/>\n<meta property=\"og:site_name\" content=\"RetailDetail BE\" \/>\n<meta property=\"article:published_time\" content=\"2013-06-18T13:41:04+00:00\" \/>\n<meta property=\"og:image\" content=\"https:\/\/i0.wp.com\/www.retaildetail.be\/wp-content\/uploads\/2022\/04\/logo.png?fit=281%2C147&quality=100&strip=all&ssl=1\" \/>\n\t<meta property=\"og:image:width\" content=\"281\" \/>\n\t<meta property=\"og:image:height\" content=\"147\" \/>\n\t<meta property=\"og:image:type\" content=\"image\/png\" \/>\n<meta name=\"author\" content=\"dev@grandiz.com\" \/>\n<meta name=\"twitter:card\" content=\"summary_large_image\" \/>\n<meta name=\"twitter:label1\" content=\"\u00c9crit par\" \/>\n\t<meta name=\"twitter:data1\" content=\"dev@grandiz.com\" \/>\n\t<meta name=\"twitter:label2\" content=\"Dur\u00e9e de lecture estim\u00e9e\" \/>\n\t<meta name=\"twitter:data2\" content=\"1 minute\" \/>\n<script type=\"application\/ld+json\" class=\"yoast-schema-graph\">{\"@context\":\"https:\\\/\\\/schema.org\",\"@graph\":[{\"@type\":\"NewsArticle\",\"@id\":\"https:\\\/\\\/www.retaildetail.be\\\/fr\\\/news\\\/food\\\/lenseigne-de-surgeles-picard-ouvre-trois-nouveaux-magasins-a-bruxelles\\\/#article\",\"isPartOf\":{\"@id\":\"https:\\\/\\\/www.retaildetail.be\\\/fr\\\/news\\\/food\\\/lenseigne-de-surgeles-picard-ouvre-trois-nouveaux-magasins-a-bruxelles\\\/\"},\"author\":{\"name\":\"dev@grandiz.com\",\"@id\":\"https:\\\/\\\/www.retaildetail.be\\\/nl\\\/#\\\/schema\\\/person\\\/ba2d383452a753a3a1ce8cdb349b5fc9\"},\"headline\":\"L\u2019enseigne de surgel\u00e9s Picard ouvre trois nouveaux magasins \u00e0 Bruxelles\",\"datePublished\":\"2013-06-18T13:41:04+00:00\",\"mainEntityOfPage\":{\"@id\":\"https:\\\/\\\/www.retaildetail.be\\\/fr\\\/news\\\/food\\\/lenseigne-de-surgeles-picard-ouvre-trois-nouveaux-magasins-a-bruxelles\\\/\"},\"wordCount\":190,\"publisher\":{\"@id\":\"https:\\\/\\\/www.retaildetail.be\\\/nl\\\/#organization\"},\"image\":{\"@id\":\"https:\\\/\\\/www.retaildetail.be\\\/fr\\\/news\\\/food\\\/lenseigne-de-surgeles-picard-ouvre-trois-nouveaux-magasins-a-bruxelles\\\/#primaryimage\"},\"thumbnailUrl\":\"https:\\\/\\\/www.retaildetail.be\\\/wp-content\\\/uploads\\\/2022\\\/04\\\/logo.png\",\"articleSection\":[\"Food\"],\"inLanguage\":\"fr-FR\",\"copyrightYear\":\"2013\",\"copyrightHolder\":{\"@id\":\"https:\\\/\\\/www.retaildetail.be\\\/#organization\"}},{\"@type\":\"WebPage\",\"@id\":\"https:\\\/\\\/www.retaildetail.be\\\/fr\\\/news\\\/food\\\/lenseigne-de-surgeles-picard-ouvre-trois-nouveaux-magasins-a-bruxelles\\\/\",\"url\":\"https:\\\/\\\/www.retaildetail.be\\\/fr\\\/news\\\/food\\\/lenseigne-de-surgeles-picard-ouvre-trois-nouveaux-magasins-a-bruxelles\\\/\",\"name\":\"L\u2019enseigne de surgel\u00e9s Picard ouvre trois nouveaux magasins \u00e0 Bruxelles - RetailDetail BE\",\"isPartOf\":{\"@id\":\"https:\\\/\\\/www.retaildetail.be\\\/nl\\\/#website\"},\"primaryImageOfPage\":{\"@id\":\"https:\\\/\\\/www.retaildetail.be\\\/fr\\\/news\\\/food\\\/lenseigne-de-surgeles-picard-ouvre-trois-nouveaux-magasins-a-bruxelles\\\/#primaryimage\"},\"image\":{\"@id\":\"https:\\\/\\\/www.retaildetail.be\\\/fr\\\/news\\\/food\\\/lenseigne-de-surgeles-picard-ouvre-trois-nouveaux-magasins-a-bruxelles\\\/#primaryimage\"},\"thumbnailUrl\":\"https:\\\/\\\/www.retaildetail.be\\\/wp-content\\\/uploads\\\/2022\\\/04\\\/logo.png\",\"datePublished\":\"2013-06-18T13:41:04+00:00\",\"breadcrumb\":{\"@id\":\"https:\\\/\\\/www.retaildetail.be\\\/fr\\\/news\\\/food\\\/lenseigne-de-surgeles-picard-ouvre-trois-nouveaux-magasins-a-bruxelles\\\/#breadcrumb\"},\"inLanguage\":\"fr-FR\",\"potentialAction\":[{\"@type\":\"ReadAction\",\"target\":[\"https:\\\/\\\/www.retaildetail.be\\\/fr\\\/news\\\/food\\\/lenseigne-de-surgeles-picard-ouvre-trois-nouveaux-magasins-a-bruxelles\\\/\"]}]},{\"@type\":\"ImageObject\",\"inLanguage\":\"fr-FR\",\"@id\":\"https:\\\/\\\/www.retaildetail.be\\\/fr\\\/news\\\/food\\\/lenseigne-de-surgeles-picard-ouvre-trois-nouveaux-magasins-a-bruxelles\\\/#primaryimage\",\"url\":\"https:\\\/\\\/www.retaildetail.be\\\/wp-content\\\/uploads\\\/2022\\\/04\\\/logo.png\",\"contentUrl\":\"https:\\\/\\\/www.retaildetail.be\\\/wp-content\\\/uploads\\\/2022\\\/04\\\/logo.png\",\"width\":281,\"height\":147},{\"@type\":\"BreadcrumbList\",\"@id\":\"https:\\\/\\\/www.retaildetail.be\\\/fr\\\/news\\\/food\\\/lenseigne-de-surgeles-picard-ouvre-trois-nouveaux-magasins-a-bruxelles\\\/#breadcrumb\",\"itemListElement\":[{\"@type\":\"ListItem\",\"position\":1,\"name\":\"Home\",\"item\":\"https:\\\/\\\/www.retaildetail.be\\\/fr\\\/\"},{\"@type\":\"ListItem\",\"position\":2,\"name\":\"L\u2019enseigne de surgel\u00e9s Picard ouvre trois nouveaux magasins \u00e0 Bruxelles\"}]},{\"@type\":\"WebSite\",\"@id\":\"https:\\\/\\\/www.retaildetail.be\\\/nl\\\/#website\",\"url\":\"https:\\\/\\\/www.retaildetail.be\\\/nl\\\/\",\"name\":\"RetailDetail BE\",\"description\":\"News\",\"publisher\":{\"@id\":\"https:\\\/\\\/www.retaildetail.be\\\/nl\\\/#organization\"},\"potentialAction\":[{\"@type\":\"SearchAction\",\"target\":{\"@type\":\"EntryPoint\",\"urlTemplate\":\"https:\\\/\\\/www.retaildetail.be\\\/nl\\\/?s={search_term_string}\"},\"query-input\":{\"@type\":\"PropertyValueSpecification\",\"valueRequired\":true,\"valueName\":\"search_term_string\"}}],\"inLanguage\":\"fr-FR\"},{\"@type\":\"Organization\",\"@id\":\"https:\\\/\\\/www.retaildetail.be\\\/nl\\\/#organization\",\"name\":\"RetailDetail BE\",\"url\":\"https:\\\/\\\/www.retaildetail.be\\\/nl\\\/\",\"logo\":{\"@type\":\"ImageObject\",\"inLanguage\":\"fr-FR\",\"@id\":\"https:\\\/\\\/www.retaildetail.be\\\/nl\\\/#\\\/schema\\\/logo\\\/image\\\/\",\"url\":\"https:\\\/\\\/www.retaildetail.be\\\/wp-content\\\/uploads\\\/2022\\\/04\\\/logo.svg\",\"contentUrl\":\"https:\\\/\\\/www.retaildetail.be\\\/wp-content\\\/uploads\\\/2022\\\/04\\\/logo.svg\",\"width\":131,\"height\":70,\"caption\":\"RetailDetail BE\"},\"image\":{\"@id\":\"https:\\\/\\\/www.retaildetail.be\\\/nl\\\/#\\\/schema\\\/logo\\\/image\\\/\"}},{\"@type\":\"Person\",\"@id\":\"https:\\\/\\\/www.retaildetail.be\\\/nl\\\/#\\\/schema\\\/person\\\/ba2d383452a753a3a1ce8cdb349b5fc9\",\"name\":\"dev@grandiz.com\",\"image\":{\"@type\":\"ImageObject\",\"inLanguage\":\"fr-FR\",\"@id\":\"https:\\\/\\\/secure.gravatar.com\\\/avatar\\\/5f53ce9fb6eed4a60e5aaaa712be8773880fa9459d9cac9bc4aa4fdbce3f447f?s=96&d=mm&r=g\",\"url\":\"https:\\\/\\\/secure.gravatar.com\\\/avatar\\\/5f53ce9fb6eed4a60e5aaaa712be8773880fa9459d9cac9bc4aa4fdbce3f447f?s=96&d=mm&r=g\",\"contentUrl\":\"https:\\\/\\\/secure.gravatar.com\\\/avatar\\\/5f53ce9fb6eed4a60e5aaaa712be8773880fa9459d9cac9bc4aa4fdbce3f447f?s=96&d=mm&r=g\",\"caption\":\"dev@grandiz.com\"},\"sameAs\":[\"http:\\\/\\\/preprod.retaildetail.be\"],\"url\":\"https:\\\/\\\/www.retaildetail.be\\\/fr\\\/author\\\/devgrandiz-com\\\/\"}]}<\/script>\n<!-- \/ Yoast SEO plugin. -->","yoast_head_json":{"title":"L\u2019enseigne de surgel\u00e9s Picard ouvre trois nouveaux magasins \u00e0 Bruxelles - RetailDetail BE","robots":{"index":"index","follow":"follow","max-snippet":"max-snippet:-1","max-image-preview":"max-image-preview:large","max-video-preview":"max-video-preview:-1"},"canonical":"https:\/\/www.retaildetail.be\/fr\/news\/food\/lenseigne-de-surgeles-picard-ouvre-trois-nouveaux-magasins-a-bruxelles\/","og_locale":"fr_FR","og_type":"article","og_title":"L\u2019enseigne de surgel\u00e9s Picard ouvre trois nouveaux magasins \u00e0 Bruxelles - RetailDetail BE","og_description":"Centre de gravit\u00e9 \u00e0 Bruxelles (pour l\u2019instant) \u00ab La marque de surgel\u00e9s favorite des Fran\u00e7ais \u00bb poursuit son expansion dans notre pays. Apr\u00e8s avoir ouvert un magasin \u00e0 Waterloo et trois \u00e0 Bruxelles, l\u2019enseigne a encore inaugur\u00e9 trois nouveaux points de vente dans la r\u00e9gion bruxelloise. R\u00e9cemment Picard a ouvert un magasin de proximit\u00e9 de [&hellip;]","og_url":"https:\/\/www.retaildetail.be\/fr\/news\/food\/lenseigne-de-surgeles-picard-ouvre-trois-nouveaux-magasins-a-bruxelles\/","og_site_name":"RetailDetail BE","article_published_time":"2013-06-18T13:41:04+00:00","og_image":[{"width":281,"height":147,"url":"https:\/\/i0.wp.com\/www.retaildetail.be\/wp-content\/uploads\/2022\/04\/logo.png?fit=281%2C147&quality=100&strip=all&ssl=1","type":"image\/png"}],"author":"dev@grandiz.com","twitter_card":"summary_large_image","twitter_misc":{"\u00c9crit par":"dev@grandiz.com","Dur\u00e9e de lecture estim\u00e9e":"1 minute"},"schema":{"@context":"https:\/\/schema.org","@graph":[{"@type":"NewsArticle","@id":"https:\/\/www.retaildetail.be\/fr\/news\/food\/lenseigne-de-surgeles-picard-ouvre-trois-nouveaux-magasins-a-bruxelles\/#article","isPartOf":{"@id":"https:\/\/www.retaildetail.be\/fr\/news\/food\/lenseigne-de-surgeles-picard-ouvre-trois-nouveaux-magasins-a-bruxelles\/"},"author":{"name":"dev@grandiz.com","@id":"https:\/\/www.retaildetail.be\/nl\/#\/schema\/person\/ba2d383452a753a3a1ce8cdb349b5fc9"},"headline":"L\u2019enseigne de surgel\u00e9s Picard ouvre trois nouveaux magasins \u00e0 Bruxelles","datePublished":"2013-06-18T13:41:04+00:00","mainEntityOfPage":{"@id":"https:\/\/www.retaildetail.be\/fr\/news\/food\/lenseigne-de-surgeles-picard-ouvre-trois-nouveaux-magasins-a-bruxelles\/"},"wordCount":190,"publisher":{"@id":"https:\/\/www.retaildetail.be\/nl\/#organization"},"image":{"@id":"https:\/\/www.retaildetail.be\/fr\/news\/food\/lenseigne-de-surgeles-picard-ouvre-trois-nouveaux-magasins-a-bruxelles\/#primaryimage"},"thumbnailUrl":"https:\/\/www.retaildetail.be\/wp-content\/uploads\/2022\/04\/logo.png","articleSection":["Food"],"inLanguage":"fr-FR","copyrightYear":"2013","copyrightHolder":{"@id":"https:\/\/www.retaildetail.be\/#organization"}},{"@type":"WebPage","@id":"https:\/\/www.retaildetail.be\/fr\/news\/food\/lenseigne-de-surgeles-picard-ouvre-trois-nouveaux-magasins-a-bruxelles\/","url":"https:\/\/www.retaildetail.be\/fr\/news\/food\/lenseigne-de-surgeles-picard-ouvre-trois-nouveaux-magasins-a-bruxelles\/","name":"L\u2019enseigne de surgel\u00e9s Picard ouvre trois nouveaux magasins \u00e0 Bruxelles - RetailDetail BE","isPartOf":{"@id":"https:\/\/www.retaildetail.be\/nl\/#website"},"primaryImageOfPage":{"@id":"https:\/\/www.retaildetail.be\/fr\/news\/food\/lenseigne-de-surgeles-picard-ouvre-trois-nouveaux-magasins-a-bruxelles\/#primaryimage"},"image":{"@id":"https:\/\/www.retaildetail.be\/fr\/news\/food\/lenseigne-de-surgeles-picard-ouvre-trois-nouveaux-magasins-a-bruxelles\/#primaryimage"},"thumbnailUrl":"https:\/\/www.retaildetail.be\/wp-content\/uploads\/2022\/04\/logo.png","datePublished":"2013-06-18T13:41:04+00:00","breadcrumb":{"@id":"https:\/\/www.retaildetail.be\/fr\/news\/food\/lenseigne-de-surgeles-picard-ouvre-trois-nouveaux-magasins-a-bruxelles\/#breadcrumb"},"inLanguage":"fr-FR","potentialAction":[{"@type":"ReadAction","target":["https:\/\/www.retaildetail.be\/fr\/news\/food\/lenseigne-de-surgeles-picard-ouvre-trois-nouveaux-magasins-a-bruxelles\/"]}]},{"@type":"ImageObject","inLanguage":"fr-FR","@id":"https:\/\/www.retaildetail.be\/fr\/news\/food\/lenseigne-de-surgeles-picard-ouvre-trois-nouveaux-magasins-a-bruxelles\/#primaryimage","url":"https:\/\/www.retaildetail.be\/wp-content\/uploads\/2022\/04\/logo.png","contentUrl":"https:\/\/www.retaildetail.be\/wp-content\/uploads\/2022\/04\/logo.png","width":281,"height":147},{"@type":"BreadcrumbList","@id":"https:\/\/www.retaildetail.be\/fr\/news\/food\/lenseigne-de-surgeles-picard-ouvre-trois-nouveaux-magasins-a-bruxelles\/#breadcrumb","itemListElement":[{"@type":"ListItem","position":1,"name":"Home","item":"https:\/\/www.retaildetail.be\/fr\/"},{"@type":"ListItem","position":2,"name":"L\u2019enseigne de surgel\u00e9s Picard ouvre trois nouveaux magasins \u00e0 Bruxelles"}]},{"@type":"WebSite","@id":"https:\/\/www.retaildetail.be\/nl\/#website","url":"https:\/\/www.retaildetail.be\/nl\/","name":"RetailDetail BE","description":"News","publisher":{"@id":"https:\/\/www.retaildetail.be\/nl\/#organization"},"potentialAction":[{"@type":"SearchAction","target":{"@type":"EntryPoint","urlTemplate":"https:\/\/www.retaildetail.be\/nl\/?s={search_term_string}"},"query-input":{"@type":"PropertyValueSpecification","valueRequired":true,"valueName":"search_term_string"}}],"inLanguage":"fr-FR"},{"@type":"Organization","@id":"https:\/\/www.retaildetail.be\/nl\/#organization","name":"RetailDetail BE","url":"https:\/\/www.retaildetail.be\/nl\/","logo":{"@type":"ImageObject","inLanguage":"fr-FR","@id":"https:\/\/www.retaildetail.be\/nl\/#\/schema\/logo\/image\/","url":"https:\/\/www.retaildetail.be\/wp-content\/uploads\/2022\/04\/logo.svg","contentUrl":"https:\/\/www.retaildetail.be\/wp-content\/uploads\/2022\/04\/logo.svg","width":131,"height":70,"caption":"RetailDetail BE"},"image":{"@id":"https:\/\/www.retaildetail.be\/nl\/#\/schema\/logo\/image\/"}},{"@type":"Person","@id":"https:\/\/www.retaildetail.be\/nl\/#\/schema\/person\/ba2d383452a753a3a1ce8cdb349b5fc9","name":"dev@grandiz.com","image":{"@type":"ImageObject","inLanguage":"fr-FR","@id":"https:\/\/secure.gravatar.com\/avatar\/5f53ce9fb6eed4a60e5aaaa712be8773880fa9459d9cac9bc4aa4fdbce3f447f?s=96&d=mm&r=g","url":"https:\/\/secure.gravatar.com\/avatar\/5f53ce9fb6eed4a60e5aaaa712be8773880fa9459d9cac9bc4aa4fdbce3f447f?s=96&d=mm&r=g","contentUrl":"https:\/\/secure.gravatar.com\/avatar\/5f53ce9fb6eed4a60e5aaaa712be8773880fa9459d9cac9bc4aa4fdbce3f447f?s=96&d=mm&r=g","caption":"dev@grandiz.com"},"sameAs":["http:\/\/preprod.retaildetail.be"],"url":"https:\/\/www.retaildetail.be\/fr\/author\/devgrandiz-com\/"}]}},"jetpack_featured_media_url":"https:\/\/www.retaildetail.be\/wp-content\/uploads\/2022\/04\/logo.png","jetpack_sharing_enabled":true,"_links":{"self":[{"href":"https:\/\/www.retaildetail.be\/fr\/wp-json\/wp\/v2\/posts\/3367","targetHints":{"allow":["GET"]}}],"collection":[{"href":"https:\/\/www.retaildetail.be\/fr\/wp-json\/wp\/v2\/posts"}],"about":[{"href":"https:\/\/www.retaildetail.be\/fr\/wp-json\/wp\/v2\/types\/post"}],"author":[{"embeddable":true,"href":"https:\/\/www.retaildetail.be\/fr\/wp-json\/wp\/v2\/users\/1"}],"replies":[{"embeddable":true,"href":"https:\/\/www.retaildetail.be\/fr\/wp-json\/wp\/v2\/comments?post=3367"}],"version-history":[{"count":0,"href":"https:\/\/www.retaildetail.be\/fr\/wp-json\/wp\/v2\/posts\/3367\/revisions"}],"wp:featuredmedia":[{"embeddable":true,"href":"https:\/\/www.retaildetail.be\/fr\/wp-json\/wp\/v2\/media\/84"}],"wp:attachment":[{"href":"https:\/\/www.retaildetail.be\/fr\/wp-json\/wp\/v2\/media?parent=3367"}],"wp:term":[{"taxonomy":"category","embeddable":true,"href":"https:\/\/www.retaildetail.be\/fr\/wp-json\/wp\/v2\/categories?post=3367"},{"taxonomy":"post_tag","embeddable":true,"href":"https:\/\/www.retaildetail.be\/fr\/wp-json\/wp\/v2\/tags?post=3367"},{"taxonomy":"people","embeddable":true,"href":"https:\/\/www.retaildetail.be\/fr\/wp-json\/wp\/v2\/people?post=3367"},{"taxonomy":"extra","embeddable":true,"href":"https:\/\/www.retaildetail.be\/fr\/wp-json\/wp\/v2\/extra?post=3367"},{"taxonomy":"company","embeddable":true,"href":"https:\/\/www.retaildetail.be\/fr\/wp-json\/wp\/v2\/company?post=3367"},{"taxonomy":"topic","embeddable":true,"href":"https:\/\/www.retaildetail.be\/fr\/wp-json\/wp\/v2\/topic?post=3367"},{"taxonomy":"region","embeddable":true,"href":"https:\/\/www.retaildetail.be\/fr\/wp-json\/wp\/v2\/region?post=3367"}],"curies":[{"name":"wp","href":"https:\/\/api.w.org\/{rel}","templated":true}]}}