{"id":45197,"date":"2020-12-03T15:49:09","date_gmt":"2020-12-03T15:49:09","guid":{"rendered":"https:\/\/www.retaildetail.be\/general\/john-lewis-enterre-ses-ambitions-internationales\/"},"modified":"2020-12-03T15:49:09","modified_gmt":"2020-12-03T15:49:09","slug":"john-lewis-enterre-ses-ambitions-internationales","status":"publish","type":"post","link":"https:\/\/www.retaildetail.be\/fr\/news\/general\/john-lewis-enterre-ses-ambitions-internationales\/","title":{"rendered":"John Lewis enterre ses ambitions internationales"},"content":{"rendered":"<p><span style=\"background-color:white\"><strong>John Lewis<\/strong>\u00a0a d\u00e9cid\u00e9 de mettre fin \u00e0 sa strat\u00e9gie d&rsquo;expansion internationale. La cha\u00eene de grands magasins ferme \u00e9galement sa boutique en ligne pour les clients \u00e9trangers.<\/span><\/p>\n<p><!--break--><\/p>\n<p>\u00a0<\/p>\n<h2><span style=\"background-color:white\">\u00ab\u00a0Trop cher\u00a0\u00bb<\/span><\/h2>\n<p><span style=\"background-color:white\">John Lewis a d\u00e9clar\u00e9 que la cha\u00eene n&rsquo;acceptera plus de commandes internationales \u00e0 partir du 9 d\u00e9cembre. Le d\u00e9partement international co\u00fbterait globalement trop cher, bien que cette d\u00e9cision\u00a0<a href=\"https:\/\/www.retailgazette.co.uk\/blog\/2020\/12\/john-lewis-shelves-international-expansion-plans\/\" target=\"_blank\" rel=\"noopener\">se soit heurt\u00e9e \u00e0 une opposition en interne<\/a>, rapporte Retail Gazette. Au d\u00e9but du mois dernier, le d\u00e9taillant avait annonc\u00e9 un nouveau\u00a0<a href=\"https:\/\/www.retaildetail.be\/fr\/news\/g%C3%A9n%C3%A9ral\/john-lewis-supprime-1500-emplois\" target=\"_blank\" rel=\"noopener\">plan d&rsquo;\u00e9conomies<\/a>, entra\u00eenant la perte d\u2019environ 1.500 emplois.<\/span><\/p>\n<p><span style=\"background-color:white\">\u00a0<\/span><\/p>\n<p><span style=\"background-color:white\">John Lewis s\u2019est lanc\u00e9 dans la vente en ligne \u00e0 l&rsquo;\u00e9tranger il y a environ dix ans. La soci\u00e9t\u00e9 livre actuellement dans une trentaine de pays. En outre, John Lewis compte 5 shop-in-shops dans la cha\u00eene de grands magasins australienne\u00a0<strong>Myer<\/strong>\u00a0et exploite une boutique \u00e0 l&rsquo;a\u00e9roport d&rsquo;Heathrow afin d&rsquo;accro\u00eetre la notori\u00e9t\u00e9 de la marque aupr\u00e8s des touristes. Cependant, cette boutique \u00e0 l&rsquo;a\u00e9roport compte parmi les huit magasins \u00e0 ne pas avoir rouvert apr\u00e8s le premier confinement.<\/span><\/p>\n<p><span style=\"background-color:white\">\u00a0<\/span><\/p>\n<p><span style=\"background-color:white\">L\u2019ann\u00e9e derni\u00e8re, les ventes internationales de la cha\u00eene de grands magasins britannique ont baiss\u00e9 de pr\u00e8s de 17%, atteignant 10,6 millions de livres (11,7 millions d\u2019euros). Le r\u00e9sultat d&rsquo;exploitation de ces activit\u00e9s a \u00e9galement diminu\u00e9 d&rsquo;un peu plus de 10%.<\/span><\/p>\n<p><a href=\"https:\/\/www.futureofshopping.be\/en\/future-of-department-stores-book\/\" target=\"_blank\" rel=\"noopener\"><img decoding=\"async\" alt=\"\" src=\"\/sites\/default\/files\/departmentstores_en_quote6_6.jpg\" style=\"height:341px;width:650px\" \/><\/a><\/p>\n","protected":false},"excerpt":{"rendered":"<p>John Lewis\u00a0a d\u00e9cid\u00e9 de mettre fin \u00e0 sa strat\u00e9gie d&rsquo;expansion internationale. La cha\u00eene de grands magasins ferme \u00e9galement sa boutique en ligne pour les clients \u00e9trangers. \u00a0 \u00ab\u00a0Trop cher\u00a0\u00bb John Lewis a d\u00e9clar\u00e9 que la cha\u00eene n&rsquo;acceptera plus de commandes internationales \u00e0 partir du 9 d\u00e9cembre. Le d\u00e9partement international co\u00fbterait globalement trop cher, bien que [&hellip;]<\/p>\n","protected":false},"author":1,"featured_media":45194,"comment_status":"closed","ping_status":"closed","sticky":false,"template":"","format":"standard","meta":{"_acf_changed":false,"inline_featured_image":false,"_jetpack_memberships_contains_paid_content":false,"footnotes":""},"categories":[25],"tags":[],"people":[],"extra":[],"company":[],"topic":[],"region":[],"class_list":["post-45197","post","type-post","status-publish","format-standard","has-post-thumbnail","hentry","category-general"],"acf":[],"yoast_head":"<!-- This site is optimized with the Yoast SEO plugin v27.3 - https:\/\/yoast.com\/product\/yoast-seo-wordpress\/ -->\n<title>John Lewis enterre ses ambitions internationales - RetailDetail BE<\/title>\n<meta name=\"description\" content=\"John Lewis\u00a0a d\u00e9cid\u00e9 de mettre fin \u00e0 sa strat\u00e9gie d&#039;expansion internationale.\" \/>\n<meta name=\"robots\" content=\"index, follow, max-snippet:-1, max-image-preview:large, max-video-preview:-1\" \/>\n<link rel=\"canonical\" href=\"https:\/\/www.retaildetail.be\/fr\/news\/general\/john-lewis-enterre-ses-ambitions-internationales\/\" \/>\n<meta property=\"og:locale\" content=\"fr_FR\" \/>\n<meta property=\"og:type\" content=\"article\" \/>\n<meta property=\"og:title\" content=\"John Lewis enterre ses ambitions internationales - RetailDetail BE\" \/>\n<meta property=\"og:description\" content=\"John Lewis\u00a0a d\u00e9cid\u00e9 de mettre fin \u00e0 sa strat\u00e9gie d&#039;expansion internationale.\" \/>\n<meta property=\"og:url\" content=\"https:\/\/www.retaildetail.be\/fr\/news\/general\/john-lewis-enterre-ses-ambitions-internationales\/\" \/>\n<meta property=\"og:site_name\" content=\"RetailDetail BE\" \/>\n<meta property=\"article:published_time\" content=\"2020-12-03T15:49:09+00:00\" \/>\n<meta property=\"og:image\" content=\"https:\/\/i0.wp.com\/www.retaildetail.be\/wp-content\/uploads\/2022\/04\/shutterstock_239259712.jpg?fit=990%2C661&quality=100&strip=all&ssl=1\" \/>\n\t<meta property=\"og:image:width\" content=\"990\" \/>\n\t<meta property=\"og:image:height\" content=\"661\" \/>\n\t<meta property=\"og:image:type\" content=\"image\/jpeg\" \/>\n<meta name=\"author\" content=\"dev@grandiz.com\" \/>\n<meta name=\"twitter:card\" content=\"summary_large_image\" \/>\n<meta name=\"twitter:label1\" content=\"\u00c9crit par\" \/>\n\t<meta name=\"twitter:data1\" content=\"dev@grandiz.com\" \/>\n\t<meta name=\"twitter:label2\" content=\"Dur\u00e9e de lecture estim\u00e9e\" \/>\n\t<meta name=\"twitter:data2\" content=\"1 minute\" \/>\n<script type=\"application\/ld+json\" class=\"yoast-schema-graph\">{\"@context\":\"https:\\\/\\\/schema.org\",\"@graph\":[{\"@type\":\"NewsArticle\",\"@id\":\"https:\\\/\\\/www.retaildetail.be\\\/fr\\\/news\\\/general\\\/john-lewis-enterre-ses-ambitions-internationales\\\/#article\",\"isPartOf\":{\"@id\":\"https:\\\/\\\/www.retaildetail.be\\\/fr\\\/news\\\/general\\\/john-lewis-enterre-ses-ambitions-internationales\\\/\"},\"author\":{\"name\":\"dev@grandiz.com\",\"@id\":\"https:\\\/\\\/www.retaildetail.be\\\/nl\\\/#\\\/schema\\\/person\\\/ba2d383452a753a3a1ce8cdb349b5fc9\"},\"headline\":\"John Lewis enterre ses ambitions internationales\",\"datePublished\":\"2020-12-03T15:49:09+00:00\",\"mainEntityOfPage\":{\"@id\":\"https:\\\/\\\/www.retaildetail.be\\\/fr\\\/news\\\/general\\\/john-lewis-enterre-ses-ambitions-internationales\\\/\"},\"wordCount\":237,\"publisher\":{\"@id\":\"https:\\\/\\\/www.retaildetail.be\\\/nl\\\/#organization\"},\"image\":{\"@id\":\"https:\\\/\\\/www.retaildetail.be\\\/fr\\\/news\\\/general\\\/john-lewis-enterre-ses-ambitions-internationales\\\/#primaryimage\"},\"thumbnailUrl\":\"https:\\\/\\\/www.retaildetail.be\\\/wp-content\\\/uploads\\\/2022\\\/04\\\/shutterstock_239259712.jpg\",\"articleSection\":[\"G\u00e9n\u00e9ral\"],\"inLanguage\":\"fr-FR\",\"copyrightYear\":\"2020\",\"copyrightHolder\":{\"@id\":\"https:\\\/\\\/www.retaildetail.be\\\/#organization\"}},{\"@type\":\"WebPage\",\"@id\":\"https:\\\/\\\/www.retaildetail.be\\\/fr\\\/news\\\/general\\\/john-lewis-enterre-ses-ambitions-internationales\\\/\",\"url\":\"https:\\\/\\\/www.retaildetail.be\\\/fr\\\/news\\\/general\\\/john-lewis-enterre-ses-ambitions-internationales\\\/\",\"name\":\"John Lewis enterre ses ambitions internationales - RetailDetail BE\",\"isPartOf\":{\"@id\":\"https:\\\/\\\/www.retaildetail.be\\\/nl\\\/#website\"},\"primaryImageOfPage\":{\"@id\":\"https:\\\/\\\/www.retaildetail.be\\\/fr\\\/news\\\/general\\\/john-lewis-enterre-ses-ambitions-internationales\\\/#primaryimage\"},\"image\":{\"@id\":\"https:\\\/\\\/www.retaildetail.be\\\/fr\\\/news\\\/general\\\/john-lewis-enterre-ses-ambitions-internationales\\\/#primaryimage\"},\"thumbnailUrl\":\"https:\\\/\\\/www.retaildetail.be\\\/wp-content\\\/uploads\\\/2022\\\/04\\\/shutterstock_239259712.jpg\",\"datePublished\":\"2020-12-03T15:49:09+00:00\",\"description\":\"John Lewis\u00a0a d\u00e9cid\u00e9 de mettre fin \u00e0 sa strat\u00e9gie d'expansion internationale.\",\"breadcrumb\":{\"@id\":\"https:\\\/\\\/www.retaildetail.be\\\/fr\\\/news\\\/general\\\/john-lewis-enterre-ses-ambitions-internationales\\\/#breadcrumb\"},\"inLanguage\":\"fr-FR\",\"potentialAction\":[{\"@type\":\"ReadAction\",\"target\":[\"https:\\\/\\\/www.retaildetail.be\\\/fr\\\/news\\\/general\\\/john-lewis-enterre-ses-ambitions-internationales\\\/\"]}]},{\"@type\":\"ImageObject\",\"inLanguage\":\"fr-FR\",\"@id\":\"https:\\\/\\\/www.retaildetail.be\\\/fr\\\/news\\\/general\\\/john-lewis-enterre-ses-ambitions-internationales\\\/#primaryimage\",\"url\":\"https:\\\/\\\/www.retaildetail.be\\\/wp-content\\\/uploads\\\/2022\\\/04\\\/shutterstock_239259712.jpg\",\"contentUrl\":\"https:\\\/\\\/www.retaildetail.be\\\/wp-content\\\/uploads\\\/2022\\\/04\\\/shutterstock_239259712.jpg\",\"width\":990,\"height\":661},{\"@type\":\"BreadcrumbList\",\"@id\":\"https:\\\/\\\/www.retaildetail.be\\\/fr\\\/news\\\/general\\\/john-lewis-enterre-ses-ambitions-internationales\\\/#breadcrumb\",\"itemListElement\":[{\"@type\":\"ListItem\",\"position\":1,\"name\":\"Home\",\"item\":\"https:\\\/\\\/www.retaildetail.be\\\/fr\\\/\"},{\"@type\":\"ListItem\",\"position\":2,\"name\":\"John Lewis enterre ses ambitions internationales\"}]},{\"@type\":\"WebSite\",\"@id\":\"https:\\\/\\\/www.retaildetail.be\\\/nl\\\/#website\",\"url\":\"https:\\\/\\\/www.retaildetail.be\\\/nl\\\/\",\"name\":\"RetailDetail BE\",\"description\":\"News\",\"publisher\":{\"@id\":\"https:\\\/\\\/www.retaildetail.be\\\/nl\\\/#organization\"},\"potentialAction\":[{\"@type\":\"SearchAction\",\"target\":{\"@type\":\"EntryPoint\",\"urlTemplate\":\"https:\\\/\\\/www.retaildetail.be\\\/nl\\\/?s={search_term_string}\"},\"query-input\":{\"@type\":\"PropertyValueSpecification\",\"valueRequired\":true,\"valueName\":\"search_term_string\"}}],\"inLanguage\":\"fr-FR\"},{\"@type\":\"Organization\",\"@id\":\"https:\\\/\\\/www.retaildetail.be\\\/nl\\\/#organization\",\"name\":\"RetailDetail BE\",\"url\":\"https:\\\/\\\/www.retaildetail.be\\\/nl\\\/\",\"logo\":{\"@type\":\"ImageObject\",\"inLanguage\":\"fr-FR\",\"@id\":\"https:\\\/\\\/www.retaildetail.be\\\/nl\\\/#\\\/schema\\\/logo\\\/image\\\/\",\"url\":\"https:\\\/\\\/www.retaildetail.be\\\/wp-content\\\/uploads\\\/2022\\\/04\\\/logo.svg\",\"contentUrl\":\"https:\\\/\\\/www.retaildetail.be\\\/wp-content\\\/uploads\\\/2022\\\/04\\\/logo.svg\",\"width\":131,\"height\":70,\"caption\":\"RetailDetail BE\"},\"image\":{\"@id\":\"https:\\\/\\\/www.retaildetail.be\\\/nl\\\/#\\\/schema\\\/logo\\\/image\\\/\"}},{\"@type\":\"Person\",\"@id\":\"https:\\\/\\\/www.retaildetail.be\\\/nl\\\/#\\\/schema\\\/person\\\/ba2d383452a753a3a1ce8cdb349b5fc9\",\"name\":\"dev@grandiz.com\",\"image\":{\"@type\":\"ImageObject\",\"inLanguage\":\"fr-FR\",\"@id\":\"https:\\\/\\\/secure.gravatar.com\\\/avatar\\\/5f53ce9fb6eed4a60e5aaaa712be8773880fa9459d9cac9bc4aa4fdbce3f447f?s=96&d=mm&r=g\",\"url\":\"https:\\\/\\\/secure.gravatar.com\\\/avatar\\\/5f53ce9fb6eed4a60e5aaaa712be8773880fa9459d9cac9bc4aa4fdbce3f447f?s=96&d=mm&r=g\",\"contentUrl\":\"https:\\\/\\\/secure.gravatar.com\\\/avatar\\\/5f53ce9fb6eed4a60e5aaaa712be8773880fa9459d9cac9bc4aa4fdbce3f447f?s=96&d=mm&r=g\",\"caption\":\"dev@grandiz.com\"},\"sameAs\":[\"http:\\\/\\\/preprod.retaildetail.be\"],\"url\":\"https:\\\/\\\/www.retaildetail.be\\\/fr\\\/author\\\/devgrandiz-com\\\/\"}]}<\/script>\n<!-- \/ Yoast SEO plugin. -->","yoast_head_json":{"title":"John Lewis enterre ses ambitions internationales - RetailDetail BE","description":"John Lewis\u00a0a d\u00e9cid\u00e9 de mettre fin \u00e0 sa strat\u00e9gie d'expansion internationale.","robots":{"index":"index","follow":"follow","max-snippet":"max-snippet:-1","max-image-preview":"max-image-preview:large","max-video-preview":"max-video-preview:-1"},"canonical":"https:\/\/www.retaildetail.be\/fr\/news\/general\/john-lewis-enterre-ses-ambitions-internationales\/","og_locale":"fr_FR","og_type":"article","og_title":"John Lewis enterre ses ambitions internationales - RetailDetail BE","og_description":"John Lewis\u00a0a d\u00e9cid\u00e9 de mettre fin \u00e0 sa strat\u00e9gie d'expansion internationale.","og_url":"https:\/\/www.retaildetail.be\/fr\/news\/general\/john-lewis-enterre-ses-ambitions-internationales\/","og_site_name":"RetailDetail BE","article_published_time":"2020-12-03T15:49:09+00:00","og_image":[{"width":990,"height":661,"url":"https:\/\/i0.wp.com\/www.retaildetail.be\/wp-content\/uploads\/2022\/04\/shutterstock_239259712.jpg?fit=990%2C661&quality=100&strip=all&ssl=1","type":"image\/jpeg"}],"author":"dev@grandiz.com","twitter_card":"summary_large_image","twitter_misc":{"\u00c9crit par":"dev@grandiz.com","Dur\u00e9e de lecture estim\u00e9e":"1 minute"},"schema":{"@context":"https:\/\/schema.org","@graph":[{"@type":"NewsArticle","@id":"https:\/\/www.retaildetail.be\/fr\/news\/general\/john-lewis-enterre-ses-ambitions-internationales\/#article","isPartOf":{"@id":"https:\/\/www.retaildetail.be\/fr\/news\/general\/john-lewis-enterre-ses-ambitions-internationales\/"},"author":{"name":"dev@grandiz.com","@id":"https:\/\/www.retaildetail.be\/nl\/#\/schema\/person\/ba2d383452a753a3a1ce8cdb349b5fc9"},"headline":"John Lewis enterre ses ambitions internationales","datePublished":"2020-12-03T15:49:09+00:00","mainEntityOfPage":{"@id":"https:\/\/www.retaildetail.be\/fr\/news\/general\/john-lewis-enterre-ses-ambitions-internationales\/"},"wordCount":237,"publisher":{"@id":"https:\/\/www.retaildetail.be\/nl\/#organization"},"image":{"@id":"https:\/\/www.retaildetail.be\/fr\/news\/general\/john-lewis-enterre-ses-ambitions-internationales\/#primaryimage"},"thumbnailUrl":"https:\/\/www.retaildetail.be\/wp-content\/uploads\/2022\/04\/shutterstock_239259712.jpg","articleSection":["G\u00e9n\u00e9ral"],"inLanguage":"fr-FR","copyrightYear":"2020","copyrightHolder":{"@id":"https:\/\/www.retaildetail.be\/#organization"}},{"@type":"WebPage","@id":"https:\/\/www.retaildetail.be\/fr\/news\/general\/john-lewis-enterre-ses-ambitions-internationales\/","url":"https:\/\/www.retaildetail.be\/fr\/news\/general\/john-lewis-enterre-ses-ambitions-internationales\/","name":"John Lewis enterre ses ambitions internationales - RetailDetail BE","isPartOf":{"@id":"https:\/\/www.retaildetail.be\/nl\/#website"},"primaryImageOfPage":{"@id":"https:\/\/www.retaildetail.be\/fr\/news\/general\/john-lewis-enterre-ses-ambitions-internationales\/#primaryimage"},"image":{"@id":"https:\/\/www.retaildetail.be\/fr\/news\/general\/john-lewis-enterre-ses-ambitions-internationales\/#primaryimage"},"thumbnailUrl":"https:\/\/www.retaildetail.be\/wp-content\/uploads\/2022\/04\/shutterstock_239259712.jpg","datePublished":"2020-12-03T15:49:09+00:00","description":"John Lewis\u00a0a d\u00e9cid\u00e9 de mettre fin \u00e0 sa strat\u00e9gie d'expansion internationale.","breadcrumb":{"@id":"https:\/\/www.retaildetail.be\/fr\/news\/general\/john-lewis-enterre-ses-ambitions-internationales\/#breadcrumb"},"inLanguage":"fr-FR","potentialAction":[{"@type":"ReadAction","target":["https:\/\/www.retaildetail.be\/fr\/news\/general\/john-lewis-enterre-ses-ambitions-internationales\/"]}]},{"@type":"ImageObject","inLanguage":"fr-FR","@id":"https:\/\/www.retaildetail.be\/fr\/news\/general\/john-lewis-enterre-ses-ambitions-internationales\/#primaryimage","url":"https:\/\/www.retaildetail.be\/wp-content\/uploads\/2022\/04\/shutterstock_239259712.jpg","contentUrl":"https:\/\/www.retaildetail.be\/wp-content\/uploads\/2022\/04\/shutterstock_239259712.jpg","width":990,"height":661},{"@type":"BreadcrumbList","@id":"https:\/\/www.retaildetail.be\/fr\/news\/general\/john-lewis-enterre-ses-ambitions-internationales\/#breadcrumb","itemListElement":[{"@type":"ListItem","position":1,"name":"Home","item":"https:\/\/www.retaildetail.be\/fr\/"},{"@type":"ListItem","position":2,"name":"John Lewis enterre ses ambitions internationales"}]},{"@type":"WebSite","@id":"https:\/\/www.retaildetail.be\/nl\/#website","url":"https:\/\/www.retaildetail.be\/nl\/","name":"RetailDetail BE","description":"News","publisher":{"@id":"https:\/\/www.retaildetail.be\/nl\/#organization"},"potentialAction":[{"@type":"SearchAction","target":{"@type":"EntryPoint","urlTemplate":"https:\/\/www.retaildetail.be\/nl\/?s={search_term_string}"},"query-input":{"@type":"PropertyValueSpecification","valueRequired":true,"valueName":"search_term_string"}}],"inLanguage":"fr-FR"},{"@type":"Organization","@id":"https:\/\/www.retaildetail.be\/nl\/#organization","name":"RetailDetail BE","url":"https:\/\/www.retaildetail.be\/nl\/","logo":{"@type":"ImageObject","inLanguage":"fr-FR","@id":"https:\/\/www.retaildetail.be\/nl\/#\/schema\/logo\/image\/","url":"https:\/\/www.retaildetail.be\/wp-content\/uploads\/2022\/04\/logo.svg","contentUrl":"https:\/\/www.retaildetail.be\/wp-content\/uploads\/2022\/04\/logo.svg","width":131,"height":70,"caption":"RetailDetail BE"},"image":{"@id":"https:\/\/www.retaildetail.be\/nl\/#\/schema\/logo\/image\/"}},{"@type":"Person","@id":"https:\/\/www.retaildetail.be\/nl\/#\/schema\/person\/ba2d383452a753a3a1ce8cdb349b5fc9","name":"dev@grandiz.com","image":{"@type":"ImageObject","inLanguage":"fr-FR","@id":"https:\/\/secure.gravatar.com\/avatar\/5f53ce9fb6eed4a60e5aaaa712be8773880fa9459d9cac9bc4aa4fdbce3f447f?s=96&d=mm&r=g","url":"https:\/\/secure.gravatar.com\/avatar\/5f53ce9fb6eed4a60e5aaaa712be8773880fa9459d9cac9bc4aa4fdbce3f447f?s=96&d=mm&r=g","contentUrl":"https:\/\/secure.gravatar.com\/avatar\/5f53ce9fb6eed4a60e5aaaa712be8773880fa9459d9cac9bc4aa4fdbce3f447f?s=96&d=mm&r=g","caption":"dev@grandiz.com"},"sameAs":["http:\/\/preprod.retaildetail.be"],"url":"https:\/\/www.retaildetail.be\/fr\/author\/devgrandiz-com\/"}]}},"jetpack_featured_media_url":"https:\/\/www.retaildetail.be\/wp-content\/uploads\/2022\/04\/shutterstock_239259712.jpg","jetpack_sharing_enabled":true,"_links":{"self":[{"href":"https:\/\/www.retaildetail.be\/fr\/wp-json\/wp\/v2\/posts\/45197","targetHints":{"allow":["GET"]}}],"collection":[{"href":"https:\/\/www.retaildetail.be\/fr\/wp-json\/wp\/v2\/posts"}],"about":[{"href":"https:\/\/www.retaildetail.be\/fr\/wp-json\/wp\/v2\/types\/post"}],"author":[{"embeddable":true,"href":"https:\/\/www.retaildetail.be\/fr\/wp-json\/wp\/v2\/users\/1"}],"replies":[{"embeddable":true,"href":"https:\/\/www.retaildetail.be\/fr\/wp-json\/wp\/v2\/comments?post=45197"}],"version-history":[{"count":0,"href":"https:\/\/www.retaildetail.be\/fr\/wp-json\/wp\/v2\/posts\/45197\/revisions"}],"wp:featuredmedia":[{"embeddable":true,"href":"https:\/\/www.retaildetail.be\/fr\/wp-json\/wp\/v2\/media\/45194"}],"wp:attachment":[{"href":"https:\/\/www.retaildetail.be\/fr\/wp-json\/wp\/v2\/media?parent=45197"}],"wp:term":[{"taxonomy":"category","embeddable":true,"href":"https:\/\/www.retaildetail.be\/fr\/wp-json\/wp\/v2\/categories?post=45197"},{"taxonomy":"post_tag","embeddable":true,"href":"https:\/\/www.retaildetail.be\/fr\/wp-json\/wp\/v2\/tags?post=45197"},{"taxonomy":"people","embeddable":true,"href":"https:\/\/www.retaildetail.be\/fr\/wp-json\/wp\/v2\/people?post=45197"},{"taxonomy":"extra","embeddable":true,"href":"https:\/\/www.retaildetail.be\/fr\/wp-json\/wp\/v2\/extra?post=45197"},{"taxonomy":"company","embeddable":true,"href":"https:\/\/www.retaildetail.be\/fr\/wp-json\/wp\/v2\/company?post=45197"},{"taxonomy":"topic","embeddable":true,"href":"https:\/\/www.retaildetail.be\/fr\/wp-json\/wp\/v2\/topic?post=45197"},{"taxonomy":"region","embeddable":true,"href":"https:\/\/www.retaildetail.be\/fr\/wp-json\/wp\/v2\/region?post=45197"}],"curies":[{"name":"wp","href":"https:\/\/api.w.org\/{rel}","templated":true}]}}