{"id":46320,"date":"2021-02-02T08:55:13","date_gmt":"2021-02-02T08:55:13","guid":{"rendered":"https:\/\/www.retaildetail.be\/general\/le-rachat-de-hema-est-acte-2\/"},"modified":"2021-02-02T08:55:13","modified_gmt":"2021-02-02T08:55:13","slug":"le-rachat-de-hema-est-acte-2","status":"publish","type":"post","link":"https:\/\/www.retaildetail.be\/fr\/news\/general\/le-rachat-de-hema-est-acte-2\/","title":{"rendered":"Le rachat de Hema est act\u00e9"},"content":{"rendered":"<p><span style=\"background-color:white\">Le rachat de la cha\u00eene de magasins hollandaise\u00a0<strong>Hema<\/strong>\u00a0est confirm\u00e9. Le d\u00e9taillant est d\u00e9sormais officiellement aux mains de la famille Van Eerd (<strong>Jumbo<\/strong>) et de la soci\u00e9t\u00e9 d&rsquo;investissement\u00a0<strong>Parcom<\/strong>.<\/span><\/p>\n<p><!--break--><\/p>\n<p>\u00a0<\/p>\n<h2><span style=\"background-color:white\">Nouveaux commissaires<\/span><\/h2>\n<p><span style=\"background-color:white\">Le rachat ne devait plus qu\u2019\u00eatre approuv\u00e9 par l&rsquo;Europe, ce qui est maintenant chose faite, a d\u00e9clar\u00e9 la soci\u00e9t\u00e9 dans un communiqu\u00e9. Le rachat avait pr\u00e9c\u00e9demment obtenu l\u2019avis positif du conseil d&rsquo;entreprise de Hema ainsi que le feu vert de l&rsquo;Autorit\u00e9 des march\u00e9s financiers (AMF).<\/span><\/p>\n<p><span style=\"background-color:white\">\u00a0<\/span><\/p>\n<p><span style=\"background-color:white\">Hier, le nouveau Conseil de surveillance, pr\u00e9sid\u00e9 par Pieter Haas, a \u00e9galement \u00e9t\u00e9 mis en place. Wilco Jiskoot et Ronald van de Vis restent membres du Conseil de surveillance. En outre, Ton van Veen (Mississippi Ventures) et Bas Becks (Parcom) se joignent aussi aux prises de d\u00e9cision. <\/span><\/p>\n<p><span style=\"background-color:white\">\u00a0<\/span><\/p>\n<p><span style=\"background-color:white\">La semaine derni\u00e8re, il a d\u00e9j\u00e0 \u00e9t\u00e9 annonc\u00e9 que Saskia Egas Reparaz succ\u00e8derait cette ann\u00e9e \u00e0 Tjeerd Jegen\u00a0<a href=\"https:\/\/www.retaildetail.be\/fr\/news\/g%C3%A9n%C3%A9ral\/saskia-egas-reparaz-nouvelle-ceo-de-hema\" target=\"_blank\" rel=\"noopener\">au poste de PDG<\/a>\u00a0de Hema. La date pr\u00e9cise de la transition n\u2019a pas \u00e9t\u00e9 divulgu\u00e9e.<\/span><\/p>\n","protected":false},"excerpt":{"rendered":"<p>Le rachat de la cha\u00eene de magasins hollandaise\u00a0Hema\u00a0est confirm\u00e9. Le d\u00e9taillant est d\u00e9sormais officiellement aux mains de la famille Van Eerd (Jumbo) et de la soci\u00e9t\u00e9 d&rsquo;investissement\u00a0Parcom. \u00a0 Nouveaux commissaires Le rachat ne devait plus qu\u2019\u00eatre approuv\u00e9 par l&rsquo;Europe, ce qui est maintenant chose faite, a d\u00e9clar\u00e9 la soci\u00e9t\u00e9 dans un communiqu\u00e9. Le rachat avait [&hellip;]<\/p>\n","protected":false},"author":1,"featured_media":46317,"comment_status":"closed","ping_status":"closed","sticky":false,"template":"","format":"standard","meta":{"_acf_changed":false,"inline_featured_image":false,"_jetpack_memberships_contains_paid_content":false,"footnotes":""},"categories":[25],"tags":[],"people":[],"extra":[],"company":[],"topic":[],"region":[],"class_list":["post-46320","post","type-post","status-publish","format-standard","has-post-thumbnail","hentry","category-general"],"acf":[],"yoast_head":"<!-- This site is optimized with the Yoast SEO plugin v27.3 - https:\/\/yoast.com\/product\/yoast-seo-wordpress\/ -->\n<title>Le rachat de Hema est act\u00e9 - RetailDetail BE<\/title>\n<meta name=\"description\" content=\"Le rachat de Hema est confirm\u00e9 : le d\u00e9taillant est officiellement aux mains de la famille Van Eerd (Jumbo) et de la soci\u00e9t\u00e9 d&#039;investissement Parcom.\" \/>\n<meta name=\"robots\" content=\"index, follow, max-snippet:-1, max-image-preview:large, max-video-preview:-1\" \/>\n<link rel=\"canonical\" href=\"https:\/\/www.retaildetail.be\/fr\/news\/general\/le-rachat-de-hema-est-acte-2\/\" \/>\n<meta property=\"og:locale\" content=\"fr_FR\" \/>\n<meta property=\"og:type\" content=\"article\" \/>\n<meta property=\"og:title\" content=\"Le rachat de Hema est act\u00e9 - RetailDetail BE\" \/>\n<meta property=\"og:description\" content=\"Le rachat de Hema est confirm\u00e9 : le d\u00e9taillant est officiellement aux mains de la famille Van Eerd (Jumbo) et de la soci\u00e9t\u00e9 d&#039;investissement Parcom.\" \/>\n<meta property=\"og:url\" content=\"https:\/\/www.retaildetail.be\/fr\/news\/general\/le-rachat-de-hema-est-acte-2\/\" \/>\n<meta property=\"og:site_name\" content=\"RetailDetail BE\" \/>\n<meta property=\"article:published_time\" content=\"2021-02-02T08:55:13+00:00\" \/>\n<meta property=\"og:image\" content=\"https:\/\/i0.wp.com\/www.retaildetail.be\/wp-content\/uploads\/2022\/04\/persfoto-overname-HEMA-afgerond7644.jpg?fit=902%2C561&quality=100&strip=all&ssl=1\" \/>\n\t<meta property=\"og:image:width\" content=\"902\" \/>\n\t<meta property=\"og:image:height\" content=\"561\" \/>\n\t<meta property=\"og:image:type\" content=\"image\/jpeg\" \/>\n<meta name=\"author\" content=\"dev@grandiz.com\" \/>\n<meta name=\"twitter:card\" content=\"summary_large_image\" \/>\n<meta name=\"twitter:label1\" content=\"\u00c9crit par\" \/>\n\t<meta name=\"twitter:data1\" content=\"dev@grandiz.com\" \/>\n\t<meta name=\"twitter:label2\" content=\"Dur\u00e9e de lecture estim\u00e9e\" \/>\n\t<meta name=\"twitter:data2\" content=\"1 minute\" \/>\n<script type=\"application\/ld+json\" class=\"yoast-schema-graph\">{\"@context\":\"https:\\\/\\\/schema.org\",\"@graph\":[{\"@type\":\"NewsArticle\",\"@id\":\"https:\\\/\\\/www.retaildetail.be\\\/fr\\\/news\\\/general\\\/le-rachat-de-hema-est-acte-2\\\/#article\",\"isPartOf\":{\"@id\":\"https:\\\/\\\/www.retaildetail.be\\\/fr\\\/news\\\/general\\\/le-rachat-de-hema-est-acte-2\\\/\"},\"author\":{\"name\":\"dev@grandiz.com\",\"@id\":\"https:\\\/\\\/www.retaildetail.be\\\/nl\\\/#\\\/schema\\\/person\\\/ba2d383452a753a3a1ce8cdb349b5fc9\"},\"headline\":\"Le rachat de Hema est act\u00e9\",\"datePublished\":\"2021-02-02T08:55:13+00:00\",\"mainEntityOfPage\":{\"@id\":\"https:\\\/\\\/www.retaildetail.be\\\/fr\\\/news\\\/general\\\/le-rachat-de-hema-est-acte-2\\\/\"},\"wordCount\":187,\"publisher\":{\"@id\":\"https:\\\/\\\/www.retaildetail.be\\\/nl\\\/#organization\"},\"image\":{\"@id\":\"https:\\\/\\\/www.retaildetail.be\\\/fr\\\/news\\\/general\\\/le-rachat-de-hema-est-acte-2\\\/#primaryimage\"},\"thumbnailUrl\":\"https:\\\/\\\/www.retaildetail.be\\\/wp-content\\\/uploads\\\/2022\\\/04\\\/persfoto-overname-HEMA-afgerond7644.jpg\",\"articleSection\":[\"G\u00e9n\u00e9ral\"],\"inLanguage\":\"fr-FR\",\"copyrightYear\":\"2021\",\"copyrightHolder\":{\"@id\":\"https:\\\/\\\/www.retaildetail.be\\\/#organization\"}},{\"@type\":\"WebPage\",\"@id\":\"https:\\\/\\\/www.retaildetail.be\\\/fr\\\/news\\\/general\\\/le-rachat-de-hema-est-acte-2\\\/\",\"url\":\"https:\\\/\\\/www.retaildetail.be\\\/fr\\\/news\\\/general\\\/le-rachat-de-hema-est-acte-2\\\/\",\"name\":\"Le rachat de Hema est act\u00e9 - RetailDetail BE\",\"isPartOf\":{\"@id\":\"https:\\\/\\\/www.retaildetail.be\\\/nl\\\/#website\"},\"primaryImageOfPage\":{\"@id\":\"https:\\\/\\\/www.retaildetail.be\\\/fr\\\/news\\\/general\\\/le-rachat-de-hema-est-acte-2\\\/#primaryimage\"},\"image\":{\"@id\":\"https:\\\/\\\/www.retaildetail.be\\\/fr\\\/news\\\/general\\\/le-rachat-de-hema-est-acte-2\\\/#primaryimage\"},\"thumbnailUrl\":\"https:\\\/\\\/www.retaildetail.be\\\/wp-content\\\/uploads\\\/2022\\\/04\\\/persfoto-overname-HEMA-afgerond7644.jpg\",\"datePublished\":\"2021-02-02T08:55:13+00:00\",\"description\":\"Le rachat de Hema est confirm\u00e9 : le d\u00e9taillant est officiellement aux mains de la famille Van Eerd (Jumbo) et de la soci\u00e9t\u00e9 d'investissement Parcom.\",\"breadcrumb\":{\"@id\":\"https:\\\/\\\/www.retaildetail.be\\\/fr\\\/news\\\/general\\\/le-rachat-de-hema-est-acte-2\\\/#breadcrumb\"},\"inLanguage\":\"fr-FR\",\"potentialAction\":[{\"@type\":\"ReadAction\",\"target\":[\"https:\\\/\\\/www.retaildetail.be\\\/fr\\\/news\\\/general\\\/le-rachat-de-hema-est-acte-2\\\/\"]}]},{\"@type\":\"ImageObject\",\"inLanguage\":\"fr-FR\",\"@id\":\"https:\\\/\\\/www.retaildetail.be\\\/fr\\\/news\\\/general\\\/le-rachat-de-hema-est-acte-2\\\/#primaryimage\",\"url\":\"https:\\\/\\\/www.retaildetail.be\\\/wp-content\\\/uploads\\\/2022\\\/04\\\/persfoto-overname-HEMA-afgerond7644.jpg\",\"contentUrl\":\"https:\\\/\\\/www.retaildetail.be\\\/wp-content\\\/uploads\\\/2022\\\/04\\\/persfoto-overname-HEMA-afgerond7644.jpg\",\"width\":902,\"height\":561},{\"@type\":\"BreadcrumbList\",\"@id\":\"https:\\\/\\\/www.retaildetail.be\\\/fr\\\/news\\\/general\\\/le-rachat-de-hema-est-acte-2\\\/#breadcrumb\",\"itemListElement\":[{\"@type\":\"ListItem\",\"position\":1,\"name\":\"Home\",\"item\":\"https:\\\/\\\/www.retaildetail.be\\\/fr\\\/\"},{\"@type\":\"ListItem\",\"position\":2,\"name\":\"Le rachat de Hema est act\u00e9\"}]},{\"@type\":\"WebSite\",\"@id\":\"https:\\\/\\\/www.retaildetail.be\\\/nl\\\/#website\",\"url\":\"https:\\\/\\\/www.retaildetail.be\\\/nl\\\/\",\"name\":\"RetailDetail BE\",\"description\":\"News\",\"publisher\":{\"@id\":\"https:\\\/\\\/www.retaildetail.be\\\/nl\\\/#organization\"},\"potentialAction\":[{\"@type\":\"SearchAction\",\"target\":{\"@type\":\"EntryPoint\",\"urlTemplate\":\"https:\\\/\\\/www.retaildetail.be\\\/nl\\\/?s={search_term_string}\"},\"query-input\":{\"@type\":\"PropertyValueSpecification\",\"valueRequired\":true,\"valueName\":\"search_term_string\"}}],\"inLanguage\":\"fr-FR\"},{\"@type\":\"Organization\",\"@id\":\"https:\\\/\\\/www.retaildetail.be\\\/nl\\\/#organization\",\"name\":\"RetailDetail BE\",\"url\":\"https:\\\/\\\/www.retaildetail.be\\\/nl\\\/\",\"logo\":{\"@type\":\"ImageObject\",\"inLanguage\":\"fr-FR\",\"@id\":\"https:\\\/\\\/www.retaildetail.be\\\/nl\\\/#\\\/schema\\\/logo\\\/image\\\/\",\"url\":\"https:\\\/\\\/www.retaildetail.be\\\/wp-content\\\/uploads\\\/2022\\\/04\\\/logo.svg\",\"contentUrl\":\"https:\\\/\\\/www.retaildetail.be\\\/wp-content\\\/uploads\\\/2022\\\/04\\\/logo.svg\",\"width\":131,\"height\":70,\"caption\":\"RetailDetail BE\"},\"image\":{\"@id\":\"https:\\\/\\\/www.retaildetail.be\\\/nl\\\/#\\\/schema\\\/logo\\\/image\\\/\"}},{\"@type\":\"Person\",\"@id\":\"https:\\\/\\\/www.retaildetail.be\\\/nl\\\/#\\\/schema\\\/person\\\/ba2d383452a753a3a1ce8cdb349b5fc9\",\"name\":\"dev@grandiz.com\",\"image\":{\"@type\":\"ImageObject\",\"inLanguage\":\"fr-FR\",\"@id\":\"https:\\\/\\\/secure.gravatar.com\\\/avatar\\\/5f53ce9fb6eed4a60e5aaaa712be8773880fa9459d9cac9bc4aa4fdbce3f447f?s=96&d=mm&r=g\",\"url\":\"https:\\\/\\\/secure.gravatar.com\\\/avatar\\\/5f53ce9fb6eed4a60e5aaaa712be8773880fa9459d9cac9bc4aa4fdbce3f447f?s=96&d=mm&r=g\",\"contentUrl\":\"https:\\\/\\\/secure.gravatar.com\\\/avatar\\\/5f53ce9fb6eed4a60e5aaaa712be8773880fa9459d9cac9bc4aa4fdbce3f447f?s=96&d=mm&r=g\",\"caption\":\"dev@grandiz.com\"},\"sameAs\":[\"http:\\\/\\\/preprod.retaildetail.be\"],\"url\":\"https:\\\/\\\/www.retaildetail.be\\\/fr\\\/author\\\/devgrandiz-com\\\/\"}]}<\/script>\n<!-- \/ Yoast SEO plugin. -->","yoast_head_json":{"title":"Le rachat de Hema est act\u00e9 - RetailDetail BE","description":"Le rachat de Hema est confirm\u00e9 : le d\u00e9taillant est officiellement aux mains de la famille Van Eerd (Jumbo) et de la soci\u00e9t\u00e9 d'investissement Parcom.","robots":{"index":"index","follow":"follow","max-snippet":"max-snippet:-1","max-image-preview":"max-image-preview:large","max-video-preview":"max-video-preview:-1"},"canonical":"https:\/\/www.retaildetail.be\/fr\/news\/general\/le-rachat-de-hema-est-acte-2\/","og_locale":"fr_FR","og_type":"article","og_title":"Le rachat de Hema est act\u00e9 - RetailDetail BE","og_description":"Le rachat de Hema est confirm\u00e9 : le d\u00e9taillant est officiellement aux mains de la famille Van Eerd (Jumbo) et de la soci\u00e9t\u00e9 d'investissement Parcom.","og_url":"https:\/\/www.retaildetail.be\/fr\/news\/general\/le-rachat-de-hema-est-acte-2\/","og_site_name":"RetailDetail BE","article_published_time":"2021-02-02T08:55:13+00:00","og_image":[{"width":902,"height":561,"url":"https:\/\/i0.wp.com\/www.retaildetail.be\/wp-content\/uploads\/2022\/04\/persfoto-overname-HEMA-afgerond7644.jpg?fit=902%2C561&quality=100&strip=all&ssl=1","type":"image\/jpeg"}],"author":"dev@grandiz.com","twitter_card":"summary_large_image","twitter_misc":{"\u00c9crit par":"dev@grandiz.com","Dur\u00e9e de lecture estim\u00e9e":"1 minute"},"schema":{"@context":"https:\/\/schema.org","@graph":[{"@type":"NewsArticle","@id":"https:\/\/www.retaildetail.be\/fr\/news\/general\/le-rachat-de-hema-est-acte-2\/#article","isPartOf":{"@id":"https:\/\/www.retaildetail.be\/fr\/news\/general\/le-rachat-de-hema-est-acte-2\/"},"author":{"name":"dev@grandiz.com","@id":"https:\/\/www.retaildetail.be\/nl\/#\/schema\/person\/ba2d383452a753a3a1ce8cdb349b5fc9"},"headline":"Le rachat de Hema est act\u00e9","datePublished":"2021-02-02T08:55:13+00:00","mainEntityOfPage":{"@id":"https:\/\/www.retaildetail.be\/fr\/news\/general\/le-rachat-de-hema-est-acte-2\/"},"wordCount":187,"publisher":{"@id":"https:\/\/www.retaildetail.be\/nl\/#organization"},"image":{"@id":"https:\/\/www.retaildetail.be\/fr\/news\/general\/le-rachat-de-hema-est-acte-2\/#primaryimage"},"thumbnailUrl":"https:\/\/www.retaildetail.be\/wp-content\/uploads\/2022\/04\/persfoto-overname-HEMA-afgerond7644.jpg","articleSection":["G\u00e9n\u00e9ral"],"inLanguage":"fr-FR","copyrightYear":"2021","copyrightHolder":{"@id":"https:\/\/www.retaildetail.be\/#organization"}},{"@type":"WebPage","@id":"https:\/\/www.retaildetail.be\/fr\/news\/general\/le-rachat-de-hema-est-acte-2\/","url":"https:\/\/www.retaildetail.be\/fr\/news\/general\/le-rachat-de-hema-est-acte-2\/","name":"Le rachat de Hema est act\u00e9 - RetailDetail BE","isPartOf":{"@id":"https:\/\/www.retaildetail.be\/nl\/#website"},"primaryImageOfPage":{"@id":"https:\/\/www.retaildetail.be\/fr\/news\/general\/le-rachat-de-hema-est-acte-2\/#primaryimage"},"image":{"@id":"https:\/\/www.retaildetail.be\/fr\/news\/general\/le-rachat-de-hema-est-acte-2\/#primaryimage"},"thumbnailUrl":"https:\/\/www.retaildetail.be\/wp-content\/uploads\/2022\/04\/persfoto-overname-HEMA-afgerond7644.jpg","datePublished":"2021-02-02T08:55:13+00:00","description":"Le rachat de Hema est confirm\u00e9 : le d\u00e9taillant est officiellement aux mains de la famille Van Eerd (Jumbo) et de la soci\u00e9t\u00e9 d'investissement Parcom.","breadcrumb":{"@id":"https:\/\/www.retaildetail.be\/fr\/news\/general\/le-rachat-de-hema-est-acte-2\/#breadcrumb"},"inLanguage":"fr-FR","potentialAction":[{"@type":"ReadAction","target":["https:\/\/www.retaildetail.be\/fr\/news\/general\/le-rachat-de-hema-est-acte-2\/"]}]},{"@type":"ImageObject","inLanguage":"fr-FR","@id":"https:\/\/www.retaildetail.be\/fr\/news\/general\/le-rachat-de-hema-est-acte-2\/#primaryimage","url":"https:\/\/www.retaildetail.be\/wp-content\/uploads\/2022\/04\/persfoto-overname-HEMA-afgerond7644.jpg","contentUrl":"https:\/\/www.retaildetail.be\/wp-content\/uploads\/2022\/04\/persfoto-overname-HEMA-afgerond7644.jpg","width":902,"height":561},{"@type":"BreadcrumbList","@id":"https:\/\/www.retaildetail.be\/fr\/news\/general\/le-rachat-de-hema-est-acte-2\/#breadcrumb","itemListElement":[{"@type":"ListItem","position":1,"name":"Home","item":"https:\/\/www.retaildetail.be\/fr\/"},{"@type":"ListItem","position":2,"name":"Le rachat de Hema est act\u00e9"}]},{"@type":"WebSite","@id":"https:\/\/www.retaildetail.be\/nl\/#website","url":"https:\/\/www.retaildetail.be\/nl\/","name":"RetailDetail BE","description":"News","publisher":{"@id":"https:\/\/www.retaildetail.be\/nl\/#organization"},"potentialAction":[{"@type":"SearchAction","target":{"@type":"EntryPoint","urlTemplate":"https:\/\/www.retaildetail.be\/nl\/?s={search_term_string}"},"query-input":{"@type":"PropertyValueSpecification","valueRequired":true,"valueName":"search_term_string"}}],"inLanguage":"fr-FR"},{"@type":"Organization","@id":"https:\/\/www.retaildetail.be\/nl\/#organization","name":"RetailDetail BE","url":"https:\/\/www.retaildetail.be\/nl\/","logo":{"@type":"ImageObject","inLanguage":"fr-FR","@id":"https:\/\/www.retaildetail.be\/nl\/#\/schema\/logo\/image\/","url":"https:\/\/www.retaildetail.be\/wp-content\/uploads\/2022\/04\/logo.svg","contentUrl":"https:\/\/www.retaildetail.be\/wp-content\/uploads\/2022\/04\/logo.svg","width":131,"height":70,"caption":"RetailDetail BE"},"image":{"@id":"https:\/\/www.retaildetail.be\/nl\/#\/schema\/logo\/image\/"}},{"@type":"Person","@id":"https:\/\/www.retaildetail.be\/nl\/#\/schema\/person\/ba2d383452a753a3a1ce8cdb349b5fc9","name":"dev@grandiz.com","image":{"@type":"ImageObject","inLanguage":"fr-FR","@id":"https:\/\/secure.gravatar.com\/avatar\/5f53ce9fb6eed4a60e5aaaa712be8773880fa9459d9cac9bc4aa4fdbce3f447f?s=96&d=mm&r=g","url":"https:\/\/secure.gravatar.com\/avatar\/5f53ce9fb6eed4a60e5aaaa712be8773880fa9459d9cac9bc4aa4fdbce3f447f?s=96&d=mm&r=g","contentUrl":"https:\/\/secure.gravatar.com\/avatar\/5f53ce9fb6eed4a60e5aaaa712be8773880fa9459d9cac9bc4aa4fdbce3f447f?s=96&d=mm&r=g","caption":"dev@grandiz.com"},"sameAs":["http:\/\/preprod.retaildetail.be"],"url":"https:\/\/www.retaildetail.be\/fr\/author\/devgrandiz-com\/"}]}},"jetpack_featured_media_url":"https:\/\/www.retaildetail.be\/wp-content\/uploads\/2022\/04\/persfoto-overname-HEMA-afgerond7644.jpg","jetpack_sharing_enabled":true,"_links":{"self":[{"href":"https:\/\/www.retaildetail.be\/fr\/wp-json\/wp\/v2\/posts\/46320","targetHints":{"allow":["GET"]}}],"collection":[{"href":"https:\/\/www.retaildetail.be\/fr\/wp-json\/wp\/v2\/posts"}],"about":[{"href":"https:\/\/www.retaildetail.be\/fr\/wp-json\/wp\/v2\/types\/post"}],"author":[{"embeddable":true,"href":"https:\/\/www.retaildetail.be\/fr\/wp-json\/wp\/v2\/users\/1"}],"replies":[{"embeddable":true,"href":"https:\/\/www.retaildetail.be\/fr\/wp-json\/wp\/v2\/comments?post=46320"}],"version-history":[{"count":0,"href":"https:\/\/www.retaildetail.be\/fr\/wp-json\/wp\/v2\/posts\/46320\/revisions"}],"wp:featuredmedia":[{"embeddable":true,"href":"https:\/\/www.retaildetail.be\/fr\/wp-json\/wp\/v2\/media\/46317"}],"wp:attachment":[{"href":"https:\/\/www.retaildetail.be\/fr\/wp-json\/wp\/v2\/media?parent=46320"}],"wp:term":[{"taxonomy":"category","embeddable":true,"href":"https:\/\/www.retaildetail.be\/fr\/wp-json\/wp\/v2\/categories?post=46320"},{"taxonomy":"post_tag","embeddable":true,"href":"https:\/\/www.retaildetail.be\/fr\/wp-json\/wp\/v2\/tags?post=46320"},{"taxonomy":"people","embeddable":true,"href":"https:\/\/www.retaildetail.be\/fr\/wp-json\/wp\/v2\/people?post=46320"},{"taxonomy":"extra","embeddable":true,"href":"https:\/\/www.retaildetail.be\/fr\/wp-json\/wp\/v2\/extra?post=46320"},{"taxonomy":"company","embeddable":true,"href":"https:\/\/www.retaildetail.be\/fr\/wp-json\/wp\/v2\/company?post=46320"},{"taxonomy":"topic","embeddable":true,"href":"https:\/\/www.retaildetail.be\/fr\/wp-json\/wp\/v2\/topic?post=46320"},{"taxonomy":"region","embeddable":true,"href":"https:\/\/www.retaildetail.be\/fr\/wp-json\/wp\/v2\/region?post=46320"}],"curies":[{"name":"wp","href":"https:\/\/api.w.org\/{rel}","templated":true}]}}