{"id":50753,"date":"2021-08-27T08:34:30","date_gmt":"2021-08-27T08:34:30","guid":{"rendered":"https:\/\/www.retaildetail.be\/general\/les-galeries-lafayette-veulent-franchiser-onze-magasins-supplementaires\/"},"modified":"2021-08-27T08:34:30","modified_gmt":"2021-08-27T08:34:30","slug":"les-galeries-lafayette-veulent-franchiser-onze-magasins-supplementaires","status":"publish","type":"post","link":"https:\/\/www.retaildetail.be\/fr\/news\/general\/les-galeries-lafayette-veulent-franchiser-onze-magasins-supplementaires\/","title":{"rendered":"Les Galeries Lafayette veut franchiser onze magasins suppl\u00e9mentaires"},"content":{"rendered":"<p><span style=\"background-color:white\">Trois ans apr\u00e8s avoir c\u00e9d\u00e9 la gestion de 22 magasins r\u00e9gionaux \u00e0 la soci\u00e9t\u00e9 immobili\u00e8re\u00a0<strong>FIB<\/strong>, <strong>Galeries Lafayette<\/strong>\u00a0pr\u00e9voit une nouvelle op\u00e9ration de franchisage qui concernera cette fois 11 succursales.<\/span><\/p>\n<p><!--break--><\/p>\n<p>\u00a0<\/p>\n<h2><span style=\"background-color:white\">Villes moyennes<\/span><\/h2>\n<p><span style=\"background-color:white\">La gestion de sept des onze grands magasins sera\u00a0<a href=\"https:\/\/amp-lefigaro-fr.cdn.ampproject.org\/c\/s\/amp.lefigaro.fr\/societes\/les-galeries-lafayette-veulent-faire-passer-11-magasins-en-franchise-20210825\" target=\"_blank\" rel=\"noopener\">confi\u00e9e \u00e0\u00a0<strong>SGM<\/strong><\/a>. Cette soci\u00e9t\u00e9 immobili\u00e8re qui poss\u00e8de et exploite une douzaine de centres commerciaux dans des centres-villes en France reprendrait les magasins d\u2019Angers, Dijon, Grenoble, Le Mans, Limoges, Orl\u00e9ans et Reims, rapporte Le Figaro.<\/span><\/p>\n<p><span style=\"background-color:white\">\u00a0<\/span><\/p>\n<p><span style=\"background-color:white\">Trois autres magasins \u2013 ceux de Pau, Rosny et Tours \u2013 seront repris par\u00a0<strong>Hermione People &amp; Brands<\/strong>, la branche retail de FIB, le groupe de l\u2019homme d\u2019affaires Michel Ohayon. Ohayon avait d\u00e9j\u00e0 repris 22 magasins Galeries Lafayette dans des villes fran\u00e7aises de taille moyenne en 2018.<\/span><\/p>\n<p><span style=\"background-color:white\">\u00a0<\/span><\/p>\n<p><span style=\"background-color:white\">Enfin, le grand magasin d\u2019Avignon sera confi\u00e9 \u00e0 Philippe Semper\u00e9 et Nicolas Chambon, les franchis\u00e9s qui exploitent d\u00e9j\u00e0 le site de B\u00e9ziers.<\/span><\/p>\n<p><span style=\"background-color:white\">\u00a0<\/span><\/p>\n<h2><span style=\"background-color:white\">Agilit\u00e9<\/span><\/h2>\n<p><span style=\"background-color:white\">Selon le management, l\u2019op\u00e9ration doit permettre \u00e0 la cha\u00eene de grands magasins de gagner en agilit\u00e9. Elle g\u00e9n\u00e9rera des liquidit\u00e9s tout en pr\u00e9servant la visibilit\u00e9 et la r\u00e9putation de la marque dans toute la France.\u00a0Les Galeries Lafayette veulent \u00e9galement se concentrer sur leurs plus grands magasins, sur l\u2019acc\u00e9l\u00e9ration de leur strat\u00e9gie omnicanale et sur une expansion internationale cibl\u00e9e.<\/span><\/p>\n<p><span style=\"background-color:white\">\u00a0<\/span><\/p>\n<p><span style=\"background-color:white\">\u00ab\u00a0La crise que nous venons de traverser est une opportunit\u00e9 d\u2019acc\u00e9l\u00e9rer notre transformation.\u00a0 Plus que jamais, nous sommes convaincus de la pertinence du mod\u00e8le du grand magasin, et nous souhaitons l\u2019accompagner sous diff\u00e9rents formats, plus ancr\u00e9s localement et plus sp\u00e9cialis\u00e9s\u00a0\u00bb, a d\u00e9clar\u00e9 le directeur g\u00e9n\u00e9ral Nicolas Houz\u00e9 dans un communiqu\u00e9.<\/span><\/p>\n<p><span style=\"background-color:white\">\u00a0<\/span><\/p>\n<p><span style=\"background-color:white\">Les onze grands magasins concern\u00e9s repr\u00e9sentent un chiffre d\u2019affaires annuel d\u2019environ 200 millions d\u2019euros. Selon l\u2019entreprise, l\u2019op\u00e9ration, qui devrait \u00eatre achev\u00e9e au d\u00e9but de l\u2019ann\u00e9e prochaine, n\u2019aura aucune incidence sur l\u2019emploi.<\/span><\/p>\n","protected":false},"excerpt":{"rendered":"<p>Trois ans apr\u00e8s avoir c\u00e9d\u00e9 la gestion de 22 magasins r\u00e9gionaux \u00e0 la soci\u00e9t\u00e9 immobili\u00e8re\u00a0FIB, Galeries Lafayette\u00a0pr\u00e9voit une nouvelle op\u00e9ration de franchisage qui concernera cette fois 11 succursales. \u00a0 Villes moyennes La gestion de sept des onze grands magasins sera\u00a0confi\u00e9e \u00e0\u00a0SGM. Cette soci\u00e9t\u00e9 immobili\u00e8re qui poss\u00e8de et exploite une douzaine de centres commerciaux dans des [&hellip;]<\/p>\n","protected":false},"author":1,"featured_media":50750,"comment_status":"closed","ping_status":"closed","sticky":false,"template":"","format":"standard","meta":{"_acf_changed":false,"inline_featured_image":false,"_jetpack_memberships_contains_paid_content":false,"footnotes":""},"categories":[25],"tags":[],"people":[],"extra":[],"company":[],"topic":[],"region":[],"class_list":["post-50753","post","type-post","status-publish","format-standard","has-post-thumbnail","hentry","category-general"],"acf":[],"yoast_head":"<!-- This site is optimized with the Yoast SEO plugin v27.3 - https:\/\/yoast.com\/product\/yoast-seo-wordpress\/ -->\n<title>Les Galeries Lafayette veut franchiser onze magasins suppl\u00e9mentaires - RetailDetail BE<\/title>\n<meta name=\"description\" content=\"Trois ans apr\u00e8s avoir c\u00e9d\u00e9 la gestion de 22 magasins r\u00e9gionaux \u00e0 la soci\u00e9t\u00e9 immobili\u00e8re FIB, les Galeries Lafayette pr\u00e9voient une nouvelle op\u00e9ration de franchisage qui concernera cette fois 11 succursales.\" \/>\n<meta name=\"robots\" content=\"index, follow, max-snippet:-1, max-image-preview:large, max-video-preview:-1\" \/>\n<link rel=\"canonical\" href=\"https:\/\/www.retaildetail.be\/fr\/news\/general\/les-galeries-lafayette-veulent-franchiser-onze-magasins-supplementaires\/\" \/>\n<meta property=\"og:locale\" content=\"fr_FR\" \/>\n<meta property=\"og:type\" content=\"article\" \/>\n<meta property=\"og:title\" content=\"Les Galeries Lafayette veut franchiser onze magasins suppl\u00e9mentaires - RetailDetail BE\" \/>\n<meta property=\"og:description\" content=\"Trois ans apr\u00e8s avoir c\u00e9d\u00e9 la gestion de 22 magasins r\u00e9gionaux \u00e0 la soci\u00e9t\u00e9 immobili\u00e8re FIB, les Galeries Lafayette pr\u00e9voient une nouvelle op\u00e9ration de franchisage qui concernera cette fois 11 succursales.\" \/>\n<meta property=\"og:url\" content=\"https:\/\/www.retaildetail.be\/fr\/news\/general\/les-galeries-lafayette-veulent-franchiser-onze-magasins-supplementaires\/\" \/>\n<meta property=\"og:site_name\" content=\"RetailDetail BE\" \/>\n<meta property=\"article:published_time\" content=\"2021-08-27T08:34:30+00:00\" \/>\n<meta property=\"og:image\" content=\"https:\/\/i0.wp.com\/www.retaildetail.be\/wp-content\/uploads\/2022\/04\/shutterstock_1962268732.jpg?fit=990%2C743&quality=100&strip=all&ssl=1\" \/>\n\t<meta property=\"og:image:width\" content=\"990\" \/>\n\t<meta property=\"og:image:height\" content=\"743\" \/>\n\t<meta property=\"og:image:type\" content=\"image\/jpeg\" \/>\n<meta name=\"author\" content=\"dev@grandiz.com\" \/>\n<meta name=\"twitter:card\" content=\"summary_large_image\" \/>\n<meta name=\"twitter:label1\" content=\"\u00c9crit par\" \/>\n\t<meta name=\"twitter:data1\" content=\"dev@grandiz.com\" \/>\n\t<meta name=\"twitter:label2\" content=\"Dur\u00e9e de lecture estim\u00e9e\" \/>\n\t<meta name=\"twitter:data2\" content=\"2 minutes\" \/>\n<script type=\"application\/ld+json\" class=\"yoast-schema-graph\">{\"@context\":\"https:\\\/\\\/schema.org\",\"@graph\":[{\"@type\":\"NewsArticle\",\"@id\":\"https:\\\/\\\/www.retaildetail.be\\\/fr\\\/news\\\/general\\\/les-galeries-lafayette-veulent-franchiser-onze-magasins-supplementaires\\\/#article\",\"isPartOf\":{\"@id\":\"https:\\\/\\\/www.retaildetail.be\\\/fr\\\/news\\\/general\\\/les-galeries-lafayette-veulent-franchiser-onze-magasins-supplementaires\\\/\"},\"author\":{\"name\":\"dev@grandiz.com\",\"@id\":\"https:\\\/\\\/www.retaildetail.be\\\/nl\\\/#\\\/schema\\\/person\\\/ba2d383452a753a3a1ce8cdb349b5fc9\"},\"headline\":\"Les Galeries Lafayette veut franchiser onze magasins suppl\u00e9mentaires\",\"datePublished\":\"2021-08-27T08:34:30+00:00\",\"mainEntityOfPage\":{\"@id\":\"https:\\\/\\\/www.retaildetail.be\\\/fr\\\/news\\\/general\\\/les-galeries-lafayette-veulent-franchiser-onze-magasins-supplementaires\\\/\"},\"wordCount\":344,\"publisher\":{\"@id\":\"https:\\\/\\\/www.retaildetail.be\\\/nl\\\/#organization\"},\"image\":{\"@id\":\"https:\\\/\\\/www.retaildetail.be\\\/fr\\\/news\\\/general\\\/les-galeries-lafayette-veulent-franchiser-onze-magasins-supplementaires\\\/#primaryimage\"},\"thumbnailUrl\":\"https:\\\/\\\/www.retaildetail.be\\\/wp-content\\\/uploads\\\/2022\\\/04\\\/shutterstock_1962268732.jpg\",\"articleSection\":[\"G\u00e9n\u00e9ral\"],\"inLanguage\":\"fr-FR\",\"copyrightYear\":\"2021\",\"copyrightHolder\":{\"@id\":\"https:\\\/\\\/www.retaildetail.be\\\/#organization\"}},{\"@type\":\"WebPage\",\"@id\":\"https:\\\/\\\/www.retaildetail.be\\\/fr\\\/news\\\/general\\\/les-galeries-lafayette-veulent-franchiser-onze-magasins-supplementaires\\\/\",\"url\":\"https:\\\/\\\/www.retaildetail.be\\\/fr\\\/news\\\/general\\\/les-galeries-lafayette-veulent-franchiser-onze-magasins-supplementaires\\\/\",\"name\":\"Les Galeries Lafayette veut franchiser onze magasins suppl\u00e9mentaires - RetailDetail BE\",\"isPartOf\":{\"@id\":\"https:\\\/\\\/www.retaildetail.be\\\/nl\\\/#website\"},\"primaryImageOfPage\":{\"@id\":\"https:\\\/\\\/www.retaildetail.be\\\/fr\\\/news\\\/general\\\/les-galeries-lafayette-veulent-franchiser-onze-magasins-supplementaires\\\/#primaryimage\"},\"image\":{\"@id\":\"https:\\\/\\\/www.retaildetail.be\\\/fr\\\/news\\\/general\\\/les-galeries-lafayette-veulent-franchiser-onze-magasins-supplementaires\\\/#primaryimage\"},\"thumbnailUrl\":\"https:\\\/\\\/www.retaildetail.be\\\/wp-content\\\/uploads\\\/2022\\\/04\\\/shutterstock_1962268732.jpg\",\"datePublished\":\"2021-08-27T08:34:30+00:00\",\"description\":\"Trois ans apr\u00e8s avoir c\u00e9d\u00e9 la gestion de 22 magasins r\u00e9gionaux \u00e0 la soci\u00e9t\u00e9 immobili\u00e8re FIB, les Galeries Lafayette pr\u00e9voient une nouvelle op\u00e9ration de franchisage qui concernera cette fois 11 succursales.\",\"breadcrumb\":{\"@id\":\"https:\\\/\\\/www.retaildetail.be\\\/fr\\\/news\\\/general\\\/les-galeries-lafayette-veulent-franchiser-onze-magasins-supplementaires\\\/#breadcrumb\"},\"inLanguage\":\"fr-FR\",\"potentialAction\":[{\"@type\":\"ReadAction\",\"target\":[\"https:\\\/\\\/www.retaildetail.be\\\/fr\\\/news\\\/general\\\/les-galeries-lafayette-veulent-franchiser-onze-magasins-supplementaires\\\/\"]}]},{\"@type\":\"ImageObject\",\"inLanguage\":\"fr-FR\",\"@id\":\"https:\\\/\\\/www.retaildetail.be\\\/fr\\\/news\\\/general\\\/les-galeries-lafayette-veulent-franchiser-onze-magasins-supplementaires\\\/#primaryimage\",\"url\":\"https:\\\/\\\/www.retaildetail.be\\\/wp-content\\\/uploads\\\/2022\\\/04\\\/shutterstock_1962268732.jpg\",\"contentUrl\":\"https:\\\/\\\/www.retaildetail.be\\\/wp-content\\\/uploads\\\/2022\\\/04\\\/shutterstock_1962268732.jpg\",\"width\":990,\"height\":743},{\"@type\":\"BreadcrumbList\",\"@id\":\"https:\\\/\\\/www.retaildetail.be\\\/fr\\\/news\\\/general\\\/les-galeries-lafayette-veulent-franchiser-onze-magasins-supplementaires\\\/#breadcrumb\",\"itemListElement\":[{\"@type\":\"ListItem\",\"position\":1,\"name\":\"Home\",\"item\":\"https:\\\/\\\/www.retaildetail.be\\\/fr\\\/\"},{\"@type\":\"ListItem\",\"position\":2,\"name\":\"Les Galeries Lafayette veut franchiser onze magasins suppl\u00e9mentaires\"}]},{\"@type\":\"WebSite\",\"@id\":\"https:\\\/\\\/www.retaildetail.be\\\/nl\\\/#website\",\"url\":\"https:\\\/\\\/www.retaildetail.be\\\/nl\\\/\",\"name\":\"RetailDetail BE\",\"description\":\"News\",\"publisher\":{\"@id\":\"https:\\\/\\\/www.retaildetail.be\\\/nl\\\/#organization\"},\"potentialAction\":[{\"@type\":\"SearchAction\",\"target\":{\"@type\":\"EntryPoint\",\"urlTemplate\":\"https:\\\/\\\/www.retaildetail.be\\\/nl\\\/?s={search_term_string}\"},\"query-input\":{\"@type\":\"PropertyValueSpecification\",\"valueRequired\":true,\"valueName\":\"search_term_string\"}}],\"inLanguage\":\"fr-FR\"},{\"@type\":\"Organization\",\"@id\":\"https:\\\/\\\/www.retaildetail.be\\\/nl\\\/#organization\",\"name\":\"RetailDetail BE\",\"url\":\"https:\\\/\\\/www.retaildetail.be\\\/nl\\\/\",\"logo\":{\"@type\":\"ImageObject\",\"inLanguage\":\"fr-FR\",\"@id\":\"https:\\\/\\\/www.retaildetail.be\\\/nl\\\/#\\\/schema\\\/logo\\\/image\\\/\",\"url\":\"https:\\\/\\\/www.retaildetail.be\\\/wp-content\\\/uploads\\\/2022\\\/04\\\/logo.svg\",\"contentUrl\":\"https:\\\/\\\/www.retaildetail.be\\\/wp-content\\\/uploads\\\/2022\\\/04\\\/logo.svg\",\"width\":131,\"height\":70,\"caption\":\"RetailDetail BE\"},\"image\":{\"@id\":\"https:\\\/\\\/www.retaildetail.be\\\/nl\\\/#\\\/schema\\\/logo\\\/image\\\/\"}},{\"@type\":\"Person\",\"@id\":\"https:\\\/\\\/www.retaildetail.be\\\/nl\\\/#\\\/schema\\\/person\\\/ba2d383452a753a3a1ce8cdb349b5fc9\",\"name\":\"dev@grandiz.com\",\"image\":{\"@type\":\"ImageObject\",\"inLanguage\":\"fr-FR\",\"@id\":\"https:\\\/\\\/secure.gravatar.com\\\/avatar\\\/5f53ce9fb6eed4a60e5aaaa712be8773880fa9459d9cac9bc4aa4fdbce3f447f?s=96&d=mm&r=g\",\"url\":\"https:\\\/\\\/secure.gravatar.com\\\/avatar\\\/5f53ce9fb6eed4a60e5aaaa712be8773880fa9459d9cac9bc4aa4fdbce3f447f?s=96&d=mm&r=g\",\"contentUrl\":\"https:\\\/\\\/secure.gravatar.com\\\/avatar\\\/5f53ce9fb6eed4a60e5aaaa712be8773880fa9459d9cac9bc4aa4fdbce3f447f?s=96&d=mm&r=g\",\"caption\":\"dev@grandiz.com\"},\"sameAs\":[\"http:\\\/\\\/preprod.retaildetail.be\"],\"url\":\"https:\\\/\\\/www.retaildetail.be\\\/fr\\\/author\\\/devgrandiz-com\\\/\"}]}<\/script>\n<!-- \/ Yoast SEO plugin. -->","yoast_head_json":{"title":"Les Galeries Lafayette veut franchiser onze magasins suppl\u00e9mentaires - RetailDetail BE","description":"Trois ans apr\u00e8s avoir c\u00e9d\u00e9 la gestion de 22 magasins r\u00e9gionaux \u00e0 la soci\u00e9t\u00e9 immobili\u00e8re FIB, les Galeries Lafayette pr\u00e9voient une nouvelle op\u00e9ration de franchisage qui concernera cette fois 11 succursales.","robots":{"index":"index","follow":"follow","max-snippet":"max-snippet:-1","max-image-preview":"max-image-preview:large","max-video-preview":"max-video-preview:-1"},"canonical":"https:\/\/www.retaildetail.be\/fr\/news\/general\/les-galeries-lafayette-veulent-franchiser-onze-magasins-supplementaires\/","og_locale":"fr_FR","og_type":"article","og_title":"Les Galeries Lafayette veut franchiser onze magasins suppl\u00e9mentaires - RetailDetail BE","og_description":"Trois ans apr\u00e8s avoir c\u00e9d\u00e9 la gestion de 22 magasins r\u00e9gionaux \u00e0 la soci\u00e9t\u00e9 immobili\u00e8re FIB, les Galeries Lafayette pr\u00e9voient une nouvelle op\u00e9ration de franchisage qui concernera cette fois 11 succursales.","og_url":"https:\/\/www.retaildetail.be\/fr\/news\/general\/les-galeries-lafayette-veulent-franchiser-onze-magasins-supplementaires\/","og_site_name":"RetailDetail BE","article_published_time":"2021-08-27T08:34:30+00:00","og_image":[{"width":990,"height":743,"url":"https:\/\/i0.wp.com\/www.retaildetail.be\/wp-content\/uploads\/2022\/04\/shutterstock_1962268732.jpg?fit=990%2C743&quality=100&strip=all&ssl=1","type":"image\/jpeg"}],"author":"dev@grandiz.com","twitter_card":"summary_large_image","twitter_misc":{"\u00c9crit par":"dev@grandiz.com","Dur\u00e9e de lecture estim\u00e9e":"2 minutes"},"schema":{"@context":"https:\/\/schema.org","@graph":[{"@type":"NewsArticle","@id":"https:\/\/www.retaildetail.be\/fr\/news\/general\/les-galeries-lafayette-veulent-franchiser-onze-magasins-supplementaires\/#article","isPartOf":{"@id":"https:\/\/www.retaildetail.be\/fr\/news\/general\/les-galeries-lafayette-veulent-franchiser-onze-magasins-supplementaires\/"},"author":{"name":"dev@grandiz.com","@id":"https:\/\/www.retaildetail.be\/nl\/#\/schema\/person\/ba2d383452a753a3a1ce8cdb349b5fc9"},"headline":"Les Galeries Lafayette veut franchiser onze magasins suppl\u00e9mentaires","datePublished":"2021-08-27T08:34:30+00:00","mainEntityOfPage":{"@id":"https:\/\/www.retaildetail.be\/fr\/news\/general\/les-galeries-lafayette-veulent-franchiser-onze-magasins-supplementaires\/"},"wordCount":344,"publisher":{"@id":"https:\/\/www.retaildetail.be\/nl\/#organization"},"image":{"@id":"https:\/\/www.retaildetail.be\/fr\/news\/general\/les-galeries-lafayette-veulent-franchiser-onze-magasins-supplementaires\/#primaryimage"},"thumbnailUrl":"https:\/\/www.retaildetail.be\/wp-content\/uploads\/2022\/04\/shutterstock_1962268732.jpg","articleSection":["G\u00e9n\u00e9ral"],"inLanguage":"fr-FR","copyrightYear":"2021","copyrightHolder":{"@id":"https:\/\/www.retaildetail.be\/#organization"}},{"@type":"WebPage","@id":"https:\/\/www.retaildetail.be\/fr\/news\/general\/les-galeries-lafayette-veulent-franchiser-onze-magasins-supplementaires\/","url":"https:\/\/www.retaildetail.be\/fr\/news\/general\/les-galeries-lafayette-veulent-franchiser-onze-magasins-supplementaires\/","name":"Les Galeries Lafayette veut franchiser onze magasins suppl\u00e9mentaires - RetailDetail BE","isPartOf":{"@id":"https:\/\/www.retaildetail.be\/nl\/#website"},"primaryImageOfPage":{"@id":"https:\/\/www.retaildetail.be\/fr\/news\/general\/les-galeries-lafayette-veulent-franchiser-onze-magasins-supplementaires\/#primaryimage"},"image":{"@id":"https:\/\/www.retaildetail.be\/fr\/news\/general\/les-galeries-lafayette-veulent-franchiser-onze-magasins-supplementaires\/#primaryimage"},"thumbnailUrl":"https:\/\/www.retaildetail.be\/wp-content\/uploads\/2022\/04\/shutterstock_1962268732.jpg","datePublished":"2021-08-27T08:34:30+00:00","description":"Trois ans apr\u00e8s avoir c\u00e9d\u00e9 la gestion de 22 magasins r\u00e9gionaux \u00e0 la soci\u00e9t\u00e9 immobili\u00e8re FIB, les Galeries Lafayette pr\u00e9voient une nouvelle op\u00e9ration de franchisage qui concernera cette fois 11 succursales.","breadcrumb":{"@id":"https:\/\/www.retaildetail.be\/fr\/news\/general\/les-galeries-lafayette-veulent-franchiser-onze-magasins-supplementaires\/#breadcrumb"},"inLanguage":"fr-FR","potentialAction":[{"@type":"ReadAction","target":["https:\/\/www.retaildetail.be\/fr\/news\/general\/les-galeries-lafayette-veulent-franchiser-onze-magasins-supplementaires\/"]}]},{"@type":"ImageObject","inLanguage":"fr-FR","@id":"https:\/\/www.retaildetail.be\/fr\/news\/general\/les-galeries-lafayette-veulent-franchiser-onze-magasins-supplementaires\/#primaryimage","url":"https:\/\/www.retaildetail.be\/wp-content\/uploads\/2022\/04\/shutterstock_1962268732.jpg","contentUrl":"https:\/\/www.retaildetail.be\/wp-content\/uploads\/2022\/04\/shutterstock_1962268732.jpg","width":990,"height":743},{"@type":"BreadcrumbList","@id":"https:\/\/www.retaildetail.be\/fr\/news\/general\/les-galeries-lafayette-veulent-franchiser-onze-magasins-supplementaires\/#breadcrumb","itemListElement":[{"@type":"ListItem","position":1,"name":"Home","item":"https:\/\/www.retaildetail.be\/fr\/"},{"@type":"ListItem","position":2,"name":"Les Galeries Lafayette veut franchiser onze magasins suppl\u00e9mentaires"}]},{"@type":"WebSite","@id":"https:\/\/www.retaildetail.be\/nl\/#website","url":"https:\/\/www.retaildetail.be\/nl\/","name":"RetailDetail BE","description":"News","publisher":{"@id":"https:\/\/www.retaildetail.be\/nl\/#organization"},"potentialAction":[{"@type":"SearchAction","target":{"@type":"EntryPoint","urlTemplate":"https:\/\/www.retaildetail.be\/nl\/?s={search_term_string}"},"query-input":{"@type":"PropertyValueSpecification","valueRequired":true,"valueName":"search_term_string"}}],"inLanguage":"fr-FR"},{"@type":"Organization","@id":"https:\/\/www.retaildetail.be\/nl\/#organization","name":"RetailDetail BE","url":"https:\/\/www.retaildetail.be\/nl\/","logo":{"@type":"ImageObject","inLanguage":"fr-FR","@id":"https:\/\/www.retaildetail.be\/nl\/#\/schema\/logo\/image\/","url":"https:\/\/www.retaildetail.be\/wp-content\/uploads\/2022\/04\/logo.svg","contentUrl":"https:\/\/www.retaildetail.be\/wp-content\/uploads\/2022\/04\/logo.svg","width":131,"height":70,"caption":"RetailDetail BE"},"image":{"@id":"https:\/\/www.retaildetail.be\/nl\/#\/schema\/logo\/image\/"}},{"@type":"Person","@id":"https:\/\/www.retaildetail.be\/nl\/#\/schema\/person\/ba2d383452a753a3a1ce8cdb349b5fc9","name":"dev@grandiz.com","image":{"@type":"ImageObject","inLanguage":"fr-FR","@id":"https:\/\/secure.gravatar.com\/avatar\/5f53ce9fb6eed4a60e5aaaa712be8773880fa9459d9cac9bc4aa4fdbce3f447f?s=96&d=mm&r=g","url":"https:\/\/secure.gravatar.com\/avatar\/5f53ce9fb6eed4a60e5aaaa712be8773880fa9459d9cac9bc4aa4fdbce3f447f?s=96&d=mm&r=g","contentUrl":"https:\/\/secure.gravatar.com\/avatar\/5f53ce9fb6eed4a60e5aaaa712be8773880fa9459d9cac9bc4aa4fdbce3f447f?s=96&d=mm&r=g","caption":"dev@grandiz.com"},"sameAs":["http:\/\/preprod.retaildetail.be"],"url":"https:\/\/www.retaildetail.be\/fr\/author\/devgrandiz-com\/"}]}},"jetpack_featured_media_url":"https:\/\/www.retaildetail.be\/wp-content\/uploads\/2022\/04\/shutterstock_1962268732.jpg","jetpack_sharing_enabled":true,"_links":{"self":[{"href":"https:\/\/www.retaildetail.be\/fr\/wp-json\/wp\/v2\/posts\/50753","targetHints":{"allow":["GET"]}}],"collection":[{"href":"https:\/\/www.retaildetail.be\/fr\/wp-json\/wp\/v2\/posts"}],"about":[{"href":"https:\/\/www.retaildetail.be\/fr\/wp-json\/wp\/v2\/types\/post"}],"author":[{"embeddable":true,"href":"https:\/\/www.retaildetail.be\/fr\/wp-json\/wp\/v2\/users\/1"}],"replies":[{"embeddable":true,"href":"https:\/\/www.retaildetail.be\/fr\/wp-json\/wp\/v2\/comments?post=50753"}],"version-history":[{"count":0,"href":"https:\/\/www.retaildetail.be\/fr\/wp-json\/wp\/v2\/posts\/50753\/revisions"}],"wp:featuredmedia":[{"embeddable":true,"href":"https:\/\/www.retaildetail.be\/fr\/wp-json\/wp\/v2\/media\/50750"}],"wp:attachment":[{"href":"https:\/\/www.retaildetail.be\/fr\/wp-json\/wp\/v2\/media?parent=50753"}],"wp:term":[{"taxonomy":"category","embeddable":true,"href":"https:\/\/www.retaildetail.be\/fr\/wp-json\/wp\/v2\/categories?post=50753"},{"taxonomy":"post_tag","embeddable":true,"href":"https:\/\/www.retaildetail.be\/fr\/wp-json\/wp\/v2\/tags?post=50753"},{"taxonomy":"people","embeddable":true,"href":"https:\/\/www.retaildetail.be\/fr\/wp-json\/wp\/v2\/people?post=50753"},{"taxonomy":"extra","embeddable":true,"href":"https:\/\/www.retaildetail.be\/fr\/wp-json\/wp\/v2\/extra?post=50753"},{"taxonomy":"company","embeddable":true,"href":"https:\/\/www.retaildetail.be\/fr\/wp-json\/wp\/v2\/company?post=50753"},{"taxonomy":"topic","embeddable":true,"href":"https:\/\/www.retaildetail.be\/fr\/wp-json\/wp\/v2\/topic?post=50753"},{"taxonomy":"region","embeddable":true,"href":"https:\/\/www.retaildetail.be\/fr\/wp-json\/wp\/v2\/region?post=50753"}],"curies":[{"name":"wp","href":"https:\/\/api.w.org\/{rel}","templated":true}]}}