{"id":53714,"date":"2022-01-25T15:05:17","date_gmt":"2022-01-25T15:05:17","guid":{"rendered":"https:\/\/www.retaildetail.be\/general\/un-fonds-americain-veut-acquerir-le-geant-hollandais-des-velos\/"},"modified":"2022-01-25T15:05:17","modified_gmt":"2022-01-25T15:05:17","slug":"un-fonds-americain-veut-acquerir-le-geant-hollandais-des-velos","status":"publish","type":"post","link":"https:\/\/www.retaildetail.be\/fr\/news\/general\/un-fonds-americain-veut-acquerir-le-geant-hollandais-des-velos\/","title":{"rendered":"Un fonds am\u00e9ricain veut acqu\u00e9rir le g\u00e9ant hollandais des v\u00e9los"},"content":{"rendered":"<p>Le fonds d&rsquo;investissement am\u00e9ricain <strong>KKR<\/strong> a mis sur la table pas moins de 1,6 milliard d&rsquo;euros pour <strong>Accell Group<\/strong>, le fabricant hollandais de v\u00e9los qui poss\u00e8de des marques connues comme <strong>Batavus<\/strong>, <strong>Koga<\/strong>, <strong>Raleigh<\/strong> et <strong>Sparta<\/strong>.<\/p>\n<p><!--break--><\/p>\n<p>\u00a0<\/p>\n<h2>Grosse prime<\/h2>\n<p>KKR offre 58 euros par action, soit une prime de 26 % par rapport au cours de cl\u00f4ture de vendredi. Selon RTL Nieuws, l&rsquo;offre devrait tr\u00e8s probablement <a href=\"https:\/\/www.rtlnieuws.nl\/economie\/beurs\/artikel\/5283147\/accell-fiets-overname-kkr-teslin-batavus-koga-sparta-babboe\" target=\"_blank\" rel=\"noopener\">aboutir<\/a> : tant la direction d&rsquo;Accell que les principaux actionnaires du fabricant de v\u00e9los y sont favorables.<\/p>\n<p>\u00a0<\/p>\n<p>Si l&rsquo;accord est conclu, KKR et Accell veulent retirer la soci\u00e9t\u00e9 de la bourse, car \u00ab\u00a0elle sera ainsi en meilleure position pour r\u00e9aliser des investissements \u00e0 long terme\u00a0\u00bb. M\u00eame apr\u00e8s le rachat, le si\u00e8ge social d&rsquo;Accell restera \u00e0 Heerenveen. Les deux parties assurent que rien ne changera pour le personnel.<\/p>\n<p>\u00a0<\/p>\n<h2>Vague de consolidation<\/h2>\n<p>En 2017, Accell avait <a href=\"https:\/\/www.retaildetail.be\/fr\/news\/g%C3%A9n%C3%A9ral\/la-grande-reprise-sur-le-march%C3%A9-du-v%C3%A9lo-n%C3%A9erlandais-%C3%A9choue\" target=\"_blank\" rel=\"noopener\">attir\u00e9 l&rsquo;attention de son grand rival<\/a> <strong>Pon<\/strong>, dont le portefeuille comprend les marques <strong>Gazelle<\/strong> et <strong>Union<\/strong> . L\u2019entreprise de la province de Frise avait cependant rejet\u00e9 l&rsquo;offre, jug\u00e9e insuffisante. Pon est depuis devenu le <a href=\"https:\/\/www.retaildetail.be\/fr\/news\/g%C3%A9n%C3%A9ral\/le-propri%C3%A9taire-de-gazelle-devient-le-plus-grand-fabricant-de-v%C3%A9los-au-monde\" target=\"_blank\" rel=\"noopener\">plus grand fabricant de v\u00e9los au monde<\/a> apr\u00e8s avoir rachet\u00e9 l&rsquo;entreprise am\u00e9ricaine <strong>Dorel Sports<\/strong> (comprenant notamment <strong>Cannondale<\/strong>) \u00e0 l&rsquo;automne 2021.<\/p>\n<p>\u00a0<\/p>\n<p>Le fait qu&rsquo;un acteur de l\u2019envergure de KKR d\u00e9cide de se lancer sur le march\u00e9 du v\u00e9lo n&rsquo;est pas surprenant. Selon De Standaard, qui se base sur les chiffres du bureau d&rsquo;\u00e9tudes Facts and Factoris\u00e9, ce march\u00e9 <a href=\"https:\/\/www.standaard.be\/cnt\/dmf20220124_95058275\" target=\"_blank\" rel=\"noopener\">conna\u00eetra une croissance annuelle de plus de 14 %<\/a> ces prochaines ann\u00e9es. Le v\u00e9lo a le vent en poupe depuis un certain temps d\u00e9j\u00e0, en raison de l&rsquo;essor de l&rsquo;e-bike et de la tendance g\u00e9n\u00e9rale \u00e0 la durabilit\u00e9 et \u00e0 la sant\u00e9. Et la crise du coronavirus a donn\u00e9 un nouveau coup de pouce au secteur.<\/p>\n<p>\u00a0<\/p>\n","protected":false},"excerpt":{"rendered":"<p>Le fonds d&rsquo;investissement am\u00e9ricain KKR a mis sur la table pas moins de 1,6 milliard d&rsquo;euros pour Accell Group, le fabricant hollandais de v\u00e9los qui poss\u00e8de des marques connues comme Batavus, Koga, Raleigh et Sparta. \u00a0 Grosse prime KKR offre 58 euros par action, soit une prime de 26 % par rapport au cours de [&hellip;]<\/p>\n","protected":false},"author":1,"featured_media":53711,"comment_status":"closed","ping_status":"closed","sticky":false,"template":"","format":"standard","meta":{"_acf_changed":false,"inline_featured_image":false,"_jetpack_memberships_contains_paid_content":false,"footnotes":""},"categories":[25],"tags":[],"people":[],"extra":[],"company":[],"topic":[],"region":[],"class_list":["post-53714","post","type-post","status-publish","format-standard","has-post-thumbnail","hentry","category-general"],"acf":[],"yoast_head":"<!-- This site is optimized with the Yoast SEO plugin v27.3 - https:\/\/yoast.com\/product\/yoast-seo-wordpress\/ -->\n<title>Un fonds am\u00e9ricain veut acqu\u00e9rir le g\u00e9ant hollandais des v\u00e9los - RetailDetail BE<\/title>\n<meta name=\"description\" content=\"Le fonds d&#039;investissement am\u00e9ricain KKR offre 1,6 milliard d&#039;euros pour Accell Group, le fabricant hollandais de v\u00e9los qui poss\u00e8de des marques telles que Batavus et Sparta.\" \/>\n<meta name=\"robots\" content=\"index, follow, max-snippet:-1, max-image-preview:large, max-video-preview:-1\" \/>\n<link rel=\"canonical\" href=\"https:\/\/www.retaildetail.be\/fr\/news\/general\/un-fonds-americain-veut-acquerir-le-geant-hollandais-des-velos\/\" \/>\n<meta property=\"og:locale\" content=\"fr_FR\" \/>\n<meta property=\"og:type\" content=\"article\" \/>\n<meta property=\"og:title\" content=\"Un fonds am\u00e9ricain veut acqu\u00e9rir le g\u00e9ant hollandais des v\u00e9los - RetailDetail BE\" \/>\n<meta property=\"og:description\" content=\"Le fonds d&#039;investissement am\u00e9ricain KKR offre 1,6 milliard d&#039;euros pour Accell Group, le fabricant hollandais de v\u00e9los qui poss\u00e8de des marques telles que Batavus et Sparta.\" \/>\n<meta property=\"og:url\" content=\"https:\/\/www.retaildetail.be\/fr\/news\/general\/un-fonds-americain-veut-acquerir-le-geant-hollandais-des-velos\/\" \/>\n<meta property=\"og:site_name\" content=\"RetailDetail BE\" \/>\n<meta property=\"article:published_time\" content=\"2022-01-25T15:05:17+00:00\" \/>\n<meta property=\"og:image\" content=\"https:\/\/i0.wp.com\/www.retaildetail.be\/wp-content\/uploads\/2022\/04\/shutterstock_1352862071.jpg?fit=990%2C661&quality=100&strip=all&ssl=1\" \/>\n\t<meta property=\"og:image:width\" content=\"990\" \/>\n\t<meta property=\"og:image:height\" content=\"661\" \/>\n\t<meta property=\"og:image:type\" content=\"image\/jpeg\" \/>\n<meta name=\"author\" content=\"dev@grandiz.com\" \/>\n<meta name=\"twitter:card\" content=\"summary_large_image\" \/>\n<meta name=\"twitter:label1\" content=\"\u00c9crit par\" \/>\n\t<meta name=\"twitter:data1\" content=\"dev@grandiz.com\" \/>\n\t<meta name=\"twitter:label2\" content=\"Dur\u00e9e de lecture estim\u00e9e\" \/>\n\t<meta name=\"twitter:data2\" content=\"1 minute\" \/>\n<script type=\"application\/ld+json\" class=\"yoast-schema-graph\">{\"@context\":\"https:\\\/\\\/schema.org\",\"@graph\":[{\"@type\":\"NewsArticle\",\"@id\":\"https:\\\/\\\/www.retaildetail.be\\\/fr\\\/news\\\/general\\\/un-fonds-americain-veut-acquerir-le-geant-hollandais-des-velos\\\/#article\",\"isPartOf\":{\"@id\":\"https:\\\/\\\/www.retaildetail.be\\\/fr\\\/news\\\/general\\\/un-fonds-americain-veut-acquerir-le-geant-hollandais-des-velos\\\/\"},\"author\":{\"name\":\"dev@grandiz.com\",\"@id\":\"https:\\\/\\\/www.retaildetail.be\\\/nl\\\/#\\\/schema\\\/person\\\/ba2d383452a753a3a1ce8cdb349b5fc9\"},\"headline\":\"Un fonds am\u00e9ricain veut acqu\u00e9rir le g\u00e9ant hollandais des v\u00e9los\",\"datePublished\":\"2022-01-25T15:05:17+00:00\",\"mainEntityOfPage\":{\"@id\":\"https:\\\/\\\/www.retaildetail.be\\\/fr\\\/news\\\/general\\\/un-fonds-americain-veut-acquerir-le-geant-hollandais-des-velos\\\/\"},\"wordCount\":324,\"publisher\":{\"@id\":\"https:\\\/\\\/www.retaildetail.be\\\/nl\\\/#organization\"},\"image\":{\"@id\":\"https:\\\/\\\/www.retaildetail.be\\\/fr\\\/news\\\/general\\\/un-fonds-americain-veut-acquerir-le-geant-hollandais-des-velos\\\/#primaryimage\"},\"thumbnailUrl\":\"https:\\\/\\\/www.retaildetail.be\\\/wp-content\\\/uploads\\\/2022\\\/04\\\/shutterstock_1352862071.jpg\",\"articleSection\":[\"G\u00e9n\u00e9ral\"],\"inLanguage\":\"fr-FR\",\"copyrightYear\":\"2022\",\"copyrightHolder\":{\"@id\":\"https:\\\/\\\/www.retaildetail.be\\\/#organization\"}},{\"@type\":\"WebPage\",\"@id\":\"https:\\\/\\\/www.retaildetail.be\\\/fr\\\/news\\\/general\\\/un-fonds-americain-veut-acquerir-le-geant-hollandais-des-velos\\\/\",\"url\":\"https:\\\/\\\/www.retaildetail.be\\\/fr\\\/news\\\/general\\\/un-fonds-americain-veut-acquerir-le-geant-hollandais-des-velos\\\/\",\"name\":\"Un fonds am\u00e9ricain veut acqu\u00e9rir le g\u00e9ant hollandais des v\u00e9los - RetailDetail BE\",\"isPartOf\":{\"@id\":\"https:\\\/\\\/www.retaildetail.be\\\/nl\\\/#website\"},\"primaryImageOfPage\":{\"@id\":\"https:\\\/\\\/www.retaildetail.be\\\/fr\\\/news\\\/general\\\/un-fonds-americain-veut-acquerir-le-geant-hollandais-des-velos\\\/#primaryimage\"},\"image\":{\"@id\":\"https:\\\/\\\/www.retaildetail.be\\\/fr\\\/news\\\/general\\\/un-fonds-americain-veut-acquerir-le-geant-hollandais-des-velos\\\/#primaryimage\"},\"thumbnailUrl\":\"https:\\\/\\\/www.retaildetail.be\\\/wp-content\\\/uploads\\\/2022\\\/04\\\/shutterstock_1352862071.jpg\",\"datePublished\":\"2022-01-25T15:05:17+00:00\",\"description\":\"Le fonds d'investissement am\u00e9ricain KKR offre 1,6 milliard d'euros pour Accell Group, le fabricant hollandais de v\u00e9los qui poss\u00e8de des marques telles que Batavus et Sparta.\",\"breadcrumb\":{\"@id\":\"https:\\\/\\\/www.retaildetail.be\\\/fr\\\/news\\\/general\\\/un-fonds-americain-veut-acquerir-le-geant-hollandais-des-velos\\\/#breadcrumb\"},\"inLanguage\":\"fr-FR\",\"potentialAction\":[{\"@type\":\"ReadAction\",\"target\":[\"https:\\\/\\\/www.retaildetail.be\\\/fr\\\/news\\\/general\\\/un-fonds-americain-veut-acquerir-le-geant-hollandais-des-velos\\\/\"]}]},{\"@type\":\"ImageObject\",\"inLanguage\":\"fr-FR\",\"@id\":\"https:\\\/\\\/www.retaildetail.be\\\/fr\\\/news\\\/general\\\/un-fonds-americain-veut-acquerir-le-geant-hollandais-des-velos\\\/#primaryimage\",\"url\":\"https:\\\/\\\/www.retaildetail.be\\\/wp-content\\\/uploads\\\/2022\\\/04\\\/shutterstock_1352862071.jpg\",\"contentUrl\":\"https:\\\/\\\/www.retaildetail.be\\\/wp-content\\\/uploads\\\/2022\\\/04\\\/shutterstock_1352862071.jpg\",\"width\":990,\"height\":661},{\"@type\":\"BreadcrumbList\",\"@id\":\"https:\\\/\\\/www.retaildetail.be\\\/fr\\\/news\\\/general\\\/un-fonds-americain-veut-acquerir-le-geant-hollandais-des-velos\\\/#breadcrumb\",\"itemListElement\":[{\"@type\":\"ListItem\",\"position\":1,\"name\":\"Home\",\"item\":\"https:\\\/\\\/www.retaildetail.be\\\/fr\\\/\"},{\"@type\":\"ListItem\",\"position\":2,\"name\":\"Un fonds am\u00e9ricain veut acqu\u00e9rir le g\u00e9ant hollandais des v\u00e9los\"}]},{\"@type\":\"WebSite\",\"@id\":\"https:\\\/\\\/www.retaildetail.be\\\/nl\\\/#website\",\"url\":\"https:\\\/\\\/www.retaildetail.be\\\/nl\\\/\",\"name\":\"RetailDetail BE\",\"description\":\"News\",\"publisher\":{\"@id\":\"https:\\\/\\\/www.retaildetail.be\\\/nl\\\/#organization\"},\"potentialAction\":[{\"@type\":\"SearchAction\",\"target\":{\"@type\":\"EntryPoint\",\"urlTemplate\":\"https:\\\/\\\/www.retaildetail.be\\\/nl\\\/?s={search_term_string}\"},\"query-input\":{\"@type\":\"PropertyValueSpecification\",\"valueRequired\":true,\"valueName\":\"search_term_string\"}}],\"inLanguage\":\"fr-FR\"},{\"@type\":\"Organization\",\"@id\":\"https:\\\/\\\/www.retaildetail.be\\\/nl\\\/#organization\",\"name\":\"RetailDetail BE\",\"url\":\"https:\\\/\\\/www.retaildetail.be\\\/nl\\\/\",\"logo\":{\"@type\":\"ImageObject\",\"inLanguage\":\"fr-FR\",\"@id\":\"https:\\\/\\\/www.retaildetail.be\\\/nl\\\/#\\\/schema\\\/logo\\\/image\\\/\",\"url\":\"https:\\\/\\\/www.retaildetail.be\\\/wp-content\\\/uploads\\\/2022\\\/04\\\/logo.svg\",\"contentUrl\":\"https:\\\/\\\/www.retaildetail.be\\\/wp-content\\\/uploads\\\/2022\\\/04\\\/logo.svg\",\"width\":131,\"height\":70,\"caption\":\"RetailDetail BE\"},\"image\":{\"@id\":\"https:\\\/\\\/www.retaildetail.be\\\/nl\\\/#\\\/schema\\\/logo\\\/image\\\/\"}},{\"@type\":\"Person\",\"@id\":\"https:\\\/\\\/www.retaildetail.be\\\/nl\\\/#\\\/schema\\\/person\\\/ba2d383452a753a3a1ce8cdb349b5fc9\",\"name\":\"dev@grandiz.com\",\"image\":{\"@type\":\"ImageObject\",\"inLanguage\":\"fr-FR\",\"@id\":\"https:\\\/\\\/secure.gravatar.com\\\/avatar\\\/5f53ce9fb6eed4a60e5aaaa712be8773880fa9459d9cac9bc4aa4fdbce3f447f?s=96&d=mm&r=g\",\"url\":\"https:\\\/\\\/secure.gravatar.com\\\/avatar\\\/5f53ce9fb6eed4a60e5aaaa712be8773880fa9459d9cac9bc4aa4fdbce3f447f?s=96&d=mm&r=g\",\"contentUrl\":\"https:\\\/\\\/secure.gravatar.com\\\/avatar\\\/5f53ce9fb6eed4a60e5aaaa712be8773880fa9459d9cac9bc4aa4fdbce3f447f?s=96&d=mm&r=g\",\"caption\":\"dev@grandiz.com\"},\"sameAs\":[\"http:\\\/\\\/preprod.retaildetail.be\"],\"url\":\"https:\\\/\\\/www.retaildetail.be\\\/fr\\\/author\\\/devgrandiz-com\\\/\"}]}<\/script>\n<!-- \/ Yoast SEO plugin. -->","yoast_head_json":{"title":"Un fonds am\u00e9ricain veut acqu\u00e9rir le g\u00e9ant hollandais des v\u00e9los - RetailDetail BE","description":"Le fonds d'investissement am\u00e9ricain KKR offre 1,6 milliard d'euros pour Accell Group, le fabricant hollandais de v\u00e9los qui poss\u00e8de des marques telles que Batavus et Sparta.","robots":{"index":"index","follow":"follow","max-snippet":"max-snippet:-1","max-image-preview":"max-image-preview:large","max-video-preview":"max-video-preview:-1"},"canonical":"https:\/\/www.retaildetail.be\/fr\/news\/general\/un-fonds-americain-veut-acquerir-le-geant-hollandais-des-velos\/","og_locale":"fr_FR","og_type":"article","og_title":"Un fonds am\u00e9ricain veut acqu\u00e9rir le g\u00e9ant hollandais des v\u00e9los - RetailDetail BE","og_description":"Le fonds d'investissement am\u00e9ricain KKR offre 1,6 milliard d'euros pour Accell Group, le fabricant hollandais de v\u00e9los qui poss\u00e8de des marques telles que Batavus et Sparta.","og_url":"https:\/\/www.retaildetail.be\/fr\/news\/general\/un-fonds-americain-veut-acquerir-le-geant-hollandais-des-velos\/","og_site_name":"RetailDetail BE","article_published_time":"2022-01-25T15:05:17+00:00","og_image":[{"width":990,"height":661,"url":"https:\/\/i0.wp.com\/www.retaildetail.be\/wp-content\/uploads\/2022\/04\/shutterstock_1352862071.jpg?fit=990%2C661&quality=100&strip=all&ssl=1","type":"image\/jpeg"}],"author":"dev@grandiz.com","twitter_card":"summary_large_image","twitter_misc":{"\u00c9crit par":"dev@grandiz.com","Dur\u00e9e de lecture estim\u00e9e":"1 minute"},"schema":{"@context":"https:\/\/schema.org","@graph":[{"@type":"NewsArticle","@id":"https:\/\/www.retaildetail.be\/fr\/news\/general\/un-fonds-americain-veut-acquerir-le-geant-hollandais-des-velos\/#article","isPartOf":{"@id":"https:\/\/www.retaildetail.be\/fr\/news\/general\/un-fonds-americain-veut-acquerir-le-geant-hollandais-des-velos\/"},"author":{"name":"dev@grandiz.com","@id":"https:\/\/www.retaildetail.be\/nl\/#\/schema\/person\/ba2d383452a753a3a1ce8cdb349b5fc9"},"headline":"Un fonds am\u00e9ricain veut acqu\u00e9rir le g\u00e9ant hollandais des v\u00e9los","datePublished":"2022-01-25T15:05:17+00:00","mainEntityOfPage":{"@id":"https:\/\/www.retaildetail.be\/fr\/news\/general\/un-fonds-americain-veut-acquerir-le-geant-hollandais-des-velos\/"},"wordCount":324,"publisher":{"@id":"https:\/\/www.retaildetail.be\/nl\/#organization"},"image":{"@id":"https:\/\/www.retaildetail.be\/fr\/news\/general\/un-fonds-americain-veut-acquerir-le-geant-hollandais-des-velos\/#primaryimage"},"thumbnailUrl":"https:\/\/www.retaildetail.be\/wp-content\/uploads\/2022\/04\/shutterstock_1352862071.jpg","articleSection":["G\u00e9n\u00e9ral"],"inLanguage":"fr-FR","copyrightYear":"2022","copyrightHolder":{"@id":"https:\/\/www.retaildetail.be\/#organization"}},{"@type":"WebPage","@id":"https:\/\/www.retaildetail.be\/fr\/news\/general\/un-fonds-americain-veut-acquerir-le-geant-hollandais-des-velos\/","url":"https:\/\/www.retaildetail.be\/fr\/news\/general\/un-fonds-americain-veut-acquerir-le-geant-hollandais-des-velos\/","name":"Un fonds am\u00e9ricain veut acqu\u00e9rir le g\u00e9ant hollandais des v\u00e9los - RetailDetail BE","isPartOf":{"@id":"https:\/\/www.retaildetail.be\/nl\/#website"},"primaryImageOfPage":{"@id":"https:\/\/www.retaildetail.be\/fr\/news\/general\/un-fonds-americain-veut-acquerir-le-geant-hollandais-des-velos\/#primaryimage"},"image":{"@id":"https:\/\/www.retaildetail.be\/fr\/news\/general\/un-fonds-americain-veut-acquerir-le-geant-hollandais-des-velos\/#primaryimage"},"thumbnailUrl":"https:\/\/www.retaildetail.be\/wp-content\/uploads\/2022\/04\/shutterstock_1352862071.jpg","datePublished":"2022-01-25T15:05:17+00:00","description":"Le fonds d'investissement am\u00e9ricain KKR offre 1,6 milliard d'euros pour Accell Group, le fabricant hollandais de v\u00e9los qui poss\u00e8de des marques telles que Batavus et Sparta.","breadcrumb":{"@id":"https:\/\/www.retaildetail.be\/fr\/news\/general\/un-fonds-americain-veut-acquerir-le-geant-hollandais-des-velos\/#breadcrumb"},"inLanguage":"fr-FR","potentialAction":[{"@type":"ReadAction","target":["https:\/\/www.retaildetail.be\/fr\/news\/general\/un-fonds-americain-veut-acquerir-le-geant-hollandais-des-velos\/"]}]},{"@type":"ImageObject","inLanguage":"fr-FR","@id":"https:\/\/www.retaildetail.be\/fr\/news\/general\/un-fonds-americain-veut-acquerir-le-geant-hollandais-des-velos\/#primaryimage","url":"https:\/\/www.retaildetail.be\/wp-content\/uploads\/2022\/04\/shutterstock_1352862071.jpg","contentUrl":"https:\/\/www.retaildetail.be\/wp-content\/uploads\/2022\/04\/shutterstock_1352862071.jpg","width":990,"height":661},{"@type":"BreadcrumbList","@id":"https:\/\/www.retaildetail.be\/fr\/news\/general\/un-fonds-americain-veut-acquerir-le-geant-hollandais-des-velos\/#breadcrumb","itemListElement":[{"@type":"ListItem","position":1,"name":"Home","item":"https:\/\/www.retaildetail.be\/fr\/"},{"@type":"ListItem","position":2,"name":"Un fonds am\u00e9ricain veut acqu\u00e9rir le g\u00e9ant hollandais des v\u00e9los"}]},{"@type":"WebSite","@id":"https:\/\/www.retaildetail.be\/nl\/#website","url":"https:\/\/www.retaildetail.be\/nl\/","name":"RetailDetail BE","description":"News","publisher":{"@id":"https:\/\/www.retaildetail.be\/nl\/#organization"},"potentialAction":[{"@type":"SearchAction","target":{"@type":"EntryPoint","urlTemplate":"https:\/\/www.retaildetail.be\/nl\/?s={search_term_string}"},"query-input":{"@type":"PropertyValueSpecification","valueRequired":true,"valueName":"search_term_string"}}],"inLanguage":"fr-FR"},{"@type":"Organization","@id":"https:\/\/www.retaildetail.be\/nl\/#organization","name":"RetailDetail BE","url":"https:\/\/www.retaildetail.be\/nl\/","logo":{"@type":"ImageObject","inLanguage":"fr-FR","@id":"https:\/\/www.retaildetail.be\/nl\/#\/schema\/logo\/image\/","url":"https:\/\/www.retaildetail.be\/wp-content\/uploads\/2022\/04\/logo.svg","contentUrl":"https:\/\/www.retaildetail.be\/wp-content\/uploads\/2022\/04\/logo.svg","width":131,"height":70,"caption":"RetailDetail BE"},"image":{"@id":"https:\/\/www.retaildetail.be\/nl\/#\/schema\/logo\/image\/"}},{"@type":"Person","@id":"https:\/\/www.retaildetail.be\/nl\/#\/schema\/person\/ba2d383452a753a3a1ce8cdb349b5fc9","name":"dev@grandiz.com","image":{"@type":"ImageObject","inLanguage":"fr-FR","@id":"https:\/\/secure.gravatar.com\/avatar\/5f53ce9fb6eed4a60e5aaaa712be8773880fa9459d9cac9bc4aa4fdbce3f447f?s=96&d=mm&r=g","url":"https:\/\/secure.gravatar.com\/avatar\/5f53ce9fb6eed4a60e5aaaa712be8773880fa9459d9cac9bc4aa4fdbce3f447f?s=96&d=mm&r=g","contentUrl":"https:\/\/secure.gravatar.com\/avatar\/5f53ce9fb6eed4a60e5aaaa712be8773880fa9459d9cac9bc4aa4fdbce3f447f?s=96&d=mm&r=g","caption":"dev@grandiz.com"},"sameAs":["http:\/\/preprod.retaildetail.be"],"url":"https:\/\/www.retaildetail.be\/fr\/author\/devgrandiz-com\/"}]}},"jetpack_featured_media_url":"https:\/\/www.retaildetail.be\/wp-content\/uploads\/2022\/04\/shutterstock_1352862071.jpg","jetpack_sharing_enabled":true,"_links":{"self":[{"href":"https:\/\/www.retaildetail.be\/fr\/wp-json\/wp\/v2\/posts\/53714","targetHints":{"allow":["GET"]}}],"collection":[{"href":"https:\/\/www.retaildetail.be\/fr\/wp-json\/wp\/v2\/posts"}],"about":[{"href":"https:\/\/www.retaildetail.be\/fr\/wp-json\/wp\/v2\/types\/post"}],"author":[{"embeddable":true,"href":"https:\/\/www.retaildetail.be\/fr\/wp-json\/wp\/v2\/users\/1"}],"replies":[{"embeddable":true,"href":"https:\/\/www.retaildetail.be\/fr\/wp-json\/wp\/v2\/comments?post=53714"}],"version-history":[{"count":0,"href":"https:\/\/www.retaildetail.be\/fr\/wp-json\/wp\/v2\/posts\/53714\/revisions"}],"wp:featuredmedia":[{"embeddable":true,"href":"https:\/\/www.retaildetail.be\/fr\/wp-json\/wp\/v2\/media\/53711"}],"wp:attachment":[{"href":"https:\/\/www.retaildetail.be\/fr\/wp-json\/wp\/v2\/media?parent=53714"}],"wp:term":[{"taxonomy":"category","embeddable":true,"href":"https:\/\/www.retaildetail.be\/fr\/wp-json\/wp\/v2\/categories?post=53714"},{"taxonomy":"post_tag","embeddable":true,"href":"https:\/\/www.retaildetail.be\/fr\/wp-json\/wp\/v2\/tags?post=53714"},{"taxonomy":"people","embeddable":true,"href":"https:\/\/www.retaildetail.be\/fr\/wp-json\/wp\/v2\/people?post=53714"},{"taxonomy":"extra","embeddable":true,"href":"https:\/\/www.retaildetail.be\/fr\/wp-json\/wp\/v2\/extra?post=53714"},{"taxonomy":"company","embeddable":true,"href":"https:\/\/www.retaildetail.be\/fr\/wp-json\/wp\/v2\/company?post=53714"},{"taxonomy":"topic","embeddable":true,"href":"https:\/\/www.retaildetail.be\/fr\/wp-json\/wp\/v2\/topic?post=53714"},{"taxonomy":"region","embeddable":true,"href":"https:\/\/www.retaildetail.be\/fr\/wp-json\/wp\/v2\/region?post=53714"}],"curies":[{"name":"wp","href":"https:\/\/api.w.org\/{rel}","templated":true}]}}