{"id":55021,"date":"2022-04-07T13:10:31","date_gmt":"2022-04-07T13:10:31","guid":{"rendered":"https:\/\/www.retaildetail.be\/general\/lunettes-pour-tous-fait-ses-debuts-a-bruxelles-2\/"},"modified":"2022-04-07T13:10:31","modified_gmt":"2022-04-07T13:10:31","slug":"lunettes-pour-tous-fait-ses-debuts-a-bruxelles-2","status":"publish","type":"post","link":"https:\/\/www.retaildetail.be\/fr\/news\/general\/lunettes-pour-tous-fait-ses-debuts-a-bruxelles-2\/","title":{"rendered":"Lunettes pour Tous fait ses d\u00e9buts \u00e0 Bruxelles"},"content":{"rendered":"<p>Une nouvelle paire de lunettes pour 50 euros. Voil\u00e0 ce que propose\u00a0<strong>Lunettes pour Tous<\/strong>, une enseigne de lunettes fran\u00e7aise qui ouvre aujourd&rsquo;hui son premier magasin belge \u00e0 Bruxelles. D&rsquo;autres magasins pourraient suivre dans l&rsquo;ann\u00e9e.<\/p>\n<p><!--break--><\/p>\n<p>\u00a0<\/p>\n<h2>R\u00e9volution dans le march\u00e9\u00a0des opticiens<\/h2>\n<p>Des lunettes \u00e0 des prix ultra-bas : tel est le concept de Lunettes pour Tous. La monture la plus ch\u00e8re co\u00fbte 55 euros, la moins ch\u00e8re 10 euros. Des verres corrig\u00e9s sont disponibles \u00e0 partir de 10 euros.\u00a0\u00ab\u00a0Les tarifs des vendeurs classiques <a href=\"https:\/\/www.lalibre.be\/economie\/entreprises-startup\/2022\/04\/06\/le-tres-low-cost-lunettes-pour-tous-debarque-a-bruxelles-les-tarifs-des-vendeurs-classiques-sont-completement-dingues-YPYMLIWDJNBZRJWCLXOATJ3XME\/\" target=\"_blank\" rel=\"noopener\">sont compl\u00e8tement dingues<\/a>\u00ab\u00a0, explique \u00e0 l&rsquo;Echo le fondateur Paul Morlet, un ancien\u00a0\u00e9lectricien chez les chemins de fer fran\u00e7ais qui a perdu son emploi en 2008.<\/p>\n<p>\nApr\u00e8s une premi\u00e8re aventure avec des lunettes promotionnelles,\u00a0sous le nom de <strong>Lulu Frenchie<\/strong>, le trentenaire lance sa propre enseigne de lunettes. Avec le soutien du milliardaire fran\u00e7ais et entrepreneur en t\u00e9l\u00e9communications Xavier Niel, qui poss\u00e8de la moiti\u00e9 des actions. L&rsquo;objectif : provoquer une rupture dans le secteur des lunettes. Des marges faibles, des volumes \u00e9lev\u00e9s et un assortiment limit\u00e9 aux marques propres devraient faire l&rsquo;affaire.<\/p>\n<p>\u00a0<\/p>\n<h2>Dix euros et dix minutes<\/h2>\n<p>Sur son march\u00e9 d&rsquo;origine fran\u00e7ais, la cha\u00eene compte d\u00e9sormais 28 magasins, et aujourd&rsquo;hui, la premi\u00e8re succursale belge ouvre ses portes le long de la Chauss\u00e9e d&rsquo;Ixelles \u00e0 Bruxelles. Dans les magasins, les clients repartent avec leurs lunettes en dix minutes, promet le site web, car l&rsquo;assemblage se fait directement sur place. Des tests oculaires gratuits sont \u00e9galement inclus dans le prix.<\/p>\n<p>\u00a0<\/p>\n<p>En France, Lunettes pour Tous a vendu plus de 750 000 paires de lunettes l&rsquo;ann\u00e9e derni\u00e8re, g\u00e9n\u00e9rant un chiffre d&rsquo;affaires de 22 millions d&rsquo;euros. Sans la pand\u00e9mie Covid, cela aurait \u00e9t\u00e9 plus, estime Paul Morlet, qui <a href=\"https:\/\/www.lecho.be\/entreprises\/general\/le-poulain-de-xavier-niel-lance-ses-lunettes-low-cost-en-belgique\/10378739\" target=\"_blank\" rel=\"noopener\">pr\u00e9f\u00e8re prendre comme r\u00e9f\u00e9rence les 20 millions d&rsquo;euros<\/a> de chiffre d&rsquo;affaires avec 15 magasins en 2019. Si le magasin de Bruxelles prend de l&rsquo;ampleur,\u00a0de nouveaux d\u00e9veloppements en Belgique sont d\u00e9j\u00e0 \u00e0 l&rsquo;ordre du jour.\u00a0Dans les douze mois, un prochain magasin pourrait voir le jour, \u00e0 Anvers, Li\u00e8ge, Gand ou Bruges.\u00a0<\/p>\n","protected":false},"excerpt":{"rendered":"<p>Une nouvelle paire de lunettes pour 50 euros. Voil\u00e0 ce que propose\u00a0Lunettes pour Tous, une enseigne de lunettes fran\u00e7aise qui ouvre aujourd&rsquo;hui son premier magasin belge \u00e0 Bruxelles. D&rsquo;autres magasins pourraient suivre dans l&rsquo;ann\u00e9e. \u00a0 R\u00e9volution dans le march\u00e9\u00a0des opticiens Des lunettes \u00e0 des prix ultra-bas : tel est le concept de Lunettes pour Tous. [&hellip;]<\/p>\n","protected":false},"author":1,"featured_media":55018,"comment_status":"closed","ping_status":"closed","sticky":false,"template":"","format":"standard","meta":{"_acf_changed":false,"inline_featured_image":false,"_jetpack_memberships_contains_paid_content":false,"footnotes":""},"categories":[25],"tags":[],"people":[],"extra":[],"company":[],"topic":[],"region":[],"class_list":["post-55021","post","type-post","status-publish","format-standard","has-post-thumbnail","hentry","category-general"],"acf":[],"yoast_head":"<!-- This site is optimized with the Yoast SEO plugin v27.3 - https:\/\/yoast.com\/product\/yoast-seo-wordpress\/ -->\n<title>Lunettes pour Tous fait ses d\u00e9buts \u00e0 Bruxelles - RetailDetail BE<\/title>\n<meta name=\"description\" content=\"Une nouvelle paire de lunettes pour 50 euros. Voil\u00e0 ce que propose\u00a0Lunettes pour Tous, une enseigne de lunettes fran\u00e7aise qui ouvre aujourd&#039;hui son premier magasin belge \u00e0 Bruxelles.\" \/>\n<meta name=\"robots\" content=\"index, follow, max-snippet:-1, max-image-preview:large, max-video-preview:-1\" \/>\n<link rel=\"canonical\" href=\"https:\/\/www.retaildetail.be\/fr\/news\/general\/lunettes-pour-tous-fait-ses-debuts-a-bruxelles-2\/\" \/>\n<meta property=\"og:locale\" content=\"fr_FR\" \/>\n<meta property=\"og:type\" content=\"article\" \/>\n<meta property=\"og:title\" content=\"Lunettes pour Tous fait ses d\u00e9buts \u00e0 Bruxelles - RetailDetail BE\" \/>\n<meta property=\"og:description\" content=\"Une nouvelle paire de lunettes pour 50 euros. Voil\u00e0 ce que propose\u00a0Lunettes pour Tous, une enseigne de lunettes fran\u00e7aise qui ouvre aujourd&#039;hui son premier magasin belge \u00e0 Bruxelles.\" \/>\n<meta property=\"og:url\" content=\"https:\/\/www.retaildetail.be\/fr\/news\/general\/lunettes-pour-tous-fait-ses-debuts-a-bruxelles-2\/\" \/>\n<meta property=\"og:site_name\" content=\"RetailDetail BE\" \/>\n<meta property=\"article:published_time\" content=\"2022-04-07T13:10:31+00:00\" \/>\n<meta property=\"og:image\" content=\"https:\/\/i0.wp.com\/www.retaildetail.be\/wp-content\/uploads\/2022\/04\/nantes-1-1200x900-1.jpg?fit=1200%2C900&quality=100&strip=all&ssl=1\" \/>\n\t<meta property=\"og:image:width\" content=\"1200\" \/>\n\t<meta property=\"og:image:height\" content=\"900\" \/>\n\t<meta property=\"og:image:type\" content=\"image\/jpeg\" \/>\n<meta name=\"author\" content=\"dev@grandiz.com\" \/>\n<meta name=\"twitter:card\" content=\"summary_large_image\" \/>\n<meta name=\"twitter:label1\" content=\"\u00c9crit par\" \/>\n\t<meta name=\"twitter:data1\" content=\"dev@grandiz.com\" \/>\n\t<meta name=\"twitter:label2\" content=\"Dur\u00e9e de lecture estim\u00e9e\" \/>\n\t<meta name=\"twitter:data2\" content=\"2 minutes\" \/>\n<script type=\"application\/ld+json\" class=\"yoast-schema-graph\">{\"@context\":\"https:\\\/\\\/schema.org\",\"@graph\":[{\"@type\":\"NewsArticle\",\"@id\":\"https:\\\/\\\/www.retaildetail.be\\\/fr\\\/news\\\/general\\\/lunettes-pour-tous-fait-ses-debuts-a-bruxelles-2\\\/#article\",\"isPartOf\":{\"@id\":\"https:\\\/\\\/www.retaildetail.be\\\/fr\\\/news\\\/general\\\/lunettes-pour-tous-fait-ses-debuts-a-bruxelles-2\\\/\"},\"author\":{\"name\":\"dev@grandiz.com\",\"@id\":\"https:\\\/\\\/www.retaildetail.be\\\/nl\\\/#\\\/schema\\\/person\\\/ba2d383452a753a3a1ce8cdb349b5fc9\"},\"headline\":\"Lunettes pour Tous fait ses d\u00e9buts \u00e0 Bruxelles\",\"datePublished\":\"2022-04-07T13:10:31+00:00\",\"mainEntityOfPage\":{\"@id\":\"https:\\\/\\\/www.retaildetail.be\\\/fr\\\/news\\\/general\\\/lunettes-pour-tous-fait-ses-debuts-a-bruxelles-2\\\/\"},\"wordCount\":367,\"publisher\":{\"@id\":\"https:\\\/\\\/www.retaildetail.be\\\/nl\\\/#organization\"},\"image\":{\"@id\":\"https:\\\/\\\/www.retaildetail.be\\\/fr\\\/news\\\/general\\\/lunettes-pour-tous-fait-ses-debuts-a-bruxelles-2\\\/#primaryimage\"},\"thumbnailUrl\":\"https:\\\/\\\/www.retaildetail.be\\\/wp-content\\\/uploads\\\/2022\\\/04\\\/nantes-1-1200x900-1.jpg\",\"articleSection\":[\"G\u00e9n\u00e9ral\"],\"inLanguage\":\"fr-FR\",\"copyrightYear\":\"2022\",\"copyrightHolder\":{\"@id\":\"https:\\\/\\\/www.retaildetail.be\\\/#organization\"}},{\"@type\":\"WebPage\",\"@id\":\"https:\\\/\\\/www.retaildetail.be\\\/fr\\\/news\\\/general\\\/lunettes-pour-tous-fait-ses-debuts-a-bruxelles-2\\\/\",\"url\":\"https:\\\/\\\/www.retaildetail.be\\\/fr\\\/news\\\/general\\\/lunettes-pour-tous-fait-ses-debuts-a-bruxelles-2\\\/\",\"name\":\"Lunettes pour Tous fait ses d\u00e9buts \u00e0 Bruxelles - RetailDetail BE\",\"isPartOf\":{\"@id\":\"https:\\\/\\\/www.retaildetail.be\\\/nl\\\/#website\"},\"primaryImageOfPage\":{\"@id\":\"https:\\\/\\\/www.retaildetail.be\\\/fr\\\/news\\\/general\\\/lunettes-pour-tous-fait-ses-debuts-a-bruxelles-2\\\/#primaryimage\"},\"image\":{\"@id\":\"https:\\\/\\\/www.retaildetail.be\\\/fr\\\/news\\\/general\\\/lunettes-pour-tous-fait-ses-debuts-a-bruxelles-2\\\/#primaryimage\"},\"thumbnailUrl\":\"https:\\\/\\\/www.retaildetail.be\\\/wp-content\\\/uploads\\\/2022\\\/04\\\/nantes-1-1200x900-1.jpg\",\"datePublished\":\"2022-04-07T13:10:31+00:00\",\"description\":\"Une nouvelle paire de lunettes pour 50 euros. Voil\u00e0 ce que propose\u00a0Lunettes pour Tous, une enseigne de lunettes fran\u00e7aise qui ouvre aujourd'hui son premier magasin belge \u00e0 Bruxelles.\",\"breadcrumb\":{\"@id\":\"https:\\\/\\\/www.retaildetail.be\\\/fr\\\/news\\\/general\\\/lunettes-pour-tous-fait-ses-debuts-a-bruxelles-2\\\/#breadcrumb\"},\"inLanguage\":\"fr-FR\",\"potentialAction\":[{\"@type\":\"ReadAction\",\"target\":[\"https:\\\/\\\/www.retaildetail.be\\\/fr\\\/news\\\/general\\\/lunettes-pour-tous-fait-ses-debuts-a-bruxelles-2\\\/\"]}]},{\"@type\":\"ImageObject\",\"inLanguage\":\"fr-FR\",\"@id\":\"https:\\\/\\\/www.retaildetail.be\\\/fr\\\/news\\\/general\\\/lunettes-pour-tous-fait-ses-debuts-a-bruxelles-2\\\/#primaryimage\",\"url\":\"https:\\\/\\\/www.retaildetail.be\\\/wp-content\\\/uploads\\\/2022\\\/04\\\/nantes-1-1200x900-1.jpg\",\"contentUrl\":\"https:\\\/\\\/www.retaildetail.be\\\/wp-content\\\/uploads\\\/2022\\\/04\\\/nantes-1-1200x900-1.jpg\",\"width\":1200,\"height\":900},{\"@type\":\"BreadcrumbList\",\"@id\":\"https:\\\/\\\/www.retaildetail.be\\\/fr\\\/news\\\/general\\\/lunettes-pour-tous-fait-ses-debuts-a-bruxelles-2\\\/#breadcrumb\",\"itemListElement\":[{\"@type\":\"ListItem\",\"position\":1,\"name\":\"Home\",\"item\":\"https:\\\/\\\/www.retaildetail.be\\\/fr\\\/\"},{\"@type\":\"ListItem\",\"position\":2,\"name\":\"Lunettes pour Tous fait ses d\u00e9buts \u00e0 Bruxelles\"}]},{\"@type\":\"WebSite\",\"@id\":\"https:\\\/\\\/www.retaildetail.be\\\/nl\\\/#website\",\"url\":\"https:\\\/\\\/www.retaildetail.be\\\/nl\\\/\",\"name\":\"RetailDetail BE\",\"description\":\"News\",\"publisher\":{\"@id\":\"https:\\\/\\\/www.retaildetail.be\\\/nl\\\/#organization\"},\"potentialAction\":[{\"@type\":\"SearchAction\",\"target\":{\"@type\":\"EntryPoint\",\"urlTemplate\":\"https:\\\/\\\/www.retaildetail.be\\\/nl\\\/?s={search_term_string}\"},\"query-input\":{\"@type\":\"PropertyValueSpecification\",\"valueRequired\":true,\"valueName\":\"search_term_string\"}}],\"inLanguage\":\"fr-FR\"},{\"@type\":\"Organization\",\"@id\":\"https:\\\/\\\/www.retaildetail.be\\\/nl\\\/#organization\",\"name\":\"RetailDetail BE\",\"url\":\"https:\\\/\\\/www.retaildetail.be\\\/nl\\\/\",\"logo\":{\"@type\":\"ImageObject\",\"inLanguage\":\"fr-FR\",\"@id\":\"https:\\\/\\\/www.retaildetail.be\\\/nl\\\/#\\\/schema\\\/logo\\\/image\\\/\",\"url\":\"https:\\\/\\\/www.retaildetail.be\\\/wp-content\\\/uploads\\\/2022\\\/04\\\/logo.svg\",\"contentUrl\":\"https:\\\/\\\/www.retaildetail.be\\\/wp-content\\\/uploads\\\/2022\\\/04\\\/logo.svg\",\"width\":131,\"height\":70,\"caption\":\"RetailDetail BE\"},\"image\":{\"@id\":\"https:\\\/\\\/www.retaildetail.be\\\/nl\\\/#\\\/schema\\\/logo\\\/image\\\/\"}},{\"@type\":\"Person\",\"@id\":\"https:\\\/\\\/www.retaildetail.be\\\/nl\\\/#\\\/schema\\\/person\\\/ba2d383452a753a3a1ce8cdb349b5fc9\",\"name\":\"dev@grandiz.com\",\"image\":{\"@type\":\"ImageObject\",\"inLanguage\":\"fr-FR\",\"@id\":\"https:\\\/\\\/secure.gravatar.com\\\/avatar\\\/5f53ce9fb6eed4a60e5aaaa712be8773880fa9459d9cac9bc4aa4fdbce3f447f?s=96&d=mm&r=g\",\"url\":\"https:\\\/\\\/secure.gravatar.com\\\/avatar\\\/5f53ce9fb6eed4a60e5aaaa712be8773880fa9459d9cac9bc4aa4fdbce3f447f?s=96&d=mm&r=g\",\"contentUrl\":\"https:\\\/\\\/secure.gravatar.com\\\/avatar\\\/5f53ce9fb6eed4a60e5aaaa712be8773880fa9459d9cac9bc4aa4fdbce3f447f?s=96&d=mm&r=g\",\"caption\":\"dev@grandiz.com\"},\"sameAs\":[\"http:\\\/\\\/preprod.retaildetail.be\"],\"url\":\"https:\\\/\\\/www.retaildetail.be\\\/fr\\\/author\\\/devgrandiz-com\\\/\"}]}<\/script>\n<!-- \/ Yoast SEO plugin. -->","yoast_head_json":{"title":"Lunettes pour Tous fait ses d\u00e9buts \u00e0 Bruxelles - RetailDetail BE","description":"Une nouvelle paire de lunettes pour 50 euros. Voil\u00e0 ce que propose\u00a0Lunettes pour Tous, une enseigne de lunettes fran\u00e7aise qui ouvre aujourd'hui son premier magasin belge \u00e0 Bruxelles.","robots":{"index":"index","follow":"follow","max-snippet":"max-snippet:-1","max-image-preview":"max-image-preview:large","max-video-preview":"max-video-preview:-1"},"canonical":"https:\/\/www.retaildetail.be\/fr\/news\/general\/lunettes-pour-tous-fait-ses-debuts-a-bruxelles-2\/","og_locale":"fr_FR","og_type":"article","og_title":"Lunettes pour Tous fait ses d\u00e9buts \u00e0 Bruxelles - RetailDetail BE","og_description":"Une nouvelle paire de lunettes pour 50 euros. Voil\u00e0 ce que propose\u00a0Lunettes pour Tous, une enseigne de lunettes fran\u00e7aise qui ouvre aujourd'hui son premier magasin belge \u00e0 Bruxelles.","og_url":"https:\/\/www.retaildetail.be\/fr\/news\/general\/lunettes-pour-tous-fait-ses-debuts-a-bruxelles-2\/","og_site_name":"RetailDetail BE","article_published_time":"2022-04-07T13:10:31+00:00","og_image":[{"width":1200,"height":900,"url":"https:\/\/i0.wp.com\/www.retaildetail.be\/wp-content\/uploads\/2022\/04\/nantes-1-1200x900-1.jpg?fit=1200%2C900&quality=100&strip=all&ssl=1","type":"image\/jpeg"}],"author":"dev@grandiz.com","twitter_card":"summary_large_image","twitter_misc":{"\u00c9crit par":"dev@grandiz.com","Dur\u00e9e de lecture estim\u00e9e":"2 minutes"},"schema":{"@context":"https:\/\/schema.org","@graph":[{"@type":"NewsArticle","@id":"https:\/\/www.retaildetail.be\/fr\/news\/general\/lunettes-pour-tous-fait-ses-debuts-a-bruxelles-2\/#article","isPartOf":{"@id":"https:\/\/www.retaildetail.be\/fr\/news\/general\/lunettes-pour-tous-fait-ses-debuts-a-bruxelles-2\/"},"author":{"name":"dev@grandiz.com","@id":"https:\/\/www.retaildetail.be\/nl\/#\/schema\/person\/ba2d383452a753a3a1ce8cdb349b5fc9"},"headline":"Lunettes pour Tous fait ses d\u00e9buts \u00e0 Bruxelles","datePublished":"2022-04-07T13:10:31+00:00","mainEntityOfPage":{"@id":"https:\/\/www.retaildetail.be\/fr\/news\/general\/lunettes-pour-tous-fait-ses-debuts-a-bruxelles-2\/"},"wordCount":367,"publisher":{"@id":"https:\/\/www.retaildetail.be\/nl\/#organization"},"image":{"@id":"https:\/\/www.retaildetail.be\/fr\/news\/general\/lunettes-pour-tous-fait-ses-debuts-a-bruxelles-2\/#primaryimage"},"thumbnailUrl":"https:\/\/www.retaildetail.be\/wp-content\/uploads\/2022\/04\/nantes-1-1200x900-1.jpg","articleSection":["G\u00e9n\u00e9ral"],"inLanguage":"fr-FR","copyrightYear":"2022","copyrightHolder":{"@id":"https:\/\/www.retaildetail.be\/#organization"}},{"@type":"WebPage","@id":"https:\/\/www.retaildetail.be\/fr\/news\/general\/lunettes-pour-tous-fait-ses-debuts-a-bruxelles-2\/","url":"https:\/\/www.retaildetail.be\/fr\/news\/general\/lunettes-pour-tous-fait-ses-debuts-a-bruxelles-2\/","name":"Lunettes pour Tous fait ses d\u00e9buts \u00e0 Bruxelles - RetailDetail BE","isPartOf":{"@id":"https:\/\/www.retaildetail.be\/nl\/#website"},"primaryImageOfPage":{"@id":"https:\/\/www.retaildetail.be\/fr\/news\/general\/lunettes-pour-tous-fait-ses-debuts-a-bruxelles-2\/#primaryimage"},"image":{"@id":"https:\/\/www.retaildetail.be\/fr\/news\/general\/lunettes-pour-tous-fait-ses-debuts-a-bruxelles-2\/#primaryimage"},"thumbnailUrl":"https:\/\/www.retaildetail.be\/wp-content\/uploads\/2022\/04\/nantes-1-1200x900-1.jpg","datePublished":"2022-04-07T13:10:31+00:00","description":"Une nouvelle paire de lunettes pour 50 euros. Voil\u00e0 ce que propose\u00a0Lunettes pour Tous, une enseigne de lunettes fran\u00e7aise qui ouvre aujourd'hui son premier magasin belge \u00e0 Bruxelles.","breadcrumb":{"@id":"https:\/\/www.retaildetail.be\/fr\/news\/general\/lunettes-pour-tous-fait-ses-debuts-a-bruxelles-2\/#breadcrumb"},"inLanguage":"fr-FR","potentialAction":[{"@type":"ReadAction","target":["https:\/\/www.retaildetail.be\/fr\/news\/general\/lunettes-pour-tous-fait-ses-debuts-a-bruxelles-2\/"]}]},{"@type":"ImageObject","inLanguage":"fr-FR","@id":"https:\/\/www.retaildetail.be\/fr\/news\/general\/lunettes-pour-tous-fait-ses-debuts-a-bruxelles-2\/#primaryimage","url":"https:\/\/www.retaildetail.be\/wp-content\/uploads\/2022\/04\/nantes-1-1200x900-1.jpg","contentUrl":"https:\/\/www.retaildetail.be\/wp-content\/uploads\/2022\/04\/nantes-1-1200x900-1.jpg","width":1200,"height":900},{"@type":"BreadcrumbList","@id":"https:\/\/www.retaildetail.be\/fr\/news\/general\/lunettes-pour-tous-fait-ses-debuts-a-bruxelles-2\/#breadcrumb","itemListElement":[{"@type":"ListItem","position":1,"name":"Home","item":"https:\/\/www.retaildetail.be\/fr\/"},{"@type":"ListItem","position":2,"name":"Lunettes pour Tous fait ses d\u00e9buts \u00e0 Bruxelles"}]},{"@type":"WebSite","@id":"https:\/\/www.retaildetail.be\/nl\/#website","url":"https:\/\/www.retaildetail.be\/nl\/","name":"RetailDetail BE","description":"News","publisher":{"@id":"https:\/\/www.retaildetail.be\/nl\/#organization"},"potentialAction":[{"@type":"SearchAction","target":{"@type":"EntryPoint","urlTemplate":"https:\/\/www.retaildetail.be\/nl\/?s={search_term_string}"},"query-input":{"@type":"PropertyValueSpecification","valueRequired":true,"valueName":"search_term_string"}}],"inLanguage":"fr-FR"},{"@type":"Organization","@id":"https:\/\/www.retaildetail.be\/nl\/#organization","name":"RetailDetail BE","url":"https:\/\/www.retaildetail.be\/nl\/","logo":{"@type":"ImageObject","inLanguage":"fr-FR","@id":"https:\/\/www.retaildetail.be\/nl\/#\/schema\/logo\/image\/","url":"https:\/\/www.retaildetail.be\/wp-content\/uploads\/2022\/04\/logo.svg","contentUrl":"https:\/\/www.retaildetail.be\/wp-content\/uploads\/2022\/04\/logo.svg","width":131,"height":70,"caption":"RetailDetail BE"},"image":{"@id":"https:\/\/www.retaildetail.be\/nl\/#\/schema\/logo\/image\/"}},{"@type":"Person","@id":"https:\/\/www.retaildetail.be\/nl\/#\/schema\/person\/ba2d383452a753a3a1ce8cdb349b5fc9","name":"dev@grandiz.com","image":{"@type":"ImageObject","inLanguage":"fr-FR","@id":"https:\/\/secure.gravatar.com\/avatar\/5f53ce9fb6eed4a60e5aaaa712be8773880fa9459d9cac9bc4aa4fdbce3f447f?s=96&d=mm&r=g","url":"https:\/\/secure.gravatar.com\/avatar\/5f53ce9fb6eed4a60e5aaaa712be8773880fa9459d9cac9bc4aa4fdbce3f447f?s=96&d=mm&r=g","contentUrl":"https:\/\/secure.gravatar.com\/avatar\/5f53ce9fb6eed4a60e5aaaa712be8773880fa9459d9cac9bc4aa4fdbce3f447f?s=96&d=mm&r=g","caption":"dev@grandiz.com"},"sameAs":["http:\/\/preprod.retaildetail.be"],"url":"https:\/\/www.retaildetail.be\/fr\/author\/devgrandiz-com\/"}]}},"jetpack_featured_media_url":"https:\/\/www.retaildetail.be\/wp-content\/uploads\/2022\/04\/nantes-1-1200x900-1.jpg","jetpack_sharing_enabled":true,"_links":{"self":[{"href":"https:\/\/www.retaildetail.be\/fr\/wp-json\/wp\/v2\/posts\/55021","targetHints":{"allow":["GET"]}}],"collection":[{"href":"https:\/\/www.retaildetail.be\/fr\/wp-json\/wp\/v2\/posts"}],"about":[{"href":"https:\/\/www.retaildetail.be\/fr\/wp-json\/wp\/v2\/types\/post"}],"author":[{"embeddable":true,"href":"https:\/\/www.retaildetail.be\/fr\/wp-json\/wp\/v2\/users\/1"}],"replies":[{"embeddable":true,"href":"https:\/\/www.retaildetail.be\/fr\/wp-json\/wp\/v2\/comments?post=55021"}],"version-history":[{"count":0,"href":"https:\/\/www.retaildetail.be\/fr\/wp-json\/wp\/v2\/posts\/55021\/revisions"}],"wp:featuredmedia":[{"embeddable":true,"href":"https:\/\/www.retaildetail.be\/fr\/wp-json\/wp\/v2\/media\/55018"}],"wp:attachment":[{"href":"https:\/\/www.retaildetail.be\/fr\/wp-json\/wp\/v2\/media?parent=55021"}],"wp:term":[{"taxonomy":"category","embeddable":true,"href":"https:\/\/www.retaildetail.be\/fr\/wp-json\/wp\/v2\/categories?post=55021"},{"taxonomy":"post_tag","embeddable":true,"href":"https:\/\/www.retaildetail.be\/fr\/wp-json\/wp\/v2\/tags?post=55021"},{"taxonomy":"people","embeddable":true,"href":"https:\/\/www.retaildetail.be\/fr\/wp-json\/wp\/v2\/people?post=55021"},{"taxonomy":"extra","embeddable":true,"href":"https:\/\/www.retaildetail.be\/fr\/wp-json\/wp\/v2\/extra?post=55021"},{"taxonomy":"company","embeddable":true,"href":"https:\/\/www.retaildetail.be\/fr\/wp-json\/wp\/v2\/company?post=55021"},{"taxonomy":"topic","embeddable":true,"href":"https:\/\/www.retaildetail.be\/fr\/wp-json\/wp\/v2\/topic?post=55021"},{"taxonomy":"region","embeddable":true,"href":"https:\/\/www.retaildetail.be\/fr\/wp-json\/wp\/v2\/region?post=55021"}],"curies":[{"name":"wp","href":"https:\/\/api.w.org\/{rel}","templated":true}]}}