{"id":55482,"date":"2022-04-21T12:22:28","date_gmt":"2022-04-21T12:22:28","guid":{"rendered":"https:\/\/www.retaildetail.be\/?p=55482"},"modified":"2022-04-22T06:33:53","modified_gmt":"2022-04-22T06:33:53","slug":"loreal-augmente-ses-ventes-grace-au-retour-du-maquillage","status":"publish","type":"post","link":"https:\/\/www.retaildetail.be\/fr\/news\/beaute-soins\/loreal-augmente-ses-ventes-grace-au-retour-du-maquillage\/","title":{"rendered":"L&rsquo;Or\u00e9al augmente ses ventes gr\u00e2ce au retour du maquillage"},"content":{"rendered":"\n<p>Du soulagement chez L&rsquo;Or\u00e9al maintenant que les restrictions Covid disparaissent : les gens sortent plus, donc le maquillage fait son retour. Le chiffre d&rsquo;affaires a augment\u00e9 de 19 % au premier trimestre et les ventes dans les magasins rebondissent.<\/p>\n\n\n\n<h2 class=\"wp-block-heading\">Pas affect\u00e9 par l&rsquo;inflation<\/h2>\n\n\n\n<p>L&rsquo;Or\u00e9al a connu un premier trimestre solide, d\u00e9clare le PDG Nicolas Hieronimus. Malgr\u00e9 l&rsquo;invasion de l&rsquo;Ukraine et le renforcement des mesures sanitaires en Chine, le groupe de cosm\u00e9tiques a r\u00e9alis\u00e9 un chiffre d&rsquo;affaires de 9,06 milliards d&rsquo;euros. Cela repr\u00e9sente une augmentation de 19% par rapport \u00e0 l&rsquo;ann\u00e9e derni\u00e8re. Sur une base comparable, les ventes ont augment\u00e9 de 13,5 %, ce qui, selon le groupe, est nettement sup\u00e9rieur au march\u00e9.<\/p>\n\n\n\n<p>Le comportement d&rsquo;achat n&rsquo;a pas \u00e9t\u00e9 affect\u00e9 par l&rsquo;inflation, note L&rsquo;Or\u00e9al, puisque tant les volumes que les valeurs des transactions ont \u00e9t\u00e9 plus \u00e9lev\u00e9s. Le producteur fran\u00e7ais doit cela en partie \u00e0 sa strat\u00e9gie de premiumisation et d&rsquo;innovation : L&rsquo;Or\u00e9al Luxe, les produits professionnels et les cosm\u00e9tiques actifs ont tous enregistr\u00e9 une croissance \u00e0 deux chiffres. La division des produits de consommation a \u00e9galement poursuivi sa croissance de 11 % au premier trimestre.<\/p>\n\n\n\n<h2 class=\"wp-block-heading\">Retour dans les magasins<\/h2>\n\n\n\n<p>Gr\u00e2ce \u00e0 la lev\u00e9e des restrictions sanitaires, les ventes en boutique ont connu un fort rebond (+15,5 %), m\u00eame si le commerce \u00e9lectronique a \u00e9galement poursuivi sa croissance. Les ventes en ligne repr\u00e9sentent d\u00e9j\u00e0 25,8 % du chiffre d&rsquo;affaires. \u00ab Notre croissance a \u00e9t\u00e9 \u00e9quilibr\u00e9e dans toutes les zones g\u00e9ographiques, avec la poursuite d&rsquo;une dynamique exceptionnelle en Am\u00e9rique du Nord, une croissance \u00e0 deux chiffres en Chine continentale, et une acc\u00e9l\u00e9ration sur les march\u00e9s \u00e9mergents ainsi qu&rsquo;en Europe, o\u00f9 la croissance a \u00e9t\u00e9 att\u00e9nu\u00e9e par un certain nombre de blocages au d\u00e9but de 2021 \u00bb, a d\u00e9clar\u00e9 Hieronimus.<\/p>\n\n\n\n<p>Le march\u00e9 europ\u00e9en a enregistr\u00e9 une croissance des ventes de 15,8 %, retrouvant ainsi les niveaux pr\u00e9-pand\u00e9miques, gr\u00e2ce \u00e0 une forte croissance des cat\u00e9gories parfum et maquillage. La plupart des pays, notamment le Royaume-Uni, l&rsquo;Espagne et l&rsquo;Italie, ont connu une croissance continue des ventes. Dans le domaine du maquillage, L&rsquo;Or\u00e9al a \u00e9galement gagn\u00e9 des parts de march\u00e9.<\/p>\n\n\n\n<p>\u00ab Bien que conscients de la volatilit\u00e9 et de l&rsquo;incertitude, nous restons optimistes quant aux perspectives du march\u00e9 de la beaut\u00e9 et confiants dans notre capacit\u00e9 \u00e0 surpasser le march\u00e9 en 2022 et \u00e0 r\u00e9aliser une nouvelle ann\u00e9e de croissance des ventes et des b\u00e9n\u00e9fices \u00bb, a conclu le directeur g\u00e9n\u00e9ral.<\/p>\n","protected":false},"excerpt":{"rendered":"<p>Du soulagement chez L&rsquo;Or\u00e9al maintenant que les restrictions Covid disparaissent : les gens sortent plus, donc le maquillage fait son retour. Le chiffre d&rsquo;affaires a augment\u00e9 de 19 % au premier trimestre et les ventes dans les magasins rebondissent. Pas affect\u00e9 par l&rsquo;inflation L&rsquo;Or\u00e9al a connu un premier trimestre solide, d\u00e9clare le PDG Nicolas Hieronimus. [&hellip;]<\/p>\n","protected":false},"author":5,"featured_media":55477,"comment_status":"open","ping_status":"open","sticky":false,"template":"","format":"standard","meta":{"_acf_changed":false,"inline_featured_image":false,"_jetpack_memberships_contains_paid_content":false,"footnotes":""},"categories":[27],"tags":[],"people":[],"extra":[],"company":[114],"topic":[88],"region":[91,89],"class_list":["post-55482","post","type-post","status-publish","format-standard","has-post-thumbnail","hentry","category-beaute-soins","company-loreal","topic-bedrijfsresultaten","region-europa","region-frankrijk"],"acf":[],"yoast_head":"<!-- This site is optimized with the Yoast SEO plugin v27.3 - https:\/\/yoast.com\/product\/yoast-seo-wordpress\/ -->\n<title>L&#039;Or\u00e9al augmente ses ventes gr\u00e2ce au retour du maquillage - RetailDetail BE<\/title>\n<meta name=\"description\" content=\"Soulagement chez L&#039;Or\u00e9al : les gens sortent plus, donc le maquillage fait son retour. Le chiffre d&#039;affaires a augment\u00e9 de 19 % au premier trimestre.\" \/>\n<meta name=\"robots\" content=\"index, follow, max-snippet:-1, max-image-preview:large, max-video-preview:-1\" \/>\n<link rel=\"canonical\" href=\"https:\/\/www.retaildetail.be\/fr\/news\/beaute-soins\/loreal-augmente-ses-ventes-grace-au-retour-du-maquillage\/\" \/>\n<meta property=\"og:locale\" content=\"fr_FR\" \/>\n<meta property=\"og:type\" content=\"article\" \/>\n<meta property=\"og:title\" content=\"L&#039;Or\u00e9al augmente ses ventes gr\u00e2ce au retour du maquillage - RetailDetail BE\" \/>\n<meta property=\"og:description\" content=\"Soulagement chez L&#039;Or\u00e9al : les gens sortent plus, donc le maquillage fait son retour. Le chiffre d&#039;affaires a augment\u00e9 de 19 % au premier trimestre.\" \/>\n<meta property=\"og:url\" content=\"https:\/\/www.retaildetail.be\/fr\/news\/beaute-soins\/loreal-augmente-ses-ventes-grace-au-retour-du-maquillage\/\" \/>\n<meta property=\"og:site_name\" content=\"RetailDetail BE\" \/>\n<meta property=\"article:published_time\" content=\"2022-04-21T12:22:28+00:00\" \/>\n<meta property=\"article:modified_time\" content=\"2022-04-22T06:33:53+00:00\" \/>\n<meta property=\"og:image\" content=\"https:\/\/www.retaildetail.be\/wp-content\/uploads\/2022\/04\/shutterstock_2115182996.jpg\" \/>\n\t<meta property=\"og:image:width\" content=\"1000\" \/>\n\t<meta property=\"og:image:height\" content=\"667\" \/>\n\t<meta property=\"og:image:type\" content=\"image\/jpeg\" \/>\n<meta name=\"author\" content=\"Pauline Neerman\" \/>\n<meta name=\"twitter:card\" content=\"summary_large_image\" \/>\n<meta name=\"twitter:label1\" content=\"\u00c9crit par\" \/>\n\t<meta name=\"twitter:data1\" content=\"Pauline Neerman\" \/>\n\t<meta name=\"twitter:label2\" content=\"Dur\u00e9e de lecture estim\u00e9e\" \/>\n\t<meta name=\"twitter:data2\" content=\"2 minutes\" \/>\n<script type=\"application\/ld+json\" class=\"yoast-schema-graph\">{\"@context\":\"https:\\\/\\\/schema.org\",\"@graph\":[{\"@type\":\"NewsArticle\",\"@id\":\"https:\\\/\\\/www.retaildetail.be\\\/fr\\\/news\\\/beaute-soins\\\/loreal-augmente-ses-ventes-grace-au-retour-du-maquillage\\\/#article\",\"isPartOf\":{\"@id\":\"https:\\\/\\\/www.retaildetail.be\\\/fr\\\/news\\\/beaute-soins\\\/loreal-augmente-ses-ventes-grace-au-retour-du-maquillage\\\/\"},\"author\":{\"name\":\"Pauline Neerman\",\"@id\":\"https:\\\/\\\/www.retaildetail.be\\\/nl\\\/#\\\/schema\\\/person\\\/66b54803fa10759039079458ea89e307\"},\"headline\":\"L&rsquo;Or\u00e9al augmente ses ventes gr\u00e2ce au retour du maquillage\",\"datePublished\":\"2022-04-21T12:22:28+00:00\",\"dateModified\":\"2022-04-22T06:33:53+00:00\",\"mainEntityOfPage\":{\"@id\":\"https:\\\/\\\/www.retaildetail.be\\\/fr\\\/news\\\/beaute-soins\\\/loreal-augmente-ses-ventes-grace-au-retour-du-maquillage\\\/\"},\"wordCount\":441,\"commentCount\":0,\"publisher\":{\"@id\":\"https:\\\/\\\/www.retaildetail.be\\\/nl\\\/#organization\"},\"image\":{\"@id\":\"https:\\\/\\\/www.retaildetail.be\\\/fr\\\/news\\\/beaute-soins\\\/loreal-augmente-ses-ventes-grace-au-retour-du-maquillage\\\/#primaryimage\"},\"thumbnailUrl\":\"https:\\\/\\\/www.retaildetail.be\\\/wp-content\\\/uploads\\\/2022\\\/04\\\/shutterstock_2115182996.jpg\",\"articleSection\":[\"Beaut\u00e9\\\/Soins\"],\"inLanguage\":\"fr-FR\",\"potentialAction\":[{\"@type\":\"CommentAction\",\"name\":\"Comment\",\"target\":[\"https:\\\/\\\/www.retaildetail.be\\\/fr\\\/news\\\/beaute-soins\\\/loreal-augmente-ses-ventes-grace-au-retour-du-maquillage\\\/#respond\"]}],\"copyrightYear\":\"2022\",\"copyrightHolder\":{\"@id\":\"https:\\\/\\\/www.retaildetail.be\\\/#organization\"}},{\"@type\":\"WebPage\",\"@id\":\"https:\\\/\\\/www.retaildetail.be\\\/fr\\\/news\\\/beaute-soins\\\/loreal-augmente-ses-ventes-grace-au-retour-du-maquillage\\\/\",\"url\":\"https:\\\/\\\/www.retaildetail.be\\\/fr\\\/news\\\/beaute-soins\\\/loreal-augmente-ses-ventes-grace-au-retour-du-maquillage\\\/\",\"name\":\"L'Or\u00e9al augmente ses ventes gr\u00e2ce au retour du maquillage - RetailDetail BE\",\"isPartOf\":{\"@id\":\"https:\\\/\\\/www.retaildetail.be\\\/nl\\\/#website\"},\"primaryImageOfPage\":{\"@id\":\"https:\\\/\\\/www.retaildetail.be\\\/fr\\\/news\\\/beaute-soins\\\/loreal-augmente-ses-ventes-grace-au-retour-du-maquillage\\\/#primaryimage\"},\"image\":{\"@id\":\"https:\\\/\\\/www.retaildetail.be\\\/fr\\\/news\\\/beaute-soins\\\/loreal-augmente-ses-ventes-grace-au-retour-du-maquillage\\\/#primaryimage\"},\"thumbnailUrl\":\"https:\\\/\\\/www.retaildetail.be\\\/wp-content\\\/uploads\\\/2022\\\/04\\\/shutterstock_2115182996.jpg\",\"datePublished\":\"2022-04-21T12:22:28+00:00\",\"dateModified\":\"2022-04-22T06:33:53+00:00\",\"description\":\"Soulagement chez L'Or\u00e9al : les gens sortent plus, donc le maquillage fait son retour. Le chiffre d'affaires a augment\u00e9 de 19 % au premier trimestre.\",\"breadcrumb\":{\"@id\":\"https:\\\/\\\/www.retaildetail.be\\\/fr\\\/news\\\/beaute-soins\\\/loreal-augmente-ses-ventes-grace-au-retour-du-maquillage\\\/#breadcrumb\"},\"inLanguage\":\"fr-FR\",\"potentialAction\":[{\"@type\":\"ReadAction\",\"target\":[\"https:\\\/\\\/www.retaildetail.be\\\/fr\\\/news\\\/beaute-soins\\\/loreal-augmente-ses-ventes-grace-au-retour-du-maquillage\\\/\"]}]},{\"@type\":\"ImageObject\",\"inLanguage\":\"fr-FR\",\"@id\":\"https:\\\/\\\/www.retaildetail.be\\\/fr\\\/news\\\/beaute-soins\\\/loreal-augmente-ses-ventes-grace-au-retour-du-maquillage\\\/#primaryimage\",\"url\":\"https:\\\/\\\/www.retaildetail.be\\\/wp-content\\\/uploads\\\/2022\\\/04\\\/shutterstock_2115182996.jpg\",\"contentUrl\":\"https:\\\/\\\/www.retaildetail.be\\\/wp-content\\\/uploads\\\/2022\\\/04\\\/shutterstock_2115182996.jpg\",\"width\":1000,\"height\":667,\"caption\":\"Shutterstock.com\"},{\"@type\":\"BreadcrumbList\",\"@id\":\"https:\\\/\\\/www.retaildetail.be\\\/fr\\\/news\\\/beaute-soins\\\/loreal-augmente-ses-ventes-grace-au-retour-du-maquillage\\\/#breadcrumb\",\"itemListElement\":[{\"@type\":\"ListItem\",\"position\":1,\"name\":\"Home\",\"item\":\"https:\\\/\\\/www.retaildetail.be\\\/fr\\\/\"},{\"@type\":\"ListItem\",\"position\":2,\"name\":\"L&#8217;Or\u00e9al augmente ses ventes gr\u00e2ce au retour du maquillage\"}]},{\"@type\":\"WebSite\",\"@id\":\"https:\\\/\\\/www.retaildetail.be\\\/nl\\\/#website\",\"url\":\"https:\\\/\\\/www.retaildetail.be\\\/nl\\\/\",\"name\":\"RetailDetail BE\",\"description\":\"News\",\"publisher\":{\"@id\":\"https:\\\/\\\/www.retaildetail.be\\\/nl\\\/#organization\"},\"potentialAction\":[{\"@type\":\"SearchAction\",\"target\":{\"@type\":\"EntryPoint\",\"urlTemplate\":\"https:\\\/\\\/www.retaildetail.be\\\/nl\\\/?s={search_term_string}\"},\"query-input\":{\"@type\":\"PropertyValueSpecification\",\"valueRequired\":true,\"valueName\":\"search_term_string\"}}],\"inLanguage\":\"fr-FR\"},{\"@type\":\"Organization\",\"@id\":\"https:\\\/\\\/www.retaildetail.be\\\/nl\\\/#organization\",\"name\":\"RetailDetail BE\",\"url\":\"https:\\\/\\\/www.retaildetail.be\\\/nl\\\/\",\"logo\":{\"@type\":\"ImageObject\",\"inLanguage\":\"fr-FR\",\"@id\":\"https:\\\/\\\/www.retaildetail.be\\\/nl\\\/#\\\/schema\\\/logo\\\/image\\\/\",\"url\":\"https:\\\/\\\/www.retaildetail.be\\\/wp-content\\\/uploads\\\/2022\\\/04\\\/logo.svg\",\"contentUrl\":\"https:\\\/\\\/www.retaildetail.be\\\/wp-content\\\/uploads\\\/2022\\\/04\\\/logo.svg\",\"width\":131,\"height\":70,\"caption\":\"RetailDetail BE\"},\"image\":{\"@id\":\"https:\\\/\\\/www.retaildetail.be\\\/nl\\\/#\\\/schema\\\/logo\\\/image\\\/\"}},{\"@type\":\"Person\",\"@id\":\"https:\\\/\\\/www.retaildetail.be\\\/nl\\\/#\\\/schema\\\/person\\\/66b54803fa10759039079458ea89e307\",\"name\":\"Pauline Neerman\",\"image\":{\"@type\":\"ImageObject\",\"inLanguage\":\"fr-FR\",\"@id\":\"https:\\\/\\\/secure.gravatar.com\\\/avatar\\\/58db22aee589a691f9603e5765ac06010427a923f9b2728b951eb7fe27214d70?s=96&d=mm&r=g\",\"url\":\"https:\\\/\\\/secure.gravatar.com\\\/avatar\\\/58db22aee589a691f9603e5765ac06010427a923f9b2728b951eb7fe27214d70?s=96&d=mm&r=g\",\"contentUrl\":\"https:\\\/\\\/secure.gravatar.com\\\/avatar\\\/58db22aee589a691f9603e5765ac06010427a923f9b2728b951eb7fe27214d70?s=96&d=mm&r=g\",\"caption\":\"Pauline Neerman\"},\"url\":\"https:\\\/\\\/www.retaildetail.be\\\/fr\\\/author\\\/paulineneerman\\\/\"}]}<\/script>\n<!-- \/ Yoast SEO plugin. -->","yoast_head_json":{"title":"L'Or\u00e9al augmente ses ventes gr\u00e2ce au retour du maquillage - RetailDetail BE","description":"Soulagement chez L'Or\u00e9al : les gens sortent plus, donc le maquillage fait son retour. Le chiffre d'affaires a augment\u00e9 de 19 % au premier trimestre.","robots":{"index":"index","follow":"follow","max-snippet":"max-snippet:-1","max-image-preview":"max-image-preview:large","max-video-preview":"max-video-preview:-1"},"canonical":"https:\/\/www.retaildetail.be\/fr\/news\/beaute-soins\/loreal-augmente-ses-ventes-grace-au-retour-du-maquillage\/","og_locale":"fr_FR","og_type":"article","og_title":"L'Or\u00e9al augmente ses ventes gr\u00e2ce au retour du maquillage - RetailDetail BE","og_description":"Soulagement chez L'Or\u00e9al : les gens sortent plus, donc le maquillage fait son retour. Le chiffre d'affaires a augment\u00e9 de 19 % au premier trimestre.","og_url":"https:\/\/www.retaildetail.be\/fr\/news\/beaute-soins\/loreal-augmente-ses-ventes-grace-au-retour-du-maquillage\/","og_site_name":"RetailDetail BE","article_published_time":"2022-04-21T12:22:28+00:00","article_modified_time":"2022-04-22T06:33:53+00:00","og_image":[{"width":1000,"height":667,"url":"https:\/\/www.retaildetail.be\/wp-content\/uploads\/2022\/04\/shutterstock_2115182996.jpg","type":"image\/jpeg"}],"author":"Pauline Neerman","twitter_card":"summary_large_image","twitter_misc":{"\u00c9crit par":"Pauline Neerman","Dur\u00e9e de lecture estim\u00e9e":"2 minutes"},"schema":{"@context":"https:\/\/schema.org","@graph":[{"@type":"NewsArticle","@id":"https:\/\/www.retaildetail.be\/fr\/news\/beaute-soins\/loreal-augmente-ses-ventes-grace-au-retour-du-maquillage\/#article","isPartOf":{"@id":"https:\/\/www.retaildetail.be\/fr\/news\/beaute-soins\/loreal-augmente-ses-ventes-grace-au-retour-du-maquillage\/"},"author":{"name":"Pauline Neerman","@id":"https:\/\/www.retaildetail.be\/nl\/#\/schema\/person\/66b54803fa10759039079458ea89e307"},"headline":"L&rsquo;Or\u00e9al augmente ses ventes gr\u00e2ce au retour du maquillage","datePublished":"2022-04-21T12:22:28+00:00","dateModified":"2022-04-22T06:33:53+00:00","mainEntityOfPage":{"@id":"https:\/\/www.retaildetail.be\/fr\/news\/beaute-soins\/loreal-augmente-ses-ventes-grace-au-retour-du-maquillage\/"},"wordCount":441,"commentCount":0,"publisher":{"@id":"https:\/\/www.retaildetail.be\/nl\/#organization"},"image":{"@id":"https:\/\/www.retaildetail.be\/fr\/news\/beaute-soins\/loreal-augmente-ses-ventes-grace-au-retour-du-maquillage\/#primaryimage"},"thumbnailUrl":"https:\/\/www.retaildetail.be\/wp-content\/uploads\/2022\/04\/shutterstock_2115182996.jpg","articleSection":["Beaut\u00e9\/Soins"],"inLanguage":"fr-FR","potentialAction":[{"@type":"CommentAction","name":"Comment","target":["https:\/\/www.retaildetail.be\/fr\/news\/beaute-soins\/loreal-augmente-ses-ventes-grace-au-retour-du-maquillage\/#respond"]}],"copyrightYear":"2022","copyrightHolder":{"@id":"https:\/\/www.retaildetail.be\/#organization"}},{"@type":"WebPage","@id":"https:\/\/www.retaildetail.be\/fr\/news\/beaute-soins\/loreal-augmente-ses-ventes-grace-au-retour-du-maquillage\/","url":"https:\/\/www.retaildetail.be\/fr\/news\/beaute-soins\/loreal-augmente-ses-ventes-grace-au-retour-du-maquillage\/","name":"L'Or\u00e9al augmente ses ventes gr\u00e2ce au retour du maquillage - RetailDetail BE","isPartOf":{"@id":"https:\/\/www.retaildetail.be\/nl\/#website"},"primaryImageOfPage":{"@id":"https:\/\/www.retaildetail.be\/fr\/news\/beaute-soins\/loreal-augmente-ses-ventes-grace-au-retour-du-maquillage\/#primaryimage"},"image":{"@id":"https:\/\/www.retaildetail.be\/fr\/news\/beaute-soins\/loreal-augmente-ses-ventes-grace-au-retour-du-maquillage\/#primaryimage"},"thumbnailUrl":"https:\/\/www.retaildetail.be\/wp-content\/uploads\/2022\/04\/shutterstock_2115182996.jpg","datePublished":"2022-04-21T12:22:28+00:00","dateModified":"2022-04-22T06:33:53+00:00","description":"Soulagement chez L'Or\u00e9al : les gens sortent plus, donc le maquillage fait son retour. Le chiffre d'affaires a augment\u00e9 de 19 % au premier trimestre.","breadcrumb":{"@id":"https:\/\/www.retaildetail.be\/fr\/news\/beaute-soins\/loreal-augmente-ses-ventes-grace-au-retour-du-maquillage\/#breadcrumb"},"inLanguage":"fr-FR","potentialAction":[{"@type":"ReadAction","target":["https:\/\/www.retaildetail.be\/fr\/news\/beaute-soins\/loreal-augmente-ses-ventes-grace-au-retour-du-maquillage\/"]}]},{"@type":"ImageObject","inLanguage":"fr-FR","@id":"https:\/\/www.retaildetail.be\/fr\/news\/beaute-soins\/loreal-augmente-ses-ventes-grace-au-retour-du-maquillage\/#primaryimage","url":"https:\/\/www.retaildetail.be\/wp-content\/uploads\/2022\/04\/shutterstock_2115182996.jpg","contentUrl":"https:\/\/www.retaildetail.be\/wp-content\/uploads\/2022\/04\/shutterstock_2115182996.jpg","width":1000,"height":667,"caption":"Shutterstock.com"},{"@type":"BreadcrumbList","@id":"https:\/\/www.retaildetail.be\/fr\/news\/beaute-soins\/loreal-augmente-ses-ventes-grace-au-retour-du-maquillage\/#breadcrumb","itemListElement":[{"@type":"ListItem","position":1,"name":"Home","item":"https:\/\/www.retaildetail.be\/fr\/"},{"@type":"ListItem","position":2,"name":"L&#8217;Or\u00e9al augmente ses ventes gr\u00e2ce au retour du maquillage"}]},{"@type":"WebSite","@id":"https:\/\/www.retaildetail.be\/nl\/#website","url":"https:\/\/www.retaildetail.be\/nl\/","name":"RetailDetail BE","description":"News","publisher":{"@id":"https:\/\/www.retaildetail.be\/nl\/#organization"},"potentialAction":[{"@type":"SearchAction","target":{"@type":"EntryPoint","urlTemplate":"https:\/\/www.retaildetail.be\/nl\/?s={search_term_string}"},"query-input":{"@type":"PropertyValueSpecification","valueRequired":true,"valueName":"search_term_string"}}],"inLanguage":"fr-FR"},{"@type":"Organization","@id":"https:\/\/www.retaildetail.be\/nl\/#organization","name":"RetailDetail BE","url":"https:\/\/www.retaildetail.be\/nl\/","logo":{"@type":"ImageObject","inLanguage":"fr-FR","@id":"https:\/\/www.retaildetail.be\/nl\/#\/schema\/logo\/image\/","url":"https:\/\/www.retaildetail.be\/wp-content\/uploads\/2022\/04\/logo.svg","contentUrl":"https:\/\/www.retaildetail.be\/wp-content\/uploads\/2022\/04\/logo.svg","width":131,"height":70,"caption":"RetailDetail BE"},"image":{"@id":"https:\/\/www.retaildetail.be\/nl\/#\/schema\/logo\/image\/"}},{"@type":"Person","@id":"https:\/\/www.retaildetail.be\/nl\/#\/schema\/person\/66b54803fa10759039079458ea89e307","name":"Pauline Neerman","image":{"@type":"ImageObject","inLanguage":"fr-FR","@id":"https:\/\/secure.gravatar.com\/avatar\/58db22aee589a691f9603e5765ac06010427a923f9b2728b951eb7fe27214d70?s=96&d=mm&r=g","url":"https:\/\/secure.gravatar.com\/avatar\/58db22aee589a691f9603e5765ac06010427a923f9b2728b951eb7fe27214d70?s=96&d=mm&r=g","contentUrl":"https:\/\/secure.gravatar.com\/avatar\/58db22aee589a691f9603e5765ac06010427a923f9b2728b951eb7fe27214d70?s=96&d=mm&r=g","caption":"Pauline Neerman"},"url":"https:\/\/www.retaildetail.be\/fr\/author\/paulineneerman\/"}]}},"jetpack_featured_media_url":"https:\/\/www.retaildetail.be\/wp-content\/uploads\/2022\/04\/shutterstock_2115182996.jpg","jetpack_sharing_enabled":true,"_links":{"self":[{"href":"https:\/\/www.retaildetail.be\/fr\/wp-json\/wp\/v2\/posts\/55482","targetHints":{"allow":["GET"]}}],"collection":[{"href":"https:\/\/www.retaildetail.be\/fr\/wp-json\/wp\/v2\/posts"}],"about":[{"href":"https:\/\/www.retaildetail.be\/fr\/wp-json\/wp\/v2\/types\/post"}],"author":[{"embeddable":true,"href":"https:\/\/www.retaildetail.be\/fr\/wp-json\/wp\/v2\/users\/5"}],"replies":[{"embeddable":true,"href":"https:\/\/www.retaildetail.be\/fr\/wp-json\/wp\/v2\/comments?post=55482"}],"version-history":[{"count":1,"href":"https:\/\/www.retaildetail.be\/fr\/wp-json\/wp\/v2\/posts\/55482\/revisions"}],"predecessor-version":[{"id":55484,"href":"https:\/\/www.retaildetail.be\/fr\/wp-json\/wp\/v2\/posts\/55482\/revisions\/55484"}],"wp:featuredmedia":[{"embeddable":true,"href":"https:\/\/www.retaildetail.be\/fr\/wp-json\/wp\/v2\/media\/55477"}],"wp:attachment":[{"href":"https:\/\/www.retaildetail.be\/fr\/wp-json\/wp\/v2\/media?parent=55482"}],"wp:term":[{"taxonomy":"category","embeddable":true,"href":"https:\/\/www.retaildetail.be\/fr\/wp-json\/wp\/v2\/categories?post=55482"},{"taxonomy":"post_tag","embeddable":true,"href":"https:\/\/www.retaildetail.be\/fr\/wp-json\/wp\/v2\/tags?post=55482"},{"taxonomy":"people","embeddable":true,"href":"https:\/\/www.retaildetail.be\/fr\/wp-json\/wp\/v2\/people?post=55482"},{"taxonomy":"extra","embeddable":true,"href":"https:\/\/www.retaildetail.be\/fr\/wp-json\/wp\/v2\/extra?post=55482"},{"taxonomy":"company","embeddable":true,"href":"https:\/\/www.retaildetail.be\/fr\/wp-json\/wp\/v2\/company?post=55482"},{"taxonomy":"topic","embeddable":true,"href":"https:\/\/www.retaildetail.be\/fr\/wp-json\/wp\/v2\/topic?post=55482"},{"taxonomy":"region","embeddable":true,"href":"https:\/\/www.retaildetail.be\/fr\/wp-json\/wp\/v2\/region?post=55482"}],"curies":[{"name":"wp","href":"https:\/\/api.w.org\/{rel}","templated":true}]}}