{"id":76831,"date":"2023-04-25T14:40:50","date_gmt":"2023-04-25T12:40:50","guid":{"rendered":"https:\/\/www.retaildetail.be\/?p=76831"},"modified":"2023-04-25T14:40:53","modified_gmt":"2023-04-25T12:40:53","slug":"mitiska-vend-la-couvinoise-et-quatre-autres-parcs-commerciales","status":"publish","type":"post","link":"https:\/\/www.retaildetail.be\/fr\/news\/general\/mitiska-vend-la-couvinoise-et-quatre-autres-parcs-commerciales\/","title":{"rendered":"Mitiska vend La Couvinoise et quatre autres parcs commerciales"},"content":{"rendered":"\n<p>Le fonds immobilier <strong>Mitiska Reim<\/strong> veut se d\u00e9barrasser de cinq parcs commerciaux belges. Entre autres, les tout nouveaux <strong>Malinas <\/strong>\u00e0 Malines et <strong>La Couvinoise<\/strong> \u00e0 Couvin sont \u00e0 vendre.<\/p>\n\n\n\n<h2 class=\"wp-block-heading\">200 millions d&rsquo;euros<\/h2>\n\n\n\n<p>Mitiska Reim souhaite vendre les cinq parcs commerciaux belges non pas s\u00e9par\u00e9ment, mais en une seule fois. En effet, les centres commerciaux en question font partie de deux fonds qui expirent au plus tard en 2026. Ensemble, ils pourraient rapporter 200 millions d&rsquo;euros, rapporte De Tijd.<\/p>\n\n\n\n<p>Aussi bien La Couvinoise que Malinas sont tout neufs : les deux centres commerciaux viennent d&rsquo;\u00eatre inaugur\u00e9s en 2021. Outre ces deux-l\u00e0, il s&rsquo;agit des parcs Parc de l&rsquo;Europe \u00e0 Wavre, Ninouter (Ninove) et Quartier En\u00e9e (Gembloux). L&rsquo;ensemble des centres commerciaux p\u00e9riph\u00e9riques repr\u00e9sente 76.000 m\u00b2.<\/p>\n\n\n\n<p>En effet, Mitiska confirme qu&rsquo;elle \u00e9value les options strat\u00e9giques pour une sortie. Entre-temps, le groupe immobilier tente \u00e9galement de vendre ses 25 parcs commerciaux en Roumanie.<\/p>\n","protected":false},"excerpt":{"rendered":"<p>Mitiska Reim veut se d\u00e9barrasser de cinq parcs commerciaux belges. Entre autres, Malinas \u00e0 Malines et La Couvinoise \u00e0 Couvin sont \u00e0 vendre.<\/p>\n","protected":false},"author":5,"featured_media":51221,"comment_status":"closed","ping_status":"closed","sticky":false,"template":"","format":"standard","meta":{"_acf_changed":false,"inline_featured_image":false,"_jetpack_memberships_contains_paid_content":false,"footnotes":""},"categories":[25],"tags":[],"people":[],"extra":[],"company":[],"topic":[591],"region":[226],"class_list":["post-76831","post","type-post","status-publish","format-standard","has-post-thumbnail","hentry","category-general","topic-immobilier","region-belgique"],"acf":[],"yoast_head":"<!-- This site is optimized with the Yoast SEO plugin v27.3 - https:\/\/yoast.com\/product\/yoast-seo-wordpress\/ -->\n<title>Mitiska vend La Couvinoise et quatre autres parcs commerciales - RetailDetail BE<\/title>\n<meta name=\"description\" content=\"Mitiska Reim veut se d\u00e9barrasser de cinq parcs commerciaux belges. Entre autres, Malinas \u00e0 Malines et La Couvinoise \u00e0 Couvin sont \u00e0 vendre.\" \/>\n<meta name=\"robots\" content=\"index, follow, max-snippet:-1, max-image-preview:large, max-video-preview:-1\" \/>\n<link rel=\"canonical\" href=\"https:\/\/www.retaildetail.be\/fr\/news\/general\/mitiska-vend-la-couvinoise-et-quatre-autres-parcs-commerciales\/\" \/>\n<meta property=\"og:locale\" content=\"fr_FR\" \/>\n<meta property=\"og:type\" content=\"article\" \/>\n<meta property=\"og:title\" content=\"Mitiska vend La Couvinoise et quatre autres parcs commerciales - RetailDetail BE\" \/>\n<meta property=\"og:description\" content=\"Mitiska Reim veut se d\u00e9barrasser de cinq parcs commerciaux belges. Entre autres, Malinas \u00e0 Malines et La Couvinoise \u00e0 Couvin sont \u00e0 vendre.\" \/>\n<meta property=\"og:url\" content=\"https:\/\/www.retaildetail.be\/fr\/news\/general\/mitiska-vend-la-couvinoise-et-quatre-autres-parcs-commerciales\/\" \/>\n<meta property=\"og:site_name\" content=\"RetailDetail BE\" \/>\n<meta property=\"article:published_time\" content=\"2023-04-25T12:40:50+00:00\" \/>\n<meta property=\"article:modified_time\" content=\"2023-04-25T12:40:53+00:00\" \/>\n<meta property=\"og:image\" content=\"https:\/\/www.retaildetail.be\/wp-content\/uploads\/2022\/04\/malinas-retail_1.jpg\" \/>\n\t<meta property=\"og:image:width\" content=\"1103\" \/>\n\t<meta property=\"og:image:height\" content=\"615\" \/>\n\t<meta property=\"og:image:type\" content=\"image\/jpeg\" \/>\n<meta name=\"author\" content=\"Pauline Neerman\" \/>\n<meta name=\"twitter:card\" content=\"summary_large_image\" \/>\n<meta name=\"twitter:label1\" content=\"\u00c9crit par\" \/>\n\t<meta name=\"twitter:data1\" content=\"Pauline Neerman\" \/>\n\t<meta name=\"twitter:label2\" content=\"Dur\u00e9e de lecture estim\u00e9e\" \/>\n\t<meta name=\"twitter:data2\" content=\"1 minute\" \/>\n<script type=\"application\/ld+json\" class=\"yoast-schema-graph\">{\"@context\":\"https:\\\/\\\/schema.org\",\"@graph\":[{\"@type\":\"NewsArticle\",\"@id\":\"https:\\\/\\\/www.retaildetail.be\\\/fr\\\/news\\\/general\\\/mitiska-vend-la-couvinoise-et-quatre-autres-parcs-commerciales\\\/#article\",\"isPartOf\":{\"@id\":\"https:\\\/\\\/www.retaildetail.be\\\/fr\\\/news\\\/general\\\/mitiska-vend-la-couvinoise-et-quatre-autres-parcs-commerciales\\\/\"},\"author\":{\"name\":\"Pauline Neerman\",\"@id\":\"https:\\\/\\\/www.retaildetail.be\\\/nl\\\/#\\\/schema\\\/person\\\/66b54803fa10759039079458ea89e307\"},\"headline\":\"Mitiska vend La Couvinoise et quatre autres parcs commerciales\",\"datePublished\":\"2023-04-25T12:40:50+00:00\",\"dateModified\":\"2023-04-25T12:40:53+00:00\",\"mainEntityOfPage\":{\"@id\":\"https:\\\/\\\/www.retaildetail.be\\\/fr\\\/news\\\/general\\\/mitiska-vend-la-couvinoise-et-quatre-autres-parcs-commerciales\\\/\"},\"wordCount\":163,\"publisher\":{\"@id\":\"https:\\\/\\\/www.retaildetail.be\\\/nl\\\/#organization\"},\"image\":{\"@id\":\"https:\\\/\\\/www.retaildetail.be\\\/fr\\\/news\\\/general\\\/mitiska-vend-la-couvinoise-et-quatre-autres-parcs-commerciales\\\/#primaryimage\"},\"thumbnailUrl\":\"https:\\\/\\\/www.retaildetail.be\\\/wp-content\\\/uploads\\\/2022\\\/04\\\/malinas-retail_1.jpg\",\"articleSection\":[\"G\u00e9n\u00e9ral\"],\"inLanguage\":\"fr-FR\",\"copyrightYear\":\"2023\",\"copyrightHolder\":{\"@id\":\"https:\\\/\\\/www.retaildetail.be\\\/#organization\"}},{\"@type\":\"WebPage\",\"@id\":\"https:\\\/\\\/www.retaildetail.be\\\/fr\\\/news\\\/general\\\/mitiska-vend-la-couvinoise-et-quatre-autres-parcs-commerciales\\\/\",\"url\":\"https:\\\/\\\/www.retaildetail.be\\\/fr\\\/news\\\/general\\\/mitiska-vend-la-couvinoise-et-quatre-autres-parcs-commerciales\\\/\",\"name\":\"Mitiska vend La Couvinoise et quatre autres parcs commerciales - RetailDetail BE\",\"isPartOf\":{\"@id\":\"https:\\\/\\\/www.retaildetail.be\\\/nl\\\/#website\"},\"primaryImageOfPage\":{\"@id\":\"https:\\\/\\\/www.retaildetail.be\\\/fr\\\/news\\\/general\\\/mitiska-vend-la-couvinoise-et-quatre-autres-parcs-commerciales\\\/#primaryimage\"},\"image\":{\"@id\":\"https:\\\/\\\/www.retaildetail.be\\\/fr\\\/news\\\/general\\\/mitiska-vend-la-couvinoise-et-quatre-autres-parcs-commerciales\\\/#primaryimage\"},\"thumbnailUrl\":\"https:\\\/\\\/www.retaildetail.be\\\/wp-content\\\/uploads\\\/2022\\\/04\\\/malinas-retail_1.jpg\",\"datePublished\":\"2023-04-25T12:40:50+00:00\",\"dateModified\":\"2023-04-25T12:40:53+00:00\",\"description\":\"Mitiska Reim veut se d\u00e9barrasser de cinq parcs commerciaux belges. Entre autres, Malinas \u00e0 Malines et La Couvinoise \u00e0 Couvin sont \u00e0 vendre.\",\"breadcrumb\":{\"@id\":\"https:\\\/\\\/www.retaildetail.be\\\/fr\\\/news\\\/general\\\/mitiska-vend-la-couvinoise-et-quatre-autres-parcs-commerciales\\\/#breadcrumb\"},\"inLanguage\":\"fr-FR\",\"potentialAction\":[{\"@type\":\"ReadAction\",\"target\":[\"https:\\\/\\\/www.retaildetail.be\\\/fr\\\/news\\\/general\\\/mitiska-vend-la-couvinoise-et-quatre-autres-parcs-commerciales\\\/\"]}]},{\"@type\":\"ImageObject\",\"inLanguage\":\"fr-FR\",\"@id\":\"https:\\\/\\\/www.retaildetail.be\\\/fr\\\/news\\\/general\\\/mitiska-vend-la-couvinoise-et-quatre-autres-parcs-commerciales\\\/#primaryimage\",\"url\":\"https:\\\/\\\/www.retaildetail.be\\\/wp-content\\\/uploads\\\/2022\\\/04\\\/malinas-retail_1.jpg\",\"contentUrl\":\"https:\\\/\\\/www.retaildetail.be\\\/wp-content\\\/uploads\\\/2022\\\/04\\\/malinas-retail_1.jpg\",\"width\":1103,\"height\":615},{\"@type\":\"BreadcrumbList\",\"@id\":\"https:\\\/\\\/www.retaildetail.be\\\/fr\\\/news\\\/general\\\/mitiska-vend-la-couvinoise-et-quatre-autres-parcs-commerciales\\\/#breadcrumb\",\"itemListElement\":[{\"@type\":\"ListItem\",\"position\":1,\"name\":\"Home\",\"item\":\"https:\\\/\\\/www.retaildetail.be\\\/fr\\\/\"},{\"@type\":\"ListItem\",\"position\":2,\"name\":\"Mitiska vend La Couvinoise et quatre autres parcs commerciales\"}]},{\"@type\":\"WebSite\",\"@id\":\"https:\\\/\\\/www.retaildetail.be\\\/nl\\\/#website\",\"url\":\"https:\\\/\\\/www.retaildetail.be\\\/nl\\\/\",\"name\":\"RetailDetail BE\",\"description\":\"News\",\"publisher\":{\"@id\":\"https:\\\/\\\/www.retaildetail.be\\\/nl\\\/#organization\"},\"potentialAction\":[{\"@type\":\"SearchAction\",\"target\":{\"@type\":\"EntryPoint\",\"urlTemplate\":\"https:\\\/\\\/www.retaildetail.be\\\/nl\\\/?s={search_term_string}\"},\"query-input\":{\"@type\":\"PropertyValueSpecification\",\"valueRequired\":true,\"valueName\":\"search_term_string\"}}],\"inLanguage\":\"fr-FR\"},{\"@type\":\"Organization\",\"@id\":\"https:\\\/\\\/www.retaildetail.be\\\/nl\\\/#organization\",\"name\":\"RetailDetail BE\",\"url\":\"https:\\\/\\\/www.retaildetail.be\\\/nl\\\/\",\"logo\":{\"@type\":\"ImageObject\",\"inLanguage\":\"fr-FR\",\"@id\":\"https:\\\/\\\/www.retaildetail.be\\\/nl\\\/#\\\/schema\\\/logo\\\/image\\\/\",\"url\":\"https:\\\/\\\/www.retaildetail.be\\\/wp-content\\\/uploads\\\/2022\\\/04\\\/logo.svg\",\"contentUrl\":\"https:\\\/\\\/www.retaildetail.be\\\/wp-content\\\/uploads\\\/2022\\\/04\\\/logo.svg\",\"width\":131,\"height\":70,\"caption\":\"RetailDetail BE\"},\"image\":{\"@id\":\"https:\\\/\\\/www.retaildetail.be\\\/nl\\\/#\\\/schema\\\/logo\\\/image\\\/\"}},{\"@type\":\"Person\",\"@id\":\"https:\\\/\\\/www.retaildetail.be\\\/nl\\\/#\\\/schema\\\/person\\\/66b54803fa10759039079458ea89e307\",\"name\":\"Pauline Neerman\",\"image\":{\"@type\":\"ImageObject\",\"inLanguage\":\"fr-FR\",\"@id\":\"https:\\\/\\\/secure.gravatar.com\\\/avatar\\\/58db22aee589a691f9603e5765ac06010427a923f9b2728b951eb7fe27214d70?s=96&d=mm&r=g\",\"url\":\"https:\\\/\\\/secure.gravatar.com\\\/avatar\\\/58db22aee589a691f9603e5765ac06010427a923f9b2728b951eb7fe27214d70?s=96&d=mm&r=g\",\"contentUrl\":\"https:\\\/\\\/secure.gravatar.com\\\/avatar\\\/58db22aee589a691f9603e5765ac06010427a923f9b2728b951eb7fe27214d70?s=96&d=mm&r=g\",\"caption\":\"Pauline Neerman\"},\"url\":\"https:\\\/\\\/www.retaildetail.be\\\/fr\\\/author\\\/paulineneerman\\\/\"}]}<\/script>\n<!-- \/ Yoast SEO plugin. -->","yoast_head_json":{"title":"Mitiska vend La Couvinoise et quatre autres parcs commerciales - RetailDetail BE","description":"Mitiska Reim veut se d\u00e9barrasser de cinq parcs commerciaux belges. Entre autres, Malinas \u00e0 Malines et La Couvinoise \u00e0 Couvin sont \u00e0 vendre.","robots":{"index":"index","follow":"follow","max-snippet":"max-snippet:-1","max-image-preview":"max-image-preview:large","max-video-preview":"max-video-preview:-1"},"canonical":"https:\/\/www.retaildetail.be\/fr\/news\/general\/mitiska-vend-la-couvinoise-et-quatre-autres-parcs-commerciales\/","og_locale":"fr_FR","og_type":"article","og_title":"Mitiska vend La Couvinoise et quatre autres parcs commerciales - RetailDetail BE","og_description":"Mitiska Reim veut se d\u00e9barrasser de cinq parcs commerciaux belges. Entre autres, Malinas \u00e0 Malines et La Couvinoise \u00e0 Couvin sont \u00e0 vendre.","og_url":"https:\/\/www.retaildetail.be\/fr\/news\/general\/mitiska-vend-la-couvinoise-et-quatre-autres-parcs-commerciales\/","og_site_name":"RetailDetail BE","article_published_time":"2023-04-25T12:40:50+00:00","article_modified_time":"2023-04-25T12:40:53+00:00","og_image":[{"width":1103,"height":615,"url":"https:\/\/www.retaildetail.be\/wp-content\/uploads\/2022\/04\/malinas-retail_1.jpg","type":"image\/jpeg"}],"author":"Pauline Neerman","twitter_card":"summary_large_image","twitter_misc":{"\u00c9crit par":"Pauline Neerman","Dur\u00e9e de lecture estim\u00e9e":"1 minute"},"schema":{"@context":"https:\/\/schema.org","@graph":[{"@type":"NewsArticle","@id":"https:\/\/www.retaildetail.be\/fr\/news\/general\/mitiska-vend-la-couvinoise-et-quatre-autres-parcs-commerciales\/#article","isPartOf":{"@id":"https:\/\/www.retaildetail.be\/fr\/news\/general\/mitiska-vend-la-couvinoise-et-quatre-autres-parcs-commerciales\/"},"author":{"name":"Pauline Neerman","@id":"https:\/\/www.retaildetail.be\/nl\/#\/schema\/person\/66b54803fa10759039079458ea89e307"},"headline":"Mitiska vend La Couvinoise et quatre autres parcs commerciales","datePublished":"2023-04-25T12:40:50+00:00","dateModified":"2023-04-25T12:40:53+00:00","mainEntityOfPage":{"@id":"https:\/\/www.retaildetail.be\/fr\/news\/general\/mitiska-vend-la-couvinoise-et-quatre-autres-parcs-commerciales\/"},"wordCount":163,"publisher":{"@id":"https:\/\/www.retaildetail.be\/nl\/#organization"},"image":{"@id":"https:\/\/www.retaildetail.be\/fr\/news\/general\/mitiska-vend-la-couvinoise-et-quatre-autres-parcs-commerciales\/#primaryimage"},"thumbnailUrl":"https:\/\/www.retaildetail.be\/wp-content\/uploads\/2022\/04\/malinas-retail_1.jpg","articleSection":["G\u00e9n\u00e9ral"],"inLanguage":"fr-FR","copyrightYear":"2023","copyrightHolder":{"@id":"https:\/\/www.retaildetail.be\/#organization"}},{"@type":"WebPage","@id":"https:\/\/www.retaildetail.be\/fr\/news\/general\/mitiska-vend-la-couvinoise-et-quatre-autres-parcs-commerciales\/","url":"https:\/\/www.retaildetail.be\/fr\/news\/general\/mitiska-vend-la-couvinoise-et-quatre-autres-parcs-commerciales\/","name":"Mitiska vend La Couvinoise et quatre autres parcs commerciales - RetailDetail BE","isPartOf":{"@id":"https:\/\/www.retaildetail.be\/nl\/#website"},"primaryImageOfPage":{"@id":"https:\/\/www.retaildetail.be\/fr\/news\/general\/mitiska-vend-la-couvinoise-et-quatre-autres-parcs-commerciales\/#primaryimage"},"image":{"@id":"https:\/\/www.retaildetail.be\/fr\/news\/general\/mitiska-vend-la-couvinoise-et-quatre-autres-parcs-commerciales\/#primaryimage"},"thumbnailUrl":"https:\/\/www.retaildetail.be\/wp-content\/uploads\/2022\/04\/malinas-retail_1.jpg","datePublished":"2023-04-25T12:40:50+00:00","dateModified":"2023-04-25T12:40:53+00:00","description":"Mitiska Reim veut se d\u00e9barrasser de cinq parcs commerciaux belges. Entre autres, Malinas \u00e0 Malines et La Couvinoise \u00e0 Couvin sont \u00e0 vendre.","breadcrumb":{"@id":"https:\/\/www.retaildetail.be\/fr\/news\/general\/mitiska-vend-la-couvinoise-et-quatre-autres-parcs-commerciales\/#breadcrumb"},"inLanguage":"fr-FR","potentialAction":[{"@type":"ReadAction","target":["https:\/\/www.retaildetail.be\/fr\/news\/general\/mitiska-vend-la-couvinoise-et-quatre-autres-parcs-commerciales\/"]}]},{"@type":"ImageObject","inLanguage":"fr-FR","@id":"https:\/\/www.retaildetail.be\/fr\/news\/general\/mitiska-vend-la-couvinoise-et-quatre-autres-parcs-commerciales\/#primaryimage","url":"https:\/\/www.retaildetail.be\/wp-content\/uploads\/2022\/04\/malinas-retail_1.jpg","contentUrl":"https:\/\/www.retaildetail.be\/wp-content\/uploads\/2022\/04\/malinas-retail_1.jpg","width":1103,"height":615},{"@type":"BreadcrumbList","@id":"https:\/\/www.retaildetail.be\/fr\/news\/general\/mitiska-vend-la-couvinoise-et-quatre-autres-parcs-commerciales\/#breadcrumb","itemListElement":[{"@type":"ListItem","position":1,"name":"Home","item":"https:\/\/www.retaildetail.be\/fr\/"},{"@type":"ListItem","position":2,"name":"Mitiska vend La Couvinoise et quatre autres parcs commerciales"}]},{"@type":"WebSite","@id":"https:\/\/www.retaildetail.be\/nl\/#website","url":"https:\/\/www.retaildetail.be\/nl\/","name":"RetailDetail BE","description":"News","publisher":{"@id":"https:\/\/www.retaildetail.be\/nl\/#organization"},"potentialAction":[{"@type":"SearchAction","target":{"@type":"EntryPoint","urlTemplate":"https:\/\/www.retaildetail.be\/nl\/?s={search_term_string}"},"query-input":{"@type":"PropertyValueSpecification","valueRequired":true,"valueName":"search_term_string"}}],"inLanguage":"fr-FR"},{"@type":"Organization","@id":"https:\/\/www.retaildetail.be\/nl\/#organization","name":"RetailDetail BE","url":"https:\/\/www.retaildetail.be\/nl\/","logo":{"@type":"ImageObject","inLanguage":"fr-FR","@id":"https:\/\/www.retaildetail.be\/nl\/#\/schema\/logo\/image\/","url":"https:\/\/www.retaildetail.be\/wp-content\/uploads\/2022\/04\/logo.svg","contentUrl":"https:\/\/www.retaildetail.be\/wp-content\/uploads\/2022\/04\/logo.svg","width":131,"height":70,"caption":"RetailDetail BE"},"image":{"@id":"https:\/\/www.retaildetail.be\/nl\/#\/schema\/logo\/image\/"}},{"@type":"Person","@id":"https:\/\/www.retaildetail.be\/nl\/#\/schema\/person\/66b54803fa10759039079458ea89e307","name":"Pauline Neerman","image":{"@type":"ImageObject","inLanguage":"fr-FR","@id":"https:\/\/secure.gravatar.com\/avatar\/58db22aee589a691f9603e5765ac06010427a923f9b2728b951eb7fe27214d70?s=96&d=mm&r=g","url":"https:\/\/secure.gravatar.com\/avatar\/58db22aee589a691f9603e5765ac06010427a923f9b2728b951eb7fe27214d70?s=96&d=mm&r=g","contentUrl":"https:\/\/secure.gravatar.com\/avatar\/58db22aee589a691f9603e5765ac06010427a923f9b2728b951eb7fe27214d70?s=96&d=mm&r=g","caption":"Pauline Neerman"},"url":"https:\/\/www.retaildetail.be\/fr\/author\/paulineneerman\/"}]}},"jetpack_featured_media_url":"https:\/\/www.retaildetail.be\/wp-content\/uploads\/2022\/04\/malinas-retail_1.jpg","jetpack_sharing_enabled":true,"_links":{"self":[{"href":"https:\/\/www.retaildetail.be\/fr\/wp-json\/wp\/v2\/posts\/76831","targetHints":{"allow":["GET"]}}],"collection":[{"href":"https:\/\/www.retaildetail.be\/fr\/wp-json\/wp\/v2\/posts"}],"about":[{"href":"https:\/\/www.retaildetail.be\/fr\/wp-json\/wp\/v2\/types\/post"}],"author":[{"embeddable":true,"href":"https:\/\/www.retaildetail.be\/fr\/wp-json\/wp\/v2\/users\/5"}],"replies":[{"embeddable":true,"href":"https:\/\/www.retaildetail.be\/fr\/wp-json\/wp\/v2\/comments?post=76831"}],"version-history":[{"count":2,"href":"https:\/\/www.retaildetail.be\/fr\/wp-json\/wp\/v2\/posts\/76831\/revisions"}],"predecessor-version":[{"id":76833,"href":"https:\/\/www.retaildetail.be\/fr\/wp-json\/wp\/v2\/posts\/76831\/revisions\/76833"}],"wp:featuredmedia":[{"embeddable":true,"href":"https:\/\/www.retaildetail.be\/fr\/wp-json\/wp\/v2\/media\/51221"}],"wp:attachment":[{"href":"https:\/\/www.retaildetail.be\/fr\/wp-json\/wp\/v2\/media?parent=76831"}],"wp:term":[{"taxonomy":"category","embeddable":true,"href":"https:\/\/www.retaildetail.be\/fr\/wp-json\/wp\/v2\/categories?post=76831"},{"taxonomy":"post_tag","embeddable":true,"href":"https:\/\/www.retaildetail.be\/fr\/wp-json\/wp\/v2\/tags?post=76831"},{"taxonomy":"people","embeddable":true,"href":"https:\/\/www.retaildetail.be\/fr\/wp-json\/wp\/v2\/people?post=76831"},{"taxonomy":"extra","embeddable":true,"href":"https:\/\/www.retaildetail.be\/fr\/wp-json\/wp\/v2\/extra?post=76831"},{"taxonomy":"company","embeddable":true,"href":"https:\/\/www.retaildetail.be\/fr\/wp-json\/wp\/v2\/company?post=76831"},{"taxonomy":"topic","embeddable":true,"href":"https:\/\/www.retaildetail.be\/fr\/wp-json\/wp\/v2\/topic?post=76831"},{"taxonomy":"region","embeddable":true,"href":"https:\/\/www.retaildetail.be\/fr\/wp-json\/wp\/v2\/region?post=76831"}],"curies":[{"name":"wp","href":"https:\/\/api.w.org\/{rel}","templated":true}]}}