{"id":82895,"date":"2023-08-24T14:44:20","date_gmt":"2023-08-24T12:44:20","guid":{"rendered":"https:\/\/www.retaildetail.be\/?p=82895"},"modified":"2023-08-24T14:45:06","modified_gmt":"2023-08-24T12:45:06","slug":"inspiration-marketing-pour-les-detaillants-au-retail-marketing-day-2023","status":"publish","type":"post","link":"https:\/\/www.retaildetail.be\/fr\/news\/general\/inspiration-marketing-pour-les-detaillants-au-retail-marketing-day-2023\/","title":{"rendered":"Inspiration marketing pour les d\u00e9taillants au Retail Marketing Day 2023"},"content":{"rendered":"\n<p>Le 21 septembre, les professionnels du retail marketing ne manqueront pas de noter cette date dans leur agenda : le Retail Marketing Day de RetailDetail garantit une foule d&rsquo;inspirations, de meilleures pratiques et d&rsquo;id\u00e9es \u00e9clairantes. En cette p\u00e9riode de turbulences, le client est plus que jamais au centre des pr\u00e9occupations.<\/p>\n\n\n\n<h2 class=\"wp-block-heading\">Indispensable en temps de crise<\/h2>\n\n\n\n<p>Inflation, incertitude g\u00e9opolitique, baisse de la confiance des consommateurs&#8230; On mise tout sur le court terme et on suspend les investissements marketing ? Ce ne serait pas tr\u00e8s judicieux. Les orateurs du Retail Marketing Day illustrent \u00e0 quel point le marketing est essentiel en temps de crise. Et notre pr\u00e9sident de la journ\u00e9e, le professeur de commerce de d\u00e9tail Gino Van Ossel (<strong>Vlerick Business School<\/strong>), explique pourquoi.<\/p>\n\n\n\n<p>Le carrelage ! La pierre naturelle ! Parquet ! Tout le pays conna\u00eet la chanson d&rsquo;<strong>Impermo<\/strong>, le sp\u00e9cialiste du carrelage en passe d&rsquo;obtenir une couverture nationale avec 20 salles d&rsquo;exposition. Les sols ne sont pas sexy&nbsp;? Diether Claeys, directeur commercial, s&rsquo;efforce de mettre en place un marketing intelligent et percutant. Il se concentre sans rel\u00e2che sur le retour sur investissement et la simplicit\u00e9. Mais le changement est \u00e0 venir&nbsp;: \u00ab&nbsp;Nous devons nous r\u00e9inventer. Nous allons inspirer au lieu d&rsquo;endoctriner&nbsp;\u00bb. Intrigant ?<\/p>\n\n\n\n<p>Les librairies sont-elles ringardes ? Pas du tout. Dans un march\u00e9 du livre fortement tributaire des best-sellers, <strong>Standaard Boekhandel<\/strong> et Club r\u00e9agissent plus rapidement aux tendances, telles que la litt\u00e9rature pour jeunes adultes, gr\u00e2ce \u00e0 TikTok. Le concept de boutique est en train de changer et l&rsquo;utilisation intelligente des donn\u00e9es clients devrait stimuler les ventes. Comment ? C&rsquo;est ce que nous explique Manu Rutsaert, directeur g\u00e9n\u00e9ral de Club.<\/p>\n\n\n\n<h2 class=\"wp-block-heading\">Acc\u00e9l\u00e9rer la cadence<\/h2>\n\n\n\n<p>Pour s&#8217;emparer d&rsquo;un march\u00e9 en pleine croissance, il faut aller vite. En trois ans, Thomas Nouws a fait passer son concept <strong>Jacob&rsquo;s Concept Store<\/strong> d&rsquo;une \u00e0 24 succursales en Belgique. Bient\u00f4t, le premier magasin \u00e9tranger ouvrira ses portes \u00e0 Paris, puis dans le reste du monde. La recette du succ\u00e8s ? Un mod\u00e8le d&rsquo;entreprise tr\u00e8s particulier&#8230;<\/p>\n\n\n\n<p><strong>Lunch Garden<\/strong> a d\u00fb se remettre longuement de la crise du corona, qui a durement touch\u00e9 le secteur de l&rsquo;h\u00f4tellerie et de la restauration. Mais elle est aujourd&rsquo;hui en train de remonter la pente, confirme Ann Biebuyck, CEO : la cha\u00eene de restaurants regagne des clients gr\u00e2ce \u00e0 une carte adapt\u00e9e qui met l&rsquo;accent sur les classiques et les menus pour enfants, et gr\u00e2ce \u00e0 des campagnes d&rsquo;\u00e9conomies, entre autres.<\/p>\n\n\n\n<h2 class=\"wp-block-heading\">Inclusion et diversit\u00e9<\/h2>\n\n\n\n<p>En dix ans, <strong>Kruidvat <\/strong>est pass\u00e9 de 184 \u00e0 294 magasins en Belgique. L&rsquo;une des priorit\u00e9s de la cha\u00eene est l&rsquo;inclusion et la diversit\u00e9 de son offre. Le Conseil d&rsquo;inclusion de Kruidvat, cr\u00e9\u00e9 en 2022, est un groupe d&rsquo;experts ind\u00e9pendants qui veille \u00e0 ce que les produits s&rsquo;adressent vraiment \u00e0 tous. Un sujet qui inspirera \u00e9galement d&rsquo;autres d\u00e9taillants, promet Lotje Wijnstra, responsable du marketing.<\/p>\n\n\n\n<p>Anne Gubbelmans, de <strong>Deloitte<\/strong>, parlera du \u00ab&nbsp;Retailtainment&nbsp;\u00bb : l&rsquo;exp\u00e9rience d&rsquo;achat \u00e9volue vers le magasin \u00ab&nbsp;phygital&nbsp;\u00bb qui int\u00e8gre des solutions technologiques et un merchandising visuel pour cr\u00e9er une exp\u00e9rience d&rsquo;achat personnalis\u00e9e.<\/p>\n\n\n\n<p>Le mot \u00e0 la mode cette ann\u00e9e est sans aucun doute \u00ab\u00a0intelligence artificielle g\u00e9n\u00e9rative\u00a0\u00bb. Mais que peut signifier l&rsquo;IA pour les d\u00e9taillants ? Beaucoup, si l&rsquo;on en croit Manas Bharadwaj, conseiller de <strong>Microsoft <\/strong>pour l&rsquo;industrie du commerce de d\u00e9tail. Pensez \u00e0 l&rsquo;analyse du comportement et des pr\u00e9f\u00e9rences des clients pour optimiser leur exp\u00e9rience personnalis\u00e9e. Un nouveau monde s&rsquo;ouvre&#8230;<\/p>\n\n\n\n<p>Vous \u00eates \u00e9galement \u00e0 la recherche d&rsquo;inspiration en mati\u00e8re de marketing ? N&rsquo;h\u00e9sitez pas ! Le Retail Marketing Day de RetailDetail aura lieu le 21 septembre \u00e0 Anvers. R\u00e9servez rapidement votre ticket via le lien ci-dessous.<\/p>\n\n\n\n<div class=\"wp-block-buttons is-layout-flex wp-block-buttons-is-layout-flex\">\n<div class=\"wp-block-button\"><a class=\"wp-block-button__link has-vivid-red-background-color has-background\" href=\"https:\/\/www.retaildetail.be\/fr\/retail-events\/retaildetail-day-fr\/ \">Oui, je commande mon ticket pour le Retail Marketing Day<\/a><\/div>\n<\/div>\n","protected":false},"excerpt":{"rendered":"<p>Le 21 septembre, les professionnels du retail marketing ne manqueront pas de noter cette date dans leur agenda : le Retail Marketing Day de RetailDetail garantit une foule d&rsquo;inspirations, de meilleures pratiques et d&rsquo;id\u00e9es \u00e9clairantes. En cette p\u00e9riode de turbulences, le client est plus que jamais au centre des pr\u00e9occupations. <\/p>\n","protected":false},"author":3,"featured_media":82892,"comment_status":"closed","ping_status":"closed","sticky":false,"template":"","format":"standard","meta":{"_acf_changed":false,"inline_featured_image":false,"_jetpack_memberships_contains_paid_content":false,"footnotes":""},"categories":[25],"tags":[],"people":[],"extra":[],"company":[],"topic":[488,774],"region":[],"class_list":["post-82895","post","type-post","status-publish","format-standard","has-post-thumbnail","hentry","category-general","topic-marketing","topic-retaildetail-day"],"acf":[],"yoast_head":"<!-- This site is optimized with the Yoast SEO plugin v27.3 - https:\/\/yoast.com\/product\/yoast-seo-wordpress\/ -->\n<title>Inspiration marketing pour les d\u00e9taillants au Retail Marketing Day 2023 - RetailDetail BE<\/title>\n<meta name=\"description\" content=\"Le Retail Marketing Day de RetailDetail garantit une foule d&#039;inspirations pour les professionnels du retail marketing.\" \/>\n<meta name=\"robots\" content=\"index, follow, max-snippet:-1, max-image-preview:large, max-video-preview:-1\" \/>\n<link rel=\"canonical\" href=\"https:\/\/www.retaildetail.be\/fr\/news\/general\/inspiration-marketing-pour-les-detaillants-au-retail-marketing-day-2023\/\" \/>\n<meta property=\"og:locale\" content=\"fr_FR\" \/>\n<meta property=\"og:type\" content=\"article\" \/>\n<meta property=\"og:title\" content=\"Inspiration marketing pour les d\u00e9taillants au Retail Marketing Day 2023 - RetailDetail BE\" \/>\n<meta property=\"og:description\" content=\"Le Retail Marketing Day de RetailDetail garantit une foule d&#039;inspirations pour les professionnels du retail marketing.\" \/>\n<meta property=\"og:url\" content=\"https:\/\/www.retaildetail.be\/fr\/news\/general\/inspiration-marketing-pour-les-detaillants-au-retail-marketing-day-2023\/\" \/>\n<meta property=\"og:site_name\" content=\"RetailDetail BE\" \/>\n<meta property=\"article:published_time\" content=\"2023-08-24T12:44:20+00:00\" \/>\n<meta property=\"article:modified_time\" content=\"2023-08-24T12:45:06+00:00\" \/>\n<meta property=\"og:image\" content=\"https:\/\/www.retaildetail.be\/wp-content\/uploads\/2023\/08\/Retail-Marketing-Day-inspiratie.jpg\" \/>\n\t<meta property=\"og:image:width\" content=\"1027\" \/>\n\t<meta property=\"og:image:height\" content=\"712\" \/>\n\t<meta property=\"og:image:type\" content=\"image\/jpeg\" \/>\n<meta name=\"author\" content=\"Stefan Van Rompaey\" \/>\n<meta name=\"twitter:card\" content=\"summary_large_image\" \/>\n<meta name=\"twitter:label1\" content=\"\u00c9crit par\" \/>\n\t<meta name=\"twitter:data1\" content=\"Stefan Van Rompaey\" \/>\n\t<meta name=\"twitter:label2\" content=\"Dur\u00e9e de lecture estim\u00e9e\" \/>\n\t<meta name=\"twitter:data2\" content=\"3 minutes\" \/>\n<script type=\"application\/ld+json\" class=\"yoast-schema-graph\">{\"@context\":\"https:\\\/\\\/schema.org\",\"@graph\":[{\"@type\":\"NewsArticle\",\"@id\":\"https:\\\/\\\/www.retaildetail.be\\\/fr\\\/news\\\/general\\\/inspiration-marketing-pour-les-detaillants-au-retail-marketing-day-2023\\\/#article\",\"isPartOf\":{\"@id\":\"https:\\\/\\\/www.retaildetail.be\\\/fr\\\/news\\\/general\\\/inspiration-marketing-pour-les-detaillants-au-retail-marketing-day-2023\\\/\"},\"author\":{\"name\":\"Stefan Van Rompaey\",\"@id\":\"https:\\\/\\\/www.retaildetail.be\\\/nl\\\/#\\\/schema\\\/person\\\/51aec6069c4416aa2f68b2e4ff3455df\"},\"headline\":\"Inspiration marketing pour les d\u00e9taillants au Retail Marketing Day 2023\",\"datePublished\":\"2023-08-24T12:44:20+00:00\",\"dateModified\":\"2023-08-24T12:45:06+00:00\",\"mainEntityOfPage\":{\"@id\":\"https:\\\/\\\/www.retaildetail.be\\\/fr\\\/news\\\/general\\\/inspiration-marketing-pour-les-detaillants-au-retail-marketing-day-2023\\\/\"},\"wordCount\":668,\"publisher\":{\"@id\":\"https:\\\/\\\/www.retaildetail.be\\\/nl\\\/#organization\"},\"image\":{\"@id\":\"https:\\\/\\\/www.retaildetail.be\\\/fr\\\/news\\\/general\\\/inspiration-marketing-pour-les-detaillants-au-retail-marketing-day-2023\\\/#primaryimage\"},\"thumbnailUrl\":\"https:\\\/\\\/www.retaildetail.be\\\/wp-content\\\/uploads\\\/2023\\\/08\\\/Retail-Marketing-Day-inspiratie.jpg\",\"articleSection\":[\"G\u00e9n\u00e9ral\"],\"inLanguage\":\"fr-FR\",\"copyrightYear\":\"2023\",\"copyrightHolder\":{\"@id\":\"https:\\\/\\\/www.retaildetail.be\\\/#organization\"}},{\"@type\":\"WebPage\",\"@id\":\"https:\\\/\\\/www.retaildetail.be\\\/fr\\\/news\\\/general\\\/inspiration-marketing-pour-les-detaillants-au-retail-marketing-day-2023\\\/\",\"url\":\"https:\\\/\\\/www.retaildetail.be\\\/fr\\\/news\\\/general\\\/inspiration-marketing-pour-les-detaillants-au-retail-marketing-day-2023\\\/\",\"name\":\"Inspiration marketing pour les d\u00e9taillants au Retail Marketing Day 2023 - RetailDetail BE\",\"isPartOf\":{\"@id\":\"https:\\\/\\\/www.retaildetail.be\\\/nl\\\/#website\"},\"primaryImageOfPage\":{\"@id\":\"https:\\\/\\\/www.retaildetail.be\\\/fr\\\/news\\\/general\\\/inspiration-marketing-pour-les-detaillants-au-retail-marketing-day-2023\\\/#primaryimage\"},\"image\":{\"@id\":\"https:\\\/\\\/www.retaildetail.be\\\/fr\\\/news\\\/general\\\/inspiration-marketing-pour-les-detaillants-au-retail-marketing-day-2023\\\/#primaryimage\"},\"thumbnailUrl\":\"https:\\\/\\\/www.retaildetail.be\\\/wp-content\\\/uploads\\\/2023\\\/08\\\/Retail-Marketing-Day-inspiratie.jpg\",\"datePublished\":\"2023-08-24T12:44:20+00:00\",\"dateModified\":\"2023-08-24T12:45:06+00:00\",\"description\":\"Le Retail Marketing Day de RetailDetail garantit une foule d'inspirations pour les professionnels du retail marketing.\",\"breadcrumb\":{\"@id\":\"https:\\\/\\\/www.retaildetail.be\\\/fr\\\/news\\\/general\\\/inspiration-marketing-pour-les-detaillants-au-retail-marketing-day-2023\\\/#breadcrumb\"},\"inLanguage\":\"fr-FR\",\"potentialAction\":[{\"@type\":\"ReadAction\",\"target\":[\"https:\\\/\\\/www.retaildetail.be\\\/fr\\\/news\\\/general\\\/inspiration-marketing-pour-les-detaillants-au-retail-marketing-day-2023\\\/\"]}]},{\"@type\":\"ImageObject\",\"inLanguage\":\"fr-FR\",\"@id\":\"https:\\\/\\\/www.retaildetail.be\\\/fr\\\/news\\\/general\\\/inspiration-marketing-pour-les-detaillants-au-retail-marketing-day-2023\\\/#primaryimage\",\"url\":\"https:\\\/\\\/www.retaildetail.be\\\/wp-content\\\/uploads\\\/2023\\\/08\\\/Retail-Marketing-Day-inspiratie.jpg\",\"contentUrl\":\"https:\\\/\\\/www.retaildetail.be\\\/wp-content\\\/uploads\\\/2023\\\/08\\\/Retail-Marketing-Day-inspiratie.jpg\",\"width\":1027,\"height\":712},{\"@type\":\"BreadcrumbList\",\"@id\":\"https:\\\/\\\/www.retaildetail.be\\\/fr\\\/news\\\/general\\\/inspiration-marketing-pour-les-detaillants-au-retail-marketing-day-2023\\\/#breadcrumb\",\"itemListElement\":[{\"@type\":\"ListItem\",\"position\":1,\"name\":\"Home\",\"item\":\"https:\\\/\\\/www.retaildetail.be\\\/fr\\\/\"},{\"@type\":\"ListItem\",\"position\":2,\"name\":\"Inspiration marketing pour les d\u00e9taillants au Retail Marketing Day 2023\"}]},{\"@type\":\"WebSite\",\"@id\":\"https:\\\/\\\/www.retaildetail.be\\\/nl\\\/#website\",\"url\":\"https:\\\/\\\/www.retaildetail.be\\\/nl\\\/\",\"name\":\"RetailDetail BE\",\"description\":\"News\",\"publisher\":{\"@id\":\"https:\\\/\\\/www.retaildetail.be\\\/nl\\\/#organization\"},\"potentialAction\":[{\"@type\":\"SearchAction\",\"target\":{\"@type\":\"EntryPoint\",\"urlTemplate\":\"https:\\\/\\\/www.retaildetail.be\\\/nl\\\/?s={search_term_string}\"},\"query-input\":{\"@type\":\"PropertyValueSpecification\",\"valueRequired\":true,\"valueName\":\"search_term_string\"}}],\"inLanguage\":\"fr-FR\"},{\"@type\":\"Organization\",\"@id\":\"https:\\\/\\\/www.retaildetail.be\\\/nl\\\/#organization\",\"name\":\"RetailDetail BE\",\"url\":\"https:\\\/\\\/www.retaildetail.be\\\/nl\\\/\",\"logo\":{\"@type\":\"ImageObject\",\"inLanguage\":\"fr-FR\",\"@id\":\"https:\\\/\\\/www.retaildetail.be\\\/nl\\\/#\\\/schema\\\/logo\\\/image\\\/\",\"url\":\"https:\\\/\\\/www.retaildetail.be\\\/wp-content\\\/uploads\\\/2022\\\/04\\\/logo.svg\",\"contentUrl\":\"https:\\\/\\\/www.retaildetail.be\\\/wp-content\\\/uploads\\\/2022\\\/04\\\/logo.svg\",\"width\":131,\"height\":70,\"caption\":\"RetailDetail BE\"},\"image\":{\"@id\":\"https:\\\/\\\/www.retaildetail.be\\\/nl\\\/#\\\/schema\\\/logo\\\/image\\\/\"}},{\"@type\":\"Person\",\"@id\":\"https:\\\/\\\/www.retaildetail.be\\\/nl\\\/#\\\/schema\\\/person\\\/51aec6069c4416aa2f68b2e4ff3455df\",\"name\":\"Stefan Van Rompaey\",\"image\":{\"@type\":\"ImageObject\",\"inLanguage\":\"fr-FR\",\"@id\":\"https:\\\/\\\/secure.gravatar.com\\\/avatar\\\/fbbb4a80a0f109888b2a5ab8ae255617499ecde533749b3ab2fa6c23b5d65dac?s=96&d=mm&r=g\",\"url\":\"https:\\\/\\\/secure.gravatar.com\\\/avatar\\\/fbbb4a80a0f109888b2a5ab8ae255617499ecde533749b3ab2fa6c23b5d65dac?s=96&d=mm&r=g\",\"contentUrl\":\"https:\\\/\\\/secure.gravatar.com\\\/avatar\\\/fbbb4a80a0f109888b2a5ab8ae255617499ecde533749b3ab2fa6c23b5d65dac?s=96&d=mm&r=g\",\"caption\":\"Stefan Van Rompaey\"},\"url\":\"https:\\\/\\\/www.retaildetail.be\\\/fr\\\/author\\\/stefanvanrompaey\\\/\"}]}<\/script>\n<!-- \/ Yoast SEO plugin. -->","yoast_head_json":{"title":"Inspiration marketing pour les d\u00e9taillants au Retail Marketing Day 2023 - RetailDetail BE","description":"Le Retail Marketing Day de RetailDetail garantit une foule d'inspirations pour les professionnels du retail marketing.","robots":{"index":"index","follow":"follow","max-snippet":"max-snippet:-1","max-image-preview":"max-image-preview:large","max-video-preview":"max-video-preview:-1"},"canonical":"https:\/\/www.retaildetail.be\/fr\/news\/general\/inspiration-marketing-pour-les-detaillants-au-retail-marketing-day-2023\/","og_locale":"fr_FR","og_type":"article","og_title":"Inspiration marketing pour les d\u00e9taillants au Retail Marketing Day 2023 - RetailDetail BE","og_description":"Le Retail Marketing Day de RetailDetail garantit une foule d'inspirations pour les professionnels du retail marketing.","og_url":"https:\/\/www.retaildetail.be\/fr\/news\/general\/inspiration-marketing-pour-les-detaillants-au-retail-marketing-day-2023\/","og_site_name":"RetailDetail BE","article_published_time":"2023-08-24T12:44:20+00:00","article_modified_time":"2023-08-24T12:45:06+00:00","og_image":[{"width":1027,"height":712,"url":"https:\/\/www.retaildetail.be\/wp-content\/uploads\/2023\/08\/Retail-Marketing-Day-inspiratie.jpg","type":"image\/jpeg"}],"author":"Stefan Van Rompaey","twitter_card":"summary_large_image","twitter_misc":{"\u00c9crit par":"Stefan Van Rompaey","Dur\u00e9e de lecture estim\u00e9e":"3 minutes"},"schema":{"@context":"https:\/\/schema.org","@graph":[{"@type":"NewsArticle","@id":"https:\/\/www.retaildetail.be\/fr\/news\/general\/inspiration-marketing-pour-les-detaillants-au-retail-marketing-day-2023\/#article","isPartOf":{"@id":"https:\/\/www.retaildetail.be\/fr\/news\/general\/inspiration-marketing-pour-les-detaillants-au-retail-marketing-day-2023\/"},"author":{"name":"Stefan Van Rompaey","@id":"https:\/\/www.retaildetail.be\/nl\/#\/schema\/person\/51aec6069c4416aa2f68b2e4ff3455df"},"headline":"Inspiration marketing pour les d\u00e9taillants au Retail Marketing Day 2023","datePublished":"2023-08-24T12:44:20+00:00","dateModified":"2023-08-24T12:45:06+00:00","mainEntityOfPage":{"@id":"https:\/\/www.retaildetail.be\/fr\/news\/general\/inspiration-marketing-pour-les-detaillants-au-retail-marketing-day-2023\/"},"wordCount":668,"publisher":{"@id":"https:\/\/www.retaildetail.be\/nl\/#organization"},"image":{"@id":"https:\/\/www.retaildetail.be\/fr\/news\/general\/inspiration-marketing-pour-les-detaillants-au-retail-marketing-day-2023\/#primaryimage"},"thumbnailUrl":"https:\/\/www.retaildetail.be\/wp-content\/uploads\/2023\/08\/Retail-Marketing-Day-inspiratie.jpg","articleSection":["G\u00e9n\u00e9ral"],"inLanguage":"fr-FR","copyrightYear":"2023","copyrightHolder":{"@id":"https:\/\/www.retaildetail.be\/#organization"}},{"@type":"WebPage","@id":"https:\/\/www.retaildetail.be\/fr\/news\/general\/inspiration-marketing-pour-les-detaillants-au-retail-marketing-day-2023\/","url":"https:\/\/www.retaildetail.be\/fr\/news\/general\/inspiration-marketing-pour-les-detaillants-au-retail-marketing-day-2023\/","name":"Inspiration marketing pour les d\u00e9taillants au Retail Marketing Day 2023 - RetailDetail BE","isPartOf":{"@id":"https:\/\/www.retaildetail.be\/nl\/#website"},"primaryImageOfPage":{"@id":"https:\/\/www.retaildetail.be\/fr\/news\/general\/inspiration-marketing-pour-les-detaillants-au-retail-marketing-day-2023\/#primaryimage"},"image":{"@id":"https:\/\/www.retaildetail.be\/fr\/news\/general\/inspiration-marketing-pour-les-detaillants-au-retail-marketing-day-2023\/#primaryimage"},"thumbnailUrl":"https:\/\/www.retaildetail.be\/wp-content\/uploads\/2023\/08\/Retail-Marketing-Day-inspiratie.jpg","datePublished":"2023-08-24T12:44:20+00:00","dateModified":"2023-08-24T12:45:06+00:00","description":"Le Retail Marketing Day de RetailDetail garantit une foule d'inspirations pour les professionnels du retail marketing.","breadcrumb":{"@id":"https:\/\/www.retaildetail.be\/fr\/news\/general\/inspiration-marketing-pour-les-detaillants-au-retail-marketing-day-2023\/#breadcrumb"},"inLanguage":"fr-FR","potentialAction":[{"@type":"ReadAction","target":["https:\/\/www.retaildetail.be\/fr\/news\/general\/inspiration-marketing-pour-les-detaillants-au-retail-marketing-day-2023\/"]}]},{"@type":"ImageObject","inLanguage":"fr-FR","@id":"https:\/\/www.retaildetail.be\/fr\/news\/general\/inspiration-marketing-pour-les-detaillants-au-retail-marketing-day-2023\/#primaryimage","url":"https:\/\/www.retaildetail.be\/wp-content\/uploads\/2023\/08\/Retail-Marketing-Day-inspiratie.jpg","contentUrl":"https:\/\/www.retaildetail.be\/wp-content\/uploads\/2023\/08\/Retail-Marketing-Day-inspiratie.jpg","width":1027,"height":712},{"@type":"BreadcrumbList","@id":"https:\/\/www.retaildetail.be\/fr\/news\/general\/inspiration-marketing-pour-les-detaillants-au-retail-marketing-day-2023\/#breadcrumb","itemListElement":[{"@type":"ListItem","position":1,"name":"Home","item":"https:\/\/www.retaildetail.be\/fr\/"},{"@type":"ListItem","position":2,"name":"Inspiration marketing pour les d\u00e9taillants au Retail Marketing Day 2023"}]},{"@type":"WebSite","@id":"https:\/\/www.retaildetail.be\/nl\/#website","url":"https:\/\/www.retaildetail.be\/nl\/","name":"RetailDetail BE","description":"News","publisher":{"@id":"https:\/\/www.retaildetail.be\/nl\/#organization"},"potentialAction":[{"@type":"SearchAction","target":{"@type":"EntryPoint","urlTemplate":"https:\/\/www.retaildetail.be\/nl\/?s={search_term_string}"},"query-input":{"@type":"PropertyValueSpecification","valueRequired":true,"valueName":"search_term_string"}}],"inLanguage":"fr-FR"},{"@type":"Organization","@id":"https:\/\/www.retaildetail.be\/nl\/#organization","name":"RetailDetail BE","url":"https:\/\/www.retaildetail.be\/nl\/","logo":{"@type":"ImageObject","inLanguage":"fr-FR","@id":"https:\/\/www.retaildetail.be\/nl\/#\/schema\/logo\/image\/","url":"https:\/\/www.retaildetail.be\/wp-content\/uploads\/2022\/04\/logo.svg","contentUrl":"https:\/\/www.retaildetail.be\/wp-content\/uploads\/2022\/04\/logo.svg","width":131,"height":70,"caption":"RetailDetail BE"},"image":{"@id":"https:\/\/www.retaildetail.be\/nl\/#\/schema\/logo\/image\/"}},{"@type":"Person","@id":"https:\/\/www.retaildetail.be\/nl\/#\/schema\/person\/51aec6069c4416aa2f68b2e4ff3455df","name":"Stefan Van Rompaey","image":{"@type":"ImageObject","inLanguage":"fr-FR","@id":"https:\/\/secure.gravatar.com\/avatar\/fbbb4a80a0f109888b2a5ab8ae255617499ecde533749b3ab2fa6c23b5d65dac?s=96&d=mm&r=g","url":"https:\/\/secure.gravatar.com\/avatar\/fbbb4a80a0f109888b2a5ab8ae255617499ecde533749b3ab2fa6c23b5d65dac?s=96&d=mm&r=g","contentUrl":"https:\/\/secure.gravatar.com\/avatar\/fbbb4a80a0f109888b2a5ab8ae255617499ecde533749b3ab2fa6c23b5d65dac?s=96&d=mm&r=g","caption":"Stefan Van Rompaey"},"url":"https:\/\/www.retaildetail.be\/fr\/author\/stefanvanrompaey\/"}]}},"jetpack_featured_media_url":"https:\/\/www.retaildetail.be\/wp-content\/uploads\/2023\/08\/Retail-Marketing-Day-inspiratie.jpg","jetpack_sharing_enabled":true,"_links":{"self":[{"href":"https:\/\/www.retaildetail.be\/fr\/wp-json\/wp\/v2\/posts\/82895","targetHints":{"allow":["GET"]}}],"collection":[{"href":"https:\/\/www.retaildetail.be\/fr\/wp-json\/wp\/v2\/posts"}],"about":[{"href":"https:\/\/www.retaildetail.be\/fr\/wp-json\/wp\/v2\/types\/post"}],"author":[{"embeddable":true,"href":"https:\/\/www.retaildetail.be\/fr\/wp-json\/wp\/v2\/users\/3"}],"replies":[{"embeddable":true,"href":"https:\/\/www.retaildetail.be\/fr\/wp-json\/wp\/v2\/comments?post=82895"}],"version-history":[{"count":2,"href":"https:\/\/www.retaildetail.be\/fr\/wp-json\/wp\/v2\/posts\/82895\/revisions"}],"predecessor-version":[{"id":82898,"href":"https:\/\/www.retaildetail.be\/fr\/wp-json\/wp\/v2\/posts\/82895\/revisions\/82898"}],"wp:featuredmedia":[{"embeddable":true,"href":"https:\/\/www.retaildetail.be\/fr\/wp-json\/wp\/v2\/media\/82892"}],"wp:attachment":[{"href":"https:\/\/www.retaildetail.be\/fr\/wp-json\/wp\/v2\/media?parent=82895"}],"wp:term":[{"taxonomy":"category","embeddable":true,"href":"https:\/\/www.retaildetail.be\/fr\/wp-json\/wp\/v2\/categories?post=82895"},{"taxonomy":"post_tag","embeddable":true,"href":"https:\/\/www.retaildetail.be\/fr\/wp-json\/wp\/v2\/tags?post=82895"},{"taxonomy":"people","embeddable":true,"href":"https:\/\/www.retaildetail.be\/fr\/wp-json\/wp\/v2\/people?post=82895"},{"taxonomy":"extra","embeddable":true,"href":"https:\/\/www.retaildetail.be\/fr\/wp-json\/wp\/v2\/extra?post=82895"},{"taxonomy":"company","embeddable":true,"href":"https:\/\/www.retaildetail.be\/fr\/wp-json\/wp\/v2\/company?post=82895"},{"taxonomy":"topic","embeddable":true,"href":"https:\/\/www.retaildetail.be\/fr\/wp-json\/wp\/v2\/topic?post=82895"},{"taxonomy":"region","embeddable":true,"href":"https:\/\/www.retaildetail.be\/fr\/wp-json\/wp\/v2\/region?post=82895"}],"curies":[{"name":"wp","href":"https:\/\/api.w.org\/{rel}","templated":true}]}}