{"id":85117,"date":"2023-10-04T17:07:52","date_gmt":"2023-10-04T15:07:52","guid":{"rendered":"https:\/\/www.retaildetail.be\/?p=85117"},"modified":"2023-10-04T17:07:55","modified_gmt":"2023-10-04T15:07:55","slug":"la-baisse-du-marche-du-jouet-ne-rend-pas-les-detaillants-pessimistes","status":"publish","type":"post","link":"https:\/\/www.retaildetail.be\/fr\/news\/loisirs\/la-baisse-du-marche-du-jouet-ne-rend-pas-les-detaillants-pessimistes\/","title":{"rendered":"La baisse du march\u00e9 du jouet ne rend pas les d\u00e9taillants pessimistes"},"content":{"rendered":"\n<p>L&rsquo;inflation, le mauvais temps estival et le manque d&rsquo;engouement pour les jouets ont fait chuter les ventes de jouets en Belgique. Dans le m\u00eame temps, le march\u00e9 de l&rsquo;occasion continue de cro\u00eetre. Le secteur compte tout de m\u00eame sur une bonne fin d&rsquo;ann\u00e9e.<\/p>\n\n\n\n<h2 class=\"wp-block-heading\">Moins d&rsquo;achats impulsifs<\/h2>\n\n\n\n<p>De septembre 2022 \u00e0 ao\u00fbt de cette ann\u00e9e, les Belges ont achet\u00e9 des jouets pour une valeur de 198 millions d&rsquo;euros, selon les chiffres du cabinet d&rsquo;\u00e9tudes Circana. Cela repr\u00e9sente une baisse de quelque 9 % par rapport \u00e0 l&rsquo;ann\u00e9e pr\u00e9c\u00e9dente. Une multitude de facteurs sont \u00e0 l&rsquo;origine de ces chiffres plus faibles.<\/p>\n\n\n\n<p>Une baisse \u00e9tait attendue apr\u00e8s que les ventes ont atteint un sommet lors des confinements en 2020 et 2021. Les familles ont r\u00e9duit leur budget en raison de l&rsquo;inflation \u00e9lev\u00e9e. Le mauvais temps estival a fait chuter les ventes de jouets d&rsquo;ext\u00e9rieur de 20 %. De plus, il n&rsquo;y a pas eu de v\u00e9ritable \u00ab&nbsp;hype&nbsp;\u00bb sur les cours de r\u00e9cr\u00e9ation cette ann\u00e9e : les achats impulsifs de moins de dix euros ont donc chut\u00e9 de 13 %. Les fabricants ont \u00e9galement lanc\u00e9 moins de nouveaut\u00e9s. Le march\u00e9 de l&rsquo;occasion continue de cro\u00eetre, m\u00eame s&rsquo;il est encore petit.<\/p>\n\n\n\n<h2 class=\"wp-block-heading\">Plein d&rsquo;espoir<\/h2>\n\n\n\n<p>Les produits de Gabby&rsquo;s Doll&rsquo;s House, connus de Netflix et d\u00e9j\u00e0 imm\u00e9diatement bons pour des ventes de plus d&rsquo;un million d&rsquo;euros, ont \u00e9t\u00e9 des succ\u00e8s notables cette ann\u00e9e. Lego Icons a prouv\u00e9 que m\u00eame un public un peu plus \u00e2g\u00e9 continue \u00e0 jouer avec les blocs. Les jouets Disney, Lego Star Wars et Squishmallows se portent \u00e9galement tr\u00e8s bien.<\/p>\n\n\n\n<p>Pour l&rsquo;automne, le secteur du jouet compte sur de meilleurs chiffres. Un indicateur encourageant est la vigueur des ventes pour la rentr\u00e9e scolaire. \u00ab&nbsp;L&rsquo;exp\u00e9rience nous montre que lorsque les ventes d&rsquo;articles scolaires se portent bien en ao\u00fbt et en septembre, nous enregistrons ensuite de bons chiffres \u00e0 Saint-Nicolas. Et les fournitures scolaires ont bien march\u00e9. <a href=\"https:\/\/www.gva.be\/cnt\/dmf20231004_92197799\">Les choses se pr\u00e9sentent donc bien<\/a>&nbsp;\u00bb, a d\u00e9clar\u00e9 Geert Vanhalst, directeur de Supra Bazar, \u00e0 Gazet Van Antwerpen.<\/p>\n","protected":false},"excerpt":{"rendered":"<p>L&rsquo;inflation, le mauvais temps estival et le manque d&rsquo;engouement pour les jouets ont fait chuter les ventes de jouets en Belgique. Dans le m\u00eame temps, le march\u00e9 de l&rsquo;occasion continue de cro\u00eetre. Le secteur compte tout de m\u00eame sur une bonne fin d&rsquo;ann\u00e9e. <\/p>\n","protected":false},"author":3,"featured_media":85115,"comment_status":"closed","ping_status":"closed","sticky":false,"template":"","format":"standard","meta":{"_acf_changed":false,"inline_featured_image":false,"_jetpack_memberships_contains_paid_content":false,"footnotes":""},"categories":[28],"tags":[],"people":[],"extra":[],"company":[],"topic":[488],"region":[226],"class_list":["post-85117","post","type-post","status-publish","format-standard","has-post-thumbnail","hentry","category-loisirs","topic-marketing","region-belgique"],"acf":[],"yoast_head":"<!-- This site is optimized with the Yoast SEO plugin v27.3 - https:\/\/yoast.com\/product\/yoast-seo-wordpress\/ -->\n<title>La baisse du march\u00e9 du jouet ne rend pas les d\u00e9taillants pessimistes - RetailDetail BE<\/title>\n<meta name=\"description\" content=\"L&#039;inflation, le mauvais temps estival et le manque d&#039;engouement pour les jouets ont fait chuter les ventes de jouets en Belgique.\" \/>\n<meta name=\"robots\" content=\"index, follow, max-snippet:-1, max-image-preview:large, max-video-preview:-1\" \/>\n<link rel=\"canonical\" href=\"https:\/\/www.retaildetail.be\/fr\/news\/loisirs\/la-baisse-du-marche-du-jouet-ne-rend-pas-les-detaillants-pessimistes\/\" \/>\n<meta property=\"og:locale\" content=\"fr_FR\" \/>\n<meta property=\"og:type\" content=\"article\" \/>\n<meta property=\"og:title\" content=\"La baisse du march\u00e9 du jouet ne rend pas les d\u00e9taillants pessimistes - RetailDetail BE\" \/>\n<meta property=\"og:description\" content=\"L&#039;inflation, le mauvais temps estival et le manque d&#039;engouement pour les jouets ont fait chuter les ventes de jouets en Belgique.\" \/>\n<meta property=\"og:url\" content=\"https:\/\/www.retaildetail.be\/fr\/news\/loisirs\/la-baisse-du-marche-du-jouet-ne-rend-pas-les-detaillants-pessimistes\/\" \/>\n<meta property=\"og:site_name\" content=\"RetailDetail BE\" \/>\n<meta property=\"article:published_time\" content=\"2023-10-04T15:07:52+00:00\" \/>\n<meta property=\"article:modified_time\" content=\"2023-10-04T15:07:55+00:00\" \/>\n<meta property=\"og:image\" content=\"https:\/\/www.retaildetail.be\/wp-content\/uploads\/2023\/10\/maxi-toys-ronq-2.jpg\" \/>\n\t<meta property=\"og:image:width\" content=\"1540\" \/>\n\t<meta property=\"og:image:height\" content=\"956\" \/>\n\t<meta property=\"og:image:type\" content=\"image\/jpeg\" \/>\n<meta name=\"author\" content=\"Stefan Van Rompaey\" \/>\n<meta name=\"twitter:card\" content=\"summary_large_image\" \/>\n<meta name=\"twitter:label1\" content=\"\u00c9crit par\" \/>\n\t<meta name=\"twitter:data1\" content=\"Stefan Van Rompaey\" \/>\n\t<meta name=\"twitter:label2\" content=\"Dur\u00e9e de lecture estim\u00e9e\" \/>\n\t<meta name=\"twitter:data2\" content=\"2 minutes\" \/>\n<script type=\"application\/ld+json\" class=\"yoast-schema-graph\">{\"@context\":\"https:\\\/\\\/schema.org\",\"@graph\":[{\"@type\":\"NewsArticle\",\"@id\":\"https:\\\/\\\/www.retaildetail.be\\\/fr\\\/news\\\/loisirs\\\/la-baisse-du-marche-du-jouet-ne-rend-pas-les-detaillants-pessimistes\\\/#article\",\"isPartOf\":{\"@id\":\"https:\\\/\\\/www.retaildetail.be\\\/fr\\\/news\\\/loisirs\\\/la-baisse-du-marche-du-jouet-ne-rend-pas-les-detaillants-pessimistes\\\/\"},\"author\":{\"name\":\"Stefan Van Rompaey\",\"@id\":\"https:\\\/\\\/www.retaildetail.be\\\/nl\\\/#\\\/schema\\\/person\\\/51aec6069c4416aa2f68b2e4ff3455df\"},\"headline\":\"La baisse du march\u00e9 du jouet ne rend pas les d\u00e9taillants pessimistes\",\"datePublished\":\"2023-10-04T15:07:52+00:00\",\"dateModified\":\"2023-10-04T15:07:55+00:00\",\"mainEntityOfPage\":{\"@id\":\"https:\\\/\\\/www.retaildetail.be\\\/fr\\\/news\\\/loisirs\\\/la-baisse-du-marche-du-jouet-ne-rend-pas-les-detaillants-pessimistes\\\/\"},\"wordCount\":384,\"publisher\":{\"@id\":\"https:\\\/\\\/www.retaildetail.be\\\/nl\\\/#organization\"},\"image\":{\"@id\":\"https:\\\/\\\/www.retaildetail.be\\\/fr\\\/news\\\/loisirs\\\/la-baisse-du-marche-du-jouet-ne-rend-pas-les-detaillants-pessimistes\\\/#primaryimage\"},\"thumbnailUrl\":\"https:\\\/\\\/www.retaildetail.be\\\/wp-content\\\/uploads\\\/2023\\\/10\\\/maxi-toys-ronq-2.jpg\",\"articleSection\":[\"Loisirs\"],\"inLanguage\":\"fr-FR\",\"copyrightYear\":\"2023\",\"copyrightHolder\":{\"@id\":\"https:\\\/\\\/www.retaildetail.be\\\/#organization\"}},{\"@type\":\"WebPage\",\"@id\":\"https:\\\/\\\/www.retaildetail.be\\\/fr\\\/news\\\/loisirs\\\/la-baisse-du-marche-du-jouet-ne-rend-pas-les-detaillants-pessimistes\\\/\",\"url\":\"https:\\\/\\\/www.retaildetail.be\\\/fr\\\/news\\\/loisirs\\\/la-baisse-du-marche-du-jouet-ne-rend-pas-les-detaillants-pessimistes\\\/\",\"name\":\"La baisse du march\u00e9 du jouet ne rend pas les d\u00e9taillants pessimistes - RetailDetail BE\",\"isPartOf\":{\"@id\":\"https:\\\/\\\/www.retaildetail.be\\\/nl\\\/#website\"},\"primaryImageOfPage\":{\"@id\":\"https:\\\/\\\/www.retaildetail.be\\\/fr\\\/news\\\/loisirs\\\/la-baisse-du-marche-du-jouet-ne-rend-pas-les-detaillants-pessimistes\\\/#primaryimage\"},\"image\":{\"@id\":\"https:\\\/\\\/www.retaildetail.be\\\/fr\\\/news\\\/loisirs\\\/la-baisse-du-marche-du-jouet-ne-rend-pas-les-detaillants-pessimistes\\\/#primaryimage\"},\"thumbnailUrl\":\"https:\\\/\\\/www.retaildetail.be\\\/wp-content\\\/uploads\\\/2023\\\/10\\\/maxi-toys-ronq-2.jpg\",\"datePublished\":\"2023-10-04T15:07:52+00:00\",\"dateModified\":\"2023-10-04T15:07:55+00:00\",\"description\":\"L'inflation, le mauvais temps estival et le manque d'engouement pour les jouets ont fait chuter les ventes de jouets en Belgique.\",\"breadcrumb\":{\"@id\":\"https:\\\/\\\/www.retaildetail.be\\\/fr\\\/news\\\/loisirs\\\/la-baisse-du-marche-du-jouet-ne-rend-pas-les-detaillants-pessimistes\\\/#breadcrumb\"},\"inLanguage\":\"fr-FR\",\"potentialAction\":[{\"@type\":\"ReadAction\",\"target\":[\"https:\\\/\\\/www.retaildetail.be\\\/fr\\\/news\\\/loisirs\\\/la-baisse-du-marche-du-jouet-ne-rend-pas-les-detaillants-pessimistes\\\/\"]}]},{\"@type\":\"ImageObject\",\"inLanguage\":\"fr-FR\",\"@id\":\"https:\\\/\\\/www.retaildetail.be\\\/fr\\\/news\\\/loisirs\\\/la-baisse-du-marche-du-jouet-ne-rend-pas-les-detaillants-pessimistes\\\/#primaryimage\",\"url\":\"https:\\\/\\\/www.retaildetail.be\\\/wp-content\\\/uploads\\\/2023\\\/10\\\/maxi-toys-ronq-2.jpg\",\"contentUrl\":\"https:\\\/\\\/www.retaildetail.be\\\/wp-content\\\/uploads\\\/2023\\\/10\\\/maxi-toys-ronq-2.jpg\",\"width\":1540,\"height\":956,\"caption\":\"\u00a9 Pat Verbruggen \\\/ RetailDetail\"},{\"@type\":\"BreadcrumbList\",\"@id\":\"https:\\\/\\\/www.retaildetail.be\\\/fr\\\/news\\\/loisirs\\\/la-baisse-du-marche-du-jouet-ne-rend-pas-les-detaillants-pessimistes\\\/#breadcrumb\",\"itemListElement\":[{\"@type\":\"ListItem\",\"position\":1,\"name\":\"Home\",\"item\":\"https:\\\/\\\/www.retaildetail.be\\\/fr\\\/\"},{\"@type\":\"ListItem\",\"position\":2,\"name\":\"La baisse du march\u00e9 du jouet ne rend pas les d\u00e9taillants pessimistes\"}]},{\"@type\":\"WebSite\",\"@id\":\"https:\\\/\\\/www.retaildetail.be\\\/nl\\\/#website\",\"url\":\"https:\\\/\\\/www.retaildetail.be\\\/nl\\\/\",\"name\":\"RetailDetail BE\",\"description\":\"News\",\"publisher\":{\"@id\":\"https:\\\/\\\/www.retaildetail.be\\\/nl\\\/#organization\"},\"potentialAction\":[{\"@type\":\"SearchAction\",\"target\":{\"@type\":\"EntryPoint\",\"urlTemplate\":\"https:\\\/\\\/www.retaildetail.be\\\/nl\\\/?s={search_term_string}\"},\"query-input\":{\"@type\":\"PropertyValueSpecification\",\"valueRequired\":true,\"valueName\":\"search_term_string\"}}],\"inLanguage\":\"fr-FR\"},{\"@type\":\"Organization\",\"@id\":\"https:\\\/\\\/www.retaildetail.be\\\/nl\\\/#organization\",\"name\":\"RetailDetail BE\",\"url\":\"https:\\\/\\\/www.retaildetail.be\\\/nl\\\/\",\"logo\":{\"@type\":\"ImageObject\",\"inLanguage\":\"fr-FR\",\"@id\":\"https:\\\/\\\/www.retaildetail.be\\\/nl\\\/#\\\/schema\\\/logo\\\/image\\\/\",\"url\":\"https:\\\/\\\/www.retaildetail.be\\\/wp-content\\\/uploads\\\/2022\\\/04\\\/logo.svg\",\"contentUrl\":\"https:\\\/\\\/www.retaildetail.be\\\/wp-content\\\/uploads\\\/2022\\\/04\\\/logo.svg\",\"width\":131,\"height\":70,\"caption\":\"RetailDetail BE\"},\"image\":{\"@id\":\"https:\\\/\\\/www.retaildetail.be\\\/nl\\\/#\\\/schema\\\/logo\\\/image\\\/\"}},{\"@type\":\"Person\",\"@id\":\"https:\\\/\\\/www.retaildetail.be\\\/nl\\\/#\\\/schema\\\/person\\\/51aec6069c4416aa2f68b2e4ff3455df\",\"name\":\"Stefan Van Rompaey\",\"image\":{\"@type\":\"ImageObject\",\"inLanguage\":\"fr-FR\",\"@id\":\"https:\\\/\\\/secure.gravatar.com\\\/avatar\\\/fbbb4a80a0f109888b2a5ab8ae255617499ecde533749b3ab2fa6c23b5d65dac?s=96&d=mm&r=g\",\"url\":\"https:\\\/\\\/secure.gravatar.com\\\/avatar\\\/fbbb4a80a0f109888b2a5ab8ae255617499ecde533749b3ab2fa6c23b5d65dac?s=96&d=mm&r=g\",\"contentUrl\":\"https:\\\/\\\/secure.gravatar.com\\\/avatar\\\/fbbb4a80a0f109888b2a5ab8ae255617499ecde533749b3ab2fa6c23b5d65dac?s=96&d=mm&r=g\",\"caption\":\"Stefan Van Rompaey\"},\"url\":\"https:\\\/\\\/www.retaildetail.be\\\/fr\\\/author\\\/stefanvanrompaey\\\/\"}]}<\/script>\n<!-- \/ Yoast SEO plugin. -->","yoast_head_json":{"title":"La baisse du march\u00e9 du jouet ne rend pas les d\u00e9taillants pessimistes - RetailDetail BE","description":"L'inflation, le mauvais temps estival et le manque d'engouement pour les jouets ont fait chuter les ventes de jouets en Belgique.","robots":{"index":"index","follow":"follow","max-snippet":"max-snippet:-1","max-image-preview":"max-image-preview:large","max-video-preview":"max-video-preview:-1"},"canonical":"https:\/\/www.retaildetail.be\/fr\/news\/loisirs\/la-baisse-du-marche-du-jouet-ne-rend-pas-les-detaillants-pessimistes\/","og_locale":"fr_FR","og_type":"article","og_title":"La baisse du march\u00e9 du jouet ne rend pas les d\u00e9taillants pessimistes - RetailDetail BE","og_description":"L'inflation, le mauvais temps estival et le manque d'engouement pour les jouets ont fait chuter les ventes de jouets en Belgique.","og_url":"https:\/\/www.retaildetail.be\/fr\/news\/loisirs\/la-baisse-du-marche-du-jouet-ne-rend-pas-les-detaillants-pessimistes\/","og_site_name":"RetailDetail BE","article_published_time":"2023-10-04T15:07:52+00:00","article_modified_time":"2023-10-04T15:07:55+00:00","og_image":[{"width":1540,"height":956,"url":"https:\/\/www.retaildetail.be\/wp-content\/uploads\/2023\/10\/maxi-toys-ronq-2.jpg","type":"image\/jpeg"}],"author":"Stefan Van Rompaey","twitter_card":"summary_large_image","twitter_misc":{"\u00c9crit par":"Stefan Van Rompaey","Dur\u00e9e de lecture estim\u00e9e":"2 minutes"},"schema":{"@context":"https:\/\/schema.org","@graph":[{"@type":"NewsArticle","@id":"https:\/\/www.retaildetail.be\/fr\/news\/loisirs\/la-baisse-du-marche-du-jouet-ne-rend-pas-les-detaillants-pessimistes\/#article","isPartOf":{"@id":"https:\/\/www.retaildetail.be\/fr\/news\/loisirs\/la-baisse-du-marche-du-jouet-ne-rend-pas-les-detaillants-pessimistes\/"},"author":{"name":"Stefan Van Rompaey","@id":"https:\/\/www.retaildetail.be\/nl\/#\/schema\/person\/51aec6069c4416aa2f68b2e4ff3455df"},"headline":"La baisse du march\u00e9 du jouet ne rend pas les d\u00e9taillants pessimistes","datePublished":"2023-10-04T15:07:52+00:00","dateModified":"2023-10-04T15:07:55+00:00","mainEntityOfPage":{"@id":"https:\/\/www.retaildetail.be\/fr\/news\/loisirs\/la-baisse-du-marche-du-jouet-ne-rend-pas-les-detaillants-pessimistes\/"},"wordCount":384,"publisher":{"@id":"https:\/\/www.retaildetail.be\/nl\/#organization"},"image":{"@id":"https:\/\/www.retaildetail.be\/fr\/news\/loisirs\/la-baisse-du-marche-du-jouet-ne-rend-pas-les-detaillants-pessimistes\/#primaryimage"},"thumbnailUrl":"https:\/\/www.retaildetail.be\/wp-content\/uploads\/2023\/10\/maxi-toys-ronq-2.jpg","articleSection":["Loisirs"],"inLanguage":"fr-FR","copyrightYear":"2023","copyrightHolder":{"@id":"https:\/\/www.retaildetail.be\/#organization"}},{"@type":"WebPage","@id":"https:\/\/www.retaildetail.be\/fr\/news\/loisirs\/la-baisse-du-marche-du-jouet-ne-rend-pas-les-detaillants-pessimistes\/","url":"https:\/\/www.retaildetail.be\/fr\/news\/loisirs\/la-baisse-du-marche-du-jouet-ne-rend-pas-les-detaillants-pessimistes\/","name":"La baisse du march\u00e9 du jouet ne rend pas les d\u00e9taillants pessimistes - RetailDetail BE","isPartOf":{"@id":"https:\/\/www.retaildetail.be\/nl\/#website"},"primaryImageOfPage":{"@id":"https:\/\/www.retaildetail.be\/fr\/news\/loisirs\/la-baisse-du-marche-du-jouet-ne-rend-pas-les-detaillants-pessimistes\/#primaryimage"},"image":{"@id":"https:\/\/www.retaildetail.be\/fr\/news\/loisirs\/la-baisse-du-marche-du-jouet-ne-rend-pas-les-detaillants-pessimistes\/#primaryimage"},"thumbnailUrl":"https:\/\/www.retaildetail.be\/wp-content\/uploads\/2023\/10\/maxi-toys-ronq-2.jpg","datePublished":"2023-10-04T15:07:52+00:00","dateModified":"2023-10-04T15:07:55+00:00","description":"L'inflation, le mauvais temps estival et le manque d'engouement pour les jouets ont fait chuter les ventes de jouets en Belgique.","breadcrumb":{"@id":"https:\/\/www.retaildetail.be\/fr\/news\/loisirs\/la-baisse-du-marche-du-jouet-ne-rend-pas-les-detaillants-pessimistes\/#breadcrumb"},"inLanguage":"fr-FR","potentialAction":[{"@type":"ReadAction","target":["https:\/\/www.retaildetail.be\/fr\/news\/loisirs\/la-baisse-du-marche-du-jouet-ne-rend-pas-les-detaillants-pessimistes\/"]}]},{"@type":"ImageObject","inLanguage":"fr-FR","@id":"https:\/\/www.retaildetail.be\/fr\/news\/loisirs\/la-baisse-du-marche-du-jouet-ne-rend-pas-les-detaillants-pessimistes\/#primaryimage","url":"https:\/\/www.retaildetail.be\/wp-content\/uploads\/2023\/10\/maxi-toys-ronq-2.jpg","contentUrl":"https:\/\/www.retaildetail.be\/wp-content\/uploads\/2023\/10\/maxi-toys-ronq-2.jpg","width":1540,"height":956,"caption":"\u00a9 Pat Verbruggen \/ RetailDetail"},{"@type":"BreadcrumbList","@id":"https:\/\/www.retaildetail.be\/fr\/news\/loisirs\/la-baisse-du-marche-du-jouet-ne-rend-pas-les-detaillants-pessimistes\/#breadcrumb","itemListElement":[{"@type":"ListItem","position":1,"name":"Home","item":"https:\/\/www.retaildetail.be\/fr\/"},{"@type":"ListItem","position":2,"name":"La baisse du march\u00e9 du jouet ne rend pas les d\u00e9taillants pessimistes"}]},{"@type":"WebSite","@id":"https:\/\/www.retaildetail.be\/nl\/#website","url":"https:\/\/www.retaildetail.be\/nl\/","name":"RetailDetail BE","description":"News","publisher":{"@id":"https:\/\/www.retaildetail.be\/nl\/#organization"},"potentialAction":[{"@type":"SearchAction","target":{"@type":"EntryPoint","urlTemplate":"https:\/\/www.retaildetail.be\/nl\/?s={search_term_string}"},"query-input":{"@type":"PropertyValueSpecification","valueRequired":true,"valueName":"search_term_string"}}],"inLanguage":"fr-FR"},{"@type":"Organization","@id":"https:\/\/www.retaildetail.be\/nl\/#organization","name":"RetailDetail BE","url":"https:\/\/www.retaildetail.be\/nl\/","logo":{"@type":"ImageObject","inLanguage":"fr-FR","@id":"https:\/\/www.retaildetail.be\/nl\/#\/schema\/logo\/image\/","url":"https:\/\/www.retaildetail.be\/wp-content\/uploads\/2022\/04\/logo.svg","contentUrl":"https:\/\/www.retaildetail.be\/wp-content\/uploads\/2022\/04\/logo.svg","width":131,"height":70,"caption":"RetailDetail BE"},"image":{"@id":"https:\/\/www.retaildetail.be\/nl\/#\/schema\/logo\/image\/"}},{"@type":"Person","@id":"https:\/\/www.retaildetail.be\/nl\/#\/schema\/person\/51aec6069c4416aa2f68b2e4ff3455df","name":"Stefan Van Rompaey","image":{"@type":"ImageObject","inLanguage":"fr-FR","@id":"https:\/\/secure.gravatar.com\/avatar\/fbbb4a80a0f109888b2a5ab8ae255617499ecde533749b3ab2fa6c23b5d65dac?s=96&d=mm&r=g","url":"https:\/\/secure.gravatar.com\/avatar\/fbbb4a80a0f109888b2a5ab8ae255617499ecde533749b3ab2fa6c23b5d65dac?s=96&d=mm&r=g","contentUrl":"https:\/\/secure.gravatar.com\/avatar\/fbbb4a80a0f109888b2a5ab8ae255617499ecde533749b3ab2fa6c23b5d65dac?s=96&d=mm&r=g","caption":"Stefan Van Rompaey"},"url":"https:\/\/www.retaildetail.be\/fr\/author\/stefanvanrompaey\/"}]}},"jetpack_featured_media_url":"https:\/\/www.retaildetail.be\/wp-content\/uploads\/2023\/10\/maxi-toys-ronq-2.jpg","jetpack_sharing_enabled":true,"_links":{"self":[{"href":"https:\/\/www.retaildetail.be\/fr\/wp-json\/wp\/v2\/posts\/85117","targetHints":{"allow":["GET"]}}],"collection":[{"href":"https:\/\/www.retaildetail.be\/fr\/wp-json\/wp\/v2\/posts"}],"about":[{"href":"https:\/\/www.retaildetail.be\/fr\/wp-json\/wp\/v2\/types\/post"}],"author":[{"embeddable":true,"href":"https:\/\/www.retaildetail.be\/fr\/wp-json\/wp\/v2\/users\/3"}],"replies":[{"embeddable":true,"href":"https:\/\/www.retaildetail.be\/fr\/wp-json\/wp\/v2\/comments?post=85117"}],"version-history":[{"count":2,"href":"https:\/\/www.retaildetail.be\/fr\/wp-json\/wp\/v2\/posts\/85117\/revisions"}],"predecessor-version":[{"id":85119,"href":"https:\/\/www.retaildetail.be\/fr\/wp-json\/wp\/v2\/posts\/85117\/revisions\/85119"}],"wp:featuredmedia":[{"embeddable":true,"href":"https:\/\/www.retaildetail.be\/fr\/wp-json\/wp\/v2\/media\/85115"}],"wp:attachment":[{"href":"https:\/\/www.retaildetail.be\/fr\/wp-json\/wp\/v2\/media?parent=85117"}],"wp:term":[{"taxonomy":"category","embeddable":true,"href":"https:\/\/www.retaildetail.be\/fr\/wp-json\/wp\/v2\/categories?post=85117"},{"taxonomy":"post_tag","embeddable":true,"href":"https:\/\/www.retaildetail.be\/fr\/wp-json\/wp\/v2\/tags?post=85117"},{"taxonomy":"people","embeddable":true,"href":"https:\/\/www.retaildetail.be\/fr\/wp-json\/wp\/v2\/people?post=85117"},{"taxonomy":"extra","embeddable":true,"href":"https:\/\/www.retaildetail.be\/fr\/wp-json\/wp\/v2\/extra?post=85117"},{"taxonomy":"company","embeddable":true,"href":"https:\/\/www.retaildetail.be\/fr\/wp-json\/wp\/v2\/company?post=85117"},{"taxonomy":"topic","embeddable":true,"href":"https:\/\/www.retaildetail.be\/fr\/wp-json\/wp\/v2\/topic?post=85117"},{"taxonomy":"region","embeddable":true,"href":"https:\/\/www.retaildetail.be\/fr\/wp-json\/wp\/v2\/region?post=85117"}],"curies":[{"name":"wp","href":"https:\/\/api.w.org\/{rel}","templated":true}]}}