{"id":88110,"date":"2023-11-22T17:19:31","date_gmt":"2023-11-22T16:19:31","guid":{"rendered":"https:\/\/www.retaildetail.be\/?p=88110"},"modified":"2023-11-22T17:19:33","modified_gmt":"2023-11-22T16:19:33","slug":"la-retaildetail-night-accueille-a-guichets-fermes-les-principaux-detaillants-du-benelux","status":"publish","type":"post","link":"https:\/\/www.retaildetail.be\/fr\/news\/general\/la-retaildetail-night-accueille-a-guichets-fermes-les-principaux-detaillants-du-benelux\/","title":{"rendered":"La RetailDetail Night accueille \u00e0 guichets ferm\u00e9s les principaux d\u00e9taillants du Benelux"},"content":{"rendered":"\n<p>Comme les ann\u00e9es pr\u00e9c\u00e9dentes, la onzi\u00e8me \u00e9dition de la RetailDetail Night, l&rsquo;\u00e9v\u00e9nement de fin d&rsquo;ann\u00e9e du secteur retail dans le Benelux, se d\u00e9roulera \u00e0 guichets ferm\u00e9s. Gr\u00e2ce \u00e0 des orateurs de premier plan comme Marit van Egmond (<strong>Albert Heijn<\/strong>) et Erwin Van Osta (<strong>Hubo<\/strong>).<\/p>\n\n\n\n<h2 class=\"wp-block-heading\">Un \u00e9v\u00e9nement de r\u00e9seautage unique<\/h2>\n\n\n\n<p>Une fois de plus, la RetailDetail Night se d\u00e9roulera \u00e0 guichets ferm\u00e9s au Handelsbeurs, un endroit de choix dans le centre d&rsquo;Anvers. La formule avec des programmes pr\u00e9liminaires th\u00e9matiques approfondis l&rsquo;apr\u00e8s-midi, suivis d&rsquo;un d\u00eener festif avec des orateurs internationaux de premier plan le soir, est l\u00e0 pour rester : les tout derniers billets ont \u00e9t\u00e9 vendus mercredi apr\u00e8s-midi. Le jeudi, il s&rsquo;agira d&rsquo;un \u00e9v\u00e9nement de r\u00e9seautage unique, avec des profils de haut niveau issus de tous les secteurs de l&rsquo;industrie du commerce de d\u00e9tail. La formule qui permet aux entreprises de r\u00e9server une table enti\u00e8re pour inviter leurs clients et leurs relations fait son chemin.<\/p>\n\n\n\n<p>Une tendance frappante cette ann\u00e9e : une forte repr\u00e9sentation de profils FMCG et de franchis\u00e9s d&rsquo;Albert Heijn et de <strong>Delhaize<\/strong>, qui attendent sans aucun doute avec beaucoup d&rsquo;int\u00e9r\u00eat l&rsquo;expos\u00e9 de Marit van Egmond. Apr\u00e8s tout, <strong>Ahold Delhaize<\/strong> apporte un certain dynamisme \u00e0 notre pays. Le secteur du bricolage est \u00e9galement fortement repr\u00e9sent\u00e9.<\/p>\n\n\n\n<p>Le fondateur de RetailDetail, Jorg Snoeck, se r\u00e9jouit de l&rsquo;aboutissement d&rsquo;une ann\u00e9e au cours de laquelle son entreprise s&rsquo;est bien comport\u00e9e dans des circonstances difficiles. Il pr\u00e9sentera de nouvelles initiatives jeudi soir, notamment l&rsquo;application RetailDetail Connect&amp;Learn et la chasse internationale RetailHunt \u00e0 Singapour. \u00ab&nbsp;2024 pourrait bien \u00eatre une ann\u00e9e charni\u00e8re pour le secteur du commerce de d\u00e9tail&nbsp;\u00bb, estime-t-il. \u00ab&nbsp;Mais si nous travaillons ensemble, nous y arriverons. RetailDetail est pr\u00eat pour cela !&nbsp;\u00bb<\/p>\n","protected":false},"excerpt":{"rendered":"<p>Comme les ann\u00e9es pr\u00e9c\u00e9dentes, la onzi\u00e8me \u00e9dition de la RetailDetail Night, l&rsquo;\u00e9v\u00e9nement de fin d&rsquo;ann\u00e9e du secteur retail dans le Benelux, se d\u00e9roulera \u00e0 guichets ferm\u00e9s. Gr\u00e2ce \u00e0 des orateurs de premier plan comme Marit van Egmond (Albert Heijn) et Erwin Van Osta (Hubo).<\/p>\n","protected":false},"author":3,"featured_media":88108,"comment_status":"closed","ping_status":"closed","sticky":false,"template":"","format":"standard","meta":{"_acf_changed":false,"inline_featured_image":false,"_jetpack_memberships_contains_paid_content":false,"footnotes":""},"categories":[25],"tags":[],"people":[],"extra":[],"company":[],"topic":[894],"region":[],"class_list":["post-88110","post","type-post","status-publish","format-standard","has-post-thumbnail","hentry","category-general","topic-retaildetail-night"],"acf":[],"yoast_head":"<!-- This site is optimized with the Yoast SEO plugin v27.3 - https:\/\/yoast.com\/product\/yoast-seo-wordpress\/ -->\n<title>La RetailDetail Night accueille \u00e0 guichets ferm\u00e9s les principaux d\u00e9taillants du Benelux - RetailDetail BE<\/title>\n<meta name=\"description\" content=\"Comme les ann\u00e9es pr\u00e9c\u00e9dentes, la onzi\u00e8me \u00e9dition de la RetailDetail Night, l&#039;\u00e9v\u00e9nement de fin d&#039;ann\u00e9e du secteur retail dans le Benelux, se d\u00e9roulera \u00e0 guichets ferm\u00e9s.\" \/>\n<meta name=\"robots\" content=\"index, follow, max-snippet:-1, max-image-preview:large, max-video-preview:-1\" \/>\n<link rel=\"canonical\" href=\"https:\/\/www.retaildetail.be\/fr\/news\/general\/la-retaildetail-night-accueille-a-guichets-fermes-les-principaux-detaillants-du-benelux\/\" \/>\n<meta property=\"og:locale\" content=\"fr_FR\" \/>\n<meta property=\"og:type\" content=\"article\" \/>\n<meta property=\"og:title\" content=\"La RetailDetail Night accueille \u00e0 guichets ferm\u00e9s les principaux d\u00e9taillants du Benelux - RetailDetail BE\" \/>\n<meta property=\"og:description\" content=\"Comme les ann\u00e9es pr\u00e9c\u00e9dentes, la onzi\u00e8me \u00e9dition de la RetailDetail Night, l&#039;\u00e9v\u00e9nement de fin d&#039;ann\u00e9e du secteur retail dans le Benelux, se d\u00e9roulera \u00e0 guichets ferm\u00e9s.\" \/>\n<meta property=\"og:url\" content=\"https:\/\/www.retaildetail.be\/fr\/news\/general\/la-retaildetail-night-accueille-a-guichets-fermes-les-principaux-detaillants-du-benelux\/\" \/>\n<meta property=\"og:site_name\" content=\"RetailDetail BE\" \/>\n<meta property=\"article:published_time\" content=\"2023-11-22T16:19:31+00:00\" \/>\n<meta property=\"article:modified_time\" content=\"2023-11-22T16:19:33+00:00\" \/>\n<meta property=\"og:image\" content=\"https:\/\/www.retaildetail.be\/wp-content\/uploads\/2023\/11\/rd-night-sold-out-23.jpg\" \/>\n\t<meta property=\"og:image:width\" content=\"1052\" \/>\n\t<meta property=\"og:image:height\" content=\"676\" \/>\n\t<meta property=\"og:image:type\" content=\"image\/jpeg\" \/>\n<meta name=\"author\" content=\"Stefan Van Rompaey\" \/>\n<meta name=\"twitter:card\" content=\"summary_large_image\" \/>\n<meta name=\"twitter:label1\" content=\"\u00c9crit par\" \/>\n\t<meta name=\"twitter:data1\" content=\"Stefan Van Rompaey\" \/>\n\t<meta name=\"twitter:label2\" content=\"Dur\u00e9e de lecture estim\u00e9e\" \/>\n\t<meta name=\"twitter:data2\" content=\"2 minutes\" \/>\n<script type=\"application\/ld+json\" class=\"yoast-schema-graph\">{\"@context\":\"https:\\\/\\\/schema.org\",\"@graph\":[{\"@type\":\"NewsArticle\",\"@id\":\"https:\\\/\\\/www.retaildetail.be\\\/fr\\\/news\\\/general\\\/la-retaildetail-night-accueille-a-guichets-fermes-les-principaux-detaillants-du-benelux\\\/#article\",\"isPartOf\":{\"@id\":\"https:\\\/\\\/www.retaildetail.be\\\/fr\\\/news\\\/general\\\/la-retaildetail-night-accueille-a-guichets-fermes-les-principaux-detaillants-du-benelux\\\/\"},\"author\":{\"name\":\"Stefan Van Rompaey\",\"@id\":\"https:\\\/\\\/www.retaildetail.be\\\/nl\\\/#\\\/schema\\\/person\\\/51aec6069c4416aa2f68b2e4ff3455df\"},\"headline\":\"La RetailDetail Night accueille \u00e0 guichets ferm\u00e9s les principaux d\u00e9taillants du Benelux\",\"datePublished\":\"2023-11-22T16:19:31+00:00\",\"dateModified\":\"2023-11-22T16:19:33+00:00\",\"mainEntityOfPage\":{\"@id\":\"https:\\\/\\\/www.retaildetail.be\\\/fr\\\/news\\\/general\\\/la-retaildetail-night-accueille-a-guichets-fermes-les-principaux-detaillants-du-benelux\\\/\"},\"wordCount\":341,\"publisher\":{\"@id\":\"https:\\\/\\\/www.retaildetail.be\\\/nl\\\/#organization\"},\"image\":{\"@id\":\"https:\\\/\\\/www.retaildetail.be\\\/fr\\\/news\\\/general\\\/la-retaildetail-night-accueille-a-guichets-fermes-les-principaux-detaillants-du-benelux\\\/#primaryimage\"},\"thumbnailUrl\":\"https:\\\/\\\/www.retaildetail.be\\\/wp-content\\\/uploads\\\/2023\\\/11\\\/rd-night-sold-out-23.jpg\",\"articleSection\":[\"G\u00e9n\u00e9ral\"],\"inLanguage\":\"fr-FR\",\"copyrightYear\":\"2023\",\"copyrightHolder\":{\"@id\":\"https:\\\/\\\/www.retaildetail.be\\\/#organization\"}},{\"@type\":\"WebPage\",\"@id\":\"https:\\\/\\\/www.retaildetail.be\\\/fr\\\/news\\\/general\\\/la-retaildetail-night-accueille-a-guichets-fermes-les-principaux-detaillants-du-benelux\\\/\",\"url\":\"https:\\\/\\\/www.retaildetail.be\\\/fr\\\/news\\\/general\\\/la-retaildetail-night-accueille-a-guichets-fermes-les-principaux-detaillants-du-benelux\\\/\",\"name\":\"La RetailDetail Night accueille \u00e0 guichets ferm\u00e9s les principaux d\u00e9taillants du Benelux - RetailDetail BE\",\"isPartOf\":{\"@id\":\"https:\\\/\\\/www.retaildetail.be\\\/nl\\\/#website\"},\"primaryImageOfPage\":{\"@id\":\"https:\\\/\\\/www.retaildetail.be\\\/fr\\\/news\\\/general\\\/la-retaildetail-night-accueille-a-guichets-fermes-les-principaux-detaillants-du-benelux\\\/#primaryimage\"},\"image\":{\"@id\":\"https:\\\/\\\/www.retaildetail.be\\\/fr\\\/news\\\/general\\\/la-retaildetail-night-accueille-a-guichets-fermes-les-principaux-detaillants-du-benelux\\\/#primaryimage\"},\"thumbnailUrl\":\"https:\\\/\\\/www.retaildetail.be\\\/wp-content\\\/uploads\\\/2023\\\/11\\\/rd-night-sold-out-23.jpg\",\"datePublished\":\"2023-11-22T16:19:31+00:00\",\"dateModified\":\"2023-11-22T16:19:33+00:00\",\"description\":\"Comme les ann\u00e9es pr\u00e9c\u00e9dentes, la onzi\u00e8me \u00e9dition de la RetailDetail Night, l'\u00e9v\u00e9nement de fin d'ann\u00e9e du secteur retail dans le Benelux, se d\u00e9roulera \u00e0 guichets ferm\u00e9s.\",\"breadcrumb\":{\"@id\":\"https:\\\/\\\/www.retaildetail.be\\\/fr\\\/news\\\/general\\\/la-retaildetail-night-accueille-a-guichets-fermes-les-principaux-detaillants-du-benelux\\\/#breadcrumb\"},\"inLanguage\":\"fr-FR\",\"potentialAction\":[{\"@type\":\"ReadAction\",\"target\":[\"https:\\\/\\\/www.retaildetail.be\\\/fr\\\/news\\\/general\\\/la-retaildetail-night-accueille-a-guichets-fermes-les-principaux-detaillants-du-benelux\\\/\"]}]},{\"@type\":\"ImageObject\",\"inLanguage\":\"fr-FR\",\"@id\":\"https:\\\/\\\/www.retaildetail.be\\\/fr\\\/news\\\/general\\\/la-retaildetail-night-accueille-a-guichets-fermes-les-principaux-detaillants-du-benelux\\\/#primaryimage\",\"url\":\"https:\\\/\\\/www.retaildetail.be\\\/wp-content\\\/uploads\\\/2023\\\/11\\\/rd-night-sold-out-23.jpg\",\"contentUrl\":\"https:\\\/\\\/www.retaildetail.be\\\/wp-content\\\/uploads\\\/2023\\\/11\\\/rd-night-sold-out-23.jpg\",\"width\":1052,\"height\":676},{\"@type\":\"BreadcrumbList\",\"@id\":\"https:\\\/\\\/www.retaildetail.be\\\/fr\\\/news\\\/general\\\/la-retaildetail-night-accueille-a-guichets-fermes-les-principaux-detaillants-du-benelux\\\/#breadcrumb\",\"itemListElement\":[{\"@type\":\"ListItem\",\"position\":1,\"name\":\"Home\",\"item\":\"https:\\\/\\\/www.retaildetail.be\\\/fr\\\/\"},{\"@type\":\"ListItem\",\"position\":2,\"name\":\"La RetailDetail Night accueille \u00e0 guichets ferm\u00e9s les principaux d\u00e9taillants du Benelux\"}]},{\"@type\":\"WebSite\",\"@id\":\"https:\\\/\\\/www.retaildetail.be\\\/nl\\\/#website\",\"url\":\"https:\\\/\\\/www.retaildetail.be\\\/nl\\\/\",\"name\":\"RetailDetail BE\",\"description\":\"News\",\"publisher\":{\"@id\":\"https:\\\/\\\/www.retaildetail.be\\\/nl\\\/#organization\"},\"potentialAction\":[{\"@type\":\"SearchAction\",\"target\":{\"@type\":\"EntryPoint\",\"urlTemplate\":\"https:\\\/\\\/www.retaildetail.be\\\/nl\\\/?s={search_term_string}\"},\"query-input\":{\"@type\":\"PropertyValueSpecification\",\"valueRequired\":true,\"valueName\":\"search_term_string\"}}],\"inLanguage\":\"fr-FR\"},{\"@type\":\"Organization\",\"@id\":\"https:\\\/\\\/www.retaildetail.be\\\/nl\\\/#organization\",\"name\":\"RetailDetail BE\",\"url\":\"https:\\\/\\\/www.retaildetail.be\\\/nl\\\/\",\"logo\":{\"@type\":\"ImageObject\",\"inLanguage\":\"fr-FR\",\"@id\":\"https:\\\/\\\/www.retaildetail.be\\\/nl\\\/#\\\/schema\\\/logo\\\/image\\\/\",\"url\":\"https:\\\/\\\/www.retaildetail.be\\\/wp-content\\\/uploads\\\/2022\\\/04\\\/logo.svg\",\"contentUrl\":\"https:\\\/\\\/www.retaildetail.be\\\/wp-content\\\/uploads\\\/2022\\\/04\\\/logo.svg\",\"width\":131,\"height\":70,\"caption\":\"RetailDetail BE\"},\"image\":{\"@id\":\"https:\\\/\\\/www.retaildetail.be\\\/nl\\\/#\\\/schema\\\/logo\\\/image\\\/\"}},{\"@type\":\"Person\",\"@id\":\"https:\\\/\\\/www.retaildetail.be\\\/nl\\\/#\\\/schema\\\/person\\\/51aec6069c4416aa2f68b2e4ff3455df\",\"name\":\"Stefan Van Rompaey\",\"image\":{\"@type\":\"ImageObject\",\"inLanguage\":\"fr-FR\",\"@id\":\"https:\\\/\\\/secure.gravatar.com\\\/avatar\\\/fbbb4a80a0f109888b2a5ab8ae255617499ecde533749b3ab2fa6c23b5d65dac?s=96&d=mm&r=g\",\"url\":\"https:\\\/\\\/secure.gravatar.com\\\/avatar\\\/fbbb4a80a0f109888b2a5ab8ae255617499ecde533749b3ab2fa6c23b5d65dac?s=96&d=mm&r=g\",\"contentUrl\":\"https:\\\/\\\/secure.gravatar.com\\\/avatar\\\/fbbb4a80a0f109888b2a5ab8ae255617499ecde533749b3ab2fa6c23b5d65dac?s=96&d=mm&r=g\",\"caption\":\"Stefan Van Rompaey\"},\"url\":\"https:\\\/\\\/www.retaildetail.be\\\/fr\\\/author\\\/stefanvanrompaey\\\/\"}]}<\/script>\n<!-- \/ Yoast SEO plugin. -->","yoast_head_json":{"title":"La RetailDetail Night accueille \u00e0 guichets ferm\u00e9s les principaux d\u00e9taillants du Benelux - RetailDetail BE","description":"Comme les ann\u00e9es pr\u00e9c\u00e9dentes, la onzi\u00e8me \u00e9dition de la RetailDetail Night, l'\u00e9v\u00e9nement de fin d'ann\u00e9e du secteur retail dans le Benelux, se d\u00e9roulera \u00e0 guichets ferm\u00e9s.","robots":{"index":"index","follow":"follow","max-snippet":"max-snippet:-1","max-image-preview":"max-image-preview:large","max-video-preview":"max-video-preview:-1"},"canonical":"https:\/\/www.retaildetail.be\/fr\/news\/general\/la-retaildetail-night-accueille-a-guichets-fermes-les-principaux-detaillants-du-benelux\/","og_locale":"fr_FR","og_type":"article","og_title":"La RetailDetail Night accueille \u00e0 guichets ferm\u00e9s les principaux d\u00e9taillants du Benelux - RetailDetail BE","og_description":"Comme les ann\u00e9es pr\u00e9c\u00e9dentes, la onzi\u00e8me \u00e9dition de la RetailDetail Night, l'\u00e9v\u00e9nement de fin d'ann\u00e9e du secteur retail dans le Benelux, se d\u00e9roulera \u00e0 guichets ferm\u00e9s.","og_url":"https:\/\/www.retaildetail.be\/fr\/news\/general\/la-retaildetail-night-accueille-a-guichets-fermes-les-principaux-detaillants-du-benelux\/","og_site_name":"RetailDetail BE","article_published_time":"2023-11-22T16:19:31+00:00","article_modified_time":"2023-11-22T16:19:33+00:00","og_image":[{"width":1052,"height":676,"url":"https:\/\/www.retaildetail.be\/wp-content\/uploads\/2023\/11\/rd-night-sold-out-23.jpg","type":"image\/jpeg"}],"author":"Stefan Van Rompaey","twitter_card":"summary_large_image","twitter_misc":{"\u00c9crit par":"Stefan Van Rompaey","Dur\u00e9e de lecture estim\u00e9e":"2 minutes"},"schema":{"@context":"https:\/\/schema.org","@graph":[{"@type":"NewsArticle","@id":"https:\/\/www.retaildetail.be\/fr\/news\/general\/la-retaildetail-night-accueille-a-guichets-fermes-les-principaux-detaillants-du-benelux\/#article","isPartOf":{"@id":"https:\/\/www.retaildetail.be\/fr\/news\/general\/la-retaildetail-night-accueille-a-guichets-fermes-les-principaux-detaillants-du-benelux\/"},"author":{"name":"Stefan Van Rompaey","@id":"https:\/\/www.retaildetail.be\/nl\/#\/schema\/person\/51aec6069c4416aa2f68b2e4ff3455df"},"headline":"La RetailDetail Night accueille \u00e0 guichets ferm\u00e9s les principaux d\u00e9taillants du Benelux","datePublished":"2023-11-22T16:19:31+00:00","dateModified":"2023-11-22T16:19:33+00:00","mainEntityOfPage":{"@id":"https:\/\/www.retaildetail.be\/fr\/news\/general\/la-retaildetail-night-accueille-a-guichets-fermes-les-principaux-detaillants-du-benelux\/"},"wordCount":341,"publisher":{"@id":"https:\/\/www.retaildetail.be\/nl\/#organization"},"image":{"@id":"https:\/\/www.retaildetail.be\/fr\/news\/general\/la-retaildetail-night-accueille-a-guichets-fermes-les-principaux-detaillants-du-benelux\/#primaryimage"},"thumbnailUrl":"https:\/\/www.retaildetail.be\/wp-content\/uploads\/2023\/11\/rd-night-sold-out-23.jpg","articleSection":["G\u00e9n\u00e9ral"],"inLanguage":"fr-FR","copyrightYear":"2023","copyrightHolder":{"@id":"https:\/\/www.retaildetail.be\/#organization"}},{"@type":"WebPage","@id":"https:\/\/www.retaildetail.be\/fr\/news\/general\/la-retaildetail-night-accueille-a-guichets-fermes-les-principaux-detaillants-du-benelux\/","url":"https:\/\/www.retaildetail.be\/fr\/news\/general\/la-retaildetail-night-accueille-a-guichets-fermes-les-principaux-detaillants-du-benelux\/","name":"La RetailDetail Night accueille \u00e0 guichets ferm\u00e9s les principaux d\u00e9taillants du Benelux - RetailDetail BE","isPartOf":{"@id":"https:\/\/www.retaildetail.be\/nl\/#website"},"primaryImageOfPage":{"@id":"https:\/\/www.retaildetail.be\/fr\/news\/general\/la-retaildetail-night-accueille-a-guichets-fermes-les-principaux-detaillants-du-benelux\/#primaryimage"},"image":{"@id":"https:\/\/www.retaildetail.be\/fr\/news\/general\/la-retaildetail-night-accueille-a-guichets-fermes-les-principaux-detaillants-du-benelux\/#primaryimage"},"thumbnailUrl":"https:\/\/www.retaildetail.be\/wp-content\/uploads\/2023\/11\/rd-night-sold-out-23.jpg","datePublished":"2023-11-22T16:19:31+00:00","dateModified":"2023-11-22T16:19:33+00:00","description":"Comme les ann\u00e9es pr\u00e9c\u00e9dentes, la onzi\u00e8me \u00e9dition de la RetailDetail Night, l'\u00e9v\u00e9nement de fin d'ann\u00e9e du secteur retail dans le Benelux, se d\u00e9roulera \u00e0 guichets ferm\u00e9s.","breadcrumb":{"@id":"https:\/\/www.retaildetail.be\/fr\/news\/general\/la-retaildetail-night-accueille-a-guichets-fermes-les-principaux-detaillants-du-benelux\/#breadcrumb"},"inLanguage":"fr-FR","potentialAction":[{"@type":"ReadAction","target":["https:\/\/www.retaildetail.be\/fr\/news\/general\/la-retaildetail-night-accueille-a-guichets-fermes-les-principaux-detaillants-du-benelux\/"]}]},{"@type":"ImageObject","inLanguage":"fr-FR","@id":"https:\/\/www.retaildetail.be\/fr\/news\/general\/la-retaildetail-night-accueille-a-guichets-fermes-les-principaux-detaillants-du-benelux\/#primaryimage","url":"https:\/\/www.retaildetail.be\/wp-content\/uploads\/2023\/11\/rd-night-sold-out-23.jpg","contentUrl":"https:\/\/www.retaildetail.be\/wp-content\/uploads\/2023\/11\/rd-night-sold-out-23.jpg","width":1052,"height":676},{"@type":"BreadcrumbList","@id":"https:\/\/www.retaildetail.be\/fr\/news\/general\/la-retaildetail-night-accueille-a-guichets-fermes-les-principaux-detaillants-du-benelux\/#breadcrumb","itemListElement":[{"@type":"ListItem","position":1,"name":"Home","item":"https:\/\/www.retaildetail.be\/fr\/"},{"@type":"ListItem","position":2,"name":"La RetailDetail Night accueille \u00e0 guichets ferm\u00e9s les principaux d\u00e9taillants du Benelux"}]},{"@type":"WebSite","@id":"https:\/\/www.retaildetail.be\/nl\/#website","url":"https:\/\/www.retaildetail.be\/nl\/","name":"RetailDetail BE","description":"News","publisher":{"@id":"https:\/\/www.retaildetail.be\/nl\/#organization"},"potentialAction":[{"@type":"SearchAction","target":{"@type":"EntryPoint","urlTemplate":"https:\/\/www.retaildetail.be\/nl\/?s={search_term_string}"},"query-input":{"@type":"PropertyValueSpecification","valueRequired":true,"valueName":"search_term_string"}}],"inLanguage":"fr-FR"},{"@type":"Organization","@id":"https:\/\/www.retaildetail.be\/nl\/#organization","name":"RetailDetail BE","url":"https:\/\/www.retaildetail.be\/nl\/","logo":{"@type":"ImageObject","inLanguage":"fr-FR","@id":"https:\/\/www.retaildetail.be\/nl\/#\/schema\/logo\/image\/","url":"https:\/\/www.retaildetail.be\/wp-content\/uploads\/2022\/04\/logo.svg","contentUrl":"https:\/\/www.retaildetail.be\/wp-content\/uploads\/2022\/04\/logo.svg","width":131,"height":70,"caption":"RetailDetail BE"},"image":{"@id":"https:\/\/www.retaildetail.be\/nl\/#\/schema\/logo\/image\/"}},{"@type":"Person","@id":"https:\/\/www.retaildetail.be\/nl\/#\/schema\/person\/51aec6069c4416aa2f68b2e4ff3455df","name":"Stefan Van Rompaey","image":{"@type":"ImageObject","inLanguage":"fr-FR","@id":"https:\/\/secure.gravatar.com\/avatar\/fbbb4a80a0f109888b2a5ab8ae255617499ecde533749b3ab2fa6c23b5d65dac?s=96&d=mm&r=g","url":"https:\/\/secure.gravatar.com\/avatar\/fbbb4a80a0f109888b2a5ab8ae255617499ecde533749b3ab2fa6c23b5d65dac?s=96&d=mm&r=g","contentUrl":"https:\/\/secure.gravatar.com\/avatar\/fbbb4a80a0f109888b2a5ab8ae255617499ecde533749b3ab2fa6c23b5d65dac?s=96&d=mm&r=g","caption":"Stefan Van Rompaey"},"url":"https:\/\/www.retaildetail.be\/fr\/author\/stefanvanrompaey\/"}]}},"jetpack_featured_media_url":"https:\/\/www.retaildetail.be\/wp-content\/uploads\/2023\/11\/rd-night-sold-out-23.jpg","jetpack_sharing_enabled":true,"_links":{"self":[{"href":"https:\/\/www.retaildetail.be\/fr\/wp-json\/wp\/v2\/posts\/88110","targetHints":{"allow":["GET"]}}],"collection":[{"href":"https:\/\/www.retaildetail.be\/fr\/wp-json\/wp\/v2\/posts"}],"about":[{"href":"https:\/\/www.retaildetail.be\/fr\/wp-json\/wp\/v2\/types\/post"}],"author":[{"embeddable":true,"href":"https:\/\/www.retaildetail.be\/fr\/wp-json\/wp\/v2\/users\/3"}],"replies":[{"embeddable":true,"href":"https:\/\/www.retaildetail.be\/fr\/wp-json\/wp\/v2\/comments?post=88110"}],"version-history":[{"count":1,"href":"https:\/\/www.retaildetail.be\/fr\/wp-json\/wp\/v2\/posts\/88110\/revisions"}],"predecessor-version":[{"id":88111,"href":"https:\/\/www.retaildetail.be\/fr\/wp-json\/wp\/v2\/posts\/88110\/revisions\/88111"}],"wp:featuredmedia":[{"embeddable":true,"href":"https:\/\/www.retaildetail.be\/fr\/wp-json\/wp\/v2\/media\/88108"}],"wp:attachment":[{"href":"https:\/\/www.retaildetail.be\/fr\/wp-json\/wp\/v2\/media?parent=88110"}],"wp:term":[{"taxonomy":"category","embeddable":true,"href":"https:\/\/www.retaildetail.be\/fr\/wp-json\/wp\/v2\/categories?post=88110"},{"taxonomy":"post_tag","embeddable":true,"href":"https:\/\/www.retaildetail.be\/fr\/wp-json\/wp\/v2\/tags?post=88110"},{"taxonomy":"people","embeddable":true,"href":"https:\/\/www.retaildetail.be\/fr\/wp-json\/wp\/v2\/people?post=88110"},{"taxonomy":"extra","embeddable":true,"href":"https:\/\/www.retaildetail.be\/fr\/wp-json\/wp\/v2\/extra?post=88110"},{"taxonomy":"company","embeddable":true,"href":"https:\/\/www.retaildetail.be\/fr\/wp-json\/wp\/v2\/company?post=88110"},{"taxonomy":"topic","embeddable":true,"href":"https:\/\/www.retaildetail.be\/fr\/wp-json\/wp\/v2\/topic?post=88110"},{"taxonomy":"region","embeddable":true,"href":"https:\/\/www.retaildetail.be\/fr\/wp-json\/wp\/v2\/region?post=88110"}],"curies":[{"name":"wp","href":"https:\/\/api.w.org\/{rel}","templated":true}]}}