{"id":88614,"date":"2023-11-29T14:29:38","date_gmt":"2023-11-29T13:29:38","guid":{"rendered":"https:\/\/www.retaildetail.be\/?p=88614"},"modified":"2023-11-30T09:00:51","modified_gmt":"2023-11-30T08:00:51","slug":"voici-le-reportage-photo-de-la-retaildetail-night","status":"publish","type":"post","link":"https:\/\/www.retaildetail.be\/fr\/news\/general\/voici-le-reportage-photo-de-la-retaildetail-night\/","title":{"rendered":"Voici le reportage photo et vid\u00e9o de la RetailDetail Night"},"content":{"rendered":"\n<p>La onzi\u00e8me \u00e9dition de la RetailDetail Night, qui s&rsquo;est d\u00e9roul\u00e9e le 23 novembre au Handelsbeurs d&rsquo;Anvers, a marqu\u00e9 une nouvelle fois la fin en beaut\u00e9 et en f\u00eate d&rsquo;une ann\u00e9e turbulente dans le secteur du retail. Le reportage photo et vid\u00e9o est d\u00e9sormais en ligne.<\/p>\n\n\n\n<h2 class=\"wp-block-heading\">Revivez l&rsquo;\u00e9v\u00e9nement avec 122 photos et 1 vid\u00e9o<\/h2>\n\n\n\n<p>550 professionnels du commerce de d\u00e9tail de Belgique et des Pays-Bas se sont retrouv\u00e9s \u00e0 Anvers le 23 novembre pour la onzi\u00e8me \u00e9dition de la RetailDetail Night. Peu de changements par rapport \u00e0 la formule \u00e0 succ\u00e8s de l&rsquo;ann\u00e9e derni\u00e8re : quatre programmes pr\u00e9liminaires approfondis dans l&rsquo;apr\u00e8s-midi, suivis d&rsquo;un d\u00eener \u00e9l\u00e9gant dans le cadre magnifique du Handelsbeurs, avec des orateurs de premier plan tels que Erwin Van Osta (Hubo), Adgild Hop (Deloitte) et Marit van Egmond (Albert Heijn). Les contacts ont \u00e9t\u00e9 nombreux, tant \u00e0 la table qu&rsquo;apr\u00e8s au bar.<\/p>\n\n\n\n<p>Ceux qui \u00e9taient pr\u00e9sents peuvent encore se rem\u00e9morer l&rsquo;\u00e9v\u00e9nement : vous pouvez voir le reportage photo complet (122 photos !) <a href=\"https:\/\/www.facebook.com\/media\/set\/?set=a.721962596646162&amp;type=3\">sur notre page Facebook<\/a>. Vous pouvez \u00e9galement regarder l&rsquo;aftermovie ci-dessous. Ceux qui ont manqu\u00e9 l&rsquo;\u00e9v\u00e9nement seront rapidement convaincus par ces photos de participer l&rsquo;ann\u00e9e prochaine : la RetailDetail Night 2024 aura lieu le jeudi 21 novembre.<\/p>\n\n\n\n<p>Le prochain \u00e9v\u00e9nement de RetailDetail, le E-Commerce and Omnichannel Congress, aura lieu le mardi 5 mars \u00e0 Anvers. Nous pouvons d&rsquo;ores et d\u00e9j\u00e0 confirmer un premier orateur : Fabio Baum, General Manager Benelux &amp; Nordics chez Zalando. Plus de d\u00e9tails suivront bient\u00f4t sur la page de l&rsquo;\u00e9v\u00e9nement.<\/p>\n\n\n\n<div class=\"wp-block-buttons is-layout-flex wp-block-buttons-is-layout-flex\">\n<div class=\"wp-block-button\"><a class=\"wp-block-button__link has-vivid-red-background-color has-background\" href=\"https:\/\/www.facebook.com\/media\/set\/?set=a.721962596646162&amp;type=3\">Voir le reportage photo de la RetailDetail Night ici<\/a><\/div>\n<\/div>\n\n\n\n<p><\/p>\n\n\n\n<figure class=\"wp-block-embed is-type-video is-provider-youtube wp-block-embed-youtube wp-embed-aspect-16-9 wp-has-aspect-ratio\"><div class=\"wp-block-embed__wrapper\">\n<iframe loading=\"lazy\" title=\"RetailDetail Night 2023: de aftermovie\" width=\"500\" height=\"281\" src=\"https:\/\/www.youtube.com\/embed\/MS_aUq33YAs?feature=oembed\" frameborder=\"0\" allow=\"accelerometer; autoplay; clipboard-write; encrypted-media; gyroscope; picture-in-picture; web-share\" referrerpolicy=\"strict-origin-when-cross-origin\" allowfullscreen><\/iframe>\n<\/div><\/figure>\n","protected":false},"excerpt":{"rendered":"<p>La onzi\u00e8me \u00e9dition de la RetailDetail Night, qui s&rsquo;est d\u00e9roul\u00e9e le 23 novembre au Handelsbeurs d&rsquo;Anvers, a marqu\u00e9 une nouvelle fois la fin en beaut\u00e9 et en f\u00eate d&rsquo;une ann\u00e9e turbulente dans le secteur du retail. Le reportage photo et video est d\u00e9sormais en ligne. <\/p>\n","protected":false},"author":3,"featured_media":88612,"comment_status":"closed","ping_status":"closed","sticky":false,"template":"","format":"standard","meta":{"_acf_changed":false,"inline_featured_image":false,"_jetpack_memberships_contains_paid_content":false,"footnotes":""},"categories":[25],"tags":[],"people":[],"extra":[],"company":[],"topic":[894],"region":[],"class_list":["post-88614","post","type-post","status-publish","format-standard","has-post-thumbnail","hentry","category-general","topic-retaildetail-night"],"acf":[],"yoast_head":"<!-- This site is optimized with the Yoast SEO plugin v27.3 - https:\/\/yoast.com\/product\/yoast-seo-wordpress\/ -->\n<title>Voici le reportage photo et vid\u00e9o de la RetailDetail Night - RetailDetail BE<\/title>\n<meta name=\"description\" content=\"Le reportage photo de la onzi\u00e8me \u00e9dition de la RetailDetail Night, qui s&#039;est d\u00e9roul\u00e9e le 23 novembre au Handelsbeurs d&#039;Anvers, est en ligne.\" \/>\n<meta name=\"robots\" content=\"index, follow, max-snippet:-1, max-image-preview:large, max-video-preview:-1\" \/>\n<link rel=\"canonical\" href=\"https:\/\/www.retaildetail.be\/fr\/news\/general\/voici-le-reportage-photo-de-la-retaildetail-night\/\" \/>\n<meta property=\"og:locale\" content=\"fr_FR\" \/>\n<meta property=\"og:type\" content=\"article\" \/>\n<meta property=\"og:title\" content=\"Voici le reportage photo et vid\u00e9o de la RetailDetail Night - RetailDetail BE\" \/>\n<meta property=\"og:description\" content=\"Le reportage photo de la onzi\u00e8me \u00e9dition de la RetailDetail Night, qui s&#039;est d\u00e9roul\u00e9e le 23 novembre au Handelsbeurs d&#039;Anvers, est en ligne.\" \/>\n<meta property=\"og:url\" content=\"https:\/\/www.retaildetail.be\/fr\/news\/general\/voici-le-reportage-photo-de-la-retaildetail-night\/\" \/>\n<meta property=\"og:site_name\" content=\"RetailDetail BE\" \/>\n<meta property=\"article:published_time\" content=\"2023-11-29T13:29:38+00:00\" \/>\n<meta property=\"article:modified_time\" content=\"2023-11-30T08:00:51+00:00\" \/>\n<meta property=\"og:image\" content=\"https:\/\/www.retaildetail.be\/wp-content\/uploads\/2023\/11\/retaildetail-night-2023-fotoverslag.jpg\" \/>\n\t<meta property=\"og:image:width\" content=\"1447\" \/>\n\t<meta property=\"og:image:height\" content=\"947\" \/>\n\t<meta property=\"og:image:type\" content=\"image\/jpeg\" \/>\n<meta name=\"author\" content=\"Stefan Van Rompaey\" \/>\n<meta name=\"twitter:card\" content=\"summary_large_image\" \/>\n<meta name=\"twitter:label1\" content=\"\u00c9crit par\" \/>\n\t<meta name=\"twitter:data1\" content=\"Stefan Van Rompaey\" \/>\n\t<meta name=\"twitter:label2\" content=\"Dur\u00e9e de lecture estim\u00e9e\" \/>\n\t<meta name=\"twitter:data2\" content=\"2 minutes\" \/>\n<script type=\"application\/ld+json\" class=\"yoast-schema-graph\">{\"@context\":\"https:\\\/\\\/schema.org\",\"@graph\":[{\"@type\":\"NewsArticle\",\"@id\":\"https:\\\/\\\/www.retaildetail.be\\\/fr\\\/news\\\/general\\\/voici-le-reportage-photo-de-la-retaildetail-night\\\/#article\",\"isPartOf\":{\"@id\":\"https:\\\/\\\/www.retaildetail.be\\\/fr\\\/news\\\/general\\\/voici-le-reportage-photo-de-la-retaildetail-night\\\/\"},\"author\":{\"name\":\"Stefan Van Rompaey\",\"@id\":\"https:\\\/\\\/www.retaildetail.be\\\/nl\\\/#\\\/schema\\\/person\\\/51aec6069c4416aa2f68b2e4ff3455df\"},\"headline\":\"Voici le reportage photo et vid\u00e9o de la RetailDetail Night\",\"datePublished\":\"2023-11-29T13:29:38+00:00\",\"dateModified\":\"2023-11-30T08:00:51+00:00\",\"mainEntityOfPage\":{\"@id\":\"https:\\\/\\\/www.retaildetail.be\\\/fr\\\/news\\\/general\\\/voici-le-reportage-photo-de-la-retaildetail-night\\\/\"},\"wordCount\":297,\"publisher\":{\"@id\":\"https:\\\/\\\/www.retaildetail.be\\\/nl\\\/#organization\"},\"image\":{\"@id\":\"https:\\\/\\\/www.retaildetail.be\\\/fr\\\/news\\\/general\\\/voici-le-reportage-photo-de-la-retaildetail-night\\\/#primaryimage\"},\"thumbnailUrl\":\"https:\\\/\\\/www.retaildetail.be\\\/wp-content\\\/uploads\\\/2023\\\/11\\\/retaildetail-night-2023-fotoverslag.jpg\",\"articleSection\":[\"G\u00e9n\u00e9ral\"],\"inLanguage\":\"fr-FR\",\"copyrightYear\":\"2023\",\"copyrightHolder\":{\"@id\":\"https:\\\/\\\/www.retaildetail.be\\\/#organization\"}},{\"@type\":\"WebPage\",\"@id\":\"https:\\\/\\\/www.retaildetail.be\\\/fr\\\/news\\\/general\\\/voici-le-reportage-photo-de-la-retaildetail-night\\\/\",\"url\":\"https:\\\/\\\/www.retaildetail.be\\\/fr\\\/news\\\/general\\\/voici-le-reportage-photo-de-la-retaildetail-night\\\/\",\"name\":\"Voici le reportage photo et vid\u00e9o de la RetailDetail Night - RetailDetail BE\",\"isPartOf\":{\"@id\":\"https:\\\/\\\/www.retaildetail.be\\\/nl\\\/#website\"},\"primaryImageOfPage\":{\"@id\":\"https:\\\/\\\/www.retaildetail.be\\\/fr\\\/news\\\/general\\\/voici-le-reportage-photo-de-la-retaildetail-night\\\/#primaryimage\"},\"image\":{\"@id\":\"https:\\\/\\\/www.retaildetail.be\\\/fr\\\/news\\\/general\\\/voici-le-reportage-photo-de-la-retaildetail-night\\\/#primaryimage\"},\"thumbnailUrl\":\"https:\\\/\\\/www.retaildetail.be\\\/wp-content\\\/uploads\\\/2023\\\/11\\\/retaildetail-night-2023-fotoverslag.jpg\",\"datePublished\":\"2023-11-29T13:29:38+00:00\",\"dateModified\":\"2023-11-30T08:00:51+00:00\",\"description\":\"Le reportage photo de la onzi\u00e8me \u00e9dition de la RetailDetail Night, qui s'est d\u00e9roul\u00e9e le 23 novembre au Handelsbeurs d'Anvers, est en ligne.\",\"breadcrumb\":{\"@id\":\"https:\\\/\\\/www.retaildetail.be\\\/fr\\\/news\\\/general\\\/voici-le-reportage-photo-de-la-retaildetail-night\\\/#breadcrumb\"},\"inLanguage\":\"fr-FR\",\"potentialAction\":[{\"@type\":\"ReadAction\",\"target\":[\"https:\\\/\\\/www.retaildetail.be\\\/fr\\\/news\\\/general\\\/voici-le-reportage-photo-de-la-retaildetail-night\\\/\"]}]},{\"@type\":\"ImageObject\",\"inLanguage\":\"fr-FR\",\"@id\":\"https:\\\/\\\/www.retaildetail.be\\\/fr\\\/news\\\/general\\\/voici-le-reportage-photo-de-la-retaildetail-night\\\/#primaryimage\",\"url\":\"https:\\\/\\\/www.retaildetail.be\\\/wp-content\\\/uploads\\\/2023\\\/11\\\/retaildetail-night-2023-fotoverslag.jpg\",\"contentUrl\":\"https:\\\/\\\/www.retaildetail.be\\\/wp-content\\\/uploads\\\/2023\\\/11\\\/retaildetail-night-2023-fotoverslag.jpg\",\"width\":1447,\"height\":947},{\"@type\":\"BreadcrumbList\",\"@id\":\"https:\\\/\\\/www.retaildetail.be\\\/fr\\\/news\\\/general\\\/voici-le-reportage-photo-de-la-retaildetail-night\\\/#breadcrumb\",\"itemListElement\":[{\"@type\":\"ListItem\",\"position\":1,\"name\":\"Home\",\"item\":\"https:\\\/\\\/www.retaildetail.be\\\/fr\\\/\"},{\"@type\":\"ListItem\",\"position\":2,\"name\":\"Voici le reportage photo et vid\u00e9o de la RetailDetail Night\"}]},{\"@type\":\"WebSite\",\"@id\":\"https:\\\/\\\/www.retaildetail.be\\\/nl\\\/#website\",\"url\":\"https:\\\/\\\/www.retaildetail.be\\\/nl\\\/\",\"name\":\"RetailDetail BE\",\"description\":\"News\",\"publisher\":{\"@id\":\"https:\\\/\\\/www.retaildetail.be\\\/nl\\\/#organization\"},\"potentialAction\":[{\"@type\":\"SearchAction\",\"target\":{\"@type\":\"EntryPoint\",\"urlTemplate\":\"https:\\\/\\\/www.retaildetail.be\\\/nl\\\/?s={search_term_string}\"},\"query-input\":{\"@type\":\"PropertyValueSpecification\",\"valueRequired\":true,\"valueName\":\"search_term_string\"}}],\"inLanguage\":\"fr-FR\"},{\"@type\":\"Organization\",\"@id\":\"https:\\\/\\\/www.retaildetail.be\\\/nl\\\/#organization\",\"name\":\"RetailDetail BE\",\"url\":\"https:\\\/\\\/www.retaildetail.be\\\/nl\\\/\",\"logo\":{\"@type\":\"ImageObject\",\"inLanguage\":\"fr-FR\",\"@id\":\"https:\\\/\\\/www.retaildetail.be\\\/nl\\\/#\\\/schema\\\/logo\\\/image\\\/\",\"url\":\"https:\\\/\\\/www.retaildetail.be\\\/wp-content\\\/uploads\\\/2022\\\/04\\\/logo.svg\",\"contentUrl\":\"https:\\\/\\\/www.retaildetail.be\\\/wp-content\\\/uploads\\\/2022\\\/04\\\/logo.svg\",\"width\":131,\"height\":70,\"caption\":\"RetailDetail BE\"},\"image\":{\"@id\":\"https:\\\/\\\/www.retaildetail.be\\\/nl\\\/#\\\/schema\\\/logo\\\/image\\\/\"}},{\"@type\":\"Person\",\"@id\":\"https:\\\/\\\/www.retaildetail.be\\\/nl\\\/#\\\/schema\\\/person\\\/51aec6069c4416aa2f68b2e4ff3455df\",\"name\":\"Stefan Van Rompaey\",\"image\":{\"@type\":\"ImageObject\",\"inLanguage\":\"fr-FR\",\"@id\":\"https:\\\/\\\/secure.gravatar.com\\\/avatar\\\/fbbb4a80a0f109888b2a5ab8ae255617499ecde533749b3ab2fa6c23b5d65dac?s=96&d=mm&r=g\",\"url\":\"https:\\\/\\\/secure.gravatar.com\\\/avatar\\\/fbbb4a80a0f109888b2a5ab8ae255617499ecde533749b3ab2fa6c23b5d65dac?s=96&d=mm&r=g\",\"contentUrl\":\"https:\\\/\\\/secure.gravatar.com\\\/avatar\\\/fbbb4a80a0f109888b2a5ab8ae255617499ecde533749b3ab2fa6c23b5d65dac?s=96&d=mm&r=g\",\"caption\":\"Stefan Van Rompaey\"},\"url\":\"https:\\\/\\\/www.retaildetail.be\\\/fr\\\/author\\\/stefanvanrompaey\\\/\"}]}<\/script>\n<!-- \/ Yoast SEO plugin. -->","yoast_head_json":{"title":"Voici le reportage photo et vid\u00e9o de la RetailDetail Night - RetailDetail BE","description":"Le reportage photo de la onzi\u00e8me \u00e9dition de la RetailDetail Night, qui s'est d\u00e9roul\u00e9e le 23 novembre au Handelsbeurs d'Anvers, est en ligne.","robots":{"index":"index","follow":"follow","max-snippet":"max-snippet:-1","max-image-preview":"max-image-preview:large","max-video-preview":"max-video-preview:-1"},"canonical":"https:\/\/www.retaildetail.be\/fr\/news\/general\/voici-le-reportage-photo-de-la-retaildetail-night\/","og_locale":"fr_FR","og_type":"article","og_title":"Voici le reportage photo et vid\u00e9o de la RetailDetail Night - RetailDetail BE","og_description":"Le reportage photo de la onzi\u00e8me \u00e9dition de la RetailDetail Night, qui s'est d\u00e9roul\u00e9e le 23 novembre au Handelsbeurs d'Anvers, est en ligne.","og_url":"https:\/\/www.retaildetail.be\/fr\/news\/general\/voici-le-reportage-photo-de-la-retaildetail-night\/","og_site_name":"RetailDetail BE","article_published_time":"2023-11-29T13:29:38+00:00","article_modified_time":"2023-11-30T08:00:51+00:00","og_image":[{"width":1447,"height":947,"url":"https:\/\/www.retaildetail.be\/wp-content\/uploads\/2023\/11\/retaildetail-night-2023-fotoverslag.jpg","type":"image\/jpeg"}],"author":"Stefan Van Rompaey","twitter_card":"summary_large_image","twitter_misc":{"\u00c9crit par":"Stefan Van Rompaey","Dur\u00e9e de lecture estim\u00e9e":"2 minutes"},"schema":{"@context":"https:\/\/schema.org","@graph":[{"@type":"NewsArticle","@id":"https:\/\/www.retaildetail.be\/fr\/news\/general\/voici-le-reportage-photo-de-la-retaildetail-night\/#article","isPartOf":{"@id":"https:\/\/www.retaildetail.be\/fr\/news\/general\/voici-le-reportage-photo-de-la-retaildetail-night\/"},"author":{"name":"Stefan Van Rompaey","@id":"https:\/\/www.retaildetail.be\/nl\/#\/schema\/person\/51aec6069c4416aa2f68b2e4ff3455df"},"headline":"Voici le reportage photo et vid\u00e9o de la RetailDetail Night","datePublished":"2023-11-29T13:29:38+00:00","dateModified":"2023-11-30T08:00:51+00:00","mainEntityOfPage":{"@id":"https:\/\/www.retaildetail.be\/fr\/news\/general\/voici-le-reportage-photo-de-la-retaildetail-night\/"},"wordCount":297,"publisher":{"@id":"https:\/\/www.retaildetail.be\/nl\/#organization"},"image":{"@id":"https:\/\/www.retaildetail.be\/fr\/news\/general\/voici-le-reportage-photo-de-la-retaildetail-night\/#primaryimage"},"thumbnailUrl":"https:\/\/www.retaildetail.be\/wp-content\/uploads\/2023\/11\/retaildetail-night-2023-fotoverslag.jpg","articleSection":["G\u00e9n\u00e9ral"],"inLanguage":"fr-FR","copyrightYear":"2023","copyrightHolder":{"@id":"https:\/\/www.retaildetail.be\/#organization"}},{"@type":"WebPage","@id":"https:\/\/www.retaildetail.be\/fr\/news\/general\/voici-le-reportage-photo-de-la-retaildetail-night\/","url":"https:\/\/www.retaildetail.be\/fr\/news\/general\/voici-le-reportage-photo-de-la-retaildetail-night\/","name":"Voici le reportage photo et vid\u00e9o de la RetailDetail Night - RetailDetail BE","isPartOf":{"@id":"https:\/\/www.retaildetail.be\/nl\/#website"},"primaryImageOfPage":{"@id":"https:\/\/www.retaildetail.be\/fr\/news\/general\/voici-le-reportage-photo-de-la-retaildetail-night\/#primaryimage"},"image":{"@id":"https:\/\/www.retaildetail.be\/fr\/news\/general\/voici-le-reportage-photo-de-la-retaildetail-night\/#primaryimage"},"thumbnailUrl":"https:\/\/www.retaildetail.be\/wp-content\/uploads\/2023\/11\/retaildetail-night-2023-fotoverslag.jpg","datePublished":"2023-11-29T13:29:38+00:00","dateModified":"2023-11-30T08:00:51+00:00","description":"Le reportage photo de la onzi\u00e8me \u00e9dition de la RetailDetail Night, qui s'est d\u00e9roul\u00e9e le 23 novembre au Handelsbeurs d'Anvers, est en ligne.","breadcrumb":{"@id":"https:\/\/www.retaildetail.be\/fr\/news\/general\/voici-le-reportage-photo-de-la-retaildetail-night\/#breadcrumb"},"inLanguage":"fr-FR","potentialAction":[{"@type":"ReadAction","target":["https:\/\/www.retaildetail.be\/fr\/news\/general\/voici-le-reportage-photo-de-la-retaildetail-night\/"]}]},{"@type":"ImageObject","inLanguage":"fr-FR","@id":"https:\/\/www.retaildetail.be\/fr\/news\/general\/voici-le-reportage-photo-de-la-retaildetail-night\/#primaryimage","url":"https:\/\/www.retaildetail.be\/wp-content\/uploads\/2023\/11\/retaildetail-night-2023-fotoverslag.jpg","contentUrl":"https:\/\/www.retaildetail.be\/wp-content\/uploads\/2023\/11\/retaildetail-night-2023-fotoverslag.jpg","width":1447,"height":947},{"@type":"BreadcrumbList","@id":"https:\/\/www.retaildetail.be\/fr\/news\/general\/voici-le-reportage-photo-de-la-retaildetail-night\/#breadcrumb","itemListElement":[{"@type":"ListItem","position":1,"name":"Home","item":"https:\/\/www.retaildetail.be\/fr\/"},{"@type":"ListItem","position":2,"name":"Voici le reportage photo et vid\u00e9o de la RetailDetail Night"}]},{"@type":"WebSite","@id":"https:\/\/www.retaildetail.be\/nl\/#website","url":"https:\/\/www.retaildetail.be\/nl\/","name":"RetailDetail BE","description":"News","publisher":{"@id":"https:\/\/www.retaildetail.be\/nl\/#organization"},"potentialAction":[{"@type":"SearchAction","target":{"@type":"EntryPoint","urlTemplate":"https:\/\/www.retaildetail.be\/nl\/?s={search_term_string}"},"query-input":{"@type":"PropertyValueSpecification","valueRequired":true,"valueName":"search_term_string"}}],"inLanguage":"fr-FR"},{"@type":"Organization","@id":"https:\/\/www.retaildetail.be\/nl\/#organization","name":"RetailDetail BE","url":"https:\/\/www.retaildetail.be\/nl\/","logo":{"@type":"ImageObject","inLanguage":"fr-FR","@id":"https:\/\/www.retaildetail.be\/nl\/#\/schema\/logo\/image\/","url":"https:\/\/www.retaildetail.be\/wp-content\/uploads\/2022\/04\/logo.svg","contentUrl":"https:\/\/www.retaildetail.be\/wp-content\/uploads\/2022\/04\/logo.svg","width":131,"height":70,"caption":"RetailDetail BE"},"image":{"@id":"https:\/\/www.retaildetail.be\/nl\/#\/schema\/logo\/image\/"}},{"@type":"Person","@id":"https:\/\/www.retaildetail.be\/nl\/#\/schema\/person\/51aec6069c4416aa2f68b2e4ff3455df","name":"Stefan Van Rompaey","image":{"@type":"ImageObject","inLanguage":"fr-FR","@id":"https:\/\/secure.gravatar.com\/avatar\/fbbb4a80a0f109888b2a5ab8ae255617499ecde533749b3ab2fa6c23b5d65dac?s=96&d=mm&r=g","url":"https:\/\/secure.gravatar.com\/avatar\/fbbb4a80a0f109888b2a5ab8ae255617499ecde533749b3ab2fa6c23b5d65dac?s=96&d=mm&r=g","contentUrl":"https:\/\/secure.gravatar.com\/avatar\/fbbb4a80a0f109888b2a5ab8ae255617499ecde533749b3ab2fa6c23b5d65dac?s=96&d=mm&r=g","caption":"Stefan Van Rompaey"},"url":"https:\/\/www.retaildetail.be\/fr\/author\/stefanvanrompaey\/"}]}},"jetpack_featured_media_url":"https:\/\/www.retaildetail.be\/wp-content\/uploads\/2023\/11\/retaildetail-night-2023-fotoverslag.jpg","jetpack_sharing_enabled":true,"_links":{"self":[{"href":"https:\/\/www.retaildetail.be\/fr\/wp-json\/wp\/v2\/posts\/88614","targetHints":{"allow":["GET"]}}],"collection":[{"href":"https:\/\/www.retaildetail.be\/fr\/wp-json\/wp\/v2\/posts"}],"about":[{"href":"https:\/\/www.retaildetail.be\/fr\/wp-json\/wp\/v2\/types\/post"}],"author":[{"embeddable":true,"href":"https:\/\/www.retaildetail.be\/fr\/wp-json\/wp\/v2\/users\/3"}],"replies":[{"embeddable":true,"href":"https:\/\/www.retaildetail.be\/fr\/wp-json\/wp\/v2\/comments?post=88614"}],"version-history":[{"count":3,"href":"https:\/\/www.retaildetail.be\/fr\/wp-json\/wp\/v2\/posts\/88614\/revisions"}],"predecessor-version":[{"id":88657,"href":"https:\/\/www.retaildetail.be\/fr\/wp-json\/wp\/v2\/posts\/88614\/revisions\/88657"}],"wp:featuredmedia":[{"embeddable":true,"href":"https:\/\/www.retaildetail.be\/fr\/wp-json\/wp\/v2\/media\/88612"}],"wp:attachment":[{"href":"https:\/\/www.retaildetail.be\/fr\/wp-json\/wp\/v2\/media?parent=88614"}],"wp:term":[{"taxonomy":"category","embeddable":true,"href":"https:\/\/www.retaildetail.be\/fr\/wp-json\/wp\/v2\/categories?post=88614"},{"taxonomy":"post_tag","embeddable":true,"href":"https:\/\/www.retaildetail.be\/fr\/wp-json\/wp\/v2\/tags?post=88614"},{"taxonomy":"people","embeddable":true,"href":"https:\/\/www.retaildetail.be\/fr\/wp-json\/wp\/v2\/people?post=88614"},{"taxonomy":"extra","embeddable":true,"href":"https:\/\/www.retaildetail.be\/fr\/wp-json\/wp\/v2\/extra?post=88614"},{"taxonomy":"company","embeddable":true,"href":"https:\/\/www.retaildetail.be\/fr\/wp-json\/wp\/v2\/company?post=88614"},{"taxonomy":"topic","embeddable":true,"href":"https:\/\/www.retaildetail.be\/fr\/wp-json\/wp\/v2\/topic?post=88614"},{"taxonomy":"region","embeddable":true,"href":"https:\/\/www.retaildetail.be\/fr\/wp-json\/wp\/v2\/region?post=88614"}],"curies":[{"name":"wp","href":"https:\/\/api.w.org\/{rel}","templated":true}]}}