{"id":90282,"date":"2023-12-29T10:58:54","date_gmt":"2023-12-29T09:58:54","guid":{"rendered":"https:\/\/www.retaildetail.be\/?p=90282"},"modified":"2023-12-29T10:58:57","modified_gmt":"2023-12-29T09:58:57","slug":"signa-linsolvabilite-de-ses-societes-immobilieres","status":"publish","type":"post","link":"https:\/\/www.retaildetail.be\/fr\/news\/general\/signa-linsolvabilite-de-ses-societes-immobilieres\/","title":{"rendered":"Signa demande l&rsquo;insolvabilit\u00e9 de ses soci\u00e9t\u00e9s immobili\u00e8res"},"content":{"rendered":"\n<p>Les soci\u00e9t\u00e9s immobili\u00e8res du groupe <strong>Signa <\/strong>de Ren\u00e9 Benko entament une proc\u00e9dure d&rsquo;insolvabilit\u00e9. Il s&rsquo;agit notamment des biens immobiliers de <strong>Galeria <\/strong>et de l&rsquo;immeuble <strong>KaDeWe <\/strong>\u00e0 Berlin. La branche retail est insolvable depuis un certain temps.<\/p>\n\n\n\n<h2 class=\"wp-block-heading\">11 milliards d&rsquo;euros de dettes<\/h2>\n\n\n\n<p>Apr\u00e8s que l&#8217;empire immobilier de l&rsquo;Autrichien Benko a connu cet automne d&rsquo;importants probl\u00e8mes de liquidit\u00e9s, les diff\u00e9rentes parties de Signa d\u00e9posent l&rsquo;une apr\u00e8s l&rsquo;autre une demande d&rsquo;insolvabilit\u00e9. Jeudi, c&rsquo;\u00e9tait au tour de Signa Prime, qui poss\u00e8de un important portefeuille de biens immobiliers commerciaux. Les propri\u00e9t\u00e9s de la cha\u00eene de grands magasins Galeria Karstadt Kaufhof et de l&rsquo;ic\u00f4ne berlinoise KaDeWe en sont quelques exemples.<\/p>\n\n\n\n<p>Signa Prime poss\u00e9derait quelque 20,5 milliards d&rsquo;euros de biens immobiliers, mais sa dette s&rsquo;\u00e9l\u00e8ve \u00e0 11 milliards d&rsquo;euros. \u00ab\u00a0Malgr\u00e9 les efforts consid\u00e9rables d\u00e9ploy\u00e9s ces derni\u00e8res semaines, les liquidit\u00e9s n\u00e9cessaires \u00e0 une restructuration extrajudiciaire n&rsquo;ont pas pu \u00eatre obtenues dans une mesure suffisante\u00a0\u00bb, a d\u00e9clar\u00e9 le PDG Erhard Grossnigg, qui souhaite rechercher des solutions \u00e0 long terme gr\u00e2ce \u00e0 la proc\u00e9dure d&rsquo;insolvabilit\u00e9.<\/p>\n\n\n\n<h2 class=\"wp-block-heading\">La branche Galeria d\u00e9j\u00e0 insolvable<\/h2>\n\n\n\n<p>Vendredi, Signa Development d\u00e9posera \u00e9galement une demande de mise en redressement judiciaire. Cette filiale repr\u00e9sente 4,6 milliards d&rsquo;euros et, comme le reste du groupe, esp\u00e8re poursuivre ses activit\u00e9s sous sa propre direction en se restructurant.<\/p>\n\n\n\n<p>Signa Retail, propri\u00e9taire de la cha\u00eene de grands magasins Galeria (et donc indirectement de la soci\u00e9t\u00e9 belge <strong>Inno<\/strong>), a demand\u00e9 son placement en insolvabilit\u00e9 plus t\u00f4t. Cette soci\u00e9t\u00e9 sera liquid\u00e9e, ce qui mettra probablement Galeria sur la sellette. Toutefois, la cha\u00eene a d\u00e9j\u00e0 r\u00e9duit de moiti\u00e9 sa surface l&rsquo;ann\u00e9e derni\u00e8re \u00e0 la suite de probl\u00e8mes financiers persistants. Galeria a \u00e9galement d\u00e9j\u00e0 mis en vente Inno cet automne, mais il semblerait que cette cha\u00eene reste en dehors du tableau pour le moment.<\/p>\n","protected":false},"excerpt":{"rendered":"<p>Les soci\u00e9t\u00e9s immobili\u00e8res du groupe Signa de Ren\u00e9 Benko entament une proc\u00e9dure d&rsquo;insolvabilit\u00e9. Il s&rsquo;agit notamment des biens immobiliers de Galeria et de l&rsquo;immeuble KaDeWe \u00e0 Berlin. La branche retail est insolvable depuis un certain temps.<\/p>\n","protected":false},"author":5,"featured_media":90248,"comment_status":"closed","ping_status":"closed","sticky":false,"template":"","format":"standard","meta":{"_acf_changed":false,"inline_featured_image":false,"_jetpack_memberships_contains_paid_content":false,"footnotes":""},"categories":[25],"tags":[],"people":[],"extra":[],"company":[469],"topic":[1085,591],"region":[],"class_list":["post-90282","post","type-post","status-publish","format-standard","has-post-thumbnail","hentry","category-general","company-galeria","topic-faillite","topic-immobilier"],"acf":[],"yoast_head":"<!-- This site is optimized with the Yoast SEO plugin v27.3 - https:\/\/yoast.com\/product\/yoast-seo-wordpress\/ -->\n<title>Signa demande l&#039;insolvabilit\u00e9 de ses soci\u00e9t\u00e9s immobili\u00e8res - RetailDetail BE<\/title>\n<meta name=\"description\" content=\"Les soci\u00e9t\u00e9s immobili\u00e8res du groupe Signa entament une proc\u00e9dure d&#039;insolvabilit\u00e9. Il s&#039;agit notamment des biens immobiliers de Galeria.\" \/>\n<meta name=\"robots\" content=\"index, follow, max-snippet:-1, max-image-preview:large, max-video-preview:-1\" \/>\n<link rel=\"canonical\" href=\"https:\/\/www.retaildetail.be\/fr\/news\/general\/signa-linsolvabilite-de-ses-societes-immobilieres\/\" \/>\n<meta property=\"og:locale\" content=\"fr_FR\" \/>\n<meta property=\"og:type\" content=\"article\" \/>\n<meta property=\"og:title\" content=\"Signa demande l&#039;insolvabilit\u00e9 de ses soci\u00e9t\u00e9s immobili\u00e8res - RetailDetail BE\" \/>\n<meta property=\"og:description\" content=\"Les soci\u00e9t\u00e9s immobili\u00e8res du groupe Signa entament une proc\u00e9dure d&#039;insolvabilit\u00e9. Il s&#039;agit notamment des biens immobiliers de Galeria.\" \/>\n<meta property=\"og:url\" content=\"https:\/\/www.retaildetail.be\/fr\/news\/general\/signa-linsolvabilite-de-ses-societes-immobilieres\/\" \/>\n<meta property=\"og:site_name\" content=\"RetailDetail BE\" \/>\n<meta property=\"article:published_time\" content=\"2023-12-29T09:58:54+00:00\" \/>\n<meta property=\"article:modified_time\" content=\"2023-12-29T09:58:57+00:00\" \/>\n<meta property=\"og:image\" content=\"https:\/\/www.retaildetail.be\/wp-content\/uploads\/2023\/12\/shutterstock_2023298846.jpg\" \/>\n\t<meta property=\"og:image:width\" content=\"1000\" \/>\n\t<meta property=\"og:image:height\" content=\"667\" \/>\n\t<meta property=\"og:image:type\" content=\"image\/jpeg\" \/>\n<meta name=\"author\" content=\"Pauline Neerman\" \/>\n<meta name=\"twitter:card\" content=\"summary_large_image\" \/>\n<meta name=\"twitter:label1\" content=\"\u00c9crit par\" \/>\n\t<meta name=\"twitter:data1\" content=\"Pauline Neerman\" \/>\n\t<meta name=\"twitter:label2\" content=\"Dur\u00e9e de lecture estim\u00e9e\" \/>\n\t<meta name=\"twitter:data2\" content=\"2 minutes\" \/>\n<script type=\"application\/ld+json\" class=\"yoast-schema-graph\">{\"@context\":\"https:\\\/\\\/schema.org\",\"@graph\":[{\"@type\":\"NewsArticle\",\"@id\":\"https:\\\/\\\/www.retaildetail.be\\\/fr\\\/news\\\/general\\\/signa-linsolvabilite-de-ses-societes-immobilieres\\\/#article\",\"isPartOf\":{\"@id\":\"https:\\\/\\\/www.retaildetail.be\\\/fr\\\/news\\\/general\\\/signa-linsolvabilite-de-ses-societes-immobilieres\\\/\"},\"author\":{\"name\":\"Pauline Neerman\",\"@id\":\"https:\\\/\\\/www.retaildetail.be\\\/nl\\\/#\\\/schema\\\/person\\\/66b54803fa10759039079458ea89e307\"},\"headline\":\"Signa demande l&rsquo;insolvabilit\u00e9 de ses soci\u00e9t\u00e9s immobili\u00e8res\",\"datePublished\":\"2023-12-29T09:58:54+00:00\",\"dateModified\":\"2023-12-29T09:58:57+00:00\",\"mainEntityOfPage\":{\"@id\":\"https:\\\/\\\/www.retaildetail.be\\\/fr\\\/news\\\/general\\\/signa-linsolvabilite-de-ses-societes-immobilieres\\\/\"},\"wordCount\":351,\"publisher\":{\"@id\":\"https:\\\/\\\/www.retaildetail.be\\\/nl\\\/#organization\"},\"image\":{\"@id\":\"https:\\\/\\\/www.retaildetail.be\\\/fr\\\/news\\\/general\\\/signa-linsolvabilite-de-ses-societes-immobilieres\\\/#primaryimage\"},\"thumbnailUrl\":\"https:\\\/\\\/www.retaildetail.be\\\/wp-content\\\/uploads\\\/2023\\\/12\\\/shutterstock_2023298846.jpg\",\"articleSection\":[\"G\u00e9n\u00e9ral\"],\"inLanguage\":\"fr-FR\",\"copyrightYear\":\"2023\",\"copyrightHolder\":{\"@id\":\"https:\\\/\\\/www.retaildetail.be\\\/#organization\"}},{\"@type\":\"WebPage\",\"@id\":\"https:\\\/\\\/www.retaildetail.be\\\/fr\\\/news\\\/general\\\/signa-linsolvabilite-de-ses-societes-immobilieres\\\/\",\"url\":\"https:\\\/\\\/www.retaildetail.be\\\/fr\\\/news\\\/general\\\/signa-linsolvabilite-de-ses-societes-immobilieres\\\/\",\"name\":\"Signa demande l'insolvabilit\u00e9 de ses soci\u00e9t\u00e9s immobili\u00e8res - RetailDetail BE\",\"isPartOf\":{\"@id\":\"https:\\\/\\\/www.retaildetail.be\\\/nl\\\/#website\"},\"primaryImageOfPage\":{\"@id\":\"https:\\\/\\\/www.retaildetail.be\\\/fr\\\/news\\\/general\\\/signa-linsolvabilite-de-ses-societes-immobilieres\\\/#primaryimage\"},\"image\":{\"@id\":\"https:\\\/\\\/www.retaildetail.be\\\/fr\\\/news\\\/general\\\/signa-linsolvabilite-de-ses-societes-immobilieres\\\/#primaryimage\"},\"thumbnailUrl\":\"https:\\\/\\\/www.retaildetail.be\\\/wp-content\\\/uploads\\\/2023\\\/12\\\/shutterstock_2023298846.jpg\",\"datePublished\":\"2023-12-29T09:58:54+00:00\",\"dateModified\":\"2023-12-29T09:58:57+00:00\",\"description\":\"Les soci\u00e9t\u00e9s immobili\u00e8res du groupe Signa entament une proc\u00e9dure d'insolvabilit\u00e9. Il s'agit notamment des biens immobiliers de Galeria.\",\"breadcrumb\":{\"@id\":\"https:\\\/\\\/www.retaildetail.be\\\/fr\\\/news\\\/general\\\/signa-linsolvabilite-de-ses-societes-immobilieres\\\/#breadcrumb\"},\"inLanguage\":\"fr-FR\",\"potentialAction\":[{\"@type\":\"ReadAction\",\"target\":[\"https:\\\/\\\/www.retaildetail.be\\\/fr\\\/news\\\/general\\\/signa-linsolvabilite-de-ses-societes-immobilieres\\\/\"]}]},{\"@type\":\"ImageObject\",\"inLanguage\":\"fr-FR\",\"@id\":\"https:\\\/\\\/www.retaildetail.be\\\/fr\\\/news\\\/general\\\/signa-linsolvabilite-de-ses-societes-immobilieres\\\/#primaryimage\",\"url\":\"https:\\\/\\\/www.retaildetail.be\\\/wp-content\\\/uploads\\\/2023\\\/12\\\/shutterstock_2023298846.jpg\",\"contentUrl\":\"https:\\\/\\\/www.retaildetail.be\\\/wp-content\\\/uploads\\\/2023\\\/12\\\/shutterstock_2023298846.jpg\",\"width\":1000,\"height\":667,\"caption\":\"1take1shot \\\/ Shutterstock.com\"},{\"@type\":\"BreadcrumbList\",\"@id\":\"https:\\\/\\\/www.retaildetail.be\\\/fr\\\/news\\\/general\\\/signa-linsolvabilite-de-ses-societes-immobilieres\\\/#breadcrumb\",\"itemListElement\":[{\"@type\":\"ListItem\",\"position\":1,\"name\":\"Home\",\"item\":\"https:\\\/\\\/www.retaildetail.be\\\/fr\\\/\"},{\"@type\":\"ListItem\",\"position\":2,\"name\":\"Signa demande l&#8217;insolvabilit\u00e9 de ses soci\u00e9t\u00e9s immobili\u00e8res\"}]},{\"@type\":\"WebSite\",\"@id\":\"https:\\\/\\\/www.retaildetail.be\\\/nl\\\/#website\",\"url\":\"https:\\\/\\\/www.retaildetail.be\\\/nl\\\/\",\"name\":\"RetailDetail BE\",\"description\":\"News\",\"publisher\":{\"@id\":\"https:\\\/\\\/www.retaildetail.be\\\/nl\\\/#organization\"},\"potentialAction\":[{\"@type\":\"SearchAction\",\"target\":{\"@type\":\"EntryPoint\",\"urlTemplate\":\"https:\\\/\\\/www.retaildetail.be\\\/nl\\\/?s={search_term_string}\"},\"query-input\":{\"@type\":\"PropertyValueSpecification\",\"valueRequired\":true,\"valueName\":\"search_term_string\"}}],\"inLanguage\":\"fr-FR\"},{\"@type\":\"Organization\",\"@id\":\"https:\\\/\\\/www.retaildetail.be\\\/nl\\\/#organization\",\"name\":\"RetailDetail BE\",\"url\":\"https:\\\/\\\/www.retaildetail.be\\\/nl\\\/\",\"logo\":{\"@type\":\"ImageObject\",\"inLanguage\":\"fr-FR\",\"@id\":\"https:\\\/\\\/www.retaildetail.be\\\/nl\\\/#\\\/schema\\\/logo\\\/image\\\/\",\"url\":\"https:\\\/\\\/www.retaildetail.be\\\/wp-content\\\/uploads\\\/2022\\\/04\\\/logo.svg\",\"contentUrl\":\"https:\\\/\\\/www.retaildetail.be\\\/wp-content\\\/uploads\\\/2022\\\/04\\\/logo.svg\",\"width\":131,\"height\":70,\"caption\":\"RetailDetail BE\"},\"image\":{\"@id\":\"https:\\\/\\\/www.retaildetail.be\\\/nl\\\/#\\\/schema\\\/logo\\\/image\\\/\"}},{\"@type\":\"Person\",\"@id\":\"https:\\\/\\\/www.retaildetail.be\\\/nl\\\/#\\\/schema\\\/person\\\/66b54803fa10759039079458ea89e307\",\"name\":\"Pauline Neerman\",\"image\":{\"@type\":\"ImageObject\",\"inLanguage\":\"fr-FR\",\"@id\":\"https:\\\/\\\/secure.gravatar.com\\\/avatar\\\/58db22aee589a691f9603e5765ac06010427a923f9b2728b951eb7fe27214d70?s=96&d=mm&r=g\",\"url\":\"https:\\\/\\\/secure.gravatar.com\\\/avatar\\\/58db22aee589a691f9603e5765ac06010427a923f9b2728b951eb7fe27214d70?s=96&d=mm&r=g\",\"contentUrl\":\"https:\\\/\\\/secure.gravatar.com\\\/avatar\\\/58db22aee589a691f9603e5765ac06010427a923f9b2728b951eb7fe27214d70?s=96&d=mm&r=g\",\"caption\":\"Pauline Neerman\"},\"url\":\"https:\\\/\\\/www.retaildetail.be\\\/fr\\\/author\\\/paulineneerman\\\/\"}]}<\/script>\n<!-- \/ Yoast SEO plugin. -->","yoast_head_json":{"title":"Signa demande l'insolvabilit\u00e9 de ses soci\u00e9t\u00e9s immobili\u00e8res - RetailDetail BE","description":"Les soci\u00e9t\u00e9s immobili\u00e8res du groupe Signa entament une proc\u00e9dure d'insolvabilit\u00e9. Il s'agit notamment des biens immobiliers de Galeria.","robots":{"index":"index","follow":"follow","max-snippet":"max-snippet:-1","max-image-preview":"max-image-preview:large","max-video-preview":"max-video-preview:-1"},"canonical":"https:\/\/www.retaildetail.be\/fr\/news\/general\/signa-linsolvabilite-de-ses-societes-immobilieres\/","og_locale":"fr_FR","og_type":"article","og_title":"Signa demande l'insolvabilit\u00e9 de ses soci\u00e9t\u00e9s immobili\u00e8res - RetailDetail BE","og_description":"Les soci\u00e9t\u00e9s immobili\u00e8res du groupe Signa entament une proc\u00e9dure d'insolvabilit\u00e9. Il s'agit notamment des biens immobiliers de Galeria.","og_url":"https:\/\/www.retaildetail.be\/fr\/news\/general\/signa-linsolvabilite-de-ses-societes-immobilieres\/","og_site_name":"RetailDetail BE","article_published_time":"2023-12-29T09:58:54+00:00","article_modified_time":"2023-12-29T09:58:57+00:00","og_image":[{"width":1000,"height":667,"url":"https:\/\/www.retaildetail.be\/wp-content\/uploads\/2023\/12\/shutterstock_2023298846.jpg","type":"image\/jpeg"}],"author":"Pauline Neerman","twitter_card":"summary_large_image","twitter_misc":{"\u00c9crit par":"Pauline Neerman","Dur\u00e9e de lecture estim\u00e9e":"2 minutes"},"schema":{"@context":"https:\/\/schema.org","@graph":[{"@type":"NewsArticle","@id":"https:\/\/www.retaildetail.be\/fr\/news\/general\/signa-linsolvabilite-de-ses-societes-immobilieres\/#article","isPartOf":{"@id":"https:\/\/www.retaildetail.be\/fr\/news\/general\/signa-linsolvabilite-de-ses-societes-immobilieres\/"},"author":{"name":"Pauline Neerman","@id":"https:\/\/www.retaildetail.be\/nl\/#\/schema\/person\/66b54803fa10759039079458ea89e307"},"headline":"Signa demande l&rsquo;insolvabilit\u00e9 de ses soci\u00e9t\u00e9s immobili\u00e8res","datePublished":"2023-12-29T09:58:54+00:00","dateModified":"2023-12-29T09:58:57+00:00","mainEntityOfPage":{"@id":"https:\/\/www.retaildetail.be\/fr\/news\/general\/signa-linsolvabilite-de-ses-societes-immobilieres\/"},"wordCount":351,"publisher":{"@id":"https:\/\/www.retaildetail.be\/nl\/#organization"},"image":{"@id":"https:\/\/www.retaildetail.be\/fr\/news\/general\/signa-linsolvabilite-de-ses-societes-immobilieres\/#primaryimage"},"thumbnailUrl":"https:\/\/www.retaildetail.be\/wp-content\/uploads\/2023\/12\/shutterstock_2023298846.jpg","articleSection":["G\u00e9n\u00e9ral"],"inLanguage":"fr-FR","copyrightYear":"2023","copyrightHolder":{"@id":"https:\/\/www.retaildetail.be\/#organization"}},{"@type":"WebPage","@id":"https:\/\/www.retaildetail.be\/fr\/news\/general\/signa-linsolvabilite-de-ses-societes-immobilieres\/","url":"https:\/\/www.retaildetail.be\/fr\/news\/general\/signa-linsolvabilite-de-ses-societes-immobilieres\/","name":"Signa demande l'insolvabilit\u00e9 de ses soci\u00e9t\u00e9s immobili\u00e8res - RetailDetail BE","isPartOf":{"@id":"https:\/\/www.retaildetail.be\/nl\/#website"},"primaryImageOfPage":{"@id":"https:\/\/www.retaildetail.be\/fr\/news\/general\/signa-linsolvabilite-de-ses-societes-immobilieres\/#primaryimage"},"image":{"@id":"https:\/\/www.retaildetail.be\/fr\/news\/general\/signa-linsolvabilite-de-ses-societes-immobilieres\/#primaryimage"},"thumbnailUrl":"https:\/\/www.retaildetail.be\/wp-content\/uploads\/2023\/12\/shutterstock_2023298846.jpg","datePublished":"2023-12-29T09:58:54+00:00","dateModified":"2023-12-29T09:58:57+00:00","description":"Les soci\u00e9t\u00e9s immobili\u00e8res du groupe Signa entament une proc\u00e9dure d'insolvabilit\u00e9. Il s'agit notamment des biens immobiliers de Galeria.","breadcrumb":{"@id":"https:\/\/www.retaildetail.be\/fr\/news\/general\/signa-linsolvabilite-de-ses-societes-immobilieres\/#breadcrumb"},"inLanguage":"fr-FR","potentialAction":[{"@type":"ReadAction","target":["https:\/\/www.retaildetail.be\/fr\/news\/general\/signa-linsolvabilite-de-ses-societes-immobilieres\/"]}]},{"@type":"ImageObject","inLanguage":"fr-FR","@id":"https:\/\/www.retaildetail.be\/fr\/news\/general\/signa-linsolvabilite-de-ses-societes-immobilieres\/#primaryimage","url":"https:\/\/www.retaildetail.be\/wp-content\/uploads\/2023\/12\/shutterstock_2023298846.jpg","contentUrl":"https:\/\/www.retaildetail.be\/wp-content\/uploads\/2023\/12\/shutterstock_2023298846.jpg","width":1000,"height":667,"caption":"1take1shot \/ Shutterstock.com"},{"@type":"BreadcrumbList","@id":"https:\/\/www.retaildetail.be\/fr\/news\/general\/signa-linsolvabilite-de-ses-societes-immobilieres\/#breadcrumb","itemListElement":[{"@type":"ListItem","position":1,"name":"Home","item":"https:\/\/www.retaildetail.be\/fr\/"},{"@type":"ListItem","position":2,"name":"Signa demande l&#8217;insolvabilit\u00e9 de ses soci\u00e9t\u00e9s immobili\u00e8res"}]},{"@type":"WebSite","@id":"https:\/\/www.retaildetail.be\/nl\/#website","url":"https:\/\/www.retaildetail.be\/nl\/","name":"RetailDetail BE","description":"News","publisher":{"@id":"https:\/\/www.retaildetail.be\/nl\/#organization"},"potentialAction":[{"@type":"SearchAction","target":{"@type":"EntryPoint","urlTemplate":"https:\/\/www.retaildetail.be\/nl\/?s={search_term_string}"},"query-input":{"@type":"PropertyValueSpecification","valueRequired":true,"valueName":"search_term_string"}}],"inLanguage":"fr-FR"},{"@type":"Organization","@id":"https:\/\/www.retaildetail.be\/nl\/#organization","name":"RetailDetail BE","url":"https:\/\/www.retaildetail.be\/nl\/","logo":{"@type":"ImageObject","inLanguage":"fr-FR","@id":"https:\/\/www.retaildetail.be\/nl\/#\/schema\/logo\/image\/","url":"https:\/\/www.retaildetail.be\/wp-content\/uploads\/2022\/04\/logo.svg","contentUrl":"https:\/\/www.retaildetail.be\/wp-content\/uploads\/2022\/04\/logo.svg","width":131,"height":70,"caption":"RetailDetail BE"},"image":{"@id":"https:\/\/www.retaildetail.be\/nl\/#\/schema\/logo\/image\/"}},{"@type":"Person","@id":"https:\/\/www.retaildetail.be\/nl\/#\/schema\/person\/66b54803fa10759039079458ea89e307","name":"Pauline Neerman","image":{"@type":"ImageObject","inLanguage":"fr-FR","@id":"https:\/\/secure.gravatar.com\/avatar\/58db22aee589a691f9603e5765ac06010427a923f9b2728b951eb7fe27214d70?s=96&d=mm&r=g","url":"https:\/\/secure.gravatar.com\/avatar\/58db22aee589a691f9603e5765ac06010427a923f9b2728b951eb7fe27214d70?s=96&d=mm&r=g","contentUrl":"https:\/\/secure.gravatar.com\/avatar\/58db22aee589a691f9603e5765ac06010427a923f9b2728b951eb7fe27214d70?s=96&d=mm&r=g","caption":"Pauline Neerman"},"url":"https:\/\/www.retaildetail.be\/fr\/author\/paulineneerman\/"}]}},"jetpack_featured_media_url":"https:\/\/www.retaildetail.be\/wp-content\/uploads\/2023\/12\/shutterstock_2023298846.jpg","jetpack_sharing_enabled":true,"_links":{"self":[{"href":"https:\/\/www.retaildetail.be\/fr\/wp-json\/wp\/v2\/posts\/90282","targetHints":{"allow":["GET"]}}],"collection":[{"href":"https:\/\/www.retaildetail.be\/fr\/wp-json\/wp\/v2\/posts"}],"about":[{"href":"https:\/\/www.retaildetail.be\/fr\/wp-json\/wp\/v2\/types\/post"}],"author":[{"embeddable":true,"href":"https:\/\/www.retaildetail.be\/fr\/wp-json\/wp\/v2\/users\/5"}],"replies":[{"embeddable":true,"href":"https:\/\/www.retaildetail.be\/fr\/wp-json\/wp\/v2\/comments?post=90282"}],"version-history":[{"count":1,"href":"https:\/\/www.retaildetail.be\/fr\/wp-json\/wp\/v2\/posts\/90282\/revisions"}],"predecessor-version":[{"id":90283,"href":"https:\/\/www.retaildetail.be\/fr\/wp-json\/wp\/v2\/posts\/90282\/revisions\/90283"}],"wp:featuredmedia":[{"embeddable":true,"href":"https:\/\/www.retaildetail.be\/fr\/wp-json\/wp\/v2\/media\/90248"}],"wp:attachment":[{"href":"https:\/\/www.retaildetail.be\/fr\/wp-json\/wp\/v2\/media?parent=90282"}],"wp:term":[{"taxonomy":"category","embeddable":true,"href":"https:\/\/www.retaildetail.be\/fr\/wp-json\/wp\/v2\/categories?post=90282"},{"taxonomy":"post_tag","embeddable":true,"href":"https:\/\/www.retaildetail.be\/fr\/wp-json\/wp\/v2\/tags?post=90282"},{"taxonomy":"people","embeddable":true,"href":"https:\/\/www.retaildetail.be\/fr\/wp-json\/wp\/v2\/people?post=90282"},{"taxonomy":"extra","embeddable":true,"href":"https:\/\/www.retaildetail.be\/fr\/wp-json\/wp\/v2\/extra?post=90282"},{"taxonomy":"company","embeddable":true,"href":"https:\/\/www.retaildetail.be\/fr\/wp-json\/wp\/v2\/company?post=90282"},{"taxonomy":"topic","embeddable":true,"href":"https:\/\/www.retaildetail.be\/fr\/wp-json\/wp\/v2\/topic?post=90282"},{"taxonomy":"region","embeddable":true,"href":"https:\/\/www.retaildetail.be\/fr\/wp-json\/wp\/v2\/region?post=90282"}],"curies":[{"name":"wp","href":"https:\/\/api.w.org\/{rel}","templated":true}]}}