{"id":1008,"date":"2011-11-16T19:21:32","date_gmt":"2011-11-16T19:21:32","guid":{"rendered":"https:\/\/www.retaildetail.be\/algemeen\/nils-van-dam-unilever-marketeer-van-het-jaar\/"},"modified":"2011-11-16T19:21:32","modified_gmt":"2011-11-16T19:21:32","slug":"nils-van-dam-unilever-marketeer-van-het-jaar","status":"publish","type":"post","link":"https:\/\/www.retaildetail.be\/nl\/news\/algemeen\/nils-van-dam-unilever-marketeer-van-het-jaar\/","title":{"rendered":"Nils Van Dam (Unilever) &quot;marketeer van het jaar&quot;"},"content":{"rendered":"<p>\u00a0<\/p>\n<h2>\n<br class=\"Apple-interchange-newline\" \/><br \/>\n&#8220;Uitzonderlijk talent&#8221;<\/h2>\n<p>Van Dam haalde het omdat hij &#8220;gewoonweg een uitzonderlijk talent is, iemand die al meerdere successen verworven heeft bij Unilever,&#8221; aldus het juryrapport. Al speelden er nog tal van andere elementen mee, onder meer zijn capaciteit om zijn team te laten samenwerken rond vastgelegde prioriteiten. Geen sinecure gezien de indrukwekkende waaier aan merken en de hiermee samenhangende moeilijke keuzes, zo vond de jury.<\/p>\n<p>\u00a0<\/p>\n<p>Ook de manier waarop hij duurzame ontwikkeling &#8211; een nieuw selectiecriterium dit jaar &#8211; ge\u00efntegreerd heeft in de langetermijnstrategie telde mee, met als voorbeeld de Calv\u00e9 mayonaise met eieren van kippen in de vrije uitloop. Ook zijn prestaties op het vlak van de digitale media &#8211; denk aan\u00a0<a target=\"_blank\" title=\"\" href=\"http:\/\/www.yunomi.be\/splash\" rel=\"noopener\">Yunomi<\/a>\u00a0en\u00a0<a target=\"_blank\" title=\"\" href=\"http:\/\/www.solo.be\/nl\/open-kitchen.htm?gclid=CLCIqdSFvKwCFYJH3godVnpqqQ\" rel=\"noopener\">Solo Open Kitchen<\/a>\u00a0&#8211; waren de jury opgevallen, net als de manier waarop Van Dam de marketingactiviteiten van de Belgische producten opnieuw naar hier haalde zonder de voordelen te verliezen van het leerproces van de samenwerking op Benelux-niveau.<\/p>\n<h2>Straffe kandidaten<\/h2>\n<p>Nils Van Dam haalde het van Sabine De Veilder (marketing director Pepsico), David Merzel (country manager Microsoft Belux) en Joachim Rubin (marketing director Bel Belgium). De selectie was dit jaar bijzonder streng omdat de organisator, Stichting Marketing, dit jaar voor het eerst slechts \u00e9\u00e9n Marketeer of the Year verkoos in plaats van \u00e9\u00e9n Nederlandstalige en \u00e9\u00e9n Franstalige, zoals de voorbije jaren. &#8220;Deze werkwijze verhoogt de waarde van de prijs en beantwoordt des te meer aan de economische realiteit: voor marketeers is Belgi\u00eb \u00e9\u00e9n grote markt&#8221;, aldus de organisator.<\/p>\n<p>\u00a0<\/p>\n<p>Het was de 18e editie van de Marketeer van het Jaar. Eerder ging de award onder meer naar Johan Van Dyck (Duvel Moortgat), Nicolas Lambert (Alken-Maes), Patrick Wauters (Chiquita) en Christophe Mottint (Sara Lee \/ Douwe Egberts). De verkiezing gebeurde door de lezers van Trends\/Tendances, een offici\u00eble jury, de leden van de Stichting Marketing en de Master Masketers.<\/p>\n","protected":false},"excerpt":{"rendered":"<p>\u00a0 &#8220;Uitzonderlijk talent&#8221; Van Dam haalde het omdat hij &#8220;gewoonweg een uitzonderlijk talent is, iemand die al meerdere successen verworven heeft bij Unilever,&#8221; aldus het juryrapport. Al speelden er nog tal van andere elementen mee, onder meer zijn capaciteit om zijn team te laten samenwerken rond vastgelegde prioriteiten. Geen sinecure gezien de indrukwekkende waaier aan [&hellip;]<\/p>\n","protected":false},"author":1,"featured_media":84,"comment_status":"closed","ping_status":"closed","sticky":false,"template":"","format":"standard","meta":{"_acf_changed":false,"inline_featured_image":false,"_jetpack_memberships_contains_paid_content":false,"footnotes":""},"categories":[15],"tags":[],"people":[],"extra":[],"company":[],"topic":[],"region":[],"class_list":["post-1008","post","type-post","status-publish","format-standard","has-post-thumbnail","hentry","category-algemeen"],"acf":[],"yoast_head":"<!-- This site is optimized with the Yoast SEO plugin v27.3 - https:\/\/yoast.com\/product\/yoast-seo-wordpress\/ -->\n<title>Nils Van Dam (Unilever) &quot;marketeer van het jaar&quot; - RetailDetail BE<\/title>\n<meta name=\"robots\" content=\"index, follow, max-snippet:-1, max-image-preview:large, max-video-preview:-1\" \/>\n<link rel=\"canonical\" href=\"https:\/\/www.retaildetail.be\/nl\/news\/algemeen\/nils-van-dam-unilever-marketeer-van-het-jaar\/\" \/>\n<meta property=\"og:locale\" content=\"nl_NL\" \/>\n<meta property=\"og:type\" content=\"article\" \/>\n<meta property=\"og:title\" content=\"Nils Van Dam (Unilever) &quot;marketeer van het jaar&quot; - RetailDetail BE\" \/>\n<meta property=\"og:description\" content=\"\u00a0 &#8220;Uitzonderlijk talent&#8221; Van Dam haalde het omdat hij &#8220;gewoonweg een uitzonderlijk talent is, iemand die al meerdere successen verworven heeft bij Unilever,&#8221; aldus het juryrapport. Al speelden er nog tal van andere elementen mee, onder meer zijn capaciteit om zijn team te laten samenwerken rond vastgelegde prioriteiten. Geen sinecure gezien de indrukwekkende waaier aan [&hellip;]\" \/>\n<meta property=\"og:url\" content=\"https:\/\/www.retaildetail.be\/nl\/news\/algemeen\/nils-van-dam-unilever-marketeer-van-het-jaar\/\" \/>\n<meta property=\"og:site_name\" content=\"RetailDetail BE\" \/>\n<meta property=\"article:published_time\" content=\"2011-11-16T19:21:32+00:00\" \/>\n<meta property=\"og:image\" content=\"https:\/\/i0.wp.com\/www.retaildetail.be\/wp-content\/uploads\/2022\/04\/logo.png?fit=281%2C147&quality=100&strip=all&ssl=1\" \/>\n\t<meta property=\"og:image:width\" content=\"281\" \/>\n\t<meta property=\"og:image:height\" content=\"147\" \/>\n\t<meta property=\"og:image:type\" content=\"image\/png\" \/>\n<meta name=\"author\" content=\"dev@grandiz.com\" \/>\n<meta name=\"twitter:card\" content=\"summary_large_image\" \/>\n<meta name=\"twitter:label1\" content=\"Geschreven door\" \/>\n\t<meta name=\"twitter:data1\" content=\"dev@grandiz.com\" \/>\n\t<meta name=\"twitter:label2\" content=\"Geschatte leestijd\" \/>\n\t<meta name=\"twitter:data2\" content=\"2 minuten\" \/>\n<script type=\"application\/ld+json\" class=\"yoast-schema-graph\">{\"@context\":\"https:\\\/\\\/schema.org\",\"@graph\":[{\"@type\":\"NewsArticle\",\"@id\":\"https:\\\/\\\/www.retaildetail.be\\\/nl\\\/news\\\/algemeen\\\/nils-van-dam-unilever-marketeer-van-het-jaar\\\/#article\",\"isPartOf\":{\"@id\":\"https:\\\/\\\/www.retaildetail.be\\\/nl\\\/news\\\/algemeen\\\/nils-van-dam-unilever-marketeer-van-het-jaar\\\/\"},\"author\":{\"name\":\"dev@grandiz.com\",\"@id\":\"https:\\\/\\\/www.retaildetail.be\\\/nl\\\/#\\\/schema\\\/person\\\/ba2d383452a753a3a1ce8cdb349b5fc9\"},\"headline\":\"Nils Van Dam (Unilever) &quot;marketeer van het jaar&quot;\",\"datePublished\":\"2011-11-16T19:21:32+00:00\",\"mainEntityOfPage\":{\"@id\":\"https:\\\/\\\/www.retaildetail.be\\\/nl\\\/news\\\/algemeen\\\/nils-van-dam-unilever-marketeer-van-het-jaar\\\/\"},\"wordCount\":313,\"publisher\":{\"@id\":\"https:\\\/\\\/www.retaildetail.be\\\/nl\\\/#organization\"},\"image\":{\"@id\":\"https:\\\/\\\/www.retaildetail.be\\\/nl\\\/news\\\/algemeen\\\/nils-van-dam-unilever-marketeer-van-het-jaar\\\/#primaryimage\"},\"thumbnailUrl\":\"https:\\\/\\\/www.retaildetail.be\\\/wp-content\\\/uploads\\\/2022\\\/04\\\/logo.png\",\"articleSection\":[\"Algemeen\"],\"inLanguage\":\"nl-NL\",\"copyrightYear\":\"2011\",\"copyrightHolder\":{\"@id\":\"https:\\\/\\\/www.retaildetail.be\\\/#organization\"}},{\"@type\":\"WebPage\",\"@id\":\"https:\\\/\\\/www.retaildetail.be\\\/nl\\\/news\\\/algemeen\\\/nils-van-dam-unilever-marketeer-van-het-jaar\\\/\",\"url\":\"https:\\\/\\\/www.retaildetail.be\\\/nl\\\/news\\\/algemeen\\\/nils-van-dam-unilever-marketeer-van-het-jaar\\\/\",\"name\":\"Nils Van Dam (Unilever) &quot;marketeer van het jaar&quot; - RetailDetail BE\",\"isPartOf\":{\"@id\":\"https:\\\/\\\/www.retaildetail.be\\\/nl\\\/#website\"},\"primaryImageOfPage\":{\"@id\":\"https:\\\/\\\/www.retaildetail.be\\\/nl\\\/news\\\/algemeen\\\/nils-van-dam-unilever-marketeer-van-het-jaar\\\/#primaryimage\"},\"image\":{\"@id\":\"https:\\\/\\\/www.retaildetail.be\\\/nl\\\/news\\\/algemeen\\\/nils-van-dam-unilever-marketeer-van-het-jaar\\\/#primaryimage\"},\"thumbnailUrl\":\"https:\\\/\\\/www.retaildetail.be\\\/wp-content\\\/uploads\\\/2022\\\/04\\\/logo.png\",\"datePublished\":\"2011-11-16T19:21:32+00:00\",\"breadcrumb\":{\"@id\":\"https:\\\/\\\/www.retaildetail.be\\\/nl\\\/news\\\/algemeen\\\/nils-van-dam-unilever-marketeer-van-het-jaar\\\/#breadcrumb\"},\"inLanguage\":\"nl-NL\",\"potentialAction\":[{\"@type\":\"ReadAction\",\"target\":[\"https:\\\/\\\/www.retaildetail.be\\\/nl\\\/news\\\/algemeen\\\/nils-van-dam-unilever-marketeer-van-het-jaar\\\/\"]}]},{\"@type\":\"ImageObject\",\"inLanguage\":\"nl-NL\",\"@id\":\"https:\\\/\\\/www.retaildetail.be\\\/nl\\\/news\\\/algemeen\\\/nils-van-dam-unilever-marketeer-van-het-jaar\\\/#primaryimage\",\"url\":\"https:\\\/\\\/www.retaildetail.be\\\/wp-content\\\/uploads\\\/2022\\\/04\\\/logo.png\",\"contentUrl\":\"https:\\\/\\\/www.retaildetail.be\\\/wp-content\\\/uploads\\\/2022\\\/04\\\/logo.png\",\"width\":281,\"height\":147},{\"@type\":\"BreadcrumbList\",\"@id\":\"https:\\\/\\\/www.retaildetail.be\\\/nl\\\/news\\\/algemeen\\\/nils-van-dam-unilever-marketeer-van-het-jaar\\\/#breadcrumb\",\"itemListElement\":[{\"@type\":\"ListItem\",\"position\":1,\"name\":\"Home\",\"item\":\"https:\\\/\\\/www.retaildetail.be\\\/nl\\\/\"},{\"@type\":\"ListItem\",\"position\":2,\"name\":\"Nils Van Dam (Unilever) &quot;marketeer van het jaar&quot;\"}]},{\"@type\":\"WebSite\",\"@id\":\"https:\\\/\\\/www.retaildetail.be\\\/nl\\\/#website\",\"url\":\"https:\\\/\\\/www.retaildetail.be\\\/nl\\\/\",\"name\":\"RetailDetail BE\",\"description\":\"News\",\"publisher\":{\"@id\":\"https:\\\/\\\/www.retaildetail.be\\\/nl\\\/#organization\"},\"potentialAction\":[{\"@type\":\"SearchAction\",\"target\":{\"@type\":\"EntryPoint\",\"urlTemplate\":\"https:\\\/\\\/www.retaildetail.be\\\/nl\\\/?s={search_term_string}\"},\"query-input\":{\"@type\":\"PropertyValueSpecification\",\"valueRequired\":true,\"valueName\":\"search_term_string\"}}],\"inLanguage\":\"nl-NL\"},{\"@type\":\"Organization\",\"@id\":\"https:\\\/\\\/www.retaildetail.be\\\/nl\\\/#organization\",\"name\":\"RetailDetail BE\",\"url\":\"https:\\\/\\\/www.retaildetail.be\\\/nl\\\/\",\"logo\":{\"@type\":\"ImageObject\",\"inLanguage\":\"nl-NL\",\"@id\":\"https:\\\/\\\/www.retaildetail.be\\\/nl\\\/#\\\/schema\\\/logo\\\/image\\\/\",\"url\":\"https:\\\/\\\/www.retaildetail.be\\\/wp-content\\\/uploads\\\/2022\\\/04\\\/logo.svg\",\"contentUrl\":\"https:\\\/\\\/www.retaildetail.be\\\/wp-content\\\/uploads\\\/2022\\\/04\\\/logo.svg\",\"width\":131,\"height\":70,\"caption\":\"RetailDetail BE\"},\"image\":{\"@id\":\"https:\\\/\\\/www.retaildetail.be\\\/nl\\\/#\\\/schema\\\/logo\\\/image\\\/\"}},{\"@type\":\"Person\",\"@id\":\"https:\\\/\\\/www.retaildetail.be\\\/nl\\\/#\\\/schema\\\/person\\\/ba2d383452a753a3a1ce8cdb349b5fc9\",\"name\":\"dev@grandiz.com\",\"image\":{\"@type\":\"ImageObject\",\"inLanguage\":\"nl-NL\",\"@id\":\"https:\\\/\\\/secure.gravatar.com\\\/avatar\\\/5f53ce9fb6eed4a60e5aaaa712be8773880fa9459d9cac9bc4aa4fdbce3f447f?s=96&d=mm&r=g\",\"url\":\"https:\\\/\\\/secure.gravatar.com\\\/avatar\\\/5f53ce9fb6eed4a60e5aaaa712be8773880fa9459d9cac9bc4aa4fdbce3f447f?s=96&d=mm&r=g\",\"contentUrl\":\"https:\\\/\\\/secure.gravatar.com\\\/avatar\\\/5f53ce9fb6eed4a60e5aaaa712be8773880fa9459d9cac9bc4aa4fdbce3f447f?s=96&d=mm&r=g\",\"caption\":\"dev@grandiz.com\"},\"sameAs\":[\"http:\\\/\\\/preprod.retaildetail.be\"],\"url\":\"https:\\\/\\\/www.retaildetail.be\\\/nl\\\/author\\\/devgrandiz-com\\\/\"}]}<\/script>\n<!-- \/ Yoast SEO plugin. -->","yoast_head_json":{"title":"Nils Van Dam (Unilever) &quot;marketeer van het jaar&quot; - RetailDetail BE","robots":{"index":"index","follow":"follow","max-snippet":"max-snippet:-1","max-image-preview":"max-image-preview:large","max-video-preview":"max-video-preview:-1"},"canonical":"https:\/\/www.retaildetail.be\/nl\/news\/algemeen\/nils-van-dam-unilever-marketeer-van-het-jaar\/","og_locale":"nl_NL","og_type":"article","og_title":"Nils Van Dam (Unilever) &quot;marketeer van het jaar&quot; - RetailDetail BE","og_description":"\u00a0 &#8220;Uitzonderlijk talent&#8221; Van Dam haalde het omdat hij &#8220;gewoonweg een uitzonderlijk talent is, iemand die al meerdere successen verworven heeft bij Unilever,&#8221; aldus het juryrapport. Al speelden er nog tal van andere elementen mee, onder meer zijn capaciteit om zijn team te laten samenwerken rond vastgelegde prioriteiten. Geen sinecure gezien de indrukwekkende waaier aan [&hellip;]","og_url":"https:\/\/www.retaildetail.be\/nl\/news\/algemeen\/nils-van-dam-unilever-marketeer-van-het-jaar\/","og_site_name":"RetailDetail BE","article_published_time":"2011-11-16T19:21:32+00:00","og_image":[{"width":281,"height":147,"url":"https:\/\/i0.wp.com\/www.retaildetail.be\/wp-content\/uploads\/2022\/04\/logo.png?fit=281%2C147&quality=100&strip=all&ssl=1","type":"image\/png"}],"author":"dev@grandiz.com","twitter_card":"summary_large_image","twitter_misc":{"Geschreven door":"dev@grandiz.com","Geschatte leestijd":"2 minuten"},"schema":{"@context":"https:\/\/schema.org","@graph":[{"@type":"NewsArticle","@id":"https:\/\/www.retaildetail.be\/nl\/news\/algemeen\/nils-van-dam-unilever-marketeer-van-het-jaar\/#article","isPartOf":{"@id":"https:\/\/www.retaildetail.be\/nl\/news\/algemeen\/nils-van-dam-unilever-marketeer-van-het-jaar\/"},"author":{"name":"dev@grandiz.com","@id":"https:\/\/www.retaildetail.be\/nl\/#\/schema\/person\/ba2d383452a753a3a1ce8cdb349b5fc9"},"headline":"Nils Van Dam (Unilever) &quot;marketeer van het jaar&quot;","datePublished":"2011-11-16T19:21:32+00:00","mainEntityOfPage":{"@id":"https:\/\/www.retaildetail.be\/nl\/news\/algemeen\/nils-van-dam-unilever-marketeer-van-het-jaar\/"},"wordCount":313,"publisher":{"@id":"https:\/\/www.retaildetail.be\/nl\/#organization"},"image":{"@id":"https:\/\/www.retaildetail.be\/nl\/news\/algemeen\/nils-van-dam-unilever-marketeer-van-het-jaar\/#primaryimage"},"thumbnailUrl":"https:\/\/www.retaildetail.be\/wp-content\/uploads\/2022\/04\/logo.png","articleSection":["Algemeen"],"inLanguage":"nl-NL","copyrightYear":"2011","copyrightHolder":{"@id":"https:\/\/www.retaildetail.be\/#organization"}},{"@type":"WebPage","@id":"https:\/\/www.retaildetail.be\/nl\/news\/algemeen\/nils-van-dam-unilever-marketeer-van-het-jaar\/","url":"https:\/\/www.retaildetail.be\/nl\/news\/algemeen\/nils-van-dam-unilever-marketeer-van-het-jaar\/","name":"Nils Van Dam (Unilever) &quot;marketeer van het jaar&quot; - RetailDetail BE","isPartOf":{"@id":"https:\/\/www.retaildetail.be\/nl\/#website"},"primaryImageOfPage":{"@id":"https:\/\/www.retaildetail.be\/nl\/news\/algemeen\/nils-van-dam-unilever-marketeer-van-het-jaar\/#primaryimage"},"image":{"@id":"https:\/\/www.retaildetail.be\/nl\/news\/algemeen\/nils-van-dam-unilever-marketeer-van-het-jaar\/#primaryimage"},"thumbnailUrl":"https:\/\/www.retaildetail.be\/wp-content\/uploads\/2022\/04\/logo.png","datePublished":"2011-11-16T19:21:32+00:00","breadcrumb":{"@id":"https:\/\/www.retaildetail.be\/nl\/news\/algemeen\/nils-van-dam-unilever-marketeer-van-het-jaar\/#breadcrumb"},"inLanguage":"nl-NL","potentialAction":[{"@type":"ReadAction","target":["https:\/\/www.retaildetail.be\/nl\/news\/algemeen\/nils-van-dam-unilever-marketeer-van-het-jaar\/"]}]},{"@type":"ImageObject","inLanguage":"nl-NL","@id":"https:\/\/www.retaildetail.be\/nl\/news\/algemeen\/nils-van-dam-unilever-marketeer-van-het-jaar\/#primaryimage","url":"https:\/\/www.retaildetail.be\/wp-content\/uploads\/2022\/04\/logo.png","contentUrl":"https:\/\/www.retaildetail.be\/wp-content\/uploads\/2022\/04\/logo.png","width":281,"height":147},{"@type":"BreadcrumbList","@id":"https:\/\/www.retaildetail.be\/nl\/news\/algemeen\/nils-van-dam-unilever-marketeer-van-het-jaar\/#breadcrumb","itemListElement":[{"@type":"ListItem","position":1,"name":"Home","item":"https:\/\/www.retaildetail.be\/nl\/"},{"@type":"ListItem","position":2,"name":"Nils Van Dam (Unilever) &quot;marketeer van het jaar&quot;"}]},{"@type":"WebSite","@id":"https:\/\/www.retaildetail.be\/nl\/#website","url":"https:\/\/www.retaildetail.be\/nl\/","name":"RetailDetail BE","description":"News","publisher":{"@id":"https:\/\/www.retaildetail.be\/nl\/#organization"},"potentialAction":[{"@type":"SearchAction","target":{"@type":"EntryPoint","urlTemplate":"https:\/\/www.retaildetail.be\/nl\/?s={search_term_string}"},"query-input":{"@type":"PropertyValueSpecification","valueRequired":true,"valueName":"search_term_string"}}],"inLanguage":"nl-NL"},{"@type":"Organization","@id":"https:\/\/www.retaildetail.be\/nl\/#organization","name":"RetailDetail BE","url":"https:\/\/www.retaildetail.be\/nl\/","logo":{"@type":"ImageObject","inLanguage":"nl-NL","@id":"https:\/\/www.retaildetail.be\/nl\/#\/schema\/logo\/image\/","url":"https:\/\/www.retaildetail.be\/wp-content\/uploads\/2022\/04\/logo.svg","contentUrl":"https:\/\/www.retaildetail.be\/wp-content\/uploads\/2022\/04\/logo.svg","width":131,"height":70,"caption":"RetailDetail BE"},"image":{"@id":"https:\/\/www.retaildetail.be\/nl\/#\/schema\/logo\/image\/"}},{"@type":"Person","@id":"https:\/\/www.retaildetail.be\/nl\/#\/schema\/person\/ba2d383452a753a3a1ce8cdb349b5fc9","name":"dev@grandiz.com","image":{"@type":"ImageObject","inLanguage":"nl-NL","@id":"https:\/\/secure.gravatar.com\/avatar\/5f53ce9fb6eed4a60e5aaaa712be8773880fa9459d9cac9bc4aa4fdbce3f447f?s=96&d=mm&r=g","url":"https:\/\/secure.gravatar.com\/avatar\/5f53ce9fb6eed4a60e5aaaa712be8773880fa9459d9cac9bc4aa4fdbce3f447f?s=96&d=mm&r=g","contentUrl":"https:\/\/secure.gravatar.com\/avatar\/5f53ce9fb6eed4a60e5aaaa712be8773880fa9459d9cac9bc4aa4fdbce3f447f?s=96&d=mm&r=g","caption":"dev@grandiz.com"},"sameAs":["http:\/\/preprod.retaildetail.be"],"url":"https:\/\/www.retaildetail.be\/nl\/author\/devgrandiz-com\/"}]}},"jetpack_featured_media_url":"https:\/\/www.retaildetail.be\/wp-content\/uploads\/2022\/04\/logo.png","jetpack_sharing_enabled":true,"_links":{"self":[{"href":"https:\/\/www.retaildetail.be\/nl\/wp-json\/wp\/v2\/posts\/1008","targetHints":{"allow":["GET"]}}],"collection":[{"href":"https:\/\/www.retaildetail.be\/nl\/wp-json\/wp\/v2\/posts"}],"about":[{"href":"https:\/\/www.retaildetail.be\/nl\/wp-json\/wp\/v2\/types\/post"}],"author":[{"embeddable":true,"href":"https:\/\/www.retaildetail.be\/nl\/wp-json\/wp\/v2\/users\/1"}],"replies":[{"embeddable":true,"href":"https:\/\/www.retaildetail.be\/nl\/wp-json\/wp\/v2\/comments?post=1008"}],"version-history":[{"count":0,"href":"https:\/\/www.retaildetail.be\/nl\/wp-json\/wp\/v2\/posts\/1008\/revisions"}],"wp:featuredmedia":[{"embeddable":true,"href":"https:\/\/www.retaildetail.be\/nl\/wp-json\/wp\/v2\/media\/84"}],"wp:attachment":[{"href":"https:\/\/www.retaildetail.be\/nl\/wp-json\/wp\/v2\/media?parent=1008"}],"wp:term":[{"taxonomy":"category","embeddable":true,"href":"https:\/\/www.retaildetail.be\/nl\/wp-json\/wp\/v2\/categories?post=1008"},{"taxonomy":"post_tag","embeddable":true,"href":"https:\/\/www.retaildetail.be\/nl\/wp-json\/wp\/v2\/tags?post=1008"},{"taxonomy":"people","embeddable":true,"href":"https:\/\/www.retaildetail.be\/nl\/wp-json\/wp\/v2\/people?post=1008"},{"taxonomy":"extra","embeddable":true,"href":"https:\/\/www.retaildetail.be\/nl\/wp-json\/wp\/v2\/extra?post=1008"},{"taxonomy":"company","embeddable":true,"href":"https:\/\/www.retaildetail.be\/nl\/wp-json\/wp\/v2\/company?post=1008"},{"taxonomy":"topic","embeddable":true,"href":"https:\/\/www.retaildetail.be\/nl\/wp-json\/wp\/v2\/topic?post=1008"},{"taxonomy":"region","embeddable":true,"href":"https:\/\/www.retaildetail.be\/nl\/wp-json\/wp\/v2\/region?post=1008"}],"curies":[{"name":"wp","href":"https:\/\/api.w.org\/{rel}","templated":true}]}}