{"id":11045,"date":"2015-11-13T08:23:24","date_gmt":"2015-11-13T08:23:24","guid":{"rendered":"https:\/\/www.retaildetail.be\/m-tail\/uniqlo-grote-winnaar-van-vrijgezellendag-op-tmall\/"},"modified":"2015-11-13T08:23:24","modified_gmt":"2015-11-13T08:23:24","slug":"uniqlo-grote-winnaar-van-vrijgezellendag-op-tmall","status":"publish","type":"post","link":"https:\/\/www.retaildetail.be\/nl\/news\/m-tail\/uniqlo-grote-winnaar-van-vrijgezellendag-op-tmall\/","title":{"rendered":"Uniqlo grote winnaar van Vrijgezellendag op Tmall"},"content":{"rendered":"<h2>Verdubbeling omzet<\/h2>\n<p>Het is al het tweede jaar op rij dat Uniqlo de macht grijpt in de categorie kleding. Vorig jaar stond het overall nog op een vijfde plaats. De totale verkoop van Uniqlo op Tmall tijdens Vrijgezellendag, dat op 11 november plaats vindt, <a href=\"http:\/\/www.4-traders.com\/FAST-RETAILING-CO-LTD-6491478\/news\/Fast-Retailing--UNIQLO-Achieves-Number-1-in-Sales-in-Apparel-Category-and-Number-4-Overall-in-Aliba-21402408\/\" target=\"_blank\" rel=\"noopener\">kwam uit op meer dan 600 miljoen yuan (87,4 miljoen euro)<\/a>. Dat is zo maar even een verdubbeling ten opzichte van een jaar eerder.<\/p>\n<p>&#8220;Uniqlo haalde de nummer \u00e9\u00e9n positie in de categorie kleding en het nummer vier over alle categorie\u00ebn heen dankzij onze vele loyale en dankbare klanten in China, en daar zijn wij echt dankbaar voor&#8221;, zei Tadashi Yanai, CEO bij Fast Retailing, in een reactie op de cijfers. &#8220;We zullen de digitalisatie van ons bedrijf versnellen en we blijven onze e-commerce uitbouwen, niet enkel in China maar ook wereldwijd, om de producten van Uniqlo bij zoveel mogelijk klanten bekend te maken.&#8221;<\/p>\n<p>De top-drie van verkopers bij Tmall tijdens Vrijgezellendag bestond uit smartphoneverkopers Xiaomi en Huawei op de eerste twee plaatsen en Suning Appliances op de derde plek.<\/p>\n","protected":false},"excerpt":{"rendered":"<p>Verdubbeling omzet Het is al het tweede jaar op rij dat Uniqlo de macht grijpt in de categorie kleding. Vorig jaar stond het overall nog op een vijfde plaats. De totale verkoop van Uniqlo op Tmall tijdens Vrijgezellendag, dat op 11 november plaats vindt, kwam uit op meer dan 600 miljoen yuan (87,4 miljoen euro). [&hellip;]<\/p>\n","protected":false},"author":1,"featured_media":84,"comment_status":"closed","ping_status":"closed","sticky":false,"template":"","format":"standard","meta":{"_acf_changed":false,"inline_featured_image":false,"_jetpack_memberships_contains_paid_content":false,"footnotes":""},"categories":[33],"tags":[],"people":[],"extra":[],"company":[],"topic":[],"region":[],"class_list":["post-11045","post","type-post","status-publish","format-standard","has-post-thumbnail","hentry","category-m-tail"],"acf":[],"yoast_head":"<!-- This site is optimized with the Yoast SEO plugin v27.3 - https:\/\/yoast.com\/product\/yoast-seo-wordpress\/ -->\n<title>Uniqlo grote winnaar van Vrijgezellendag op Tmall - RetailDetail BE<\/title>\n<meta name=\"robots\" content=\"index, follow, max-snippet:-1, max-image-preview:large, max-video-preview:-1\" \/>\n<link rel=\"canonical\" href=\"https:\/\/www.retaildetail.be\/nl\/news\/m-tail\/uniqlo-grote-winnaar-van-vrijgezellendag-op-tmall\/\" \/>\n<meta property=\"og:locale\" content=\"nl_NL\" \/>\n<meta property=\"og:type\" content=\"article\" \/>\n<meta property=\"og:title\" content=\"Uniqlo grote winnaar van Vrijgezellendag op Tmall - RetailDetail BE\" \/>\n<meta property=\"og:description\" content=\"Verdubbeling omzet Het is al het tweede jaar op rij dat Uniqlo de macht grijpt in de categorie kleding. Vorig jaar stond het overall nog op een vijfde plaats. De totale verkoop van Uniqlo op Tmall tijdens Vrijgezellendag, dat op 11 november plaats vindt, kwam uit op meer dan 600 miljoen yuan (87,4 miljoen euro). [&hellip;]\" \/>\n<meta property=\"og:url\" content=\"https:\/\/www.retaildetail.be\/nl\/news\/m-tail\/uniqlo-grote-winnaar-van-vrijgezellendag-op-tmall\/\" \/>\n<meta property=\"og:site_name\" content=\"RetailDetail BE\" \/>\n<meta property=\"article:published_time\" content=\"2015-11-13T08:23:24+00:00\" \/>\n<meta property=\"og:image\" content=\"https:\/\/i0.wp.com\/www.retaildetail.be\/wp-content\/uploads\/2022\/04\/logo.png?fit=281%2C147&quality=100&strip=all&ssl=1\" \/>\n\t<meta property=\"og:image:width\" content=\"281\" \/>\n\t<meta property=\"og:image:height\" content=\"147\" \/>\n\t<meta property=\"og:image:type\" content=\"image\/png\" \/>\n<meta name=\"author\" content=\"dev@grandiz.com\" \/>\n<meta name=\"twitter:card\" content=\"summary_large_image\" \/>\n<meta name=\"twitter:label1\" content=\"Geschreven door\" \/>\n\t<meta name=\"twitter:data1\" content=\"dev@grandiz.com\" \/>\n\t<meta name=\"twitter:label2\" content=\"Geschatte leestijd\" \/>\n\t<meta name=\"twitter:data2\" content=\"1 minuut\" \/>\n<script type=\"application\/ld+json\" class=\"yoast-schema-graph\">{\"@context\":\"https:\\\/\\\/schema.org\",\"@graph\":[{\"@type\":\"NewsArticle\",\"@id\":\"https:\\\/\\\/www.retaildetail.be\\\/nl\\\/news\\\/m-tail\\\/uniqlo-grote-winnaar-van-vrijgezellendag-op-tmall\\\/#article\",\"isPartOf\":{\"@id\":\"https:\\\/\\\/www.retaildetail.be\\\/nl\\\/news\\\/m-tail\\\/uniqlo-grote-winnaar-van-vrijgezellendag-op-tmall\\\/\"},\"author\":{\"name\":\"dev@grandiz.com\",\"@id\":\"https:\\\/\\\/www.retaildetail.be\\\/nl\\\/#\\\/schema\\\/person\\\/ba2d383452a753a3a1ce8cdb349b5fc9\"},\"headline\":\"Uniqlo grote winnaar van Vrijgezellendag op Tmall\",\"datePublished\":\"2015-11-13T08:23:24+00:00\",\"mainEntityOfPage\":{\"@id\":\"https:\\\/\\\/www.retaildetail.be\\\/nl\\\/news\\\/m-tail\\\/uniqlo-grote-winnaar-van-vrijgezellendag-op-tmall\\\/\"},\"wordCount\":179,\"publisher\":{\"@id\":\"https:\\\/\\\/www.retaildetail.be\\\/nl\\\/#organization\"},\"image\":{\"@id\":\"https:\\\/\\\/www.retaildetail.be\\\/nl\\\/news\\\/m-tail\\\/uniqlo-grote-winnaar-van-vrijgezellendag-op-tmall\\\/#primaryimage\"},\"thumbnailUrl\":\"https:\\\/\\\/www.retaildetail.be\\\/wp-content\\\/uploads\\\/2022\\\/04\\\/logo.png\",\"articleSection\":[\"m-Tail\"],\"inLanguage\":\"nl-NL\",\"copyrightYear\":\"2015\",\"copyrightHolder\":{\"@id\":\"https:\\\/\\\/www.retaildetail.be\\\/#organization\"}},{\"@type\":\"WebPage\",\"@id\":\"https:\\\/\\\/www.retaildetail.be\\\/nl\\\/news\\\/m-tail\\\/uniqlo-grote-winnaar-van-vrijgezellendag-op-tmall\\\/\",\"url\":\"https:\\\/\\\/www.retaildetail.be\\\/nl\\\/news\\\/m-tail\\\/uniqlo-grote-winnaar-van-vrijgezellendag-op-tmall\\\/\",\"name\":\"Uniqlo grote winnaar van Vrijgezellendag op Tmall - RetailDetail BE\",\"isPartOf\":{\"@id\":\"https:\\\/\\\/www.retaildetail.be\\\/nl\\\/#website\"},\"primaryImageOfPage\":{\"@id\":\"https:\\\/\\\/www.retaildetail.be\\\/nl\\\/news\\\/m-tail\\\/uniqlo-grote-winnaar-van-vrijgezellendag-op-tmall\\\/#primaryimage\"},\"image\":{\"@id\":\"https:\\\/\\\/www.retaildetail.be\\\/nl\\\/news\\\/m-tail\\\/uniqlo-grote-winnaar-van-vrijgezellendag-op-tmall\\\/#primaryimage\"},\"thumbnailUrl\":\"https:\\\/\\\/www.retaildetail.be\\\/wp-content\\\/uploads\\\/2022\\\/04\\\/logo.png\",\"datePublished\":\"2015-11-13T08:23:24+00:00\",\"breadcrumb\":{\"@id\":\"https:\\\/\\\/www.retaildetail.be\\\/nl\\\/news\\\/m-tail\\\/uniqlo-grote-winnaar-van-vrijgezellendag-op-tmall\\\/#breadcrumb\"},\"inLanguage\":\"nl-NL\",\"potentialAction\":[{\"@type\":\"ReadAction\",\"target\":[\"https:\\\/\\\/www.retaildetail.be\\\/nl\\\/news\\\/m-tail\\\/uniqlo-grote-winnaar-van-vrijgezellendag-op-tmall\\\/\"]}]},{\"@type\":\"ImageObject\",\"inLanguage\":\"nl-NL\",\"@id\":\"https:\\\/\\\/www.retaildetail.be\\\/nl\\\/news\\\/m-tail\\\/uniqlo-grote-winnaar-van-vrijgezellendag-op-tmall\\\/#primaryimage\",\"url\":\"https:\\\/\\\/www.retaildetail.be\\\/wp-content\\\/uploads\\\/2022\\\/04\\\/logo.png\",\"contentUrl\":\"https:\\\/\\\/www.retaildetail.be\\\/wp-content\\\/uploads\\\/2022\\\/04\\\/logo.png\",\"width\":281,\"height\":147},{\"@type\":\"BreadcrumbList\",\"@id\":\"https:\\\/\\\/www.retaildetail.be\\\/nl\\\/news\\\/m-tail\\\/uniqlo-grote-winnaar-van-vrijgezellendag-op-tmall\\\/#breadcrumb\",\"itemListElement\":[{\"@type\":\"ListItem\",\"position\":1,\"name\":\"Home\",\"item\":\"https:\\\/\\\/www.retaildetail.be\\\/nl\\\/\"},{\"@type\":\"ListItem\",\"position\":2,\"name\":\"Uniqlo grote winnaar van Vrijgezellendag op Tmall\"}]},{\"@type\":\"WebSite\",\"@id\":\"https:\\\/\\\/www.retaildetail.be\\\/nl\\\/#website\",\"url\":\"https:\\\/\\\/www.retaildetail.be\\\/nl\\\/\",\"name\":\"RetailDetail BE\",\"description\":\"News\",\"publisher\":{\"@id\":\"https:\\\/\\\/www.retaildetail.be\\\/nl\\\/#organization\"},\"potentialAction\":[{\"@type\":\"SearchAction\",\"target\":{\"@type\":\"EntryPoint\",\"urlTemplate\":\"https:\\\/\\\/www.retaildetail.be\\\/nl\\\/?s={search_term_string}\"},\"query-input\":{\"@type\":\"PropertyValueSpecification\",\"valueRequired\":true,\"valueName\":\"search_term_string\"}}],\"inLanguage\":\"nl-NL\"},{\"@type\":\"Organization\",\"@id\":\"https:\\\/\\\/www.retaildetail.be\\\/nl\\\/#organization\",\"name\":\"RetailDetail BE\",\"url\":\"https:\\\/\\\/www.retaildetail.be\\\/nl\\\/\",\"logo\":{\"@type\":\"ImageObject\",\"inLanguage\":\"nl-NL\",\"@id\":\"https:\\\/\\\/www.retaildetail.be\\\/nl\\\/#\\\/schema\\\/logo\\\/image\\\/\",\"url\":\"https:\\\/\\\/www.retaildetail.be\\\/wp-content\\\/uploads\\\/2022\\\/04\\\/logo.svg\",\"contentUrl\":\"https:\\\/\\\/www.retaildetail.be\\\/wp-content\\\/uploads\\\/2022\\\/04\\\/logo.svg\",\"width\":131,\"height\":70,\"caption\":\"RetailDetail BE\"},\"image\":{\"@id\":\"https:\\\/\\\/www.retaildetail.be\\\/nl\\\/#\\\/schema\\\/logo\\\/image\\\/\"}},{\"@type\":\"Person\",\"@id\":\"https:\\\/\\\/www.retaildetail.be\\\/nl\\\/#\\\/schema\\\/person\\\/ba2d383452a753a3a1ce8cdb349b5fc9\",\"name\":\"dev@grandiz.com\",\"image\":{\"@type\":\"ImageObject\",\"inLanguage\":\"nl-NL\",\"@id\":\"https:\\\/\\\/secure.gravatar.com\\\/avatar\\\/5f53ce9fb6eed4a60e5aaaa712be8773880fa9459d9cac9bc4aa4fdbce3f447f?s=96&d=mm&r=g\",\"url\":\"https:\\\/\\\/secure.gravatar.com\\\/avatar\\\/5f53ce9fb6eed4a60e5aaaa712be8773880fa9459d9cac9bc4aa4fdbce3f447f?s=96&d=mm&r=g\",\"contentUrl\":\"https:\\\/\\\/secure.gravatar.com\\\/avatar\\\/5f53ce9fb6eed4a60e5aaaa712be8773880fa9459d9cac9bc4aa4fdbce3f447f?s=96&d=mm&r=g\",\"caption\":\"dev@grandiz.com\"},\"sameAs\":[\"http:\\\/\\\/preprod.retaildetail.be\"],\"url\":\"https:\\\/\\\/www.retaildetail.be\\\/nl\\\/author\\\/devgrandiz-com\\\/\"}]}<\/script>\n<!-- \/ Yoast SEO plugin. -->","yoast_head_json":{"title":"Uniqlo grote winnaar van Vrijgezellendag op Tmall - RetailDetail BE","robots":{"index":"index","follow":"follow","max-snippet":"max-snippet:-1","max-image-preview":"max-image-preview:large","max-video-preview":"max-video-preview:-1"},"canonical":"https:\/\/www.retaildetail.be\/nl\/news\/m-tail\/uniqlo-grote-winnaar-van-vrijgezellendag-op-tmall\/","og_locale":"nl_NL","og_type":"article","og_title":"Uniqlo grote winnaar van Vrijgezellendag op Tmall - RetailDetail BE","og_description":"Verdubbeling omzet Het is al het tweede jaar op rij dat Uniqlo de macht grijpt in de categorie kleding. Vorig jaar stond het overall nog op een vijfde plaats. De totale verkoop van Uniqlo op Tmall tijdens Vrijgezellendag, dat op 11 november plaats vindt, kwam uit op meer dan 600 miljoen yuan (87,4 miljoen euro). [&hellip;]","og_url":"https:\/\/www.retaildetail.be\/nl\/news\/m-tail\/uniqlo-grote-winnaar-van-vrijgezellendag-op-tmall\/","og_site_name":"RetailDetail BE","article_published_time":"2015-11-13T08:23:24+00:00","og_image":[{"width":281,"height":147,"url":"https:\/\/i0.wp.com\/www.retaildetail.be\/wp-content\/uploads\/2022\/04\/logo.png?fit=281%2C147&quality=100&strip=all&ssl=1","type":"image\/png"}],"author":"dev@grandiz.com","twitter_card":"summary_large_image","twitter_misc":{"Geschreven door":"dev@grandiz.com","Geschatte leestijd":"1 minuut"},"schema":{"@context":"https:\/\/schema.org","@graph":[{"@type":"NewsArticle","@id":"https:\/\/www.retaildetail.be\/nl\/news\/m-tail\/uniqlo-grote-winnaar-van-vrijgezellendag-op-tmall\/#article","isPartOf":{"@id":"https:\/\/www.retaildetail.be\/nl\/news\/m-tail\/uniqlo-grote-winnaar-van-vrijgezellendag-op-tmall\/"},"author":{"name":"dev@grandiz.com","@id":"https:\/\/www.retaildetail.be\/nl\/#\/schema\/person\/ba2d383452a753a3a1ce8cdb349b5fc9"},"headline":"Uniqlo grote winnaar van Vrijgezellendag op Tmall","datePublished":"2015-11-13T08:23:24+00:00","mainEntityOfPage":{"@id":"https:\/\/www.retaildetail.be\/nl\/news\/m-tail\/uniqlo-grote-winnaar-van-vrijgezellendag-op-tmall\/"},"wordCount":179,"publisher":{"@id":"https:\/\/www.retaildetail.be\/nl\/#organization"},"image":{"@id":"https:\/\/www.retaildetail.be\/nl\/news\/m-tail\/uniqlo-grote-winnaar-van-vrijgezellendag-op-tmall\/#primaryimage"},"thumbnailUrl":"https:\/\/www.retaildetail.be\/wp-content\/uploads\/2022\/04\/logo.png","articleSection":["m-Tail"],"inLanguage":"nl-NL","copyrightYear":"2015","copyrightHolder":{"@id":"https:\/\/www.retaildetail.be\/#organization"}},{"@type":"WebPage","@id":"https:\/\/www.retaildetail.be\/nl\/news\/m-tail\/uniqlo-grote-winnaar-van-vrijgezellendag-op-tmall\/","url":"https:\/\/www.retaildetail.be\/nl\/news\/m-tail\/uniqlo-grote-winnaar-van-vrijgezellendag-op-tmall\/","name":"Uniqlo grote winnaar van Vrijgezellendag op Tmall - RetailDetail BE","isPartOf":{"@id":"https:\/\/www.retaildetail.be\/nl\/#website"},"primaryImageOfPage":{"@id":"https:\/\/www.retaildetail.be\/nl\/news\/m-tail\/uniqlo-grote-winnaar-van-vrijgezellendag-op-tmall\/#primaryimage"},"image":{"@id":"https:\/\/www.retaildetail.be\/nl\/news\/m-tail\/uniqlo-grote-winnaar-van-vrijgezellendag-op-tmall\/#primaryimage"},"thumbnailUrl":"https:\/\/www.retaildetail.be\/wp-content\/uploads\/2022\/04\/logo.png","datePublished":"2015-11-13T08:23:24+00:00","breadcrumb":{"@id":"https:\/\/www.retaildetail.be\/nl\/news\/m-tail\/uniqlo-grote-winnaar-van-vrijgezellendag-op-tmall\/#breadcrumb"},"inLanguage":"nl-NL","potentialAction":[{"@type":"ReadAction","target":["https:\/\/www.retaildetail.be\/nl\/news\/m-tail\/uniqlo-grote-winnaar-van-vrijgezellendag-op-tmall\/"]}]},{"@type":"ImageObject","inLanguage":"nl-NL","@id":"https:\/\/www.retaildetail.be\/nl\/news\/m-tail\/uniqlo-grote-winnaar-van-vrijgezellendag-op-tmall\/#primaryimage","url":"https:\/\/www.retaildetail.be\/wp-content\/uploads\/2022\/04\/logo.png","contentUrl":"https:\/\/www.retaildetail.be\/wp-content\/uploads\/2022\/04\/logo.png","width":281,"height":147},{"@type":"BreadcrumbList","@id":"https:\/\/www.retaildetail.be\/nl\/news\/m-tail\/uniqlo-grote-winnaar-van-vrijgezellendag-op-tmall\/#breadcrumb","itemListElement":[{"@type":"ListItem","position":1,"name":"Home","item":"https:\/\/www.retaildetail.be\/nl\/"},{"@type":"ListItem","position":2,"name":"Uniqlo grote winnaar van Vrijgezellendag op Tmall"}]},{"@type":"WebSite","@id":"https:\/\/www.retaildetail.be\/nl\/#website","url":"https:\/\/www.retaildetail.be\/nl\/","name":"RetailDetail BE","description":"News","publisher":{"@id":"https:\/\/www.retaildetail.be\/nl\/#organization"},"potentialAction":[{"@type":"SearchAction","target":{"@type":"EntryPoint","urlTemplate":"https:\/\/www.retaildetail.be\/nl\/?s={search_term_string}"},"query-input":{"@type":"PropertyValueSpecification","valueRequired":true,"valueName":"search_term_string"}}],"inLanguage":"nl-NL"},{"@type":"Organization","@id":"https:\/\/www.retaildetail.be\/nl\/#organization","name":"RetailDetail BE","url":"https:\/\/www.retaildetail.be\/nl\/","logo":{"@type":"ImageObject","inLanguage":"nl-NL","@id":"https:\/\/www.retaildetail.be\/nl\/#\/schema\/logo\/image\/","url":"https:\/\/www.retaildetail.be\/wp-content\/uploads\/2022\/04\/logo.svg","contentUrl":"https:\/\/www.retaildetail.be\/wp-content\/uploads\/2022\/04\/logo.svg","width":131,"height":70,"caption":"RetailDetail BE"},"image":{"@id":"https:\/\/www.retaildetail.be\/nl\/#\/schema\/logo\/image\/"}},{"@type":"Person","@id":"https:\/\/www.retaildetail.be\/nl\/#\/schema\/person\/ba2d383452a753a3a1ce8cdb349b5fc9","name":"dev@grandiz.com","image":{"@type":"ImageObject","inLanguage":"nl-NL","@id":"https:\/\/secure.gravatar.com\/avatar\/5f53ce9fb6eed4a60e5aaaa712be8773880fa9459d9cac9bc4aa4fdbce3f447f?s=96&d=mm&r=g","url":"https:\/\/secure.gravatar.com\/avatar\/5f53ce9fb6eed4a60e5aaaa712be8773880fa9459d9cac9bc4aa4fdbce3f447f?s=96&d=mm&r=g","contentUrl":"https:\/\/secure.gravatar.com\/avatar\/5f53ce9fb6eed4a60e5aaaa712be8773880fa9459d9cac9bc4aa4fdbce3f447f?s=96&d=mm&r=g","caption":"dev@grandiz.com"},"sameAs":["http:\/\/preprod.retaildetail.be"],"url":"https:\/\/www.retaildetail.be\/nl\/author\/devgrandiz-com\/"}]}},"jetpack_featured_media_url":"https:\/\/www.retaildetail.be\/wp-content\/uploads\/2022\/04\/logo.png","jetpack_sharing_enabled":true,"_links":{"self":[{"href":"https:\/\/www.retaildetail.be\/nl\/wp-json\/wp\/v2\/posts\/11045","targetHints":{"allow":["GET"]}}],"collection":[{"href":"https:\/\/www.retaildetail.be\/nl\/wp-json\/wp\/v2\/posts"}],"about":[{"href":"https:\/\/www.retaildetail.be\/nl\/wp-json\/wp\/v2\/types\/post"}],"author":[{"embeddable":true,"href":"https:\/\/www.retaildetail.be\/nl\/wp-json\/wp\/v2\/users\/1"}],"replies":[{"embeddable":true,"href":"https:\/\/www.retaildetail.be\/nl\/wp-json\/wp\/v2\/comments?post=11045"}],"version-history":[{"count":0,"href":"https:\/\/www.retaildetail.be\/nl\/wp-json\/wp\/v2\/posts\/11045\/revisions"}],"wp:featuredmedia":[{"embeddable":true,"href":"https:\/\/www.retaildetail.be\/nl\/wp-json\/wp\/v2\/media\/84"}],"wp:attachment":[{"href":"https:\/\/www.retaildetail.be\/nl\/wp-json\/wp\/v2\/media?parent=11045"}],"wp:term":[{"taxonomy":"category","embeddable":true,"href":"https:\/\/www.retaildetail.be\/nl\/wp-json\/wp\/v2\/categories?post=11045"},{"taxonomy":"post_tag","embeddable":true,"href":"https:\/\/www.retaildetail.be\/nl\/wp-json\/wp\/v2\/tags?post=11045"},{"taxonomy":"people","embeddable":true,"href":"https:\/\/www.retaildetail.be\/nl\/wp-json\/wp\/v2\/people?post=11045"},{"taxonomy":"extra","embeddable":true,"href":"https:\/\/www.retaildetail.be\/nl\/wp-json\/wp\/v2\/extra?post=11045"},{"taxonomy":"company","embeddable":true,"href":"https:\/\/www.retaildetail.be\/nl\/wp-json\/wp\/v2\/company?post=11045"},{"taxonomy":"topic","embeddable":true,"href":"https:\/\/www.retaildetail.be\/nl\/wp-json\/wp\/v2\/topic?post=11045"},{"taxonomy":"region","embeddable":true,"href":"https:\/\/www.retaildetail.be\/nl\/wp-json\/wp\/v2\/region?post=11045"}],"curies":[{"name":"wp","href":"https:\/\/api.w.org\/{rel}","templated":true}]}}