{"id":118586,"date":"2025-05-14T10:09:25","date_gmt":"2025-05-14T08:09:25","guid":{"rendered":"https:\/\/www.retaildetail.be\/?p=118586"},"modified":"2025-05-15T08:43:20","modified_gmt":"2025-05-15T06:43:20","slug":"de-essentie-van-categoriemanagement-is-het-wegnemen-van-aankoopbarrieres","status":"publish","type":"post","link":"https:\/\/www.retaildetail.be\/nl\/news\/algemeen\/de-essentie-van-categoriemanagement-is-het-wegnemen-van-aankoopbarrieres\/","title":{"rendered":"\u201cDe essentie van categoriemanagement is het wegnemen van aankoopbarri\u00e8res\u201d"},"content":{"rendered":"\n<p>Categoriemanagement is geen hogere wiskunde: eenvoud is de essentie. \u201cMaak het shoppers makkelijk om te kopen in de categorie. Neem alle barri\u00e8res weg die een verkoop kunnen tegenhouden\u201d, zegt expert Pascal Deckers van LD&amp;Co.<\/p>\n\n\n\n<h2 class=\"wp-block-heading\">Denk vanuit de shopper<\/h2>\n\n\n\n<p>Deckers ziet geregeld nogal wat barri\u00e8res wanneer hij supermarkten bezoekt, van ontbrekende producten tot onduidelijke communicatie. \u201cHet ontbreken van een prijsetiket, bijvoorbeeld: je kan dat een detail vinden, klanten weten wel ongeveer wat een fles melk of een pak koffie kost, maar ze willen geen onaangename verrassing beleven aan de kassa. Dat kan een mogelijke barri\u00e8re zijn om het product te kopen.\u201d Ziet het schap er helder uit, vinden shoppers er hun weg in? \u201cVeel fabrikanten houden van merkblokken. Dat levert vaak mooie foto\u2019s voor interne presentaties, maar het helpt de klanten niet altijd. We moeten veel meer denken vanuit de shopper: hoe maken we het winkelende klanten zo makkelijk mogelijk?<\/p>\n\n\n\n<p>\u201cKlanten die hun product niet vinden, zijn een beetje verloren. Er is een promotie, maar ze is niet duidelijk voor mij, ik snap niet wat ik moet doen. Geldt de promotie enkel als ik een klantenkaart heb, of niet? Mag ik productvarianten combineren bij een 2+2?\u201d Zulke twijfels leiden tot gemiste verkopen. \u201cLost in Store\u201d is dan ook de titel van de presentatie die Deckers zal geven tijdens het Category Management Congress van LD&amp;Co en RetailDetail op 19 juni in Antwerpen.<\/p>\n\n\n\n<h2 class=\"wp-block-heading\">Geen verkoopverhaal<\/h2>\n\n\n\n<p>Hoe kan je als fabrikant het verschil maken met categoriemanagement? \u201cHet vertrekt altijd vanuit een duidelijke categorievisie. Ik merk dat een categorievisie nog te vaak verward wordt met een merk- of bedrijfsvisie. Fabrikanten bepalen dan eerst waar ze met hun merken naartoe willen, en formuleren vervolgens een categorievisie die dat pad ondersteunt. Maar dat is net de omgekeerde wereld: een sterke categorievisie vertrekt altijd vanuit de shopper en de rol van de categorie \u2014 niet vanuit het merk.\u201d Een veelvoorkomende uitdaging is dat categoriemanagement vandaag nog vaak een onderdeel is van de salesafdeling. \u201cDaar schuilt een gevaar in: dat je een <em>salespitch<\/em> gaat verpakken in een categoriemanagementverhaal. Dat hebben retailers snel door. Zet de categorie eerst, de shopper eerst, en zorg dan dat je je merk daaraan kan koppelen. In die volgorde.\u201d<\/p>\n\n\n\n<p>Retailers hebben heel veel categorie\u00ebn te managen, fabrikanten vaak slechts \u00e9\u00e9n of enkele. Dat opent mogelijkheden: \u201cAls fabrikant sta je op en ga je slapen met je categorie. Om het verschil te maken in categoriemanagement moet je de retailer een bril aanreiken om naar de categorie te kijken. Waar zitten de drie \u00e0 vijf groeidrijvers voor deze categorie de komende vijf \u00e0 tien jaar? Hoe kunnen jouw merken de retailer helpen om die groei te realiseren?\u201d<\/p>\n\n\n\n<h2 class=\"wp-block-heading\">Betrek de verkoopploeg<\/h2>\n\n\n\n<p>Ook het belang van de <em>field sales<\/em>-ploegen wordt onderschat: er is een veel te grote afstand tussen strategie en executie, vindt Deckers. \u201cJe kan een mooie presentatie geven op het hoofdkantoor van de supermarktketen, maar wat met de mensen die de strategie moeten uitvoeren, op de winkelvloer? Kennen de vertegenwoordigers de categorievisie, de groeipijlers? Als ze de kans krijgen om samen met ondernemers of winkeldirecteurs een product in de kijker te zetten, gaan ze dan de juiste keuzes maken?\u201d<\/p>\n\n\n\n<p><em>Hoe maak je het shoppers zo makkelijk mogelijk om te kopen in je categorie? In een presentatie met veel sprekende beelden vanop de winkelvloer inspireert Pascal Deckers categoriemanagers om de shopper op de eerste plaats te zetten, tijdens het Category Management Congress van LD&amp;Co en RetailDetail op 19 juni in Antwerpen. Ook sprekers van Albert Heijn, BENU Apotheken, Nutrition &amp; Sant\u00e9 en Promojagers betreden die dag het podium. Reserveer nog tot 25 mei je voordelige \u2018early bird\u2019-ticket via de knop hieronder.<\/em><\/p>\n\n\n\n<div class=\"wp-block-buttons is-layout-flex wp-block-buttons-is-layout-flex\">\n<div class=\"wp-block-button\"><a class=\"wp-block-button__link has-vivid-red-background-color has-background wp-element-button\" href=\"https:\/\/www.retaildetail.be\/nl\/retail-events\/category-management-congress-2025\/\">Ik kom naar het Category Management Congress<\/a><\/div>\n<\/div>\n","protected":false},"excerpt":{"rendered":"<p>Categoriemanagement is geen hogere wiskunde: eenvoud is de essentie. \u201cMaak het shoppers makkelijk om te kopen in de categorie. Neem alle barri\u00e8res weg die een verkoop kunnen tegenhouden\u201d, zegt expert Pascal Deckers van LD&#038;Co. <\/p>\n","protected":false},"author":3,"featured_media":118587,"comment_status":"closed","ping_status":"closed","sticky":false,"template":"","format":"standard","meta":{"_acf_changed":false,"inline_featured_image":false,"_jetpack_memberships_contains_paid_content":false,"footnotes":""},"categories":[15],"tags":[],"people":[],"extra":[],"company":[],"topic":[1335],"region":[],"class_list":["post-118586","post","type-post","status-publish","format-standard","has-post-thumbnail","hentry","category-algemeen","topic-category-management-congress"],"acf":[],"yoast_head":"<!-- This site is optimized with the Yoast SEO plugin v27.3 - https:\/\/yoast.com\/product\/yoast-seo-wordpress\/ -->\n<title>\u201cDe essentie van categoriemanagement is het wegnemen van aankoopbarri\u00e8res\u201d - RetailDetail BE<\/title>\n<meta name=\"description\" content=\"De essentie van categoriemanagement : \u201cNeem alle barri\u00e8res weg die een verkoop kunnen tegenhouden\u201d, zegt expert Pascal Deckers van LD&amp;Co.\" \/>\n<meta name=\"robots\" content=\"index, follow, max-snippet:-1, max-image-preview:large, max-video-preview:-1\" \/>\n<link rel=\"canonical\" href=\"https:\/\/www.retaildetail.be\/nl\/news\/algemeen\/de-essentie-van-categoriemanagement-is-het-wegnemen-van-aankoopbarrieres\/\" \/>\n<meta property=\"og:locale\" content=\"nl_NL\" \/>\n<meta property=\"og:type\" content=\"article\" \/>\n<meta property=\"og:title\" content=\"\u201cDe essentie van categoriemanagement is het wegnemen van aankoopbarri\u00e8res\u201d - RetailDetail BE\" \/>\n<meta property=\"og:description\" content=\"De essentie van categoriemanagement : \u201cNeem alle barri\u00e8res weg die een verkoop kunnen tegenhouden\u201d, zegt expert Pascal Deckers van LD&amp;Co.\" \/>\n<meta property=\"og:url\" content=\"https:\/\/www.retaildetail.be\/nl\/news\/algemeen\/de-essentie-van-categoriemanagement-is-het-wegnemen-van-aankoopbarrieres\/\" \/>\n<meta property=\"og:site_name\" content=\"RetailDetail BE\" \/>\n<meta property=\"article:published_time\" content=\"2025-05-14T08:09:25+00:00\" \/>\n<meta property=\"article:modified_time\" content=\"2025-05-15T06:43:20+00:00\" \/>\n<meta property=\"og:image\" content=\"https:\/\/www.retaildetail.be\/wp-content\/uploads\/2025\/05\/LDPD-29-2023-06-25-08_55_47-scaled.jpg\" \/>\n\t<meta property=\"og:image:width\" content=\"2560\" \/>\n\t<meta property=\"og:image:height\" content=\"1845\" \/>\n\t<meta property=\"og:image:type\" content=\"image\/jpeg\" \/>\n<meta name=\"author\" content=\"Stefan Van Rompaey\" \/>\n<meta name=\"twitter:card\" content=\"summary_large_image\" \/>\n<meta name=\"twitter:label1\" content=\"Geschreven door\" \/>\n\t<meta name=\"twitter:data1\" content=\"Stefan Van Rompaey\" \/>\n\t<meta name=\"twitter:label2\" content=\"Geschatte leestijd\" \/>\n\t<meta name=\"twitter:data2\" content=\"3 minuten\" \/>\n<script type=\"application\/ld+json\" class=\"yoast-schema-graph\">{\"@context\":\"https:\\\/\\\/schema.org\",\"@graph\":[{\"@type\":\"NewsArticle\",\"@id\":\"https:\\\/\\\/www.retaildetail.be\\\/nl\\\/news\\\/algemeen\\\/de-essentie-van-categoriemanagement-is-het-wegnemen-van-aankoopbarrieres\\\/#article\",\"isPartOf\":{\"@id\":\"https:\\\/\\\/www.retaildetail.be\\\/nl\\\/news\\\/algemeen\\\/de-essentie-van-categoriemanagement-is-het-wegnemen-van-aankoopbarrieres\\\/\"},\"author\":{\"name\":\"Stefan Van Rompaey\",\"@id\":\"https:\\\/\\\/www.retaildetail.be\\\/nl\\\/#\\\/schema\\\/person\\\/51aec6069c4416aa2f68b2e4ff3455df\"},\"headline\":\"\u201cDe essentie van categoriemanagement is het wegnemen van aankoopbarri\u00e8res\u201d\",\"datePublished\":\"2025-05-14T08:09:25+00:00\",\"dateModified\":\"2025-05-15T06:43:20+00:00\",\"mainEntityOfPage\":{\"@id\":\"https:\\\/\\\/www.retaildetail.be\\\/nl\\\/news\\\/algemeen\\\/de-essentie-van-categoriemanagement-is-het-wegnemen-van-aankoopbarrieres\\\/\"},\"wordCount\":625,\"publisher\":{\"@id\":\"https:\\\/\\\/www.retaildetail.be\\\/nl\\\/#organization\"},\"image\":{\"@id\":\"https:\\\/\\\/www.retaildetail.be\\\/nl\\\/news\\\/algemeen\\\/de-essentie-van-categoriemanagement-is-het-wegnemen-van-aankoopbarrieres\\\/#primaryimage\"},\"thumbnailUrl\":\"https:\\\/\\\/www.retaildetail.be\\\/wp-content\\\/uploads\\\/2025\\\/05\\\/LDPD-29-2023-06-25-08_55_47-scaled.jpg\",\"articleSection\":[\"Algemeen\"],\"inLanguage\":\"nl-NL\",\"copyrightYear\":\"2025\",\"copyrightHolder\":{\"@id\":\"https:\\\/\\\/www.retaildetail.be\\\/#organization\"}},{\"@type\":\"WebPage\",\"@id\":\"https:\\\/\\\/www.retaildetail.be\\\/nl\\\/news\\\/algemeen\\\/de-essentie-van-categoriemanagement-is-het-wegnemen-van-aankoopbarrieres\\\/\",\"url\":\"https:\\\/\\\/www.retaildetail.be\\\/nl\\\/news\\\/algemeen\\\/de-essentie-van-categoriemanagement-is-het-wegnemen-van-aankoopbarrieres\\\/\",\"name\":\"\u201cDe essentie van categoriemanagement is het wegnemen van aankoopbarri\u00e8res\u201d - RetailDetail BE\",\"isPartOf\":{\"@id\":\"https:\\\/\\\/www.retaildetail.be\\\/nl\\\/#website\"},\"primaryImageOfPage\":{\"@id\":\"https:\\\/\\\/www.retaildetail.be\\\/nl\\\/news\\\/algemeen\\\/de-essentie-van-categoriemanagement-is-het-wegnemen-van-aankoopbarrieres\\\/#primaryimage\"},\"image\":{\"@id\":\"https:\\\/\\\/www.retaildetail.be\\\/nl\\\/news\\\/algemeen\\\/de-essentie-van-categoriemanagement-is-het-wegnemen-van-aankoopbarrieres\\\/#primaryimage\"},\"thumbnailUrl\":\"https:\\\/\\\/www.retaildetail.be\\\/wp-content\\\/uploads\\\/2025\\\/05\\\/LDPD-29-2023-06-25-08_55_47-scaled.jpg\",\"datePublished\":\"2025-05-14T08:09:25+00:00\",\"dateModified\":\"2025-05-15T06:43:20+00:00\",\"description\":\"De essentie van categoriemanagement : \u201cNeem alle barri\u00e8res weg die een verkoop kunnen tegenhouden\u201d, zegt expert Pascal Deckers van LD&Co.\",\"breadcrumb\":{\"@id\":\"https:\\\/\\\/www.retaildetail.be\\\/nl\\\/news\\\/algemeen\\\/de-essentie-van-categoriemanagement-is-het-wegnemen-van-aankoopbarrieres\\\/#breadcrumb\"},\"inLanguage\":\"nl-NL\",\"potentialAction\":[{\"@type\":\"ReadAction\",\"target\":[\"https:\\\/\\\/www.retaildetail.be\\\/nl\\\/news\\\/algemeen\\\/de-essentie-van-categoriemanagement-is-het-wegnemen-van-aankoopbarrieres\\\/\"]}]},{\"@type\":\"ImageObject\",\"inLanguage\":\"nl-NL\",\"@id\":\"https:\\\/\\\/www.retaildetail.be\\\/nl\\\/news\\\/algemeen\\\/de-essentie-van-categoriemanagement-is-het-wegnemen-van-aankoopbarrieres\\\/#primaryimage\",\"url\":\"https:\\\/\\\/www.retaildetail.be\\\/wp-content\\\/uploads\\\/2025\\\/05\\\/LDPD-29-2023-06-25-08_55_47-scaled.jpg\",\"contentUrl\":\"https:\\\/\\\/www.retaildetail.be\\\/wp-content\\\/uploads\\\/2025\\\/05\\\/LDPD-29-2023-06-25-08_55_47-scaled.jpg\",\"width\":2560,\"height\":1845,\"caption\":\"Pascal Deckers, LD&Co\"},{\"@type\":\"BreadcrumbList\",\"@id\":\"https:\\\/\\\/www.retaildetail.be\\\/nl\\\/news\\\/algemeen\\\/de-essentie-van-categoriemanagement-is-het-wegnemen-van-aankoopbarrieres\\\/#breadcrumb\",\"itemListElement\":[{\"@type\":\"ListItem\",\"position\":1,\"name\":\"Home\",\"item\":\"https:\\\/\\\/www.retaildetail.be\\\/nl\\\/\"},{\"@type\":\"ListItem\",\"position\":2,\"name\":\"\u201cDe essentie van categoriemanagement is het wegnemen van aankoopbarri\u00e8res\u201d\"}]},{\"@type\":\"WebSite\",\"@id\":\"https:\\\/\\\/www.retaildetail.be\\\/nl\\\/#website\",\"url\":\"https:\\\/\\\/www.retaildetail.be\\\/nl\\\/\",\"name\":\"RetailDetail BE\",\"description\":\"News\",\"publisher\":{\"@id\":\"https:\\\/\\\/www.retaildetail.be\\\/nl\\\/#organization\"},\"potentialAction\":[{\"@type\":\"SearchAction\",\"target\":{\"@type\":\"EntryPoint\",\"urlTemplate\":\"https:\\\/\\\/www.retaildetail.be\\\/nl\\\/?s={search_term_string}\"},\"query-input\":{\"@type\":\"PropertyValueSpecification\",\"valueRequired\":true,\"valueName\":\"search_term_string\"}}],\"inLanguage\":\"nl-NL\"},{\"@type\":\"Organization\",\"@id\":\"https:\\\/\\\/www.retaildetail.be\\\/nl\\\/#organization\",\"name\":\"RetailDetail BE\",\"url\":\"https:\\\/\\\/www.retaildetail.be\\\/nl\\\/\",\"logo\":{\"@type\":\"ImageObject\",\"inLanguage\":\"nl-NL\",\"@id\":\"https:\\\/\\\/www.retaildetail.be\\\/nl\\\/#\\\/schema\\\/logo\\\/image\\\/\",\"url\":\"https:\\\/\\\/www.retaildetail.be\\\/wp-content\\\/uploads\\\/2022\\\/04\\\/logo.svg\",\"contentUrl\":\"https:\\\/\\\/www.retaildetail.be\\\/wp-content\\\/uploads\\\/2022\\\/04\\\/logo.svg\",\"width\":131,\"height\":70,\"caption\":\"RetailDetail BE\"},\"image\":{\"@id\":\"https:\\\/\\\/www.retaildetail.be\\\/nl\\\/#\\\/schema\\\/logo\\\/image\\\/\"}},{\"@type\":\"Person\",\"@id\":\"https:\\\/\\\/www.retaildetail.be\\\/nl\\\/#\\\/schema\\\/person\\\/51aec6069c4416aa2f68b2e4ff3455df\",\"name\":\"Stefan Van Rompaey\",\"image\":{\"@type\":\"ImageObject\",\"inLanguage\":\"nl-NL\",\"@id\":\"https:\\\/\\\/secure.gravatar.com\\\/avatar\\\/fbbb4a80a0f109888b2a5ab8ae255617499ecde533749b3ab2fa6c23b5d65dac?s=96&d=mm&r=g\",\"url\":\"https:\\\/\\\/secure.gravatar.com\\\/avatar\\\/fbbb4a80a0f109888b2a5ab8ae255617499ecde533749b3ab2fa6c23b5d65dac?s=96&d=mm&r=g\",\"contentUrl\":\"https:\\\/\\\/secure.gravatar.com\\\/avatar\\\/fbbb4a80a0f109888b2a5ab8ae255617499ecde533749b3ab2fa6c23b5d65dac?s=96&d=mm&r=g\",\"caption\":\"Stefan Van Rompaey\"},\"url\":\"https:\\\/\\\/www.retaildetail.be\\\/nl\\\/author\\\/stefanvanrompaey\\\/\"}]}<\/script>\n<!-- \/ Yoast SEO plugin. -->","yoast_head_json":{"title":"\u201cDe essentie van categoriemanagement is het wegnemen van aankoopbarri\u00e8res\u201d - RetailDetail BE","description":"De essentie van categoriemanagement : \u201cNeem alle barri\u00e8res weg die een verkoop kunnen tegenhouden\u201d, zegt expert Pascal Deckers van LD&Co.","robots":{"index":"index","follow":"follow","max-snippet":"max-snippet:-1","max-image-preview":"max-image-preview:large","max-video-preview":"max-video-preview:-1"},"canonical":"https:\/\/www.retaildetail.be\/nl\/news\/algemeen\/de-essentie-van-categoriemanagement-is-het-wegnemen-van-aankoopbarrieres\/","og_locale":"nl_NL","og_type":"article","og_title":"\u201cDe essentie van categoriemanagement is het wegnemen van aankoopbarri\u00e8res\u201d - RetailDetail BE","og_description":"De essentie van categoriemanagement : \u201cNeem alle barri\u00e8res weg die een verkoop kunnen tegenhouden\u201d, zegt expert Pascal Deckers van LD&Co.","og_url":"https:\/\/www.retaildetail.be\/nl\/news\/algemeen\/de-essentie-van-categoriemanagement-is-het-wegnemen-van-aankoopbarrieres\/","og_site_name":"RetailDetail BE","article_published_time":"2025-05-14T08:09:25+00:00","article_modified_time":"2025-05-15T06:43:20+00:00","og_image":[{"width":2560,"height":1845,"url":"https:\/\/www.retaildetail.be\/wp-content\/uploads\/2025\/05\/LDPD-29-2023-06-25-08_55_47-scaled.jpg","type":"image\/jpeg"}],"author":"Stefan Van Rompaey","twitter_card":"summary_large_image","twitter_misc":{"Geschreven door":"Stefan Van Rompaey","Geschatte leestijd":"3 minuten"},"schema":{"@context":"https:\/\/schema.org","@graph":[{"@type":"NewsArticle","@id":"https:\/\/www.retaildetail.be\/nl\/news\/algemeen\/de-essentie-van-categoriemanagement-is-het-wegnemen-van-aankoopbarrieres\/#article","isPartOf":{"@id":"https:\/\/www.retaildetail.be\/nl\/news\/algemeen\/de-essentie-van-categoriemanagement-is-het-wegnemen-van-aankoopbarrieres\/"},"author":{"name":"Stefan Van Rompaey","@id":"https:\/\/www.retaildetail.be\/nl\/#\/schema\/person\/51aec6069c4416aa2f68b2e4ff3455df"},"headline":"\u201cDe essentie van categoriemanagement is het wegnemen van aankoopbarri\u00e8res\u201d","datePublished":"2025-05-14T08:09:25+00:00","dateModified":"2025-05-15T06:43:20+00:00","mainEntityOfPage":{"@id":"https:\/\/www.retaildetail.be\/nl\/news\/algemeen\/de-essentie-van-categoriemanagement-is-het-wegnemen-van-aankoopbarrieres\/"},"wordCount":625,"publisher":{"@id":"https:\/\/www.retaildetail.be\/nl\/#organization"},"image":{"@id":"https:\/\/www.retaildetail.be\/nl\/news\/algemeen\/de-essentie-van-categoriemanagement-is-het-wegnemen-van-aankoopbarrieres\/#primaryimage"},"thumbnailUrl":"https:\/\/www.retaildetail.be\/wp-content\/uploads\/2025\/05\/LDPD-29-2023-06-25-08_55_47-scaled.jpg","articleSection":["Algemeen"],"inLanguage":"nl-NL","copyrightYear":"2025","copyrightHolder":{"@id":"https:\/\/www.retaildetail.be\/#organization"}},{"@type":"WebPage","@id":"https:\/\/www.retaildetail.be\/nl\/news\/algemeen\/de-essentie-van-categoriemanagement-is-het-wegnemen-van-aankoopbarrieres\/","url":"https:\/\/www.retaildetail.be\/nl\/news\/algemeen\/de-essentie-van-categoriemanagement-is-het-wegnemen-van-aankoopbarrieres\/","name":"\u201cDe essentie van categoriemanagement is het wegnemen van aankoopbarri\u00e8res\u201d - RetailDetail BE","isPartOf":{"@id":"https:\/\/www.retaildetail.be\/nl\/#website"},"primaryImageOfPage":{"@id":"https:\/\/www.retaildetail.be\/nl\/news\/algemeen\/de-essentie-van-categoriemanagement-is-het-wegnemen-van-aankoopbarrieres\/#primaryimage"},"image":{"@id":"https:\/\/www.retaildetail.be\/nl\/news\/algemeen\/de-essentie-van-categoriemanagement-is-het-wegnemen-van-aankoopbarrieres\/#primaryimage"},"thumbnailUrl":"https:\/\/www.retaildetail.be\/wp-content\/uploads\/2025\/05\/LDPD-29-2023-06-25-08_55_47-scaled.jpg","datePublished":"2025-05-14T08:09:25+00:00","dateModified":"2025-05-15T06:43:20+00:00","description":"De essentie van categoriemanagement : \u201cNeem alle barri\u00e8res weg die een verkoop kunnen tegenhouden\u201d, zegt expert Pascal Deckers van LD&Co.","breadcrumb":{"@id":"https:\/\/www.retaildetail.be\/nl\/news\/algemeen\/de-essentie-van-categoriemanagement-is-het-wegnemen-van-aankoopbarrieres\/#breadcrumb"},"inLanguage":"nl-NL","potentialAction":[{"@type":"ReadAction","target":["https:\/\/www.retaildetail.be\/nl\/news\/algemeen\/de-essentie-van-categoriemanagement-is-het-wegnemen-van-aankoopbarrieres\/"]}]},{"@type":"ImageObject","inLanguage":"nl-NL","@id":"https:\/\/www.retaildetail.be\/nl\/news\/algemeen\/de-essentie-van-categoriemanagement-is-het-wegnemen-van-aankoopbarrieres\/#primaryimage","url":"https:\/\/www.retaildetail.be\/wp-content\/uploads\/2025\/05\/LDPD-29-2023-06-25-08_55_47-scaled.jpg","contentUrl":"https:\/\/www.retaildetail.be\/wp-content\/uploads\/2025\/05\/LDPD-29-2023-06-25-08_55_47-scaled.jpg","width":2560,"height":1845,"caption":"Pascal Deckers, LD&Co"},{"@type":"BreadcrumbList","@id":"https:\/\/www.retaildetail.be\/nl\/news\/algemeen\/de-essentie-van-categoriemanagement-is-het-wegnemen-van-aankoopbarrieres\/#breadcrumb","itemListElement":[{"@type":"ListItem","position":1,"name":"Home","item":"https:\/\/www.retaildetail.be\/nl\/"},{"@type":"ListItem","position":2,"name":"\u201cDe essentie van categoriemanagement is het wegnemen van aankoopbarri\u00e8res\u201d"}]},{"@type":"WebSite","@id":"https:\/\/www.retaildetail.be\/nl\/#website","url":"https:\/\/www.retaildetail.be\/nl\/","name":"RetailDetail BE","description":"News","publisher":{"@id":"https:\/\/www.retaildetail.be\/nl\/#organization"},"potentialAction":[{"@type":"SearchAction","target":{"@type":"EntryPoint","urlTemplate":"https:\/\/www.retaildetail.be\/nl\/?s={search_term_string}"},"query-input":{"@type":"PropertyValueSpecification","valueRequired":true,"valueName":"search_term_string"}}],"inLanguage":"nl-NL"},{"@type":"Organization","@id":"https:\/\/www.retaildetail.be\/nl\/#organization","name":"RetailDetail BE","url":"https:\/\/www.retaildetail.be\/nl\/","logo":{"@type":"ImageObject","inLanguage":"nl-NL","@id":"https:\/\/www.retaildetail.be\/nl\/#\/schema\/logo\/image\/","url":"https:\/\/www.retaildetail.be\/wp-content\/uploads\/2022\/04\/logo.svg","contentUrl":"https:\/\/www.retaildetail.be\/wp-content\/uploads\/2022\/04\/logo.svg","width":131,"height":70,"caption":"RetailDetail BE"},"image":{"@id":"https:\/\/www.retaildetail.be\/nl\/#\/schema\/logo\/image\/"}},{"@type":"Person","@id":"https:\/\/www.retaildetail.be\/nl\/#\/schema\/person\/51aec6069c4416aa2f68b2e4ff3455df","name":"Stefan Van Rompaey","image":{"@type":"ImageObject","inLanguage":"nl-NL","@id":"https:\/\/secure.gravatar.com\/avatar\/fbbb4a80a0f109888b2a5ab8ae255617499ecde533749b3ab2fa6c23b5d65dac?s=96&d=mm&r=g","url":"https:\/\/secure.gravatar.com\/avatar\/fbbb4a80a0f109888b2a5ab8ae255617499ecde533749b3ab2fa6c23b5d65dac?s=96&d=mm&r=g","contentUrl":"https:\/\/secure.gravatar.com\/avatar\/fbbb4a80a0f109888b2a5ab8ae255617499ecde533749b3ab2fa6c23b5d65dac?s=96&d=mm&r=g","caption":"Stefan Van Rompaey"},"url":"https:\/\/www.retaildetail.be\/nl\/author\/stefanvanrompaey\/"}]}},"jetpack_featured_media_url":"https:\/\/www.retaildetail.be\/wp-content\/uploads\/2025\/05\/LDPD-29-2023-06-25-08_55_47-scaled.jpg","jetpack_sharing_enabled":true,"_links":{"self":[{"href":"https:\/\/www.retaildetail.be\/nl\/wp-json\/wp\/v2\/posts\/118586","targetHints":{"allow":["GET"]}}],"collection":[{"href":"https:\/\/www.retaildetail.be\/nl\/wp-json\/wp\/v2\/posts"}],"about":[{"href":"https:\/\/www.retaildetail.be\/nl\/wp-json\/wp\/v2\/types\/post"}],"author":[{"embeddable":true,"href":"https:\/\/www.retaildetail.be\/nl\/wp-json\/wp\/v2\/users\/3"}],"replies":[{"embeddable":true,"href":"https:\/\/www.retaildetail.be\/nl\/wp-json\/wp\/v2\/comments?post=118586"}],"version-history":[{"count":4,"href":"https:\/\/www.retaildetail.be\/nl\/wp-json\/wp\/v2\/posts\/118586\/revisions"}],"predecessor-version":[{"id":118667,"href":"https:\/\/www.retaildetail.be\/nl\/wp-json\/wp\/v2\/posts\/118586\/revisions\/118667"}],"wp:featuredmedia":[{"embeddable":true,"href":"https:\/\/www.retaildetail.be\/nl\/wp-json\/wp\/v2\/media\/118587"}],"wp:attachment":[{"href":"https:\/\/www.retaildetail.be\/nl\/wp-json\/wp\/v2\/media?parent=118586"}],"wp:term":[{"taxonomy":"category","embeddable":true,"href":"https:\/\/www.retaildetail.be\/nl\/wp-json\/wp\/v2\/categories?post=118586"},{"taxonomy":"post_tag","embeddable":true,"href":"https:\/\/www.retaildetail.be\/nl\/wp-json\/wp\/v2\/tags?post=118586"},{"taxonomy":"people","embeddable":true,"href":"https:\/\/www.retaildetail.be\/nl\/wp-json\/wp\/v2\/people?post=118586"},{"taxonomy":"extra","embeddable":true,"href":"https:\/\/www.retaildetail.be\/nl\/wp-json\/wp\/v2\/extra?post=118586"},{"taxonomy":"company","embeddable":true,"href":"https:\/\/www.retaildetail.be\/nl\/wp-json\/wp\/v2\/company?post=118586"},{"taxonomy":"topic","embeddable":true,"href":"https:\/\/www.retaildetail.be\/nl\/wp-json\/wp\/v2\/topic?post=118586"},{"taxonomy":"region","embeddable":true,"href":"https:\/\/www.retaildetail.be\/nl\/wp-json\/wp\/v2\/region?post=118586"}],"curies":[{"name":"wp","href":"https:\/\/api.w.org\/{rel}","templated":true}]}}