{"id":126170,"date":"2025-08-26T14:05:29","date_gmt":"2025-08-26T12:05:29","guid":{"rendered":"https:\/\/www.retaildetail.be\/?p=126170"},"modified":"2025-08-26T15:00:12","modified_gmt":"2025-08-26T13:00:12","slug":"easytoys-moederbedrijf-zoekt-al-na-een-jaar-nieuwe-ceo","status":"publish","type":"post","link":"https:\/\/www.retaildetail.be\/nl\/news\/schoonheid-verzorging\/easytoys-moederbedrijf-zoekt-al-na-een-jaar-nieuwe-ceo\/","title":{"rendered":"Moederbedrijf EasyToys zoekt al na een jaar nieuwe CEO"},"content":{"rendered":"\n<p>Marc van Boven, de topman van <strong>EasyToys<\/strong>-moederbedrijf <strong>EQOM<\/strong>, treedt op 1&nbsp;september terug. B2C-hoofd Anneke Kamphuis wordt interim-CEO en wil \u201crust en stabiliteit brengen na een periode van veel verandering\u201d bij de verdeler van seksspeeltjes.<\/p>\n\n\n\n<h2 class=\"wp-block-heading\">Ambitie: wereldspeler worden<\/h2>\n\n\n\n<p>Van Boven trad pas in juli&nbsp;2024 aan, maar zegt nu na \u201ceen intensieve en impactvolle periode\u201d ruimte te willen maken voor een volgende stap buiten de organisatie. Onder zijn leiding werden de nationale entiteiten van EQOM samengebracht tot \u00e9\u00e9n ge\u00efntegreerde structuur, met gedeelde diensten voor onder meer inkoop en marketing.<\/p>\n\n\n\n<p>Recent introduceerde Van Boven vanuit zijn achtergrond in de farmaceutische industrie nog de nieuwe productlijn EasyToys Health, een supplementenreeks die sinds juli via EasyToys en drogisterijketen <strong>Etos<\/strong> wordt verkocht. &#8220;We hebben stappen gezet richting onze ambitie om wereldspeler te worden en ik ben trots op het fundament dat er nu ligt&#8221;, aldus de vertrekkende CEO.<\/p>\n\n\n\n<p>In afwachting van een nieuwe CEO benoemde de raad van bestuur Kamphuis tot interim-CEO. Behalve aan \u201crust en stabiliteit\u201d werkt ze aan verdere optimalisatie van de gedeelde diensten, uitbreiding van het datateam en de opening van een satellietkantoor in Hilversum. Samen met aandeelhouder Waterland is EQOM inmiddels gestart met de zoektocht naar een definitieve opvolger.<\/p>\n","protected":false},"excerpt":{"rendered":"<p>Marc van Boven, de topman van EasyToys-moederbedrijf EQOM, treedt op 1 september terug. B2C-hoofd Anneke Kamphuis wordt interim-CEO en wil \u201crust en stabiliteit brengen na een periode van veel verandering\u201d bij de verdeler van seksspeeltjes.<\/p>\n","protected":false},"author":5,"featured_media":126172,"comment_status":"closed","ping_status":"closed","sticky":false,"template":"","format":"standard","meta":{"_acf_changed":false,"inline_featured_image":false,"_jetpack_memberships_contains_paid_content":false,"footnotes":""},"categories":[19],"tags":[],"people":[],"extra":[],"company":[1783],"topic":[478],"region":[113],"class_list":["post-126170","post","type-post","status-publish","format-standard","has-post-thumbnail","hentry","category-schoonheid-verzorging","company-easytoys","topic-managementwissel","region-nederland"],"acf":[],"yoast_head":"<!-- This site is optimized with the Yoast SEO plugin v27.3 - https:\/\/yoast.com\/product\/yoast-seo-wordpress\/ -->\n<title>Moederbedrijf EasyToys zoekt al na een jaar nieuwe CEO - RetailDetail BE<\/title>\n<meta name=\"robots\" content=\"index, follow, max-snippet:-1, max-image-preview:large, max-video-preview:-1\" \/>\n<link rel=\"canonical\" href=\"https:\/\/www.retaildetail.be\/nl\/news\/schoonheid-verzorging\/easytoys-moederbedrijf-zoekt-al-na-een-jaar-nieuwe-ceo\/\" \/>\n<meta property=\"og:locale\" content=\"nl_NL\" \/>\n<meta property=\"og:type\" content=\"article\" \/>\n<meta property=\"og:title\" content=\"Moederbedrijf EasyToys zoekt al na een jaar nieuwe CEO - RetailDetail BE\" \/>\n<meta property=\"og:description\" content=\"Marc van Boven, de topman van EasyToys-moederbedrijf EQOM, treedt op 1 september terug. B2C-hoofd Anneke Kamphuis wordt interim-CEO en wil \u201crust en stabiliteit brengen na een periode van veel verandering\u201d bij de verdeler van seksspeeltjes.\" \/>\n<meta property=\"og:url\" content=\"https:\/\/www.retaildetail.be\/nl\/news\/schoonheid-verzorging\/easytoys-moederbedrijf-zoekt-al-na-een-jaar-nieuwe-ceo\/\" \/>\n<meta property=\"og:site_name\" content=\"RetailDetail BE\" \/>\n<meta property=\"article:published_time\" content=\"2025-08-26T12:05:29+00:00\" \/>\n<meta property=\"article:modified_time\" content=\"2025-08-26T13:00:12+00:00\" \/>\n<meta property=\"og:image\" content=\"https:\/\/www.retaildetail.be\/wp-content\/uploads\/2025\/08\/Marc-1-scaled.jpg\" \/>\n\t<meta property=\"og:image:width\" content=\"2560\" \/>\n\t<meta property=\"og:image:height\" content=\"1662\" \/>\n\t<meta property=\"og:image:type\" content=\"image\/jpeg\" \/>\n<meta name=\"author\" content=\"Pauline Neerman\" \/>\n<meta name=\"twitter:card\" content=\"summary_large_image\" \/>\n<meta name=\"twitter:label1\" content=\"Geschreven door\" \/>\n\t<meta name=\"twitter:data1\" content=\"Pauline Neerman\" \/>\n\t<meta name=\"twitter:label2\" content=\"Geschatte leestijd\" \/>\n\t<meta name=\"twitter:data2\" content=\"1 minuut\" \/>\n<script type=\"application\/ld+json\" class=\"yoast-schema-graph\">{\"@context\":\"https:\\\/\\\/schema.org\",\"@graph\":[{\"@type\":\"NewsArticle\",\"@id\":\"https:\\\/\\\/www.retaildetail.be\\\/nl\\\/news\\\/schoonheid-verzorging\\\/easytoys-moederbedrijf-zoekt-al-na-een-jaar-nieuwe-ceo\\\/#article\",\"isPartOf\":{\"@id\":\"https:\\\/\\\/www.retaildetail.be\\\/nl\\\/news\\\/schoonheid-verzorging\\\/easytoys-moederbedrijf-zoekt-al-na-een-jaar-nieuwe-ceo\\\/\"},\"author\":{\"name\":\"Pauline Neerman\",\"@id\":\"https:\\\/\\\/www.retaildetail.be\\\/nl\\\/#\\\/schema\\\/person\\\/66b54803fa10759039079458ea89e307\"},\"headline\":\"Moederbedrijf EasyToys zoekt al na een jaar nieuwe CEO\",\"datePublished\":\"2025-08-26T12:05:29+00:00\",\"dateModified\":\"2025-08-26T13:00:12+00:00\",\"mainEntityOfPage\":{\"@id\":\"https:\\\/\\\/www.retaildetail.be\\\/nl\\\/news\\\/schoonheid-verzorging\\\/easytoys-moederbedrijf-zoekt-al-na-een-jaar-nieuwe-ceo\\\/\"},\"wordCount\":210,\"publisher\":{\"@id\":\"https:\\\/\\\/www.retaildetail.be\\\/nl\\\/#organization\"},\"image\":{\"@id\":\"https:\\\/\\\/www.retaildetail.be\\\/nl\\\/news\\\/schoonheid-verzorging\\\/easytoys-moederbedrijf-zoekt-al-na-een-jaar-nieuwe-ceo\\\/#primaryimage\"},\"thumbnailUrl\":\"https:\\\/\\\/www.retaildetail.be\\\/wp-content\\\/uploads\\\/2025\\\/08\\\/Marc-1-scaled.jpg\",\"articleSection\":[\"Schoonheid\\\/verzorging\"],\"inLanguage\":\"nl-NL\",\"copyrightYear\":\"2025\",\"copyrightHolder\":{\"@id\":\"https:\\\/\\\/www.retaildetail.be\\\/#organization\"}},{\"@type\":\"WebPage\",\"@id\":\"https:\\\/\\\/www.retaildetail.be\\\/nl\\\/news\\\/schoonheid-verzorging\\\/easytoys-moederbedrijf-zoekt-al-na-een-jaar-nieuwe-ceo\\\/\",\"url\":\"https:\\\/\\\/www.retaildetail.be\\\/nl\\\/news\\\/schoonheid-verzorging\\\/easytoys-moederbedrijf-zoekt-al-na-een-jaar-nieuwe-ceo\\\/\",\"name\":\"Moederbedrijf EasyToys zoekt al na een jaar nieuwe CEO - RetailDetail BE\",\"isPartOf\":{\"@id\":\"https:\\\/\\\/www.retaildetail.be\\\/nl\\\/#website\"},\"primaryImageOfPage\":{\"@id\":\"https:\\\/\\\/www.retaildetail.be\\\/nl\\\/news\\\/schoonheid-verzorging\\\/easytoys-moederbedrijf-zoekt-al-na-een-jaar-nieuwe-ceo\\\/#primaryimage\"},\"image\":{\"@id\":\"https:\\\/\\\/www.retaildetail.be\\\/nl\\\/news\\\/schoonheid-verzorging\\\/easytoys-moederbedrijf-zoekt-al-na-een-jaar-nieuwe-ceo\\\/#primaryimage\"},\"thumbnailUrl\":\"https:\\\/\\\/www.retaildetail.be\\\/wp-content\\\/uploads\\\/2025\\\/08\\\/Marc-1-scaled.jpg\",\"datePublished\":\"2025-08-26T12:05:29+00:00\",\"dateModified\":\"2025-08-26T13:00:12+00:00\",\"breadcrumb\":{\"@id\":\"https:\\\/\\\/www.retaildetail.be\\\/nl\\\/news\\\/schoonheid-verzorging\\\/easytoys-moederbedrijf-zoekt-al-na-een-jaar-nieuwe-ceo\\\/#breadcrumb\"},\"inLanguage\":\"nl-NL\",\"potentialAction\":[{\"@type\":\"ReadAction\",\"target\":[\"https:\\\/\\\/www.retaildetail.be\\\/nl\\\/news\\\/schoonheid-verzorging\\\/easytoys-moederbedrijf-zoekt-al-na-een-jaar-nieuwe-ceo\\\/\"]}]},{\"@type\":\"ImageObject\",\"inLanguage\":\"nl-NL\",\"@id\":\"https:\\\/\\\/www.retaildetail.be\\\/nl\\\/news\\\/schoonheid-verzorging\\\/easytoys-moederbedrijf-zoekt-al-na-een-jaar-nieuwe-ceo\\\/#primaryimage\",\"url\":\"https:\\\/\\\/www.retaildetail.be\\\/wp-content\\\/uploads\\\/2025\\\/08\\\/Marc-1-scaled.jpg\",\"contentUrl\":\"https:\\\/\\\/www.retaildetail.be\\\/wp-content\\\/uploads\\\/2025\\\/08\\\/Marc-1-scaled.jpg\",\"width\":2560,\"height\":1662,\"caption\":\"Evoto\"},{\"@type\":\"BreadcrumbList\",\"@id\":\"https:\\\/\\\/www.retaildetail.be\\\/nl\\\/news\\\/schoonheid-verzorging\\\/easytoys-moederbedrijf-zoekt-al-na-een-jaar-nieuwe-ceo\\\/#breadcrumb\",\"itemListElement\":[{\"@type\":\"ListItem\",\"position\":1,\"name\":\"Home\",\"item\":\"https:\\\/\\\/www.retaildetail.be\\\/nl\\\/\"},{\"@type\":\"ListItem\",\"position\":2,\"name\":\"Moederbedrijf EasyToys zoekt al na een jaar nieuwe CEO\"}]},{\"@type\":\"WebSite\",\"@id\":\"https:\\\/\\\/www.retaildetail.be\\\/nl\\\/#website\",\"url\":\"https:\\\/\\\/www.retaildetail.be\\\/nl\\\/\",\"name\":\"RetailDetail BE\",\"description\":\"News\",\"publisher\":{\"@id\":\"https:\\\/\\\/www.retaildetail.be\\\/nl\\\/#organization\"},\"potentialAction\":[{\"@type\":\"SearchAction\",\"target\":{\"@type\":\"EntryPoint\",\"urlTemplate\":\"https:\\\/\\\/www.retaildetail.be\\\/nl\\\/?s={search_term_string}\"},\"query-input\":{\"@type\":\"PropertyValueSpecification\",\"valueRequired\":true,\"valueName\":\"search_term_string\"}}],\"inLanguage\":\"nl-NL\"},{\"@type\":\"Organization\",\"@id\":\"https:\\\/\\\/www.retaildetail.be\\\/nl\\\/#organization\",\"name\":\"RetailDetail BE\",\"url\":\"https:\\\/\\\/www.retaildetail.be\\\/nl\\\/\",\"logo\":{\"@type\":\"ImageObject\",\"inLanguage\":\"nl-NL\",\"@id\":\"https:\\\/\\\/www.retaildetail.be\\\/nl\\\/#\\\/schema\\\/logo\\\/image\\\/\",\"url\":\"https:\\\/\\\/www.retaildetail.be\\\/wp-content\\\/uploads\\\/2022\\\/04\\\/logo.svg\",\"contentUrl\":\"https:\\\/\\\/www.retaildetail.be\\\/wp-content\\\/uploads\\\/2022\\\/04\\\/logo.svg\",\"width\":131,\"height\":70,\"caption\":\"RetailDetail BE\"},\"image\":{\"@id\":\"https:\\\/\\\/www.retaildetail.be\\\/nl\\\/#\\\/schema\\\/logo\\\/image\\\/\"}},{\"@type\":\"Person\",\"@id\":\"https:\\\/\\\/www.retaildetail.be\\\/nl\\\/#\\\/schema\\\/person\\\/66b54803fa10759039079458ea89e307\",\"name\":\"Pauline Neerman\",\"image\":{\"@type\":\"ImageObject\",\"inLanguage\":\"nl-NL\",\"@id\":\"https:\\\/\\\/secure.gravatar.com\\\/avatar\\\/58db22aee589a691f9603e5765ac06010427a923f9b2728b951eb7fe27214d70?s=96&d=mm&r=g\",\"url\":\"https:\\\/\\\/secure.gravatar.com\\\/avatar\\\/58db22aee589a691f9603e5765ac06010427a923f9b2728b951eb7fe27214d70?s=96&d=mm&r=g\",\"contentUrl\":\"https:\\\/\\\/secure.gravatar.com\\\/avatar\\\/58db22aee589a691f9603e5765ac06010427a923f9b2728b951eb7fe27214d70?s=96&d=mm&r=g\",\"caption\":\"Pauline Neerman\"},\"url\":\"https:\\\/\\\/www.retaildetail.be\\\/nl\\\/author\\\/paulineneerman\\\/\"}]}<\/script>\n<!-- \/ Yoast SEO plugin. -->","yoast_head_json":{"title":"Moederbedrijf EasyToys zoekt al na een jaar nieuwe CEO - RetailDetail BE","robots":{"index":"index","follow":"follow","max-snippet":"max-snippet:-1","max-image-preview":"max-image-preview:large","max-video-preview":"max-video-preview:-1"},"canonical":"https:\/\/www.retaildetail.be\/nl\/news\/schoonheid-verzorging\/easytoys-moederbedrijf-zoekt-al-na-een-jaar-nieuwe-ceo\/","og_locale":"nl_NL","og_type":"article","og_title":"Moederbedrijf EasyToys zoekt al na een jaar nieuwe CEO - RetailDetail BE","og_description":"Marc van Boven, de topman van EasyToys-moederbedrijf EQOM, treedt op 1 september terug. B2C-hoofd Anneke Kamphuis wordt interim-CEO en wil \u201crust en stabiliteit brengen na een periode van veel verandering\u201d bij de verdeler van seksspeeltjes.","og_url":"https:\/\/www.retaildetail.be\/nl\/news\/schoonheid-verzorging\/easytoys-moederbedrijf-zoekt-al-na-een-jaar-nieuwe-ceo\/","og_site_name":"RetailDetail BE","article_published_time":"2025-08-26T12:05:29+00:00","article_modified_time":"2025-08-26T13:00:12+00:00","og_image":[{"width":2560,"height":1662,"url":"https:\/\/www.retaildetail.be\/wp-content\/uploads\/2025\/08\/Marc-1-scaled.jpg","type":"image\/jpeg"}],"author":"Pauline Neerman","twitter_card":"summary_large_image","twitter_misc":{"Geschreven door":"Pauline Neerman","Geschatte leestijd":"1 minuut"},"schema":{"@context":"https:\/\/schema.org","@graph":[{"@type":"NewsArticle","@id":"https:\/\/www.retaildetail.be\/nl\/news\/schoonheid-verzorging\/easytoys-moederbedrijf-zoekt-al-na-een-jaar-nieuwe-ceo\/#article","isPartOf":{"@id":"https:\/\/www.retaildetail.be\/nl\/news\/schoonheid-verzorging\/easytoys-moederbedrijf-zoekt-al-na-een-jaar-nieuwe-ceo\/"},"author":{"name":"Pauline Neerman","@id":"https:\/\/www.retaildetail.be\/nl\/#\/schema\/person\/66b54803fa10759039079458ea89e307"},"headline":"Moederbedrijf EasyToys zoekt al na een jaar nieuwe CEO","datePublished":"2025-08-26T12:05:29+00:00","dateModified":"2025-08-26T13:00:12+00:00","mainEntityOfPage":{"@id":"https:\/\/www.retaildetail.be\/nl\/news\/schoonheid-verzorging\/easytoys-moederbedrijf-zoekt-al-na-een-jaar-nieuwe-ceo\/"},"wordCount":210,"publisher":{"@id":"https:\/\/www.retaildetail.be\/nl\/#organization"},"image":{"@id":"https:\/\/www.retaildetail.be\/nl\/news\/schoonheid-verzorging\/easytoys-moederbedrijf-zoekt-al-na-een-jaar-nieuwe-ceo\/#primaryimage"},"thumbnailUrl":"https:\/\/www.retaildetail.be\/wp-content\/uploads\/2025\/08\/Marc-1-scaled.jpg","articleSection":["Schoonheid\/verzorging"],"inLanguage":"nl-NL","copyrightYear":"2025","copyrightHolder":{"@id":"https:\/\/www.retaildetail.be\/#organization"}},{"@type":"WebPage","@id":"https:\/\/www.retaildetail.be\/nl\/news\/schoonheid-verzorging\/easytoys-moederbedrijf-zoekt-al-na-een-jaar-nieuwe-ceo\/","url":"https:\/\/www.retaildetail.be\/nl\/news\/schoonheid-verzorging\/easytoys-moederbedrijf-zoekt-al-na-een-jaar-nieuwe-ceo\/","name":"Moederbedrijf EasyToys zoekt al na een jaar nieuwe CEO - RetailDetail BE","isPartOf":{"@id":"https:\/\/www.retaildetail.be\/nl\/#website"},"primaryImageOfPage":{"@id":"https:\/\/www.retaildetail.be\/nl\/news\/schoonheid-verzorging\/easytoys-moederbedrijf-zoekt-al-na-een-jaar-nieuwe-ceo\/#primaryimage"},"image":{"@id":"https:\/\/www.retaildetail.be\/nl\/news\/schoonheid-verzorging\/easytoys-moederbedrijf-zoekt-al-na-een-jaar-nieuwe-ceo\/#primaryimage"},"thumbnailUrl":"https:\/\/www.retaildetail.be\/wp-content\/uploads\/2025\/08\/Marc-1-scaled.jpg","datePublished":"2025-08-26T12:05:29+00:00","dateModified":"2025-08-26T13:00:12+00:00","breadcrumb":{"@id":"https:\/\/www.retaildetail.be\/nl\/news\/schoonheid-verzorging\/easytoys-moederbedrijf-zoekt-al-na-een-jaar-nieuwe-ceo\/#breadcrumb"},"inLanguage":"nl-NL","potentialAction":[{"@type":"ReadAction","target":["https:\/\/www.retaildetail.be\/nl\/news\/schoonheid-verzorging\/easytoys-moederbedrijf-zoekt-al-na-een-jaar-nieuwe-ceo\/"]}]},{"@type":"ImageObject","inLanguage":"nl-NL","@id":"https:\/\/www.retaildetail.be\/nl\/news\/schoonheid-verzorging\/easytoys-moederbedrijf-zoekt-al-na-een-jaar-nieuwe-ceo\/#primaryimage","url":"https:\/\/www.retaildetail.be\/wp-content\/uploads\/2025\/08\/Marc-1-scaled.jpg","contentUrl":"https:\/\/www.retaildetail.be\/wp-content\/uploads\/2025\/08\/Marc-1-scaled.jpg","width":2560,"height":1662,"caption":"Evoto"},{"@type":"BreadcrumbList","@id":"https:\/\/www.retaildetail.be\/nl\/news\/schoonheid-verzorging\/easytoys-moederbedrijf-zoekt-al-na-een-jaar-nieuwe-ceo\/#breadcrumb","itemListElement":[{"@type":"ListItem","position":1,"name":"Home","item":"https:\/\/www.retaildetail.be\/nl\/"},{"@type":"ListItem","position":2,"name":"Moederbedrijf EasyToys zoekt al na een jaar nieuwe CEO"}]},{"@type":"WebSite","@id":"https:\/\/www.retaildetail.be\/nl\/#website","url":"https:\/\/www.retaildetail.be\/nl\/","name":"RetailDetail BE","description":"News","publisher":{"@id":"https:\/\/www.retaildetail.be\/nl\/#organization"},"potentialAction":[{"@type":"SearchAction","target":{"@type":"EntryPoint","urlTemplate":"https:\/\/www.retaildetail.be\/nl\/?s={search_term_string}"},"query-input":{"@type":"PropertyValueSpecification","valueRequired":true,"valueName":"search_term_string"}}],"inLanguage":"nl-NL"},{"@type":"Organization","@id":"https:\/\/www.retaildetail.be\/nl\/#organization","name":"RetailDetail BE","url":"https:\/\/www.retaildetail.be\/nl\/","logo":{"@type":"ImageObject","inLanguage":"nl-NL","@id":"https:\/\/www.retaildetail.be\/nl\/#\/schema\/logo\/image\/","url":"https:\/\/www.retaildetail.be\/wp-content\/uploads\/2022\/04\/logo.svg","contentUrl":"https:\/\/www.retaildetail.be\/wp-content\/uploads\/2022\/04\/logo.svg","width":131,"height":70,"caption":"RetailDetail BE"},"image":{"@id":"https:\/\/www.retaildetail.be\/nl\/#\/schema\/logo\/image\/"}},{"@type":"Person","@id":"https:\/\/www.retaildetail.be\/nl\/#\/schema\/person\/66b54803fa10759039079458ea89e307","name":"Pauline Neerman","image":{"@type":"ImageObject","inLanguage":"nl-NL","@id":"https:\/\/secure.gravatar.com\/avatar\/58db22aee589a691f9603e5765ac06010427a923f9b2728b951eb7fe27214d70?s=96&d=mm&r=g","url":"https:\/\/secure.gravatar.com\/avatar\/58db22aee589a691f9603e5765ac06010427a923f9b2728b951eb7fe27214d70?s=96&d=mm&r=g","contentUrl":"https:\/\/secure.gravatar.com\/avatar\/58db22aee589a691f9603e5765ac06010427a923f9b2728b951eb7fe27214d70?s=96&d=mm&r=g","caption":"Pauline Neerman"},"url":"https:\/\/www.retaildetail.be\/nl\/author\/paulineneerman\/"}]}},"jetpack_featured_media_url":"https:\/\/www.retaildetail.be\/wp-content\/uploads\/2025\/08\/Marc-1-scaled.jpg","jetpack_sharing_enabled":true,"_links":{"self":[{"href":"https:\/\/www.retaildetail.be\/nl\/wp-json\/wp\/v2\/posts\/126170","targetHints":{"allow":["GET"]}}],"collection":[{"href":"https:\/\/www.retaildetail.be\/nl\/wp-json\/wp\/v2\/posts"}],"about":[{"href":"https:\/\/www.retaildetail.be\/nl\/wp-json\/wp\/v2\/types\/post"}],"author":[{"embeddable":true,"href":"https:\/\/www.retaildetail.be\/nl\/wp-json\/wp\/v2\/users\/5"}],"replies":[{"embeddable":true,"href":"https:\/\/www.retaildetail.be\/nl\/wp-json\/wp\/v2\/comments?post=126170"}],"version-history":[{"count":4,"href":"https:\/\/www.retaildetail.be\/nl\/wp-json\/wp\/v2\/posts\/126170\/revisions"}],"predecessor-version":[{"id":126206,"href":"https:\/\/www.retaildetail.be\/nl\/wp-json\/wp\/v2\/posts\/126170\/revisions\/126206"}],"wp:featuredmedia":[{"embeddable":true,"href":"https:\/\/www.retaildetail.be\/nl\/wp-json\/wp\/v2\/media\/126172"}],"wp:attachment":[{"href":"https:\/\/www.retaildetail.be\/nl\/wp-json\/wp\/v2\/media?parent=126170"}],"wp:term":[{"taxonomy":"category","embeddable":true,"href":"https:\/\/www.retaildetail.be\/nl\/wp-json\/wp\/v2\/categories?post=126170"},{"taxonomy":"post_tag","embeddable":true,"href":"https:\/\/www.retaildetail.be\/nl\/wp-json\/wp\/v2\/tags?post=126170"},{"taxonomy":"people","embeddable":true,"href":"https:\/\/www.retaildetail.be\/nl\/wp-json\/wp\/v2\/people?post=126170"},{"taxonomy":"extra","embeddable":true,"href":"https:\/\/www.retaildetail.be\/nl\/wp-json\/wp\/v2\/extra?post=126170"},{"taxonomy":"company","embeddable":true,"href":"https:\/\/www.retaildetail.be\/nl\/wp-json\/wp\/v2\/company?post=126170"},{"taxonomy":"topic","embeddable":true,"href":"https:\/\/www.retaildetail.be\/nl\/wp-json\/wp\/v2\/topic?post=126170"},{"taxonomy":"region","embeddable":true,"href":"https:\/\/www.retaildetail.be\/nl\/wp-json\/wp\/v2\/region?post=126170"}],"curies":[{"name":"wp","href":"https:\/\/api.w.org\/{rel}","templated":true}]}}