{"id":133277,"date":"2025-10-31T12:08:16","date_gmt":"2025-10-31T11:08:16","guid":{"rendered":"https:\/\/www.retaildetail.be\/?p=133277"},"modified":"2025-10-31T12:08:50","modified_gmt":"2025-10-31T11:08:50","slug":"lidl-stuurt-winkelbus-naar-kleine-dorpjes","status":"publish","type":"post","link":"https:\/\/www.retaildetail.be\/nl\/news\/food\/lidl-stuurt-winkelbus-naar-kleine-dorpjes\/","title":{"rendered":"Lidl stuurt winkelbus naar kleine dorpjes"},"content":{"rendered":"\n<p>&#8220;Geen supermarkt? Geen probleem!&#8221; Dat is zowat het idee achter de &#8220;winkel op vier wielen&#8221;, waarmee <strong>Lidl<\/strong> plattelandsdorpjes in Hongarije bedient. Het initiatief wil niet alleen dorpsbewoners aan hun boodschappen helpen, maar ook de strenge vestigingsregels in Hongarije aanklagen.<\/p>\n\n\n\n<h2 class=\"wp-block-heading\">Zelfde prijs als in vaste winkels<\/h2>\n\n\n\n<p>Het aanbod bestaat uit meer dan tachtig basisproducten, waaronder groenten en fruit, zuivel, droge voeding en diepvriesproducten. Een drietal medewerkers zal instaan voor de bemanning van de bus, die uiteraard de nodige koel- en vriesruimtes heeft om alle producten in goeie staat bij de klanten te krijgen.<\/p>\n\n\n\n<p>De prijzen in de winkelbus zullen gelijk zijn aan die in de vaste winkels van Lidl, belooft de Hongaarse marktleider. &#8220;De mobiele winkel is bedoeld om ervoor te zorgen dat elke klant \u2013 ongeacht zijn of haar woonplaats \u2013 <a href=\"https:\/\/www.linkedin.com\/posts\/lidl-magyarorsz-g-kereskedelmi-bt-_lidlmagyarorsz%C3%A1g-wearelidl-lidl4ker%C3%A9ken-activity-7384581387783221249-Cc0K\">toegang heeft tot kwalitatief en betaalbaar voedsel<\/a>&#8220;, schrijft klantendirecteur Tibor Kov\u00e1cs van Lidl Hongarije op zijn LinkedIn-pagina.<\/p>\n\n\n\n<p>De bus zal zich in eerste instantie richten op een vijftigtal kleine dorpen waar andere levensmiddelenwinkels zijn weggetrokken, maar Lidl Hongarije verwacht dat het initiatief succes zal hebben en in de lente zal worden uitgebreid.<\/p>\n\n\n\n<h2 class=\"wp-block-heading\">Strenge regels aanklagen<\/h2>\n\n\n\n<p>De keten zet de winkelbus in de markt zet als poging om &#8220;bij te dragen aan de ontwikkeling en duurzaamheid van het platteland.&#8221; Die uitleg zal premier Viktor Orb\u00e1n alleszins liever horen dan een gefluisterde, maar niet offici\u00eble verklaring: dat het een omzeiling van &#8211; of zelfs protest tegen &#8211; de controversi\u00eble &#8220;Plazastop&#8221;-regeling is.<\/p>\n\n\n\n<p>Die regel bepaalt immers dat de overheid elke huurderswissel in winkelruimten groter dan 400&nbsp;m\u00b2 expliciet moet goedkeuren, als deze levensmiddelen of drogisterijartikelen verkopen. Dat wil zeggen dat Lidl voor elke nieuwe vestiging de goedkeuring moet vragen van een overheid die zich met alle wettige (en <a href=\"https:\/\/www.reuters.com\/business\/retail-consumer\/european-commission-examines-complaint-about-hungarys-tax-foreign-retailers-2024-04-05\/\">soms onwettige<\/a>) manieren kant tegen buitenlandse ketens.<\/p>\n","protected":false},"excerpt":{"rendered":"<p>\u201cGeen supermarkt? Geen probleem!\u201d Dat is zowat het idee achter de \u201cwinkel op vier wielen\u201d, waarmee Lidl plattelandsdorpjes in Hongarije bedient. Het initiatief wil niet alleen dorpsbewoners aan hun boodschappen helpen, maar ook de strenge vestigingsregels in Hongarije aanklagen..<\/p>\n","protected":false},"author":4,"featured_media":133283,"comment_status":"closed","ping_status":"closed","sticky":false,"template":"","format":"standard","meta":{"_acf_changed":false,"inline_featured_image":false,"_jetpack_memberships_contains_paid_content":false,"footnotes":""},"categories":[18],"tags":[],"people":[],"extra":[43],"company":[204],"topic":[264],"region":[864],"class_list":["post-133277","post","type-post","status-publish","format-standard","has-post-thumbnail","hentry","category-food","extra-plus","company-lidl","topic-winkelconcept","region-centraal-europa"],"acf":[],"yoast_head":"<!-- This site is optimized with the Yoast SEO plugin v27.3 - https:\/\/yoast.com\/product\/yoast-seo-wordpress\/ -->\n<title>Lidl stuurt winkelbus naar kleine dorpjes - RetailDetail BE<\/title>\n<meta name=\"description\" content=\"\u201cGeen supermarkt? Geen probleem!\u201d Dat is zowat het idee achter de \u201cwinkel op vier wielen\u201d, waarmee Lidl dorpjes in Hongarije gaat bedienen.\" \/>\n<meta name=\"robots\" content=\"index, follow, max-snippet:-1, max-image-preview:large, max-video-preview:-1\" \/>\n<link rel=\"canonical\" href=\"https:\/\/www.retaildetail.be\/nl\/news\/food\/lidl-stuurt-winkelbus-naar-kleine-dorpjes\/\" \/>\n<meta property=\"og:locale\" content=\"nl_NL\" \/>\n<meta property=\"og:type\" content=\"article\" \/>\n<meta property=\"og:title\" content=\"Lidl stuurt winkelbus naar kleine dorpjes - RetailDetail BE\" \/>\n<meta property=\"og:description\" content=\"\u201cGeen supermarkt? Geen probleem!\u201d Dat is zowat het idee achter de \u201cwinkel op vier wielen\u201d, waarmee Lidl dorpjes in Hongarije gaat bedienen.\" \/>\n<meta property=\"og:url\" content=\"https:\/\/www.retaildetail.be\/nl\/news\/food\/lidl-stuurt-winkelbus-naar-kleine-dorpjes\/\" \/>\n<meta property=\"og:site_name\" content=\"RetailDetail BE\" \/>\n<meta property=\"article:published_time\" content=\"2025-10-31T11:08:16+00:00\" \/>\n<meta property=\"article:modified_time\" content=\"2025-10-31T11:08:50+00:00\" \/>\n<meta property=\"og:image\" content=\"https:\/\/www.retaildetail.be\/wp-content\/uploads\/2025\/10\/Lidl-4-kereken.jpg\" \/>\n\t<meta property=\"og:image:width\" content=\"800\" \/>\n\t<meta property=\"og:image:height\" content=\"533\" \/>\n\t<meta property=\"og:image:type\" content=\"image\/jpeg\" \/>\n<meta name=\"author\" content=\"Maarten Reul\" \/>\n<meta name=\"twitter:card\" content=\"summary_large_image\" \/>\n<meta name=\"twitter:label1\" content=\"Geschreven door\" \/>\n\t<meta name=\"twitter:data1\" content=\"Maarten Reul\" \/>\n\t<meta name=\"twitter:label2\" content=\"Geschatte leestijd\" \/>\n\t<meta name=\"twitter:data2\" content=\"1 minuut\" \/>\n<script type=\"application\/ld+json\" class=\"yoast-schema-graph\">{\"@context\":\"https:\\\/\\\/schema.org\",\"@graph\":[{\"@type\":\"NewsArticle\",\"@id\":\"https:\\\/\\\/www.retaildetail.be\\\/nl\\\/news\\\/food\\\/lidl-stuurt-winkelbus-naar-kleine-dorpjes\\\/#article\",\"isPartOf\":{\"@id\":\"https:\\\/\\\/www.retaildetail.be\\\/nl\\\/news\\\/food\\\/lidl-stuurt-winkelbus-naar-kleine-dorpjes\\\/\"},\"author\":{\"name\":\"Maarten Reul\",\"@id\":\"https:\\\/\\\/www.retaildetail.be\\\/nl\\\/#\\\/schema\\\/person\\\/fbcf88ed1b121d65026767275bff632f\"},\"headline\":\"Lidl stuurt winkelbus naar kleine dorpjes\",\"datePublished\":\"2025-10-31T11:08:16+00:00\",\"dateModified\":\"2025-10-31T11:08:50+00:00\",\"mainEntityOfPage\":{\"@id\":\"https:\\\/\\\/www.retaildetail.be\\\/nl\\\/news\\\/food\\\/lidl-stuurt-winkelbus-naar-kleine-dorpjes\\\/\"},\"wordCount\":302,\"publisher\":{\"@id\":\"https:\\\/\\\/www.retaildetail.be\\\/nl\\\/#organization\"},\"image\":{\"@id\":\"https:\\\/\\\/www.retaildetail.be\\\/nl\\\/news\\\/food\\\/lidl-stuurt-winkelbus-naar-kleine-dorpjes\\\/#primaryimage\"},\"thumbnailUrl\":\"https:\\\/\\\/www.retaildetail.be\\\/wp-content\\\/uploads\\\/2025\\\/10\\\/Lidl-4-kereken.jpg\",\"articleSection\":[\"Food\"],\"inLanguage\":\"nl-NL\",\"copyrightYear\":\"2025\",\"copyrightHolder\":{\"@id\":\"https:\\\/\\\/www.retaildetail.be\\\/#organization\"}},{\"@type\":\"WebPage\",\"@id\":\"https:\\\/\\\/www.retaildetail.be\\\/nl\\\/news\\\/food\\\/lidl-stuurt-winkelbus-naar-kleine-dorpjes\\\/\",\"url\":\"https:\\\/\\\/www.retaildetail.be\\\/nl\\\/news\\\/food\\\/lidl-stuurt-winkelbus-naar-kleine-dorpjes\\\/\",\"name\":\"Lidl stuurt winkelbus naar kleine dorpjes - RetailDetail BE\",\"isPartOf\":{\"@id\":\"https:\\\/\\\/www.retaildetail.be\\\/nl\\\/#website\"},\"primaryImageOfPage\":{\"@id\":\"https:\\\/\\\/www.retaildetail.be\\\/nl\\\/news\\\/food\\\/lidl-stuurt-winkelbus-naar-kleine-dorpjes\\\/#primaryimage\"},\"image\":{\"@id\":\"https:\\\/\\\/www.retaildetail.be\\\/nl\\\/news\\\/food\\\/lidl-stuurt-winkelbus-naar-kleine-dorpjes\\\/#primaryimage\"},\"thumbnailUrl\":\"https:\\\/\\\/www.retaildetail.be\\\/wp-content\\\/uploads\\\/2025\\\/10\\\/Lidl-4-kereken.jpg\",\"datePublished\":\"2025-10-31T11:08:16+00:00\",\"dateModified\":\"2025-10-31T11:08:50+00:00\",\"description\":\"\u201cGeen supermarkt? Geen probleem!\u201d Dat is zowat het idee achter de \u201cwinkel op vier wielen\u201d, waarmee Lidl dorpjes in Hongarije gaat bedienen.\",\"breadcrumb\":{\"@id\":\"https:\\\/\\\/www.retaildetail.be\\\/nl\\\/news\\\/food\\\/lidl-stuurt-winkelbus-naar-kleine-dorpjes\\\/#breadcrumb\"},\"inLanguage\":\"nl-NL\",\"potentialAction\":[{\"@type\":\"ReadAction\",\"target\":[\"https:\\\/\\\/www.retaildetail.be\\\/nl\\\/news\\\/food\\\/lidl-stuurt-winkelbus-naar-kleine-dorpjes\\\/\"]}]},{\"@type\":\"ImageObject\",\"inLanguage\":\"nl-NL\",\"@id\":\"https:\\\/\\\/www.retaildetail.be\\\/nl\\\/news\\\/food\\\/lidl-stuurt-winkelbus-naar-kleine-dorpjes\\\/#primaryimage\",\"url\":\"https:\\\/\\\/www.retaildetail.be\\\/wp-content\\\/uploads\\\/2025\\\/10\\\/Lidl-4-kereken.jpg\",\"contentUrl\":\"https:\\\/\\\/www.retaildetail.be\\\/wp-content\\\/uploads\\\/2025\\\/10\\\/Lidl-4-kereken.jpg\",\"width\":800,\"height\":533,\"caption\":\"\u00a9 Lidl Magyarorsz\u00e1g\"},{\"@type\":\"BreadcrumbList\",\"@id\":\"https:\\\/\\\/www.retaildetail.be\\\/nl\\\/news\\\/food\\\/lidl-stuurt-winkelbus-naar-kleine-dorpjes\\\/#breadcrumb\",\"itemListElement\":[{\"@type\":\"ListItem\",\"position\":1,\"name\":\"Home\",\"item\":\"https:\\\/\\\/www.retaildetail.be\\\/nl\\\/\"},{\"@type\":\"ListItem\",\"position\":2,\"name\":\"Lidl stuurt winkelbus naar kleine dorpjes\"}]},{\"@type\":\"WebSite\",\"@id\":\"https:\\\/\\\/www.retaildetail.be\\\/nl\\\/#website\",\"url\":\"https:\\\/\\\/www.retaildetail.be\\\/nl\\\/\",\"name\":\"RetailDetail BE\",\"description\":\"News\",\"publisher\":{\"@id\":\"https:\\\/\\\/www.retaildetail.be\\\/nl\\\/#organization\"},\"potentialAction\":[{\"@type\":\"SearchAction\",\"target\":{\"@type\":\"EntryPoint\",\"urlTemplate\":\"https:\\\/\\\/www.retaildetail.be\\\/nl\\\/?s={search_term_string}\"},\"query-input\":{\"@type\":\"PropertyValueSpecification\",\"valueRequired\":true,\"valueName\":\"search_term_string\"}}],\"inLanguage\":\"nl-NL\"},{\"@type\":\"Organization\",\"@id\":\"https:\\\/\\\/www.retaildetail.be\\\/nl\\\/#organization\",\"name\":\"RetailDetail BE\",\"url\":\"https:\\\/\\\/www.retaildetail.be\\\/nl\\\/\",\"logo\":{\"@type\":\"ImageObject\",\"inLanguage\":\"nl-NL\",\"@id\":\"https:\\\/\\\/www.retaildetail.be\\\/nl\\\/#\\\/schema\\\/logo\\\/image\\\/\",\"url\":\"https:\\\/\\\/www.retaildetail.be\\\/wp-content\\\/uploads\\\/2022\\\/04\\\/logo.svg\",\"contentUrl\":\"https:\\\/\\\/www.retaildetail.be\\\/wp-content\\\/uploads\\\/2022\\\/04\\\/logo.svg\",\"width\":131,\"height\":70,\"caption\":\"RetailDetail BE\"},\"image\":{\"@id\":\"https:\\\/\\\/www.retaildetail.be\\\/nl\\\/#\\\/schema\\\/logo\\\/image\\\/\"}},{\"@type\":\"Person\",\"@id\":\"https:\\\/\\\/www.retaildetail.be\\\/nl\\\/#\\\/schema\\\/person\\\/fbcf88ed1b121d65026767275bff632f\",\"name\":\"Maarten Reul\",\"image\":{\"@type\":\"ImageObject\",\"inLanguage\":\"nl-NL\",\"@id\":\"https:\\\/\\\/secure.gravatar.com\\\/avatar\\\/80ddb4599c879961a4ed95ba7bc448a3e7570fae5c1c49a42c5261794f16d9a6?s=96&d=mm&r=g\",\"url\":\"https:\\\/\\\/secure.gravatar.com\\\/avatar\\\/80ddb4599c879961a4ed95ba7bc448a3e7570fae5c1c49a42c5261794f16d9a6?s=96&d=mm&r=g\",\"contentUrl\":\"https:\\\/\\\/secure.gravatar.com\\\/avatar\\\/80ddb4599c879961a4ed95ba7bc448a3e7570fae5c1c49a42c5261794f16d9a6?s=96&d=mm&r=g\",\"caption\":\"Maarten Reul\"},\"url\":\"https:\\\/\\\/www.retaildetail.be\\\/nl\\\/author\\\/maartenreul\\\/\"}]}<\/script>\n<!-- \/ Yoast SEO plugin. -->","yoast_head_json":{"title":"Lidl stuurt winkelbus naar kleine dorpjes - RetailDetail BE","description":"\u201cGeen supermarkt? Geen probleem!\u201d Dat is zowat het idee achter de \u201cwinkel op vier wielen\u201d, waarmee Lidl dorpjes in Hongarije gaat bedienen.","robots":{"index":"index","follow":"follow","max-snippet":"max-snippet:-1","max-image-preview":"max-image-preview:large","max-video-preview":"max-video-preview:-1"},"canonical":"https:\/\/www.retaildetail.be\/nl\/news\/food\/lidl-stuurt-winkelbus-naar-kleine-dorpjes\/","og_locale":"nl_NL","og_type":"article","og_title":"Lidl stuurt winkelbus naar kleine dorpjes - RetailDetail BE","og_description":"\u201cGeen supermarkt? Geen probleem!\u201d Dat is zowat het idee achter de \u201cwinkel op vier wielen\u201d, waarmee Lidl dorpjes in Hongarije gaat bedienen.","og_url":"https:\/\/www.retaildetail.be\/nl\/news\/food\/lidl-stuurt-winkelbus-naar-kleine-dorpjes\/","og_site_name":"RetailDetail BE","article_published_time":"2025-10-31T11:08:16+00:00","article_modified_time":"2025-10-31T11:08:50+00:00","og_image":[{"width":800,"height":533,"url":"https:\/\/www.retaildetail.be\/wp-content\/uploads\/2025\/10\/Lidl-4-kereken.jpg","type":"image\/jpeg"}],"author":"Maarten Reul","twitter_card":"summary_large_image","twitter_misc":{"Geschreven door":"Maarten Reul","Geschatte leestijd":"1 minuut"},"schema":{"@context":"https:\/\/schema.org","@graph":[{"@type":"NewsArticle","@id":"https:\/\/www.retaildetail.be\/nl\/news\/food\/lidl-stuurt-winkelbus-naar-kleine-dorpjes\/#article","isPartOf":{"@id":"https:\/\/www.retaildetail.be\/nl\/news\/food\/lidl-stuurt-winkelbus-naar-kleine-dorpjes\/"},"author":{"name":"Maarten Reul","@id":"https:\/\/www.retaildetail.be\/nl\/#\/schema\/person\/fbcf88ed1b121d65026767275bff632f"},"headline":"Lidl stuurt winkelbus naar kleine dorpjes","datePublished":"2025-10-31T11:08:16+00:00","dateModified":"2025-10-31T11:08:50+00:00","mainEntityOfPage":{"@id":"https:\/\/www.retaildetail.be\/nl\/news\/food\/lidl-stuurt-winkelbus-naar-kleine-dorpjes\/"},"wordCount":302,"publisher":{"@id":"https:\/\/www.retaildetail.be\/nl\/#organization"},"image":{"@id":"https:\/\/www.retaildetail.be\/nl\/news\/food\/lidl-stuurt-winkelbus-naar-kleine-dorpjes\/#primaryimage"},"thumbnailUrl":"https:\/\/www.retaildetail.be\/wp-content\/uploads\/2025\/10\/Lidl-4-kereken.jpg","articleSection":["Food"],"inLanguage":"nl-NL","copyrightYear":"2025","copyrightHolder":{"@id":"https:\/\/www.retaildetail.be\/#organization"}},{"@type":"WebPage","@id":"https:\/\/www.retaildetail.be\/nl\/news\/food\/lidl-stuurt-winkelbus-naar-kleine-dorpjes\/","url":"https:\/\/www.retaildetail.be\/nl\/news\/food\/lidl-stuurt-winkelbus-naar-kleine-dorpjes\/","name":"Lidl stuurt winkelbus naar kleine dorpjes - RetailDetail BE","isPartOf":{"@id":"https:\/\/www.retaildetail.be\/nl\/#website"},"primaryImageOfPage":{"@id":"https:\/\/www.retaildetail.be\/nl\/news\/food\/lidl-stuurt-winkelbus-naar-kleine-dorpjes\/#primaryimage"},"image":{"@id":"https:\/\/www.retaildetail.be\/nl\/news\/food\/lidl-stuurt-winkelbus-naar-kleine-dorpjes\/#primaryimage"},"thumbnailUrl":"https:\/\/www.retaildetail.be\/wp-content\/uploads\/2025\/10\/Lidl-4-kereken.jpg","datePublished":"2025-10-31T11:08:16+00:00","dateModified":"2025-10-31T11:08:50+00:00","description":"\u201cGeen supermarkt? Geen probleem!\u201d Dat is zowat het idee achter de \u201cwinkel op vier wielen\u201d, waarmee Lidl dorpjes in Hongarije gaat bedienen.","breadcrumb":{"@id":"https:\/\/www.retaildetail.be\/nl\/news\/food\/lidl-stuurt-winkelbus-naar-kleine-dorpjes\/#breadcrumb"},"inLanguage":"nl-NL","potentialAction":[{"@type":"ReadAction","target":["https:\/\/www.retaildetail.be\/nl\/news\/food\/lidl-stuurt-winkelbus-naar-kleine-dorpjes\/"]}]},{"@type":"ImageObject","inLanguage":"nl-NL","@id":"https:\/\/www.retaildetail.be\/nl\/news\/food\/lidl-stuurt-winkelbus-naar-kleine-dorpjes\/#primaryimage","url":"https:\/\/www.retaildetail.be\/wp-content\/uploads\/2025\/10\/Lidl-4-kereken.jpg","contentUrl":"https:\/\/www.retaildetail.be\/wp-content\/uploads\/2025\/10\/Lidl-4-kereken.jpg","width":800,"height":533,"caption":"\u00a9 Lidl Magyarorsz\u00e1g"},{"@type":"BreadcrumbList","@id":"https:\/\/www.retaildetail.be\/nl\/news\/food\/lidl-stuurt-winkelbus-naar-kleine-dorpjes\/#breadcrumb","itemListElement":[{"@type":"ListItem","position":1,"name":"Home","item":"https:\/\/www.retaildetail.be\/nl\/"},{"@type":"ListItem","position":2,"name":"Lidl stuurt winkelbus naar kleine dorpjes"}]},{"@type":"WebSite","@id":"https:\/\/www.retaildetail.be\/nl\/#website","url":"https:\/\/www.retaildetail.be\/nl\/","name":"RetailDetail BE","description":"News","publisher":{"@id":"https:\/\/www.retaildetail.be\/nl\/#organization"},"potentialAction":[{"@type":"SearchAction","target":{"@type":"EntryPoint","urlTemplate":"https:\/\/www.retaildetail.be\/nl\/?s={search_term_string}"},"query-input":{"@type":"PropertyValueSpecification","valueRequired":true,"valueName":"search_term_string"}}],"inLanguage":"nl-NL"},{"@type":"Organization","@id":"https:\/\/www.retaildetail.be\/nl\/#organization","name":"RetailDetail BE","url":"https:\/\/www.retaildetail.be\/nl\/","logo":{"@type":"ImageObject","inLanguage":"nl-NL","@id":"https:\/\/www.retaildetail.be\/nl\/#\/schema\/logo\/image\/","url":"https:\/\/www.retaildetail.be\/wp-content\/uploads\/2022\/04\/logo.svg","contentUrl":"https:\/\/www.retaildetail.be\/wp-content\/uploads\/2022\/04\/logo.svg","width":131,"height":70,"caption":"RetailDetail BE"},"image":{"@id":"https:\/\/www.retaildetail.be\/nl\/#\/schema\/logo\/image\/"}},{"@type":"Person","@id":"https:\/\/www.retaildetail.be\/nl\/#\/schema\/person\/fbcf88ed1b121d65026767275bff632f","name":"Maarten Reul","image":{"@type":"ImageObject","inLanguage":"nl-NL","@id":"https:\/\/secure.gravatar.com\/avatar\/80ddb4599c879961a4ed95ba7bc448a3e7570fae5c1c49a42c5261794f16d9a6?s=96&d=mm&r=g","url":"https:\/\/secure.gravatar.com\/avatar\/80ddb4599c879961a4ed95ba7bc448a3e7570fae5c1c49a42c5261794f16d9a6?s=96&d=mm&r=g","contentUrl":"https:\/\/secure.gravatar.com\/avatar\/80ddb4599c879961a4ed95ba7bc448a3e7570fae5c1c49a42c5261794f16d9a6?s=96&d=mm&r=g","caption":"Maarten Reul"},"url":"https:\/\/www.retaildetail.be\/nl\/author\/maartenreul\/"}]}},"jetpack_featured_media_url":"https:\/\/www.retaildetail.be\/wp-content\/uploads\/2025\/10\/Lidl-4-kereken.jpg","jetpack_sharing_enabled":true,"_links":{"self":[{"href":"https:\/\/www.retaildetail.be\/nl\/wp-json\/wp\/v2\/posts\/133277","targetHints":{"allow":["GET"]}}],"collection":[{"href":"https:\/\/www.retaildetail.be\/nl\/wp-json\/wp\/v2\/posts"}],"about":[{"href":"https:\/\/www.retaildetail.be\/nl\/wp-json\/wp\/v2\/types\/post"}],"author":[{"embeddable":true,"href":"https:\/\/www.retaildetail.be\/nl\/wp-json\/wp\/v2\/users\/4"}],"replies":[{"embeddable":true,"href":"https:\/\/www.retaildetail.be\/nl\/wp-json\/wp\/v2\/comments?post=133277"}],"version-history":[{"count":2,"href":"https:\/\/www.retaildetail.be\/nl\/wp-json\/wp\/v2\/posts\/133277\/revisions"}],"predecessor-version":[{"id":133286,"href":"https:\/\/www.retaildetail.be\/nl\/wp-json\/wp\/v2\/posts\/133277\/revisions\/133286"}],"wp:featuredmedia":[{"embeddable":true,"href":"https:\/\/www.retaildetail.be\/nl\/wp-json\/wp\/v2\/media\/133283"}],"wp:attachment":[{"href":"https:\/\/www.retaildetail.be\/nl\/wp-json\/wp\/v2\/media?parent=133277"}],"wp:term":[{"taxonomy":"category","embeddable":true,"href":"https:\/\/www.retaildetail.be\/nl\/wp-json\/wp\/v2\/categories?post=133277"},{"taxonomy":"post_tag","embeddable":true,"href":"https:\/\/www.retaildetail.be\/nl\/wp-json\/wp\/v2\/tags?post=133277"},{"taxonomy":"people","embeddable":true,"href":"https:\/\/www.retaildetail.be\/nl\/wp-json\/wp\/v2\/people?post=133277"},{"taxonomy":"extra","embeddable":true,"href":"https:\/\/www.retaildetail.be\/nl\/wp-json\/wp\/v2\/extra?post=133277"},{"taxonomy":"company","embeddable":true,"href":"https:\/\/www.retaildetail.be\/nl\/wp-json\/wp\/v2\/company?post=133277"},{"taxonomy":"topic","embeddable":true,"href":"https:\/\/www.retaildetail.be\/nl\/wp-json\/wp\/v2\/topic?post=133277"},{"taxonomy":"region","embeddable":true,"href":"https:\/\/www.retaildetail.be\/nl\/wp-json\/wp\/v2\/region?post=133277"}],"curies":[{"name":"wp","href":"https:\/\/api.w.org\/{rel}","templated":true}]}}