{"id":134722,"date":"2025-11-14T16:59:11","date_gmt":"2025-11-14T15:59:11","guid":{"rendered":"https:\/\/www.retaildetail.be\/?p=134722"},"modified":"2025-11-14T16:59:13","modified_gmt":"2025-11-14T15:59:13","slug":"franse-warenhuisketen-bhv-stelt-opening-van-vijf-shein-winkels-uit","status":"publish","type":"post","link":"https:\/\/www.retaildetail.be\/nl\/news\/mode\/franse-warenhuisketen-bhv-stelt-opening-van-vijf-shein-winkels-uit\/","title":{"rendered":"Franse warenhuisketen BHV stelt opening van vijf Shein-winkels uit"},"content":{"rendered":"\n<p>De opening van <strong>Shein<\/strong>-winkels in vijf Franse <strong>BHV<\/strong>-warenhuizen, die gepland was voor november en december, wordt \u201cmet enkele dagen of weken\u201d uitgesteld omdat de retailer aanbod en prijzen wil aanpassen.<\/p>\n\n\n\n<h2 class=\"wp-block-heading\">Tumultueuze opening<\/h2>\n\n\n\n<p>Fr\u00e9d\u00e9ric Merlin, directeur van de Soci\u00e9t\u00e9 des Grands Magasins (SGM), de eigenaar van BHV, maakte het nieuws vrijdag bekend: \u201cWe moeten het aanbod aanpassen, we moeten het prijsbeleid aanpassen en daarom zullen we onze openingen in de provincie waarschijnlijk met een paar dagen of weken uitstellen.\u201d<\/p>\n\n\n\n<p>Na <a href=\"https:\/\/www.retaildetail.be\/nl\/news\/mode\/stinkbom-spoedschorsing-en-uren-aanschuiven-zo-verloopt-de-opening-van-de-shein-winkel-in-parijs\/\">de tumultueuze opening<\/a> in BHV Parijs op 5 november, was het plan dat Shein op 18 november zou openen in Dijon en Reims, op 21 november in Grenoble en begin december in Angers en Limoges. Ondanks de felle kritiek in Frankrijk zullen de geplande vestigingen wel degelijk opengaan, benadrukt de topman.<\/p>\n\n\n\n<p>Naar aanleiding van het partnership met Shein besliste <strong>Galeries Lafayette<\/strong> zijn samenwerking met SGM stop te zetten. Verschillende modemerken zegden hun contract op en de Franse overheid dreigde met een schorsing \u2013 een procedure <a href=\"https:\/\/www.retaildetail.be\/nl\/news\/algemeen\/shein-ontsnapt-voorlopig-aan-franse-verbanning\/\">die alweer werd ingetrokken<\/a>, nadat de Chinese retailer verboden producten van de website verwijderde.<\/p>\n","protected":false},"excerpt":{"rendered":"<p>De opening van Shein-winkels in vijf Franse BHV-warenhuizen, die gepland was voor november en december, wordt \u201cmet enkele dagen of weken\u201d uitgesteld omdat de retailer aanbod en prijzen wil aanpassen. <\/p>\n","protected":false},"author":3,"featured_media":134723,"comment_status":"closed","ping_status":"closed","sticky":false,"template":"","format":"standard","meta":{"_acf_changed":false,"inline_featured_image":false,"_jetpack_memberships_contains_paid_content":false,"footnotes":""},"categories":[14],"tags":[],"people":[],"extra":[],"company":[1878,571],"topic":[221],"region":[89],"class_list":["post-134722","post","type-post","status-publish","format-standard","has-post-thumbnail","hentry","category-mode","company-bhv","company-shein","topic-winkelopeningen","region-frankrijk"],"acf":[],"yoast_head":"<!-- This site is optimized with the Yoast SEO plugin v27.3 - https:\/\/yoast.com\/product\/yoast-seo-wordpress\/ -->\n<title>Franse warenhuisketen BHV stelt opening van vijf Shein-winkels uit - RetailDetail BE<\/title>\n<meta name=\"description\" content=\"De opening van Shein-winkels in vijf Franse BHV-warenhuizen, die gepland was voor november en december, wordt \u201cmet enkele dagen of weken\u201d uitgesteld.\" \/>\n<meta name=\"robots\" content=\"index, follow, max-snippet:-1, max-image-preview:large, max-video-preview:-1\" \/>\n<link rel=\"canonical\" href=\"https:\/\/www.retaildetail.be\/nl\/news\/mode\/franse-warenhuisketen-bhv-stelt-opening-van-vijf-shein-winkels-uit\/\" \/>\n<meta property=\"og:locale\" content=\"nl_NL\" \/>\n<meta property=\"og:type\" content=\"article\" \/>\n<meta property=\"og:title\" content=\"Franse warenhuisketen BHV stelt opening van vijf Shein-winkels uit - RetailDetail BE\" \/>\n<meta property=\"og:description\" content=\"De opening van Shein-winkels in vijf Franse BHV-warenhuizen, die gepland was voor november en december, wordt \u201cmet enkele dagen of weken\u201d uitgesteld.\" \/>\n<meta property=\"og:url\" content=\"https:\/\/www.retaildetail.be\/nl\/news\/mode\/franse-warenhuisketen-bhv-stelt-opening-van-vijf-shein-winkels-uit\/\" \/>\n<meta property=\"og:site_name\" content=\"RetailDetail BE\" \/>\n<meta property=\"article:published_time\" content=\"2025-11-14T15:59:11+00:00\" \/>\n<meta property=\"article:modified_time\" content=\"2025-11-14T15:59:13+00:00\" \/>\n<meta property=\"og:image\" content=\"https:\/\/www.retaildetail.be\/wp-content\/uploads\/2025\/11\/shutterstock_2698900517.jpg\" \/>\n\t<meta property=\"og:image:width\" content=\"1000\" \/>\n\t<meta property=\"og:image:height\" content=\"667\" \/>\n\t<meta property=\"og:image:type\" content=\"image\/jpeg\" \/>\n<meta name=\"author\" content=\"Stefan Van Rompaey\" \/>\n<meta name=\"twitter:card\" content=\"summary_large_image\" \/>\n<meta name=\"twitter:label1\" content=\"Geschreven door\" \/>\n\t<meta name=\"twitter:data1\" content=\"Stefan Van Rompaey\" \/>\n\t<meta name=\"twitter:label2\" content=\"Geschatte leestijd\" \/>\n\t<meta name=\"twitter:data2\" content=\"1 minuut\" \/>\n<script type=\"application\/ld+json\" class=\"yoast-schema-graph\">{\"@context\":\"https:\\\/\\\/schema.org\",\"@graph\":[{\"@type\":\"NewsArticle\",\"@id\":\"https:\\\/\\\/www.retaildetail.be\\\/nl\\\/news\\\/mode\\\/franse-warenhuisketen-bhv-stelt-opening-van-vijf-shein-winkels-uit\\\/#article\",\"isPartOf\":{\"@id\":\"https:\\\/\\\/www.retaildetail.be\\\/nl\\\/news\\\/mode\\\/franse-warenhuisketen-bhv-stelt-opening-van-vijf-shein-winkels-uit\\\/\"},\"author\":{\"name\":\"Stefan Van Rompaey\",\"@id\":\"https:\\\/\\\/www.retaildetail.be\\\/nl\\\/#\\\/schema\\\/person\\\/51aec6069c4416aa2f68b2e4ff3455df\"},\"headline\":\"Franse warenhuisketen BHV stelt opening van vijf Shein-winkels uit\",\"datePublished\":\"2025-11-14T15:59:11+00:00\",\"dateModified\":\"2025-11-14T15:59:13+00:00\",\"mainEntityOfPage\":{\"@id\":\"https:\\\/\\\/www.retaildetail.be\\\/nl\\\/news\\\/mode\\\/franse-warenhuisketen-bhv-stelt-opening-van-vijf-shein-winkels-uit\\\/\"},\"wordCount\":186,\"publisher\":{\"@id\":\"https:\\\/\\\/www.retaildetail.be\\\/nl\\\/#organization\"},\"image\":{\"@id\":\"https:\\\/\\\/www.retaildetail.be\\\/nl\\\/news\\\/mode\\\/franse-warenhuisketen-bhv-stelt-opening-van-vijf-shein-winkels-uit\\\/#primaryimage\"},\"thumbnailUrl\":\"https:\\\/\\\/www.retaildetail.be\\\/wp-content\\\/uploads\\\/2025\\\/11\\\/shutterstock_2698900517.jpg\",\"articleSection\":[\"Mode\"],\"inLanguage\":\"nl-NL\",\"copyrightYear\":\"2025\",\"copyrightHolder\":{\"@id\":\"https:\\\/\\\/www.retaildetail.be\\\/#organization\"}},{\"@type\":\"WebPage\",\"@id\":\"https:\\\/\\\/www.retaildetail.be\\\/nl\\\/news\\\/mode\\\/franse-warenhuisketen-bhv-stelt-opening-van-vijf-shein-winkels-uit\\\/\",\"url\":\"https:\\\/\\\/www.retaildetail.be\\\/nl\\\/news\\\/mode\\\/franse-warenhuisketen-bhv-stelt-opening-van-vijf-shein-winkels-uit\\\/\",\"name\":\"Franse warenhuisketen BHV stelt opening van vijf Shein-winkels uit - RetailDetail BE\",\"isPartOf\":{\"@id\":\"https:\\\/\\\/www.retaildetail.be\\\/nl\\\/#website\"},\"primaryImageOfPage\":{\"@id\":\"https:\\\/\\\/www.retaildetail.be\\\/nl\\\/news\\\/mode\\\/franse-warenhuisketen-bhv-stelt-opening-van-vijf-shein-winkels-uit\\\/#primaryimage\"},\"image\":{\"@id\":\"https:\\\/\\\/www.retaildetail.be\\\/nl\\\/news\\\/mode\\\/franse-warenhuisketen-bhv-stelt-opening-van-vijf-shein-winkels-uit\\\/#primaryimage\"},\"thumbnailUrl\":\"https:\\\/\\\/www.retaildetail.be\\\/wp-content\\\/uploads\\\/2025\\\/11\\\/shutterstock_2698900517.jpg\",\"datePublished\":\"2025-11-14T15:59:11+00:00\",\"dateModified\":\"2025-11-14T15:59:13+00:00\",\"description\":\"De opening van Shein-winkels in vijf Franse BHV-warenhuizen, die gepland was voor november en december, wordt \u201cmet enkele dagen of weken\u201d uitgesteld.\",\"breadcrumb\":{\"@id\":\"https:\\\/\\\/www.retaildetail.be\\\/nl\\\/news\\\/mode\\\/franse-warenhuisketen-bhv-stelt-opening-van-vijf-shein-winkels-uit\\\/#breadcrumb\"},\"inLanguage\":\"nl-NL\",\"potentialAction\":[{\"@type\":\"ReadAction\",\"target\":[\"https:\\\/\\\/www.retaildetail.be\\\/nl\\\/news\\\/mode\\\/franse-warenhuisketen-bhv-stelt-opening-van-vijf-shein-winkels-uit\\\/\"]}]},{\"@type\":\"ImageObject\",\"inLanguage\":\"nl-NL\",\"@id\":\"https:\\\/\\\/www.retaildetail.be\\\/nl\\\/news\\\/mode\\\/franse-warenhuisketen-bhv-stelt-opening-van-vijf-shein-winkels-uit\\\/#primaryimage\",\"url\":\"https:\\\/\\\/www.retaildetail.be\\\/wp-content\\\/uploads\\\/2025\\\/11\\\/shutterstock_2698900517.jpg\",\"contentUrl\":\"https:\\\/\\\/www.retaildetail.be\\\/wp-content\\\/uploads\\\/2025\\\/11\\\/shutterstock_2698900517.jpg\",\"width\":1000,\"height\":667,\"caption\":\"Shutterstock.com\"},{\"@type\":\"BreadcrumbList\",\"@id\":\"https:\\\/\\\/www.retaildetail.be\\\/nl\\\/news\\\/mode\\\/franse-warenhuisketen-bhv-stelt-opening-van-vijf-shein-winkels-uit\\\/#breadcrumb\",\"itemListElement\":[{\"@type\":\"ListItem\",\"position\":1,\"name\":\"Home\",\"item\":\"https:\\\/\\\/www.retaildetail.be\\\/nl\\\/\"},{\"@type\":\"ListItem\",\"position\":2,\"name\":\"Franse warenhuisketen BHV stelt opening van vijf Shein-winkels uit\"}]},{\"@type\":\"WebSite\",\"@id\":\"https:\\\/\\\/www.retaildetail.be\\\/nl\\\/#website\",\"url\":\"https:\\\/\\\/www.retaildetail.be\\\/nl\\\/\",\"name\":\"RetailDetail BE\",\"description\":\"News\",\"publisher\":{\"@id\":\"https:\\\/\\\/www.retaildetail.be\\\/nl\\\/#organization\"},\"potentialAction\":[{\"@type\":\"SearchAction\",\"target\":{\"@type\":\"EntryPoint\",\"urlTemplate\":\"https:\\\/\\\/www.retaildetail.be\\\/nl\\\/?s={search_term_string}\"},\"query-input\":{\"@type\":\"PropertyValueSpecification\",\"valueRequired\":true,\"valueName\":\"search_term_string\"}}],\"inLanguage\":\"nl-NL\"},{\"@type\":\"Organization\",\"@id\":\"https:\\\/\\\/www.retaildetail.be\\\/nl\\\/#organization\",\"name\":\"RetailDetail BE\",\"url\":\"https:\\\/\\\/www.retaildetail.be\\\/nl\\\/\",\"logo\":{\"@type\":\"ImageObject\",\"inLanguage\":\"nl-NL\",\"@id\":\"https:\\\/\\\/www.retaildetail.be\\\/nl\\\/#\\\/schema\\\/logo\\\/image\\\/\",\"url\":\"https:\\\/\\\/www.retaildetail.be\\\/wp-content\\\/uploads\\\/2022\\\/04\\\/logo.svg\",\"contentUrl\":\"https:\\\/\\\/www.retaildetail.be\\\/wp-content\\\/uploads\\\/2022\\\/04\\\/logo.svg\",\"width\":131,\"height\":70,\"caption\":\"RetailDetail BE\"},\"image\":{\"@id\":\"https:\\\/\\\/www.retaildetail.be\\\/nl\\\/#\\\/schema\\\/logo\\\/image\\\/\"}},{\"@type\":\"Person\",\"@id\":\"https:\\\/\\\/www.retaildetail.be\\\/nl\\\/#\\\/schema\\\/person\\\/51aec6069c4416aa2f68b2e4ff3455df\",\"name\":\"Stefan Van Rompaey\",\"image\":{\"@type\":\"ImageObject\",\"inLanguage\":\"nl-NL\",\"@id\":\"https:\\\/\\\/secure.gravatar.com\\\/avatar\\\/fbbb4a80a0f109888b2a5ab8ae255617499ecde533749b3ab2fa6c23b5d65dac?s=96&d=mm&r=g\",\"url\":\"https:\\\/\\\/secure.gravatar.com\\\/avatar\\\/fbbb4a80a0f109888b2a5ab8ae255617499ecde533749b3ab2fa6c23b5d65dac?s=96&d=mm&r=g\",\"contentUrl\":\"https:\\\/\\\/secure.gravatar.com\\\/avatar\\\/fbbb4a80a0f109888b2a5ab8ae255617499ecde533749b3ab2fa6c23b5d65dac?s=96&d=mm&r=g\",\"caption\":\"Stefan Van Rompaey\"},\"url\":\"https:\\\/\\\/www.retaildetail.be\\\/nl\\\/author\\\/stefanvanrompaey\\\/\"}]}<\/script>\n<!-- \/ Yoast SEO plugin. -->","yoast_head_json":{"title":"Franse warenhuisketen BHV stelt opening van vijf Shein-winkels uit - RetailDetail BE","description":"De opening van Shein-winkels in vijf Franse BHV-warenhuizen, die gepland was voor november en december, wordt \u201cmet enkele dagen of weken\u201d uitgesteld.","robots":{"index":"index","follow":"follow","max-snippet":"max-snippet:-1","max-image-preview":"max-image-preview:large","max-video-preview":"max-video-preview:-1"},"canonical":"https:\/\/www.retaildetail.be\/nl\/news\/mode\/franse-warenhuisketen-bhv-stelt-opening-van-vijf-shein-winkels-uit\/","og_locale":"nl_NL","og_type":"article","og_title":"Franse warenhuisketen BHV stelt opening van vijf Shein-winkels uit - RetailDetail BE","og_description":"De opening van Shein-winkels in vijf Franse BHV-warenhuizen, die gepland was voor november en december, wordt \u201cmet enkele dagen of weken\u201d uitgesteld.","og_url":"https:\/\/www.retaildetail.be\/nl\/news\/mode\/franse-warenhuisketen-bhv-stelt-opening-van-vijf-shein-winkels-uit\/","og_site_name":"RetailDetail BE","article_published_time":"2025-11-14T15:59:11+00:00","article_modified_time":"2025-11-14T15:59:13+00:00","og_image":[{"width":1000,"height":667,"url":"https:\/\/www.retaildetail.be\/wp-content\/uploads\/2025\/11\/shutterstock_2698900517.jpg","type":"image\/jpeg"}],"author":"Stefan Van Rompaey","twitter_card":"summary_large_image","twitter_misc":{"Geschreven door":"Stefan Van Rompaey","Geschatte leestijd":"1 minuut"},"schema":{"@context":"https:\/\/schema.org","@graph":[{"@type":"NewsArticle","@id":"https:\/\/www.retaildetail.be\/nl\/news\/mode\/franse-warenhuisketen-bhv-stelt-opening-van-vijf-shein-winkels-uit\/#article","isPartOf":{"@id":"https:\/\/www.retaildetail.be\/nl\/news\/mode\/franse-warenhuisketen-bhv-stelt-opening-van-vijf-shein-winkels-uit\/"},"author":{"name":"Stefan Van Rompaey","@id":"https:\/\/www.retaildetail.be\/nl\/#\/schema\/person\/51aec6069c4416aa2f68b2e4ff3455df"},"headline":"Franse warenhuisketen BHV stelt opening van vijf Shein-winkels uit","datePublished":"2025-11-14T15:59:11+00:00","dateModified":"2025-11-14T15:59:13+00:00","mainEntityOfPage":{"@id":"https:\/\/www.retaildetail.be\/nl\/news\/mode\/franse-warenhuisketen-bhv-stelt-opening-van-vijf-shein-winkels-uit\/"},"wordCount":186,"publisher":{"@id":"https:\/\/www.retaildetail.be\/nl\/#organization"},"image":{"@id":"https:\/\/www.retaildetail.be\/nl\/news\/mode\/franse-warenhuisketen-bhv-stelt-opening-van-vijf-shein-winkels-uit\/#primaryimage"},"thumbnailUrl":"https:\/\/www.retaildetail.be\/wp-content\/uploads\/2025\/11\/shutterstock_2698900517.jpg","articleSection":["Mode"],"inLanguage":"nl-NL","copyrightYear":"2025","copyrightHolder":{"@id":"https:\/\/www.retaildetail.be\/#organization"}},{"@type":"WebPage","@id":"https:\/\/www.retaildetail.be\/nl\/news\/mode\/franse-warenhuisketen-bhv-stelt-opening-van-vijf-shein-winkels-uit\/","url":"https:\/\/www.retaildetail.be\/nl\/news\/mode\/franse-warenhuisketen-bhv-stelt-opening-van-vijf-shein-winkels-uit\/","name":"Franse warenhuisketen BHV stelt opening van vijf Shein-winkels uit - RetailDetail BE","isPartOf":{"@id":"https:\/\/www.retaildetail.be\/nl\/#website"},"primaryImageOfPage":{"@id":"https:\/\/www.retaildetail.be\/nl\/news\/mode\/franse-warenhuisketen-bhv-stelt-opening-van-vijf-shein-winkels-uit\/#primaryimage"},"image":{"@id":"https:\/\/www.retaildetail.be\/nl\/news\/mode\/franse-warenhuisketen-bhv-stelt-opening-van-vijf-shein-winkels-uit\/#primaryimage"},"thumbnailUrl":"https:\/\/www.retaildetail.be\/wp-content\/uploads\/2025\/11\/shutterstock_2698900517.jpg","datePublished":"2025-11-14T15:59:11+00:00","dateModified":"2025-11-14T15:59:13+00:00","description":"De opening van Shein-winkels in vijf Franse BHV-warenhuizen, die gepland was voor november en december, wordt \u201cmet enkele dagen of weken\u201d uitgesteld.","breadcrumb":{"@id":"https:\/\/www.retaildetail.be\/nl\/news\/mode\/franse-warenhuisketen-bhv-stelt-opening-van-vijf-shein-winkels-uit\/#breadcrumb"},"inLanguage":"nl-NL","potentialAction":[{"@type":"ReadAction","target":["https:\/\/www.retaildetail.be\/nl\/news\/mode\/franse-warenhuisketen-bhv-stelt-opening-van-vijf-shein-winkels-uit\/"]}]},{"@type":"ImageObject","inLanguage":"nl-NL","@id":"https:\/\/www.retaildetail.be\/nl\/news\/mode\/franse-warenhuisketen-bhv-stelt-opening-van-vijf-shein-winkels-uit\/#primaryimage","url":"https:\/\/www.retaildetail.be\/wp-content\/uploads\/2025\/11\/shutterstock_2698900517.jpg","contentUrl":"https:\/\/www.retaildetail.be\/wp-content\/uploads\/2025\/11\/shutterstock_2698900517.jpg","width":1000,"height":667,"caption":"Shutterstock.com"},{"@type":"BreadcrumbList","@id":"https:\/\/www.retaildetail.be\/nl\/news\/mode\/franse-warenhuisketen-bhv-stelt-opening-van-vijf-shein-winkels-uit\/#breadcrumb","itemListElement":[{"@type":"ListItem","position":1,"name":"Home","item":"https:\/\/www.retaildetail.be\/nl\/"},{"@type":"ListItem","position":2,"name":"Franse warenhuisketen BHV stelt opening van vijf Shein-winkels uit"}]},{"@type":"WebSite","@id":"https:\/\/www.retaildetail.be\/nl\/#website","url":"https:\/\/www.retaildetail.be\/nl\/","name":"RetailDetail BE","description":"News","publisher":{"@id":"https:\/\/www.retaildetail.be\/nl\/#organization"},"potentialAction":[{"@type":"SearchAction","target":{"@type":"EntryPoint","urlTemplate":"https:\/\/www.retaildetail.be\/nl\/?s={search_term_string}"},"query-input":{"@type":"PropertyValueSpecification","valueRequired":true,"valueName":"search_term_string"}}],"inLanguage":"nl-NL"},{"@type":"Organization","@id":"https:\/\/www.retaildetail.be\/nl\/#organization","name":"RetailDetail BE","url":"https:\/\/www.retaildetail.be\/nl\/","logo":{"@type":"ImageObject","inLanguage":"nl-NL","@id":"https:\/\/www.retaildetail.be\/nl\/#\/schema\/logo\/image\/","url":"https:\/\/www.retaildetail.be\/wp-content\/uploads\/2022\/04\/logo.svg","contentUrl":"https:\/\/www.retaildetail.be\/wp-content\/uploads\/2022\/04\/logo.svg","width":131,"height":70,"caption":"RetailDetail BE"},"image":{"@id":"https:\/\/www.retaildetail.be\/nl\/#\/schema\/logo\/image\/"}},{"@type":"Person","@id":"https:\/\/www.retaildetail.be\/nl\/#\/schema\/person\/51aec6069c4416aa2f68b2e4ff3455df","name":"Stefan Van Rompaey","image":{"@type":"ImageObject","inLanguage":"nl-NL","@id":"https:\/\/secure.gravatar.com\/avatar\/fbbb4a80a0f109888b2a5ab8ae255617499ecde533749b3ab2fa6c23b5d65dac?s=96&d=mm&r=g","url":"https:\/\/secure.gravatar.com\/avatar\/fbbb4a80a0f109888b2a5ab8ae255617499ecde533749b3ab2fa6c23b5d65dac?s=96&d=mm&r=g","contentUrl":"https:\/\/secure.gravatar.com\/avatar\/fbbb4a80a0f109888b2a5ab8ae255617499ecde533749b3ab2fa6c23b5d65dac?s=96&d=mm&r=g","caption":"Stefan Van Rompaey"},"url":"https:\/\/www.retaildetail.be\/nl\/author\/stefanvanrompaey\/"}]}},"jetpack_featured_media_url":"https:\/\/www.retaildetail.be\/wp-content\/uploads\/2025\/11\/shutterstock_2698900517.jpg","jetpack_sharing_enabled":true,"_links":{"self":[{"href":"https:\/\/www.retaildetail.be\/nl\/wp-json\/wp\/v2\/posts\/134722","targetHints":{"allow":["GET"]}}],"collection":[{"href":"https:\/\/www.retaildetail.be\/nl\/wp-json\/wp\/v2\/posts"}],"about":[{"href":"https:\/\/www.retaildetail.be\/nl\/wp-json\/wp\/v2\/types\/post"}],"author":[{"embeddable":true,"href":"https:\/\/www.retaildetail.be\/nl\/wp-json\/wp\/v2\/users\/3"}],"replies":[{"embeddable":true,"href":"https:\/\/www.retaildetail.be\/nl\/wp-json\/wp\/v2\/comments?post=134722"}],"version-history":[{"count":1,"href":"https:\/\/www.retaildetail.be\/nl\/wp-json\/wp\/v2\/posts\/134722\/revisions"}],"predecessor-version":[{"id":134725,"href":"https:\/\/www.retaildetail.be\/nl\/wp-json\/wp\/v2\/posts\/134722\/revisions\/134725"}],"wp:featuredmedia":[{"embeddable":true,"href":"https:\/\/www.retaildetail.be\/nl\/wp-json\/wp\/v2\/media\/134723"}],"wp:attachment":[{"href":"https:\/\/www.retaildetail.be\/nl\/wp-json\/wp\/v2\/media?parent=134722"}],"wp:term":[{"taxonomy":"category","embeddable":true,"href":"https:\/\/www.retaildetail.be\/nl\/wp-json\/wp\/v2\/categories?post=134722"},{"taxonomy":"post_tag","embeddable":true,"href":"https:\/\/www.retaildetail.be\/nl\/wp-json\/wp\/v2\/tags?post=134722"},{"taxonomy":"people","embeddable":true,"href":"https:\/\/www.retaildetail.be\/nl\/wp-json\/wp\/v2\/people?post=134722"},{"taxonomy":"extra","embeddable":true,"href":"https:\/\/www.retaildetail.be\/nl\/wp-json\/wp\/v2\/extra?post=134722"},{"taxonomy":"company","embeddable":true,"href":"https:\/\/www.retaildetail.be\/nl\/wp-json\/wp\/v2\/company?post=134722"},{"taxonomy":"topic","embeddable":true,"href":"https:\/\/www.retaildetail.be\/nl\/wp-json\/wp\/v2\/topic?post=134722"},{"taxonomy":"region","embeddable":true,"href":"https:\/\/www.retaildetail.be\/nl\/wp-json\/wp\/v2\/region?post=134722"}],"curies":[{"name":"wp","href":"https:\/\/api.w.org\/{rel}","templated":true}]}}