{"id":135913,"date":"2025-11-27T09:04:00","date_gmt":"2025-11-27T08:04:00","guid":{"rendered":"https:\/\/www.retaildetail.be\/?p=135913"},"modified":"2025-11-28T15:32:38","modified_gmt":"2025-11-28T14:32:38","slug":"colruyt-reageert-nu-ook-met-advertenties-op-kruidvat-promo","status":"publish","type":"post","link":"https:\/\/www.retaildetail.be\/nl\/news\/food\/colruyt-reageert-nu-ook-met-advertenties-op-kruidvat-promo\/","title":{"rendered":"Promo-oorlog: Colruyt contra Kruidvat"},"content":{"rendered":"\n<p>Nadat <strong>Colruyt<\/strong> begin deze maand fors reageerde op een 2+5 stuntaanbieding van <strong>Albert Heijn<\/strong>, verschijnen vandaag opnieuw advertenties in de media met een reactie op de Black Friday-aanbiedingen van <strong>Kruidvat<\/strong>.<\/p>\n\n\n\n<h2 class=\"wp-block-heading\">\u201cWe reageren altijd\u201d<\/h2>\n\n\n\n<p>\u201c2+3 deals op Fa, Axe en Palmolive bij een concurrent? Dan verlagen wij onze prijzen. Bij Colruyt vind je \u00e9cht alle promo&#8217;s onder \u00e9\u00e9n dak!\u201d zo luidt de e-mail die Colruyt gisteren naar klanten stuurde. Vandaag verschijnen in de kranten opnieuw paginagrote advertenties met de slagzin \u201cColruyt reageert op alle promo\u2019s, ook op 2+3 deals\u201d.<\/p>\n\n\n\n<p>Hiermee zet de retailer opnieuw zijn laagsteprijsgarantie in de kijker, die steeds vaker door concurrenten wordt aangevallen met stuntpromoties. De actie herinnert aan de enorme heisa die begin deze maand ontstond na een stunt van Albert Heijn, <a href=\"https:\/\/www.retaildetail.be\/nl\/news\/food\/colruyt-reageert-fors-op-stunt-albert-heijn\/\">waarop Colruyt ongemeen fors reageerde<\/a>.<\/p>\n\n\n\n<p>\u201cNiks nieuws onder de zon, we passen altijd onze prijzen aan,\u201d aldus de persdienst. De boodschap van Colruyt was inderdaad altijd al dat klanten niet naar andere winkels hoeven te lopen om van aanbiedingen bij andere retailers te genieten. Maar de toegenomen concurrentie op de Belgische markt zet de retailer er blijkbaar toe aan om die belofte nadrukkelijker te blijven herhalen.<\/p>\n\n\n\n<p>Toevallig volgt de reactie van Colruyt \u00e9\u00e9n dag nadat beursanalisten van Barclays een verkoopadvies voor het aandeel Colruyt Group uitstuurden: ze vrezen dat de uitdagende Belgische markt en de internationale concurrentie het bedrijf verder onder druk blijven zetten in 2026.<\/p>\n","protected":false},"excerpt":{"rendered":"<p>Nadat Colruyt begin deze maand fors reageerde op een 2+5 stuntaanbieding van Albert Heijn, verschijnen vandaag opnieuw advertenties in de media met een reactie op de Black Friday-aanbiedingen van Kruidvat. <\/p>\n","protected":false},"author":3,"featured_media":135914,"comment_status":"closed","ping_status":"closed","sticky":false,"template":"","format":"standard","meta":{"_acf_changed":false,"inline_featured_image":false,"_jetpack_memberships_contains_paid_content":false,"footnotes":""},"categories":[18],"tags":[],"people":[],"extra":[],"company":[201,1007],"topic":[589],"region":[90],"class_list":["post-135913","post","type-post","status-publish","format-standard","has-post-thumbnail","hentry","category-food","company-colruyt","company-kruidvat","topic-prijsconcurrentie","region-belgie"],"acf":[],"yoast_head":"<!-- This site is optimized with the Yoast SEO plugin v27.3 - https:\/\/yoast.com\/product\/yoast-seo-wordpress\/ -->\n<title>Promo-oorlog: Colruyt contra Kruidvat - RetailDetail BE<\/title>\n<meta name=\"description\" content=\"Colruyt publiceert vandaag opnieuw advertenties in de media met een reactie op de Black Friday-aanbiedingen van Kruidvat.\" \/>\n<meta name=\"robots\" content=\"index, follow, max-snippet:-1, max-image-preview:large, max-video-preview:-1\" \/>\n<link rel=\"canonical\" href=\"https:\/\/www.retaildetail.be\/nl\/news\/food\/colruyt-reageert-nu-ook-met-advertenties-op-kruidvat-promo\/\" \/>\n<meta property=\"og:locale\" content=\"nl_NL\" \/>\n<meta property=\"og:type\" content=\"article\" \/>\n<meta property=\"og:title\" content=\"Promo-oorlog: Colruyt contra Kruidvat - RetailDetail BE\" \/>\n<meta property=\"og:description\" content=\"Colruyt publiceert vandaag opnieuw advertenties in de media met een reactie op de Black Friday-aanbiedingen van Kruidvat.\" \/>\n<meta property=\"og:url\" content=\"https:\/\/www.retaildetail.be\/nl\/news\/food\/colruyt-reageert-nu-ook-met-advertenties-op-kruidvat-promo\/\" \/>\n<meta property=\"og:site_name\" content=\"RetailDetail BE\" \/>\n<meta property=\"article:published_time\" content=\"2025-11-27T08:04:00+00:00\" \/>\n<meta property=\"article:modified_time\" content=\"2025-11-28T14:32:38+00:00\" \/>\n<meta property=\"og:image\" content=\"https:\/\/www.retaildetail.be\/wp-content\/uploads\/2025\/11\/colruyt-kruidvat.jpg\" \/>\n\t<meta property=\"og:image:width\" content=\"720\" \/>\n\t<meta property=\"og:image:height\" content=\"548\" \/>\n\t<meta property=\"og:image:type\" content=\"image\/jpeg\" \/>\n<meta name=\"author\" content=\"Stefan Van Rompaey\" \/>\n<meta name=\"twitter:card\" content=\"summary_large_image\" \/>\n<meta name=\"twitter:label1\" content=\"Geschreven door\" \/>\n\t<meta name=\"twitter:data1\" content=\"Stefan Van Rompaey\" \/>\n\t<meta name=\"twitter:label2\" content=\"Geschatte leestijd\" \/>\n\t<meta name=\"twitter:data2\" content=\"1 minuut\" \/>\n<script type=\"application\/ld+json\" class=\"yoast-schema-graph\">{\"@context\":\"https:\\\/\\\/schema.org\",\"@graph\":[{\"@type\":\"NewsArticle\",\"@id\":\"https:\\\/\\\/www.retaildetail.be\\\/nl\\\/news\\\/food\\\/colruyt-reageert-nu-ook-met-advertenties-op-kruidvat-promo\\\/#article\",\"isPartOf\":{\"@id\":\"https:\\\/\\\/www.retaildetail.be\\\/nl\\\/news\\\/food\\\/colruyt-reageert-nu-ook-met-advertenties-op-kruidvat-promo\\\/\"},\"author\":{\"name\":\"Stefan Van Rompaey\",\"@id\":\"https:\\\/\\\/www.retaildetail.be\\\/nl\\\/#\\\/schema\\\/person\\\/51aec6069c4416aa2f68b2e4ff3455df\"},\"headline\":\"Promo-oorlog: Colruyt contra Kruidvat\",\"datePublished\":\"2025-11-27T08:04:00+00:00\",\"dateModified\":\"2025-11-28T14:32:38+00:00\",\"mainEntityOfPage\":{\"@id\":\"https:\\\/\\\/www.retaildetail.be\\\/nl\\\/news\\\/food\\\/colruyt-reageert-nu-ook-met-advertenties-op-kruidvat-promo\\\/\"},\"wordCount\":233,\"publisher\":{\"@id\":\"https:\\\/\\\/www.retaildetail.be\\\/nl\\\/#organization\"},\"image\":{\"@id\":\"https:\\\/\\\/www.retaildetail.be\\\/nl\\\/news\\\/food\\\/colruyt-reageert-nu-ook-met-advertenties-op-kruidvat-promo\\\/#primaryimage\"},\"thumbnailUrl\":\"https:\\\/\\\/www.retaildetail.be\\\/wp-content\\\/uploads\\\/2025\\\/11\\\/colruyt-kruidvat.jpg\",\"articleSection\":[\"Food\"],\"inLanguage\":\"nl-NL\",\"copyrightYear\":\"2025\",\"copyrightHolder\":{\"@id\":\"https:\\\/\\\/www.retaildetail.be\\\/#organization\"}},{\"@type\":\"WebPage\",\"@id\":\"https:\\\/\\\/www.retaildetail.be\\\/nl\\\/news\\\/food\\\/colruyt-reageert-nu-ook-met-advertenties-op-kruidvat-promo\\\/\",\"url\":\"https:\\\/\\\/www.retaildetail.be\\\/nl\\\/news\\\/food\\\/colruyt-reageert-nu-ook-met-advertenties-op-kruidvat-promo\\\/\",\"name\":\"Promo-oorlog: Colruyt contra Kruidvat - RetailDetail BE\",\"isPartOf\":{\"@id\":\"https:\\\/\\\/www.retaildetail.be\\\/nl\\\/#website\"},\"primaryImageOfPage\":{\"@id\":\"https:\\\/\\\/www.retaildetail.be\\\/nl\\\/news\\\/food\\\/colruyt-reageert-nu-ook-met-advertenties-op-kruidvat-promo\\\/#primaryimage\"},\"image\":{\"@id\":\"https:\\\/\\\/www.retaildetail.be\\\/nl\\\/news\\\/food\\\/colruyt-reageert-nu-ook-met-advertenties-op-kruidvat-promo\\\/#primaryimage\"},\"thumbnailUrl\":\"https:\\\/\\\/www.retaildetail.be\\\/wp-content\\\/uploads\\\/2025\\\/11\\\/colruyt-kruidvat.jpg\",\"datePublished\":\"2025-11-27T08:04:00+00:00\",\"dateModified\":\"2025-11-28T14:32:38+00:00\",\"description\":\"Colruyt publiceert vandaag opnieuw advertenties in de media met een reactie op de Black Friday-aanbiedingen van Kruidvat.\",\"breadcrumb\":{\"@id\":\"https:\\\/\\\/www.retaildetail.be\\\/nl\\\/news\\\/food\\\/colruyt-reageert-nu-ook-met-advertenties-op-kruidvat-promo\\\/#breadcrumb\"},\"inLanguage\":\"nl-NL\",\"potentialAction\":[{\"@type\":\"ReadAction\",\"target\":[\"https:\\\/\\\/www.retaildetail.be\\\/nl\\\/news\\\/food\\\/colruyt-reageert-nu-ook-met-advertenties-op-kruidvat-promo\\\/\"]}]},{\"@type\":\"ImageObject\",\"inLanguage\":\"nl-NL\",\"@id\":\"https:\\\/\\\/www.retaildetail.be\\\/nl\\\/news\\\/food\\\/colruyt-reageert-nu-ook-met-advertenties-op-kruidvat-promo\\\/#primaryimage\",\"url\":\"https:\\\/\\\/www.retaildetail.be\\\/wp-content\\\/uploads\\\/2025\\\/11\\\/colruyt-kruidvat.jpg\",\"contentUrl\":\"https:\\\/\\\/www.retaildetail.be\\\/wp-content\\\/uploads\\\/2025\\\/11\\\/colruyt-kruidvat.jpg\",\"width\":720,\"height\":548},{\"@type\":\"BreadcrumbList\",\"@id\":\"https:\\\/\\\/www.retaildetail.be\\\/nl\\\/news\\\/food\\\/colruyt-reageert-nu-ook-met-advertenties-op-kruidvat-promo\\\/#breadcrumb\",\"itemListElement\":[{\"@type\":\"ListItem\",\"position\":1,\"name\":\"Home\",\"item\":\"https:\\\/\\\/www.retaildetail.be\\\/nl\\\/\"},{\"@type\":\"ListItem\",\"position\":2,\"name\":\"Promo-oorlog: Colruyt contra Kruidvat\"}]},{\"@type\":\"WebSite\",\"@id\":\"https:\\\/\\\/www.retaildetail.be\\\/nl\\\/#website\",\"url\":\"https:\\\/\\\/www.retaildetail.be\\\/nl\\\/\",\"name\":\"RetailDetail BE\",\"description\":\"News\",\"publisher\":{\"@id\":\"https:\\\/\\\/www.retaildetail.be\\\/nl\\\/#organization\"},\"potentialAction\":[{\"@type\":\"SearchAction\",\"target\":{\"@type\":\"EntryPoint\",\"urlTemplate\":\"https:\\\/\\\/www.retaildetail.be\\\/nl\\\/?s={search_term_string}\"},\"query-input\":{\"@type\":\"PropertyValueSpecification\",\"valueRequired\":true,\"valueName\":\"search_term_string\"}}],\"inLanguage\":\"nl-NL\"},{\"@type\":\"Organization\",\"@id\":\"https:\\\/\\\/www.retaildetail.be\\\/nl\\\/#organization\",\"name\":\"RetailDetail BE\",\"url\":\"https:\\\/\\\/www.retaildetail.be\\\/nl\\\/\",\"logo\":{\"@type\":\"ImageObject\",\"inLanguage\":\"nl-NL\",\"@id\":\"https:\\\/\\\/www.retaildetail.be\\\/nl\\\/#\\\/schema\\\/logo\\\/image\\\/\",\"url\":\"https:\\\/\\\/www.retaildetail.be\\\/wp-content\\\/uploads\\\/2022\\\/04\\\/logo.svg\",\"contentUrl\":\"https:\\\/\\\/www.retaildetail.be\\\/wp-content\\\/uploads\\\/2022\\\/04\\\/logo.svg\",\"width\":131,\"height\":70,\"caption\":\"RetailDetail BE\"},\"image\":{\"@id\":\"https:\\\/\\\/www.retaildetail.be\\\/nl\\\/#\\\/schema\\\/logo\\\/image\\\/\"}},{\"@type\":\"Person\",\"@id\":\"https:\\\/\\\/www.retaildetail.be\\\/nl\\\/#\\\/schema\\\/person\\\/51aec6069c4416aa2f68b2e4ff3455df\",\"name\":\"Stefan Van Rompaey\",\"image\":{\"@type\":\"ImageObject\",\"inLanguage\":\"nl-NL\",\"@id\":\"https:\\\/\\\/secure.gravatar.com\\\/avatar\\\/fbbb4a80a0f109888b2a5ab8ae255617499ecde533749b3ab2fa6c23b5d65dac?s=96&d=mm&r=g\",\"url\":\"https:\\\/\\\/secure.gravatar.com\\\/avatar\\\/fbbb4a80a0f109888b2a5ab8ae255617499ecde533749b3ab2fa6c23b5d65dac?s=96&d=mm&r=g\",\"contentUrl\":\"https:\\\/\\\/secure.gravatar.com\\\/avatar\\\/fbbb4a80a0f109888b2a5ab8ae255617499ecde533749b3ab2fa6c23b5d65dac?s=96&d=mm&r=g\",\"caption\":\"Stefan Van Rompaey\"},\"url\":\"https:\\\/\\\/www.retaildetail.be\\\/nl\\\/author\\\/stefanvanrompaey\\\/\"}]}<\/script>\n<!-- \/ Yoast SEO plugin. -->","yoast_head_json":{"title":"Promo-oorlog: Colruyt contra Kruidvat - RetailDetail BE","description":"Colruyt publiceert vandaag opnieuw advertenties in de media met een reactie op de Black Friday-aanbiedingen van Kruidvat.","robots":{"index":"index","follow":"follow","max-snippet":"max-snippet:-1","max-image-preview":"max-image-preview:large","max-video-preview":"max-video-preview:-1"},"canonical":"https:\/\/www.retaildetail.be\/nl\/news\/food\/colruyt-reageert-nu-ook-met-advertenties-op-kruidvat-promo\/","og_locale":"nl_NL","og_type":"article","og_title":"Promo-oorlog: Colruyt contra Kruidvat - RetailDetail BE","og_description":"Colruyt publiceert vandaag opnieuw advertenties in de media met een reactie op de Black Friday-aanbiedingen van Kruidvat.","og_url":"https:\/\/www.retaildetail.be\/nl\/news\/food\/colruyt-reageert-nu-ook-met-advertenties-op-kruidvat-promo\/","og_site_name":"RetailDetail BE","article_published_time":"2025-11-27T08:04:00+00:00","article_modified_time":"2025-11-28T14:32:38+00:00","og_image":[{"width":720,"height":548,"url":"https:\/\/www.retaildetail.be\/wp-content\/uploads\/2025\/11\/colruyt-kruidvat.jpg","type":"image\/jpeg"}],"author":"Stefan Van Rompaey","twitter_card":"summary_large_image","twitter_misc":{"Geschreven door":"Stefan Van Rompaey","Geschatte leestijd":"1 minuut"},"schema":{"@context":"https:\/\/schema.org","@graph":[{"@type":"NewsArticle","@id":"https:\/\/www.retaildetail.be\/nl\/news\/food\/colruyt-reageert-nu-ook-met-advertenties-op-kruidvat-promo\/#article","isPartOf":{"@id":"https:\/\/www.retaildetail.be\/nl\/news\/food\/colruyt-reageert-nu-ook-met-advertenties-op-kruidvat-promo\/"},"author":{"name":"Stefan Van Rompaey","@id":"https:\/\/www.retaildetail.be\/nl\/#\/schema\/person\/51aec6069c4416aa2f68b2e4ff3455df"},"headline":"Promo-oorlog: Colruyt contra Kruidvat","datePublished":"2025-11-27T08:04:00+00:00","dateModified":"2025-11-28T14:32:38+00:00","mainEntityOfPage":{"@id":"https:\/\/www.retaildetail.be\/nl\/news\/food\/colruyt-reageert-nu-ook-met-advertenties-op-kruidvat-promo\/"},"wordCount":233,"publisher":{"@id":"https:\/\/www.retaildetail.be\/nl\/#organization"},"image":{"@id":"https:\/\/www.retaildetail.be\/nl\/news\/food\/colruyt-reageert-nu-ook-met-advertenties-op-kruidvat-promo\/#primaryimage"},"thumbnailUrl":"https:\/\/www.retaildetail.be\/wp-content\/uploads\/2025\/11\/colruyt-kruidvat.jpg","articleSection":["Food"],"inLanguage":"nl-NL","copyrightYear":"2025","copyrightHolder":{"@id":"https:\/\/www.retaildetail.be\/#organization"}},{"@type":"WebPage","@id":"https:\/\/www.retaildetail.be\/nl\/news\/food\/colruyt-reageert-nu-ook-met-advertenties-op-kruidvat-promo\/","url":"https:\/\/www.retaildetail.be\/nl\/news\/food\/colruyt-reageert-nu-ook-met-advertenties-op-kruidvat-promo\/","name":"Promo-oorlog: Colruyt contra Kruidvat - RetailDetail BE","isPartOf":{"@id":"https:\/\/www.retaildetail.be\/nl\/#website"},"primaryImageOfPage":{"@id":"https:\/\/www.retaildetail.be\/nl\/news\/food\/colruyt-reageert-nu-ook-met-advertenties-op-kruidvat-promo\/#primaryimage"},"image":{"@id":"https:\/\/www.retaildetail.be\/nl\/news\/food\/colruyt-reageert-nu-ook-met-advertenties-op-kruidvat-promo\/#primaryimage"},"thumbnailUrl":"https:\/\/www.retaildetail.be\/wp-content\/uploads\/2025\/11\/colruyt-kruidvat.jpg","datePublished":"2025-11-27T08:04:00+00:00","dateModified":"2025-11-28T14:32:38+00:00","description":"Colruyt publiceert vandaag opnieuw advertenties in de media met een reactie op de Black Friday-aanbiedingen van Kruidvat.","breadcrumb":{"@id":"https:\/\/www.retaildetail.be\/nl\/news\/food\/colruyt-reageert-nu-ook-met-advertenties-op-kruidvat-promo\/#breadcrumb"},"inLanguage":"nl-NL","potentialAction":[{"@type":"ReadAction","target":["https:\/\/www.retaildetail.be\/nl\/news\/food\/colruyt-reageert-nu-ook-met-advertenties-op-kruidvat-promo\/"]}]},{"@type":"ImageObject","inLanguage":"nl-NL","@id":"https:\/\/www.retaildetail.be\/nl\/news\/food\/colruyt-reageert-nu-ook-met-advertenties-op-kruidvat-promo\/#primaryimage","url":"https:\/\/www.retaildetail.be\/wp-content\/uploads\/2025\/11\/colruyt-kruidvat.jpg","contentUrl":"https:\/\/www.retaildetail.be\/wp-content\/uploads\/2025\/11\/colruyt-kruidvat.jpg","width":720,"height":548},{"@type":"BreadcrumbList","@id":"https:\/\/www.retaildetail.be\/nl\/news\/food\/colruyt-reageert-nu-ook-met-advertenties-op-kruidvat-promo\/#breadcrumb","itemListElement":[{"@type":"ListItem","position":1,"name":"Home","item":"https:\/\/www.retaildetail.be\/nl\/"},{"@type":"ListItem","position":2,"name":"Promo-oorlog: Colruyt contra Kruidvat"}]},{"@type":"WebSite","@id":"https:\/\/www.retaildetail.be\/nl\/#website","url":"https:\/\/www.retaildetail.be\/nl\/","name":"RetailDetail BE","description":"News","publisher":{"@id":"https:\/\/www.retaildetail.be\/nl\/#organization"},"potentialAction":[{"@type":"SearchAction","target":{"@type":"EntryPoint","urlTemplate":"https:\/\/www.retaildetail.be\/nl\/?s={search_term_string}"},"query-input":{"@type":"PropertyValueSpecification","valueRequired":true,"valueName":"search_term_string"}}],"inLanguage":"nl-NL"},{"@type":"Organization","@id":"https:\/\/www.retaildetail.be\/nl\/#organization","name":"RetailDetail BE","url":"https:\/\/www.retaildetail.be\/nl\/","logo":{"@type":"ImageObject","inLanguage":"nl-NL","@id":"https:\/\/www.retaildetail.be\/nl\/#\/schema\/logo\/image\/","url":"https:\/\/www.retaildetail.be\/wp-content\/uploads\/2022\/04\/logo.svg","contentUrl":"https:\/\/www.retaildetail.be\/wp-content\/uploads\/2022\/04\/logo.svg","width":131,"height":70,"caption":"RetailDetail BE"},"image":{"@id":"https:\/\/www.retaildetail.be\/nl\/#\/schema\/logo\/image\/"}},{"@type":"Person","@id":"https:\/\/www.retaildetail.be\/nl\/#\/schema\/person\/51aec6069c4416aa2f68b2e4ff3455df","name":"Stefan Van Rompaey","image":{"@type":"ImageObject","inLanguage":"nl-NL","@id":"https:\/\/secure.gravatar.com\/avatar\/fbbb4a80a0f109888b2a5ab8ae255617499ecde533749b3ab2fa6c23b5d65dac?s=96&d=mm&r=g","url":"https:\/\/secure.gravatar.com\/avatar\/fbbb4a80a0f109888b2a5ab8ae255617499ecde533749b3ab2fa6c23b5d65dac?s=96&d=mm&r=g","contentUrl":"https:\/\/secure.gravatar.com\/avatar\/fbbb4a80a0f109888b2a5ab8ae255617499ecde533749b3ab2fa6c23b5d65dac?s=96&d=mm&r=g","caption":"Stefan Van Rompaey"},"url":"https:\/\/www.retaildetail.be\/nl\/author\/stefanvanrompaey\/"}]}},"jetpack_featured_media_url":"https:\/\/www.retaildetail.be\/wp-content\/uploads\/2025\/11\/colruyt-kruidvat.jpg","jetpack_sharing_enabled":true,"_links":{"self":[{"href":"https:\/\/www.retaildetail.be\/nl\/wp-json\/wp\/v2\/posts\/135913","targetHints":{"allow":["GET"]}}],"collection":[{"href":"https:\/\/www.retaildetail.be\/nl\/wp-json\/wp\/v2\/posts"}],"about":[{"href":"https:\/\/www.retaildetail.be\/nl\/wp-json\/wp\/v2\/types\/post"}],"author":[{"embeddable":true,"href":"https:\/\/www.retaildetail.be\/nl\/wp-json\/wp\/v2\/users\/3"}],"replies":[{"embeddable":true,"href":"https:\/\/www.retaildetail.be\/nl\/wp-json\/wp\/v2\/comments?post=135913"}],"version-history":[{"count":3,"href":"https:\/\/www.retaildetail.be\/nl\/wp-json\/wp\/v2\/posts\/135913\/revisions"}],"predecessor-version":[{"id":136151,"href":"https:\/\/www.retaildetail.be\/nl\/wp-json\/wp\/v2\/posts\/135913\/revisions\/136151"}],"wp:featuredmedia":[{"embeddable":true,"href":"https:\/\/www.retaildetail.be\/nl\/wp-json\/wp\/v2\/media\/135914"}],"wp:attachment":[{"href":"https:\/\/www.retaildetail.be\/nl\/wp-json\/wp\/v2\/media?parent=135913"}],"wp:term":[{"taxonomy":"category","embeddable":true,"href":"https:\/\/www.retaildetail.be\/nl\/wp-json\/wp\/v2\/categories?post=135913"},{"taxonomy":"post_tag","embeddable":true,"href":"https:\/\/www.retaildetail.be\/nl\/wp-json\/wp\/v2\/tags?post=135913"},{"taxonomy":"people","embeddable":true,"href":"https:\/\/www.retaildetail.be\/nl\/wp-json\/wp\/v2\/people?post=135913"},{"taxonomy":"extra","embeddable":true,"href":"https:\/\/www.retaildetail.be\/nl\/wp-json\/wp\/v2\/extra?post=135913"},{"taxonomy":"company","embeddable":true,"href":"https:\/\/www.retaildetail.be\/nl\/wp-json\/wp\/v2\/company?post=135913"},{"taxonomy":"topic","embeddable":true,"href":"https:\/\/www.retaildetail.be\/nl\/wp-json\/wp\/v2\/topic?post=135913"},{"taxonomy":"region","embeddable":true,"href":"https:\/\/www.retaildetail.be\/nl\/wp-json\/wp\/v2\/region?post=135913"}],"curies":[{"name":"wp","href":"https:\/\/api.w.org\/{rel}","templated":true}]}}